{"id":26147,"date":"2023-10-09T09:16:30","date_gmt":"2023-10-09T12:16:30","guid":{"rendered":"https:\/\/unifsa.com.br\/site\/?p=26147"},"modified":"2023-10-09T09:16:46","modified_gmt":"2023-10-09T12:16:46","slug":"projeto-de-extensao-filtro-ecologico-realiza-prova-para-selecao-de-extensionistas-nesta-segunda-feira-09","status":"publish","type":"post","link":"https:\/\/unifsa.com.br\/site\/projeto-de-extensao-filtro-ecologico-realiza-prova-para-selecao-de-extensionistas-nesta-segunda-feira-09\/","title":{"rendered":"Projeto de Extens\u00e3o Filtro Ecol\u00f3gico realiza prova para sele\u00e7\u00e3o de extensionistas nesta segunda-feira (09)"},"content":{"rendered":"\n<p class=\"texto-justificado\">O projeto de extens\u00e3o <strong>Filtro Ecol\u00f3gico: uma estrat\u00e9gia b\u00e1sica de sa\u00fade nas comunidades<\/strong>, do Centro Universit\u00e1rio Santo Agostinho, est\u00e1 selecionando estudantes extensionistas. E como parte do processo seletivo, ser\u00e1 realizada uma prova nesta segunda-feira, 09 de outubro, \u00e0s 14h, na Sala de Confer\u00eancia do pr\u00e9dio Sede do UNIFSA.  Somente quem realizar a entrega do pacote de leite (exigido na inscri\u00e7\u00e3o) ao NUAPE at\u00e9 13h da referida data, estar\u00e1 apto a participar.<\/p>\n\n\n\n<p class=\"texto-justificado\">Os temas abordados no teste ser\u00e3o sobre contamina\u00e7\u00e3o da \u00e1gua e seus danos \u00e0 sa\u00fade.<\/p>\n","protected":false},"excerpt":{"rendered":"<p>O projeto de extens\u00e3o Filtro Ecol\u00f3gico: uma estrat\u00e9gia b\u00e1sica de sa\u00fade nas comunidades, do Centro Universit\u00e1rio Santo Agostinho, est\u00e1 selecionando estudantes extensionistas. E como parte do processo seletivo, ser\u00e1 realizada uma prova nesta segunda-feira, 09 de outubro, \u00e0s 14h, na Sala de Confer\u00eancia do pr\u00e9dio Sede do UNIFSA. Somente quem realizar a entrega do pacote<\/p>\n","protected":false},"author":11,"featured_media":26149,"comment_status":"closed","ping_status":"open","sticky":false,"template":"","format":"standard","meta":{"_acf_changed":false,"footnotes":""},"categories":[59],"tags":[818,1445],"class_list":["post-26147","post","type-post","status-publish","format-standard","has-post-thumbnail","hentry","category-enfermagem","tag-filtro-ecologico","tag-projeto-de-extensao-enfermagem"],"acf":[],"yoast_head":"<!-- This site is optimized with the Yoast SEO plugin v26.5 - https:\/\/yoast.com\/wordpress\/plugins\/seo\/ -->\n<title>Projeto de Extens\u00e3o Filtro Ecol\u00f3gico realiza prova para sele\u00e7\u00e3o de extensionistas nesta segunda-feira (09) - Centro Universit\u00e1rio Santo Agostinho - UNIFSA<\/title>\n<meta name=\"robots\" content=\"index, follow, max-snippet:-1, max-image-preview:large, max-video-preview:-1\" \/>\n<link rel=\"canonical\" href=\"https:\/\/unifsa.com.br\/site\/projeto-de-extensao-filtro-ecologico-realiza-prova-para-selecao-de-extensionistas-nesta-segunda-feira-09\/\" \/>\n<meta property=\"og:locale\" content=\"pt_BR\" \/>\n<meta property=\"og:type\" content=\"article\" \/>\n<meta property=\"og:title\" content=\"Projeto de Extens\u00e3o Filtro Ecol\u00f3gico realiza prova para sele\u00e7\u00e3o de extensionistas nesta segunda-feira (09) - Centro Universit\u00e1rio Santo Agostinho - UNIFSA\" \/>\n<meta property=\"og:description\" content=\"O projeto de extens\u00e3o Filtro Ecol\u00f3gico: uma estrat\u00e9gia b\u00e1sica de sa\u00fade nas comunidades, do Centro Universit\u00e1rio Santo Agostinho, est\u00e1 selecionando estudantes extensionistas. E como parte do processo seletivo, ser\u00e1 realizada uma prova nesta segunda-feira, 09 de outubro, \u00e0s 14h, na Sala de Confer\u00eancia do pr\u00e9dio Sede do UNIFSA. Somente quem realizar a entrega do pacote\" \/>\n<meta property=\"og:url\" content=\"https:\/\/unifsa.com.br\/site\/projeto-de-extensao-filtro-ecologico-realiza-prova-para-selecao-de-extensionistas-nesta-segunda-feira-09\/\" \/>\n<meta property=\"og:site_name\" content=\"Centro Universit\u00e1rio Santo Agostinho - UNIFSA\" \/>\n<meta property=\"article:publisher\" content=\"https:\/\/www.facebook.com\/unifsa\/\" \/>\n<meta property=\"article:published_time\" content=\"2023-10-09T12:16:30+00:00\" \/>\n<meta property=\"article:modified_time\" content=\"2023-10-09T12:16:46+00:00\" \/>\n<meta property=\"og:image\" content=\"https:\/\/unifsa.com.br\/site\/wp-content\/uploads\/2023\/10\/Patrocinador-cics-4.jpg\" \/>\n\t<meta property=\"og:image:width\" content=\"1920\" \/>\n\t<meta property=\"og:image:height\" content=\"805\" \/>\n\t<meta property=\"og:image:type\" content=\"image\/jpeg\" \/>\n<meta name=\"author\" content=\"Oceannyra Kelly da Cruz Silva\" \/>\n<meta name=\"twitter:card\" content=\"summary_large_image\" \/>\n<meta name=\"twitter:label1\" content=\"Escrito por\" \/>\n\t<meta name=\"twitter:data1\" content=\"Oceannyra Kelly da Cruz Silva\" \/>\n\t<meta name=\"twitter:label2\" content=\"Est. tempo de leitura\" \/>\n\t<meta name=\"twitter:data2\" content=\"1 minuto\" \/>\n<script type=\"application\/ld+json\" class=\"yoast-schema-graph\">{\"@context\":\"https:\/\/schema.org\",\"@graph\":[{\"@type\":\"Article\",\"@id\":\"https:\/\/unifsa.com.br\/site\/projeto-de-extensao-filtro-ecologico-realiza-prova-para-selecao-de-extensionistas-nesta-segunda-feira-09\/#article\",\"isPartOf\":{\"@id\":\"https:\/\/unifsa.com.br\/site\/projeto-de-extensao-filtro-ecologico-realiza-prova-para-selecao-de-extensionistas-nesta-segunda-feira-09\/\"},\"author\":{\"name\":\"Oceannyra Kelly da Cruz Silva\",\"@id\":\"https:\/\/unifsa.com.br\/site\/#\/schema\/person\/a4cec94bbc6ddf98f579162824de9bf2\"},\"headline\":\"Projeto de Extens\u00e3o Filtro Ecol\u00f3gico realiza prova para sele\u00e7\u00e3o de extensionistas nesta segunda-feira (09)\",\"datePublished\":\"2023-10-09T12:16:30+00:00\",\"dateModified\":\"2023-10-09T12:16:46+00:00\",\"mainEntityOfPage\":{\"@id\":\"https:\/\/unifsa.com.br\/site\/projeto-de-extensao-filtro-ecologico-realiza-prova-para-selecao-de-extensionistas-nesta-segunda-feira-09\/\"},\"wordCount\":112,\"publisher\":{\"@id\":\"https:\/\/unifsa.com.br\/site\/#organization\"},\"image\":{\"@id\":\"https:\/\/unifsa.com.br\/site\/projeto-de-extensao-filtro-ecologico-realiza-prova-para-selecao-de-extensionistas-nesta-segunda-feira-09\/#primaryimage\"},\"thumbnailUrl\":\"https:\/\/unifsa.com.br\/site\/wp-content\/uploads\/2023\/10\/Patrocinador-cics-4.jpg\",\"keywords\":[\"filtro ecol\u00f3gico\",\"Projeto de Extens\u00e3o Enfermagem\"],\"articleSection\":[\"Enfermagem\"],\"inLanguage\":\"pt-BR\"},{\"@type\":\"WebPage\",\"@id\":\"https:\/\/unifsa.com.br\/site\/projeto-de-extensao-filtro-ecologico-realiza-prova-para-selecao-de-extensionistas-nesta-segunda-feira-09\/\",\"url\":\"https:\/\/unifsa.com.br\/site\/projeto-de-extensao-filtro-ecologico-realiza-prova-para-selecao-de-extensionistas-nesta-segunda-feira-09\/\",\"name\":\"Projeto de Extens\u00e3o Filtro Ecol\u00f3gico realiza prova para sele\u00e7\u00e3o de extensionistas nesta segunda-feira (09) - Centro Universit\u00e1rio Santo Agostinho - UNIFSA\",\"isPartOf\":{\"@id\":\"https:\/\/unifsa.com.br\/site\/#website\"},\"primaryImageOfPage\":{\"@id\":\"https:\/\/unifsa.com.br\/site\/projeto-de-extensao-filtro-ecologico-realiza-prova-para-selecao-de-extensionistas-nesta-segunda-feira-09\/#primaryimage\"},\"image\":{\"@id\":\"https:\/\/unifsa.com.br\/site\/projeto-de-extensao-filtro-ecologico-realiza-prova-para-selecao-de-extensionistas-nesta-segunda-feira-09\/#primaryimage\"},\"thumbnailUrl\":\"https:\/\/unifsa.com.br\/site\/wp-content\/uploads\/2023\/10\/Patrocinador-cics-4.jpg\",\"datePublished\":\"2023-10-09T12:16:30+00:00\",\"dateModified\":\"2023-10-09T12:16:46+00:00\",\"breadcrumb\":{\"@id\":\"https:\/\/unifsa.com.br\/site\/projeto-de-extensao-filtro-ecologico-realiza-prova-para-selecao-de-extensionistas-nesta-segunda-feira-09\/#breadcrumb\"},\"inLanguage\":\"pt-BR\",\"potentialAction\":[{\"@type\":\"ReadAction\",\"target\":[\"https:\/\/unifsa.com.br\/site\/projeto-de-extensao-filtro-ecologico-realiza-prova-para-selecao-de-extensionistas-nesta-segunda-feira-09\/\"]}]},{\"@type\":\"ImageObject\",\"inLanguage\":\"pt-BR\",\"@id\":\"https:\/\/unifsa.com.br\/site\/projeto-de-extensao-filtro-ecologico-realiza-prova-para-selecao-de-extensionistas-nesta-segunda-feira-09\/#primaryimage\",\"url\":\"https:\/\/unifsa.com.br\/site\/wp-content\/uploads\/2023\/10\/Patrocinador-cics-4.jpg\",\"contentUrl\":\"https:\/\/unifsa.com.br\/site\/wp-content\/uploads\/2023\/10\/Patrocinador-cics-4.jpg\",\"width\":1920,\"height\":805},{\"@type\":\"BreadcrumbList\",\"@id\":\"https:\/\/unifsa.com.br\/site\/projeto-de-extensao-filtro-ecologico-realiza-prova-para-selecao-de-extensionistas-nesta-segunda-feira-09\/#breadcrumb\",\"itemListElement\":[{\"@type\":\"ListItem\",\"position\":1,\"name\":\"In\u00edcio\",\"item\":\"https:\/\/unifsa.com.br\/site\/\"},{\"@type\":\"ListItem\",\"position\":2,\"name\":\"Projeto de Extens\u00e3o Filtro Ecol\u00f3gico realiza prova para sele\u00e7\u00e3o de extensionistas nesta segunda-feira (09)\"}]},{\"@type\":\"WebSite\",\"@id\":\"https:\/\/unifsa.com.br\/site\/#website\",\"url\":\"https:\/\/unifsa.com.br\/site\/\",\"name\":\"Centro Universit\u00e1rio Santo Agostinho - UNIFSA\",\"description\":\"Conhecimento para toda a vida\",\"publisher\":{\"@id\":\"https:\/\/unifsa.com.br\/site\/#organization\"},\"potentialAction\":[{\"@type\":\"SearchAction\",\"target\":{\"@type\":\"EntryPoint\",\"urlTemplate\":\"https:\/\/unifsa.com.br\/site\/?s={search_term_string}\"},\"query-input\":{\"@type\":\"PropertyValueSpecification\",\"valueRequired\":true,\"valueName\":\"search_term_string\"}}],\"inLanguage\":\"pt-BR\"},{\"@type\":\"Organization\",\"@id\":\"https:\/\/unifsa.com.br\/site\/#organization\",\"name\":\"Centro Universit\u00e1rio Santo Agostinho - UNIFSA\",\"url\":\"https:\/\/unifsa.com.br\/site\/\",\"logo\":{\"@type\":\"ImageObject\",\"inLanguage\":\"pt-BR\",\"@id\":\"https:\/\/unifsa.com.br\/site\/#\/schema\/logo\/image\/\",\"url\":\"https:\/\/unifsa.com.br\/site\/wp-content\/uploads\/2023\/03\/MARCA-UNIFSA-CIC23-q2apjs1mt975cf1wl25b044coj90fwoiee1kya6800.png\",\"contentUrl\":\"https:\/\/unifsa.com.br\/site\/wp-content\/uploads\/2023\/03\/MARCA-UNIFSA-CIC23-q2apjs1mt975cf1wl25b044coj90fwoiee1kya6800.png\",\"width\":103,\"height\":100,\"caption\":\"Centro Universit\u00e1rio Santo Agostinho - UNIFSA\"},\"image\":{\"@id\":\"https:\/\/unifsa.com.br\/site\/#\/schema\/logo\/image\/\"},\"sameAs\":[\"https:\/\/www.facebook.com\/unifsa\/\",\"https:\/\/www.instagram.com\/unifsa\/\"]},{\"@type\":\"Person\",\"@id\":\"https:\/\/unifsa.com.br\/site\/#\/schema\/person\/a4cec94bbc6ddf98f579162824de9bf2\",\"name\":\"Oceannyra Kelly da Cruz Silva\",\"image\":{\"@type\":\"ImageObject\",\"inLanguage\":\"pt-BR\",\"@id\":\"https:\/\/unifsa.com.br\/site\/#\/schema\/person\/image\/\",\"url\":\"https:\/\/secure.gravatar.com\/avatar\/05c87cd6fa2c3c73262055bd9341438a47e77a37053b409b3cf4f8df60ea8eb8?s=96&d=mm&r=g\",\"contentUrl\":\"https:\/\/secure.gravatar.com\/avatar\/05c87cd6fa2c3c73262055bd9341438a47e77a37053b409b3cf4f8df60ea8eb8?s=96&d=mm&r=g\",\"caption\":\"Oceannyra Kelly da Cruz Silva\"},\"url\":\"https:\/\/unifsa.com.br\/site\/author\/oceannyrakelly\/\"}]}<\/script>\n<!-- \/ Yoast SEO plugin. -->","yoast_head_json":{"title":"Projeto de Extens\u00e3o Filtro Ecol\u00f3gico realiza prova para sele\u00e7\u00e3o de extensionistas nesta segunda-feira (09) - Centro Universit\u00e1rio Santo Agostinho - UNIFSA","robots":{"index":"index","follow":"follow","max-snippet":"max-snippet:-1","max-image-preview":"max-image-preview:large","max-video-preview":"max-video-preview:-1"},"canonical":"https:\/\/unifsa.com.br\/site\/projeto-de-extensao-filtro-ecologico-realiza-prova-para-selecao-de-extensionistas-nesta-segunda-feira-09\/","og_locale":"pt_BR","og_type":"article","og_title":"Projeto de Extens\u00e3o Filtro Ecol\u00f3gico realiza prova para sele\u00e7\u00e3o de extensionistas nesta segunda-feira (09) - Centro Universit\u00e1rio Santo Agostinho - UNIFSA","og_description":"O projeto de extens\u00e3o Filtro Ecol\u00f3gico: uma estrat\u00e9gia b\u00e1sica de sa\u00fade nas comunidades, do Centro Universit\u00e1rio Santo Agostinho, est\u00e1 selecionando estudantes extensionistas. E como parte do processo seletivo, ser\u00e1 realizada uma prova nesta segunda-feira, 09 de outubro, \u00e0s 14h, na Sala de Confer\u00eancia do pr\u00e9dio Sede do UNIFSA. Somente quem realizar a entrega do pacote","og_url":"https:\/\/unifsa.com.br\/site\/projeto-de-extensao-filtro-ecologico-realiza-prova-para-selecao-de-extensionistas-nesta-segunda-feira-09\/","og_site_name":"Centro Universit\u00e1rio Santo Agostinho - UNIFSA","article_publisher":"https:\/\/www.facebook.com\/unifsa\/","article_published_time":"2023-10-09T12:16:30+00:00","article_modified_time":"2023-10-09T12:16:46+00:00","og_image":[{"width":1920,"height":805,"url":"https:\/\/unifsa.com.br\/site\/wp-content\/uploads\/2023\/10\/Patrocinador-cics-4.jpg","type":"image\/jpeg"}],"author":"Oceannyra Kelly da Cruz Silva","twitter_card":"summary_large_image","twitter_misc":{"Escrito por":"Oceannyra Kelly da Cruz Silva","Est. tempo de leitura":"1 minuto"},"schema":{"@context":"https:\/\/schema.org","@graph":[{"@type":"Article","@id":"https:\/\/unifsa.com.br\/site\/projeto-de-extensao-filtro-ecologico-realiza-prova-para-selecao-de-extensionistas-nesta-segunda-feira-09\/#article","isPartOf":{"@id":"https:\/\/unifsa.com.br\/site\/projeto-de-extensao-filtro-ecologico-realiza-prova-para-selecao-de-extensionistas-nesta-segunda-feira-09\/"},"author":{"name":"Oceannyra Kelly da Cruz Silva","@id":"https:\/\/unifsa.com.br\/site\/#\/schema\/person\/a4cec94bbc6ddf98f579162824de9bf2"},"headline":"Projeto de Extens\u00e3o Filtro Ecol\u00f3gico realiza prova para sele\u00e7\u00e3o de extensionistas nesta segunda-feira (09)","datePublished":"2023-10-09T12:16:30+00:00","dateModified":"2023-10-09T12:16:46+00:00","mainEntityOfPage":{"@id":"https:\/\/unifsa.com.br\/site\/projeto-de-extensao-filtro-ecologico-realiza-prova-para-selecao-de-extensionistas-nesta-segunda-feira-09\/"},"wordCount":112,"publisher":{"@id":"https:\/\/unifsa.com.br\/site\/#organization"},"image":{"@id":"https:\/\/unifsa.com.br\/site\/projeto-de-extensao-filtro-ecologico-realiza-prova-para-selecao-de-extensionistas-nesta-segunda-feira-09\/#primaryimage"},"thumbnailUrl":"https:\/\/unifsa.com.br\/site\/wp-content\/uploads\/2023\/10\/Patrocinador-cics-4.jpg","keywords":["filtro ecol\u00f3gico","Projeto de Extens\u00e3o Enfermagem"],"articleSection":["Enfermagem"],"inLanguage":"pt-BR"},{"@type":"WebPage","@id":"https:\/\/unifsa.com.br\/site\/projeto-de-extensao-filtro-ecologico-realiza-prova-para-selecao-de-extensionistas-nesta-segunda-feira-09\/","url":"https:\/\/unifsa.com.br\/site\/projeto-de-extensao-filtro-ecologico-realiza-prova-para-selecao-de-extensionistas-nesta-segunda-feira-09\/","name":"Projeto de Extens\u00e3o Filtro Ecol\u00f3gico realiza prova para sele\u00e7\u00e3o de extensionistas nesta segunda-feira (09) - Centro Universit\u00e1rio Santo Agostinho - UNIFSA","isPartOf":{"@id":"https:\/\/unifsa.com.br\/site\/#website"},"primaryImageOfPage":{"@id":"https:\/\/unifsa.com.br\/site\/projeto-de-extensao-filtro-ecologico-realiza-prova-para-selecao-de-extensionistas-nesta-segunda-feira-09\/#primaryimage"},"image":{"@id":"https:\/\/unifsa.com.br\/site\/projeto-de-extensao-filtro-ecologico-realiza-prova-para-selecao-de-extensionistas-nesta-segunda-feira-09\/#primaryimage"},"thumbnailUrl":"https:\/\/unifsa.com.br\/site\/wp-content\/uploads\/2023\/10\/Patrocinador-cics-4.jpg","datePublished":"2023-10-09T12:16:30+00:00","dateModified":"2023-10-09T12:16:46+00:00","breadcrumb":{"@id":"https:\/\/unifsa.com.br\/site\/projeto-de-extensao-filtro-ecologico-realiza-prova-para-selecao-de-extensionistas-nesta-segunda-feira-09\/#breadcrumb"},"inLanguage":"pt-BR","potentialAction":[{"@type":"ReadAction","target":["https:\/\/unifsa.com.br\/site\/projeto-de-extensao-filtro-ecologico-realiza-prova-para-selecao-de-extensionistas-nesta-segunda-feira-09\/"]}]},{"@type":"ImageObject","inLanguage":"pt-BR","@id":"https:\/\/unifsa.com.br\/site\/projeto-de-extensao-filtro-ecologico-realiza-prova-para-selecao-de-extensionistas-nesta-segunda-feira-09\/#primaryimage","url":"https:\/\/unifsa.com.br\/site\/wp-content\/uploads\/2023\/10\/Patrocinador-cics-4.jpg","contentUrl":"https:\/\/unifsa.com.br\/site\/wp-content\/uploads\/2023\/10\/Patrocinador-cics-4.jpg","width":1920,"height":805},{"@type":"BreadcrumbList","@id":"https:\/\/unifsa.com.br\/site\/projeto-de-extensao-filtro-ecologico-realiza-prova-para-selecao-de-extensionistas-nesta-segunda-feira-09\/#breadcrumb","itemListElement":[{"@type":"ListItem","position":1,"name":"In\u00edcio","item":"https:\/\/unifsa.com.br\/site\/"},{"@type":"ListItem","position":2,"name":"Projeto de Extens\u00e3o Filtro Ecol\u00f3gico realiza prova para sele\u00e7\u00e3o de extensionistas nesta segunda-feira (09)"}]},{"@type":"WebSite","@id":"https:\/\/unifsa.com.br\/site\/#website","url":"https:\/\/unifsa.com.br\/site\/","name":"Centro Universit\u00e1rio Santo Agostinho - UNIFSA","description":"Conhecimento para toda a vida","publisher":{"@id":"https:\/\/unifsa.com.br\/site\/#organization"},"potentialAction":[{"@type":"SearchAction","target":{"@type":"EntryPoint","urlTemplate":"https:\/\/unifsa.com.br\/site\/?s={search_term_string}"},"query-input":{"@type":"PropertyValueSpecification","valueRequired":true,"valueName":"search_term_string"}}],"inLanguage":"pt-BR"},{"@type":"Organization","@id":"https:\/\/unifsa.com.br\/site\/#organization","name":"Centro Universit\u00e1rio Santo Agostinho - UNIFSA","url":"https:\/\/unifsa.com.br\/site\/","logo":{"@type":"ImageObject","inLanguage":"pt-BR","@id":"https:\/\/unifsa.com.br\/site\/#\/schema\/logo\/image\/","url":"https:\/\/unifsa.com.br\/site\/wp-content\/uploads\/2023\/03\/MARCA-UNIFSA-CIC23-q2apjs1mt975cf1wl25b044coj90fwoiee1kya6800.png","contentUrl":"https:\/\/unifsa.com.br\/site\/wp-content\/uploads\/2023\/03\/MARCA-UNIFSA-CIC23-q2apjs1mt975cf1wl25b044coj90fwoiee1kya6800.png","width":103,"height":100,"caption":"Centro Universit\u00e1rio Santo Agostinho - UNIFSA"},"image":{"@id":"https:\/\/unifsa.com.br\/site\/#\/schema\/logo\/image\/"},"sameAs":["https:\/\/www.facebook.com\/unifsa\/","https:\/\/www.instagram.com\/unifsa\/"]},{"@type":"Person","@id":"https:\/\/unifsa.com.br\/site\/#\/schema\/person\/a4cec94bbc6ddf98f579162824de9bf2","name":"Oceannyra Kelly da Cruz Silva","image":{"@type":"ImageObject","inLanguage":"pt-BR","@id":"https:\/\/unifsa.com.br\/site\/#\/schema\/person\/image\/","url":"https:\/\/secure.gravatar.com\/avatar\/05c87cd6fa2c3c73262055bd9341438a47e77a37053b409b3cf4f8df60ea8eb8?s=96&d=mm&r=g","contentUrl":"https:\/\/secure.gravatar.com\/avatar\/05c87cd6fa2c3c73262055bd9341438a47e77a37053b409b3cf4f8df60ea8eb8?s=96&d=mm&r=g","caption":"Oceannyra Kelly da Cruz Silva"},"url":"https:\/\/unifsa.com.br\/site\/author\/oceannyrakelly\/"}]}},"_links":{"self":[{"href":"https:\/\/unifsa.com.br\/site\/wp-json\/wp\/v2\/posts\/26147","targetHints":{"allow":["GET"]}}],"collection":[{"href":"https:\/\/unifsa.com.br\/site\/wp-json\/wp\/v2\/posts"}],"about":[{"href":"https:\/\/unifsa.com.br\/site\/wp-json\/wp\/v2\/types\/post"}],"author":[{"embeddable":true,"href":"https:\/\/unifsa.com.br\/site\/wp-json\/wp\/v2\/users\/11"}],"replies":[{"embeddable":true,"href":"https:\/\/unifsa.com.br\/site\/wp-json\/wp\/v2\/comments?post=26147"}],"version-history":[{"count":2,"href":"https:\/\/unifsa.com.br\/site\/wp-json\/wp\/v2\/posts\/26147\/revisions"}],"predecessor-version":[{"id":26151,"href":"https:\/\/unifsa.com.br\/site\/wp-json\/wp\/v2\/posts\/26147\/revisions\/26151"}],"wp:featuredmedia":[{"embeddable":true,"href":"https:\/\/unifsa.com.br\/site\/wp-json\/wp\/v2\/media\/26149"}],"wp:attachment":[{"href":"https:\/\/unifsa.com.br\/site\/wp-json\/wp\/v2\/media?parent=26147"}],"wp:term":[{"taxonomy":"category","embeddable":true,"href":"https:\/\/unifsa.com.br\/site\/wp-json\/wp\/v2\/categories?post=26147"},{"taxonomy":"post_tag","embeddable":true,"href":"https:\/\/unifsa.com.br\/site\/wp-json\/wp\/v2\/tags?post=26147"}],"curies":[{"name":"wp","href":"https:\/\/api.w.org\/{rel}","templated":true}]}}