{"id":26084,"date":"2023-10-07T18:39:46","date_gmt":"2023-10-07T21:39:46","guid":{"rendered":"https:\/\/unifsa.com.br\/site\/?p=26084"},"modified":"2023-10-09T10:40:08","modified_gmt":"2023-10-09T13:40:08","slug":"confira-tudo-que-aconteceu-no-ultimo-dia-de-cics","status":"publish","type":"post","link":"https:\/\/unifsa.com.br\/site\/confira-tudo-que-aconteceu-no-ultimo-dia-de-cics\/","title":{"rendered":"Confira tudo que aconteceu no \u00faltimo dia de CICS"},"content":{"rendered":"\n<p class=\"has-text-align-left texto-justificado\">O I Congresso Internacional Ci\u00eancia e Sociedade encerrou no \u00faltimo s\u00e1bado (07), e ofereceu uma programa\u00e7\u00e3o diferente dos outros dias do evento . Pela manh\u00e3, \u00e0s 8h30, foi realizada a palestra &#8220;O Brasil em Dados: Um Panorama do Censo Demogr\u00e1fico de 2022&#8221;. O palestrante Prof. Dr. Jos\u00e9 Tavares da Silva Neto, Gerente de Planejamento e Gest\u00e3o do IBGE no Piau\u00ed, e o Prof. Me. Rhubens Ewald Moura Ribeiro, docente do UNIFSA conduziram a atividade. A palestra proporcionou uma an\u00e1lise aprofundada das informa\u00e7\u00f5es demogr\u00e1ficas mais recentes do Brasil, destacando a import\u00e2ncia desses dados para a compreens\u00e3o da sociedade e para a formula\u00e7\u00e3o de pol\u00edticas p\u00fablicas.<\/p>\n\n\n\n<div style=\"height:10px\" aria-hidden=\"true\" class=\"wp-block-spacer\"><\/div>\n\n\n\n<figure class=\"wp-block-image size-large\"><img fetchpriority=\"high\" decoding=\"async\" width=\"1024\" height=\"576\" src=\"https:\/\/unifsa.com.br\/site\/wp-content\/uploads\/2023\/10\/IMG_2031-1024x576.jpeg\" alt=\"\" class=\"wp-image-26116\" srcset=\"https:\/\/unifsa.com.br\/site\/wp-content\/uploads\/2023\/10\/IMG_2031-1024x576.jpeg 1024w, https:\/\/unifsa.com.br\/site\/wp-content\/uploads\/2023\/10\/IMG_2031-300x169.jpeg 300w, https:\/\/unifsa.com.br\/site\/wp-content\/uploads\/2023\/10\/IMG_2031-768x432.jpeg 768w, https:\/\/unifsa.com.br\/site\/wp-content\/uploads\/2023\/10\/IMG_2031-1536x864.jpeg 1536w, https:\/\/unifsa.com.br\/site\/wp-content\/uploads\/2023\/10\/IMG_2031-2048x1152.jpeg 2048w\" sizes=\"(max-width: 1024px) 100vw, 1024px\" \/><\/figure>\n\n\n\n<div style=\"height:10px\" aria-hidden=\"true\" class=\"wp-block-spacer\"><\/div>\n\n\n\n<p class=\"texto-justificado\">Ainda pela manh\u00e3, de 08h30 \u00e0s 11h30, ocorreram tr\u00eas minicursos: \u201cT\u00e9cnica de suturas e fios utilizados na Medicina Veterin\u00e1ria\u201d com o Prof. Me. S\u00e1vio Matheus Reis de Carvalho; \u201cIntrodu\u00e7\u00e3o \u00e0 Neuropsicologia\u201d, com a Profa. Dra. Maria Andr\u00e9ia da N\u00f3brega Marques e \u201cInequidad social y conocimiento cr\u00edtico: una mirada desde la salud colectiva\u201d, com o Prof. Dr. Gabriel Jaime Ot\u00e1lvaro Castro.<\/p>\n\n\n\n<div style=\"height:10px\" aria-hidden=\"true\" class=\"wp-block-spacer\"><\/div>\n\n\n\n<figure class=\"wp-block-gallery has-nested-images columns-default is-cropped wp-block-gallery-1 is-layout-flex wp-block-gallery-is-layout-flex\">\n<figure class=\"wp-block-image size-large\"><img decoding=\"async\" width=\"831\" height=\"463\" data-id=\"26118\" src=\"https:\/\/unifsa.com.br\/site\/wp-content\/uploads\/2023\/10\/image-3.png\" alt=\"\" class=\"wp-image-26118\" srcset=\"https:\/\/unifsa.com.br\/site\/wp-content\/uploads\/2023\/10\/image-3.png 831w, https:\/\/unifsa.com.br\/site\/wp-content\/uploads\/2023\/10\/image-3-300x167.png 300w, https:\/\/unifsa.com.br\/site\/wp-content\/uploads\/2023\/10\/image-3-768x428.png 768w\" sizes=\"(max-width: 831px) 100vw, 831px\" \/><\/figure>\n\n\n\n<figure class=\"wp-block-image size-large\"><img decoding=\"async\" width=\"1024\" height=\"576\" data-id=\"26119\" src=\"https:\/\/unifsa.com.br\/site\/wp-content\/uploads\/2023\/10\/WhatsApp-Image-2023-10-07-at-17.59.39-1-1024x576.jpeg\" alt=\"\" class=\"wp-image-26119\" srcset=\"https:\/\/unifsa.com.br\/site\/wp-content\/uploads\/2023\/10\/WhatsApp-Image-2023-10-07-at-17.59.39-1-1024x576.jpeg 1024w, https:\/\/unifsa.com.br\/site\/wp-content\/uploads\/2023\/10\/WhatsApp-Image-2023-10-07-at-17.59.39-1-300x169.jpeg 300w, https:\/\/unifsa.com.br\/site\/wp-content\/uploads\/2023\/10\/WhatsApp-Image-2023-10-07-at-17.59.39-1-768x432.jpeg 768w, https:\/\/unifsa.com.br\/site\/wp-content\/uploads\/2023\/10\/WhatsApp-Image-2023-10-07-at-17.59.39-1-1536x864.jpeg 1536w, https:\/\/unifsa.com.br\/site\/wp-content\/uploads\/2023\/10\/WhatsApp-Image-2023-10-07-at-17.59.39-1.jpeg 1600w\" sizes=\"(max-width: 1024px) 100vw, 1024px\" \/><\/figure>\n\n\n\n<figure class=\"wp-block-image size-large\"><img loading=\"lazy\" decoding=\"async\" width=\"1024\" height=\"768\" data-id=\"26120\" src=\"https:\/\/unifsa.com.br\/site\/wp-content\/uploads\/2023\/10\/WhatsApp-Image-2023-10-07-at-17.59.39-1024x768.jpeg\" alt=\"\" class=\"wp-image-26120\" srcset=\"https:\/\/unifsa.com.br\/site\/wp-content\/uploads\/2023\/10\/WhatsApp-Image-2023-10-07-at-17.59.39-1024x768.jpeg 1024w, https:\/\/unifsa.com.br\/site\/wp-content\/uploads\/2023\/10\/WhatsApp-Image-2023-10-07-at-17.59.39-300x225.jpeg 300w, https:\/\/unifsa.com.br\/site\/wp-content\/uploads\/2023\/10\/WhatsApp-Image-2023-10-07-at-17.59.39-768x576.jpeg 768w, https:\/\/unifsa.com.br\/site\/wp-content\/uploads\/2023\/10\/WhatsApp-Image-2023-10-07-at-17.59.39-1536x1152.jpeg 1536w, https:\/\/unifsa.com.br\/site\/wp-content\/uploads\/2023\/10\/WhatsApp-Image-2023-10-07-at-17.59.39.jpeg 1600w\" sizes=\"(max-width: 1024px) 100vw, 1024px\" \/><\/figure>\n<\/figure>\n\n\n\n<p class=\"texto-justificado\">Finalizando o dia e o evento, os Grupos Tem\u00e1ticos (GTs) foram apresentados em dois hor\u00e1rios: de 14h \u00e0s 16h, para GTs com at\u00e9 6 trabalhos, e das 14h \u00e0s 18h, para GTs com mais de 6 trabalhos. Ao todo, 250 trabalhos foram dissertados de forma presencial e tamb\u00e9m remota.<\/p>\n\n\n\n<div style=\"height:10px\" aria-hidden=\"true\" class=\"wp-block-spacer\"><\/div>\n\n\n\n<figure class=\"wp-block-gallery has-nested-images columns-default is-cropped wp-block-gallery-2 is-layout-flex wp-block-gallery-is-layout-flex\">\n<figure class=\"wp-block-image size-large\"><img loading=\"lazy\" decoding=\"async\" width=\"1024\" height=\"576\" data-id=\"26132\" src=\"https:\/\/unifsa.com.br\/site\/wp-content\/uploads\/2023\/10\/WhatsApp-Image-2023-10-07-at-15.21.14-1024x576.jpeg\" alt=\"\" class=\"wp-image-26132\" srcset=\"https:\/\/unifsa.com.br\/site\/wp-content\/uploads\/2023\/10\/WhatsApp-Image-2023-10-07-at-15.21.14-1024x576.jpeg 1024w, https:\/\/unifsa.com.br\/site\/wp-content\/uploads\/2023\/10\/WhatsApp-Image-2023-10-07-at-15.21.14-300x169.jpeg 300w, https:\/\/unifsa.com.br\/site\/wp-content\/uploads\/2023\/10\/WhatsApp-Image-2023-10-07-at-15.21.14-768x432.jpeg 768w, https:\/\/unifsa.com.br\/site\/wp-content\/uploads\/2023\/10\/WhatsApp-Image-2023-10-07-at-15.21.14.jpeg 1366w\" sizes=\"(max-width: 1024px) 100vw, 1024px\" \/><\/figure>\n\n\n\n<figure class=\"wp-block-image size-large\"><img loading=\"lazy\" decoding=\"async\" width=\"1024\" height=\"576\" data-id=\"26131\" src=\"https:\/\/unifsa.com.br\/site\/wp-content\/uploads\/2023\/10\/WhatsApp-Image-2023-10-07-at-15.27.03-1024x576.jpeg\" alt=\"\" class=\"wp-image-26131\" srcset=\"https:\/\/unifsa.com.br\/site\/wp-content\/uploads\/2023\/10\/WhatsApp-Image-2023-10-07-at-15.27.03-1024x576.jpeg 1024w, https:\/\/unifsa.com.br\/site\/wp-content\/uploads\/2023\/10\/WhatsApp-Image-2023-10-07-at-15.27.03-300x169.jpeg 300w, https:\/\/unifsa.com.br\/site\/wp-content\/uploads\/2023\/10\/WhatsApp-Image-2023-10-07-at-15.27.03-768x432.jpeg 768w, https:\/\/unifsa.com.br\/site\/wp-content\/uploads\/2023\/10\/WhatsApp-Image-2023-10-07-at-15.27.03.jpeg 1366w\" sizes=\"(max-width: 1024px) 100vw, 1024px\" \/><\/figure>\n\n\n\n<figure class=\"wp-block-image size-large\"><img loading=\"lazy\" decoding=\"async\" width=\"1024\" height=\"576\" data-id=\"26130\" src=\"https:\/\/unifsa.com.br\/site\/wp-content\/uploads\/2023\/10\/WhatsApp-Image-2023-10-07-at-15.39.05-1024x576.jpeg\" alt=\"\" class=\"wp-image-26130\" srcset=\"https:\/\/unifsa.com.br\/site\/wp-content\/uploads\/2023\/10\/WhatsApp-Image-2023-10-07-at-15.39.05-1024x576.jpeg 1024w, https:\/\/unifsa.com.br\/site\/wp-content\/uploads\/2023\/10\/WhatsApp-Image-2023-10-07-at-15.39.05-300x169.jpeg 300w, https:\/\/unifsa.com.br\/site\/wp-content\/uploads\/2023\/10\/WhatsApp-Image-2023-10-07-at-15.39.05-768x432.jpeg 768w, https:\/\/unifsa.com.br\/site\/wp-content\/uploads\/2023\/10\/WhatsApp-Image-2023-10-07-at-15.39.05.jpeg 1366w\" sizes=\"(max-width: 1024px) 100vw, 1024px\" \/><\/figure>\n\n\n\n<figure class=\"wp-block-image size-large\"><img loading=\"lazy\" decoding=\"async\" width=\"1024\" height=\"576\" data-id=\"26121\" src=\"https:\/\/unifsa.com.br\/site\/wp-content\/uploads\/2023\/10\/IMG_2398-1024x576.jpeg\" alt=\"\" class=\"wp-image-26121\" srcset=\"https:\/\/unifsa.com.br\/site\/wp-content\/uploads\/2023\/10\/IMG_2398-1024x576.jpeg 1024w, https:\/\/unifsa.com.br\/site\/wp-content\/uploads\/2023\/10\/IMG_2398-300x169.jpeg 300w, https:\/\/unifsa.com.br\/site\/wp-content\/uploads\/2023\/10\/IMG_2398-768x432.jpeg 768w, https:\/\/unifsa.com.br\/site\/wp-content\/uploads\/2023\/10\/IMG_2398-1536x864.jpeg 1536w, https:\/\/unifsa.com.br\/site\/wp-content\/uploads\/2023\/10\/IMG_2398-2048x1152.jpeg 2048w\" sizes=\"(max-width: 1024px) 100vw, 1024px\" \/><\/figure>\n\n\n\n<figure class=\"wp-block-image size-large\"><img loading=\"lazy\" decoding=\"async\" width=\"1024\" height=\"576\" data-id=\"26122\" src=\"https:\/\/unifsa.com.br\/site\/wp-content\/uploads\/2023\/10\/IMG_2337-1024x576.jpeg\" alt=\"\" class=\"wp-image-26122\" srcset=\"https:\/\/unifsa.com.br\/site\/wp-content\/uploads\/2023\/10\/IMG_2337-1024x576.jpeg 1024w, https:\/\/unifsa.com.br\/site\/wp-content\/uploads\/2023\/10\/IMG_2337-300x169.jpeg 300w, https:\/\/unifsa.com.br\/site\/wp-content\/uploads\/2023\/10\/IMG_2337-768x432.jpeg 768w, https:\/\/unifsa.com.br\/site\/wp-content\/uploads\/2023\/10\/IMG_2337-1536x864.jpeg 1536w, https:\/\/unifsa.com.br\/site\/wp-content\/uploads\/2023\/10\/IMG_2337-2048x1152.jpeg 2048w\" sizes=\"(max-width: 1024px) 100vw, 1024px\" \/><\/figure>\n<\/figure>\n\n\n\n<div style=\"height:10px\" aria-hidden=\"true\" class=\"wp-block-spacer\"><\/div>\n\n\n\n<p class=\"texto-justificado\">Assim se encerram os quatro dias do CICS 2023, que proporcionaram ricos di\u00e1logos cient\u00edficos com convidados nacionais e internacionais, al\u00e9m de oferecer experi\u00eancias \u00fanicas aos inscritos.<\/p>\n\n\n\n<p class=\"texto-justificado\">Agradecemos a todos os envolvidos, incluindo palestrantes e patrocinadores, apoiadores e parceiros, por tornarem este evento poss\u00edvel. Esperamos ansiosamente pela pr\u00f3xima edi\u00e7\u00e3o do CICS em 2025, onde continuaremos a explorar novas fronteiras da pesquisa cient\u00edfica.<\/p>\n","protected":false},"excerpt":{"rendered":"<p>O I Congresso Internacional Ci\u00eancia e Sociedade encerrou no \u00faltimo s\u00e1bado (07), e ofereceu uma programa\u00e7\u00e3o diferente dos outros dias do evento . Pela manh\u00e3, \u00e0s 8h30, foi realizada a palestra &#8220;O Brasil em Dados: Um Panorama do Censo Demogr\u00e1fico de 2022&#8221;. O palestrante Prof. Dr. Jos\u00e9 Tavares da Silva Neto, Gerente de Planejamento e<\/p>\n","protected":false},"author":1,"featured_media":26137,"comment_status":"closed","ping_status":"open","sticky":false,"template":"","format":"standard","meta":{"_acf_changed":false,"footnotes":""},"categories":[6,1191],"tags":[],"class_list":["post-26084","post","type-post","status-publish","format-standard","has-post-thumbnail","hentry","category-acontece-na-unifsa","category-cics-2023"],"acf":[],"yoast_head":"<!-- This site is optimized with the Yoast SEO plugin v26.5 - https:\/\/yoast.com\/wordpress\/plugins\/seo\/ -->\n<title>Confira tudo que aconteceu no \u00faltimo dia de CICS - Centro Universit\u00e1rio Santo Agostinho - UNIFSA<\/title>\n<meta name=\"robots\" content=\"index, follow, max-snippet:-1, max-image-preview:large, max-video-preview:-1\" \/>\n<link rel=\"canonical\" href=\"https:\/\/unifsa.com.br\/site\/confira-tudo-que-aconteceu-no-ultimo-dia-de-cics\/\" \/>\n<meta property=\"og:locale\" content=\"pt_BR\" \/>\n<meta property=\"og:type\" content=\"article\" \/>\n<meta property=\"og:title\" content=\"Confira tudo que aconteceu no \u00faltimo dia de CICS - Centro Universit\u00e1rio Santo Agostinho - UNIFSA\" \/>\n<meta property=\"og:description\" content=\"O I Congresso Internacional Ci\u00eancia e Sociedade encerrou no \u00faltimo s\u00e1bado (07), e ofereceu uma programa\u00e7\u00e3o diferente dos outros dias do evento . Pela manh\u00e3, \u00e0s 8h30, foi realizada a palestra &#8220;O Brasil em Dados: Um Panorama do Censo Demogr\u00e1fico de 2022&#8221;. O palestrante Prof. Dr. Jos\u00e9 Tavares da Silva Neto, Gerente de Planejamento e\" \/>\n<meta property=\"og:url\" content=\"https:\/\/unifsa.com.br\/site\/confira-tudo-que-aconteceu-no-ultimo-dia-de-cics\/\" \/>\n<meta property=\"og:site_name\" content=\"Centro Universit\u00e1rio Santo Agostinho - UNIFSA\" \/>\n<meta property=\"article:publisher\" content=\"https:\/\/www.facebook.com\/unifsa\/\" \/>\n<meta property=\"article:published_time\" content=\"2023-10-07T21:39:46+00:00\" \/>\n<meta property=\"article:modified_time\" content=\"2023-10-09T13:40:08+00:00\" \/>\n<meta property=\"og:image\" content=\"https:\/\/unifsa.com.br\/site\/wp-content\/uploads\/2023\/10\/Site-programacao-CICS-21.png\" \/>\n\t<meta property=\"og:image:width\" content=\"1005\" \/>\n\t<meta property=\"og:image:height\" content=\"426\" \/>\n\t<meta property=\"og:image:type\" content=\"image\/png\" \/>\n<meta name=\"author\" content=\"UNIFSA\" \/>\n<meta name=\"twitter:card\" content=\"summary_large_image\" \/>\n<meta name=\"twitter:label1\" content=\"Escrito por\" \/>\n\t<meta name=\"twitter:data1\" content=\"UNIFSA\" \/>\n\t<meta name=\"twitter:label2\" content=\"Est. tempo de leitura\" \/>\n\t<meta name=\"twitter:data2\" content=\"4 minutos\" \/>\n<script type=\"application\/ld+json\" class=\"yoast-schema-graph\">{\"@context\":\"https:\/\/schema.org\",\"@graph\":[{\"@type\":\"Article\",\"@id\":\"https:\/\/unifsa.com.br\/site\/confira-tudo-que-aconteceu-no-ultimo-dia-de-cics\/#article\",\"isPartOf\":{\"@id\":\"https:\/\/unifsa.com.br\/site\/confira-tudo-que-aconteceu-no-ultimo-dia-de-cics\/\"},\"author\":{\"name\":\"UNIFSA\",\"@id\":\"https:\/\/unifsa.com.br\/site\/#\/schema\/person\/6f5e8438b96168f9894cb9fe5816660f\"},\"headline\":\"Confira tudo que aconteceu no \u00faltimo dia de CICS\",\"datePublished\":\"2023-10-07T21:39:46+00:00\",\"dateModified\":\"2023-10-09T13:40:08+00:00\",\"mainEntityOfPage\":{\"@id\":\"https:\/\/unifsa.com.br\/site\/confira-tudo-que-aconteceu-no-ultimo-dia-de-cics\/\"},\"wordCount\":307,\"publisher\":{\"@id\":\"https:\/\/unifsa.com.br\/site\/#organization\"},\"image\":{\"@id\":\"https:\/\/unifsa.com.br\/site\/confira-tudo-que-aconteceu-no-ultimo-dia-de-cics\/#primaryimage\"},\"thumbnailUrl\":\"https:\/\/unifsa.com.br\/site\/wp-content\/uploads\/2023\/10\/Site-programacao-CICS-21.png\",\"articleSection\":[\"Acontece na UNIFSA\",\"CICS 2023\"],\"inLanguage\":\"pt-BR\"},{\"@type\":\"WebPage\",\"@id\":\"https:\/\/unifsa.com.br\/site\/confira-tudo-que-aconteceu-no-ultimo-dia-de-cics\/\",\"url\":\"https:\/\/unifsa.com.br\/site\/confira-tudo-que-aconteceu-no-ultimo-dia-de-cics\/\",\"name\":\"Confira tudo que aconteceu no \u00faltimo dia de CICS - Centro Universit\u00e1rio Santo Agostinho - UNIFSA\",\"isPartOf\":{\"@id\":\"https:\/\/unifsa.com.br\/site\/#website\"},\"primaryImageOfPage\":{\"@id\":\"https:\/\/unifsa.com.br\/site\/confira-tudo-que-aconteceu-no-ultimo-dia-de-cics\/#primaryimage\"},\"image\":{\"@id\":\"https:\/\/unifsa.com.br\/site\/confira-tudo-que-aconteceu-no-ultimo-dia-de-cics\/#primaryimage\"},\"thumbnailUrl\":\"https:\/\/unifsa.com.br\/site\/wp-content\/uploads\/2023\/10\/Site-programacao-CICS-21.png\",\"datePublished\":\"2023-10-07T21:39:46+00:00\",\"dateModified\":\"2023-10-09T13:40:08+00:00\",\"breadcrumb\":{\"@id\":\"https:\/\/unifsa.com.br\/site\/confira-tudo-que-aconteceu-no-ultimo-dia-de-cics\/#breadcrumb\"},\"inLanguage\":\"pt-BR\",\"potentialAction\":[{\"@type\":\"ReadAction\",\"target\":[\"https:\/\/unifsa.com.br\/site\/confira-tudo-que-aconteceu-no-ultimo-dia-de-cics\/\"]}]},{\"@type\":\"ImageObject\",\"inLanguage\":\"pt-BR\",\"@id\":\"https:\/\/unifsa.com.br\/site\/confira-tudo-que-aconteceu-no-ultimo-dia-de-cics\/#primaryimage\",\"url\":\"https:\/\/unifsa.com.br\/site\/wp-content\/uploads\/2023\/10\/Site-programacao-CICS-21.png\",\"contentUrl\":\"https:\/\/unifsa.com.br\/site\/wp-content\/uploads\/2023\/10\/Site-programacao-CICS-21.png\",\"width\":1005,\"height\":426},{\"@type\":\"BreadcrumbList\",\"@id\":\"https:\/\/unifsa.com.br\/site\/confira-tudo-que-aconteceu-no-ultimo-dia-de-cics\/#breadcrumb\",\"itemListElement\":[{\"@type\":\"ListItem\",\"position\":1,\"name\":\"In\u00edcio\",\"item\":\"https:\/\/unifsa.com.br\/site\/\"},{\"@type\":\"ListItem\",\"position\":2,\"name\":\"Confira tudo que aconteceu no \u00faltimo dia de CICS\"}]},{\"@type\":\"WebSite\",\"@id\":\"https:\/\/unifsa.com.br\/site\/#website\",\"url\":\"https:\/\/unifsa.com.br\/site\/\",\"name\":\"Centro Universit\u00e1rio Santo Agostinho - UNIFSA\",\"description\":\"Conhecimento para toda a vida\",\"publisher\":{\"@id\":\"https:\/\/unifsa.com.br\/site\/#organization\"},\"potentialAction\":[{\"@type\":\"SearchAction\",\"target\":{\"@type\":\"EntryPoint\",\"urlTemplate\":\"https:\/\/unifsa.com.br\/site\/?s={search_term_string}\"},\"query-input\":{\"@type\":\"PropertyValueSpecification\",\"valueRequired\":true,\"valueName\":\"search_term_string\"}}],\"inLanguage\":\"pt-BR\"},{\"@type\":\"Organization\",\"@id\":\"https:\/\/unifsa.com.br\/site\/#organization\",\"name\":\"Centro Universit\u00e1rio Santo Agostinho - UNIFSA\",\"url\":\"https:\/\/unifsa.com.br\/site\/\",\"logo\":{\"@type\":\"ImageObject\",\"inLanguage\":\"pt-BR\",\"@id\":\"https:\/\/unifsa.com.br\/site\/#\/schema\/logo\/image\/\",\"url\":\"https:\/\/unifsa.com.br\/site\/wp-content\/uploads\/2023\/03\/MARCA-UNIFSA-CIC23-q2apjs1mt975cf1wl25b044coj90fwoiee1kya6800.png\",\"contentUrl\":\"https:\/\/unifsa.com.br\/site\/wp-content\/uploads\/2023\/03\/MARCA-UNIFSA-CIC23-q2apjs1mt975cf1wl25b044coj90fwoiee1kya6800.png\",\"width\":103,\"height\":100,\"caption\":\"Centro Universit\u00e1rio Santo Agostinho - UNIFSA\"},\"image\":{\"@id\":\"https:\/\/unifsa.com.br\/site\/#\/schema\/logo\/image\/\"},\"sameAs\":[\"https:\/\/www.facebook.com\/unifsa\/\",\"https:\/\/www.instagram.com\/unifsa\/\"]},{\"@type\":\"Person\",\"@id\":\"https:\/\/unifsa.com.br\/site\/#\/schema\/person\/6f5e8438b96168f9894cb9fe5816660f\",\"name\":\"UNIFSA\",\"image\":{\"@type\":\"ImageObject\",\"inLanguage\":\"pt-BR\",\"@id\":\"https:\/\/unifsa.com.br\/site\/#\/schema\/person\/image\/\",\"url\":\"https:\/\/secure.gravatar.com\/avatar\/3d1043775cda1d91d725491548f9b3a0909638e5fcbd418ee6b285ebfaa2ae59?s=96&d=mm&r=g\",\"contentUrl\":\"https:\/\/secure.gravatar.com\/avatar\/3d1043775cda1d91d725491548f9b3a0909638e5fcbd418ee6b285ebfaa2ae59?s=96&d=mm&r=g\",\"caption\":\"UNIFSA\"},\"url\":\"https:\/\/unifsa.com.br\/site\/author\/rogerbezerra\/\"}]}<\/script>\n<!-- \/ Yoast SEO plugin. -->","yoast_head_json":{"title":"Confira tudo que aconteceu no \u00faltimo dia de CICS - Centro Universit\u00e1rio Santo Agostinho - UNIFSA","robots":{"index":"index","follow":"follow","max-snippet":"max-snippet:-1","max-image-preview":"max-image-preview:large","max-video-preview":"max-video-preview:-1"},"canonical":"https:\/\/unifsa.com.br\/site\/confira-tudo-que-aconteceu-no-ultimo-dia-de-cics\/","og_locale":"pt_BR","og_type":"article","og_title":"Confira tudo que aconteceu no \u00faltimo dia de CICS - Centro Universit\u00e1rio Santo Agostinho - UNIFSA","og_description":"O I Congresso Internacional Ci\u00eancia e Sociedade encerrou no \u00faltimo s\u00e1bado (07), e ofereceu uma programa\u00e7\u00e3o diferente dos outros dias do evento . Pela manh\u00e3, \u00e0s 8h30, foi realizada a palestra &#8220;O Brasil em Dados: Um Panorama do Censo Demogr\u00e1fico de 2022&#8221;. O palestrante Prof. Dr. Jos\u00e9 Tavares da Silva Neto, Gerente de Planejamento e","og_url":"https:\/\/unifsa.com.br\/site\/confira-tudo-que-aconteceu-no-ultimo-dia-de-cics\/","og_site_name":"Centro Universit\u00e1rio Santo Agostinho - UNIFSA","article_publisher":"https:\/\/www.facebook.com\/unifsa\/","article_published_time":"2023-10-07T21:39:46+00:00","article_modified_time":"2023-10-09T13:40:08+00:00","og_image":[{"width":1005,"height":426,"url":"https:\/\/unifsa.com.br\/site\/wp-content\/uploads\/2023\/10\/Site-programacao-CICS-21.png","type":"image\/png"}],"author":"UNIFSA","twitter_card":"summary_large_image","twitter_misc":{"Escrito por":"UNIFSA","Est. tempo de leitura":"4 minutos"},"schema":{"@context":"https:\/\/schema.org","@graph":[{"@type":"Article","@id":"https:\/\/unifsa.com.br\/site\/confira-tudo-que-aconteceu-no-ultimo-dia-de-cics\/#article","isPartOf":{"@id":"https:\/\/unifsa.com.br\/site\/confira-tudo-que-aconteceu-no-ultimo-dia-de-cics\/"},"author":{"name":"UNIFSA","@id":"https:\/\/unifsa.com.br\/site\/#\/schema\/person\/6f5e8438b96168f9894cb9fe5816660f"},"headline":"Confira tudo que aconteceu no \u00faltimo dia de CICS","datePublished":"2023-10-07T21:39:46+00:00","dateModified":"2023-10-09T13:40:08+00:00","mainEntityOfPage":{"@id":"https:\/\/unifsa.com.br\/site\/confira-tudo-que-aconteceu-no-ultimo-dia-de-cics\/"},"wordCount":307,"publisher":{"@id":"https:\/\/unifsa.com.br\/site\/#organization"},"image":{"@id":"https:\/\/unifsa.com.br\/site\/confira-tudo-que-aconteceu-no-ultimo-dia-de-cics\/#primaryimage"},"thumbnailUrl":"https:\/\/unifsa.com.br\/site\/wp-content\/uploads\/2023\/10\/Site-programacao-CICS-21.png","articleSection":["Acontece na UNIFSA","CICS 2023"],"inLanguage":"pt-BR"},{"@type":"WebPage","@id":"https:\/\/unifsa.com.br\/site\/confira-tudo-que-aconteceu-no-ultimo-dia-de-cics\/","url":"https:\/\/unifsa.com.br\/site\/confira-tudo-que-aconteceu-no-ultimo-dia-de-cics\/","name":"Confira tudo que aconteceu no \u00faltimo dia de CICS - Centro Universit\u00e1rio Santo Agostinho - UNIFSA","isPartOf":{"@id":"https:\/\/unifsa.com.br\/site\/#website"},"primaryImageOfPage":{"@id":"https:\/\/unifsa.com.br\/site\/confira-tudo-que-aconteceu-no-ultimo-dia-de-cics\/#primaryimage"},"image":{"@id":"https:\/\/unifsa.com.br\/site\/confira-tudo-que-aconteceu-no-ultimo-dia-de-cics\/#primaryimage"},"thumbnailUrl":"https:\/\/unifsa.com.br\/site\/wp-content\/uploads\/2023\/10\/Site-programacao-CICS-21.png","datePublished":"2023-10-07T21:39:46+00:00","dateModified":"2023-10-09T13:40:08+00:00","breadcrumb":{"@id":"https:\/\/unifsa.com.br\/site\/confira-tudo-que-aconteceu-no-ultimo-dia-de-cics\/#breadcrumb"},"inLanguage":"pt-BR","potentialAction":[{"@type":"ReadAction","target":["https:\/\/unifsa.com.br\/site\/confira-tudo-que-aconteceu-no-ultimo-dia-de-cics\/"]}]},{"@type":"ImageObject","inLanguage":"pt-BR","@id":"https:\/\/unifsa.com.br\/site\/confira-tudo-que-aconteceu-no-ultimo-dia-de-cics\/#primaryimage","url":"https:\/\/unifsa.com.br\/site\/wp-content\/uploads\/2023\/10\/Site-programacao-CICS-21.png","contentUrl":"https:\/\/unifsa.com.br\/site\/wp-content\/uploads\/2023\/10\/Site-programacao-CICS-21.png","width":1005,"height":426},{"@type":"BreadcrumbList","@id":"https:\/\/unifsa.com.br\/site\/confira-tudo-que-aconteceu-no-ultimo-dia-de-cics\/#breadcrumb","itemListElement":[{"@type":"ListItem","position":1,"name":"In\u00edcio","item":"https:\/\/unifsa.com.br\/site\/"},{"@type":"ListItem","position":2,"name":"Confira tudo que aconteceu no \u00faltimo dia de CICS"}]},{"@type":"WebSite","@id":"https:\/\/unifsa.com.br\/site\/#website","url":"https:\/\/unifsa.com.br\/site\/","name":"Centro Universit\u00e1rio Santo Agostinho - UNIFSA","description":"Conhecimento para toda a vida","publisher":{"@id":"https:\/\/unifsa.com.br\/site\/#organization"},"potentialAction":[{"@type":"SearchAction","target":{"@type":"EntryPoint","urlTemplate":"https:\/\/unifsa.com.br\/site\/?s={search_term_string}"},"query-input":{"@type":"PropertyValueSpecification","valueRequired":true,"valueName":"search_term_string"}}],"inLanguage":"pt-BR"},{"@type":"Organization","@id":"https:\/\/unifsa.com.br\/site\/#organization","name":"Centro Universit\u00e1rio Santo Agostinho - UNIFSA","url":"https:\/\/unifsa.com.br\/site\/","logo":{"@type":"ImageObject","inLanguage":"pt-BR","@id":"https:\/\/unifsa.com.br\/site\/#\/schema\/logo\/image\/","url":"https:\/\/unifsa.com.br\/site\/wp-content\/uploads\/2023\/03\/MARCA-UNIFSA-CIC23-q2apjs1mt975cf1wl25b044coj90fwoiee1kya6800.png","contentUrl":"https:\/\/unifsa.com.br\/site\/wp-content\/uploads\/2023\/03\/MARCA-UNIFSA-CIC23-q2apjs1mt975cf1wl25b044coj90fwoiee1kya6800.png","width":103,"height":100,"caption":"Centro Universit\u00e1rio Santo Agostinho - UNIFSA"},"image":{"@id":"https:\/\/unifsa.com.br\/site\/#\/schema\/logo\/image\/"},"sameAs":["https:\/\/www.facebook.com\/unifsa\/","https:\/\/www.instagram.com\/unifsa\/"]},{"@type":"Person","@id":"https:\/\/unifsa.com.br\/site\/#\/schema\/person\/6f5e8438b96168f9894cb9fe5816660f","name":"UNIFSA","image":{"@type":"ImageObject","inLanguage":"pt-BR","@id":"https:\/\/unifsa.com.br\/site\/#\/schema\/person\/image\/","url":"https:\/\/secure.gravatar.com\/avatar\/3d1043775cda1d91d725491548f9b3a0909638e5fcbd418ee6b285ebfaa2ae59?s=96&d=mm&r=g","contentUrl":"https:\/\/secure.gravatar.com\/avatar\/3d1043775cda1d91d725491548f9b3a0909638e5fcbd418ee6b285ebfaa2ae59?s=96&d=mm&r=g","caption":"UNIFSA"},"url":"https:\/\/unifsa.com.br\/site\/author\/rogerbezerra\/"}]}},"_links":{"self":[{"href":"https:\/\/unifsa.com.br\/site\/wp-json\/wp\/v2\/posts\/26084","targetHints":{"allow":["GET"]}}],"collection":[{"href":"https:\/\/unifsa.com.br\/site\/wp-json\/wp\/v2\/posts"}],"about":[{"href":"https:\/\/unifsa.com.br\/site\/wp-json\/wp\/v2\/types\/post"}],"author":[{"embeddable":true,"href":"https:\/\/unifsa.com.br\/site\/wp-json\/wp\/v2\/users\/1"}],"replies":[{"embeddable":true,"href":"https:\/\/unifsa.com.br\/site\/wp-json\/wp\/v2\/comments?post=26084"}],"version-history":[{"count":10,"href":"https:\/\/unifsa.com.br\/site\/wp-json\/wp\/v2\/posts\/26084\/revisions"}],"predecessor-version":[{"id":26181,"href":"https:\/\/unifsa.com.br\/site\/wp-json\/wp\/v2\/posts\/26084\/revisions\/26181"}],"wp:featuredmedia":[{"embeddable":true,"href":"https:\/\/unifsa.com.br\/site\/wp-json\/wp\/v2\/media\/26137"}],"wp:attachment":[{"href":"https:\/\/unifsa.com.br\/site\/wp-json\/wp\/v2\/media?parent=26084"}],"wp:term":[{"taxonomy":"category","embeddable":true,"href":"https:\/\/unifsa.com.br\/site\/wp-json\/wp\/v2\/categories?post=26084"},{"taxonomy":"post_tag","embeddable":true,"href":"https:\/\/unifsa.com.br\/site\/wp-json\/wp\/v2\/tags?post=26084"}],"curies":[{"name":"wp","href":"https:\/\/api.w.org\/{rel}","templated":true}]}}