{"id":25854,"date":"2023-10-06T08:46:00","date_gmt":"2023-10-06T11:46:00","guid":{"rendered":"https:\/\/unifsa.com.br\/site\/?p=25854"},"modified":"2023-10-09T15:58:58","modified_gmt":"2023-10-09T18:58:58","slug":"saiba-mais-sobre-o-i-encontro-de-publicacao-cientifica-do-i-cics","status":"publish","type":"post","link":"https:\/\/unifsa.com.br\/site\/saiba-mais-sobre-o-i-encontro-de-publicacao-cientifica-do-i-cics\/","title":{"rendered":"I Encontro de Publica\u00e7\u00e3o Cient\u00edfica movimenta o terceiro dia de CICS"},"content":{"rendered":"\n<p class=\"texto-justificado\">O I Congresso Internacional Ci\u00eancia e Sociedade trouxe mais um momento completo de promo\u00e7\u00e3o \u00e0 ci\u00eancia e a pesquisa. Na manh\u00e3 de 06 de outubro, aconteceu de forma remota, o <strong>I Encontro de Publica\u00e7\u00e3o Cient\u00edfica<\/strong>, que tem o objetivo de fomentar a excel\u00eancia em todas as fases do processo de publica\u00e7\u00e3o cient\u00edfica, buscando elevar o padr\u00e3o da produ\u00e7\u00e3o de conhecimento, desde a concep\u00e7\u00e3o de ideias at\u00e9 a dissemina\u00e7\u00e3o dos resultados.<\/p>\n\n\n\n<p class=\"texto-justificado\">A docente do Centro Universit\u00e1rio Santo Agostinho e membro do comit\u00ea organizador do I CICS, Profa. Ma. Kelma Gallas,  durante a abertura do evento, destacou a import\u00e2ncia do Encontro de Publica\u00e7\u00e3o Cient\u00edfica e como ele proporciona um espa\u00e7o importante para os autores compartilharem conhecimento e experi\u00eancias sobre a produ\u00e7\u00e3o e a dissemina\u00e7\u00e3o da pesquisa cient\u00edfica, sejam eles acad\u00eamicos, professores, pesquisadores, estudantes.<\/p>\n\n\n<div class=\"wp-block-image\">\n<figure class=\"aligncenter size-full is-resized\"><img fetchpriority=\"high\" decoding=\"async\" src=\"https:\/\/unifsa.com.br\/site\/wp-content\/uploads\/2023\/10\/KELMA.png\" alt=\"\" class=\"wp-image-26074\" width=\"523\" height=\"254\" srcset=\"https:\/\/unifsa.com.br\/site\/wp-content\/uploads\/2023\/10\/KELMA.png 523w, https:\/\/unifsa.com.br\/site\/wp-content\/uploads\/2023\/10\/KELMA-300x146.png 300w\" sizes=\"(max-width: 523px) 100vw, 523px\" \/><\/figure>\n<\/div>\n\n\n<p class=\"texto-justificado\">&#8220;Esse evento tamb\u00e9m ajuda a promover o aprendizado, a dissemina\u00e7\u00e3o das boas pr\u00e1ticas, contribui para a melhoria da qualidade da pesquisa da publica\u00e7\u00e3o cient\u00edfica. O segundo ponto importante desse encontro \u00e9 discutir os desafios \u00e9ticos relacionados a produ\u00e7\u00e3o e a dissemina\u00e7\u00e3o da pesquisa, abrir espa\u00e7o para debater peri\u00f3dicos, o processo de revis\u00e3o, a pr\u00e1tica de editora\u00e7\u00e3o cient\u00edfica, e tamb\u00e9m \u00e9 uma oportunidade de discutir a import\u00e2ncia dos padr\u00f5es \u00e9ticos elevados para a produ\u00e7\u00e3o e a manuten\u00e7\u00e3o da qualidade da pesquisa acad\u00eamica&#8221;, ressaltou.<\/p>\n\n\n\n<p>Na primeira palestra da manh\u00e3, \u00e0s 8h30, a psic\u00f3loga e coordenadora do Comit\u00ea de \u00c9tica em Pesquisa do UNIFSA, Dra.Liana Dantas Costa e Silva Barbosa, abordou a tem\u00e1tica &#8220;<strong>Desafios \u00c9ticos da Pesquisa Cient\u00edfica<\/strong>&#8220;.<\/p>\n\n\n\n<figure class=\"wp-block-image size-full\"><img decoding=\"async\" width=\"945\" height=\"537\" src=\"https:\/\/unifsa.com.br\/site\/wp-content\/uploads\/2023\/10\/liana-dantas.png\" alt=\"\" class=\"wp-image-26054\" srcset=\"https:\/\/unifsa.com.br\/site\/wp-content\/uploads\/2023\/10\/liana-dantas.png 945w, https:\/\/unifsa.com.br\/site\/wp-content\/uploads\/2023\/10\/liana-dantas-300x170.png 300w, https:\/\/unifsa.com.br\/site\/wp-content\/uploads\/2023\/10\/liana-dantas-768x436.png 768w\" sizes=\"(max-width: 945px) 100vw, 945px\" \/><\/figure>\n\n\n\n<p class=\"texto-justificado\">\u00c0s 10h, a Profa. Dra. Luciana Puchalski Kalinke, da Universidade Federal do Paran\u00e1 (PR), conduziu um momento sobre <strong>Peri\u00f3dicos predat\u00f3rios: amea\u00e7as e consequ\u00eancias para a pesquisa cient\u00edfica<\/strong>.  <\/p>\n\n\n\n<p>&#8220;A raz\u00e3o para o crescimento de peri\u00f3dicos predat\u00f3rios deve-se, em parte, a benef\u00edcios particulares, tanto de autores , quanto de institui\u00e7\u00f5es em que a ci\u00eancia \u00e9 feita. E isso muitas vezes acontece devido a press\u00e3o exercida sobres os pesquisadores para publicar um grande n\u00famero de artigos em pouco tempo, distorcendo o processo de pesquisa da publica\u00e7\u00e3o&#8221;, destacou a palestrante durante o evento.<\/p>\n\n\n\n<figure class=\"wp-block-image size-full\"><img decoding=\"async\" width=\"938\" height=\"533\" src=\"https:\/\/unifsa.com.br\/site\/wp-content\/uploads\/2023\/10\/luciana-puchalski.png\" alt=\"\" class=\"wp-image-26056\" srcset=\"https:\/\/unifsa.com.br\/site\/wp-content\/uploads\/2023\/10\/luciana-puchalski.png 938w, https:\/\/unifsa.com.br\/site\/wp-content\/uploads\/2023\/10\/luciana-puchalski-300x170.png 300w, https:\/\/unifsa.com.br\/site\/wp-content\/uploads\/2023\/10\/luciana-puchalski-768x436.png 768w\" sizes=\"(max-width: 938px) 100vw, 938px\" \/><\/figure>\n\n\n\n<p>J\u00e1 \u00e0s 11h,  a palestra <strong>&#8220;Panorama de Produ\u00e7\u00e3o Cient\u00edfica na Am\u00e9rica Latina<\/strong>&#8221; foi comandada pelo Prof. Dr. Joscimar Silva da Universidade de Bras\u00edlia (DF).<\/p>\n\n\n\n<figure class=\"wp-block-image size-full\"><img loading=\"lazy\" decoding=\"async\" width=\"892\" height=\"524\" src=\"https:\/\/unifsa.com.br\/site\/wp-content\/uploads\/2023\/10\/joscimar.png\" alt=\"\" class=\"wp-image-26062\" srcset=\"https:\/\/unifsa.com.br\/site\/wp-content\/uploads\/2023\/10\/joscimar.png 892w, https:\/\/unifsa.com.br\/site\/wp-content\/uploads\/2023\/10\/joscimar-300x176.png 300w, https:\/\/unifsa.com.br\/site\/wp-content\/uploads\/2023\/10\/joscimar-768x451.png 768w\" sizes=\"(max-width: 892px) 100vw, 892px\" \/><\/figure>\n\n\n\n<p>J\u00e1 no turno da tarde, a primeira palestra ocorreu \u00e0s 14h, com o tema &#8220;<strong>Como mensurar o impacto de uma produ\u00e7\u00e3o cient\u00edfica?<\/strong>&#8220;, ministrada pelo Prof. Dr. Ant\u00f4nio Carlos Cortez.<\/p>\n\n\n\n<p>&#8221; \u00c9 um tema de extrema relev\u00e2ncia dentro da comunidade acad\u00eamica cient\u00edfica que \u00e9 justamente essa mensura\u00e7\u00e3o dos trabalhos. Temos um arquivo que  faz parte da Associa\u00e7\u00e3o Brasileira de Pesquisas e ele retrata muito bem quais s\u00e3o as m\u00e9tricas para peri\u00f3dicos cient\u00edficos desde o fator de impacto o edimetria e altimetria. Ent\u00e3o, dentro desse escopo n\u00f3s vamos abordar as seguintes an\u00e1lises: a pr\u00f3pria bibliometria que \u00e9 a mensura\u00e7\u00e3o da produ\u00e7\u00e3o cient\u00edfica, a cientometria que \u00e9 a verifica\u00e7\u00e3o pra evolu\u00e7\u00e3o das ci\u00eancias ou da ci\u00eancias, bem como a infometria&#8221;, destacou o professor durante a palestra. <\/p>\n\n\n\n<figure class=\"wp-block-image size-full\"><img loading=\"lazy\" decoding=\"async\" width=\"947\" height=\"531\" src=\"https:\/\/unifsa.com.br\/site\/wp-content\/uploads\/2023\/10\/antonio-carlos-leal.png\" alt=\"\" class=\"wp-image-26066\" srcset=\"https:\/\/unifsa.com.br\/site\/wp-content\/uploads\/2023\/10\/antonio-carlos-leal.png 947w, https:\/\/unifsa.com.br\/site\/wp-content\/uploads\/2023\/10\/antonio-carlos-leal-300x168.png 300w, https:\/\/unifsa.com.br\/site\/wp-content\/uploads\/2023\/10\/antonio-carlos-leal-768x431.png 768w\" sizes=\"(max-width: 947px) 100vw, 947px\" \/><\/figure>\n\n\n\n<p>Seguindo a programa\u00e7\u00e3o do 1\u00ba Encontro de Publica\u00e7\u00e3o Cient\u00edfica, \u00e0s 15h30, a Profa. Dra. Ol\u00edvia Cristina Perez Universidade Federal do Piau\u00ed (PI), juntamente com o<span style=\"font-size: revert; color: initial;\"> Prof. Dr. Marcelo de Sousa Marques<\/span> da <span style=\"font-size: revert; color: initial;\">Universidade Federal do Esp\u00edrito Santo \u2013 UFES (ES)<\/span> e da Profa. Dra. Monika Dowbor, da Universidade Federal de Pelotas \u2013 UFPEL (RS) debateram sobre &#8220;<strong>Como produzir artigos de alto impacto?<\/strong>&#8220;.<\/p>\n\n\n\n<figure class=\"wp-block-image size-large\"><img loading=\"lazy\" decoding=\"async\" width=\"1024\" height=\"495\" src=\"https:\/\/unifsa.com.br\/site\/wp-content\/uploads\/2023\/10\/olivia-perez-e-outros-KELMA-1024x495.png\" alt=\"\" class=\"wp-image-26075\" srcset=\"https:\/\/unifsa.com.br\/site\/wp-content\/uploads\/2023\/10\/olivia-perez-e-outros-KELMA-1024x495.png 1024w, https:\/\/unifsa.com.br\/site\/wp-content\/uploads\/2023\/10\/olivia-perez-e-outros-KELMA-300x145.png 300w, https:\/\/unifsa.com.br\/site\/wp-content\/uploads\/2023\/10\/olivia-perez-e-outros-KELMA-768x371.png 768w, https:\/\/unifsa.com.br\/site\/wp-content\/uploads\/2023\/10\/olivia-perez-e-outros-KELMA.png 1043w\" sizes=\"(max-width: 1024px) 100vw, 1024px\" \/><\/figure>\n\n\n\n<p class=\"texto-justificado\">Embora o momento seja remoto, \u00e9 poss\u00edvel acompanh\u00e1-lo presencialmente na sala de Inova\u00e7\u00e3o do anexo II do UNIFSA.&nbsp;<\/p>\n\n\n\n<p>Para debater sobre &#8220;<strong>Crit\u00e9rios da revis\u00e3o por pares em peri\u00f3dicos Qualis A<\/strong>&#8220;, o Prof. Dr. Tonny Kerley de Alencar Rodrigues do Centro Universit\u00e1rio Santo Agostinho (PI), a Profa. Dra. Laurita dos Santos da Universidade Brasil (SP) e o Prof. Dr. Jairo de Carvalho Guimar\u00e3es da Universidade Federal do Piau\u00ed (PI), comandaram a mesa das 16h30.<\/p>\n\n\n\n<figure class=\"wp-block-image size-large\"><img loading=\"lazy\" decoding=\"async\" width=\"1024\" height=\"485\" src=\"https:\/\/unifsa.com.br\/site\/wp-content\/uploads\/2023\/10\/TONY-E-JAIRO-E-KELMA-1024x485.png\" alt=\"\" class=\"wp-image-26076\" srcset=\"https:\/\/unifsa.com.br\/site\/wp-content\/uploads\/2023\/10\/TONY-E-JAIRO-E-KELMA-1024x485.png 1024w, https:\/\/unifsa.com.br\/site\/wp-content\/uploads\/2023\/10\/TONY-E-JAIRO-E-KELMA-300x142.png 300w, https:\/\/unifsa.com.br\/site\/wp-content\/uploads\/2023\/10\/TONY-E-JAIRO-E-KELMA-768x364.png 768w, https:\/\/unifsa.com.br\/site\/wp-content\/uploads\/2023\/10\/TONY-E-JAIRO-E-KELMA.png 1049w\" sizes=\"(max-width: 1024px) 100vw, 1024px\" \/><\/figure>\n\n\n\n<div style=\"height:10px\" aria-hidden=\"true\" class=\"wp-block-spacer\"><\/div>\n\n\n\n<p>A \u00faltima atividade do dia foi a mesa &#8220;<strong>Editora\u00e7\u00e3o Cient\u00edfica: o desafio dos peri\u00f3dicos<\/strong>&#8220;, \u00e0s 17h30, conduzida pelo Prof. Dr. Roberto Carlos Lyra da Silva da Universidade Federal do Estado do Rio de Janeiro e pela Profa. Dra. Jane Mendes Ferreira Fernandes da Universidade Federal do Paran\u00e1.<\/p>\n\n\n\n<figure class=\"wp-block-gallery has-nested-images columns-default is-cropped wp-block-gallery-1 is-layout-flex wp-block-gallery-is-layout-flex\">\n<figure class=\"wp-block-image size-large\"><img loading=\"lazy\" decoding=\"async\" width=\"1024\" height=\"543\" data-id=\"26239\" src=\"https:\/\/unifsa.com.br\/site\/wp-content\/uploads\/2023\/10\/WhatsApp-Image-2023-10-09-at-15.55.42-1-1024x543.jpeg\" alt=\"\" class=\"wp-image-26239\" srcset=\"https:\/\/unifsa.com.br\/site\/wp-content\/uploads\/2023\/10\/WhatsApp-Image-2023-10-09-at-15.55.42-1-1024x543.jpeg 1024w, https:\/\/unifsa.com.br\/site\/wp-content\/uploads\/2023\/10\/WhatsApp-Image-2023-10-09-at-15.55.42-1-300x159.jpeg 300w, https:\/\/unifsa.com.br\/site\/wp-content\/uploads\/2023\/10\/WhatsApp-Image-2023-10-09-at-15.55.42-1-768x407.jpeg 768w, https:\/\/unifsa.com.br\/site\/wp-content\/uploads\/2023\/10\/WhatsApp-Image-2023-10-09-at-15.55.42-1.jpeg 1055w\" sizes=\"(max-width: 1024px) 100vw, 1024px\" \/><\/figure>\n\n\n\n<figure class=\"wp-block-image size-large\"><img loading=\"lazy\" decoding=\"async\" width=\"1024\" height=\"442\" data-id=\"26240\" src=\"https:\/\/unifsa.com.br\/site\/wp-content\/uploads\/2023\/10\/WhatsApp-Image-2023-10-09-at-15.58.00-1024x442.jpeg\" alt=\"\" class=\"wp-image-26240\" srcset=\"https:\/\/unifsa.com.br\/site\/wp-content\/uploads\/2023\/10\/WhatsApp-Image-2023-10-09-at-15.58.00-1024x442.jpeg 1024w, https:\/\/unifsa.com.br\/site\/wp-content\/uploads\/2023\/10\/WhatsApp-Image-2023-10-09-at-15.58.00-300x130.jpeg 300w, https:\/\/unifsa.com.br\/site\/wp-content\/uploads\/2023\/10\/WhatsApp-Image-2023-10-09-at-15.58.00-768x332.jpeg 768w, https:\/\/unifsa.com.br\/site\/wp-content\/uploads\/2023\/10\/WhatsApp-Image-2023-10-09-at-15.58.00.jpeg 1264w\" sizes=\"(max-width: 1024px) 100vw, 1024px\" \/><\/figure>\n<\/figure>\n","protected":false},"excerpt":{"rendered":"<p>O I Congresso Internacional Ci\u00eancia e Sociedade trouxe mais um momento completo de promo\u00e7\u00e3o \u00e0 ci\u00eancia e a pesquisa. Na manh\u00e3 de 06 de outubro, aconteceu de forma remota, o I Encontro de Publica\u00e7\u00e3o Cient\u00edfica, que tem o objetivo de fomentar a excel\u00eancia em todas as fases do processo de publica\u00e7\u00e3o cient\u00edfica, buscando elevar o<\/p>\n","protected":false},"author":1,"featured_media":26057,"comment_status":"closed","ping_status":"open","sticky":false,"template":"","format":"standard","meta":{"_acf_changed":false,"footnotes":""},"categories":[6,1191],"tags":[1434,1311],"class_list":["post-25854","post","type-post","status-publish","format-standard","has-post-thumbnail","hentry","category-acontece-na-unifsa","category-cics-2023","tag-i-encontro-de-publicacao-cics","tag-programacao-i-cics"],"acf":[],"yoast_head":"<!-- This site is optimized with the Yoast SEO plugin v26.5 - https:\/\/yoast.com\/wordpress\/plugins\/seo\/ -->\n<title>I Encontro de Publica\u00e7\u00e3o Cient\u00edfica movimenta o terceiro dia de CICS - Centro Universit\u00e1rio Santo Agostinho - UNIFSA<\/title>\n<meta name=\"robots\" content=\"index, follow, max-snippet:-1, max-image-preview:large, max-video-preview:-1\" \/>\n<link rel=\"canonical\" href=\"https:\/\/unifsa.com.br\/site\/saiba-mais-sobre-o-i-encontro-de-publicacao-cientifica-do-i-cics\/\" \/>\n<meta property=\"og:locale\" content=\"pt_BR\" \/>\n<meta property=\"og:type\" content=\"article\" \/>\n<meta property=\"og:title\" content=\"I Encontro de Publica\u00e7\u00e3o Cient\u00edfica movimenta o terceiro dia de CICS - Centro Universit\u00e1rio Santo Agostinho - UNIFSA\" \/>\n<meta property=\"og:description\" content=\"O I Congresso Internacional Ci\u00eancia e Sociedade trouxe mais um momento completo de promo\u00e7\u00e3o \u00e0 ci\u00eancia e a pesquisa. Na manh\u00e3 de 06 de outubro, aconteceu de forma remota, o I Encontro de Publica\u00e7\u00e3o Cient\u00edfica, que tem o objetivo de fomentar a excel\u00eancia em todas as fases do processo de publica\u00e7\u00e3o cient\u00edfica, buscando elevar o\" \/>\n<meta property=\"og:url\" content=\"https:\/\/unifsa.com.br\/site\/saiba-mais-sobre-o-i-encontro-de-publicacao-cientifica-do-i-cics\/\" \/>\n<meta property=\"og:site_name\" content=\"Centro Universit\u00e1rio Santo Agostinho - UNIFSA\" \/>\n<meta property=\"article:publisher\" content=\"https:\/\/www.facebook.com\/unifsa\/\" \/>\n<meta property=\"article:published_time\" content=\"2023-10-06T11:46:00+00:00\" \/>\n<meta property=\"article:modified_time\" content=\"2023-10-09T18:58:58+00:00\" \/>\n<meta property=\"og:image\" content=\"https:\/\/unifsa.com.br\/site\/wp-content\/uploads\/2023\/10\/Site-programacao-CICS-.jpg\" \/>\n\t<meta property=\"og:image:width\" content=\"1005\" \/>\n\t<meta property=\"og:image:height\" content=\"426\" \/>\n\t<meta property=\"og:image:type\" content=\"image\/jpeg\" \/>\n<meta name=\"author\" content=\"UNIFSA\" \/>\n<meta name=\"twitter:card\" content=\"summary_large_image\" \/>\n<meta name=\"twitter:label1\" content=\"Escrito por\" \/>\n\t<meta name=\"twitter:data1\" content=\"UNIFSA\" \/>\n\t<meta name=\"twitter:label2\" content=\"Est. tempo de leitura\" \/>\n\t<meta name=\"twitter:data2\" content=\"6 minutos\" \/>\n<script type=\"application\/ld+json\" class=\"yoast-schema-graph\">{\"@context\":\"https:\/\/schema.org\",\"@graph\":[{\"@type\":\"Article\",\"@id\":\"https:\/\/unifsa.com.br\/site\/saiba-mais-sobre-o-i-encontro-de-publicacao-cientifica-do-i-cics\/#article\",\"isPartOf\":{\"@id\":\"https:\/\/unifsa.com.br\/site\/saiba-mais-sobre-o-i-encontro-de-publicacao-cientifica-do-i-cics\/\"},\"author\":{\"name\":\"UNIFSA\",\"@id\":\"https:\/\/unifsa.com.br\/site\/#\/schema\/person\/6f5e8438b96168f9894cb9fe5816660f\"},\"headline\":\"I Encontro de Publica\u00e7\u00e3o Cient\u00edfica movimenta o terceiro dia de CICS\",\"datePublished\":\"2023-10-06T11:46:00+00:00\",\"dateModified\":\"2023-10-09T18:58:58+00:00\",\"mainEntityOfPage\":{\"@id\":\"https:\/\/unifsa.com.br\/site\/saiba-mais-sobre-o-i-encontro-de-publicacao-cientifica-do-i-cics\/\"},\"wordCount\":765,\"publisher\":{\"@id\":\"https:\/\/unifsa.com.br\/site\/#organization\"},\"image\":{\"@id\":\"https:\/\/unifsa.com.br\/site\/saiba-mais-sobre-o-i-encontro-de-publicacao-cientifica-do-i-cics\/#primaryimage\"},\"thumbnailUrl\":\"https:\/\/unifsa.com.br\/site\/wp-content\/uploads\/2023\/10\/Site-programacao-CICS-.jpg\",\"keywords\":[\"I Encontro de Publica\u00e7\u00e3o CICS\",\"Programa\u00e7\u00e3o I CICS\"],\"articleSection\":[\"Acontece na UNIFSA\",\"CICS 2023\"],\"inLanguage\":\"pt-BR\"},{\"@type\":\"WebPage\",\"@id\":\"https:\/\/unifsa.com.br\/site\/saiba-mais-sobre-o-i-encontro-de-publicacao-cientifica-do-i-cics\/\",\"url\":\"https:\/\/unifsa.com.br\/site\/saiba-mais-sobre-o-i-encontro-de-publicacao-cientifica-do-i-cics\/\",\"name\":\"I Encontro de Publica\u00e7\u00e3o Cient\u00edfica movimenta o terceiro dia de CICS - Centro Universit\u00e1rio Santo Agostinho - UNIFSA\",\"isPartOf\":{\"@id\":\"https:\/\/unifsa.com.br\/site\/#website\"},\"primaryImageOfPage\":{\"@id\":\"https:\/\/unifsa.com.br\/site\/saiba-mais-sobre-o-i-encontro-de-publicacao-cientifica-do-i-cics\/#primaryimage\"},\"image\":{\"@id\":\"https:\/\/unifsa.com.br\/site\/saiba-mais-sobre-o-i-encontro-de-publicacao-cientifica-do-i-cics\/#primaryimage\"},\"thumbnailUrl\":\"https:\/\/unifsa.com.br\/site\/wp-content\/uploads\/2023\/10\/Site-programacao-CICS-.jpg\",\"datePublished\":\"2023-10-06T11:46:00+00:00\",\"dateModified\":\"2023-10-09T18:58:58+00:00\",\"breadcrumb\":{\"@id\":\"https:\/\/unifsa.com.br\/site\/saiba-mais-sobre-o-i-encontro-de-publicacao-cientifica-do-i-cics\/#breadcrumb\"},\"inLanguage\":\"pt-BR\",\"potentialAction\":[{\"@type\":\"ReadAction\",\"target\":[\"https:\/\/unifsa.com.br\/site\/saiba-mais-sobre-o-i-encontro-de-publicacao-cientifica-do-i-cics\/\"]}]},{\"@type\":\"ImageObject\",\"inLanguage\":\"pt-BR\",\"@id\":\"https:\/\/unifsa.com.br\/site\/saiba-mais-sobre-o-i-encontro-de-publicacao-cientifica-do-i-cics\/#primaryimage\",\"url\":\"https:\/\/unifsa.com.br\/site\/wp-content\/uploads\/2023\/10\/Site-programacao-CICS-.jpg\",\"contentUrl\":\"https:\/\/unifsa.com.br\/site\/wp-content\/uploads\/2023\/10\/Site-programacao-CICS-.jpg\",\"width\":1005,\"height\":426},{\"@type\":\"BreadcrumbList\",\"@id\":\"https:\/\/unifsa.com.br\/site\/saiba-mais-sobre-o-i-encontro-de-publicacao-cientifica-do-i-cics\/#breadcrumb\",\"itemListElement\":[{\"@type\":\"ListItem\",\"position\":1,\"name\":\"In\u00edcio\",\"item\":\"https:\/\/unifsa.com.br\/site\/\"},{\"@type\":\"ListItem\",\"position\":2,\"name\":\"I Encontro de Publica\u00e7\u00e3o Cient\u00edfica movimenta o terceiro dia de CICS\"}]},{\"@type\":\"WebSite\",\"@id\":\"https:\/\/unifsa.com.br\/site\/#website\",\"url\":\"https:\/\/unifsa.com.br\/site\/\",\"name\":\"Centro Universit\u00e1rio Santo Agostinho - UNIFSA\",\"description\":\"Conhecimento para toda a vida\",\"publisher\":{\"@id\":\"https:\/\/unifsa.com.br\/site\/#organization\"},\"potentialAction\":[{\"@type\":\"SearchAction\",\"target\":{\"@type\":\"EntryPoint\",\"urlTemplate\":\"https:\/\/unifsa.com.br\/site\/?s={search_term_string}\"},\"query-input\":{\"@type\":\"PropertyValueSpecification\",\"valueRequired\":true,\"valueName\":\"search_term_string\"}}],\"inLanguage\":\"pt-BR\"},{\"@type\":\"Organization\",\"@id\":\"https:\/\/unifsa.com.br\/site\/#organization\",\"name\":\"Centro Universit\u00e1rio Santo Agostinho - UNIFSA\",\"url\":\"https:\/\/unifsa.com.br\/site\/\",\"logo\":{\"@type\":\"ImageObject\",\"inLanguage\":\"pt-BR\",\"@id\":\"https:\/\/unifsa.com.br\/site\/#\/schema\/logo\/image\/\",\"url\":\"https:\/\/unifsa.com.br\/site\/wp-content\/uploads\/2023\/03\/MARCA-UNIFSA-CIC23-q2apjs1mt975cf1wl25b044coj90fwoiee1kya6800.png\",\"contentUrl\":\"https:\/\/unifsa.com.br\/site\/wp-content\/uploads\/2023\/03\/MARCA-UNIFSA-CIC23-q2apjs1mt975cf1wl25b044coj90fwoiee1kya6800.png\",\"width\":103,\"height\":100,\"caption\":\"Centro Universit\u00e1rio Santo Agostinho - UNIFSA\"},\"image\":{\"@id\":\"https:\/\/unifsa.com.br\/site\/#\/schema\/logo\/image\/\"},\"sameAs\":[\"https:\/\/www.facebook.com\/unifsa\/\",\"https:\/\/www.instagram.com\/unifsa\/\"]},{\"@type\":\"Person\",\"@id\":\"https:\/\/unifsa.com.br\/site\/#\/schema\/person\/6f5e8438b96168f9894cb9fe5816660f\",\"name\":\"UNIFSA\",\"image\":{\"@type\":\"ImageObject\",\"inLanguage\":\"pt-BR\",\"@id\":\"https:\/\/unifsa.com.br\/site\/#\/schema\/person\/image\/\",\"url\":\"https:\/\/secure.gravatar.com\/avatar\/3d1043775cda1d91d725491548f9b3a0909638e5fcbd418ee6b285ebfaa2ae59?s=96&d=mm&r=g\",\"contentUrl\":\"https:\/\/secure.gravatar.com\/avatar\/3d1043775cda1d91d725491548f9b3a0909638e5fcbd418ee6b285ebfaa2ae59?s=96&d=mm&r=g\",\"caption\":\"UNIFSA\"},\"url\":\"https:\/\/unifsa.com.br\/site\/author\/rogerbezerra\/\"}]}<\/script>\n<!-- \/ Yoast SEO plugin. -->","yoast_head_json":{"title":"I Encontro de Publica\u00e7\u00e3o Cient\u00edfica movimenta o terceiro dia de CICS - Centro Universit\u00e1rio Santo Agostinho - UNIFSA","robots":{"index":"index","follow":"follow","max-snippet":"max-snippet:-1","max-image-preview":"max-image-preview:large","max-video-preview":"max-video-preview:-1"},"canonical":"https:\/\/unifsa.com.br\/site\/saiba-mais-sobre-o-i-encontro-de-publicacao-cientifica-do-i-cics\/","og_locale":"pt_BR","og_type":"article","og_title":"I Encontro de Publica\u00e7\u00e3o Cient\u00edfica movimenta o terceiro dia de CICS - Centro Universit\u00e1rio Santo Agostinho - UNIFSA","og_description":"O I Congresso Internacional Ci\u00eancia e Sociedade trouxe mais um momento completo de promo\u00e7\u00e3o \u00e0 ci\u00eancia e a pesquisa. Na manh\u00e3 de 06 de outubro, aconteceu de forma remota, o I Encontro de Publica\u00e7\u00e3o Cient\u00edfica, que tem o objetivo de fomentar a excel\u00eancia em todas as fases do processo de publica\u00e7\u00e3o cient\u00edfica, buscando elevar o","og_url":"https:\/\/unifsa.com.br\/site\/saiba-mais-sobre-o-i-encontro-de-publicacao-cientifica-do-i-cics\/","og_site_name":"Centro Universit\u00e1rio Santo Agostinho - UNIFSA","article_publisher":"https:\/\/www.facebook.com\/unifsa\/","article_published_time":"2023-10-06T11:46:00+00:00","article_modified_time":"2023-10-09T18:58:58+00:00","og_image":[{"width":1005,"height":426,"url":"https:\/\/unifsa.com.br\/site\/wp-content\/uploads\/2023\/10\/Site-programacao-CICS-.jpg","type":"image\/jpeg"}],"author":"UNIFSA","twitter_card":"summary_large_image","twitter_misc":{"Escrito por":"UNIFSA","Est. tempo de leitura":"6 minutos"},"schema":{"@context":"https:\/\/schema.org","@graph":[{"@type":"Article","@id":"https:\/\/unifsa.com.br\/site\/saiba-mais-sobre-o-i-encontro-de-publicacao-cientifica-do-i-cics\/#article","isPartOf":{"@id":"https:\/\/unifsa.com.br\/site\/saiba-mais-sobre-o-i-encontro-de-publicacao-cientifica-do-i-cics\/"},"author":{"name":"UNIFSA","@id":"https:\/\/unifsa.com.br\/site\/#\/schema\/person\/6f5e8438b96168f9894cb9fe5816660f"},"headline":"I Encontro de Publica\u00e7\u00e3o Cient\u00edfica movimenta o terceiro dia de CICS","datePublished":"2023-10-06T11:46:00+00:00","dateModified":"2023-10-09T18:58:58+00:00","mainEntityOfPage":{"@id":"https:\/\/unifsa.com.br\/site\/saiba-mais-sobre-o-i-encontro-de-publicacao-cientifica-do-i-cics\/"},"wordCount":765,"publisher":{"@id":"https:\/\/unifsa.com.br\/site\/#organization"},"image":{"@id":"https:\/\/unifsa.com.br\/site\/saiba-mais-sobre-o-i-encontro-de-publicacao-cientifica-do-i-cics\/#primaryimage"},"thumbnailUrl":"https:\/\/unifsa.com.br\/site\/wp-content\/uploads\/2023\/10\/Site-programacao-CICS-.jpg","keywords":["I Encontro de Publica\u00e7\u00e3o CICS","Programa\u00e7\u00e3o I CICS"],"articleSection":["Acontece na UNIFSA","CICS 2023"],"inLanguage":"pt-BR"},{"@type":"WebPage","@id":"https:\/\/unifsa.com.br\/site\/saiba-mais-sobre-o-i-encontro-de-publicacao-cientifica-do-i-cics\/","url":"https:\/\/unifsa.com.br\/site\/saiba-mais-sobre-o-i-encontro-de-publicacao-cientifica-do-i-cics\/","name":"I Encontro de Publica\u00e7\u00e3o Cient\u00edfica movimenta o terceiro dia de CICS - Centro Universit\u00e1rio Santo Agostinho - UNIFSA","isPartOf":{"@id":"https:\/\/unifsa.com.br\/site\/#website"},"primaryImageOfPage":{"@id":"https:\/\/unifsa.com.br\/site\/saiba-mais-sobre-o-i-encontro-de-publicacao-cientifica-do-i-cics\/#primaryimage"},"image":{"@id":"https:\/\/unifsa.com.br\/site\/saiba-mais-sobre-o-i-encontro-de-publicacao-cientifica-do-i-cics\/#primaryimage"},"thumbnailUrl":"https:\/\/unifsa.com.br\/site\/wp-content\/uploads\/2023\/10\/Site-programacao-CICS-.jpg","datePublished":"2023-10-06T11:46:00+00:00","dateModified":"2023-10-09T18:58:58+00:00","breadcrumb":{"@id":"https:\/\/unifsa.com.br\/site\/saiba-mais-sobre-o-i-encontro-de-publicacao-cientifica-do-i-cics\/#breadcrumb"},"inLanguage":"pt-BR","potentialAction":[{"@type":"ReadAction","target":["https:\/\/unifsa.com.br\/site\/saiba-mais-sobre-o-i-encontro-de-publicacao-cientifica-do-i-cics\/"]}]},{"@type":"ImageObject","inLanguage":"pt-BR","@id":"https:\/\/unifsa.com.br\/site\/saiba-mais-sobre-o-i-encontro-de-publicacao-cientifica-do-i-cics\/#primaryimage","url":"https:\/\/unifsa.com.br\/site\/wp-content\/uploads\/2023\/10\/Site-programacao-CICS-.jpg","contentUrl":"https:\/\/unifsa.com.br\/site\/wp-content\/uploads\/2023\/10\/Site-programacao-CICS-.jpg","width":1005,"height":426},{"@type":"BreadcrumbList","@id":"https:\/\/unifsa.com.br\/site\/saiba-mais-sobre-o-i-encontro-de-publicacao-cientifica-do-i-cics\/#breadcrumb","itemListElement":[{"@type":"ListItem","position":1,"name":"In\u00edcio","item":"https:\/\/unifsa.com.br\/site\/"},{"@type":"ListItem","position":2,"name":"I Encontro de Publica\u00e7\u00e3o Cient\u00edfica movimenta o terceiro dia de CICS"}]},{"@type":"WebSite","@id":"https:\/\/unifsa.com.br\/site\/#website","url":"https:\/\/unifsa.com.br\/site\/","name":"Centro Universit\u00e1rio Santo Agostinho - UNIFSA","description":"Conhecimento para toda a vida","publisher":{"@id":"https:\/\/unifsa.com.br\/site\/#organization"},"potentialAction":[{"@type":"SearchAction","target":{"@type":"EntryPoint","urlTemplate":"https:\/\/unifsa.com.br\/site\/?s={search_term_string}"},"query-input":{"@type":"PropertyValueSpecification","valueRequired":true,"valueName":"search_term_string"}}],"inLanguage":"pt-BR"},{"@type":"Organization","@id":"https:\/\/unifsa.com.br\/site\/#organization","name":"Centro Universit\u00e1rio Santo Agostinho - UNIFSA","url":"https:\/\/unifsa.com.br\/site\/","logo":{"@type":"ImageObject","inLanguage":"pt-BR","@id":"https:\/\/unifsa.com.br\/site\/#\/schema\/logo\/image\/","url":"https:\/\/unifsa.com.br\/site\/wp-content\/uploads\/2023\/03\/MARCA-UNIFSA-CIC23-q2apjs1mt975cf1wl25b044coj90fwoiee1kya6800.png","contentUrl":"https:\/\/unifsa.com.br\/site\/wp-content\/uploads\/2023\/03\/MARCA-UNIFSA-CIC23-q2apjs1mt975cf1wl25b044coj90fwoiee1kya6800.png","width":103,"height":100,"caption":"Centro Universit\u00e1rio Santo Agostinho - UNIFSA"},"image":{"@id":"https:\/\/unifsa.com.br\/site\/#\/schema\/logo\/image\/"},"sameAs":["https:\/\/www.facebook.com\/unifsa\/","https:\/\/www.instagram.com\/unifsa\/"]},{"@type":"Person","@id":"https:\/\/unifsa.com.br\/site\/#\/schema\/person\/6f5e8438b96168f9894cb9fe5816660f","name":"UNIFSA","image":{"@type":"ImageObject","inLanguage":"pt-BR","@id":"https:\/\/unifsa.com.br\/site\/#\/schema\/person\/image\/","url":"https:\/\/secure.gravatar.com\/avatar\/3d1043775cda1d91d725491548f9b3a0909638e5fcbd418ee6b285ebfaa2ae59?s=96&d=mm&r=g","contentUrl":"https:\/\/secure.gravatar.com\/avatar\/3d1043775cda1d91d725491548f9b3a0909638e5fcbd418ee6b285ebfaa2ae59?s=96&d=mm&r=g","caption":"UNIFSA"},"url":"https:\/\/unifsa.com.br\/site\/author\/rogerbezerra\/"}]}},"_links":{"self":[{"href":"https:\/\/unifsa.com.br\/site\/wp-json\/wp\/v2\/posts\/25854","targetHints":{"allow":["GET"]}}],"collection":[{"href":"https:\/\/unifsa.com.br\/site\/wp-json\/wp\/v2\/posts"}],"about":[{"href":"https:\/\/unifsa.com.br\/site\/wp-json\/wp\/v2\/types\/post"}],"author":[{"embeddable":true,"href":"https:\/\/unifsa.com.br\/site\/wp-json\/wp\/v2\/users\/1"}],"replies":[{"embeddable":true,"href":"https:\/\/unifsa.com.br\/site\/wp-json\/wp\/v2\/comments?post=25854"}],"version-history":[{"count":15,"href":"https:\/\/unifsa.com.br\/site\/wp-json\/wp\/v2\/posts\/25854\/revisions"}],"predecessor-version":[{"id":26241,"href":"https:\/\/unifsa.com.br\/site\/wp-json\/wp\/v2\/posts\/25854\/revisions\/26241"}],"wp:featuredmedia":[{"embeddable":true,"href":"https:\/\/unifsa.com.br\/site\/wp-json\/wp\/v2\/media\/26057"}],"wp:attachment":[{"href":"https:\/\/unifsa.com.br\/site\/wp-json\/wp\/v2\/media?parent=25854"}],"wp:term":[{"taxonomy":"category","embeddable":true,"href":"https:\/\/unifsa.com.br\/site\/wp-json\/wp\/v2\/categories?post=25854"},{"taxonomy":"post_tag","embeddable":true,"href":"https:\/\/unifsa.com.br\/site\/wp-json\/wp\/v2\/tags?post=25854"}],"curies":[{"name":"wp","href":"https:\/\/api.w.org\/{rel}","templated":true}]}}