{"id":25769,"date":"2023-10-09T08:56:02","date_gmt":"2023-10-09T11:56:02","guid":{"rendered":"https:\/\/unifsa.com.br\/site\/?p=25769"},"modified":"2023-11-17T10:35:01","modified_gmt":"2023-11-17T13:35:01","slug":"inscricoes-abertas-para-a-xi-jornada-de-fisioterapia","status":"publish","type":"post","link":"https:\/\/unifsa.com.br\/site\/inscricoes-abertas-para-a-xi-jornada-de-fisioterapia\/","title":{"rendered":"Inscri\u00e7\u00f5es abertas para a XI Jornada de Fisioterapia"},"content":{"rendered":"\n<p class=\"texto-justificado\">O Centro Universit\u00e1rio Santo Agostinho realizar\u00e1 a <strong>XI Jornada de Fisioterapia<\/strong> nos dias 17 e 18 de novembro, no Audit\u00f3rio Cl\u00f3vis Melo &#8211; Anexo II. Com o tema <strong>Fisioterapia e Tecnologia: Novos Saberes e Novas Oportunidades<\/strong>, o evento possui carga hor\u00e1ria de 20h, e seu valor de inscri\u00e7\u00e3o \u00e9 de R$40,00 para alunos UNIFSA e R$50,00 para a comunidade externa.<\/p>\n\n\n\n<div class=\"wp-block-buttons is-content-justification-center is-layout-flex wp-container-core-buttons-is-layout-1 wp-block-buttons-is-layout-flex\">\n<div class=\"wp-block-button\"><a class=\"wp-block-button__link has-white-color has-vivid-cyan-blue-background-color has-text-color has-background wp-element-button\" href=\"https:\/\/www.sympla.com.br\/evento\/xi-jornada-de-fisioterapia\/2198106?_gl=1*91l0xx*_ga*Mzg0MjA0MTQxLjE2NzU3ODk4MjQ.*_ga_KXH10SQTZF*MTY5Njg1MTU2MC4xNS4xLjE2OTY4NTI0MDcuMC4wLjA.\">Inscreva-se<\/a><\/div>\n<\/div>\n\n\n\n<div class=\"wp-block-buttons is-content-justification-center is-layout-flex wp-container-core-buttons-is-layout-2 wp-block-buttons-is-layout-flex\">\n<div class=\"wp-block-button\"><a class=\"wp-block-button__link has-white-color has-text-color has-background wp-element-button\" href=\"https:\/\/unifsa.com.br\/site\/wp-content\/uploads\/2023\/10\/COMISSAO-CIENTIFICA-DA-JORNADA-DE-FISIOTERA_JORDANO-LEITE-CAVALC.pdf\" style=\"background-color:#065e91\">Submeta seu trabalho cient\u00edfico<\/a><\/div>\n<\/div>\n\n\n\n<p class=\"texto-justificado\">A Jornada possui o objetivo de abordar as tend\u00eancias da Fisioterapia baseada em evid\u00eancias de forma a articular o conhecimento te\u00f3rico \u2013 pr\u00e1tico como mecanismo de forma\u00e7\u00e3o e atua\u00e7\u00e3o do profissional fisioterapeuta.&nbsp;Ela ser\u00e1 voltada para acad\u00eamicos e profissionais de Fisioterapia&nbsp;do UNIFSA e outras IES.<\/p>\n\n\n\n<blockquote class=\"wp-block-quote is-layout-flow wp-block-quote-is-layout-flow\">\n<p class=\"texto-justificado\">A proposi\u00e7\u00e3o de eventos com cunho cient\u00edfico e cultural s\u00e3o componentes norteadores do desenvolvimento de habilidades e compet\u00eancias profissionais no \u00e2mbito da Fisioterapia, que se soma \u00e0s atividades acad\u00eamicas das disciplinas. A jornada cient\u00edfica contribui para o aprofundamento do conhecimento baseado em evid\u00eancias cient\u00edficas, dando respaldo \u00e0 pr\u00e1tica assistencial fisioterap\u00eautica resolutiva.&nbsp;<\/p>\n<cite>Prof. Me. Jordano Leite Cavalcante de Mac\u00eado, docente de Fisioterapia do UNIFSA<\/cite><\/blockquote>\n\n\n\n<h3 class=\"wp-block-heading has-vivid-cyan-blue-color has-text-color\">Confira a programa\u00e7\u00e3o completa:<\/h3>\n\n\n\n<figure class=\"wp-block-table\"><table><tbody><tr><td><strong>DATA<\/strong><\/td><td><strong>HOR\u00c1RIO<\/strong>&nbsp;<\/td><td><strong>ATIVIDADE<\/strong><\/td><td><strong>MINISTRANTE<\/strong><\/td><\/tr><tr><td>17.11.23&nbsp;<\/td><td>8h <\/td><td>Abertura&nbsp;<\/td><td>Reitora Antonieta Lira Silva&nbsp;<br>Diretor de ensino Edjofre Coelho&nbsp;<br>Assessora Pedag\u00f3gica Francisca Carla Silva&nbsp;<br>Coordenador do curso Danyel Pinheiro Castelo Branco&nbsp;<br>Presidente do Crefitto 14 Rodrigo Amorim&nbsp;&nbsp;<\/td><\/tr><tr><td>17.11.23&nbsp;<\/td><td>9h<\/td><td>Palestra Magna&nbsp;<br>M\u00eddias sociais: divulga\u00e7\u00e3o com prop\u00f3sito para profissionais da sa\u00fade.&nbsp;<\/td><td>Jornalista La\u00eds Barradas<br>Fisioterapeuta Neurofuncional Dra. Rauena Lopes\u00a0\u00a0<\/td><\/tr><tr><td>17.11.23&nbsp;<\/td><td>10h<\/td><td>Mesa Redonda: atua\u00e7\u00e3o da equipe multiprofissional na Unidade de Terapia Intensiva&nbsp;<\/td><td>Saulo Carvalho&nbsp;<br>Maria Helena Rodrigues Mesquita Brito&nbsp;<\/td><\/tr><tr><td>17.11.23&nbsp;<\/td><td>11h<\/td><td>Humaniza\u00e7\u00e3o em sa\u00fade em tempos de tecnologia.&nbsp;<\/td><td>Danyel Pinheiro Castelo Branco&nbsp;<br>Karol Costa Silva&nbsp;<\/td><\/tr><tr><td>17.11.23&nbsp;<\/td><td>14h<\/td><td>Ultrassom cinesiol\u00f3gico no ambiente hospitalar&nbsp;<\/td><td>Gabriel Martins<\/td><\/tr><tr><td>17.11.23&nbsp;<\/td><td>15h<\/td><td>Interven\u00e7\u00e3o da Fisioterapia nos canceres de cabe\u00e7a e pesco\u00e7o<\/td><td>Francilma Cat\u00e3o<\/td><\/tr><tr><td>17.11.23&nbsp;<\/td><td>16h<\/td><td>Fisioterapia na Terapia Neural&nbsp;<\/td><td>Laiana Sepulveda de Andrade Mesquita&nbsp;<\/td><\/tr><tr><td><\/td><td>17h<\/td><td>Apresenta\u00e7\u00e3o dos Trabalhos cient\u00edficos&nbsp;<\/td><td><\/td><\/tr><tr><td>18.11.23&nbsp;<\/td><td>8h<\/td><td>Fisioterapia na sexualidade&nbsp;&nbsp;<\/td><td>Karol Carvalho&nbsp;<\/td><\/tr><tr><td>18.11.23<\/td><td>8h40<\/td><td>Abordagem Fisioterap\u00eautica nas disfun\u00e7\u00f5es biomec\u00e2nicas de caixa tor\u00e1cica<\/td><td>Thalita da Silva Fonseca<\/td><\/tr><tr><td>18.11.23&nbsp;<\/td><td>9h20<\/td><td>Momento egresso: pr\u00e1ticas exitosas no mundo de trabalho da Fisioterapia&nbsp;<\/td><td>Ariely N\u00e9tholy Silva<br>NadylaPaloma Lima Vila<\/td><\/tr><tr><td>18.11.23&nbsp;<\/td><td>10h<\/td><td>Facilita\u00e7\u00e3o Neuromuscular Proprioceptiva no p\u00f3s-operat\u00f3rio de fraturas<\/td><td>Riccardo Samuel Albano Lima<\/td><\/tr><tr><td>18.11.23&nbsp;<\/td><td>11h<\/td><td>Atua\u00e7\u00e3o da Fisioterapia Desportiva<\/td><td>Jean Douglas Moura dos Santos<\/td><\/tr><tr><td>18.11.23&nbsp;<\/td><td>12h<\/td><td>Premia\u00e7\u00e3o dos Trabalhos cient\u00edficos&nbsp;<\/td><td><\/td><\/tr><\/tbody><\/table><\/figure>\n","protected":false},"excerpt":{"rendered":"<p>O Centro Universit\u00e1rio Santo Agostinho realizar\u00e1 a XI Jornada de Fisioterapia nos dias 17 e 18 de novembro, no Audit\u00f3rio Cl\u00f3vis Melo &#8211; Anexo II. Com o tema Fisioterapia e Tecnologia: Novos Saberes e Novas Oportunidades, o evento possui carga hor\u00e1ria de 20h, e seu valor de inscri\u00e7\u00e3o \u00e9 de R$40,00 para alunos UNIFSA e<\/p>\n","protected":false},"author":11,"featured_media":26140,"comment_status":"closed","ping_status":"open","sticky":false,"template":"","format":"standard","meta":{"_acf_changed":false,"footnotes":""},"categories":[6,61],"tags":[1444,1443,958],"class_list":["post-25769","post","type-post","status-publish","format-standard","has-post-thumbnail","hentry","category-acontece-na-unifsa","category-fisioterapia","tag-fisioterapia-teresina","tag-fisioterapia-unifsa","tag-jornada-de-fisioterapia"],"acf":[],"yoast_head":"<!-- This site is optimized with the Yoast SEO plugin v26.5 - https:\/\/yoast.com\/wordpress\/plugins\/seo\/ -->\n<title>Inscri\u00e7\u00f5es abertas para a XI Jornada de Fisioterapia - Centro Universit\u00e1rio Santo Agostinho - UNIFSA<\/title>\n<meta name=\"robots\" content=\"index, follow, max-snippet:-1, max-image-preview:large, max-video-preview:-1\" \/>\n<link rel=\"canonical\" href=\"https:\/\/unifsa.com.br\/site\/inscricoes-abertas-para-a-xi-jornada-de-fisioterapia\/\" \/>\n<meta property=\"og:locale\" content=\"pt_BR\" \/>\n<meta property=\"og:type\" content=\"article\" \/>\n<meta property=\"og:title\" content=\"Inscri\u00e7\u00f5es abertas para a XI Jornada de Fisioterapia - Centro Universit\u00e1rio Santo Agostinho - UNIFSA\" \/>\n<meta property=\"og:description\" content=\"O Centro Universit\u00e1rio Santo Agostinho realizar\u00e1 a XI Jornada de Fisioterapia nos dias 17 e 18 de novembro, no Audit\u00f3rio Cl\u00f3vis Melo &#8211; Anexo II. Com o tema Fisioterapia e Tecnologia: Novos Saberes e Novas Oportunidades, o evento possui carga hor\u00e1ria de 20h, e seu valor de inscri\u00e7\u00e3o \u00e9 de R$40,00 para alunos UNIFSA e\" \/>\n<meta property=\"og:url\" content=\"https:\/\/unifsa.com.br\/site\/inscricoes-abertas-para-a-xi-jornada-de-fisioterapia\/\" \/>\n<meta property=\"og:site_name\" content=\"Centro Universit\u00e1rio Santo Agostinho - UNIFSA\" \/>\n<meta property=\"article:publisher\" content=\"https:\/\/www.facebook.com\/unifsa\/\" \/>\n<meta property=\"article:published_time\" content=\"2023-10-09T11:56:02+00:00\" \/>\n<meta property=\"article:modified_time\" content=\"2023-11-17T13:35:01+00:00\" \/>\n<meta property=\"og:image\" content=\"https:\/\/unifsa.com.br\/site\/wp-content\/uploads\/2023\/10\/site-docencia-5.jpg\" \/>\n\t<meta property=\"og:image:width\" content=\"1920\" \/>\n\t<meta property=\"og:image:height\" content=\"805\" \/>\n\t<meta property=\"og:image:type\" content=\"image\/jpeg\" \/>\n<meta name=\"author\" content=\"Oceannyra Kelly da Cruz Silva\" \/>\n<meta name=\"twitter:card\" content=\"summary_large_image\" \/>\n<meta name=\"twitter:label1\" content=\"Escrito por\" \/>\n\t<meta name=\"twitter:data1\" content=\"Oceannyra Kelly da Cruz Silva\" \/>\n\t<meta name=\"twitter:label2\" content=\"Est. tempo de leitura\" \/>\n\t<meta name=\"twitter:data2\" content=\"2 minutos\" \/>\n<script type=\"application\/ld+json\" class=\"yoast-schema-graph\">{\"@context\":\"https:\/\/schema.org\",\"@graph\":[{\"@type\":\"Article\",\"@id\":\"https:\/\/unifsa.com.br\/site\/inscricoes-abertas-para-a-xi-jornada-de-fisioterapia\/#article\",\"isPartOf\":{\"@id\":\"https:\/\/unifsa.com.br\/site\/inscricoes-abertas-para-a-xi-jornada-de-fisioterapia\/\"},\"author\":{\"name\":\"Oceannyra Kelly da Cruz Silva\",\"@id\":\"https:\/\/unifsa.com.br\/site\/#\/schema\/person\/a4cec94bbc6ddf98f579162824de9bf2\"},\"headline\":\"Inscri\u00e7\u00f5es abertas para a XI Jornada de Fisioterapia\",\"datePublished\":\"2023-10-09T11:56:02+00:00\",\"dateModified\":\"2023-11-17T13:35:01+00:00\",\"mainEntityOfPage\":{\"@id\":\"https:\/\/unifsa.com.br\/site\/inscricoes-abertas-para-a-xi-jornada-de-fisioterapia\/\"},\"wordCount\":458,\"publisher\":{\"@id\":\"https:\/\/unifsa.com.br\/site\/#organization\"},\"image\":{\"@id\":\"https:\/\/unifsa.com.br\/site\/inscricoes-abertas-para-a-xi-jornada-de-fisioterapia\/#primaryimage\"},\"thumbnailUrl\":\"https:\/\/unifsa.com.br\/site\/wp-content\/uploads\/2023\/10\/site-docencia-5.jpg\",\"keywords\":[\"Fisioterapia Teresina\",\"Fisioterapia UNIFSA\",\"Jornada de Fisioterapia\"],\"articleSection\":[\"Acontece na UNIFSA\",\"Fisioterapia\"],\"inLanguage\":\"pt-BR\"},{\"@type\":\"WebPage\",\"@id\":\"https:\/\/unifsa.com.br\/site\/inscricoes-abertas-para-a-xi-jornada-de-fisioterapia\/\",\"url\":\"https:\/\/unifsa.com.br\/site\/inscricoes-abertas-para-a-xi-jornada-de-fisioterapia\/\",\"name\":\"Inscri\u00e7\u00f5es abertas para a XI Jornada de Fisioterapia - Centro Universit\u00e1rio Santo Agostinho - UNIFSA\",\"isPartOf\":{\"@id\":\"https:\/\/unifsa.com.br\/site\/#website\"},\"primaryImageOfPage\":{\"@id\":\"https:\/\/unifsa.com.br\/site\/inscricoes-abertas-para-a-xi-jornada-de-fisioterapia\/#primaryimage\"},\"image\":{\"@id\":\"https:\/\/unifsa.com.br\/site\/inscricoes-abertas-para-a-xi-jornada-de-fisioterapia\/#primaryimage\"},\"thumbnailUrl\":\"https:\/\/unifsa.com.br\/site\/wp-content\/uploads\/2023\/10\/site-docencia-5.jpg\",\"datePublished\":\"2023-10-09T11:56:02+00:00\",\"dateModified\":\"2023-11-17T13:35:01+00:00\",\"breadcrumb\":{\"@id\":\"https:\/\/unifsa.com.br\/site\/inscricoes-abertas-para-a-xi-jornada-de-fisioterapia\/#breadcrumb\"},\"inLanguage\":\"pt-BR\",\"potentialAction\":[{\"@type\":\"ReadAction\",\"target\":[\"https:\/\/unifsa.com.br\/site\/inscricoes-abertas-para-a-xi-jornada-de-fisioterapia\/\"]}]},{\"@type\":\"ImageObject\",\"inLanguage\":\"pt-BR\",\"@id\":\"https:\/\/unifsa.com.br\/site\/inscricoes-abertas-para-a-xi-jornada-de-fisioterapia\/#primaryimage\",\"url\":\"https:\/\/unifsa.com.br\/site\/wp-content\/uploads\/2023\/10\/site-docencia-5.jpg\",\"contentUrl\":\"https:\/\/unifsa.com.br\/site\/wp-content\/uploads\/2023\/10\/site-docencia-5.jpg\",\"width\":1920,\"height\":805},{\"@type\":\"BreadcrumbList\",\"@id\":\"https:\/\/unifsa.com.br\/site\/inscricoes-abertas-para-a-xi-jornada-de-fisioterapia\/#breadcrumb\",\"itemListElement\":[{\"@type\":\"ListItem\",\"position\":1,\"name\":\"In\u00edcio\",\"item\":\"https:\/\/unifsa.com.br\/site\/\"},{\"@type\":\"ListItem\",\"position\":2,\"name\":\"Inscri\u00e7\u00f5es abertas para a XI Jornada de Fisioterapia\"}]},{\"@type\":\"WebSite\",\"@id\":\"https:\/\/unifsa.com.br\/site\/#website\",\"url\":\"https:\/\/unifsa.com.br\/site\/\",\"name\":\"Centro Universit\u00e1rio Santo Agostinho - UNIFSA\",\"description\":\"Conhecimento para toda a vida\",\"publisher\":{\"@id\":\"https:\/\/unifsa.com.br\/site\/#organization\"},\"potentialAction\":[{\"@type\":\"SearchAction\",\"target\":{\"@type\":\"EntryPoint\",\"urlTemplate\":\"https:\/\/unifsa.com.br\/site\/?s={search_term_string}\"},\"query-input\":{\"@type\":\"PropertyValueSpecification\",\"valueRequired\":true,\"valueName\":\"search_term_string\"}}],\"inLanguage\":\"pt-BR\"},{\"@type\":\"Organization\",\"@id\":\"https:\/\/unifsa.com.br\/site\/#organization\",\"name\":\"Centro Universit\u00e1rio Santo Agostinho - UNIFSA\",\"url\":\"https:\/\/unifsa.com.br\/site\/\",\"logo\":{\"@type\":\"ImageObject\",\"inLanguage\":\"pt-BR\",\"@id\":\"https:\/\/unifsa.com.br\/site\/#\/schema\/logo\/image\/\",\"url\":\"https:\/\/unifsa.com.br\/site\/wp-content\/uploads\/2023\/03\/MARCA-UNIFSA-CIC23-q2apjs1mt975cf1wl25b044coj90fwoiee1kya6800.png\",\"contentUrl\":\"https:\/\/unifsa.com.br\/site\/wp-content\/uploads\/2023\/03\/MARCA-UNIFSA-CIC23-q2apjs1mt975cf1wl25b044coj90fwoiee1kya6800.png\",\"width\":103,\"height\":100,\"caption\":\"Centro Universit\u00e1rio Santo Agostinho - UNIFSA\"},\"image\":{\"@id\":\"https:\/\/unifsa.com.br\/site\/#\/schema\/logo\/image\/\"},\"sameAs\":[\"https:\/\/www.facebook.com\/unifsa\/\",\"https:\/\/www.instagram.com\/unifsa\/\"]},{\"@type\":\"Person\",\"@id\":\"https:\/\/unifsa.com.br\/site\/#\/schema\/person\/a4cec94bbc6ddf98f579162824de9bf2\",\"name\":\"Oceannyra Kelly da Cruz Silva\",\"image\":{\"@type\":\"ImageObject\",\"inLanguage\":\"pt-BR\",\"@id\":\"https:\/\/unifsa.com.br\/site\/#\/schema\/person\/image\/\",\"url\":\"https:\/\/secure.gravatar.com\/avatar\/671b9403a3f629391fa303312f7d3867?s=96&d=mm&r=g\",\"contentUrl\":\"https:\/\/secure.gravatar.com\/avatar\/671b9403a3f629391fa303312f7d3867?s=96&d=mm&r=g\",\"caption\":\"Oceannyra Kelly da Cruz Silva\"},\"url\":\"https:\/\/unifsa.com.br\/site\/author\/oceannyrakelly\/\"}]}<\/script>\n<!-- \/ Yoast SEO plugin. -->","yoast_head_json":{"title":"Inscri\u00e7\u00f5es abertas para a XI Jornada de Fisioterapia - Centro Universit\u00e1rio Santo Agostinho - UNIFSA","robots":{"index":"index","follow":"follow","max-snippet":"max-snippet:-1","max-image-preview":"max-image-preview:large","max-video-preview":"max-video-preview:-1"},"canonical":"https:\/\/unifsa.com.br\/site\/inscricoes-abertas-para-a-xi-jornada-de-fisioterapia\/","og_locale":"pt_BR","og_type":"article","og_title":"Inscri\u00e7\u00f5es abertas para a XI Jornada de Fisioterapia - Centro Universit\u00e1rio Santo Agostinho - UNIFSA","og_description":"O Centro Universit\u00e1rio Santo Agostinho realizar\u00e1 a XI Jornada de Fisioterapia nos dias 17 e 18 de novembro, no Audit\u00f3rio Cl\u00f3vis Melo &#8211; Anexo II. Com o tema Fisioterapia e Tecnologia: Novos Saberes e Novas Oportunidades, o evento possui carga hor\u00e1ria de 20h, e seu valor de inscri\u00e7\u00e3o \u00e9 de R$40,00 para alunos UNIFSA e","og_url":"https:\/\/unifsa.com.br\/site\/inscricoes-abertas-para-a-xi-jornada-de-fisioterapia\/","og_site_name":"Centro Universit\u00e1rio Santo Agostinho - UNIFSA","article_publisher":"https:\/\/www.facebook.com\/unifsa\/","article_published_time":"2023-10-09T11:56:02+00:00","article_modified_time":"2023-11-17T13:35:01+00:00","og_image":[{"width":1920,"height":805,"url":"https:\/\/unifsa.com.br\/site\/wp-content\/uploads\/2023\/10\/site-docencia-5.jpg","type":"image\/jpeg"}],"author":"Oceannyra Kelly da Cruz Silva","twitter_card":"summary_large_image","twitter_misc":{"Escrito por":"Oceannyra Kelly da Cruz Silva","Est. tempo de leitura":"2 minutos"},"schema":{"@context":"https:\/\/schema.org","@graph":[{"@type":"Article","@id":"https:\/\/unifsa.com.br\/site\/inscricoes-abertas-para-a-xi-jornada-de-fisioterapia\/#article","isPartOf":{"@id":"https:\/\/unifsa.com.br\/site\/inscricoes-abertas-para-a-xi-jornada-de-fisioterapia\/"},"author":{"name":"Oceannyra Kelly da Cruz Silva","@id":"https:\/\/unifsa.com.br\/site\/#\/schema\/person\/a4cec94bbc6ddf98f579162824de9bf2"},"headline":"Inscri\u00e7\u00f5es abertas para a XI Jornada de Fisioterapia","datePublished":"2023-10-09T11:56:02+00:00","dateModified":"2023-11-17T13:35:01+00:00","mainEntityOfPage":{"@id":"https:\/\/unifsa.com.br\/site\/inscricoes-abertas-para-a-xi-jornada-de-fisioterapia\/"},"wordCount":458,"publisher":{"@id":"https:\/\/unifsa.com.br\/site\/#organization"},"image":{"@id":"https:\/\/unifsa.com.br\/site\/inscricoes-abertas-para-a-xi-jornada-de-fisioterapia\/#primaryimage"},"thumbnailUrl":"https:\/\/unifsa.com.br\/site\/wp-content\/uploads\/2023\/10\/site-docencia-5.jpg","keywords":["Fisioterapia Teresina","Fisioterapia UNIFSA","Jornada de Fisioterapia"],"articleSection":["Acontece na UNIFSA","Fisioterapia"],"inLanguage":"pt-BR"},{"@type":"WebPage","@id":"https:\/\/unifsa.com.br\/site\/inscricoes-abertas-para-a-xi-jornada-de-fisioterapia\/","url":"https:\/\/unifsa.com.br\/site\/inscricoes-abertas-para-a-xi-jornada-de-fisioterapia\/","name":"Inscri\u00e7\u00f5es abertas para a XI Jornada de Fisioterapia - Centro Universit\u00e1rio Santo Agostinho - UNIFSA","isPartOf":{"@id":"https:\/\/unifsa.com.br\/site\/#website"},"primaryImageOfPage":{"@id":"https:\/\/unifsa.com.br\/site\/inscricoes-abertas-para-a-xi-jornada-de-fisioterapia\/#primaryimage"},"image":{"@id":"https:\/\/unifsa.com.br\/site\/inscricoes-abertas-para-a-xi-jornada-de-fisioterapia\/#primaryimage"},"thumbnailUrl":"https:\/\/unifsa.com.br\/site\/wp-content\/uploads\/2023\/10\/site-docencia-5.jpg","datePublished":"2023-10-09T11:56:02+00:00","dateModified":"2023-11-17T13:35:01+00:00","breadcrumb":{"@id":"https:\/\/unifsa.com.br\/site\/inscricoes-abertas-para-a-xi-jornada-de-fisioterapia\/#breadcrumb"},"inLanguage":"pt-BR","potentialAction":[{"@type":"ReadAction","target":["https:\/\/unifsa.com.br\/site\/inscricoes-abertas-para-a-xi-jornada-de-fisioterapia\/"]}]},{"@type":"ImageObject","inLanguage":"pt-BR","@id":"https:\/\/unifsa.com.br\/site\/inscricoes-abertas-para-a-xi-jornada-de-fisioterapia\/#primaryimage","url":"https:\/\/unifsa.com.br\/site\/wp-content\/uploads\/2023\/10\/site-docencia-5.jpg","contentUrl":"https:\/\/unifsa.com.br\/site\/wp-content\/uploads\/2023\/10\/site-docencia-5.jpg","width":1920,"height":805},{"@type":"BreadcrumbList","@id":"https:\/\/unifsa.com.br\/site\/inscricoes-abertas-para-a-xi-jornada-de-fisioterapia\/#breadcrumb","itemListElement":[{"@type":"ListItem","position":1,"name":"In\u00edcio","item":"https:\/\/unifsa.com.br\/site\/"},{"@type":"ListItem","position":2,"name":"Inscri\u00e7\u00f5es abertas para a XI Jornada de Fisioterapia"}]},{"@type":"WebSite","@id":"https:\/\/unifsa.com.br\/site\/#website","url":"https:\/\/unifsa.com.br\/site\/","name":"Centro Universit\u00e1rio Santo Agostinho - UNIFSA","description":"Conhecimento para toda a vida","publisher":{"@id":"https:\/\/unifsa.com.br\/site\/#organization"},"potentialAction":[{"@type":"SearchAction","target":{"@type":"EntryPoint","urlTemplate":"https:\/\/unifsa.com.br\/site\/?s={search_term_string}"},"query-input":{"@type":"PropertyValueSpecification","valueRequired":true,"valueName":"search_term_string"}}],"inLanguage":"pt-BR"},{"@type":"Organization","@id":"https:\/\/unifsa.com.br\/site\/#organization","name":"Centro Universit\u00e1rio Santo Agostinho - UNIFSA","url":"https:\/\/unifsa.com.br\/site\/","logo":{"@type":"ImageObject","inLanguage":"pt-BR","@id":"https:\/\/unifsa.com.br\/site\/#\/schema\/logo\/image\/","url":"https:\/\/unifsa.com.br\/site\/wp-content\/uploads\/2023\/03\/MARCA-UNIFSA-CIC23-q2apjs1mt975cf1wl25b044coj90fwoiee1kya6800.png","contentUrl":"https:\/\/unifsa.com.br\/site\/wp-content\/uploads\/2023\/03\/MARCA-UNIFSA-CIC23-q2apjs1mt975cf1wl25b044coj90fwoiee1kya6800.png","width":103,"height":100,"caption":"Centro Universit\u00e1rio Santo Agostinho - UNIFSA"},"image":{"@id":"https:\/\/unifsa.com.br\/site\/#\/schema\/logo\/image\/"},"sameAs":["https:\/\/www.facebook.com\/unifsa\/","https:\/\/www.instagram.com\/unifsa\/"]},{"@type":"Person","@id":"https:\/\/unifsa.com.br\/site\/#\/schema\/person\/a4cec94bbc6ddf98f579162824de9bf2","name":"Oceannyra Kelly da Cruz Silva","image":{"@type":"ImageObject","inLanguage":"pt-BR","@id":"https:\/\/unifsa.com.br\/site\/#\/schema\/person\/image\/","url":"https:\/\/secure.gravatar.com\/avatar\/671b9403a3f629391fa303312f7d3867?s=96&d=mm&r=g","contentUrl":"https:\/\/secure.gravatar.com\/avatar\/671b9403a3f629391fa303312f7d3867?s=96&d=mm&r=g","caption":"Oceannyra Kelly da Cruz Silva"},"url":"https:\/\/unifsa.com.br\/site\/author\/oceannyrakelly\/"}]}},"_links":{"self":[{"href":"https:\/\/unifsa.com.br\/site\/wp-json\/wp\/v2\/posts\/25769","targetHints":{"allow":["GET"]}}],"collection":[{"href":"https:\/\/unifsa.com.br\/site\/wp-json\/wp\/v2\/posts"}],"about":[{"href":"https:\/\/unifsa.com.br\/site\/wp-json\/wp\/v2\/types\/post"}],"author":[{"embeddable":true,"href":"https:\/\/unifsa.com.br\/site\/wp-json\/wp\/v2\/users\/11"}],"replies":[{"embeddable":true,"href":"https:\/\/unifsa.com.br\/site\/wp-json\/wp\/v2\/comments?post=25769"}],"version-history":[{"count":7,"href":"https:\/\/unifsa.com.br\/site\/wp-json\/wp\/v2\/posts\/25769\/revisions"}],"predecessor-version":[{"id":27154,"href":"https:\/\/unifsa.com.br\/site\/wp-json\/wp\/v2\/posts\/25769\/revisions\/27154"}],"wp:featuredmedia":[{"embeddable":true,"href":"https:\/\/unifsa.com.br\/site\/wp-json\/wp\/v2\/media\/26140"}],"wp:attachment":[{"href":"https:\/\/unifsa.com.br\/site\/wp-json\/wp\/v2\/media?parent=25769"}],"wp:term":[{"taxonomy":"category","embeddable":true,"href":"https:\/\/unifsa.com.br\/site\/wp-json\/wp\/v2\/categories?post=25769"},{"taxonomy":"post_tag","embeddable":true,"href":"https:\/\/unifsa.com.br\/site\/wp-json\/wp\/v2\/tags?post=25769"}],"curies":[{"name":"wp","href":"https:\/\/api.w.org\/{rel}","templated":true}]}}