{"id":25759,"date":"2023-09-27T22:08:47","date_gmt":"2023-09-28T01:08:47","guid":{"rendered":"https:\/\/unifsa.com.br\/site\/?p=25759"},"modified":"2023-09-27T22:08:49","modified_gmt":"2023-09-28T01:08:49","slug":"projeto-de-extensao-letramento-racial-seleciona-extensionistas","status":"publish","type":"post","link":"https:\/\/unifsa.com.br\/site\/projeto-de-extensao-letramento-racial-seleciona-extensionistas\/","title":{"rendered":"Projeto de Extens\u00e3o &#8220;Letramento Racial&#8221; seleciona extensionistas"},"content":{"rendered":"\n<p class=\"texto-justificado\">O Centro Universit\u00e1rio Santo Agostinho, no uso de suas atribui\u00e7\u00f5es legais, torna p\u00fablico que se encontram abertas as inscri\u00e7\u00f5es para a <strong>sele\u00e7\u00e3o de estudantes extensionistas<\/strong> para o <strong>Projeto de Extens\u00e3o &#8220;Letramento Racil&#8221; <\/strong>de 28 a 30 de setembro. Para a inscri\u00e7\u00e3o, \u00e9 solicitada a doa\u00e7\u00e3o de um pacote de leite como custo simb\u00f3lico a ser entregue no NUAPE.<\/p>\n\n\n\n<div style=\"height:10px\" aria-hidden=\"true\" class=\"wp-block-spacer\"><\/div>\n\n\n\n<div class=\"wp-block-buttons is-content-justification-center is-layout-flex wp-container-core-buttons-is-layout-16018d1d wp-block-buttons-is-layout-flex\">\n<div class=\"wp-block-button\"><a class=\"wp-block-button__link has-white-color has-vivid-cyan-blue-background-color has-text-color has-background wp-element-button\" href=\"https:\/\/docs.google.com\/forms\/d\/e\/1FAIpQLScyz3uBAm2mlkem5nuXkrpfw1pE0SJ0AxJn9tNpf_aefbu9jw\/viewform\" target=\"_blank\" rel=\"noreferrer noopener\">Inscreva-se<\/a><\/div>\n<\/div>\n\n\n\n<div style=\"height:10px\" aria-hidden=\"true\" class=\"wp-block-spacer\"><\/div>\n\n\n\n<div class=\"wp-block-buttons is-content-justification-center is-layout-flex wp-container-core-buttons-is-layout-16018d1d wp-block-buttons-is-layout-flex\">\n<div class=\"wp-block-button\"><a class=\"wp-block-button__link has-white-color has-text-color has-background wp-element-button\" href=\"https:\/\/unifsa.com.br\/site\/wp-content\/uploads\/2023\/09\/EDITAL-12-LETRAMENTO-RACIAL-2023.2.pdf\" style=\"background-color:#0a6da6\" target=\"_blank\" rel=\"noreferrer noopener\">Edital Completo<\/a><\/div>\n<\/div>\n\n\n\n<div style=\"height:10px\" aria-hidden=\"true\" class=\"wp-block-spacer\"><\/div>\n\n\n\n<p class=\"texto-justificado\">O objetivo do projeto \u00e9 romover uma forma\u00e7\u00e3o acad\u00eamica em estudos \u00e9tnico-raciais a partir de conceitos, perspectivas e compreens\u00f5es sobre a forma\u00e7\u00e3o e atua\u00e7\u00e3o do racismo estrutural no Brasil que perpetua as desigualdades e opress\u00f5es, na tentativa de combater as discrimina\u00e7\u00f5es para assim reconhecer e valorizar a diversidade humana.<\/p>\n\n\n\n<h3 class=\"wp-block-heading has-vivid-cyan-blue-color has-text-color\">Confira o cronograma completo<\/h3>\n\n\n\n<figure class=\"wp-block-table\"><table><tbody><tr><td>Inscri\u00e7\u00f5es<\/td><td>28\/09\/2023 a 30\/09\/2023<\/td><\/tr><tr><td>Entrevista<\/td><td>03\/10\/2023<\/td><\/tr><tr><td>Resultado<\/td><td>05\/10\/2023<\/td><\/tr><tr><td>Realiza\u00e7\u00e3o<\/td><td>10\/10\/2023 a 29\/11\/2023<\/td><\/tr><\/tbody><\/table><\/figure>\n","protected":false},"excerpt":{"rendered":"<p>O Centro Universit\u00e1rio Santo Agostinho, no uso de suas atribui\u00e7\u00f5es legais, torna p\u00fablico que se encontram abertas as inscri\u00e7\u00f5es para a sele\u00e7\u00e3o de estudantes extensionistas para o Projeto de Extens\u00e3o &#8220;Letramento Racil&#8221; de 28 a 30 de setembro. Para a inscri\u00e7\u00e3o, \u00e9 solicitada a doa\u00e7\u00e3o de um pacote de leite como custo simb\u00f3lico a ser<\/p>\n","protected":false},"author":12,"featured_media":25761,"comment_status":"closed","ping_status":"open","sticky":false,"template":"","format":"standard","meta":{"_acf_changed":false,"footnotes":""},"categories":[6,50,51,52,53,1,59,56,57,58,475,72,60,61,474,63,49,54],"tags":[1426,108],"class_list":["post-25759","post","type-post","status-publish","format-standard","has-post-thumbnail","hentry","category-acontece-na-unifsa","category-administracao","category-arquitetura-urbanismo","category-ciencias-contabeis","category-direito","category-educacao-fisica","category-enfermagem","category-engenharia-civil","category-engenharia-producao","category-engenharia-eletrica","category-estetica-e-cosmetica","category-extensao","category-farmacia","category-fisioterapia","category-medicina-veterinaria","category-odontologia","category-pedagogia","category-psicologia","tag-letramento-racial","tag-projeto-de-extensao"],"acf":[],"yoast_head":"<!-- This site is optimized with the Yoast SEO plugin v26.5 - https:\/\/yoast.com\/wordpress\/plugins\/seo\/ -->\n<title>Projeto de Extens\u00e3o &quot;Letramento Racial&quot; seleciona extensionistas - Centro Universit\u00e1rio Santo Agostinho - UNIFSA<\/title>\n<meta name=\"robots\" content=\"index, follow, max-snippet:-1, max-image-preview:large, max-video-preview:-1\" \/>\n<link rel=\"canonical\" href=\"https:\/\/unifsa.com.br\/site\/projeto-de-extensao-letramento-racial-seleciona-extensionistas\/\" \/>\n<meta property=\"og:locale\" content=\"pt_BR\" \/>\n<meta property=\"og:type\" content=\"article\" \/>\n<meta property=\"og:title\" content=\"Projeto de Extens\u00e3o &quot;Letramento Racial&quot; seleciona extensionistas - Centro Universit\u00e1rio Santo Agostinho - UNIFSA\" \/>\n<meta property=\"og:description\" content=\"O Centro Universit\u00e1rio Santo Agostinho, no uso de suas atribui\u00e7\u00f5es legais, torna p\u00fablico que se encontram abertas as inscri\u00e7\u00f5es para a sele\u00e7\u00e3o de estudantes extensionistas para o Projeto de Extens\u00e3o &#8220;Letramento Racil&#8221; de 28 a 30 de setembro. Para a inscri\u00e7\u00e3o, \u00e9 solicitada a doa\u00e7\u00e3o de um pacote de leite como custo simb\u00f3lico a ser\" \/>\n<meta property=\"og:url\" content=\"https:\/\/unifsa.com.br\/site\/projeto-de-extensao-letramento-racial-seleciona-extensionistas\/\" \/>\n<meta property=\"og:site_name\" content=\"Centro Universit\u00e1rio Santo Agostinho - UNIFSA\" \/>\n<meta property=\"article:publisher\" content=\"https:\/\/www.facebook.com\/unifsa\/\" \/>\n<meta property=\"article:published_time\" content=\"2023-09-28T01:08:47+00:00\" \/>\n<meta property=\"article:modified_time\" content=\"2023-09-28T01:08:49+00:00\" \/>\n<meta property=\"og:image\" content=\"https:\/\/unifsa.com.br\/site\/wp-content\/uploads\/2023\/09\/Letramento-Racil-Extensao.png\" \/>\n\t<meta property=\"og:image:width\" content=\"1920\" \/>\n\t<meta property=\"og:image:height\" content=\"805\" \/>\n\t<meta property=\"og:image:type\" content=\"image\/png\" \/>\n<meta name=\"author\" content=\"Estev\u00e3o Leite Cordeiro de Souza\" \/>\n<meta name=\"twitter:card\" content=\"summary_large_image\" \/>\n<meta name=\"twitter:label1\" content=\"Escrito por\" \/>\n\t<meta name=\"twitter:data1\" content=\"Estev\u00e3o Leite Cordeiro de Souza\" \/>\n\t<meta name=\"twitter:label2\" content=\"Est. tempo de leitura\" \/>\n\t<meta name=\"twitter:data2\" content=\"1 minuto\" \/>\n<script type=\"application\/ld+json\" class=\"yoast-schema-graph\">{\"@context\":\"https:\/\/schema.org\",\"@graph\":[{\"@type\":\"Article\",\"@id\":\"https:\/\/unifsa.com.br\/site\/projeto-de-extensao-letramento-racial-seleciona-extensionistas\/#article\",\"isPartOf\":{\"@id\":\"https:\/\/unifsa.com.br\/site\/projeto-de-extensao-letramento-racial-seleciona-extensionistas\/\"},\"author\":{\"name\":\"Estev\u00e3o Leite Cordeiro de Souza\",\"@id\":\"https:\/\/unifsa.com.br\/site\/#\/schema\/person\/459d6944d25bd72102b031eb886c7cbf\"},\"headline\":\"Projeto de Extens\u00e3o &#8220;Letramento Racial&#8221; seleciona extensionistas\",\"datePublished\":\"2023-09-28T01:08:47+00:00\",\"dateModified\":\"2023-09-28T01:08:49+00:00\",\"mainEntityOfPage\":{\"@id\":\"https:\/\/unifsa.com.br\/site\/projeto-de-extensao-letramento-racial-seleciona-extensionistas\/\"},\"wordCount\":142,\"publisher\":{\"@id\":\"https:\/\/unifsa.com.br\/site\/#organization\"},\"image\":{\"@id\":\"https:\/\/unifsa.com.br\/site\/projeto-de-extensao-letramento-racial-seleciona-extensionistas\/#primaryimage\"},\"thumbnailUrl\":\"https:\/\/unifsa.com.br\/site\/wp-content\/uploads\/2023\/09\/Letramento-Racil-Extensao.png\",\"keywords\":[\"Letramento Racial\",\"Projeto de Extens\u00e3o\"],\"articleSection\":[\"Acontece na UNIFSA\",\"Administra\u00e7\u00e3o\",\"Arquitetura e Urbanismo\",\"Ci\u00eancias Cont\u00e1beis\",\"Direito\",\"Educa\u00e7\u00e3o F\u00edsica\",\"Enfermagem\",\"Engenharia Civil\",\"Engenharia de Produ\u00e7\u00e3o\",\"Engenharia El\u00e9trica\",\"Est\u00e9tica e Cosm\u00e9tica\",\"Extens\u00e3o\",\"Farm\u00e1cia\",\"Fisioterapia\",\"Medicina Veterin\u00e1ria\",\"Odontologia\",\"Pedagogia\",\"Psicologia\"],\"inLanguage\":\"pt-BR\"},{\"@type\":\"WebPage\",\"@id\":\"https:\/\/unifsa.com.br\/site\/projeto-de-extensao-letramento-racial-seleciona-extensionistas\/\",\"url\":\"https:\/\/unifsa.com.br\/site\/projeto-de-extensao-letramento-racial-seleciona-extensionistas\/\",\"name\":\"Projeto de Extens\u00e3o \\\"Letramento Racial\\\" seleciona extensionistas - Centro Universit\u00e1rio Santo Agostinho - UNIFSA\",\"isPartOf\":{\"@id\":\"https:\/\/unifsa.com.br\/site\/#website\"},\"primaryImageOfPage\":{\"@id\":\"https:\/\/unifsa.com.br\/site\/projeto-de-extensao-letramento-racial-seleciona-extensionistas\/#primaryimage\"},\"image\":{\"@id\":\"https:\/\/unifsa.com.br\/site\/projeto-de-extensao-letramento-racial-seleciona-extensionistas\/#primaryimage\"},\"thumbnailUrl\":\"https:\/\/unifsa.com.br\/site\/wp-content\/uploads\/2023\/09\/Letramento-Racil-Extensao.png\",\"datePublished\":\"2023-09-28T01:08:47+00:00\",\"dateModified\":\"2023-09-28T01:08:49+00:00\",\"breadcrumb\":{\"@id\":\"https:\/\/unifsa.com.br\/site\/projeto-de-extensao-letramento-racial-seleciona-extensionistas\/#breadcrumb\"},\"inLanguage\":\"pt-BR\",\"potentialAction\":[{\"@type\":\"ReadAction\",\"target\":[\"https:\/\/unifsa.com.br\/site\/projeto-de-extensao-letramento-racial-seleciona-extensionistas\/\"]}]},{\"@type\":\"ImageObject\",\"inLanguage\":\"pt-BR\",\"@id\":\"https:\/\/unifsa.com.br\/site\/projeto-de-extensao-letramento-racial-seleciona-extensionistas\/#primaryimage\",\"url\":\"https:\/\/unifsa.com.br\/site\/wp-content\/uploads\/2023\/09\/Letramento-Racil-Extensao.png\",\"contentUrl\":\"https:\/\/unifsa.com.br\/site\/wp-content\/uploads\/2023\/09\/Letramento-Racil-Extensao.png\",\"width\":1920,\"height\":805},{\"@type\":\"BreadcrumbList\",\"@id\":\"https:\/\/unifsa.com.br\/site\/projeto-de-extensao-letramento-racial-seleciona-extensionistas\/#breadcrumb\",\"itemListElement\":[{\"@type\":\"ListItem\",\"position\":1,\"name\":\"In\u00edcio\",\"item\":\"https:\/\/unifsa.com.br\/site\/\"},{\"@type\":\"ListItem\",\"position\":2,\"name\":\"Projeto de Extens\u00e3o &#8220;Letramento Racial&#8221; seleciona extensionistas\"}]},{\"@type\":\"WebSite\",\"@id\":\"https:\/\/unifsa.com.br\/site\/#website\",\"url\":\"https:\/\/unifsa.com.br\/site\/\",\"name\":\"Centro Universit\u00e1rio Santo Agostinho - UNIFSA\",\"description\":\"Conhecimento para toda a vida\",\"publisher\":{\"@id\":\"https:\/\/unifsa.com.br\/site\/#organization\"},\"potentialAction\":[{\"@type\":\"SearchAction\",\"target\":{\"@type\":\"EntryPoint\",\"urlTemplate\":\"https:\/\/unifsa.com.br\/site\/?s={search_term_string}\"},\"query-input\":{\"@type\":\"PropertyValueSpecification\",\"valueRequired\":true,\"valueName\":\"search_term_string\"}}],\"inLanguage\":\"pt-BR\"},{\"@type\":\"Organization\",\"@id\":\"https:\/\/unifsa.com.br\/site\/#organization\",\"name\":\"Centro Universit\u00e1rio Santo Agostinho - UNIFSA\",\"url\":\"https:\/\/unifsa.com.br\/site\/\",\"logo\":{\"@type\":\"ImageObject\",\"inLanguage\":\"pt-BR\",\"@id\":\"https:\/\/unifsa.com.br\/site\/#\/schema\/logo\/image\/\",\"url\":\"https:\/\/unifsa.com.br\/site\/wp-content\/uploads\/2023\/03\/MARCA-UNIFSA-CIC23-q2apjs1mt975cf1wl25b044coj90fwoiee1kya6800.png\",\"contentUrl\":\"https:\/\/unifsa.com.br\/site\/wp-content\/uploads\/2023\/03\/MARCA-UNIFSA-CIC23-q2apjs1mt975cf1wl25b044coj90fwoiee1kya6800.png\",\"width\":103,\"height\":100,\"caption\":\"Centro Universit\u00e1rio Santo Agostinho - UNIFSA\"},\"image\":{\"@id\":\"https:\/\/unifsa.com.br\/site\/#\/schema\/logo\/image\/\"},\"sameAs\":[\"https:\/\/www.facebook.com\/unifsa\/\",\"https:\/\/www.instagram.com\/unifsa\/\"]},{\"@type\":\"Person\",\"@id\":\"https:\/\/unifsa.com.br\/site\/#\/schema\/person\/459d6944d25bd72102b031eb886c7cbf\",\"name\":\"Estev\u00e3o Leite Cordeiro de Souza\",\"image\":{\"@type\":\"ImageObject\",\"inLanguage\":\"pt-BR\",\"@id\":\"https:\/\/unifsa.com.br\/site\/#\/schema\/person\/image\/\",\"url\":\"https:\/\/secure.gravatar.com\/avatar\/b381626173a0b440e86662336f5d92704de1b8100a4cb5a34d6466804eb5c336?s=96&d=mm&r=g\",\"contentUrl\":\"https:\/\/secure.gravatar.com\/avatar\/b381626173a0b440e86662336f5d92704de1b8100a4cb5a34d6466804eb5c336?s=96&d=mm&r=g\",\"caption\":\"Estev\u00e3o Leite Cordeiro de Souza\"},\"url\":\"https:\/\/unifsa.com.br\/site\/author\/estevaocordeiro\/\"}]}<\/script>\n<!-- \/ Yoast SEO plugin. -->","yoast_head_json":{"title":"Projeto de Extens\u00e3o \"Letramento Racial\" seleciona extensionistas - Centro Universit\u00e1rio Santo Agostinho - UNIFSA","robots":{"index":"index","follow":"follow","max-snippet":"max-snippet:-1","max-image-preview":"max-image-preview:large","max-video-preview":"max-video-preview:-1"},"canonical":"https:\/\/unifsa.com.br\/site\/projeto-de-extensao-letramento-racial-seleciona-extensionistas\/","og_locale":"pt_BR","og_type":"article","og_title":"Projeto de Extens\u00e3o \"Letramento Racial\" seleciona extensionistas - Centro Universit\u00e1rio Santo Agostinho - UNIFSA","og_description":"O Centro Universit\u00e1rio Santo Agostinho, no uso de suas atribui\u00e7\u00f5es legais, torna p\u00fablico que se encontram abertas as inscri\u00e7\u00f5es para a sele\u00e7\u00e3o de estudantes extensionistas para o Projeto de Extens\u00e3o &#8220;Letramento Racil&#8221; de 28 a 30 de setembro. Para a inscri\u00e7\u00e3o, \u00e9 solicitada a doa\u00e7\u00e3o de um pacote de leite como custo simb\u00f3lico a ser","og_url":"https:\/\/unifsa.com.br\/site\/projeto-de-extensao-letramento-racial-seleciona-extensionistas\/","og_site_name":"Centro Universit\u00e1rio Santo Agostinho - UNIFSA","article_publisher":"https:\/\/www.facebook.com\/unifsa\/","article_published_time":"2023-09-28T01:08:47+00:00","article_modified_time":"2023-09-28T01:08:49+00:00","og_image":[{"width":1920,"height":805,"url":"https:\/\/unifsa.com.br\/site\/wp-content\/uploads\/2023\/09\/Letramento-Racil-Extensao.png","type":"image\/png"}],"author":"Estev\u00e3o Leite Cordeiro de Souza","twitter_card":"summary_large_image","twitter_misc":{"Escrito por":"Estev\u00e3o Leite Cordeiro de Souza","Est. tempo de leitura":"1 minuto"},"schema":{"@context":"https:\/\/schema.org","@graph":[{"@type":"Article","@id":"https:\/\/unifsa.com.br\/site\/projeto-de-extensao-letramento-racial-seleciona-extensionistas\/#article","isPartOf":{"@id":"https:\/\/unifsa.com.br\/site\/projeto-de-extensao-letramento-racial-seleciona-extensionistas\/"},"author":{"name":"Estev\u00e3o Leite Cordeiro de Souza","@id":"https:\/\/unifsa.com.br\/site\/#\/schema\/person\/459d6944d25bd72102b031eb886c7cbf"},"headline":"Projeto de Extens\u00e3o &#8220;Letramento Racial&#8221; seleciona extensionistas","datePublished":"2023-09-28T01:08:47+00:00","dateModified":"2023-09-28T01:08:49+00:00","mainEntityOfPage":{"@id":"https:\/\/unifsa.com.br\/site\/projeto-de-extensao-letramento-racial-seleciona-extensionistas\/"},"wordCount":142,"publisher":{"@id":"https:\/\/unifsa.com.br\/site\/#organization"},"image":{"@id":"https:\/\/unifsa.com.br\/site\/projeto-de-extensao-letramento-racial-seleciona-extensionistas\/#primaryimage"},"thumbnailUrl":"https:\/\/unifsa.com.br\/site\/wp-content\/uploads\/2023\/09\/Letramento-Racil-Extensao.png","keywords":["Letramento Racial","Projeto de Extens\u00e3o"],"articleSection":["Acontece na UNIFSA","Administra\u00e7\u00e3o","Arquitetura e Urbanismo","Ci\u00eancias Cont\u00e1beis","Direito","Educa\u00e7\u00e3o F\u00edsica","Enfermagem","Engenharia Civil","Engenharia de Produ\u00e7\u00e3o","Engenharia El\u00e9trica","Est\u00e9tica e Cosm\u00e9tica","Extens\u00e3o","Farm\u00e1cia","Fisioterapia","Medicina Veterin\u00e1ria","Odontologia","Pedagogia","Psicologia"],"inLanguage":"pt-BR"},{"@type":"WebPage","@id":"https:\/\/unifsa.com.br\/site\/projeto-de-extensao-letramento-racial-seleciona-extensionistas\/","url":"https:\/\/unifsa.com.br\/site\/projeto-de-extensao-letramento-racial-seleciona-extensionistas\/","name":"Projeto de Extens\u00e3o \"Letramento Racial\" seleciona extensionistas - Centro Universit\u00e1rio Santo Agostinho - UNIFSA","isPartOf":{"@id":"https:\/\/unifsa.com.br\/site\/#website"},"primaryImageOfPage":{"@id":"https:\/\/unifsa.com.br\/site\/projeto-de-extensao-letramento-racial-seleciona-extensionistas\/#primaryimage"},"image":{"@id":"https:\/\/unifsa.com.br\/site\/projeto-de-extensao-letramento-racial-seleciona-extensionistas\/#primaryimage"},"thumbnailUrl":"https:\/\/unifsa.com.br\/site\/wp-content\/uploads\/2023\/09\/Letramento-Racil-Extensao.png","datePublished":"2023-09-28T01:08:47+00:00","dateModified":"2023-09-28T01:08:49+00:00","breadcrumb":{"@id":"https:\/\/unifsa.com.br\/site\/projeto-de-extensao-letramento-racial-seleciona-extensionistas\/#breadcrumb"},"inLanguage":"pt-BR","potentialAction":[{"@type":"ReadAction","target":["https:\/\/unifsa.com.br\/site\/projeto-de-extensao-letramento-racial-seleciona-extensionistas\/"]}]},{"@type":"ImageObject","inLanguage":"pt-BR","@id":"https:\/\/unifsa.com.br\/site\/projeto-de-extensao-letramento-racial-seleciona-extensionistas\/#primaryimage","url":"https:\/\/unifsa.com.br\/site\/wp-content\/uploads\/2023\/09\/Letramento-Racil-Extensao.png","contentUrl":"https:\/\/unifsa.com.br\/site\/wp-content\/uploads\/2023\/09\/Letramento-Racil-Extensao.png","width":1920,"height":805},{"@type":"BreadcrumbList","@id":"https:\/\/unifsa.com.br\/site\/projeto-de-extensao-letramento-racial-seleciona-extensionistas\/#breadcrumb","itemListElement":[{"@type":"ListItem","position":1,"name":"In\u00edcio","item":"https:\/\/unifsa.com.br\/site\/"},{"@type":"ListItem","position":2,"name":"Projeto de Extens\u00e3o &#8220;Letramento Racial&#8221; seleciona extensionistas"}]},{"@type":"WebSite","@id":"https:\/\/unifsa.com.br\/site\/#website","url":"https:\/\/unifsa.com.br\/site\/","name":"Centro Universit\u00e1rio Santo Agostinho - UNIFSA","description":"Conhecimento para toda a vida","publisher":{"@id":"https:\/\/unifsa.com.br\/site\/#organization"},"potentialAction":[{"@type":"SearchAction","target":{"@type":"EntryPoint","urlTemplate":"https:\/\/unifsa.com.br\/site\/?s={search_term_string}"},"query-input":{"@type":"PropertyValueSpecification","valueRequired":true,"valueName":"search_term_string"}}],"inLanguage":"pt-BR"},{"@type":"Organization","@id":"https:\/\/unifsa.com.br\/site\/#organization","name":"Centro Universit\u00e1rio Santo Agostinho - UNIFSA","url":"https:\/\/unifsa.com.br\/site\/","logo":{"@type":"ImageObject","inLanguage":"pt-BR","@id":"https:\/\/unifsa.com.br\/site\/#\/schema\/logo\/image\/","url":"https:\/\/unifsa.com.br\/site\/wp-content\/uploads\/2023\/03\/MARCA-UNIFSA-CIC23-q2apjs1mt975cf1wl25b044coj90fwoiee1kya6800.png","contentUrl":"https:\/\/unifsa.com.br\/site\/wp-content\/uploads\/2023\/03\/MARCA-UNIFSA-CIC23-q2apjs1mt975cf1wl25b044coj90fwoiee1kya6800.png","width":103,"height":100,"caption":"Centro Universit\u00e1rio Santo Agostinho - UNIFSA"},"image":{"@id":"https:\/\/unifsa.com.br\/site\/#\/schema\/logo\/image\/"},"sameAs":["https:\/\/www.facebook.com\/unifsa\/","https:\/\/www.instagram.com\/unifsa\/"]},{"@type":"Person","@id":"https:\/\/unifsa.com.br\/site\/#\/schema\/person\/459d6944d25bd72102b031eb886c7cbf","name":"Estev\u00e3o Leite Cordeiro de Souza","image":{"@type":"ImageObject","inLanguage":"pt-BR","@id":"https:\/\/unifsa.com.br\/site\/#\/schema\/person\/image\/","url":"https:\/\/secure.gravatar.com\/avatar\/b381626173a0b440e86662336f5d92704de1b8100a4cb5a34d6466804eb5c336?s=96&d=mm&r=g","contentUrl":"https:\/\/secure.gravatar.com\/avatar\/b381626173a0b440e86662336f5d92704de1b8100a4cb5a34d6466804eb5c336?s=96&d=mm&r=g","caption":"Estev\u00e3o Leite Cordeiro de Souza"},"url":"https:\/\/unifsa.com.br\/site\/author\/estevaocordeiro\/"}]}},"_links":{"self":[{"href":"https:\/\/unifsa.com.br\/site\/wp-json\/wp\/v2\/posts\/25759","targetHints":{"allow":["GET"]}}],"collection":[{"href":"https:\/\/unifsa.com.br\/site\/wp-json\/wp\/v2\/posts"}],"about":[{"href":"https:\/\/unifsa.com.br\/site\/wp-json\/wp\/v2\/types\/post"}],"author":[{"embeddable":true,"href":"https:\/\/unifsa.com.br\/site\/wp-json\/wp\/v2\/users\/12"}],"replies":[{"embeddable":true,"href":"https:\/\/unifsa.com.br\/site\/wp-json\/wp\/v2\/comments?post=25759"}],"version-history":[{"count":2,"href":"https:\/\/unifsa.com.br\/site\/wp-json\/wp\/v2\/posts\/25759\/revisions"}],"predecessor-version":[{"id":25763,"href":"https:\/\/unifsa.com.br\/site\/wp-json\/wp\/v2\/posts\/25759\/revisions\/25763"}],"wp:featuredmedia":[{"embeddable":true,"href":"https:\/\/unifsa.com.br\/site\/wp-json\/wp\/v2\/media\/25761"}],"wp:attachment":[{"href":"https:\/\/unifsa.com.br\/site\/wp-json\/wp\/v2\/media?parent=25759"}],"wp:term":[{"taxonomy":"category","embeddable":true,"href":"https:\/\/unifsa.com.br\/site\/wp-json\/wp\/v2\/categories?post=25759"},{"taxonomy":"post_tag","embeddable":true,"href":"https:\/\/unifsa.com.br\/site\/wp-json\/wp\/v2\/tags?post=25759"}],"curies":[{"name":"wp","href":"https:\/\/api.w.org\/{rel}","templated":true}]}}