{"id":25687,"date":"2023-09-25T13:22:59","date_gmt":"2023-09-25T16:22:59","guid":{"rendered":"https:\/\/unifsa.com.br\/site\/?p=25687"},"modified":"2023-09-25T13:23:02","modified_gmt":"2023-09-25T16:23:02","slug":"conferencia-magna-do-i-cics-traz-desenvolvimento-humano-e-social-como-tema","status":"publish","type":"post","link":"https:\/\/unifsa.com.br\/site\/conferencia-magna-do-i-cics-traz-desenvolvimento-humano-e-social-como-tema\/","title":{"rendered":"Confer\u00eancia Magna do I CICS traz desenvolvimento humano e social como tema"},"content":{"rendered":"\n<p class=\"texto-justificado\">O primeiro dia de Congresso Internacional Ci\u00eancia e Sociedade &#8211; CICS vai ser mais que especial. \u00c0s 16h30 do dia 04 de outubro, a Confer\u00eancia Magna ter\u00e1 como tema central o <strong>\u201cDesenvolvimento humano e social: das ideias \u00e0s pr\u00e1ticas\u201d<\/strong>, no Audit\u00f3rio Cl\u00f3vis Melo, Anexo 2 do Centro Universit\u00e1rio Santo Agostinho. Para conduzir esse momento oficial, o evento receber\u00e1 o<strong> Prof. Dr. Gabriel Jaime Ot\u00e1lvaro Castro<\/strong>, da Universidad de Antioquia, Col\u00f4mbia.<\/p>\n\n\n\n<div class=\"wp-block-buttons is-content-justification-center is-layout-flex wp-container-core-buttons-is-layout-16018d1d wp-block-buttons-is-layout-flex\">\n<div class=\"wp-block-button\"><a class=\"wp-block-button__link has-white-color has-vivid-cyan-blue-background-color has-text-color has-background wp-element-button\" href=\"https:\/\/accounts.galoa.com.br\/br\/realm\/cics-2023\/login?destination=oauth2\/authorize&amp;origin=eventdashboard\">Inscreva-se no I CICS<\/a><\/div>\n<\/div>\n\n\n\n<p class=\"texto-justificado\">O curr\u00edculo deste palestrante \u00e9 bastante amplo. Ele \u00e9 graduado em Odontologia, Mestre em Educa\u00e7\u00e3o e Doutor em Sa\u00fade Coletiva, Meio Ambiente e Sociedade. Suas experi\u00eancias profissionais incluem v\u00e1rios cargos administrativos (como diretor da Associa\u00e7\u00e3o Colombiana de Faculdades de Odontologia e coordenador de a\u00e7\u00f5es no ambiente escolar do Plano de Aten\u00e7\u00e3o B\u00e1sica na Secretaria Distrital de Sa\u00fade de Bogot\u00e1), al\u00e9m de ser um grande pesquisador da sua \u00e1rea de atua\u00e7\u00e3o, abordando principalmente os temas gest\u00e3o e pol\u00edticas de sa\u00fade, promo\u00e7\u00e3o da sa\u00fade\/cuidados de sa\u00fade prim\u00e1rios,&nbsp; desigualdades e determina\u00e7\u00e3o social do processo sa\u00fade &#8211; doen\u00e7a,&nbsp; direito \u00e0 sa\u00fade e lutas sociais pela sa\u00fade na Col\u00f4mbia,&nbsp; desenvolvimento curricular,&nbsp; sa\u00fade coletiva e epidemiologia cr\u00edtica.<\/p>\n\n\n<div class=\"wp-block-image\">\n<figure class=\"alignleft size-full\"><img fetchpriority=\"high\" decoding=\"async\" width=\"209\" height=\"251\" src=\"https:\/\/unifsa.com.br\/site\/wp-content\/uploads\/2023\/09\/image-1.png\" alt=\"\" class=\"wp-image-25688\"\/><\/figure>\n<\/div>\n\n\n<p class=\"texto-justificado\">Atualmente, Dr. Gabriel \u00e9 docente na Universidade de Antioquia, onde leciona aulas de gradua\u00e7\u00e3o e p\u00f3s-gradua\u00e7\u00e3o e exerce tamb\u00e9m o papel de chefe de departamento do Centro de Pesquisas da Faculdade Nacional de Sa\u00fade P\u00fablica. Ele j\u00e1 recebeu diversos reconhecimentos por seu trabalho, entre eles \u201cMen\u00e7\u00e3o Honrosa em Pesquisa, Associa\u00e7\u00e3o Colombiana de Faculdades de Odontologia\u201d, em 2000, e o mais atual em 2019, por sua \u201cDistinta tese de doutorado\u201d. Ainda, o pesquisador \u00e9 bil\u00edngue, falando e entendendo bem o ingl\u00eas e o espanhol. Seu nome est\u00e1 incluso em diversos eventos e tutorias de pesquisa, al\u00e9m de livros e revistas cient\u00edficas, refor\u00e7ando que a parte de pesquisador \u00e9 bem ativa na vida desse palestrante.&nbsp;<\/p>\n\n\n\n<p class=\"texto-justificado\">Ap\u00f3s esse momento, o congresso se estende at\u00e9 o dia 07 de outubro, com palestras, GTs, mesas redondas, minicursos e muito mais.<\/p>\n\n\n\n<div class=\"wp-block-buttons is-content-justification-center is-layout-flex wp-container-core-buttons-is-layout-16018d1d wp-block-buttons-is-layout-flex\">\n<div class=\"wp-block-button\"><a class=\"wp-block-button__link has-white-color has-vivid-cyan-blue-background-color has-text-color has-background wp-element-button\" href=\"https:\/\/unifsa.com.br\/cics2023\/programacao-geral\/\">Confira a programa\u00e7\u00e3o completa<\/a><\/div>\n<\/div>\n","protected":false},"excerpt":{"rendered":"<p>O primeiro dia de Congresso Internacional Ci\u00eancia e Sociedade &#8211; CICS vai ser mais que especial. \u00c0s 16h30 do dia 04 de outubro, a Confer\u00eancia Magna ter\u00e1 como tema central o \u201cDesenvolvimento humano e social: das ideias \u00e0s pr\u00e1ticas\u201d, no Audit\u00f3rio Cl\u00f3vis Melo, Anexo 2 do Centro Universit\u00e1rio Santo Agostinho. Para conduzir esse momento oficial,<\/p>\n","protected":false},"author":1,"featured_media":25697,"comment_status":"closed","ping_status":"open","sticky":false,"template":"","format":"standard","meta":{"_acf_changed":false,"footnotes":""},"categories":[6,1191],"tags":[1419,1418,1188,1197],"class_list":["post-25687","post","type-post","status-publish","format-standard","has-post-thumbnail","hentry","category-acontece-na-unifsa","category-cics-2023","tag-conferencia-magna-do-i-cics","tag-desenvolvimento-humano-e-social","tag-i-cics","tag-i-congresso-internacional-ciencia-e-sociedade"],"acf":[],"yoast_head":"<!-- This site is optimized with the Yoast SEO plugin v26.5 - https:\/\/yoast.com\/wordpress\/plugins\/seo\/ -->\n<title>Confer\u00eancia Magna do I CICS traz desenvolvimento humano e social como tema - Centro Universit\u00e1rio Santo Agostinho - UNIFSA<\/title>\n<meta name=\"robots\" content=\"index, follow, max-snippet:-1, max-image-preview:large, max-video-preview:-1\" \/>\n<link rel=\"canonical\" href=\"https:\/\/unifsa.com.br\/site\/conferencia-magna-do-i-cics-traz-desenvolvimento-humano-e-social-como-tema\/\" \/>\n<meta property=\"og:locale\" content=\"pt_BR\" \/>\n<meta property=\"og:type\" content=\"article\" \/>\n<meta property=\"og:title\" content=\"Confer\u00eancia Magna do I CICS traz desenvolvimento humano e social como tema - Centro Universit\u00e1rio Santo Agostinho - UNIFSA\" \/>\n<meta property=\"og:description\" content=\"O primeiro dia de Congresso Internacional Ci\u00eancia e Sociedade &#8211; CICS vai ser mais que especial. \u00c0s 16h30 do dia 04 de outubro, a Confer\u00eancia Magna ter\u00e1 como tema central o \u201cDesenvolvimento humano e social: das ideias \u00e0s pr\u00e1ticas\u201d, no Audit\u00f3rio Cl\u00f3vis Melo, Anexo 2 do Centro Universit\u00e1rio Santo Agostinho. Para conduzir esse momento oficial,\" \/>\n<meta property=\"og:url\" content=\"https:\/\/unifsa.com.br\/site\/conferencia-magna-do-i-cics-traz-desenvolvimento-humano-e-social-como-tema\/\" \/>\n<meta property=\"og:site_name\" content=\"Centro Universit\u00e1rio Santo Agostinho - UNIFSA\" \/>\n<meta property=\"article:publisher\" content=\"https:\/\/www.facebook.com\/unifsa\/\" \/>\n<meta property=\"article:published_time\" content=\"2023-09-25T16:22:59+00:00\" \/>\n<meta property=\"article:modified_time\" content=\"2023-09-25T16:23:02+00:00\" \/>\n<meta property=\"og:image\" content=\"https:\/\/unifsa.com.br\/site\/wp-content\/uploads\/2023\/09\/mostra-.jpg\" \/>\n\t<meta property=\"og:image:width\" content=\"1920\" \/>\n\t<meta property=\"og:image:height\" content=\"805\" \/>\n\t<meta property=\"og:image:type\" content=\"image\/jpeg\" \/>\n<meta name=\"author\" content=\"UNIFSA\" \/>\n<meta name=\"twitter:card\" content=\"summary_large_image\" \/>\n<meta name=\"twitter:label1\" content=\"Escrito por\" \/>\n\t<meta name=\"twitter:data1\" content=\"UNIFSA\" \/>\n\t<meta name=\"twitter:label2\" content=\"Est. tempo de leitura\" \/>\n\t<meta name=\"twitter:data2\" content=\"2 minutos\" \/>\n<script type=\"application\/ld+json\" class=\"yoast-schema-graph\">{\"@context\":\"https:\/\/schema.org\",\"@graph\":[{\"@type\":\"Article\",\"@id\":\"https:\/\/unifsa.com.br\/site\/conferencia-magna-do-i-cics-traz-desenvolvimento-humano-e-social-como-tema\/#article\",\"isPartOf\":{\"@id\":\"https:\/\/unifsa.com.br\/site\/conferencia-magna-do-i-cics-traz-desenvolvimento-humano-e-social-como-tema\/\"},\"author\":{\"name\":\"UNIFSA\",\"@id\":\"https:\/\/unifsa.com.br\/site\/#\/schema\/person\/6f5e8438b96168f9894cb9fe5816660f\"},\"headline\":\"Confer\u00eancia Magna do I CICS traz desenvolvimento humano e social como tema\",\"datePublished\":\"2023-09-25T16:22:59+00:00\",\"dateModified\":\"2023-09-25T16:23:02+00:00\",\"mainEntityOfPage\":{\"@id\":\"https:\/\/unifsa.com.br\/site\/conferencia-magna-do-i-cics-traz-desenvolvimento-humano-e-social-como-tema\/\"},\"wordCount\":382,\"publisher\":{\"@id\":\"https:\/\/unifsa.com.br\/site\/#organization\"},\"image\":{\"@id\":\"https:\/\/unifsa.com.br\/site\/conferencia-magna-do-i-cics-traz-desenvolvimento-humano-e-social-como-tema\/#primaryimage\"},\"thumbnailUrl\":\"https:\/\/unifsa.com.br\/site\/wp-content\/uploads\/2023\/09\/mostra-.jpg\",\"keywords\":[\"Confer\u00eancia Magna do I CICS\",\"Desenvolvimento Humano e Social\",\"I CICS\",\"I Congresso Internacional Ci\u00eancia e Sociedade\"],\"articleSection\":[\"Acontece na UNIFSA\",\"CICS 2023\"],\"inLanguage\":\"pt-BR\"},{\"@type\":\"WebPage\",\"@id\":\"https:\/\/unifsa.com.br\/site\/conferencia-magna-do-i-cics-traz-desenvolvimento-humano-e-social-como-tema\/\",\"url\":\"https:\/\/unifsa.com.br\/site\/conferencia-magna-do-i-cics-traz-desenvolvimento-humano-e-social-como-tema\/\",\"name\":\"Confer\u00eancia Magna do I CICS traz desenvolvimento humano e social como tema - Centro Universit\u00e1rio Santo Agostinho - UNIFSA\",\"isPartOf\":{\"@id\":\"https:\/\/unifsa.com.br\/site\/#website\"},\"primaryImageOfPage\":{\"@id\":\"https:\/\/unifsa.com.br\/site\/conferencia-magna-do-i-cics-traz-desenvolvimento-humano-e-social-como-tema\/#primaryimage\"},\"image\":{\"@id\":\"https:\/\/unifsa.com.br\/site\/conferencia-magna-do-i-cics-traz-desenvolvimento-humano-e-social-como-tema\/#primaryimage\"},\"thumbnailUrl\":\"https:\/\/unifsa.com.br\/site\/wp-content\/uploads\/2023\/09\/mostra-.jpg\",\"datePublished\":\"2023-09-25T16:22:59+00:00\",\"dateModified\":\"2023-09-25T16:23:02+00:00\",\"breadcrumb\":{\"@id\":\"https:\/\/unifsa.com.br\/site\/conferencia-magna-do-i-cics-traz-desenvolvimento-humano-e-social-como-tema\/#breadcrumb\"},\"inLanguage\":\"pt-BR\",\"potentialAction\":[{\"@type\":\"ReadAction\",\"target\":[\"https:\/\/unifsa.com.br\/site\/conferencia-magna-do-i-cics-traz-desenvolvimento-humano-e-social-como-tema\/\"]}]},{\"@type\":\"ImageObject\",\"inLanguage\":\"pt-BR\",\"@id\":\"https:\/\/unifsa.com.br\/site\/conferencia-magna-do-i-cics-traz-desenvolvimento-humano-e-social-como-tema\/#primaryimage\",\"url\":\"https:\/\/unifsa.com.br\/site\/wp-content\/uploads\/2023\/09\/mostra-.jpg\",\"contentUrl\":\"https:\/\/unifsa.com.br\/site\/wp-content\/uploads\/2023\/09\/mostra-.jpg\",\"width\":1920,\"height\":805},{\"@type\":\"BreadcrumbList\",\"@id\":\"https:\/\/unifsa.com.br\/site\/conferencia-magna-do-i-cics-traz-desenvolvimento-humano-e-social-como-tema\/#breadcrumb\",\"itemListElement\":[{\"@type\":\"ListItem\",\"position\":1,\"name\":\"In\u00edcio\",\"item\":\"https:\/\/unifsa.com.br\/site\/\"},{\"@type\":\"ListItem\",\"position\":2,\"name\":\"Confer\u00eancia Magna do I CICS traz desenvolvimento humano e social como tema\"}]},{\"@type\":\"WebSite\",\"@id\":\"https:\/\/unifsa.com.br\/site\/#website\",\"url\":\"https:\/\/unifsa.com.br\/site\/\",\"name\":\"Centro Universit\u00e1rio Santo Agostinho - UNIFSA\",\"description\":\"Conhecimento para toda a vida\",\"publisher\":{\"@id\":\"https:\/\/unifsa.com.br\/site\/#organization\"},\"potentialAction\":[{\"@type\":\"SearchAction\",\"target\":{\"@type\":\"EntryPoint\",\"urlTemplate\":\"https:\/\/unifsa.com.br\/site\/?s={search_term_string}\"},\"query-input\":{\"@type\":\"PropertyValueSpecification\",\"valueRequired\":true,\"valueName\":\"search_term_string\"}}],\"inLanguage\":\"pt-BR\"},{\"@type\":\"Organization\",\"@id\":\"https:\/\/unifsa.com.br\/site\/#organization\",\"name\":\"Centro Universit\u00e1rio Santo Agostinho - UNIFSA\",\"url\":\"https:\/\/unifsa.com.br\/site\/\",\"logo\":{\"@type\":\"ImageObject\",\"inLanguage\":\"pt-BR\",\"@id\":\"https:\/\/unifsa.com.br\/site\/#\/schema\/logo\/image\/\",\"url\":\"https:\/\/unifsa.com.br\/site\/wp-content\/uploads\/2023\/03\/MARCA-UNIFSA-CIC23-q2apjs1mt975cf1wl25b044coj90fwoiee1kya6800.png\",\"contentUrl\":\"https:\/\/unifsa.com.br\/site\/wp-content\/uploads\/2023\/03\/MARCA-UNIFSA-CIC23-q2apjs1mt975cf1wl25b044coj90fwoiee1kya6800.png\",\"width\":103,\"height\":100,\"caption\":\"Centro Universit\u00e1rio Santo Agostinho - UNIFSA\"},\"image\":{\"@id\":\"https:\/\/unifsa.com.br\/site\/#\/schema\/logo\/image\/\"},\"sameAs\":[\"https:\/\/www.facebook.com\/unifsa\/\",\"https:\/\/www.instagram.com\/unifsa\/\"]},{\"@type\":\"Person\",\"@id\":\"https:\/\/unifsa.com.br\/site\/#\/schema\/person\/6f5e8438b96168f9894cb9fe5816660f\",\"name\":\"UNIFSA\",\"image\":{\"@type\":\"ImageObject\",\"inLanguage\":\"pt-BR\",\"@id\":\"https:\/\/unifsa.com.br\/site\/#\/schema\/person\/image\/\",\"url\":\"https:\/\/secure.gravatar.com\/avatar\/3d1043775cda1d91d725491548f9b3a0909638e5fcbd418ee6b285ebfaa2ae59?s=96&d=mm&r=g\",\"contentUrl\":\"https:\/\/secure.gravatar.com\/avatar\/3d1043775cda1d91d725491548f9b3a0909638e5fcbd418ee6b285ebfaa2ae59?s=96&d=mm&r=g\",\"caption\":\"UNIFSA\"},\"url\":\"https:\/\/unifsa.com.br\/site\/author\/rogerbezerra\/\"}]}<\/script>\n<!-- \/ Yoast SEO plugin. -->","yoast_head_json":{"title":"Confer\u00eancia Magna do I CICS traz desenvolvimento humano e social como tema - Centro Universit\u00e1rio Santo Agostinho - UNIFSA","robots":{"index":"index","follow":"follow","max-snippet":"max-snippet:-1","max-image-preview":"max-image-preview:large","max-video-preview":"max-video-preview:-1"},"canonical":"https:\/\/unifsa.com.br\/site\/conferencia-magna-do-i-cics-traz-desenvolvimento-humano-e-social-como-tema\/","og_locale":"pt_BR","og_type":"article","og_title":"Confer\u00eancia Magna do I CICS traz desenvolvimento humano e social como tema - Centro Universit\u00e1rio Santo Agostinho - UNIFSA","og_description":"O primeiro dia de Congresso Internacional Ci\u00eancia e Sociedade &#8211; CICS vai ser mais que especial. \u00c0s 16h30 do dia 04 de outubro, a Confer\u00eancia Magna ter\u00e1 como tema central o \u201cDesenvolvimento humano e social: das ideias \u00e0s pr\u00e1ticas\u201d, no Audit\u00f3rio Cl\u00f3vis Melo, Anexo 2 do Centro Universit\u00e1rio Santo Agostinho. Para conduzir esse momento oficial,","og_url":"https:\/\/unifsa.com.br\/site\/conferencia-magna-do-i-cics-traz-desenvolvimento-humano-e-social-como-tema\/","og_site_name":"Centro Universit\u00e1rio Santo Agostinho - UNIFSA","article_publisher":"https:\/\/www.facebook.com\/unifsa\/","article_published_time":"2023-09-25T16:22:59+00:00","article_modified_time":"2023-09-25T16:23:02+00:00","og_image":[{"width":1920,"height":805,"url":"https:\/\/unifsa.com.br\/site\/wp-content\/uploads\/2023\/09\/mostra-.jpg","type":"image\/jpeg"}],"author":"UNIFSA","twitter_card":"summary_large_image","twitter_misc":{"Escrito por":"UNIFSA","Est. tempo de leitura":"2 minutos"},"schema":{"@context":"https:\/\/schema.org","@graph":[{"@type":"Article","@id":"https:\/\/unifsa.com.br\/site\/conferencia-magna-do-i-cics-traz-desenvolvimento-humano-e-social-como-tema\/#article","isPartOf":{"@id":"https:\/\/unifsa.com.br\/site\/conferencia-magna-do-i-cics-traz-desenvolvimento-humano-e-social-como-tema\/"},"author":{"name":"UNIFSA","@id":"https:\/\/unifsa.com.br\/site\/#\/schema\/person\/6f5e8438b96168f9894cb9fe5816660f"},"headline":"Confer\u00eancia Magna do I CICS traz desenvolvimento humano e social como tema","datePublished":"2023-09-25T16:22:59+00:00","dateModified":"2023-09-25T16:23:02+00:00","mainEntityOfPage":{"@id":"https:\/\/unifsa.com.br\/site\/conferencia-magna-do-i-cics-traz-desenvolvimento-humano-e-social-como-tema\/"},"wordCount":382,"publisher":{"@id":"https:\/\/unifsa.com.br\/site\/#organization"},"image":{"@id":"https:\/\/unifsa.com.br\/site\/conferencia-magna-do-i-cics-traz-desenvolvimento-humano-e-social-como-tema\/#primaryimage"},"thumbnailUrl":"https:\/\/unifsa.com.br\/site\/wp-content\/uploads\/2023\/09\/mostra-.jpg","keywords":["Confer\u00eancia Magna do I CICS","Desenvolvimento Humano e Social","I CICS","I Congresso Internacional Ci\u00eancia e Sociedade"],"articleSection":["Acontece na UNIFSA","CICS 2023"],"inLanguage":"pt-BR"},{"@type":"WebPage","@id":"https:\/\/unifsa.com.br\/site\/conferencia-magna-do-i-cics-traz-desenvolvimento-humano-e-social-como-tema\/","url":"https:\/\/unifsa.com.br\/site\/conferencia-magna-do-i-cics-traz-desenvolvimento-humano-e-social-como-tema\/","name":"Confer\u00eancia Magna do I CICS traz desenvolvimento humano e social como tema - Centro Universit\u00e1rio Santo Agostinho - UNIFSA","isPartOf":{"@id":"https:\/\/unifsa.com.br\/site\/#website"},"primaryImageOfPage":{"@id":"https:\/\/unifsa.com.br\/site\/conferencia-magna-do-i-cics-traz-desenvolvimento-humano-e-social-como-tema\/#primaryimage"},"image":{"@id":"https:\/\/unifsa.com.br\/site\/conferencia-magna-do-i-cics-traz-desenvolvimento-humano-e-social-como-tema\/#primaryimage"},"thumbnailUrl":"https:\/\/unifsa.com.br\/site\/wp-content\/uploads\/2023\/09\/mostra-.jpg","datePublished":"2023-09-25T16:22:59+00:00","dateModified":"2023-09-25T16:23:02+00:00","breadcrumb":{"@id":"https:\/\/unifsa.com.br\/site\/conferencia-magna-do-i-cics-traz-desenvolvimento-humano-e-social-como-tema\/#breadcrumb"},"inLanguage":"pt-BR","potentialAction":[{"@type":"ReadAction","target":["https:\/\/unifsa.com.br\/site\/conferencia-magna-do-i-cics-traz-desenvolvimento-humano-e-social-como-tema\/"]}]},{"@type":"ImageObject","inLanguage":"pt-BR","@id":"https:\/\/unifsa.com.br\/site\/conferencia-magna-do-i-cics-traz-desenvolvimento-humano-e-social-como-tema\/#primaryimage","url":"https:\/\/unifsa.com.br\/site\/wp-content\/uploads\/2023\/09\/mostra-.jpg","contentUrl":"https:\/\/unifsa.com.br\/site\/wp-content\/uploads\/2023\/09\/mostra-.jpg","width":1920,"height":805},{"@type":"BreadcrumbList","@id":"https:\/\/unifsa.com.br\/site\/conferencia-magna-do-i-cics-traz-desenvolvimento-humano-e-social-como-tema\/#breadcrumb","itemListElement":[{"@type":"ListItem","position":1,"name":"In\u00edcio","item":"https:\/\/unifsa.com.br\/site\/"},{"@type":"ListItem","position":2,"name":"Confer\u00eancia Magna do I CICS traz desenvolvimento humano e social como tema"}]},{"@type":"WebSite","@id":"https:\/\/unifsa.com.br\/site\/#website","url":"https:\/\/unifsa.com.br\/site\/","name":"Centro Universit\u00e1rio Santo Agostinho - UNIFSA","description":"Conhecimento para toda a vida","publisher":{"@id":"https:\/\/unifsa.com.br\/site\/#organization"},"potentialAction":[{"@type":"SearchAction","target":{"@type":"EntryPoint","urlTemplate":"https:\/\/unifsa.com.br\/site\/?s={search_term_string}"},"query-input":{"@type":"PropertyValueSpecification","valueRequired":true,"valueName":"search_term_string"}}],"inLanguage":"pt-BR"},{"@type":"Organization","@id":"https:\/\/unifsa.com.br\/site\/#organization","name":"Centro Universit\u00e1rio Santo Agostinho - UNIFSA","url":"https:\/\/unifsa.com.br\/site\/","logo":{"@type":"ImageObject","inLanguage":"pt-BR","@id":"https:\/\/unifsa.com.br\/site\/#\/schema\/logo\/image\/","url":"https:\/\/unifsa.com.br\/site\/wp-content\/uploads\/2023\/03\/MARCA-UNIFSA-CIC23-q2apjs1mt975cf1wl25b044coj90fwoiee1kya6800.png","contentUrl":"https:\/\/unifsa.com.br\/site\/wp-content\/uploads\/2023\/03\/MARCA-UNIFSA-CIC23-q2apjs1mt975cf1wl25b044coj90fwoiee1kya6800.png","width":103,"height":100,"caption":"Centro Universit\u00e1rio Santo Agostinho - UNIFSA"},"image":{"@id":"https:\/\/unifsa.com.br\/site\/#\/schema\/logo\/image\/"},"sameAs":["https:\/\/www.facebook.com\/unifsa\/","https:\/\/www.instagram.com\/unifsa\/"]},{"@type":"Person","@id":"https:\/\/unifsa.com.br\/site\/#\/schema\/person\/6f5e8438b96168f9894cb9fe5816660f","name":"UNIFSA","image":{"@type":"ImageObject","inLanguage":"pt-BR","@id":"https:\/\/unifsa.com.br\/site\/#\/schema\/person\/image\/","url":"https:\/\/secure.gravatar.com\/avatar\/3d1043775cda1d91d725491548f9b3a0909638e5fcbd418ee6b285ebfaa2ae59?s=96&d=mm&r=g","contentUrl":"https:\/\/secure.gravatar.com\/avatar\/3d1043775cda1d91d725491548f9b3a0909638e5fcbd418ee6b285ebfaa2ae59?s=96&d=mm&r=g","caption":"UNIFSA"},"url":"https:\/\/unifsa.com.br\/site\/author\/rogerbezerra\/"}]}},"_links":{"self":[{"href":"https:\/\/unifsa.com.br\/site\/wp-json\/wp\/v2\/posts\/25687","targetHints":{"allow":["GET"]}}],"collection":[{"href":"https:\/\/unifsa.com.br\/site\/wp-json\/wp\/v2\/posts"}],"about":[{"href":"https:\/\/unifsa.com.br\/site\/wp-json\/wp\/v2\/types\/post"}],"author":[{"embeddable":true,"href":"https:\/\/unifsa.com.br\/site\/wp-json\/wp\/v2\/users\/1"}],"replies":[{"embeddable":true,"href":"https:\/\/unifsa.com.br\/site\/wp-json\/wp\/v2\/comments?post=25687"}],"version-history":[{"count":2,"href":"https:\/\/unifsa.com.br\/site\/wp-json\/wp\/v2\/posts\/25687\/revisions"}],"predecessor-version":[{"id":25690,"href":"https:\/\/unifsa.com.br\/site\/wp-json\/wp\/v2\/posts\/25687\/revisions\/25690"}],"wp:featuredmedia":[{"embeddable":true,"href":"https:\/\/unifsa.com.br\/site\/wp-json\/wp\/v2\/media\/25697"}],"wp:attachment":[{"href":"https:\/\/unifsa.com.br\/site\/wp-json\/wp\/v2\/media?parent=25687"}],"wp:term":[{"taxonomy":"category","embeddable":true,"href":"https:\/\/unifsa.com.br\/site\/wp-json\/wp\/v2\/categories?post=25687"},{"taxonomy":"post_tag","embeddable":true,"href":"https:\/\/unifsa.com.br\/site\/wp-json\/wp\/v2\/tags?post=25687"}],"curies":[{"name":"wp","href":"https:\/\/api.w.org\/{rel}","templated":true}]}}