{"id":25442,"date":"2023-09-15T08:05:17","date_gmt":"2023-09-15T11:05:17","guid":{"rendered":"https:\/\/unifsa.com.br\/site\/?p=25442"},"modified":"2023-09-15T14:44:01","modified_gmt":"2023-09-15T17:44:01","slug":"a-esperanca-diante-do-adoecimento-e-morte-e-tema-tratado-em-palestra-do-i-cics","status":"publish","type":"post","link":"https:\/\/unifsa.com.br\/site\/a-esperanca-diante-do-adoecimento-e-morte-e-tema-tratado-em-palestra-do-i-cics\/","title":{"rendered":"A esperan\u00e7a diante do adoecimento e morte \u00e9 tema tratado em palestra do I CICS"},"content":{"rendered":"\n<p class=\"texto-justificado\">O I Congresso Internacional Ci\u00eancia e Sociedade, que acontece de 04 a 07 de outubro, ter\u00e1 uma programa\u00e7\u00e3o recheada de incr\u00edveis palestras. E \u00e0s 14h do dia 06 de outubro, ocorrer\u00e1 uma delas: a palestra \u201c<strong>A esperan\u00e7a diante do adoecimento e morte: manejo e possibilidades do profissional de sa\u00fade\u201d<\/strong>, no formato remoto. Confira quem integrar\u00e1 esta mesa:<\/p>\n\n\n\n<div class=\"wp-block-buttons is-content-justification-center is-layout-flex wp-container-core-buttons-is-layout-16018d1d wp-block-buttons-is-layout-flex\">\n<div class=\"wp-block-button\"><a class=\"wp-block-button__link has-white-color has-vivid-cyan-blue-background-color has-text-color has-background wp-element-button\" href=\"https:\/\/eventos.galoa.com.br\/cics-2023\/registration\/intro\">Inscreva-se no I CICS<\/a><\/div>\n<\/div>\n\n\n<div class=\"wp-block-image\">\n<figure class=\"alignleft size-large is-resized\"><img decoding=\"async\" src=\"https:\/\/unifsa.com.br\/site\/wp-content\/uploads\/2023\/09\/Palestrantes-CICS-1024x1024.jpg\" alt=\"\" class=\"wp-image-25484\" width=\"-130\" height=\"-130\" srcset=\"https:\/\/unifsa.com.br\/site\/wp-content\/uploads\/2023\/09\/Palestrantes-CICS-1024x1024.jpg 1024w, https:\/\/unifsa.com.br\/site\/wp-content\/uploads\/2023\/09\/Palestrantes-CICS-300x300.jpg 300w, https:\/\/unifsa.com.br\/site\/wp-content\/uploads\/2023\/09\/Palestrantes-CICS-150x150.jpg 150w, https:\/\/unifsa.com.br\/site\/wp-content\/uploads\/2023\/09\/Palestrantes-CICS-768x768.jpg 768w, https:\/\/unifsa.com.br\/site\/wp-content\/uploads\/2023\/09\/Palestrantes-CICS-230x230.jpg 230w, https:\/\/unifsa.com.br\/site\/wp-content\/uploads\/2023\/09\/Palestrantes-CICS-110x110.jpg 110w, https:\/\/unifsa.com.br\/site\/wp-content\/uploads\/2023\/09\/Palestrantes-CICS.jpg 1080w\" sizes=\"(max-width: 1024px) 100vw, 1024px\" \/><\/figure>\n<\/div>\n\n\n<p class=\"texto-justificado\">A Profa. Dra. Zaida Charepe \u00e9 doutora em enfermagem, e mestre em duas \u00e1reas: em Enfermagem, pelo Instituto de Ci\u00eancias da Sa\u00fade da Universidade Cat\u00f3lica Portuguesa, e em Comunica\u00e7\u00e3o em sa\u00fade pela Universidade Aberta. \u00c9 pesquisadora no \u00e2mbito do cuidar da crian\u00e7a em contexto de hospitaliza\u00e7\u00e3o e doen\u00e7a cr\u00f4nica, al\u00e9m de&nbsp;ajuda m\u00fatua, esperan\u00e7a e inqu\u00e9rito apreciativo. Zaida tamb\u00e9m se dedica \u00e0 doc\u00eancia sendo professora auxiliar no Instituto de Ci\u00eancias da Sa\u00fade da Universidade Cat\u00f3lica Portuguesa (ICS\/ICP).<\/p>\n\n\n\n<p class=\"texto-justificado\">Quem tamb\u00e9m marcar\u00e1 presen\u00e7a \u00e9 a Profa. Dra. Ana Carolina Andrade Biaggi Leite. Ela \u00e9 doutora pelo Programa Interunidades de Doutoramento em Enfermagem da Escola de Enfermagem (EE) e Escola de Enfermagem de Ribeir\u00e3o Preto (EERP), tendo sua tese premiada com men\u00e7\u00e3o honrosa do Pr\u00eamio Capes de Tese 2022. Em sua jornada acad\u00eamica tamb\u00e9m conta um doutorado sandu\u00edche, a Universidad de Navarra, Pamplona, Espanha, de 11\/2018 at\u00e9 04\/2019, como bolsista do Programa PDSE \u2013 Programa de Doutorado Sandu\u00edche no Exterior, com fomento da CAPES. Ela pesquisa principalmente os temas: esperan\u00e7a; enfermagem pedi\u00e1trica, condi\u00e7\u00f5es cr\u00f4nicas, enfermagem oncol\u00f3gica, enfermagem familiar; sa\u00fade da crian\u00e7a e do adolescente e estudos com fam\u00edlia, al\u00e9m da experi\u00eancia cl\u00ednica no contexto de sala de vacinas.<\/p>\n\n\n\n<p class=\"texto-justificado\">A Profa. Dra. Willyane de Andrade Alvarenga \u00e9 o terceiro nome cotado para essa palestra. Ela \u00e9 doutora em Ci\u00eancias com dupla titula\u00e7\u00e3o (co-tutela) pela Escola de Enfermagem de Ribeir\u00e3o Preto da Universidade de S\u00e3o Paulo (EERP\/USP) &#8211; Brasil e pela Universidade Cat\u00f3lica Portuguesa (UCP) &#8211; Portugal (2017). Atualmente, \u00e9 docente do curso de Enfermagem do Centro Universit\u00e1rio Santo Agostinho. Willyane tem experi\u00eancia na \u00e1rea de enfermagem, com \u00eanfase em sa\u00fade da crian\u00e7a e do adolescente e enfermagem pedi\u00e1trica, atuando principalmente nos seguintes temas: estudos com fam\u00edlia, enfermagem familiar, sa\u00fade da crian\u00e7a e do adolescente, enfermagem pedi\u00e1trica, condi\u00e7\u00f5es cr\u00f4nicas e espiritualidade na \u00e1rea da sa\u00fade.<\/p>\n\n\n\n<p><\/p>\n\n\n\n<div class=\"wp-block-buttons is-content-justification-center is-layout-flex wp-container-core-buttons-is-layout-16018d1d wp-block-buttons-is-layout-flex\">\n<div class=\"wp-block-button\"><a class=\"wp-block-button__link has-white-color has-vivid-cyan-blue-background-color has-text-color has-background wp-element-button\" href=\"https:\/\/unifsa.com.br\/cics2023\/programacao-geral\/\">Confira a programa\u00e7\u00e3o completa<\/a><\/div>\n<\/div>\n\n\n\n<p><\/p>\n\n\n\n<figure class=\"wp-block-image size-large\"><img fetchpriority=\"high\" decoding=\"async\" width=\"1024\" height=\"219\" src=\"https:\/\/unifsa.com.br\/site\/wp-content\/uploads\/2023\/09\/Site-programacao-CICS-1920-x-411-px-4-1024x219.png\" alt=\"\" class=\"wp-image-25487\" srcset=\"https:\/\/unifsa.com.br\/site\/wp-content\/uploads\/2023\/09\/Site-programacao-CICS-1920-x-411-px-4-1024x219.png 1024w, https:\/\/unifsa.com.br\/site\/wp-content\/uploads\/2023\/09\/Site-programacao-CICS-1920-x-411-px-4-300x64.png 300w, https:\/\/unifsa.com.br\/site\/wp-content\/uploads\/2023\/09\/Site-programacao-CICS-1920-x-411-px-4-768x164.png 768w, https:\/\/unifsa.com.br\/site\/wp-content\/uploads\/2023\/09\/Site-programacao-CICS-1920-x-411-px-4-1536x329.png 1536w, https:\/\/unifsa.com.br\/site\/wp-content\/uploads\/2023\/09\/Site-programacao-CICS-1920-x-411-px-4.png 1920w\" sizes=\"(max-width: 1024px) 100vw, 1024px\" \/><\/figure>\n","protected":false},"excerpt":{"rendered":"<p>O I Congresso Internacional Ci\u00eancia e Sociedade, que acontece de 04 a 07 de outubro, ter\u00e1 uma programa\u00e7\u00e3o recheada de incr\u00edveis palestras. E \u00e0s 14h do dia 06 de outubro, ocorrer\u00e1 uma delas: a palestra \u201cA esperan\u00e7a diante do adoecimento e morte: manejo e possibilidades do profissional de sa\u00fade\u201d, no formato remoto. Confira quem integrar\u00e1<\/p>\n","protected":false},"author":1,"featured_media":25447,"comment_status":"closed","ping_status":"open","sticky":false,"template":"","format":"standard","meta":{"_acf_changed":false,"footnotes":""},"categories":[6,1191,59],"tags":[83,1188,1197],"class_list":["post-25442","post","type-post","status-publish","format-standard","has-post-thumbnail","hentry","category-acontece-na-unifsa","category-cics-2023","category-enfermagem","tag-enfermagem","tag-i-cics","tag-i-congresso-internacional-ciencia-e-sociedade"],"acf":[],"yoast_head":"<!-- This site is optimized with the Yoast SEO plugin v26.5 - https:\/\/yoast.com\/wordpress\/plugins\/seo\/ -->\n<title>A esperan\u00e7a diante do adoecimento e morte \u00e9 tema tratado em palestra do I CICS - Centro Universit\u00e1rio Santo Agostinho - UNIFSA<\/title>\n<meta name=\"robots\" content=\"index, follow, max-snippet:-1, max-image-preview:large, max-video-preview:-1\" \/>\n<link rel=\"canonical\" href=\"https:\/\/unifsa.com.br\/site\/a-esperanca-diante-do-adoecimento-e-morte-e-tema-tratado-em-palestra-do-i-cics\/\" \/>\n<meta property=\"og:locale\" content=\"pt_BR\" \/>\n<meta property=\"og:type\" content=\"article\" \/>\n<meta property=\"og:title\" content=\"A esperan\u00e7a diante do adoecimento e morte \u00e9 tema tratado em palestra do I CICS - Centro Universit\u00e1rio Santo Agostinho - UNIFSA\" \/>\n<meta property=\"og:description\" content=\"O I Congresso Internacional Ci\u00eancia e Sociedade, que acontece de 04 a 07 de outubro, ter\u00e1 uma programa\u00e7\u00e3o recheada de incr\u00edveis palestras. E \u00e0s 14h do dia 06 de outubro, ocorrer\u00e1 uma delas: a palestra \u201cA esperan\u00e7a diante do adoecimento e morte: manejo e possibilidades do profissional de sa\u00fade\u201d, no formato remoto. Confira quem integrar\u00e1\" \/>\n<meta property=\"og:url\" content=\"https:\/\/unifsa.com.br\/site\/a-esperanca-diante-do-adoecimento-e-morte-e-tema-tratado-em-palestra-do-i-cics\/\" \/>\n<meta property=\"og:site_name\" content=\"Centro Universit\u00e1rio Santo Agostinho - UNIFSA\" \/>\n<meta property=\"article:publisher\" content=\"https:\/\/www.facebook.com\/unifsa\/\" \/>\n<meta property=\"article:published_time\" content=\"2023-09-15T11:05:17+00:00\" \/>\n<meta property=\"article:modified_time\" content=\"2023-09-15T17:44:01+00:00\" \/>\n<meta property=\"og:image\" content=\"https:\/\/unifsa.com.br\/site\/wp-content\/uploads\/2023\/09\/Site-programacao-CICS-1.png\" \/>\n\t<meta property=\"og:image:width\" content=\"1005\" \/>\n\t<meta property=\"og:image:height\" content=\"426\" \/>\n\t<meta property=\"og:image:type\" content=\"image\/png\" \/>\n<meta name=\"author\" content=\"UNIFSA\" \/>\n<meta name=\"twitter:card\" content=\"summary_large_image\" \/>\n<meta name=\"twitter:label1\" content=\"Escrito por\" \/>\n\t<meta name=\"twitter:data1\" content=\"UNIFSA\" \/>\n\t<meta name=\"twitter:label2\" content=\"Est. tempo de leitura\" \/>\n\t<meta name=\"twitter:data2\" content=\"3 minutos\" \/>\n<script type=\"application\/ld+json\" class=\"yoast-schema-graph\">{\"@context\":\"https:\/\/schema.org\",\"@graph\":[{\"@type\":\"Article\",\"@id\":\"https:\/\/unifsa.com.br\/site\/a-esperanca-diante-do-adoecimento-e-morte-e-tema-tratado-em-palestra-do-i-cics\/#article\",\"isPartOf\":{\"@id\":\"https:\/\/unifsa.com.br\/site\/a-esperanca-diante-do-adoecimento-e-morte-e-tema-tratado-em-palestra-do-i-cics\/\"},\"author\":{\"name\":\"UNIFSA\",\"@id\":\"https:\/\/unifsa.com.br\/site\/#\/schema\/person\/6f5e8438b96168f9894cb9fe5816660f\"},\"headline\":\"A esperan\u00e7a diante do adoecimento e morte \u00e9 tema tratado em palestra do I CICS\",\"datePublished\":\"2023-09-15T11:05:17+00:00\",\"dateModified\":\"2023-09-15T17:44:01+00:00\",\"mainEntityOfPage\":{\"@id\":\"https:\/\/unifsa.com.br\/site\/a-esperanca-diante-do-adoecimento-e-morte-e-tema-tratado-em-palestra-do-i-cics\/\"},\"wordCount\":428,\"publisher\":{\"@id\":\"https:\/\/unifsa.com.br\/site\/#organization\"},\"image\":{\"@id\":\"https:\/\/unifsa.com.br\/site\/a-esperanca-diante-do-adoecimento-e-morte-e-tema-tratado-em-palestra-do-i-cics\/#primaryimage\"},\"thumbnailUrl\":\"https:\/\/unifsa.com.br\/site\/wp-content\/uploads\/2023\/09\/Site-programacao-CICS-1.png\",\"keywords\":[\"Enfermagem\",\"I CICS\",\"I Congresso Internacional Ci\u00eancia e Sociedade\"],\"articleSection\":[\"Acontece na UNIFSA\",\"CICS 2023\",\"Enfermagem\"],\"inLanguage\":\"pt-BR\"},{\"@type\":\"WebPage\",\"@id\":\"https:\/\/unifsa.com.br\/site\/a-esperanca-diante-do-adoecimento-e-morte-e-tema-tratado-em-palestra-do-i-cics\/\",\"url\":\"https:\/\/unifsa.com.br\/site\/a-esperanca-diante-do-adoecimento-e-morte-e-tema-tratado-em-palestra-do-i-cics\/\",\"name\":\"A esperan\u00e7a diante do adoecimento e morte \u00e9 tema tratado em palestra do I CICS - Centro Universit\u00e1rio Santo Agostinho - UNIFSA\",\"isPartOf\":{\"@id\":\"https:\/\/unifsa.com.br\/site\/#website\"},\"primaryImageOfPage\":{\"@id\":\"https:\/\/unifsa.com.br\/site\/a-esperanca-diante-do-adoecimento-e-morte-e-tema-tratado-em-palestra-do-i-cics\/#primaryimage\"},\"image\":{\"@id\":\"https:\/\/unifsa.com.br\/site\/a-esperanca-diante-do-adoecimento-e-morte-e-tema-tratado-em-palestra-do-i-cics\/#primaryimage\"},\"thumbnailUrl\":\"https:\/\/unifsa.com.br\/site\/wp-content\/uploads\/2023\/09\/Site-programacao-CICS-1.png\",\"datePublished\":\"2023-09-15T11:05:17+00:00\",\"dateModified\":\"2023-09-15T17:44:01+00:00\",\"breadcrumb\":{\"@id\":\"https:\/\/unifsa.com.br\/site\/a-esperanca-diante-do-adoecimento-e-morte-e-tema-tratado-em-palestra-do-i-cics\/#breadcrumb\"},\"inLanguage\":\"pt-BR\",\"potentialAction\":[{\"@type\":\"ReadAction\",\"target\":[\"https:\/\/unifsa.com.br\/site\/a-esperanca-diante-do-adoecimento-e-morte-e-tema-tratado-em-palestra-do-i-cics\/\"]}]},{\"@type\":\"ImageObject\",\"inLanguage\":\"pt-BR\",\"@id\":\"https:\/\/unifsa.com.br\/site\/a-esperanca-diante-do-adoecimento-e-morte-e-tema-tratado-em-palestra-do-i-cics\/#primaryimage\",\"url\":\"https:\/\/unifsa.com.br\/site\/wp-content\/uploads\/2023\/09\/Site-programacao-CICS-1.png\",\"contentUrl\":\"https:\/\/unifsa.com.br\/site\/wp-content\/uploads\/2023\/09\/Site-programacao-CICS-1.png\",\"width\":1005,\"height\":426},{\"@type\":\"BreadcrumbList\",\"@id\":\"https:\/\/unifsa.com.br\/site\/a-esperanca-diante-do-adoecimento-e-morte-e-tema-tratado-em-palestra-do-i-cics\/#breadcrumb\",\"itemListElement\":[{\"@type\":\"ListItem\",\"position\":1,\"name\":\"In\u00edcio\",\"item\":\"https:\/\/unifsa.com.br\/site\/\"},{\"@type\":\"ListItem\",\"position\":2,\"name\":\"A esperan\u00e7a diante do adoecimento e morte \u00e9 tema tratado em palestra do I CICS\"}]},{\"@type\":\"WebSite\",\"@id\":\"https:\/\/unifsa.com.br\/site\/#website\",\"url\":\"https:\/\/unifsa.com.br\/site\/\",\"name\":\"Centro Universit\u00e1rio Santo Agostinho - UNIFSA\",\"description\":\"Conhecimento para toda a vida\",\"publisher\":{\"@id\":\"https:\/\/unifsa.com.br\/site\/#organization\"},\"potentialAction\":[{\"@type\":\"SearchAction\",\"target\":{\"@type\":\"EntryPoint\",\"urlTemplate\":\"https:\/\/unifsa.com.br\/site\/?s={search_term_string}\"},\"query-input\":{\"@type\":\"PropertyValueSpecification\",\"valueRequired\":true,\"valueName\":\"search_term_string\"}}],\"inLanguage\":\"pt-BR\"},{\"@type\":\"Organization\",\"@id\":\"https:\/\/unifsa.com.br\/site\/#organization\",\"name\":\"Centro Universit\u00e1rio Santo Agostinho - UNIFSA\",\"url\":\"https:\/\/unifsa.com.br\/site\/\",\"logo\":{\"@type\":\"ImageObject\",\"inLanguage\":\"pt-BR\",\"@id\":\"https:\/\/unifsa.com.br\/site\/#\/schema\/logo\/image\/\",\"url\":\"https:\/\/unifsa.com.br\/site\/wp-content\/uploads\/2023\/03\/MARCA-UNIFSA-CIC23-q2apjs1mt975cf1wl25b044coj90fwoiee1kya6800.png\",\"contentUrl\":\"https:\/\/unifsa.com.br\/site\/wp-content\/uploads\/2023\/03\/MARCA-UNIFSA-CIC23-q2apjs1mt975cf1wl25b044coj90fwoiee1kya6800.png\",\"width\":103,\"height\":100,\"caption\":\"Centro Universit\u00e1rio Santo Agostinho - UNIFSA\"},\"image\":{\"@id\":\"https:\/\/unifsa.com.br\/site\/#\/schema\/logo\/image\/\"},\"sameAs\":[\"https:\/\/www.facebook.com\/unifsa\/\",\"https:\/\/www.instagram.com\/unifsa\/\"]},{\"@type\":\"Person\",\"@id\":\"https:\/\/unifsa.com.br\/site\/#\/schema\/person\/6f5e8438b96168f9894cb9fe5816660f\",\"name\":\"UNIFSA\",\"image\":{\"@type\":\"ImageObject\",\"inLanguage\":\"pt-BR\",\"@id\":\"https:\/\/unifsa.com.br\/site\/#\/schema\/person\/image\/\",\"url\":\"https:\/\/secure.gravatar.com\/avatar\/3d1043775cda1d91d725491548f9b3a0909638e5fcbd418ee6b285ebfaa2ae59?s=96&d=mm&r=g\",\"contentUrl\":\"https:\/\/secure.gravatar.com\/avatar\/3d1043775cda1d91d725491548f9b3a0909638e5fcbd418ee6b285ebfaa2ae59?s=96&d=mm&r=g\",\"caption\":\"UNIFSA\"},\"url\":\"https:\/\/unifsa.com.br\/site\/author\/rogerbezerra\/\"}]}<\/script>\n<!-- \/ Yoast SEO plugin. -->","yoast_head_json":{"title":"A esperan\u00e7a diante do adoecimento e morte \u00e9 tema tratado em palestra do I CICS - Centro Universit\u00e1rio Santo Agostinho - UNIFSA","robots":{"index":"index","follow":"follow","max-snippet":"max-snippet:-1","max-image-preview":"max-image-preview:large","max-video-preview":"max-video-preview:-1"},"canonical":"https:\/\/unifsa.com.br\/site\/a-esperanca-diante-do-adoecimento-e-morte-e-tema-tratado-em-palestra-do-i-cics\/","og_locale":"pt_BR","og_type":"article","og_title":"A esperan\u00e7a diante do adoecimento e morte \u00e9 tema tratado em palestra do I CICS - Centro Universit\u00e1rio Santo Agostinho - UNIFSA","og_description":"O I Congresso Internacional Ci\u00eancia e Sociedade, que acontece de 04 a 07 de outubro, ter\u00e1 uma programa\u00e7\u00e3o recheada de incr\u00edveis palestras. E \u00e0s 14h do dia 06 de outubro, ocorrer\u00e1 uma delas: a palestra \u201cA esperan\u00e7a diante do adoecimento e morte: manejo e possibilidades do profissional de sa\u00fade\u201d, no formato remoto. Confira quem integrar\u00e1","og_url":"https:\/\/unifsa.com.br\/site\/a-esperanca-diante-do-adoecimento-e-morte-e-tema-tratado-em-palestra-do-i-cics\/","og_site_name":"Centro Universit\u00e1rio Santo Agostinho - UNIFSA","article_publisher":"https:\/\/www.facebook.com\/unifsa\/","article_published_time":"2023-09-15T11:05:17+00:00","article_modified_time":"2023-09-15T17:44:01+00:00","og_image":[{"width":1005,"height":426,"url":"https:\/\/unifsa.com.br\/site\/wp-content\/uploads\/2023\/09\/Site-programacao-CICS-1.png","type":"image\/png"}],"author":"UNIFSA","twitter_card":"summary_large_image","twitter_misc":{"Escrito por":"UNIFSA","Est. tempo de leitura":"3 minutos"},"schema":{"@context":"https:\/\/schema.org","@graph":[{"@type":"Article","@id":"https:\/\/unifsa.com.br\/site\/a-esperanca-diante-do-adoecimento-e-morte-e-tema-tratado-em-palestra-do-i-cics\/#article","isPartOf":{"@id":"https:\/\/unifsa.com.br\/site\/a-esperanca-diante-do-adoecimento-e-morte-e-tema-tratado-em-palestra-do-i-cics\/"},"author":{"name":"UNIFSA","@id":"https:\/\/unifsa.com.br\/site\/#\/schema\/person\/6f5e8438b96168f9894cb9fe5816660f"},"headline":"A esperan\u00e7a diante do adoecimento e morte \u00e9 tema tratado em palestra do I CICS","datePublished":"2023-09-15T11:05:17+00:00","dateModified":"2023-09-15T17:44:01+00:00","mainEntityOfPage":{"@id":"https:\/\/unifsa.com.br\/site\/a-esperanca-diante-do-adoecimento-e-morte-e-tema-tratado-em-palestra-do-i-cics\/"},"wordCount":428,"publisher":{"@id":"https:\/\/unifsa.com.br\/site\/#organization"},"image":{"@id":"https:\/\/unifsa.com.br\/site\/a-esperanca-diante-do-adoecimento-e-morte-e-tema-tratado-em-palestra-do-i-cics\/#primaryimage"},"thumbnailUrl":"https:\/\/unifsa.com.br\/site\/wp-content\/uploads\/2023\/09\/Site-programacao-CICS-1.png","keywords":["Enfermagem","I CICS","I Congresso Internacional Ci\u00eancia e Sociedade"],"articleSection":["Acontece na UNIFSA","CICS 2023","Enfermagem"],"inLanguage":"pt-BR"},{"@type":"WebPage","@id":"https:\/\/unifsa.com.br\/site\/a-esperanca-diante-do-adoecimento-e-morte-e-tema-tratado-em-palestra-do-i-cics\/","url":"https:\/\/unifsa.com.br\/site\/a-esperanca-diante-do-adoecimento-e-morte-e-tema-tratado-em-palestra-do-i-cics\/","name":"A esperan\u00e7a diante do adoecimento e morte \u00e9 tema tratado em palestra do I CICS - Centro Universit\u00e1rio Santo Agostinho - UNIFSA","isPartOf":{"@id":"https:\/\/unifsa.com.br\/site\/#website"},"primaryImageOfPage":{"@id":"https:\/\/unifsa.com.br\/site\/a-esperanca-diante-do-adoecimento-e-morte-e-tema-tratado-em-palestra-do-i-cics\/#primaryimage"},"image":{"@id":"https:\/\/unifsa.com.br\/site\/a-esperanca-diante-do-adoecimento-e-morte-e-tema-tratado-em-palestra-do-i-cics\/#primaryimage"},"thumbnailUrl":"https:\/\/unifsa.com.br\/site\/wp-content\/uploads\/2023\/09\/Site-programacao-CICS-1.png","datePublished":"2023-09-15T11:05:17+00:00","dateModified":"2023-09-15T17:44:01+00:00","breadcrumb":{"@id":"https:\/\/unifsa.com.br\/site\/a-esperanca-diante-do-adoecimento-e-morte-e-tema-tratado-em-palestra-do-i-cics\/#breadcrumb"},"inLanguage":"pt-BR","potentialAction":[{"@type":"ReadAction","target":["https:\/\/unifsa.com.br\/site\/a-esperanca-diante-do-adoecimento-e-morte-e-tema-tratado-em-palestra-do-i-cics\/"]}]},{"@type":"ImageObject","inLanguage":"pt-BR","@id":"https:\/\/unifsa.com.br\/site\/a-esperanca-diante-do-adoecimento-e-morte-e-tema-tratado-em-palestra-do-i-cics\/#primaryimage","url":"https:\/\/unifsa.com.br\/site\/wp-content\/uploads\/2023\/09\/Site-programacao-CICS-1.png","contentUrl":"https:\/\/unifsa.com.br\/site\/wp-content\/uploads\/2023\/09\/Site-programacao-CICS-1.png","width":1005,"height":426},{"@type":"BreadcrumbList","@id":"https:\/\/unifsa.com.br\/site\/a-esperanca-diante-do-adoecimento-e-morte-e-tema-tratado-em-palestra-do-i-cics\/#breadcrumb","itemListElement":[{"@type":"ListItem","position":1,"name":"In\u00edcio","item":"https:\/\/unifsa.com.br\/site\/"},{"@type":"ListItem","position":2,"name":"A esperan\u00e7a diante do adoecimento e morte \u00e9 tema tratado em palestra do I CICS"}]},{"@type":"WebSite","@id":"https:\/\/unifsa.com.br\/site\/#website","url":"https:\/\/unifsa.com.br\/site\/","name":"Centro Universit\u00e1rio Santo Agostinho - UNIFSA","description":"Conhecimento para toda a vida","publisher":{"@id":"https:\/\/unifsa.com.br\/site\/#organization"},"potentialAction":[{"@type":"SearchAction","target":{"@type":"EntryPoint","urlTemplate":"https:\/\/unifsa.com.br\/site\/?s={search_term_string}"},"query-input":{"@type":"PropertyValueSpecification","valueRequired":true,"valueName":"search_term_string"}}],"inLanguage":"pt-BR"},{"@type":"Organization","@id":"https:\/\/unifsa.com.br\/site\/#organization","name":"Centro Universit\u00e1rio Santo Agostinho - UNIFSA","url":"https:\/\/unifsa.com.br\/site\/","logo":{"@type":"ImageObject","inLanguage":"pt-BR","@id":"https:\/\/unifsa.com.br\/site\/#\/schema\/logo\/image\/","url":"https:\/\/unifsa.com.br\/site\/wp-content\/uploads\/2023\/03\/MARCA-UNIFSA-CIC23-q2apjs1mt975cf1wl25b044coj90fwoiee1kya6800.png","contentUrl":"https:\/\/unifsa.com.br\/site\/wp-content\/uploads\/2023\/03\/MARCA-UNIFSA-CIC23-q2apjs1mt975cf1wl25b044coj90fwoiee1kya6800.png","width":103,"height":100,"caption":"Centro Universit\u00e1rio Santo Agostinho - UNIFSA"},"image":{"@id":"https:\/\/unifsa.com.br\/site\/#\/schema\/logo\/image\/"},"sameAs":["https:\/\/www.facebook.com\/unifsa\/","https:\/\/www.instagram.com\/unifsa\/"]},{"@type":"Person","@id":"https:\/\/unifsa.com.br\/site\/#\/schema\/person\/6f5e8438b96168f9894cb9fe5816660f","name":"UNIFSA","image":{"@type":"ImageObject","inLanguage":"pt-BR","@id":"https:\/\/unifsa.com.br\/site\/#\/schema\/person\/image\/","url":"https:\/\/secure.gravatar.com\/avatar\/3d1043775cda1d91d725491548f9b3a0909638e5fcbd418ee6b285ebfaa2ae59?s=96&d=mm&r=g","contentUrl":"https:\/\/secure.gravatar.com\/avatar\/3d1043775cda1d91d725491548f9b3a0909638e5fcbd418ee6b285ebfaa2ae59?s=96&d=mm&r=g","caption":"UNIFSA"},"url":"https:\/\/unifsa.com.br\/site\/author\/rogerbezerra\/"}]}},"_links":{"self":[{"href":"https:\/\/unifsa.com.br\/site\/wp-json\/wp\/v2\/posts\/25442","targetHints":{"allow":["GET"]}}],"collection":[{"href":"https:\/\/unifsa.com.br\/site\/wp-json\/wp\/v2\/posts"}],"about":[{"href":"https:\/\/unifsa.com.br\/site\/wp-json\/wp\/v2\/types\/post"}],"author":[{"embeddable":true,"href":"https:\/\/unifsa.com.br\/site\/wp-json\/wp\/v2\/users\/1"}],"replies":[{"embeddable":true,"href":"https:\/\/unifsa.com.br\/site\/wp-json\/wp\/v2\/comments?post=25442"}],"version-history":[{"count":5,"href":"https:\/\/unifsa.com.br\/site\/wp-json\/wp\/v2\/posts\/25442\/revisions"}],"predecessor-version":[{"id":25489,"href":"https:\/\/unifsa.com.br\/site\/wp-json\/wp\/v2\/posts\/25442\/revisions\/25489"}],"wp:featuredmedia":[{"embeddable":true,"href":"https:\/\/unifsa.com.br\/site\/wp-json\/wp\/v2\/media\/25447"}],"wp:attachment":[{"href":"https:\/\/unifsa.com.br\/site\/wp-json\/wp\/v2\/media?parent=25442"}],"wp:term":[{"taxonomy":"category","embeddable":true,"href":"https:\/\/unifsa.com.br\/site\/wp-json\/wp\/v2\/categories?post=25442"},{"taxonomy":"post_tag","embeddable":true,"href":"https:\/\/unifsa.com.br\/site\/wp-json\/wp\/v2\/tags?post=25442"}],"curies":[{"name":"wp","href":"https:\/\/api.w.org\/{rel}","templated":true}]}}