{"id":25384,"date":"2023-09-14T08:14:19","date_gmt":"2023-09-14T11:14:19","guid":{"rendered":"https:\/\/unifsa.com.br\/site\/?p=25384"},"modified":"2023-09-14T08:14:22","modified_gmt":"2023-09-14T11:14:22","slug":"ministra-liana-chaib-e-palestrante-confirmada-no-i-cics","status":"publish","type":"post","link":"https:\/\/unifsa.com.br\/site\/ministra-liana-chaib-e-palestrante-confirmada-no-i-cics\/","title":{"rendered":"Ministra Liana Chaib \u00e9 palestrante confirmada no I CICS"},"content":{"rendered":"\n<p class=\"texto-justificado\">O I Congresso Internacional Ci\u00eancia e Sociedade busca proporcionar um espa\u00e7o de di\u00e1logo e de intera\u00e7\u00e3o entre pesquisadores de v\u00e1rias partes do mundo e nas mais diversas \u00e1reas do conhecimento. Diante disso, \u00e9 com muita honra que este evento, realizado pelo Centro Universit\u00e1rio Santo Agostinho, anuncia a <strong>Ministra do Tribunal Superior do Trabalho, Dra. Liana Chaib<\/strong>, como integrante do seu quadro de ilustres palestrantes. Liana Chaib \u00e9 piauiense, formada em Direito pela Universidade Federal do Piau\u00ed &#8211; UFPI, al\u00e9m de Mestre e Doutora em Direito Constitucional.<\/p>\n\n\n\n<p class=\"texto-justificado\">Iniciou a magistratura como Ju\u00edza de Direito do Tribunal de Justi\u00e7a do Estado do Piau\u00ed em 02\/03\/1989, e, em 15\/05\/1990, ingressou na carreira trabalhista por concurso p\u00fablico no cargo de Ju\u00edza do Trabalho do Tribunal Regional do Tribunal da 16\u00aa Regi\u00e3o, sendo posteriormente integrada ao Tribunal Regional do Trabalho da 22\u00aa Regi\u00e3o, quando de sua cria\u00e7\u00e3o em 09\/12\/1992. Exerceu v\u00e1rios cargos na Justi\u00e7a do Trabalho como Ju\u00edza Presidente da 3\u00aa Junta de Concilia\u00e7\u00e3o e Julgamento de Teresina entre 19\/05\/1993 e 13\/06\/2001, quando foi nomeada como Desembargadora do Tribunal Regional do Trabalho da 22\u00aa Regi\u00e3o. Foi eleita Desembargadora-Presidente do TRT nos Bi\u00eanios 2004\/2006 e 2018\/2020, e Vice-Presidente e Corregedora do TRT para a Administra\u00e7\u00e3o dos bi\u00eanios 2002\/2004 e 2012\/2014. &nbsp;Atuou como Vice-Diretora da Escola Judicial nos interregnos de 2011\/2012 e 2017\/2018, e foi eleita Diretora da Escola Judicial para o bi\u00eanio de 2021\/2022. Al\u00e7ou ao cargo de Ministra do Tribunal Superior do Trabalho, com posse em 16\/12\/2022.<\/p>\n\n\n<div class=\"wp-block-image\">\n<figure class=\"alignright size-full is-resized\"><img fetchpriority=\"high\" decoding=\"async\" src=\"https:\/\/unifsa.com.br\/site\/wp-content\/uploads\/2023\/09\/ministra-do-tribunal-superior-do-trabalho-liana-chaib.JPG.950x0_q95_crop.webp\" alt=\"\" class=\"wp-image-25385\" width=\"342\" height=\"227\" srcset=\"https:\/\/unifsa.com.br\/site\/wp-content\/uploads\/2023\/09\/ministra-do-tribunal-superior-do-trabalho-liana-chaib.JPG.950x0_q95_crop.webp 950w, https:\/\/unifsa.com.br\/site\/wp-content\/uploads\/2023\/09\/ministra-do-tribunal-superior-do-trabalho-liana-chaib.JPG.950x0_q95_crop-300x200.webp 300w, https:\/\/unifsa.com.br\/site\/wp-content\/uploads\/2023\/09\/ministra-do-tribunal-superior-do-trabalho-liana-chaib.JPG.950x0_q95_crop-768x512.webp 768w\" sizes=\"(max-width: 342px) 100vw, 342px\" \/><\/figure>\n<\/div>\n\n\n<p class=\"texto-justificado\">No campo da educa\u00e7\u00e3o, a Ministra tamb\u00e9m \u00e9 Professora Titular da Universidade Estadual do Piau\u00ed desde 1988, e&nbsp;integra o Conselho Deliberativo da Associa\u00e7\u00e3o Brasileira das mulheres de carreira jur\u00eddica &#8211; Comiss\u00e3o Piau\u00ed, bem como membro da Academia Piauiense de Letras Jur\u00eddicas \u2013 APLJ, ocupante da cadeira n\u00ba 21, desde 12\/08\/2022.<\/p>\n\n\n\n<p class=\"texto-justificado\">Al\u00e9m disso, \u00e9 autora do livro \u201cO princ\u00edpio da proporcionalidade no controle do ato administrativo\u201d, e coautora&nbsp;no livro \u201cDireito Administrativo e equidade na atualidade: uma possibilidade In: Ensaios &amp; Reflex\u00f5es sobre o Direito&#8221;.<\/p>\n\n\n\n<p class=\"texto-justificado\">A presen\u00e7a da Ministra Liana Chaib no I CICS n\u00e3o s\u00f3 confirma o prest\u00edgio do congresso, mas tamb\u00e9m destaca a import\u00e2ncia da pesquisa cient\u00edfica em nossa sociedade. Sua participa\u00e7\u00e3o inspirar\u00e1 estudantes, pesquisadores e profissionais a continuarem seu trabalho na busca por solu\u00e7\u00f5es para os desafios do desenvolvimento humano e social.<\/p>\n\n\n\n<div class=\"wp-block-buttons is-content-justification-center is-layout-flex wp-container-core-buttons-is-layout-16018d1d wp-block-buttons-is-layout-flex\">\n<div class=\"wp-block-button\"><a class=\"wp-block-button__link has-white-color has-vivid-cyan-blue-background-color has-text-color has-background wp-element-button\" href=\"https:\/\/eventos.galoa.com.br\/cics-2023\/registration\/intro\">Inscreva-se no I CICS<\/a><\/div>\n<\/div>\n","protected":false},"excerpt":{"rendered":"<p>O I Congresso Internacional Ci\u00eancia e Sociedade busca proporcionar um espa\u00e7o de di\u00e1logo e de intera\u00e7\u00e3o entre pesquisadores de v\u00e1rias partes do mundo e nas mais diversas \u00e1reas do conhecimento. Diante disso, \u00e9 com muita honra que este evento, realizado pelo Centro Universit\u00e1rio Santo Agostinho, anuncia a Ministra do Tribunal Superior do Trabalho, Dra. Liana<\/p>\n","protected":false},"author":11,"featured_media":25391,"comment_status":"closed","ping_status":"open","sticky":false,"template":"","format":"standard","meta":{"_acf_changed":false,"footnotes":""},"categories":[6,1191,53],"tags":[1188,1197,1394,1395],"class_list":["post-25384","post","type-post","status-publish","format-standard","has-post-thumbnail","hentry","category-acontece-na-unifsa","category-cics-2023","category-direito","tag-i-cics","tag-i-congresso-internacional-ciencia-e-sociedade","tag-liana-chaib","tag-ministra-do-tribunal-superior-do-trabalho"],"acf":[],"yoast_head":"<!-- This site is optimized with the Yoast SEO plugin v26.5 - https:\/\/yoast.com\/wordpress\/plugins\/seo\/ -->\n<title>Ministra Liana Chaib \u00e9 palestrante confirmada no I CICS - Centro Universit\u00e1rio Santo Agostinho - UNIFSA<\/title>\n<meta name=\"robots\" content=\"index, follow, max-snippet:-1, max-image-preview:large, max-video-preview:-1\" \/>\n<link rel=\"canonical\" href=\"https:\/\/unifsa.com.br\/site\/ministra-liana-chaib-e-palestrante-confirmada-no-i-cics\/\" \/>\n<meta property=\"og:locale\" content=\"pt_BR\" \/>\n<meta property=\"og:type\" content=\"article\" \/>\n<meta property=\"og:title\" content=\"Ministra Liana Chaib \u00e9 palestrante confirmada no I CICS - Centro Universit\u00e1rio Santo Agostinho - UNIFSA\" \/>\n<meta property=\"og:description\" content=\"O I Congresso Internacional Ci\u00eancia e Sociedade busca proporcionar um espa\u00e7o de di\u00e1logo e de intera\u00e7\u00e3o entre pesquisadores de v\u00e1rias partes do mundo e nas mais diversas \u00e1reas do conhecimento. Diante disso, \u00e9 com muita honra que este evento, realizado pelo Centro Universit\u00e1rio Santo Agostinho, anuncia a Ministra do Tribunal Superior do Trabalho, Dra. Liana\" \/>\n<meta property=\"og:url\" content=\"https:\/\/unifsa.com.br\/site\/ministra-liana-chaib-e-palestrante-confirmada-no-i-cics\/\" \/>\n<meta property=\"og:site_name\" content=\"Centro Universit\u00e1rio Santo Agostinho - UNIFSA\" \/>\n<meta property=\"article:publisher\" content=\"https:\/\/www.facebook.com\/unifsa\/\" \/>\n<meta property=\"article:published_time\" content=\"2023-09-14T11:14:19+00:00\" \/>\n<meta property=\"article:modified_time\" content=\"2023-09-14T11:14:22+00:00\" \/>\n<meta property=\"og:image\" content=\"https:\/\/unifsa.com.br\/site\/wp-content\/uploads\/2023\/09\/palestrante-confirmado.png\" \/>\n\t<meta property=\"og:image:width\" content=\"1920\" \/>\n\t<meta property=\"og:image:height\" content=\"805\" \/>\n\t<meta property=\"og:image:type\" content=\"image\/png\" \/>\n<meta name=\"author\" content=\"Oceannyra Kelly da Cruz Silva\" \/>\n<meta name=\"twitter:card\" content=\"summary_large_image\" \/>\n<meta name=\"twitter:label1\" content=\"Escrito por\" \/>\n\t<meta name=\"twitter:data1\" content=\"Oceannyra Kelly da Cruz Silva\" \/>\n\t<meta name=\"twitter:label2\" content=\"Est. tempo de leitura\" \/>\n\t<meta name=\"twitter:data2\" content=\"3 minutos\" \/>\n<script type=\"application\/ld+json\" class=\"yoast-schema-graph\">{\"@context\":\"https:\/\/schema.org\",\"@graph\":[{\"@type\":\"Article\",\"@id\":\"https:\/\/unifsa.com.br\/site\/ministra-liana-chaib-e-palestrante-confirmada-no-i-cics\/#article\",\"isPartOf\":{\"@id\":\"https:\/\/unifsa.com.br\/site\/ministra-liana-chaib-e-palestrante-confirmada-no-i-cics\/\"},\"author\":{\"name\":\"Oceannyra Kelly da Cruz Silva\",\"@id\":\"https:\/\/unifsa.com.br\/site\/#\/schema\/person\/a4cec94bbc6ddf98f579162824de9bf2\"},\"headline\":\"Ministra Liana Chaib \u00e9 palestrante confirmada no I CICS\",\"datePublished\":\"2023-09-14T11:14:19+00:00\",\"dateModified\":\"2023-09-14T11:14:22+00:00\",\"mainEntityOfPage\":{\"@id\":\"https:\/\/unifsa.com.br\/site\/ministra-liana-chaib-e-palestrante-confirmada-no-i-cics\/\"},\"wordCount\":408,\"publisher\":{\"@id\":\"https:\/\/unifsa.com.br\/site\/#organization\"},\"image\":{\"@id\":\"https:\/\/unifsa.com.br\/site\/ministra-liana-chaib-e-palestrante-confirmada-no-i-cics\/#primaryimage\"},\"thumbnailUrl\":\"https:\/\/unifsa.com.br\/site\/wp-content\/uploads\/2023\/09\/palestrante-confirmado.png\",\"keywords\":[\"I CICS\",\"I Congresso Internacional Ci\u00eancia e Sociedade\",\"Liana Chaib\",\"Ministra do Tribunal Superior do Trabalho\"],\"articleSection\":[\"Acontece na UNIFSA\",\"CICS 2023\",\"Direito\"],\"inLanguage\":\"pt-BR\"},{\"@type\":\"WebPage\",\"@id\":\"https:\/\/unifsa.com.br\/site\/ministra-liana-chaib-e-palestrante-confirmada-no-i-cics\/\",\"url\":\"https:\/\/unifsa.com.br\/site\/ministra-liana-chaib-e-palestrante-confirmada-no-i-cics\/\",\"name\":\"Ministra Liana Chaib \u00e9 palestrante confirmada no I CICS - Centro Universit\u00e1rio Santo Agostinho - UNIFSA\",\"isPartOf\":{\"@id\":\"https:\/\/unifsa.com.br\/site\/#website\"},\"primaryImageOfPage\":{\"@id\":\"https:\/\/unifsa.com.br\/site\/ministra-liana-chaib-e-palestrante-confirmada-no-i-cics\/#primaryimage\"},\"image\":{\"@id\":\"https:\/\/unifsa.com.br\/site\/ministra-liana-chaib-e-palestrante-confirmada-no-i-cics\/#primaryimage\"},\"thumbnailUrl\":\"https:\/\/unifsa.com.br\/site\/wp-content\/uploads\/2023\/09\/palestrante-confirmado.png\",\"datePublished\":\"2023-09-14T11:14:19+00:00\",\"dateModified\":\"2023-09-14T11:14:22+00:00\",\"breadcrumb\":{\"@id\":\"https:\/\/unifsa.com.br\/site\/ministra-liana-chaib-e-palestrante-confirmada-no-i-cics\/#breadcrumb\"},\"inLanguage\":\"pt-BR\",\"potentialAction\":[{\"@type\":\"ReadAction\",\"target\":[\"https:\/\/unifsa.com.br\/site\/ministra-liana-chaib-e-palestrante-confirmada-no-i-cics\/\"]}]},{\"@type\":\"ImageObject\",\"inLanguage\":\"pt-BR\",\"@id\":\"https:\/\/unifsa.com.br\/site\/ministra-liana-chaib-e-palestrante-confirmada-no-i-cics\/#primaryimage\",\"url\":\"https:\/\/unifsa.com.br\/site\/wp-content\/uploads\/2023\/09\/palestrante-confirmado.png\",\"contentUrl\":\"https:\/\/unifsa.com.br\/site\/wp-content\/uploads\/2023\/09\/palestrante-confirmado.png\",\"width\":1920,\"height\":805},{\"@type\":\"BreadcrumbList\",\"@id\":\"https:\/\/unifsa.com.br\/site\/ministra-liana-chaib-e-palestrante-confirmada-no-i-cics\/#breadcrumb\",\"itemListElement\":[{\"@type\":\"ListItem\",\"position\":1,\"name\":\"In\u00edcio\",\"item\":\"https:\/\/unifsa.com.br\/site\/\"},{\"@type\":\"ListItem\",\"position\":2,\"name\":\"Ministra Liana Chaib \u00e9 palestrante confirmada no I CICS\"}]},{\"@type\":\"WebSite\",\"@id\":\"https:\/\/unifsa.com.br\/site\/#website\",\"url\":\"https:\/\/unifsa.com.br\/site\/\",\"name\":\"Centro Universit\u00e1rio Santo Agostinho - UNIFSA\",\"description\":\"Conhecimento para toda a vida\",\"publisher\":{\"@id\":\"https:\/\/unifsa.com.br\/site\/#organization\"},\"potentialAction\":[{\"@type\":\"SearchAction\",\"target\":{\"@type\":\"EntryPoint\",\"urlTemplate\":\"https:\/\/unifsa.com.br\/site\/?s={search_term_string}\"},\"query-input\":{\"@type\":\"PropertyValueSpecification\",\"valueRequired\":true,\"valueName\":\"search_term_string\"}}],\"inLanguage\":\"pt-BR\"},{\"@type\":\"Organization\",\"@id\":\"https:\/\/unifsa.com.br\/site\/#organization\",\"name\":\"Centro Universit\u00e1rio Santo Agostinho - UNIFSA\",\"url\":\"https:\/\/unifsa.com.br\/site\/\",\"logo\":{\"@type\":\"ImageObject\",\"inLanguage\":\"pt-BR\",\"@id\":\"https:\/\/unifsa.com.br\/site\/#\/schema\/logo\/image\/\",\"url\":\"https:\/\/unifsa.com.br\/site\/wp-content\/uploads\/2023\/03\/MARCA-UNIFSA-CIC23-q2apjs1mt975cf1wl25b044coj90fwoiee1kya6800.png\",\"contentUrl\":\"https:\/\/unifsa.com.br\/site\/wp-content\/uploads\/2023\/03\/MARCA-UNIFSA-CIC23-q2apjs1mt975cf1wl25b044coj90fwoiee1kya6800.png\",\"width\":103,\"height\":100,\"caption\":\"Centro Universit\u00e1rio Santo Agostinho - UNIFSA\"},\"image\":{\"@id\":\"https:\/\/unifsa.com.br\/site\/#\/schema\/logo\/image\/\"},\"sameAs\":[\"https:\/\/www.facebook.com\/unifsa\/\",\"https:\/\/www.instagram.com\/unifsa\/\"]},{\"@type\":\"Person\",\"@id\":\"https:\/\/unifsa.com.br\/site\/#\/schema\/person\/a4cec94bbc6ddf98f579162824de9bf2\",\"name\":\"Oceannyra Kelly da Cruz Silva\",\"image\":{\"@type\":\"ImageObject\",\"inLanguage\":\"pt-BR\",\"@id\":\"https:\/\/unifsa.com.br\/site\/#\/schema\/person\/image\/\",\"url\":\"https:\/\/secure.gravatar.com\/avatar\/05c87cd6fa2c3c73262055bd9341438a47e77a37053b409b3cf4f8df60ea8eb8?s=96&d=mm&r=g\",\"contentUrl\":\"https:\/\/secure.gravatar.com\/avatar\/05c87cd6fa2c3c73262055bd9341438a47e77a37053b409b3cf4f8df60ea8eb8?s=96&d=mm&r=g\",\"caption\":\"Oceannyra Kelly da Cruz Silva\"},\"url\":\"https:\/\/unifsa.com.br\/site\/author\/oceannyrakelly\/\"}]}<\/script>\n<!-- \/ Yoast SEO plugin. -->","yoast_head_json":{"title":"Ministra Liana Chaib \u00e9 palestrante confirmada no I CICS - Centro Universit\u00e1rio Santo Agostinho - UNIFSA","robots":{"index":"index","follow":"follow","max-snippet":"max-snippet:-1","max-image-preview":"max-image-preview:large","max-video-preview":"max-video-preview:-1"},"canonical":"https:\/\/unifsa.com.br\/site\/ministra-liana-chaib-e-palestrante-confirmada-no-i-cics\/","og_locale":"pt_BR","og_type":"article","og_title":"Ministra Liana Chaib \u00e9 palestrante confirmada no I CICS - Centro Universit\u00e1rio Santo Agostinho - UNIFSA","og_description":"O I Congresso Internacional Ci\u00eancia e Sociedade busca proporcionar um espa\u00e7o de di\u00e1logo e de intera\u00e7\u00e3o entre pesquisadores de v\u00e1rias partes do mundo e nas mais diversas \u00e1reas do conhecimento. Diante disso, \u00e9 com muita honra que este evento, realizado pelo Centro Universit\u00e1rio Santo Agostinho, anuncia a Ministra do Tribunal Superior do Trabalho, Dra. Liana","og_url":"https:\/\/unifsa.com.br\/site\/ministra-liana-chaib-e-palestrante-confirmada-no-i-cics\/","og_site_name":"Centro Universit\u00e1rio Santo Agostinho - UNIFSA","article_publisher":"https:\/\/www.facebook.com\/unifsa\/","article_published_time":"2023-09-14T11:14:19+00:00","article_modified_time":"2023-09-14T11:14:22+00:00","og_image":[{"width":1920,"height":805,"url":"https:\/\/unifsa.com.br\/site\/wp-content\/uploads\/2023\/09\/palestrante-confirmado.png","type":"image\/png"}],"author":"Oceannyra Kelly da Cruz Silva","twitter_card":"summary_large_image","twitter_misc":{"Escrito por":"Oceannyra Kelly da Cruz Silva","Est. tempo de leitura":"3 minutos"},"schema":{"@context":"https:\/\/schema.org","@graph":[{"@type":"Article","@id":"https:\/\/unifsa.com.br\/site\/ministra-liana-chaib-e-palestrante-confirmada-no-i-cics\/#article","isPartOf":{"@id":"https:\/\/unifsa.com.br\/site\/ministra-liana-chaib-e-palestrante-confirmada-no-i-cics\/"},"author":{"name":"Oceannyra Kelly da Cruz Silva","@id":"https:\/\/unifsa.com.br\/site\/#\/schema\/person\/a4cec94bbc6ddf98f579162824de9bf2"},"headline":"Ministra Liana Chaib \u00e9 palestrante confirmada no I CICS","datePublished":"2023-09-14T11:14:19+00:00","dateModified":"2023-09-14T11:14:22+00:00","mainEntityOfPage":{"@id":"https:\/\/unifsa.com.br\/site\/ministra-liana-chaib-e-palestrante-confirmada-no-i-cics\/"},"wordCount":408,"publisher":{"@id":"https:\/\/unifsa.com.br\/site\/#organization"},"image":{"@id":"https:\/\/unifsa.com.br\/site\/ministra-liana-chaib-e-palestrante-confirmada-no-i-cics\/#primaryimage"},"thumbnailUrl":"https:\/\/unifsa.com.br\/site\/wp-content\/uploads\/2023\/09\/palestrante-confirmado.png","keywords":["I CICS","I Congresso Internacional Ci\u00eancia e Sociedade","Liana Chaib","Ministra do Tribunal Superior do Trabalho"],"articleSection":["Acontece na UNIFSA","CICS 2023","Direito"],"inLanguage":"pt-BR"},{"@type":"WebPage","@id":"https:\/\/unifsa.com.br\/site\/ministra-liana-chaib-e-palestrante-confirmada-no-i-cics\/","url":"https:\/\/unifsa.com.br\/site\/ministra-liana-chaib-e-palestrante-confirmada-no-i-cics\/","name":"Ministra Liana Chaib \u00e9 palestrante confirmada no I CICS - Centro Universit\u00e1rio Santo Agostinho - UNIFSA","isPartOf":{"@id":"https:\/\/unifsa.com.br\/site\/#website"},"primaryImageOfPage":{"@id":"https:\/\/unifsa.com.br\/site\/ministra-liana-chaib-e-palestrante-confirmada-no-i-cics\/#primaryimage"},"image":{"@id":"https:\/\/unifsa.com.br\/site\/ministra-liana-chaib-e-palestrante-confirmada-no-i-cics\/#primaryimage"},"thumbnailUrl":"https:\/\/unifsa.com.br\/site\/wp-content\/uploads\/2023\/09\/palestrante-confirmado.png","datePublished":"2023-09-14T11:14:19+00:00","dateModified":"2023-09-14T11:14:22+00:00","breadcrumb":{"@id":"https:\/\/unifsa.com.br\/site\/ministra-liana-chaib-e-palestrante-confirmada-no-i-cics\/#breadcrumb"},"inLanguage":"pt-BR","potentialAction":[{"@type":"ReadAction","target":["https:\/\/unifsa.com.br\/site\/ministra-liana-chaib-e-palestrante-confirmada-no-i-cics\/"]}]},{"@type":"ImageObject","inLanguage":"pt-BR","@id":"https:\/\/unifsa.com.br\/site\/ministra-liana-chaib-e-palestrante-confirmada-no-i-cics\/#primaryimage","url":"https:\/\/unifsa.com.br\/site\/wp-content\/uploads\/2023\/09\/palestrante-confirmado.png","contentUrl":"https:\/\/unifsa.com.br\/site\/wp-content\/uploads\/2023\/09\/palestrante-confirmado.png","width":1920,"height":805},{"@type":"BreadcrumbList","@id":"https:\/\/unifsa.com.br\/site\/ministra-liana-chaib-e-palestrante-confirmada-no-i-cics\/#breadcrumb","itemListElement":[{"@type":"ListItem","position":1,"name":"In\u00edcio","item":"https:\/\/unifsa.com.br\/site\/"},{"@type":"ListItem","position":2,"name":"Ministra Liana Chaib \u00e9 palestrante confirmada no I CICS"}]},{"@type":"WebSite","@id":"https:\/\/unifsa.com.br\/site\/#website","url":"https:\/\/unifsa.com.br\/site\/","name":"Centro Universit\u00e1rio Santo Agostinho - UNIFSA","description":"Conhecimento para toda a vida","publisher":{"@id":"https:\/\/unifsa.com.br\/site\/#organization"},"potentialAction":[{"@type":"SearchAction","target":{"@type":"EntryPoint","urlTemplate":"https:\/\/unifsa.com.br\/site\/?s={search_term_string}"},"query-input":{"@type":"PropertyValueSpecification","valueRequired":true,"valueName":"search_term_string"}}],"inLanguage":"pt-BR"},{"@type":"Organization","@id":"https:\/\/unifsa.com.br\/site\/#organization","name":"Centro Universit\u00e1rio Santo Agostinho - UNIFSA","url":"https:\/\/unifsa.com.br\/site\/","logo":{"@type":"ImageObject","inLanguage":"pt-BR","@id":"https:\/\/unifsa.com.br\/site\/#\/schema\/logo\/image\/","url":"https:\/\/unifsa.com.br\/site\/wp-content\/uploads\/2023\/03\/MARCA-UNIFSA-CIC23-q2apjs1mt975cf1wl25b044coj90fwoiee1kya6800.png","contentUrl":"https:\/\/unifsa.com.br\/site\/wp-content\/uploads\/2023\/03\/MARCA-UNIFSA-CIC23-q2apjs1mt975cf1wl25b044coj90fwoiee1kya6800.png","width":103,"height":100,"caption":"Centro Universit\u00e1rio Santo Agostinho - UNIFSA"},"image":{"@id":"https:\/\/unifsa.com.br\/site\/#\/schema\/logo\/image\/"},"sameAs":["https:\/\/www.facebook.com\/unifsa\/","https:\/\/www.instagram.com\/unifsa\/"]},{"@type":"Person","@id":"https:\/\/unifsa.com.br\/site\/#\/schema\/person\/a4cec94bbc6ddf98f579162824de9bf2","name":"Oceannyra Kelly da Cruz Silva","image":{"@type":"ImageObject","inLanguage":"pt-BR","@id":"https:\/\/unifsa.com.br\/site\/#\/schema\/person\/image\/","url":"https:\/\/secure.gravatar.com\/avatar\/05c87cd6fa2c3c73262055bd9341438a47e77a37053b409b3cf4f8df60ea8eb8?s=96&d=mm&r=g","contentUrl":"https:\/\/secure.gravatar.com\/avatar\/05c87cd6fa2c3c73262055bd9341438a47e77a37053b409b3cf4f8df60ea8eb8?s=96&d=mm&r=g","caption":"Oceannyra Kelly da Cruz Silva"},"url":"https:\/\/unifsa.com.br\/site\/author\/oceannyrakelly\/"}]}},"_links":{"self":[{"href":"https:\/\/unifsa.com.br\/site\/wp-json\/wp\/v2\/posts\/25384","targetHints":{"allow":["GET"]}}],"collection":[{"href":"https:\/\/unifsa.com.br\/site\/wp-json\/wp\/v2\/posts"}],"about":[{"href":"https:\/\/unifsa.com.br\/site\/wp-json\/wp\/v2\/types\/post"}],"author":[{"embeddable":true,"href":"https:\/\/unifsa.com.br\/site\/wp-json\/wp\/v2\/users\/11"}],"replies":[{"embeddable":true,"href":"https:\/\/unifsa.com.br\/site\/wp-json\/wp\/v2\/comments?post=25384"}],"version-history":[{"count":3,"href":"https:\/\/unifsa.com.br\/site\/wp-json\/wp\/v2\/posts\/25384\/revisions"}],"predecessor-version":[{"id":25415,"href":"https:\/\/unifsa.com.br\/site\/wp-json\/wp\/v2\/posts\/25384\/revisions\/25415"}],"wp:featuredmedia":[{"embeddable":true,"href":"https:\/\/unifsa.com.br\/site\/wp-json\/wp\/v2\/media\/25391"}],"wp:attachment":[{"href":"https:\/\/unifsa.com.br\/site\/wp-json\/wp\/v2\/media?parent=25384"}],"wp:term":[{"taxonomy":"category","embeddable":true,"href":"https:\/\/unifsa.com.br\/site\/wp-json\/wp\/v2\/categories?post=25384"},{"taxonomy":"post_tag","embeddable":true,"href":"https:\/\/unifsa.com.br\/site\/wp-json\/wp\/v2\/tags?post=25384"}],"curies":[{"name":"wp","href":"https:\/\/api.w.org\/{rel}","templated":true}]}}