{"id":25359,"date":"2023-09-13T11:47:15","date_gmt":"2023-09-13T14:47:15","guid":{"rendered":"https:\/\/unifsa.com.br\/site\/?p=25359"},"modified":"2023-09-13T11:47:18","modified_gmt":"2023-09-13T14:47:18","slug":"conselho-regional-de-farmacia-e-parceiro-oficial-do-i-cics","status":"publish","type":"post","link":"https:\/\/unifsa.com.br\/site\/conselho-regional-de-farmacia-e-parceiro-oficial-do-i-cics\/","title":{"rendered":"Conselho Regional de Farm\u00e1cia \u00e9 parceiro oficial do I CICS"},"content":{"rendered":"\n<p class=\"texto-justificado\">De 04 a 07 de outubro, o I Congresso Internacional Ci\u00eancia e Sociedade trar\u00e1 experi\u00eancias de encontros com pesquisadores das mais diversas \u00e1reas e de v\u00e1rios lugares do mundo. E quem tamb\u00e9m est\u00e1 apoiando este evento \u00e9 o Conselho Regional de Farm\u00e1cia do Piau\u00ed(CRF-PI).<\/p>\n\n\n\n<div class=\"wp-block-buttons is-content-justification-center is-layout-flex wp-container-core-buttons-is-layout-16018d1d wp-block-buttons-is-layout-flex\">\n<div class=\"wp-block-button\"><a class=\"wp-block-button__link has-white-color has-vivid-cyan-blue-background-color has-text-color has-background wp-element-button\" href=\"https:\/\/accounts.galoa.com.br\/br\/realm\/cics-2023\/login?destination=oauth2\/authorize&amp;origin=eventdashboard\">Inscreva-se no I CICS<\/a><\/div>\n<\/div>\n\n\n<div class=\"wp-block-image\">\n<figure class=\"alignleft size-full is-resized\"><img decoding=\"async\" src=\"https:\/\/unifsa.com.br\/site\/wp-content\/uploads\/2023\/09\/crf-pi-conselho-regional-de-farmacia-do-estado-do-piaui.png\" alt=\"\" class=\"wp-image-25360\" width=\"245\" height=\"184\" srcset=\"https:\/\/unifsa.com.br\/site\/wp-content\/uploads\/2023\/09\/crf-pi-conselho-regional-de-farmacia-do-estado-do-piaui.png 990w, https:\/\/unifsa.com.br\/site\/wp-content\/uploads\/2023\/09\/crf-pi-conselho-regional-de-farmacia-do-estado-do-piaui-300x225.png 300w, https:\/\/unifsa.com.br\/site\/wp-content\/uploads\/2023\/09\/crf-pi-conselho-regional-de-farmacia-do-estado-do-piaui-768x577.png 768w\" sizes=\"(max-width: 245px) 100vw, 245px\" \/><\/figure>\n<\/div>\n\n\n<p class=\"texto-justificado\">Criado em 1962, o CRF-PI possui personalidade jur\u00eddica, autonomia administrativa e financeira no \u00e2mbito da jurisdi\u00e7\u00e3o do Estado do Piau\u00ed. O \u00f3rg\u00e3o zela pela \u00e9tica e disciplina no exerc\u00edcio da profiss\u00e3o farmac\u00eautica, al\u00e9m de fiscalizar a correta aplica\u00e7\u00e3o dos preceitos da profiss\u00e3o em todas os ramos de atua\u00e7\u00e3o do farmac\u00eautico. Al\u00e9m disso, o CRF-PI registra e faz a expedi\u00e7\u00e3o de carteiras profissionais, fiscalizando o exerc\u00edcio da profiss\u00e3o, impedindo atua\u00e7\u00e3o irrespons\u00e1vel e punindo infra\u00e7\u00f5es.<\/p>\n\n\n\n<p>As fun\u00e7\u00f5es deste conselho incluem:<\/p>\n\n\n\n<p class=\"texto-justificado\">1. Proteger a sociedade dos maus profissionais farmac\u00eauticos;<\/p>\n\n\n\n<p class=\"texto-justificado\">2. Garantir a presen\u00e7a do farmac\u00eautico na farm\u00e1cia , an\u00e1lises cl\u00ednicas, ind\u00fastria e outras \u00e1reas farmac\u00eauticas, e, conseq\u00fcentemente, uma assist\u00eancia farmac\u00eautica efetiva e de qualidade;<\/p>\n\n\n\n<p class=\"texto-justificado\">3. Lutar para que o conceito da farm\u00e1cia como um estabelecimento de sa\u00fade e do farmac\u00eautico como um profissional do medicamento se tornem realidade.<\/p>\n\n\n<div class=\"wp-block-image\">\n<figure class=\"alignright size-large is-resized\"><img fetchpriority=\"high\" decoding=\"async\" src=\"https:\/\/unifsa.com.br\/site\/wp-content\/uploads\/2023\/09\/presidentes-parceiros-cics-7-724x1024.png\" alt=\"\" class=\"wp-image-25361\" width=\"214\" height=\"303\" srcset=\"https:\/\/unifsa.com.br\/site\/wp-content\/uploads\/2023\/09\/presidentes-parceiros-cics-7-724x1024.png 724w, https:\/\/unifsa.com.br\/site\/wp-content\/uploads\/2023\/09\/presidentes-parceiros-cics-7-212x300.png 212w, https:\/\/unifsa.com.br\/site\/wp-content\/uploads\/2023\/09\/presidentes-parceiros-cics-7-768x1086.png 768w, https:\/\/unifsa.com.br\/site\/wp-content\/uploads\/2023\/09\/presidentes-parceiros-cics-7-1086x1536.png 1086w, https:\/\/unifsa.com.br\/site\/wp-content\/uploads\/2023\/09\/presidentes-parceiros-cics-7.png 1414w\" sizes=\"(max-width: 214px) 100vw, 214px\" \/><\/figure>\n<\/div>\n\n\n<p class=\"texto-justificado\">O presidente Dr. Luiz Jos\u00e9 de Oliveira J\u00fanior \u00e9 quem comanda atualmente o Conselho Regional de Farm\u00e1cia do Piau\u00ed, buscando prezar pela fiel observ\u00e2ncia dos princ\u00edpios da \u00e9tica e da disciplina da classe dos que exercem atividades farmac\u00eauticas no Piau\u00ed e&nbsp;promover atividades que tenham por objetivo contribuir para melhoria da Sa\u00fade P\u00fablica e Assist\u00eancia Farmac\u00eautica, estimular a unidade da classe e executar programas de atualiza\u00e7\u00e3o do farmac\u00eautico.<\/p>\n\n\n\n<blockquote class=\"wp-block-quote is-layout-flow wp-block-quote-is-layout-flow\">\n<p class=\"texto-justificado\">Hoje o farmac\u00eautico n\u00e3o est\u00e1 presente apenas no balc\u00e3o da farm\u00e1cia, mas ele pode atuar em ramos da pesquisa, da consulta farmac\u00eautica, da est\u00e9tica, dentre outros. Valorizar essa profiss\u00e3o \u00e9 valorizar a sa\u00fade e o bem-estar das pessoas<\/p>\n<cite>Dr. Luiz Jos\u00e9 de Oliveira J\u00fanior, presidente do CRF-PI<\/cite><\/blockquote>\n\n\n\n<p class=\"texto-justificado\">Como parceiro direto do I CICS, o CRF participar\u00e1 da programa\u00e7\u00e3o do evento, trazendo importantes contribui\u00e7\u00f5es aos participantes. O presidente do conselho constituir\u00e1 a mesa &#8220;Jornadas de Cuidado Centradas no Paciente: tend\u00eancias, tecnologias e pr\u00e1ticas inovadoras em busca da qualidade de vida&#8221;, marcada para as 14h do dia 05 de outubro.<\/p>\n\n\n\n<div class=\"wp-block-buttons is-content-justification-center is-layout-flex wp-container-core-buttons-is-layout-16018d1d wp-block-buttons-is-layout-flex\">\n<div class=\"wp-block-button\"><a class=\"wp-block-button__link has-white-color has-vivid-cyan-blue-background-color has-text-color has-background wp-element-button\" href=\"https:\/\/unifsa.com.br\/cics2023\/programacao-geral\/\">Confira a programa\u00e7\u00e3o completa<\/a><\/div>\n<\/div>\n\n\n\n<h3 class=\"wp-block-heading has-vivid-cyan-blue-color has-text-color\">Contatos &#8211; CRF\/PI<\/h3>\n\n\n\n<figure class=\"wp-block-image size-large\"><img decoding=\"async\" width=\"1024\" height=\"219\" src=\"https:\/\/unifsa.com.br\/site\/wp-content\/uploads\/2023\/09\/parceiros-cics-8-1024x219.png\" alt=\"\" class=\"wp-image-25364\" srcset=\"https:\/\/unifsa.com.br\/site\/wp-content\/uploads\/2023\/09\/parceiros-cics-8-1024x219.png 1024w, https:\/\/unifsa.com.br\/site\/wp-content\/uploads\/2023\/09\/parceiros-cics-8-300x64.png 300w, https:\/\/unifsa.com.br\/site\/wp-content\/uploads\/2023\/09\/parceiros-cics-8-768x164.png 768w, https:\/\/unifsa.com.br\/site\/wp-content\/uploads\/2023\/09\/parceiros-cics-8-1536x329.png 1536w, https:\/\/unifsa.com.br\/site\/wp-content\/uploads\/2023\/09\/parceiros-cics-8.png 1920w\" sizes=\"(max-width: 1024px) 100vw, 1024px\" \/><\/figure>\n","protected":false},"excerpt":{"rendered":"<p>De 04 a 07 de outubro, o I Congresso Internacional Ci\u00eancia e Sociedade trar\u00e1 experi\u00eancias de encontros com pesquisadores das mais diversas \u00e1reas e de v\u00e1rios lugares do mundo. E quem tamb\u00e9m est\u00e1 apoiando este evento \u00e9 o Conselho Regional de Farm\u00e1cia do Piau\u00ed(CRF-PI). Criado em 1962, o CRF-PI possui personalidade jur\u00eddica, autonomia administrativa e<\/p>\n","protected":false},"author":1,"featured_media":25363,"comment_status":"closed","ping_status":"open","sticky":false,"template":"","format":"standard","meta":{"_acf_changed":false,"footnotes":""},"categories":[1191,53],"tags":[1387,1388,1266],"class_list":["post-25359","post","type-post","status-publish","format-standard","has-post-thumbnail","hentry","category-cics-2023","category-direito","tag-conselho-regional-de-farmacia-do-piaui","tag-crf-pi","tag-parceiros-cics"],"acf":[],"yoast_head":"<!-- This site is optimized with the Yoast SEO plugin v26.5 - https:\/\/yoast.com\/wordpress\/plugins\/seo\/ -->\n<title>Conselho Regional de Farm\u00e1cia \u00e9 parceiro oficial do I CICS - Centro Universit\u00e1rio Santo Agostinho - UNIFSA<\/title>\n<meta name=\"robots\" content=\"index, follow, max-snippet:-1, max-image-preview:large, max-video-preview:-1\" \/>\n<link rel=\"canonical\" href=\"https:\/\/unifsa.com.br\/site\/conselho-regional-de-farmacia-e-parceiro-oficial-do-i-cics\/\" \/>\n<meta property=\"og:locale\" content=\"pt_BR\" \/>\n<meta property=\"og:type\" content=\"article\" \/>\n<meta property=\"og:title\" content=\"Conselho Regional de Farm\u00e1cia \u00e9 parceiro oficial do I CICS - Centro Universit\u00e1rio Santo Agostinho - UNIFSA\" \/>\n<meta property=\"og:description\" content=\"De 04 a 07 de outubro, o I Congresso Internacional Ci\u00eancia e Sociedade trar\u00e1 experi\u00eancias de encontros com pesquisadores das mais diversas \u00e1reas e de v\u00e1rios lugares do mundo. E quem tamb\u00e9m est\u00e1 apoiando este evento \u00e9 o Conselho Regional de Farm\u00e1cia do Piau\u00ed(CRF-PI). Criado em 1962, o CRF-PI possui personalidade jur\u00eddica, autonomia administrativa e\" \/>\n<meta property=\"og:url\" content=\"https:\/\/unifsa.com.br\/site\/conselho-regional-de-farmacia-e-parceiro-oficial-do-i-cics\/\" \/>\n<meta property=\"og:site_name\" content=\"Centro Universit\u00e1rio Santo Agostinho - UNIFSA\" \/>\n<meta property=\"article:publisher\" content=\"https:\/\/www.facebook.com\/unifsa\/\" \/>\n<meta property=\"article:published_time\" content=\"2023-09-13T14:47:15+00:00\" \/>\n<meta property=\"article:modified_time\" content=\"2023-09-13T14:47:18+00:00\" \/>\n<meta property=\"og:image\" content=\"https:\/\/unifsa.com.br\/site\/wp-content\/uploads\/2023\/09\/SITE-PARCEIRO-8.png\" \/>\n\t<meta property=\"og:image:width\" content=\"1005\" \/>\n\t<meta property=\"og:image:height\" content=\"426\" \/>\n\t<meta property=\"og:image:type\" content=\"image\/png\" \/>\n<meta name=\"author\" content=\"UNIFSA\" \/>\n<meta name=\"twitter:card\" content=\"summary_large_image\" \/>\n<meta name=\"twitter:label1\" content=\"Escrito por\" \/>\n\t<meta name=\"twitter:data1\" content=\"UNIFSA\" \/>\n\t<meta name=\"twitter:label2\" content=\"Est. tempo de leitura\" \/>\n\t<meta name=\"twitter:data2\" content=\"3 minutos\" \/>\n<script type=\"application\/ld+json\" class=\"yoast-schema-graph\">{\"@context\":\"https:\/\/schema.org\",\"@graph\":[{\"@type\":\"Article\",\"@id\":\"https:\/\/unifsa.com.br\/site\/conselho-regional-de-farmacia-e-parceiro-oficial-do-i-cics\/#article\",\"isPartOf\":{\"@id\":\"https:\/\/unifsa.com.br\/site\/conselho-regional-de-farmacia-e-parceiro-oficial-do-i-cics\/\"},\"author\":{\"name\":\"UNIFSA\",\"@id\":\"https:\/\/unifsa.com.br\/site\/#\/schema\/person\/6f5e8438b96168f9894cb9fe5816660f\"},\"headline\":\"Conselho Regional de Farm\u00e1cia \u00e9 parceiro oficial do I CICS\",\"datePublished\":\"2023-09-13T14:47:15+00:00\",\"dateModified\":\"2023-09-13T14:47:18+00:00\",\"mainEntityOfPage\":{\"@id\":\"https:\/\/unifsa.com.br\/site\/conselho-regional-de-farmacia-e-parceiro-oficial-do-i-cics\/\"},\"wordCount\":421,\"publisher\":{\"@id\":\"https:\/\/unifsa.com.br\/site\/#organization\"},\"image\":{\"@id\":\"https:\/\/unifsa.com.br\/site\/conselho-regional-de-farmacia-e-parceiro-oficial-do-i-cics\/#primaryimage\"},\"thumbnailUrl\":\"https:\/\/unifsa.com.br\/site\/wp-content\/uploads\/2023\/09\/SITE-PARCEIRO-8.png\",\"keywords\":[\"Conselho Regional de Farm\u00e1cia do Piau\u00ed\",\"CRF-PI\",\"Parceiros CICS\"],\"articleSection\":[\"CICS 2023\",\"Direito\"],\"inLanguage\":\"pt-BR\"},{\"@type\":\"WebPage\",\"@id\":\"https:\/\/unifsa.com.br\/site\/conselho-regional-de-farmacia-e-parceiro-oficial-do-i-cics\/\",\"url\":\"https:\/\/unifsa.com.br\/site\/conselho-regional-de-farmacia-e-parceiro-oficial-do-i-cics\/\",\"name\":\"Conselho Regional de Farm\u00e1cia \u00e9 parceiro oficial do I CICS - Centro Universit\u00e1rio Santo Agostinho - UNIFSA\",\"isPartOf\":{\"@id\":\"https:\/\/unifsa.com.br\/site\/#website\"},\"primaryImageOfPage\":{\"@id\":\"https:\/\/unifsa.com.br\/site\/conselho-regional-de-farmacia-e-parceiro-oficial-do-i-cics\/#primaryimage\"},\"image\":{\"@id\":\"https:\/\/unifsa.com.br\/site\/conselho-regional-de-farmacia-e-parceiro-oficial-do-i-cics\/#primaryimage\"},\"thumbnailUrl\":\"https:\/\/unifsa.com.br\/site\/wp-content\/uploads\/2023\/09\/SITE-PARCEIRO-8.png\",\"datePublished\":\"2023-09-13T14:47:15+00:00\",\"dateModified\":\"2023-09-13T14:47:18+00:00\",\"breadcrumb\":{\"@id\":\"https:\/\/unifsa.com.br\/site\/conselho-regional-de-farmacia-e-parceiro-oficial-do-i-cics\/#breadcrumb\"},\"inLanguage\":\"pt-BR\",\"potentialAction\":[{\"@type\":\"ReadAction\",\"target\":[\"https:\/\/unifsa.com.br\/site\/conselho-regional-de-farmacia-e-parceiro-oficial-do-i-cics\/\"]}]},{\"@type\":\"ImageObject\",\"inLanguage\":\"pt-BR\",\"@id\":\"https:\/\/unifsa.com.br\/site\/conselho-regional-de-farmacia-e-parceiro-oficial-do-i-cics\/#primaryimage\",\"url\":\"https:\/\/unifsa.com.br\/site\/wp-content\/uploads\/2023\/09\/SITE-PARCEIRO-8.png\",\"contentUrl\":\"https:\/\/unifsa.com.br\/site\/wp-content\/uploads\/2023\/09\/SITE-PARCEIRO-8.png\",\"width\":1005,\"height\":426},{\"@type\":\"BreadcrumbList\",\"@id\":\"https:\/\/unifsa.com.br\/site\/conselho-regional-de-farmacia-e-parceiro-oficial-do-i-cics\/#breadcrumb\",\"itemListElement\":[{\"@type\":\"ListItem\",\"position\":1,\"name\":\"In\u00edcio\",\"item\":\"https:\/\/unifsa.com.br\/site\/\"},{\"@type\":\"ListItem\",\"position\":2,\"name\":\"Conselho Regional de Farm\u00e1cia \u00e9 parceiro oficial do I CICS\"}]},{\"@type\":\"WebSite\",\"@id\":\"https:\/\/unifsa.com.br\/site\/#website\",\"url\":\"https:\/\/unifsa.com.br\/site\/\",\"name\":\"Centro Universit\u00e1rio Santo Agostinho - UNIFSA\",\"description\":\"Conhecimento para toda a vida\",\"publisher\":{\"@id\":\"https:\/\/unifsa.com.br\/site\/#organization\"},\"potentialAction\":[{\"@type\":\"SearchAction\",\"target\":{\"@type\":\"EntryPoint\",\"urlTemplate\":\"https:\/\/unifsa.com.br\/site\/?s={search_term_string}\"},\"query-input\":{\"@type\":\"PropertyValueSpecification\",\"valueRequired\":true,\"valueName\":\"search_term_string\"}}],\"inLanguage\":\"pt-BR\"},{\"@type\":\"Organization\",\"@id\":\"https:\/\/unifsa.com.br\/site\/#organization\",\"name\":\"Centro Universit\u00e1rio Santo Agostinho - UNIFSA\",\"url\":\"https:\/\/unifsa.com.br\/site\/\",\"logo\":{\"@type\":\"ImageObject\",\"inLanguage\":\"pt-BR\",\"@id\":\"https:\/\/unifsa.com.br\/site\/#\/schema\/logo\/image\/\",\"url\":\"https:\/\/unifsa.com.br\/site\/wp-content\/uploads\/2023\/03\/MARCA-UNIFSA-CIC23-q2apjs1mt975cf1wl25b044coj90fwoiee1kya6800.png\",\"contentUrl\":\"https:\/\/unifsa.com.br\/site\/wp-content\/uploads\/2023\/03\/MARCA-UNIFSA-CIC23-q2apjs1mt975cf1wl25b044coj90fwoiee1kya6800.png\",\"width\":103,\"height\":100,\"caption\":\"Centro Universit\u00e1rio Santo Agostinho - UNIFSA\"},\"image\":{\"@id\":\"https:\/\/unifsa.com.br\/site\/#\/schema\/logo\/image\/\"},\"sameAs\":[\"https:\/\/www.facebook.com\/unifsa\/\",\"https:\/\/www.instagram.com\/unifsa\/\"]},{\"@type\":\"Person\",\"@id\":\"https:\/\/unifsa.com.br\/site\/#\/schema\/person\/6f5e8438b96168f9894cb9fe5816660f\",\"name\":\"UNIFSA\",\"image\":{\"@type\":\"ImageObject\",\"inLanguage\":\"pt-BR\",\"@id\":\"https:\/\/unifsa.com.br\/site\/#\/schema\/person\/image\/\",\"url\":\"https:\/\/secure.gravatar.com\/avatar\/3d1043775cda1d91d725491548f9b3a0909638e5fcbd418ee6b285ebfaa2ae59?s=96&d=mm&r=g\",\"contentUrl\":\"https:\/\/secure.gravatar.com\/avatar\/3d1043775cda1d91d725491548f9b3a0909638e5fcbd418ee6b285ebfaa2ae59?s=96&d=mm&r=g\",\"caption\":\"UNIFSA\"},\"url\":\"https:\/\/unifsa.com.br\/site\/author\/rogerbezerra\/\"}]}<\/script>\n<!-- \/ Yoast SEO plugin. -->","yoast_head_json":{"title":"Conselho Regional de Farm\u00e1cia \u00e9 parceiro oficial do I CICS - Centro Universit\u00e1rio Santo Agostinho - UNIFSA","robots":{"index":"index","follow":"follow","max-snippet":"max-snippet:-1","max-image-preview":"max-image-preview:large","max-video-preview":"max-video-preview:-1"},"canonical":"https:\/\/unifsa.com.br\/site\/conselho-regional-de-farmacia-e-parceiro-oficial-do-i-cics\/","og_locale":"pt_BR","og_type":"article","og_title":"Conselho Regional de Farm\u00e1cia \u00e9 parceiro oficial do I CICS - Centro Universit\u00e1rio Santo Agostinho - UNIFSA","og_description":"De 04 a 07 de outubro, o I Congresso Internacional Ci\u00eancia e Sociedade trar\u00e1 experi\u00eancias de encontros com pesquisadores das mais diversas \u00e1reas e de v\u00e1rios lugares do mundo. E quem tamb\u00e9m est\u00e1 apoiando este evento \u00e9 o Conselho Regional de Farm\u00e1cia do Piau\u00ed(CRF-PI). Criado em 1962, o CRF-PI possui personalidade jur\u00eddica, autonomia administrativa e","og_url":"https:\/\/unifsa.com.br\/site\/conselho-regional-de-farmacia-e-parceiro-oficial-do-i-cics\/","og_site_name":"Centro Universit\u00e1rio Santo Agostinho - UNIFSA","article_publisher":"https:\/\/www.facebook.com\/unifsa\/","article_published_time":"2023-09-13T14:47:15+00:00","article_modified_time":"2023-09-13T14:47:18+00:00","og_image":[{"width":1005,"height":426,"url":"https:\/\/unifsa.com.br\/site\/wp-content\/uploads\/2023\/09\/SITE-PARCEIRO-8.png","type":"image\/png"}],"author":"UNIFSA","twitter_card":"summary_large_image","twitter_misc":{"Escrito por":"UNIFSA","Est. tempo de leitura":"3 minutos"},"schema":{"@context":"https:\/\/schema.org","@graph":[{"@type":"Article","@id":"https:\/\/unifsa.com.br\/site\/conselho-regional-de-farmacia-e-parceiro-oficial-do-i-cics\/#article","isPartOf":{"@id":"https:\/\/unifsa.com.br\/site\/conselho-regional-de-farmacia-e-parceiro-oficial-do-i-cics\/"},"author":{"name":"UNIFSA","@id":"https:\/\/unifsa.com.br\/site\/#\/schema\/person\/6f5e8438b96168f9894cb9fe5816660f"},"headline":"Conselho Regional de Farm\u00e1cia \u00e9 parceiro oficial do I CICS","datePublished":"2023-09-13T14:47:15+00:00","dateModified":"2023-09-13T14:47:18+00:00","mainEntityOfPage":{"@id":"https:\/\/unifsa.com.br\/site\/conselho-regional-de-farmacia-e-parceiro-oficial-do-i-cics\/"},"wordCount":421,"publisher":{"@id":"https:\/\/unifsa.com.br\/site\/#organization"},"image":{"@id":"https:\/\/unifsa.com.br\/site\/conselho-regional-de-farmacia-e-parceiro-oficial-do-i-cics\/#primaryimage"},"thumbnailUrl":"https:\/\/unifsa.com.br\/site\/wp-content\/uploads\/2023\/09\/SITE-PARCEIRO-8.png","keywords":["Conselho Regional de Farm\u00e1cia do Piau\u00ed","CRF-PI","Parceiros CICS"],"articleSection":["CICS 2023","Direito"],"inLanguage":"pt-BR"},{"@type":"WebPage","@id":"https:\/\/unifsa.com.br\/site\/conselho-regional-de-farmacia-e-parceiro-oficial-do-i-cics\/","url":"https:\/\/unifsa.com.br\/site\/conselho-regional-de-farmacia-e-parceiro-oficial-do-i-cics\/","name":"Conselho Regional de Farm\u00e1cia \u00e9 parceiro oficial do I CICS - Centro Universit\u00e1rio Santo Agostinho - UNIFSA","isPartOf":{"@id":"https:\/\/unifsa.com.br\/site\/#website"},"primaryImageOfPage":{"@id":"https:\/\/unifsa.com.br\/site\/conselho-regional-de-farmacia-e-parceiro-oficial-do-i-cics\/#primaryimage"},"image":{"@id":"https:\/\/unifsa.com.br\/site\/conselho-regional-de-farmacia-e-parceiro-oficial-do-i-cics\/#primaryimage"},"thumbnailUrl":"https:\/\/unifsa.com.br\/site\/wp-content\/uploads\/2023\/09\/SITE-PARCEIRO-8.png","datePublished":"2023-09-13T14:47:15+00:00","dateModified":"2023-09-13T14:47:18+00:00","breadcrumb":{"@id":"https:\/\/unifsa.com.br\/site\/conselho-regional-de-farmacia-e-parceiro-oficial-do-i-cics\/#breadcrumb"},"inLanguage":"pt-BR","potentialAction":[{"@type":"ReadAction","target":["https:\/\/unifsa.com.br\/site\/conselho-regional-de-farmacia-e-parceiro-oficial-do-i-cics\/"]}]},{"@type":"ImageObject","inLanguage":"pt-BR","@id":"https:\/\/unifsa.com.br\/site\/conselho-regional-de-farmacia-e-parceiro-oficial-do-i-cics\/#primaryimage","url":"https:\/\/unifsa.com.br\/site\/wp-content\/uploads\/2023\/09\/SITE-PARCEIRO-8.png","contentUrl":"https:\/\/unifsa.com.br\/site\/wp-content\/uploads\/2023\/09\/SITE-PARCEIRO-8.png","width":1005,"height":426},{"@type":"BreadcrumbList","@id":"https:\/\/unifsa.com.br\/site\/conselho-regional-de-farmacia-e-parceiro-oficial-do-i-cics\/#breadcrumb","itemListElement":[{"@type":"ListItem","position":1,"name":"In\u00edcio","item":"https:\/\/unifsa.com.br\/site\/"},{"@type":"ListItem","position":2,"name":"Conselho Regional de Farm\u00e1cia \u00e9 parceiro oficial do I CICS"}]},{"@type":"WebSite","@id":"https:\/\/unifsa.com.br\/site\/#website","url":"https:\/\/unifsa.com.br\/site\/","name":"Centro Universit\u00e1rio Santo Agostinho - UNIFSA","description":"Conhecimento para toda a vida","publisher":{"@id":"https:\/\/unifsa.com.br\/site\/#organization"},"potentialAction":[{"@type":"SearchAction","target":{"@type":"EntryPoint","urlTemplate":"https:\/\/unifsa.com.br\/site\/?s={search_term_string}"},"query-input":{"@type":"PropertyValueSpecification","valueRequired":true,"valueName":"search_term_string"}}],"inLanguage":"pt-BR"},{"@type":"Organization","@id":"https:\/\/unifsa.com.br\/site\/#organization","name":"Centro Universit\u00e1rio Santo Agostinho - UNIFSA","url":"https:\/\/unifsa.com.br\/site\/","logo":{"@type":"ImageObject","inLanguage":"pt-BR","@id":"https:\/\/unifsa.com.br\/site\/#\/schema\/logo\/image\/","url":"https:\/\/unifsa.com.br\/site\/wp-content\/uploads\/2023\/03\/MARCA-UNIFSA-CIC23-q2apjs1mt975cf1wl25b044coj90fwoiee1kya6800.png","contentUrl":"https:\/\/unifsa.com.br\/site\/wp-content\/uploads\/2023\/03\/MARCA-UNIFSA-CIC23-q2apjs1mt975cf1wl25b044coj90fwoiee1kya6800.png","width":103,"height":100,"caption":"Centro Universit\u00e1rio Santo Agostinho - UNIFSA"},"image":{"@id":"https:\/\/unifsa.com.br\/site\/#\/schema\/logo\/image\/"},"sameAs":["https:\/\/www.facebook.com\/unifsa\/","https:\/\/www.instagram.com\/unifsa\/"]},{"@type":"Person","@id":"https:\/\/unifsa.com.br\/site\/#\/schema\/person\/6f5e8438b96168f9894cb9fe5816660f","name":"UNIFSA","image":{"@type":"ImageObject","inLanguage":"pt-BR","@id":"https:\/\/unifsa.com.br\/site\/#\/schema\/person\/image\/","url":"https:\/\/secure.gravatar.com\/avatar\/3d1043775cda1d91d725491548f9b3a0909638e5fcbd418ee6b285ebfaa2ae59?s=96&d=mm&r=g","contentUrl":"https:\/\/secure.gravatar.com\/avatar\/3d1043775cda1d91d725491548f9b3a0909638e5fcbd418ee6b285ebfaa2ae59?s=96&d=mm&r=g","caption":"UNIFSA"},"url":"https:\/\/unifsa.com.br\/site\/author\/rogerbezerra\/"}]}},"_links":{"self":[{"href":"https:\/\/unifsa.com.br\/site\/wp-json\/wp\/v2\/posts\/25359","targetHints":{"allow":["GET"]}}],"collection":[{"href":"https:\/\/unifsa.com.br\/site\/wp-json\/wp\/v2\/posts"}],"about":[{"href":"https:\/\/unifsa.com.br\/site\/wp-json\/wp\/v2\/types\/post"}],"author":[{"embeddable":true,"href":"https:\/\/unifsa.com.br\/site\/wp-json\/wp\/v2\/users\/1"}],"replies":[{"embeddable":true,"href":"https:\/\/unifsa.com.br\/site\/wp-json\/wp\/v2\/comments?post=25359"}],"version-history":[{"count":4,"href":"https:\/\/unifsa.com.br\/site\/wp-json\/wp\/v2\/posts\/25359\/revisions"}],"predecessor-version":[{"id":25388,"href":"https:\/\/unifsa.com.br\/site\/wp-json\/wp\/v2\/posts\/25359\/revisions\/25388"}],"wp:featuredmedia":[{"embeddable":true,"href":"https:\/\/unifsa.com.br\/site\/wp-json\/wp\/v2\/media\/25363"}],"wp:attachment":[{"href":"https:\/\/unifsa.com.br\/site\/wp-json\/wp\/v2\/media?parent=25359"}],"wp:term":[{"taxonomy":"category","embeddable":true,"href":"https:\/\/unifsa.com.br\/site\/wp-json\/wp\/v2\/categories?post=25359"},{"taxonomy":"post_tag","embeddable":true,"href":"https:\/\/unifsa.com.br\/site\/wp-json\/wp\/v2\/tags?post=25359"}],"curies":[{"name":"wp","href":"https:\/\/api.w.org\/{rel}","templated":true}]}}