{"id":25212,"date":"2023-09-09T11:26:02","date_gmt":"2023-09-09T14:26:02","guid":{"rendered":"https:\/\/unifsa.com.br\/site\/?p=25212"},"modified":"2023-10-09T15:23:39","modified_gmt":"2023-10-09T18:23:39","slug":"iv-jornada-de-odontologia-realiza-pre-evento-em-outubro","status":"publish","type":"post","link":"https:\/\/unifsa.com.br\/site\/iv-jornada-de-odontologia-realiza-pre-evento-em-outubro\/","title":{"rendered":"IV Jornada de Odontologia realiza pr\u00e9-evento em outubro"},"content":{"rendered":"\n<p class=\"texto-justificado\">O Centro Universit\u00e1rio Santo Agostinho, atrav\u00e9s da Gradua\u00e7\u00e3o de Odontologia, realizar\u00e1 o <strong>Pr\u00e9-Evento da IV Jornada Acad\u00eamica de Odontologia do UNIFSA<\/strong> (IV JAO) nos dias 11 e 28 de outubro, no Audit\u00f3rio Clovis Moura &#8211; Anexo II. Com carga hor\u00e1ria de 10h, o evento ser\u00e1 voltado para estudantes de Odontologia do UNIFSA e outras IES, al\u00e9m de profissionais da \u00e1rea.<\/p>\n\n\n\n<div class=\"wp-block-buttons is-content-justification-center is-layout-flex wp-container-core-buttons-is-layout-16018d1d wp-block-buttons-is-layout-flex\">\n<div class=\"wp-block-button\"><a class=\"wp-block-button__link has-vivid-cyan-blue-background-color has-background wp-element-button\" href=\"https:\/\/www.sympla.com.br\/evento\/pre-evento-da-iv-jornada-academica-de-odontologia-do-unifsa\/2153911?_gl=1*txdq70*_ga*MTcyNzkxODc0Ni4xNjMyNzc1MTgy*_ga_KXH10SQTZF*MTY5NDI2ODg1Ni44NjIuMS4xNjk0MjY5MzkxLjAuMC4w\">Inscreva-se<\/a><\/div>\n<\/div>\n\n\n\n<p class=\"texto-justificado\">A Pr\u00e9-Jornada tem o objetivo de estimular a produ\u00e7\u00e3o cient\u00edfica, atualiza\u00e7\u00e3o e congra\u00e7amento de acad\u00eamicos dos cursos de Odontologia. Al\u00e9m disso, busca iniciar a prepara\u00e7\u00e3o para a quarta edi\u00e7\u00e3o da JAO, divulgando e arrecadando recursos para sua realiza\u00e7\u00e3o em 2024.<\/p>\n\n\n\n<blockquote class=\"wp-block-quote is-layout-flow wp-block-quote-is-layout-flow\">\n<p class=\"texto-justificado\">O pr\u00e9-evento de uma jornada acad\u00eamica fornece o fomento do evento principal, com um dia de palestras, sorteios de brindes e ingressos do evento principal, al\u00e9m de possibilitar atividade acad\u00eamica entre os per\u00edodos e outras institui\u00e7\u00f5es. O pr\u00e9-evento tamb\u00e9m viabilizar\u00e1 \u00e0 comiss\u00e3o organizadora o levantamento de renda para os custos do evento principal de 2024.<\/p>\n<cite>Profa. Dra. Isabela Floriano Nunes, coordenadora do curso de Odontologia do UNIFSA<\/cite><\/blockquote>\n\n\n\n<figure class=\"wp-block-table\"><table><tbody><tr><td>DATA<\/td><td>HOR\u00c1RIO<\/td><td class=\"has-text-align-center\" data-align=\"center\">ATIVIDADES<\/td><td>MINISTRANTES<\/td><\/tr><tr><td><\/td><td><\/td><td class=\"has-text-align-center\" data-align=\"center\"><strong>1\u00b0 DIA<\/strong><\/td><td><\/td><\/tr><tr><td>11\/10\/23<\/td><td>18h<\/td><td class=\"has-text-align-center\" data-align=\"center\">Abertura &#8211; Apresenta\u00e7\u00e3o da Comiss\u00e3o, sorteios<\/td><td>Presidente docente &#8211; Profa. Dra. Luanne Mara<\/td><\/tr><tr><td>11\/10\/23<\/td><td>18h30<\/td><td class=\"has-text-align-center\" data-align=\"center\"><strong>Palestra:<\/strong> <em>Reabilita\u00e7\u00e3o Full Face: Dentes e Face em Harmonia<\/em><\/td><td>Prof. Dr. Arcelino Farias<\/td><\/tr><tr><td>11\/10\/23<\/td><td>20h<\/td><td class=\"has-text-align-center\" data-align=\"center\"><strong>Encerramento<\/strong> \u2013 sorteios de brindes<\/td><td>Aluno Comiss\u00e3o<\/td><\/tr><tr><td><\/td><td><\/td><td class=\"has-text-align-center\" data-align=\"center\"><strong>2\u00b0 DIA<\/strong><\/td><td><\/td><\/tr><tr><td>28\/10\/23<\/td><td>8h<\/td><td class=\"has-text-align-center\" data-align=\"center\"><strong>Abertura<\/strong> \u2013 Fala comiss\u00e3o \u2013 Presidente docente sorteio &#8211; CA<\/td><td>Profa. Dra. Luanne Mara<br>CA<\/td><\/tr><tr><td>28\/10\/23<\/td><td>9h<\/td><td class=\"has-text-align-center\" data-align=\"center\"><strong>Palestra<\/strong> \u2013 Alinhadores ortod\u00f4nticos: entre a paix\u00e3o e a ci\u00eancia<\/td><td>Prof. Dr. Marcus Vin\u00edcius<\/td><\/tr><tr><td>28\/10\/23<\/td><td>10h<\/td><td class=\"has-text-align-center\" data-align=\"center\"><strong>Palestra<\/strong> \u2013 O que a ortodontia e a harmoniza\u00e7\u00e3o facial podem fazer por voc\u00ea<\/td><td>Profa. Dra. Ingrid Nunes<\/td><\/tr><tr><td>28\/10\/23<\/td><td>11h<\/td><td class=\"has-text-align-center\" data-align=\"center\"><strong>Palestra<\/strong> \u2013 Atualidades no planejamento em HOF<\/td><td>Profa. Dra. Renata Lages<\/td><\/tr><tr><td><\/td><td><\/td><td class=\"has-text-align-center\" data-align=\"center\"><strong>TARDE<\/strong><\/td><td><\/td><\/tr><tr><td>28\/10\/23<\/td><td>14h<\/td><td class=\"has-text-align-center\" data-align=\"center\"><strong>Abertura<\/strong> \u2013 Fala comiss\u00e3o \u2013 Presidente Discente<br>. Sorteio<\/td><td>Sarah Cardoso<\/td><\/tr><tr><td>28\/10\/23<\/td><td>14h10<\/td><td class=\"has-text-align-center\" data-align=\"center\"><strong>Mesa Redonda:<\/strong> Desafios da cirurgia bucomaxilofacial piauiense:<br>debatendo casos cl\u00ednicos<\/td><td>Renato Ribeiro &#8211; UNINASSAU<br>Hugo Leonardo &#8211; HOSPITAL S\u00c3O MARCOS<br>Elesb\u00e3o Viana &#8211; UNINOVAFAPI<br>J\u00falio Cravinhos \u2013 UFPI<br>Marcelo Breno &#8211; HUT<br>Marcia Borba \u2013 mediadora<br>(UNIFSA)<\/td><\/tr><tr><td><\/td><td><\/td><td class=\"has-text-align-center\" data-align=\"center\">Intervalo para sorteio<\/td><td><\/td><\/tr><tr><td>28\/10\/23<\/td><td>16h<\/td><td class=\"has-text-align-center\" data-align=\"center\"><strong>Mesa Redonda:<\/strong> Impacto das altera\u00e7\u00f5es do fr\u00eanulo lingual na<br>qualidade de vida de beb\u00eas e crian\u00e7as<\/td><td>Tereza Alc\u00e2ntara &#8211; UNINASSAU<br>Marcoeli Moura &#8211; UFPI<br>Neusa Barros &#8211; UNIFACID<br>Marcia Regina &#8211; UNIFSA<br>Isabel Quaresma &#8211; UNINOVAFAPI<br>Isabela Floriano \u2013 mediadora<br>(UNIFSA)<\/td><\/tr><tr><td>28\/10\/23<\/td><td>17h30<\/td><td class=\"has-text-align-center\" data-align=\"center\">Encerramento Apresenta\u00e7\u00e3o art\u00edstica, sorteios.<\/td><td>Aluno UNIFSA Odonto, Centro Acad\u00eamico, Presidente Discente<\/td><\/tr><\/tbody><\/table><\/figure>\n","protected":false},"excerpt":{"rendered":"<p>O Centro Universit\u00e1rio Santo Agostinho, atrav\u00e9s da Gradua\u00e7\u00e3o de Odontologia, realizar\u00e1 o Pr\u00e9-Evento da IV Jornada Acad\u00eamica de Odontologia do UNIFSA (IV JAO) nos dias 11 e 28 de outubro, no Audit\u00f3rio Clovis Moura &#8211; Anexo II. Com carga hor\u00e1ria de 10h, o evento ser\u00e1 voltado para estudantes de Odontologia do UNIFSA e outras IES,<\/p>\n","protected":false},"author":11,"featured_media":25269,"comment_status":"closed","ping_status":"open","sticky":false,"template":"","format":"standard","meta":{"_acf_changed":false,"footnotes":""},"categories":[6,63],"tags":[1376,1374,971,222,1375],"class_list":["post-25212","post","type-post","status-publish","format-standard","has-post-thumbnail","hentry","category-acontece-na-unifsa","category-odontologia","tag-desafios-da-cirurgia-bucomaxilofacial","tag-evento-de-ondotologia","tag-jornada-de-odontologia","tag-odontologia","tag-prof-dr-arcelino-farias"],"acf":[],"yoast_head":"<!-- This site is optimized with the Yoast SEO plugin v26.5 - https:\/\/yoast.com\/wordpress\/plugins\/seo\/ -->\n<title>IV Jornada de Odontologia realiza pr\u00e9-evento em outubro - Centro Universit\u00e1rio Santo Agostinho - UNIFSA<\/title>\n<meta name=\"robots\" content=\"index, follow, max-snippet:-1, max-image-preview:large, max-video-preview:-1\" \/>\n<link rel=\"canonical\" href=\"https:\/\/unifsa.com.br\/site\/iv-jornada-de-odontologia-realiza-pre-evento-em-outubro\/\" \/>\n<meta property=\"og:locale\" content=\"pt_BR\" \/>\n<meta property=\"og:type\" content=\"article\" \/>\n<meta property=\"og:title\" content=\"IV Jornada de Odontologia realiza pr\u00e9-evento em outubro - Centro Universit\u00e1rio Santo Agostinho - UNIFSA\" \/>\n<meta property=\"og:description\" content=\"O Centro Universit\u00e1rio Santo Agostinho, atrav\u00e9s da Gradua\u00e7\u00e3o de Odontologia, realizar\u00e1 o Pr\u00e9-Evento da IV Jornada Acad\u00eamica de Odontologia do UNIFSA (IV JAO) nos dias 11 e 28 de outubro, no Audit\u00f3rio Clovis Moura &#8211; Anexo II. Com carga hor\u00e1ria de 10h, o evento ser\u00e1 voltado para estudantes de Odontologia do UNIFSA e outras IES,\" \/>\n<meta property=\"og:url\" content=\"https:\/\/unifsa.com.br\/site\/iv-jornada-de-odontologia-realiza-pre-evento-em-outubro\/\" \/>\n<meta property=\"og:site_name\" content=\"Centro Universit\u00e1rio Santo Agostinho - UNIFSA\" \/>\n<meta property=\"article:publisher\" content=\"https:\/\/www.facebook.com\/unifsa\/\" \/>\n<meta property=\"article:published_time\" content=\"2023-09-09T14:26:02+00:00\" \/>\n<meta property=\"article:modified_time\" content=\"2023-10-09T18:23:39+00:00\" \/>\n<meta property=\"og:image\" content=\"https:\/\/unifsa.com.br\/site\/wp-content\/uploads\/2023\/09\/mostra-.png\" \/>\n\t<meta property=\"og:image:width\" content=\"1920\" \/>\n\t<meta property=\"og:image:height\" content=\"805\" \/>\n\t<meta property=\"og:image:type\" content=\"image\/png\" \/>\n<meta name=\"author\" content=\"Oceannyra Kelly da Cruz Silva\" \/>\n<meta name=\"twitter:card\" content=\"summary_large_image\" \/>\n<meta name=\"twitter:label1\" content=\"Escrito por\" \/>\n\t<meta name=\"twitter:data1\" content=\"Oceannyra Kelly da Cruz Silva\" \/>\n\t<meta name=\"twitter:label2\" content=\"Est. tempo de leitura\" \/>\n\t<meta name=\"twitter:data2\" content=\"2 minutos\" \/>\n<script type=\"application\/ld+json\" class=\"yoast-schema-graph\">{\"@context\":\"https:\/\/schema.org\",\"@graph\":[{\"@type\":\"Article\",\"@id\":\"https:\/\/unifsa.com.br\/site\/iv-jornada-de-odontologia-realiza-pre-evento-em-outubro\/#article\",\"isPartOf\":{\"@id\":\"https:\/\/unifsa.com.br\/site\/iv-jornada-de-odontologia-realiza-pre-evento-em-outubro\/\"},\"author\":{\"name\":\"Oceannyra Kelly da Cruz Silva\",\"@id\":\"https:\/\/unifsa.com.br\/site\/#\/schema\/person\/a4cec94bbc6ddf98f579162824de9bf2\"},\"headline\":\"IV Jornada de Odontologia realiza pr\u00e9-evento em outubro\",\"datePublished\":\"2023-09-09T14:26:02+00:00\",\"dateModified\":\"2023-10-09T18:23:39+00:00\",\"mainEntityOfPage\":{\"@id\":\"https:\/\/unifsa.com.br\/site\/iv-jornada-de-odontologia-realiza-pre-evento-em-outubro\/\"},\"wordCount\":411,\"publisher\":{\"@id\":\"https:\/\/unifsa.com.br\/site\/#organization\"},\"image\":{\"@id\":\"https:\/\/unifsa.com.br\/site\/iv-jornada-de-odontologia-realiza-pre-evento-em-outubro\/#primaryimage\"},\"thumbnailUrl\":\"https:\/\/unifsa.com.br\/site\/wp-content\/uploads\/2023\/09\/mostra-.png\",\"keywords\":[\"Desafios da Cirurgia Bucomaxilofacial\",\"Evento de Ondotologia\",\"jornada de odontologia\",\"Odontologia\",\"Prof Dr. Arcelino Farias\"],\"articleSection\":[\"Acontece na UNIFSA\",\"Odontologia\"],\"inLanguage\":\"pt-BR\"},{\"@type\":\"WebPage\",\"@id\":\"https:\/\/unifsa.com.br\/site\/iv-jornada-de-odontologia-realiza-pre-evento-em-outubro\/\",\"url\":\"https:\/\/unifsa.com.br\/site\/iv-jornada-de-odontologia-realiza-pre-evento-em-outubro\/\",\"name\":\"IV Jornada de Odontologia realiza pr\u00e9-evento em outubro - Centro Universit\u00e1rio Santo Agostinho - UNIFSA\",\"isPartOf\":{\"@id\":\"https:\/\/unifsa.com.br\/site\/#website\"},\"primaryImageOfPage\":{\"@id\":\"https:\/\/unifsa.com.br\/site\/iv-jornada-de-odontologia-realiza-pre-evento-em-outubro\/#primaryimage\"},\"image\":{\"@id\":\"https:\/\/unifsa.com.br\/site\/iv-jornada-de-odontologia-realiza-pre-evento-em-outubro\/#primaryimage\"},\"thumbnailUrl\":\"https:\/\/unifsa.com.br\/site\/wp-content\/uploads\/2023\/09\/mostra-.png\",\"datePublished\":\"2023-09-09T14:26:02+00:00\",\"dateModified\":\"2023-10-09T18:23:39+00:00\",\"breadcrumb\":{\"@id\":\"https:\/\/unifsa.com.br\/site\/iv-jornada-de-odontologia-realiza-pre-evento-em-outubro\/#breadcrumb\"},\"inLanguage\":\"pt-BR\",\"potentialAction\":[{\"@type\":\"ReadAction\",\"target\":[\"https:\/\/unifsa.com.br\/site\/iv-jornada-de-odontologia-realiza-pre-evento-em-outubro\/\"]}]},{\"@type\":\"ImageObject\",\"inLanguage\":\"pt-BR\",\"@id\":\"https:\/\/unifsa.com.br\/site\/iv-jornada-de-odontologia-realiza-pre-evento-em-outubro\/#primaryimage\",\"url\":\"https:\/\/unifsa.com.br\/site\/wp-content\/uploads\/2023\/09\/mostra-.png\",\"contentUrl\":\"https:\/\/unifsa.com.br\/site\/wp-content\/uploads\/2023\/09\/mostra-.png\",\"width\":1920,\"height\":805},{\"@type\":\"BreadcrumbList\",\"@id\":\"https:\/\/unifsa.com.br\/site\/iv-jornada-de-odontologia-realiza-pre-evento-em-outubro\/#breadcrumb\",\"itemListElement\":[{\"@type\":\"ListItem\",\"position\":1,\"name\":\"In\u00edcio\",\"item\":\"https:\/\/unifsa.com.br\/site\/\"},{\"@type\":\"ListItem\",\"position\":2,\"name\":\"IV Jornada de Odontologia realiza pr\u00e9-evento em outubro\"}]},{\"@type\":\"WebSite\",\"@id\":\"https:\/\/unifsa.com.br\/site\/#website\",\"url\":\"https:\/\/unifsa.com.br\/site\/\",\"name\":\"Centro Universit\u00e1rio Santo Agostinho - UNIFSA\",\"description\":\"Conhecimento para toda a vida\",\"publisher\":{\"@id\":\"https:\/\/unifsa.com.br\/site\/#organization\"},\"potentialAction\":[{\"@type\":\"SearchAction\",\"target\":{\"@type\":\"EntryPoint\",\"urlTemplate\":\"https:\/\/unifsa.com.br\/site\/?s={search_term_string}\"},\"query-input\":{\"@type\":\"PropertyValueSpecification\",\"valueRequired\":true,\"valueName\":\"search_term_string\"}}],\"inLanguage\":\"pt-BR\"},{\"@type\":\"Organization\",\"@id\":\"https:\/\/unifsa.com.br\/site\/#organization\",\"name\":\"Centro Universit\u00e1rio Santo Agostinho - UNIFSA\",\"url\":\"https:\/\/unifsa.com.br\/site\/\",\"logo\":{\"@type\":\"ImageObject\",\"inLanguage\":\"pt-BR\",\"@id\":\"https:\/\/unifsa.com.br\/site\/#\/schema\/logo\/image\/\",\"url\":\"https:\/\/unifsa.com.br\/site\/wp-content\/uploads\/2023\/03\/MARCA-UNIFSA-CIC23-q2apjs1mt975cf1wl25b044coj90fwoiee1kya6800.png\",\"contentUrl\":\"https:\/\/unifsa.com.br\/site\/wp-content\/uploads\/2023\/03\/MARCA-UNIFSA-CIC23-q2apjs1mt975cf1wl25b044coj90fwoiee1kya6800.png\",\"width\":103,\"height\":100,\"caption\":\"Centro Universit\u00e1rio Santo Agostinho - UNIFSA\"},\"image\":{\"@id\":\"https:\/\/unifsa.com.br\/site\/#\/schema\/logo\/image\/\"},\"sameAs\":[\"https:\/\/www.facebook.com\/unifsa\/\",\"https:\/\/www.instagram.com\/unifsa\/\"]},{\"@type\":\"Person\",\"@id\":\"https:\/\/unifsa.com.br\/site\/#\/schema\/person\/a4cec94bbc6ddf98f579162824de9bf2\",\"name\":\"Oceannyra Kelly da Cruz Silva\",\"image\":{\"@type\":\"ImageObject\",\"inLanguage\":\"pt-BR\",\"@id\":\"https:\/\/unifsa.com.br\/site\/#\/schema\/person\/image\/\",\"url\":\"https:\/\/secure.gravatar.com\/avatar\/05c87cd6fa2c3c73262055bd9341438a47e77a37053b409b3cf4f8df60ea8eb8?s=96&d=mm&r=g\",\"contentUrl\":\"https:\/\/secure.gravatar.com\/avatar\/05c87cd6fa2c3c73262055bd9341438a47e77a37053b409b3cf4f8df60ea8eb8?s=96&d=mm&r=g\",\"caption\":\"Oceannyra Kelly da Cruz Silva\"},\"url\":\"https:\/\/unifsa.com.br\/site\/author\/oceannyrakelly\/\"}]}<\/script>\n<!-- \/ Yoast SEO plugin. -->","yoast_head_json":{"title":"IV Jornada de Odontologia realiza pr\u00e9-evento em outubro - Centro Universit\u00e1rio Santo Agostinho - UNIFSA","robots":{"index":"index","follow":"follow","max-snippet":"max-snippet:-1","max-image-preview":"max-image-preview:large","max-video-preview":"max-video-preview:-1"},"canonical":"https:\/\/unifsa.com.br\/site\/iv-jornada-de-odontologia-realiza-pre-evento-em-outubro\/","og_locale":"pt_BR","og_type":"article","og_title":"IV Jornada de Odontologia realiza pr\u00e9-evento em outubro - Centro Universit\u00e1rio Santo Agostinho - UNIFSA","og_description":"O Centro Universit\u00e1rio Santo Agostinho, atrav\u00e9s da Gradua\u00e7\u00e3o de Odontologia, realizar\u00e1 o Pr\u00e9-Evento da IV Jornada Acad\u00eamica de Odontologia do UNIFSA (IV JAO) nos dias 11 e 28 de outubro, no Audit\u00f3rio Clovis Moura &#8211; Anexo II. Com carga hor\u00e1ria de 10h, o evento ser\u00e1 voltado para estudantes de Odontologia do UNIFSA e outras IES,","og_url":"https:\/\/unifsa.com.br\/site\/iv-jornada-de-odontologia-realiza-pre-evento-em-outubro\/","og_site_name":"Centro Universit\u00e1rio Santo Agostinho - UNIFSA","article_publisher":"https:\/\/www.facebook.com\/unifsa\/","article_published_time":"2023-09-09T14:26:02+00:00","article_modified_time":"2023-10-09T18:23:39+00:00","og_image":[{"width":1920,"height":805,"url":"https:\/\/unifsa.com.br\/site\/wp-content\/uploads\/2023\/09\/mostra-.png","type":"image\/png"}],"author":"Oceannyra Kelly da Cruz Silva","twitter_card":"summary_large_image","twitter_misc":{"Escrito por":"Oceannyra Kelly da Cruz Silva","Est. tempo de leitura":"2 minutos"},"schema":{"@context":"https:\/\/schema.org","@graph":[{"@type":"Article","@id":"https:\/\/unifsa.com.br\/site\/iv-jornada-de-odontologia-realiza-pre-evento-em-outubro\/#article","isPartOf":{"@id":"https:\/\/unifsa.com.br\/site\/iv-jornada-de-odontologia-realiza-pre-evento-em-outubro\/"},"author":{"name":"Oceannyra Kelly da Cruz Silva","@id":"https:\/\/unifsa.com.br\/site\/#\/schema\/person\/a4cec94bbc6ddf98f579162824de9bf2"},"headline":"IV Jornada de Odontologia realiza pr\u00e9-evento em outubro","datePublished":"2023-09-09T14:26:02+00:00","dateModified":"2023-10-09T18:23:39+00:00","mainEntityOfPage":{"@id":"https:\/\/unifsa.com.br\/site\/iv-jornada-de-odontologia-realiza-pre-evento-em-outubro\/"},"wordCount":411,"publisher":{"@id":"https:\/\/unifsa.com.br\/site\/#organization"},"image":{"@id":"https:\/\/unifsa.com.br\/site\/iv-jornada-de-odontologia-realiza-pre-evento-em-outubro\/#primaryimage"},"thumbnailUrl":"https:\/\/unifsa.com.br\/site\/wp-content\/uploads\/2023\/09\/mostra-.png","keywords":["Desafios da Cirurgia Bucomaxilofacial","Evento de Ondotologia","jornada de odontologia","Odontologia","Prof Dr. Arcelino Farias"],"articleSection":["Acontece na UNIFSA","Odontologia"],"inLanguage":"pt-BR"},{"@type":"WebPage","@id":"https:\/\/unifsa.com.br\/site\/iv-jornada-de-odontologia-realiza-pre-evento-em-outubro\/","url":"https:\/\/unifsa.com.br\/site\/iv-jornada-de-odontologia-realiza-pre-evento-em-outubro\/","name":"IV Jornada de Odontologia realiza pr\u00e9-evento em outubro - Centro Universit\u00e1rio Santo Agostinho - UNIFSA","isPartOf":{"@id":"https:\/\/unifsa.com.br\/site\/#website"},"primaryImageOfPage":{"@id":"https:\/\/unifsa.com.br\/site\/iv-jornada-de-odontologia-realiza-pre-evento-em-outubro\/#primaryimage"},"image":{"@id":"https:\/\/unifsa.com.br\/site\/iv-jornada-de-odontologia-realiza-pre-evento-em-outubro\/#primaryimage"},"thumbnailUrl":"https:\/\/unifsa.com.br\/site\/wp-content\/uploads\/2023\/09\/mostra-.png","datePublished":"2023-09-09T14:26:02+00:00","dateModified":"2023-10-09T18:23:39+00:00","breadcrumb":{"@id":"https:\/\/unifsa.com.br\/site\/iv-jornada-de-odontologia-realiza-pre-evento-em-outubro\/#breadcrumb"},"inLanguage":"pt-BR","potentialAction":[{"@type":"ReadAction","target":["https:\/\/unifsa.com.br\/site\/iv-jornada-de-odontologia-realiza-pre-evento-em-outubro\/"]}]},{"@type":"ImageObject","inLanguage":"pt-BR","@id":"https:\/\/unifsa.com.br\/site\/iv-jornada-de-odontologia-realiza-pre-evento-em-outubro\/#primaryimage","url":"https:\/\/unifsa.com.br\/site\/wp-content\/uploads\/2023\/09\/mostra-.png","contentUrl":"https:\/\/unifsa.com.br\/site\/wp-content\/uploads\/2023\/09\/mostra-.png","width":1920,"height":805},{"@type":"BreadcrumbList","@id":"https:\/\/unifsa.com.br\/site\/iv-jornada-de-odontologia-realiza-pre-evento-em-outubro\/#breadcrumb","itemListElement":[{"@type":"ListItem","position":1,"name":"In\u00edcio","item":"https:\/\/unifsa.com.br\/site\/"},{"@type":"ListItem","position":2,"name":"IV Jornada de Odontologia realiza pr\u00e9-evento em outubro"}]},{"@type":"WebSite","@id":"https:\/\/unifsa.com.br\/site\/#website","url":"https:\/\/unifsa.com.br\/site\/","name":"Centro Universit\u00e1rio Santo Agostinho - UNIFSA","description":"Conhecimento para toda a vida","publisher":{"@id":"https:\/\/unifsa.com.br\/site\/#organization"},"potentialAction":[{"@type":"SearchAction","target":{"@type":"EntryPoint","urlTemplate":"https:\/\/unifsa.com.br\/site\/?s={search_term_string}"},"query-input":{"@type":"PropertyValueSpecification","valueRequired":true,"valueName":"search_term_string"}}],"inLanguage":"pt-BR"},{"@type":"Organization","@id":"https:\/\/unifsa.com.br\/site\/#organization","name":"Centro Universit\u00e1rio Santo Agostinho - UNIFSA","url":"https:\/\/unifsa.com.br\/site\/","logo":{"@type":"ImageObject","inLanguage":"pt-BR","@id":"https:\/\/unifsa.com.br\/site\/#\/schema\/logo\/image\/","url":"https:\/\/unifsa.com.br\/site\/wp-content\/uploads\/2023\/03\/MARCA-UNIFSA-CIC23-q2apjs1mt975cf1wl25b044coj90fwoiee1kya6800.png","contentUrl":"https:\/\/unifsa.com.br\/site\/wp-content\/uploads\/2023\/03\/MARCA-UNIFSA-CIC23-q2apjs1mt975cf1wl25b044coj90fwoiee1kya6800.png","width":103,"height":100,"caption":"Centro Universit\u00e1rio Santo Agostinho - UNIFSA"},"image":{"@id":"https:\/\/unifsa.com.br\/site\/#\/schema\/logo\/image\/"},"sameAs":["https:\/\/www.facebook.com\/unifsa\/","https:\/\/www.instagram.com\/unifsa\/"]},{"@type":"Person","@id":"https:\/\/unifsa.com.br\/site\/#\/schema\/person\/a4cec94bbc6ddf98f579162824de9bf2","name":"Oceannyra Kelly da Cruz Silva","image":{"@type":"ImageObject","inLanguage":"pt-BR","@id":"https:\/\/unifsa.com.br\/site\/#\/schema\/person\/image\/","url":"https:\/\/secure.gravatar.com\/avatar\/05c87cd6fa2c3c73262055bd9341438a47e77a37053b409b3cf4f8df60ea8eb8?s=96&d=mm&r=g","contentUrl":"https:\/\/secure.gravatar.com\/avatar\/05c87cd6fa2c3c73262055bd9341438a47e77a37053b409b3cf4f8df60ea8eb8?s=96&d=mm&r=g","caption":"Oceannyra Kelly da Cruz Silva"},"url":"https:\/\/unifsa.com.br\/site\/author\/oceannyrakelly\/"}]}},"_links":{"self":[{"href":"https:\/\/unifsa.com.br\/site\/wp-json\/wp\/v2\/posts\/25212","targetHints":{"allow":["GET"]}}],"collection":[{"href":"https:\/\/unifsa.com.br\/site\/wp-json\/wp\/v2\/posts"}],"about":[{"href":"https:\/\/unifsa.com.br\/site\/wp-json\/wp\/v2\/types\/post"}],"author":[{"embeddable":true,"href":"https:\/\/unifsa.com.br\/site\/wp-json\/wp\/v2\/users\/11"}],"replies":[{"embeddable":true,"href":"https:\/\/unifsa.com.br\/site\/wp-json\/wp\/v2\/comments?post=25212"}],"version-history":[{"count":8,"href":"https:\/\/unifsa.com.br\/site\/wp-json\/wp\/v2\/posts\/25212\/revisions"}],"predecessor-version":[{"id":26227,"href":"https:\/\/unifsa.com.br\/site\/wp-json\/wp\/v2\/posts\/25212\/revisions\/26227"}],"wp:featuredmedia":[{"embeddable":true,"href":"https:\/\/unifsa.com.br\/site\/wp-json\/wp\/v2\/media\/25269"}],"wp:attachment":[{"href":"https:\/\/unifsa.com.br\/site\/wp-json\/wp\/v2\/media?parent=25212"}],"wp:term":[{"taxonomy":"category","embeddable":true,"href":"https:\/\/unifsa.com.br\/site\/wp-json\/wp\/v2\/categories?post=25212"},{"taxonomy":"post_tag","embeddable":true,"href":"https:\/\/unifsa.com.br\/site\/wp-json\/wp\/v2\/tags?post=25212"}],"curies":[{"name":"wp","href":"https:\/\/api.w.org\/{rel}","templated":true}]}}