{"id":24922,"date":"2023-08-30T21:45:22","date_gmt":"2023-08-31T00:45:22","guid":{"rendered":"https:\/\/unifsa.com.br\/site\/?p=24922"},"modified":"2023-09-01T13:11:54","modified_gmt":"2023-09-01T16:11:54","slug":"primeiro-dia-da-xiii-jornada-de-nutricao-destaca-o-atendimento-e-avancos-na-suplementacao","status":"publish","type":"post","link":"https:\/\/unifsa.com.br\/site\/primeiro-dia-da-xiii-jornada-de-nutricao-destaca-o-atendimento-e-avancos-na-suplementacao\/","title":{"rendered":"XIII Jornada de Nutri\u00e7\u00e3o destaca avan\u00e7os e desafios na profiss\u00e3o"},"content":{"rendered":"\n<p class=\"texto-justificado\">O Centro Universit\u00e1rio Santo Agostinho, por meio da gradua\u00e7\u00e3o de Nutri\u00e7\u00e3o, realizou a XIII Jornada de Nutri\u00e7\u00e3o do UNIFSA \u2013 Avan\u00e7os e Desafios na Nutri\u00e7\u00e3o nos dias 30 e 31 de agosto, no Audit\u00f3rio Manoel Cipriano Lira- UNIFSA. Com carga hor\u00e1ria de 15h, o evento foi voltado para alunos e profissionais da \u00e1rea da sa\u00fade, principalmente dos cursos de Nutri\u00e7\u00e3o do UNIFSA e outras IES.<\/p>\n\n\n\n<p class=\"texto-justificado\">Em seu primeiro dia, a XIII Jornada de Nutri\u00e7\u00e3o do UNIFSA reuniu estudantes, docentes e profissionais para explorar as fronteiras do conhecimento nutricional. A cerim\u00f4nia de abertura foi repleta de gratid\u00e3o e reconhecimento, evidenciando o valor do evento para a comunidade acad\u00eamica.<\/p>\n\n\n\n<p class=\"texto-justificado\">O evento foi aberto com a emocionante homenagem ao Dia do Nutricionista, onde a coordenadora expressou sua gratid\u00e3o \u00e0 Reitoria e aos docentes por tornar poss\u00edvel a 13\u00aa edi\u00e7\u00e3o da jornada. Bem como, o Diretor de Ensino, Dr. Edj\u00f4fre Coelho, enalteceu o curso de Nutri\u00e7\u00e3o por inaugurar o semestre com um evento de tamanha relev\u00e2ncia. <\/p>\n\n\n<div class=\"wp-block-image is-style-rounded\">\n<figure class=\"alignleft size-full is-resized\"><img fetchpriority=\"high\" decoding=\"async\" src=\"https:\/\/unifsa.com.br\/site\/wp-content\/uploads\/2023\/08\/XIII-Jornada-de-Nutricao-Ana-Caroline-1.jpeg\" alt=\"\" class=\"wp-image-24924\" width=\"251\" height=\"251\" srcset=\"https:\/\/unifsa.com.br\/site\/wp-content\/uploads\/2023\/08\/XIII-Jornada-de-Nutricao-Ana-Caroline-1.jpeg 1024w, https:\/\/unifsa.com.br\/site\/wp-content\/uploads\/2023\/08\/XIII-Jornada-de-Nutricao-Ana-Caroline-1-300x300.jpeg 300w, https:\/\/unifsa.com.br\/site\/wp-content\/uploads\/2023\/08\/XIII-Jornada-de-Nutricao-Ana-Caroline-1-150x150.jpeg 150w, https:\/\/unifsa.com.br\/site\/wp-content\/uploads\/2023\/08\/XIII-Jornada-de-Nutricao-Ana-Caroline-1-768x768.jpeg 768w, https:\/\/unifsa.com.br\/site\/wp-content\/uploads\/2023\/08\/XIII-Jornada-de-Nutricao-Ana-Caroline-1-230x230.jpeg 230w, https:\/\/unifsa.com.br\/site\/wp-content\/uploads\/2023\/08\/XIII-Jornada-de-Nutricao-Ana-Caroline-1-110x110.jpeg 110w\" sizes=\"(max-width: 251px) 100vw, 251px\" \/><\/figure>\n<\/div>\n\n\n<blockquote class=\"wp-block-quote is-layout-flow wp-block-quote-is-layout-flow\">\n<p class=\"texto-justificado\">&#8220;Nossa programa\u00e7\u00e3o foi cuidadosamente elaborada para abranger os avan\u00e7os e desafios em nutri\u00e7\u00e3o em todas as \u00e1reas de atua\u00e7\u00e3o. Discutiremos desde a pr\u00e1tica cl\u00ednica em consult\u00f3rios at\u00e9 tem\u00e1ticas sociais, incluindo a neurodiversidade, al\u00e9m de temas cruciais como transtornos alimentares, nutri\u00e7\u00e3o esportiva e programas sociais. Tamb\u00e9m exploraremos os pilares fundamentais para um atendimento nutricional de qualidade, entre outros assuntos importantes.&#8221;<\/p>\n<cite>Profa. <em>Ma. Ana Caroline de Castro<\/em>, coordenadora do curso de Nutri\u00e7\u00e3o.<\/cite><\/blockquote>\n\n\n\n<p class=\"texto-justificado\">As atividades iniciaram com a primeira palestra da nutricionista, Ma. Denise Maria Nunes Lopes, n\u00e3o apenas enriqueceu os participantes com conhecimentos pr\u00e1ticos e te\u00f3ricos, mas tamb\u00e9m estimulou reflex\u00f5es profundas sobre a import\u00e2ncia do atendimento emp\u00e1tico e hol\u00edstico. Sua participa\u00e7\u00e3o foi um ponto alto no primeiro dia da jornada, alinhando-se perfeitamente ao compromisso do UNIFSA de oferecer uma educa\u00e7\u00e3o nutricional abrangente e orientada para a pr\u00e1tica. <\/p>\n\n\n\n<div style=\"height:19px\" aria-hidden=\"true\" class=\"wp-block-spacer\"><\/div>\n\n\n\n<figure class=\"wp-block-image size-full is-resized\"><img decoding=\"async\" src=\"https:\/\/unifsa.com.br\/site\/wp-content\/uploads\/2023\/08\/XIII-Jornada-de-Nutricao-Denise.jpeg\" alt=\"\" class=\"wp-image-24927\" width=\"840\" height=\"472\" srcset=\"https:\/\/unifsa.com.br\/site\/wp-content\/uploads\/2023\/08\/XIII-Jornada-de-Nutricao-Denise.jpeg 1024w, https:\/\/unifsa.com.br\/site\/wp-content\/uploads\/2023\/08\/XIII-Jornada-de-Nutricao-Denise-300x169.jpeg 300w, https:\/\/unifsa.com.br\/site\/wp-content\/uploads\/2023\/08\/XIII-Jornada-de-Nutricao-Denise-768x432.jpeg 768w\" sizes=\"(max-width: 840px) 100vw, 840px\" \/><\/figure>\n\n\n\n<div style=\"height:19px\" aria-hidden=\"true\" class=\"wp-block-spacer\"><\/div>\n\n\n\n<p class=\"texto-justificado\">A programa\u00e7\u00e3o seguiu com uma Mesa Redonda sobre &#8220;Nutri\u00e7\u00e3o Esportiva, Cl\u00ednica e Funcional \u2013 Atualidades em Suplementa\u00e7\u00e3o&#8221;, na qual os renomados profissionais, Esp. Crause Celso Jr.- Nutricionista Esportivo- Cl\u00ednica Crause Celso e a Esp. Maria Liduina Soares Gon\u00e7alves- Nutricionista e propriet\u00e1ria Enteral NUTRI, trouxeram uma abordagem interativa e din\u00e2mica, onde compartilharam casos cl\u00ednicos reais e convidaram os participantes a refletirem sobre poss\u00edveis abordagens e solu\u00e7\u00f5es.<\/p>\n\n\n\n<p class=\"texto-justificado\">A XIII Jornada de Nutri\u00e7\u00e3o do UNIFSA continua a demonstrar sua dedica\u00e7\u00e3o em oferecer uma plataforma rica em aprendizado e compartilhamento de conhecimentos.<\/p>\n\n\n\n<div style=\"height:19px\" aria-hidden=\"true\" class=\"wp-block-spacer\"><\/div>\n\n\n\n<figure class=\"wp-block-image size-full\"><img decoding=\"async\" width=\"1024\" height=\"576\" src=\"https:\/\/unifsa.com.br\/site\/wp-content\/uploads\/2023\/08\/XIII-Jornada-de-Nutricao-Mesa-Redonda.jpeg\" alt=\"\" class=\"wp-image-24929\" srcset=\"https:\/\/unifsa.com.br\/site\/wp-content\/uploads\/2023\/08\/XIII-Jornada-de-Nutricao-Mesa-Redonda.jpeg 1024w, https:\/\/unifsa.com.br\/site\/wp-content\/uploads\/2023\/08\/XIII-Jornada-de-Nutricao-Mesa-Redonda-300x169.jpeg 300w, https:\/\/unifsa.com.br\/site\/wp-content\/uploads\/2023\/08\/XIII-Jornada-de-Nutricao-Mesa-Redonda-768x432.jpeg 768w\" sizes=\"(max-width: 1024px) 100vw, 1024px\" \/><\/figure>\n\n\n\n<div style=\"height:44px\" aria-hidden=\"true\" class=\"wp-block-spacer\"><\/div>\n\n\n\n<figure class=\"wp-block-gallery has-nested-images columns-default is-cropped wp-block-gallery-1 is-layout-flex wp-block-gallery-is-layout-flex\">\n<figure class=\"wp-block-image size-large\"><img loading=\"lazy\" decoding=\"async\" width=\"1024\" height=\"576\" data-id=\"24934\" src=\"https:\/\/unifsa.com.br\/site\/wp-content\/uploads\/2023\/08\/WhatsApp-Image-2023-08-30-at-21.34.12.jpeg\" alt=\"\" class=\"wp-image-24934\" srcset=\"https:\/\/unifsa.com.br\/site\/wp-content\/uploads\/2023\/08\/WhatsApp-Image-2023-08-30-at-21.34.12.jpeg 1024w, https:\/\/unifsa.com.br\/site\/wp-content\/uploads\/2023\/08\/WhatsApp-Image-2023-08-30-at-21.34.12-300x169.jpeg 300w, https:\/\/unifsa.com.br\/site\/wp-content\/uploads\/2023\/08\/WhatsApp-Image-2023-08-30-at-21.34.12-768x432.jpeg 768w\" sizes=\"(max-width: 1024px) 100vw, 1024px\" \/><\/figure>\n\n\n\n<figure class=\"wp-block-image size-large\"><img loading=\"lazy\" decoding=\"async\" width=\"1024\" height=\"768\" data-id=\"24931\" src=\"https:\/\/unifsa.com.br\/site\/wp-content\/uploads\/2023\/08\/WhatsApp-Image-2023-08-30-at-21.30.02.jpeg\" alt=\"\" class=\"wp-image-24931\" srcset=\"https:\/\/unifsa.com.br\/site\/wp-content\/uploads\/2023\/08\/WhatsApp-Image-2023-08-30-at-21.30.02.jpeg 1024w, https:\/\/unifsa.com.br\/site\/wp-content\/uploads\/2023\/08\/WhatsApp-Image-2023-08-30-at-21.30.02-300x225.jpeg 300w, https:\/\/unifsa.com.br\/site\/wp-content\/uploads\/2023\/08\/WhatsApp-Image-2023-08-30-at-21.30.02-768x576.jpeg 768w\" sizes=\"(max-width: 1024px) 100vw, 1024px\" \/><\/figure>\n\n\n\n<figure class=\"wp-block-image size-large\"><img loading=\"lazy\" decoding=\"async\" width=\"1024\" height=\"766\" data-id=\"24932\" src=\"https:\/\/unifsa.com.br\/site\/wp-content\/uploads\/2023\/08\/WhatsApp-Image-2023-08-30-at-21.29.04.jpeg\" alt=\"\" class=\"wp-image-24932\" srcset=\"https:\/\/unifsa.com.br\/site\/wp-content\/uploads\/2023\/08\/WhatsApp-Image-2023-08-30-at-21.29.04.jpeg 1024w, https:\/\/unifsa.com.br\/site\/wp-content\/uploads\/2023\/08\/WhatsApp-Image-2023-08-30-at-21.29.04-300x224.jpeg 300w, https:\/\/unifsa.com.br\/site\/wp-content\/uploads\/2023\/08\/WhatsApp-Image-2023-08-30-at-21.29.04-768x575.jpeg 768w\" sizes=\"(max-width: 1024px) 100vw, 1024px\" \/><\/figure>\n\n\n\n<figure class=\"wp-block-image size-full\"><img loading=\"lazy\" decoding=\"async\" width=\"1024\" height=\"576\" data-id=\"24938\" src=\"https:\/\/unifsa.com.br\/site\/wp-content\/uploads\/2023\/08\/WhatsApp-Image-2023-08-30-at-21.36.34.jpeg\" alt=\"\" class=\"wp-image-24938\" srcset=\"https:\/\/unifsa.com.br\/site\/wp-content\/uploads\/2023\/08\/WhatsApp-Image-2023-08-30-at-21.36.34.jpeg 1024w, https:\/\/unifsa.com.br\/site\/wp-content\/uploads\/2023\/08\/WhatsApp-Image-2023-08-30-at-21.36.34-300x169.jpeg 300w, https:\/\/unifsa.com.br\/site\/wp-content\/uploads\/2023\/08\/WhatsApp-Image-2023-08-30-at-21.36.34-768x432.jpeg 768w\" sizes=\"(max-width: 1024px) 100vw, 1024px\" \/><\/figure>\n\n\n\n<figure class=\"wp-block-image size-large\"><img loading=\"lazy\" decoding=\"async\" width=\"1024\" height=\"819\" data-id=\"24933\" src=\"https:\/\/unifsa.com.br\/site\/wp-content\/uploads\/2023\/08\/WhatsApp-Image-2023-08-30-at-21.32.25.jpeg\" alt=\"\" class=\"wp-image-24933\" srcset=\"https:\/\/unifsa.com.br\/site\/wp-content\/uploads\/2023\/08\/WhatsApp-Image-2023-08-30-at-21.32.25.jpeg 1024w, https:\/\/unifsa.com.br\/site\/wp-content\/uploads\/2023\/08\/WhatsApp-Image-2023-08-30-at-21.32.25-300x240.jpeg 300w, https:\/\/unifsa.com.br\/site\/wp-content\/uploads\/2023\/08\/WhatsApp-Image-2023-08-30-at-21.32.25-768x614.jpeg 768w\" sizes=\"(max-width: 1024px) 100vw, 1024px\" \/><\/figure>\n\n\n\n<figure class=\"wp-block-image size-large\"><img loading=\"lazy\" decoding=\"async\" width=\"1024\" height=\"576\" data-id=\"24935\" src=\"https:\/\/unifsa.com.br\/site\/wp-content\/uploads\/2023\/08\/WhatsApp-Image-2023-08-30-at-21.34.57.jpeg\" alt=\"\" class=\"wp-image-24935\" srcset=\"https:\/\/unifsa.com.br\/site\/wp-content\/uploads\/2023\/08\/WhatsApp-Image-2023-08-30-at-21.34.57.jpeg 1024w, https:\/\/unifsa.com.br\/site\/wp-content\/uploads\/2023\/08\/WhatsApp-Image-2023-08-30-at-21.34.57-300x169.jpeg 300w, https:\/\/unifsa.com.br\/site\/wp-content\/uploads\/2023\/08\/WhatsApp-Image-2023-08-30-at-21.34.57-768x432.jpeg 768w\" sizes=\"(max-width: 1024px) 100vw, 1024px\" \/><\/figure>\n<\/figure>\n\n\n\n<div style=\"height:29px\" aria-hidden=\"true\" class=\"wp-block-spacer\"><\/div>\n\n\n\n<p class=\"texto-justificado\">O segundo e \u00faltimo dia foi bastante especial, e trouxe a nutricionista egressa do UNIFSA, Edna Lara Vasconcelos da Silva, que palestrou sobre &#8220;Anatomia da Vida Acad\u00eamica: Desvendando os Segredos para uma jornada acad\u00eamica produtiva e intencional&#8221; logo no inicio da manh\u00e3.<\/p>\n\n\n\n<figure class=\"wp-block-image size-large\"><img loading=\"lazy\" decoding=\"async\" width=\"1024\" height=\"576\" src=\"https:\/\/unifsa.com.br\/site\/wp-content\/uploads\/2023\/08\/WhatsApp-Image-2023-08-31-at-09.53.28-1-1024x576.jpeg\" alt=\"\" class=\"wp-image-24950\" srcset=\"https:\/\/unifsa.com.br\/site\/wp-content\/uploads\/2023\/08\/WhatsApp-Image-2023-08-31-at-09.53.28-1-1024x576.jpeg 1024w, https:\/\/unifsa.com.br\/site\/wp-content\/uploads\/2023\/08\/WhatsApp-Image-2023-08-31-at-09.53.28-1-300x169.jpeg 300w, https:\/\/unifsa.com.br\/site\/wp-content\/uploads\/2023\/08\/WhatsApp-Image-2023-08-31-at-09.53.28-1-768x432.jpeg 768w, https:\/\/unifsa.com.br\/site\/wp-content\/uploads\/2023\/08\/WhatsApp-Image-2023-08-31-at-09.53.28-1-1536x864.jpeg 1536w, https:\/\/unifsa.com.br\/site\/wp-content\/uploads\/2023\/08\/WhatsApp-Image-2023-08-31-at-09.53.28-1.jpeg 1600w\" sizes=\"(max-width: 1024px) 100vw, 1024px\" \/><\/figure>\n\n\n\n<p class=\"texto-justificado\">\u00c0s 10h30, a psic\u00f3loga Ma. Maria Laiana Vir\u00edssimo Sousa de Oliveira e a nutricionista Ma. Carulina Cardoso Batista participaram da Mesa Redonda: Transtornos alimentares: a influ\u00eancia da depress\u00e3o, da percep\u00e7\u00e3o corporal e do consumo alimentar na nossa vida. A media\u00e7\u00e3o ficou por conta da docente Ma. Liejy Agnes dos Santos Raposo Landim.<\/p>\n\n\n\n<figure class=\"wp-block-image size-large\"><img loading=\"lazy\" decoding=\"async\" width=\"1024\" height=\"576\" src=\"https:\/\/unifsa.com.br\/site\/wp-content\/uploads\/2023\/08\/WhatsApp-Image-2023-08-31-at-14.24.35-1024x576.jpeg\" alt=\"\" class=\"wp-image-24970\" srcset=\"https:\/\/unifsa.com.br\/site\/wp-content\/uploads\/2023\/08\/WhatsApp-Image-2023-08-31-at-14.24.35-1024x576.jpeg 1024w, https:\/\/unifsa.com.br\/site\/wp-content\/uploads\/2023\/08\/WhatsApp-Image-2023-08-31-at-14.24.35-300x169.jpeg 300w, https:\/\/unifsa.com.br\/site\/wp-content\/uploads\/2023\/08\/WhatsApp-Image-2023-08-31-at-14.24.35-768x432.jpeg 768w, https:\/\/unifsa.com.br\/site\/wp-content\/uploads\/2023\/08\/WhatsApp-Image-2023-08-31-at-14.24.35-1536x864.jpeg 1536w, https:\/\/unifsa.com.br\/site\/wp-content\/uploads\/2023\/08\/WhatsApp-Image-2023-08-31-at-14.24.35.jpeg 1600w\" sizes=\"(max-width: 1024px) 100vw, 1024px\" \/><\/figure>\n\n\n\n<p>No turno da tarde, as nutricionistas Benedita Maria de Castro e Concei\u00e7\u00e3o de Maria Lopes ministraram a palestra &#8220;Programas de alimenta\u00e7\u00e3o e nutri\u00e7\u00e3o do Minist\u00e9rio da Sa\u00fade&#8221;, moderada pela Profa. Ma. Adriana Barbosa Guimar\u00e3es.<\/p>\n\n\n\n<figure class=\"wp-block-image size-large\"><img loading=\"lazy\" decoding=\"async\" width=\"1024\" height=\"768\" src=\"https:\/\/unifsa.com.br\/site\/wp-content\/uploads\/2023\/09\/photo1693508085-1024x768.jpeg\" alt=\"\" class=\"wp-image-24986\" srcset=\"https:\/\/unifsa.com.br\/site\/wp-content\/uploads\/2023\/09\/photo1693508085-1024x768.jpeg 1024w, https:\/\/unifsa.com.br\/site\/wp-content\/uploads\/2023\/09\/photo1693508085-300x225.jpeg 300w, https:\/\/unifsa.com.br\/site\/wp-content\/uploads\/2023\/09\/photo1693508085-768x576.jpeg 768w, https:\/\/unifsa.com.br\/site\/wp-content\/uploads\/2023\/09\/photo1693508085.jpeg 1280w\" sizes=\"(max-width: 1024px) 100vw, 1024px\" \/><\/figure>\n\n\n\n<p>Por fim, a Dra. Vanessa Batista de Sousa Lima falou sobre \u201cDieta do mediterr\u00e2neo: eis o trunfo da nutri\u00e7\u00e3o?\u201d.<\/p>\n\n\n<div class=\"wp-block-image\">\n<figure class=\"aligncenter size-full is-resized\"><img loading=\"lazy\" decoding=\"async\" src=\"https:\/\/unifsa.com.br\/site\/wp-content\/uploads\/2023\/09\/image.png\" alt=\"\" class=\"wp-image-24987\" width=\"727\" height=\"301\" srcset=\"https:\/\/unifsa.com.br\/site\/wp-content\/uploads\/2023\/09\/image.png 589w, https:\/\/unifsa.com.br\/site\/wp-content\/uploads\/2023\/09\/image-300x124.png 300w\" sizes=\"(max-width: 727px) 100vw, 727px\" \/><\/figure>\n<\/div>\n\n\n<h3 class=\"wp-block-heading has-text-color\" style=\"color:#154b6a\">CONFIRA A PROGRAMA\u00c7\u00c3O COMPLETA:<\/h3>\n\n\n\n<figure class=\"wp-block-table\"><table><tbody><tr><td><strong>DATA<\/strong><\/td><td><strong>HOR\u00c1RIO<\/strong><\/td><td><strong>ATIVIDADE<\/strong><\/td><td><strong>MINISTRANTE<\/strong><\/td><\/tr><tr><td>30\/08<\/td><td>14h<\/td><td>Credenciamento<\/td><td><\/td><\/tr><tr><td>30\/08<\/td><td>14h15<\/td><td>Sauda\u00e7\u00f5es iniciais de boas vindas feita pela Coordenadora do curso de Nutri\u00e7\u00e3o e Assessora Pedag\u00f3gica<\/td><td>Ma. Ana Caroline de Castro Ferreira Fernandes Mac\u00eado<br>&nbsp;<br>Ma. Francisca Carla Silva de Melo Pereira<\/td><\/tr><tr><td>30\/08<\/td><td>14h30<\/td><td>Palestra:<br>Pilares fundamentais para um bom atendimento nutricional.<\/td><td>Palestrante: Ma. Denise Maria Nunes Lopes \u2013 Cl\u00ednica Denise Maria<br>Moderadora: Ma. Ana Caroline de Castro Ferreira Fernandes Mac\u00eado \/ Docente UNIFSA<\/td><\/tr><tr><td>30\/08<\/td><td>15h30<\/td><td>Mesa Redonda:<br>Nutri\u00e7\u00e3o Esportiva, Cl\u00ednica e Funcional \u201cAtualidades em Suplementa\u00e7\u00e3o\u201d<\/td><td>Palestrante:<br>Esp. Crause Celso Jr.- Nutricionista Esportivo- Cl\u00ednica Crause Celso<br>Palestrante: Esp. Maria Liduina Soares Gon\u00e7alves- Nutricionista e propriet\u00e1ria Enteral NUTRI<br>Moderadora: Dra. Daniele Rodrigues Carvalho Caldas \/ Docente UNIFSA<\/td><\/tr><tr><td>31\/08<\/td><td>9h<\/td><td>Palestra:<br>Anatomia da Vida Acad\u00eamica: Desvendando os Segredos para uma jornada acad\u00eamica produtiva e intencional.<\/td><td>Palestrante:<br>Edna Lara Vasconcelos da Silva \u2013 Nutricionista Egressa UNIFSA \u2013 Residente\/ UESPI<br>&nbsp;<br>Moderadora:<br>Ma.&nbsp; Daniela Fortes Neves Ibiapina\/Docente UNIFSA<\/td><\/tr><tr><td>31\/08<\/td><td>10h30<\/td><td>Mesa Redonda:<br>Transtornos alimentares: a influ\u00eancia da depress\u00e3o, da percep\u00e7\u00e3o corporal e do consumo alimentar na nossa vida.<\/td><td>Palestrantes:<br>&nbsp;<br>&nbsp;Ma. Maria Laiana Vir\u00edssimo Sousa de Oliveira\/Psic\u00f3loga\/ Doutoranda UFPI<br>&nbsp;<br>Ma. Carulina Cardoso Batista\/ Nutricionista\/Doutoranda UFPI<br>&nbsp;<br>Moderadora: Ma. Liejy Agnes dos Santos Raposo Landim\/ Docente UNIFSA<\/td><\/tr><tr><td>31\/08<\/td><td>14h<\/td><td>Programas de alimenta\u00e7\u00e3o e nutri\u00e7\u00e3o do Minist\u00e9rio da Sa\u00fade<\/td><td>Palestrante: Esp. Benedita Maria de Castro<br>&nbsp;<br>Moderadora: Ma. Adriana Barbosa Guimar\u00e3es \/ Docente UNIFSA<\/td><\/tr><tr><td>31\/08<\/td><td>15h30<\/td><td>Palestra: \u201cDieta do mediterr\u00e2neo: eis o trunfo da nutri\u00e7\u00e3o?\u201d<\/td><td>Palestrante: Dra. Vanessa Batista de Sousa Lima \u2013Doutorado \u2013 USP<br>&nbsp;<br>Moderadora: Ma. Keila Cristiane Batista Bezerra Lopes \/ Docente UNIFSA<\/td><\/tr><\/tbody><\/table><\/figure>\n\n\n\n<div style=\"height:17px\" aria-hidden=\"true\" class=\"wp-block-spacer\"><\/div>\n","protected":false},"excerpt":{"rendered":"<p>O Centro Universit\u00e1rio Santo Agostinho, por meio da gradua\u00e7\u00e3o de Nutri\u00e7\u00e3o, realizou a XIII Jornada de Nutri\u00e7\u00e3o do UNIFSA \u2013 Avan\u00e7os e Desafios na Nutri\u00e7\u00e3o nos dias 30 e 31 de agosto, no Audit\u00f3rio Manoel Cipriano Lira- UNIFSA. Com carga hor\u00e1ria de 15h, o evento foi voltado para alunos e profissionais da \u00e1rea da sa\u00fade,<\/p>\n","protected":false},"author":12,"featured_media":24943,"comment_status":"closed","ping_status":"open","sticky":false,"template":"","format":"standard","meta":{"_acf_changed":false,"footnotes":""},"categories":[6,72,62],"tags":[331,110,1359,330,115,1358,1357],"class_list":["post-24922","post","type-post","status-publish","format-standard","has-post-thumbnail","hentry","category-acontece-na-unifsa","category-extensao","category-nutricao","tag-evento","tag-extensao","tag-jornada","tag-jornada-de-nutricao","tag-nutricao","tag-nutricao-unifsa","tag-xiii-jornada-de-nutricao"],"acf":[],"yoast_head":"<!-- This site is optimized with the Yoast SEO plugin v26.5 - https:\/\/yoast.com\/wordpress\/plugins\/seo\/ -->\n<title>XIII Jornada de Nutri\u00e7\u00e3o destaca avan\u00e7os e desafios na profiss\u00e3o - Centro Universit\u00e1rio Santo Agostinho - UNIFSA<\/title>\n<meta name=\"robots\" content=\"index, follow, max-snippet:-1, max-image-preview:large, max-video-preview:-1\" \/>\n<link rel=\"canonical\" href=\"https:\/\/unifsa.com.br\/site\/primeiro-dia-da-xiii-jornada-de-nutricao-destaca-o-atendimento-e-avancos-na-suplementacao\/\" \/>\n<meta property=\"og:locale\" content=\"pt_BR\" \/>\n<meta property=\"og:type\" content=\"article\" \/>\n<meta property=\"og:title\" content=\"XIII Jornada de Nutri\u00e7\u00e3o destaca avan\u00e7os e desafios na profiss\u00e3o - Centro Universit\u00e1rio Santo Agostinho - UNIFSA\" \/>\n<meta property=\"og:description\" content=\"O Centro Universit\u00e1rio Santo Agostinho, por meio da gradua\u00e7\u00e3o de Nutri\u00e7\u00e3o, realizou a XIII Jornada de Nutri\u00e7\u00e3o do UNIFSA \u2013 Avan\u00e7os e Desafios na Nutri\u00e7\u00e3o nos dias 30 e 31 de agosto, no Audit\u00f3rio Manoel Cipriano Lira- UNIFSA. Com carga hor\u00e1ria de 15h, o evento foi voltado para alunos e profissionais da \u00e1rea da sa\u00fade,\" \/>\n<meta property=\"og:url\" content=\"https:\/\/unifsa.com.br\/site\/primeiro-dia-da-xiii-jornada-de-nutricao-destaca-o-atendimento-e-avancos-na-suplementacao\/\" \/>\n<meta property=\"og:site_name\" content=\"Centro Universit\u00e1rio Santo Agostinho - UNIFSA\" \/>\n<meta property=\"article:publisher\" content=\"https:\/\/www.facebook.com\/unifsa\/\" \/>\n<meta property=\"article:published_time\" content=\"2023-08-31T00:45:22+00:00\" \/>\n<meta property=\"article:modified_time\" content=\"2023-09-01T16:11:54+00:00\" \/>\n<meta property=\"og:image\" content=\"https:\/\/unifsa.com.br\/site\/wp-content\/uploads\/2023\/08\/WhatsApp-Image-2023-08-30-at-21.43.27.jpeg\" \/>\n\t<meta property=\"og:image:width\" content=\"1024\" \/>\n\t<meta property=\"og:image:height\" content=\"574\" \/>\n\t<meta property=\"og:image:type\" content=\"image\/jpeg\" \/>\n<meta name=\"author\" content=\"Estev\u00e3o Leite Cordeiro de Souza\" \/>\n<meta name=\"twitter:card\" content=\"summary_large_image\" \/>\n<meta name=\"twitter:label1\" content=\"Escrito por\" \/>\n\t<meta name=\"twitter:data1\" content=\"Estev\u00e3o Leite Cordeiro de Souza\" \/>\n\t<meta name=\"twitter:label2\" content=\"Est. tempo de leitura\" \/>\n\t<meta name=\"twitter:data2\" content=\"7 minutos\" \/>\n<script type=\"application\/ld+json\" class=\"yoast-schema-graph\">{\"@context\":\"https:\/\/schema.org\",\"@graph\":[{\"@type\":\"Article\",\"@id\":\"https:\/\/unifsa.com.br\/site\/primeiro-dia-da-xiii-jornada-de-nutricao-destaca-o-atendimento-e-avancos-na-suplementacao\/#article\",\"isPartOf\":{\"@id\":\"https:\/\/unifsa.com.br\/site\/primeiro-dia-da-xiii-jornada-de-nutricao-destaca-o-atendimento-e-avancos-na-suplementacao\/\"},\"author\":{\"name\":\"Estev\u00e3o Leite Cordeiro de Souza\",\"@id\":\"https:\/\/unifsa.com.br\/site\/#\/schema\/person\/459d6944d25bd72102b031eb886c7cbf\"},\"headline\":\"XIII Jornada de Nutri\u00e7\u00e3o destaca avan\u00e7os e desafios na profiss\u00e3o\",\"datePublished\":\"2023-08-31T00:45:22+00:00\",\"dateModified\":\"2023-09-01T16:11:54+00:00\",\"mainEntityOfPage\":{\"@id\":\"https:\/\/unifsa.com.br\/site\/primeiro-dia-da-xiii-jornada-de-nutricao-destaca-o-atendimento-e-avancos-na-suplementacao\/\"},\"wordCount\":890,\"publisher\":{\"@id\":\"https:\/\/unifsa.com.br\/site\/#organization\"},\"image\":{\"@id\":\"https:\/\/unifsa.com.br\/site\/primeiro-dia-da-xiii-jornada-de-nutricao-destaca-o-atendimento-e-avancos-na-suplementacao\/#primaryimage\"},\"thumbnailUrl\":\"https:\/\/unifsa.com.br\/site\/wp-content\/uploads\/2023\/08\/WhatsApp-Image-2023-08-30-at-21.43.27.jpeg\",\"keywords\":[\"evento\",\"Extens\u00e3o\",\"Jornada\",\"Jornada de nutri\u00e7\u00e3o\",\"Nutri\u00e7\u00e3o\",\"Nutri\u00e7\u00e3o UNIFSA\",\"XIII Jornada de Nutri\u00e7\u00e3o\"],\"articleSection\":[\"Acontece na UNIFSA\",\"Extens\u00e3o\",\"Nutri\u00e7\u00e3o\"],\"inLanguage\":\"pt-BR\"},{\"@type\":\"WebPage\",\"@id\":\"https:\/\/unifsa.com.br\/site\/primeiro-dia-da-xiii-jornada-de-nutricao-destaca-o-atendimento-e-avancos-na-suplementacao\/\",\"url\":\"https:\/\/unifsa.com.br\/site\/primeiro-dia-da-xiii-jornada-de-nutricao-destaca-o-atendimento-e-avancos-na-suplementacao\/\",\"name\":\"XIII Jornada de Nutri\u00e7\u00e3o destaca avan\u00e7os e desafios na profiss\u00e3o - Centro Universit\u00e1rio Santo Agostinho - UNIFSA\",\"isPartOf\":{\"@id\":\"https:\/\/unifsa.com.br\/site\/#website\"},\"primaryImageOfPage\":{\"@id\":\"https:\/\/unifsa.com.br\/site\/primeiro-dia-da-xiii-jornada-de-nutricao-destaca-o-atendimento-e-avancos-na-suplementacao\/#primaryimage\"},\"image\":{\"@id\":\"https:\/\/unifsa.com.br\/site\/primeiro-dia-da-xiii-jornada-de-nutricao-destaca-o-atendimento-e-avancos-na-suplementacao\/#primaryimage\"},\"thumbnailUrl\":\"https:\/\/unifsa.com.br\/site\/wp-content\/uploads\/2023\/08\/WhatsApp-Image-2023-08-30-at-21.43.27.jpeg\",\"datePublished\":\"2023-08-31T00:45:22+00:00\",\"dateModified\":\"2023-09-01T16:11:54+00:00\",\"breadcrumb\":{\"@id\":\"https:\/\/unifsa.com.br\/site\/primeiro-dia-da-xiii-jornada-de-nutricao-destaca-o-atendimento-e-avancos-na-suplementacao\/#breadcrumb\"},\"inLanguage\":\"pt-BR\",\"potentialAction\":[{\"@type\":\"ReadAction\",\"target\":[\"https:\/\/unifsa.com.br\/site\/primeiro-dia-da-xiii-jornada-de-nutricao-destaca-o-atendimento-e-avancos-na-suplementacao\/\"]}]},{\"@type\":\"ImageObject\",\"inLanguage\":\"pt-BR\",\"@id\":\"https:\/\/unifsa.com.br\/site\/primeiro-dia-da-xiii-jornada-de-nutricao-destaca-o-atendimento-e-avancos-na-suplementacao\/#primaryimage\",\"url\":\"https:\/\/unifsa.com.br\/site\/wp-content\/uploads\/2023\/08\/WhatsApp-Image-2023-08-30-at-21.43.27.jpeg\",\"contentUrl\":\"https:\/\/unifsa.com.br\/site\/wp-content\/uploads\/2023\/08\/WhatsApp-Image-2023-08-30-at-21.43.27.jpeg\",\"width\":1024,\"height\":574},{\"@type\":\"BreadcrumbList\",\"@id\":\"https:\/\/unifsa.com.br\/site\/primeiro-dia-da-xiii-jornada-de-nutricao-destaca-o-atendimento-e-avancos-na-suplementacao\/#breadcrumb\",\"itemListElement\":[{\"@type\":\"ListItem\",\"position\":1,\"name\":\"In\u00edcio\",\"item\":\"https:\/\/unifsa.com.br\/site\/\"},{\"@type\":\"ListItem\",\"position\":2,\"name\":\"XIII Jornada de Nutri\u00e7\u00e3o destaca avan\u00e7os e desafios na profiss\u00e3o\"}]},{\"@type\":\"WebSite\",\"@id\":\"https:\/\/unifsa.com.br\/site\/#website\",\"url\":\"https:\/\/unifsa.com.br\/site\/\",\"name\":\"Centro Universit\u00e1rio Santo Agostinho - UNIFSA\",\"description\":\"Conhecimento para toda a vida\",\"publisher\":{\"@id\":\"https:\/\/unifsa.com.br\/site\/#organization\"},\"potentialAction\":[{\"@type\":\"SearchAction\",\"target\":{\"@type\":\"EntryPoint\",\"urlTemplate\":\"https:\/\/unifsa.com.br\/site\/?s={search_term_string}\"},\"query-input\":{\"@type\":\"PropertyValueSpecification\",\"valueRequired\":true,\"valueName\":\"search_term_string\"}}],\"inLanguage\":\"pt-BR\"},{\"@type\":\"Organization\",\"@id\":\"https:\/\/unifsa.com.br\/site\/#organization\",\"name\":\"Centro Universit\u00e1rio Santo Agostinho - UNIFSA\",\"url\":\"https:\/\/unifsa.com.br\/site\/\",\"logo\":{\"@type\":\"ImageObject\",\"inLanguage\":\"pt-BR\",\"@id\":\"https:\/\/unifsa.com.br\/site\/#\/schema\/logo\/image\/\",\"url\":\"https:\/\/unifsa.com.br\/site\/wp-content\/uploads\/2023\/03\/MARCA-UNIFSA-CIC23-q2apjs1mt975cf1wl25b044coj90fwoiee1kya6800.png\",\"contentUrl\":\"https:\/\/unifsa.com.br\/site\/wp-content\/uploads\/2023\/03\/MARCA-UNIFSA-CIC23-q2apjs1mt975cf1wl25b044coj90fwoiee1kya6800.png\",\"width\":103,\"height\":100,\"caption\":\"Centro Universit\u00e1rio Santo Agostinho - UNIFSA\"},\"image\":{\"@id\":\"https:\/\/unifsa.com.br\/site\/#\/schema\/logo\/image\/\"},\"sameAs\":[\"https:\/\/www.facebook.com\/unifsa\/\",\"https:\/\/www.instagram.com\/unifsa\/\"]},{\"@type\":\"Person\",\"@id\":\"https:\/\/unifsa.com.br\/site\/#\/schema\/person\/459d6944d25bd72102b031eb886c7cbf\",\"name\":\"Estev\u00e3o Leite Cordeiro de Souza\",\"image\":{\"@type\":\"ImageObject\",\"inLanguage\":\"pt-BR\",\"@id\":\"https:\/\/unifsa.com.br\/site\/#\/schema\/person\/image\/\",\"url\":\"https:\/\/secure.gravatar.com\/avatar\/b381626173a0b440e86662336f5d92704de1b8100a4cb5a34d6466804eb5c336?s=96&d=mm&r=g\",\"contentUrl\":\"https:\/\/secure.gravatar.com\/avatar\/b381626173a0b440e86662336f5d92704de1b8100a4cb5a34d6466804eb5c336?s=96&d=mm&r=g\",\"caption\":\"Estev\u00e3o Leite Cordeiro de Souza\"},\"url\":\"https:\/\/unifsa.com.br\/site\/author\/estevaocordeiro\/\"}]}<\/script>\n<!-- \/ Yoast SEO plugin. -->","yoast_head_json":{"title":"XIII Jornada de Nutri\u00e7\u00e3o destaca avan\u00e7os e desafios na profiss\u00e3o - Centro Universit\u00e1rio Santo Agostinho - UNIFSA","robots":{"index":"index","follow":"follow","max-snippet":"max-snippet:-1","max-image-preview":"max-image-preview:large","max-video-preview":"max-video-preview:-1"},"canonical":"https:\/\/unifsa.com.br\/site\/primeiro-dia-da-xiii-jornada-de-nutricao-destaca-o-atendimento-e-avancos-na-suplementacao\/","og_locale":"pt_BR","og_type":"article","og_title":"XIII Jornada de Nutri\u00e7\u00e3o destaca avan\u00e7os e desafios na profiss\u00e3o - Centro Universit\u00e1rio Santo Agostinho - UNIFSA","og_description":"O Centro Universit\u00e1rio Santo Agostinho, por meio da gradua\u00e7\u00e3o de Nutri\u00e7\u00e3o, realizou a XIII Jornada de Nutri\u00e7\u00e3o do UNIFSA \u2013 Avan\u00e7os e Desafios na Nutri\u00e7\u00e3o nos dias 30 e 31 de agosto, no Audit\u00f3rio Manoel Cipriano Lira- UNIFSA. Com carga hor\u00e1ria de 15h, o evento foi voltado para alunos e profissionais da \u00e1rea da sa\u00fade,","og_url":"https:\/\/unifsa.com.br\/site\/primeiro-dia-da-xiii-jornada-de-nutricao-destaca-o-atendimento-e-avancos-na-suplementacao\/","og_site_name":"Centro Universit\u00e1rio Santo Agostinho - UNIFSA","article_publisher":"https:\/\/www.facebook.com\/unifsa\/","article_published_time":"2023-08-31T00:45:22+00:00","article_modified_time":"2023-09-01T16:11:54+00:00","og_image":[{"width":1024,"height":574,"url":"https:\/\/unifsa.com.br\/site\/wp-content\/uploads\/2023\/08\/WhatsApp-Image-2023-08-30-at-21.43.27.jpeg","type":"image\/jpeg"}],"author":"Estev\u00e3o Leite Cordeiro de Souza","twitter_card":"summary_large_image","twitter_misc":{"Escrito por":"Estev\u00e3o Leite Cordeiro de Souza","Est. tempo de leitura":"7 minutos"},"schema":{"@context":"https:\/\/schema.org","@graph":[{"@type":"Article","@id":"https:\/\/unifsa.com.br\/site\/primeiro-dia-da-xiii-jornada-de-nutricao-destaca-o-atendimento-e-avancos-na-suplementacao\/#article","isPartOf":{"@id":"https:\/\/unifsa.com.br\/site\/primeiro-dia-da-xiii-jornada-de-nutricao-destaca-o-atendimento-e-avancos-na-suplementacao\/"},"author":{"name":"Estev\u00e3o Leite Cordeiro de Souza","@id":"https:\/\/unifsa.com.br\/site\/#\/schema\/person\/459d6944d25bd72102b031eb886c7cbf"},"headline":"XIII Jornada de Nutri\u00e7\u00e3o destaca avan\u00e7os e desafios na profiss\u00e3o","datePublished":"2023-08-31T00:45:22+00:00","dateModified":"2023-09-01T16:11:54+00:00","mainEntityOfPage":{"@id":"https:\/\/unifsa.com.br\/site\/primeiro-dia-da-xiii-jornada-de-nutricao-destaca-o-atendimento-e-avancos-na-suplementacao\/"},"wordCount":890,"publisher":{"@id":"https:\/\/unifsa.com.br\/site\/#organization"},"image":{"@id":"https:\/\/unifsa.com.br\/site\/primeiro-dia-da-xiii-jornada-de-nutricao-destaca-o-atendimento-e-avancos-na-suplementacao\/#primaryimage"},"thumbnailUrl":"https:\/\/unifsa.com.br\/site\/wp-content\/uploads\/2023\/08\/WhatsApp-Image-2023-08-30-at-21.43.27.jpeg","keywords":["evento","Extens\u00e3o","Jornada","Jornada de nutri\u00e7\u00e3o","Nutri\u00e7\u00e3o","Nutri\u00e7\u00e3o UNIFSA","XIII Jornada de Nutri\u00e7\u00e3o"],"articleSection":["Acontece na UNIFSA","Extens\u00e3o","Nutri\u00e7\u00e3o"],"inLanguage":"pt-BR"},{"@type":"WebPage","@id":"https:\/\/unifsa.com.br\/site\/primeiro-dia-da-xiii-jornada-de-nutricao-destaca-o-atendimento-e-avancos-na-suplementacao\/","url":"https:\/\/unifsa.com.br\/site\/primeiro-dia-da-xiii-jornada-de-nutricao-destaca-o-atendimento-e-avancos-na-suplementacao\/","name":"XIII Jornada de Nutri\u00e7\u00e3o destaca avan\u00e7os e desafios na profiss\u00e3o - Centro Universit\u00e1rio Santo Agostinho - UNIFSA","isPartOf":{"@id":"https:\/\/unifsa.com.br\/site\/#website"},"primaryImageOfPage":{"@id":"https:\/\/unifsa.com.br\/site\/primeiro-dia-da-xiii-jornada-de-nutricao-destaca-o-atendimento-e-avancos-na-suplementacao\/#primaryimage"},"image":{"@id":"https:\/\/unifsa.com.br\/site\/primeiro-dia-da-xiii-jornada-de-nutricao-destaca-o-atendimento-e-avancos-na-suplementacao\/#primaryimage"},"thumbnailUrl":"https:\/\/unifsa.com.br\/site\/wp-content\/uploads\/2023\/08\/WhatsApp-Image-2023-08-30-at-21.43.27.jpeg","datePublished":"2023-08-31T00:45:22+00:00","dateModified":"2023-09-01T16:11:54+00:00","breadcrumb":{"@id":"https:\/\/unifsa.com.br\/site\/primeiro-dia-da-xiii-jornada-de-nutricao-destaca-o-atendimento-e-avancos-na-suplementacao\/#breadcrumb"},"inLanguage":"pt-BR","potentialAction":[{"@type":"ReadAction","target":["https:\/\/unifsa.com.br\/site\/primeiro-dia-da-xiii-jornada-de-nutricao-destaca-o-atendimento-e-avancos-na-suplementacao\/"]}]},{"@type":"ImageObject","inLanguage":"pt-BR","@id":"https:\/\/unifsa.com.br\/site\/primeiro-dia-da-xiii-jornada-de-nutricao-destaca-o-atendimento-e-avancos-na-suplementacao\/#primaryimage","url":"https:\/\/unifsa.com.br\/site\/wp-content\/uploads\/2023\/08\/WhatsApp-Image-2023-08-30-at-21.43.27.jpeg","contentUrl":"https:\/\/unifsa.com.br\/site\/wp-content\/uploads\/2023\/08\/WhatsApp-Image-2023-08-30-at-21.43.27.jpeg","width":1024,"height":574},{"@type":"BreadcrumbList","@id":"https:\/\/unifsa.com.br\/site\/primeiro-dia-da-xiii-jornada-de-nutricao-destaca-o-atendimento-e-avancos-na-suplementacao\/#breadcrumb","itemListElement":[{"@type":"ListItem","position":1,"name":"In\u00edcio","item":"https:\/\/unifsa.com.br\/site\/"},{"@type":"ListItem","position":2,"name":"XIII Jornada de Nutri\u00e7\u00e3o destaca avan\u00e7os e desafios na profiss\u00e3o"}]},{"@type":"WebSite","@id":"https:\/\/unifsa.com.br\/site\/#website","url":"https:\/\/unifsa.com.br\/site\/","name":"Centro Universit\u00e1rio Santo Agostinho - UNIFSA","description":"Conhecimento para toda a vida","publisher":{"@id":"https:\/\/unifsa.com.br\/site\/#organization"},"potentialAction":[{"@type":"SearchAction","target":{"@type":"EntryPoint","urlTemplate":"https:\/\/unifsa.com.br\/site\/?s={search_term_string}"},"query-input":{"@type":"PropertyValueSpecification","valueRequired":true,"valueName":"search_term_string"}}],"inLanguage":"pt-BR"},{"@type":"Organization","@id":"https:\/\/unifsa.com.br\/site\/#organization","name":"Centro Universit\u00e1rio Santo Agostinho - UNIFSA","url":"https:\/\/unifsa.com.br\/site\/","logo":{"@type":"ImageObject","inLanguage":"pt-BR","@id":"https:\/\/unifsa.com.br\/site\/#\/schema\/logo\/image\/","url":"https:\/\/unifsa.com.br\/site\/wp-content\/uploads\/2023\/03\/MARCA-UNIFSA-CIC23-q2apjs1mt975cf1wl25b044coj90fwoiee1kya6800.png","contentUrl":"https:\/\/unifsa.com.br\/site\/wp-content\/uploads\/2023\/03\/MARCA-UNIFSA-CIC23-q2apjs1mt975cf1wl25b044coj90fwoiee1kya6800.png","width":103,"height":100,"caption":"Centro Universit\u00e1rio Santo Agostinho - UNIFSA"},"image":{"@id":"https:\/\/unifsa.com.br\/site\/#\/schema\/logo\/image\/"},"sameAs":["https:\/\/www.facebook.com\/unifsa\/","https:\/\/www.instagram.com\/unifsa\/"]},{"@type":"Person","@id":"https:\/\/unifsa.com.br\/site\/#\/schema\/person\/459d6944d25bd72102b031eb886c7cbf","name":"Estev\u00e3o Leite Cordeiro de Souza","image":{"@type":"ImageObject","inLanguage":"pt-BR","@id":"https:\/\/unifsa.com.br\/site\/#\/schema\/person\/image\/","url":"https:\/\/secure.gravatar.com\/avatar\/b381626173a0b440e86662336f5d92704de1b8100a4cb5a34d6466804eb5c336?s=96&d=mm&r=g","contentUrl":"https:\/\/secure.gravatar.com\/avatar\/b381626173a0b440e86662336f5d92704de1b8100a4cb5a34d6466804eb5c336?s=96&d=mm&r=g","caption":"Estev\u00e3o Leite Cordeiro de Souza"},"url":"https:\/\/unifsa.com.br\/site\/author\/estevaocordeiro\/"}]}},"_links":{"self":[{"href":"https:\/\/unifsa.com.br\/site\/wp-json\/wp\/v2\/posts\/24922","targetHints":{"allow":["GET"]}}],"collection":[{"href":"https:\/\/unifsa.com.br\/site\/wp-json\/wp\/v2\/posts"}],"about":[{"href":"https:\/\/unifsa.com.br\/site\/wp-json\/wp\/v2\/types\/post"}],"author":[{"embeddable":true,"href":"https:\/\/unifsa.com.br\/site\/wp-json\/wp\/v2\/users\/12"}],"replies":[{"embeddable":true,"href":"https:\/\/unifsa.com.br\/site\/wp-json\/wp\/v2\/comments?post=24922"}],"version-history":[{"count":13,"href":"https:\/\/unifsa.com.br\/site\/wp-json\/wp\/v2\/posts\/24922\/revisions"}],"predecessor-version":[{"id":24996,"href":"https:\/\/unifsa.com.br\/site\/wp-json\/wp\/v2\/posts\/24922\/revisions\/24996"}],"wp:featuredmedia":[{"embeddable":true,"href":"https:\/\/unifsa.com.br\/site\/wp-json\/wp\/v2\/media\/24943"}],"wp:attachment":[{"href":"https:\/\/unifsa.com.br\/site\/wp-json\/wp\/v2\/media?parent=24922"}],"wp:term":[{"taxonomy":"category","embeddable":true,"href":"https:\/\/unifsa.com.br\/site\/wp-json\/wp\/v2\/categories?post=24922"},{"taxonomy":"post_tag","embeddable":true,"href":"https:\/\/unifsa.com.br\/site\/wp-json\/wp\/v2\/tags?post=24922"}],"curies":[{"name":"wp","href":"https:\/\/api.w.org\/{rel}","templated":true}]}}