{"id":24837,"date":"2023-08-30T09:37:13","date_gmt":"2023-08-30T12:37:13","guid":{"rendered":"https:\/\/unifsa.com.br\/site\/?p=24837"},"modified":"2023-09-01T10:27:55","modified_gmt":"2023-09-01T13:27:55","slug":"unifsa-realiza-17-edicao-da-semana-do-orgulho-de-ser","status":"publish","type":"post","link":"https:\/\/unifsa.com.br\/site\/unifsa-realiza-17-edicao-da-semana-do-orgulho-de-ser\/","title":{"rendered":"UNIFSA realiza 17\u00b0 edi\u00e7\u00e3o da Semana do Orgulho de Ser"},"content":{"rendered":"\n<p class=\"texto-justificado\">O Centro Universit\u00e1rio Santo Agostinho realiza, de 29 a 31 de agosto, a programa\u00e7\u00e3o acad\u00eamica da&nbsp;<strong>17\u00b0 Semana do Orgulho de Ser<\/strong>:&nbsp;<strong><strong>F\u00e9 na vida, f\u00e9 no que vir\u00e1<\/strong><\/strong>, com certifica\u00e7\u00e3o de 30h, na Sala de Confer\u00eancia do Anexo II.<\/p>\n\n\n\n<p class=\"texto-justificado\">No primeiro dia de atividades, diversos participantes e representantes se reuniram para dar in\u00edcio a uma s\u00e9rie de discuss\u00f5es e reflex\u00f5es sobre temas fundamentais para a constru\u00e7\u00e3o de uma sociedade mais inclusiva e igualit\u00e1ria.<\/p>\n\n\n\n<p class=\"texto-justificado\">A exibi\u00e7\u00e3o do filme &#8220;Hortel\u00e3 &#8211; Roteiro&#8221;, com a presen\u00e7a do roteirista \u00cdtalo Damasceno, foi um destaque significativo. A narrativa emocionante de Lu\u00eds e Alexandre, e a revela\u00e7\u00e3o do v\u00ednculo com Dinha, a av\u00f3 de Alexandre e cuidadora de Lu\u00eds, mergulhou nas complexidades das rela\u00e7\u00f5es familiares e dos preconceitos.<\/p>\n\n\n\n<figure class=\"wp-block-image size-full\"><img fetchpriority=\"high\" decoding=\"async\" width=\"1024\" height=\"576\" src=\"https:\/\/unifsa.com.br\/site\/wp-content\/uploads\/2023\/08\/WhatsApp-Image-2023-08-30-at-09.24.50.jpeg\" alt=\"\" class=\"wp-image-24843\" srcset=\"https:\/\/unifsa.com.br\/site\/wp-content\/uploads\/2023\/08\/WhatsApp-Image-2023-08-30-at-09.24.50.jpeg 1024w, https:\/\/unifsa.com.br\/site\/wp-content\/uploads\/2023\/08\/WhatsApp-Image-2023-08-30-at-09.24.50-300x169.jpeg 300w, https:\/\/unifsa.com.br\/site\/wp-content\/uploads\/2023\/08\/WhatsApp-Image-2023-08-30-at-09.24.50-768x432.jpeg 768w\" sizes=\"(max-width: 1024px) 100vw, 1024px\" \/><\/figure>\n\n\n\n<p class=\"texto-justificado\">A mesa de discuss\u00e3o subsequente reuniu representantes, ativistas e especialistas para aprofundar as quest\u00f5es LGBTQIA+ e de g\u00eanero. A representante do grupo Matizes enfatizou que a semana n\u00e3o apenas celebra, mas tamb\u00e9m serve como um lembrete da cont\u00ednua luta pela aceita\u00e7\u00e3o e igualdade. Jo\u00e3o Pedro, representante discente do UNIFSA, destacou a urg\u00eancia da luta pelos direitos da comunidade LGBTQIA+, refor\u00e7ando que a jornada rumo \u00e0 igualdade ainda est\u00e1 em curso. <\/p>\n\n\n\n<figure class=\"wp-block-image size-full\"><img decoding=\"async\" width=\"1024\" height=\"576\" src=\"https:\/\/unifsa.com.br\/site\/wp-content\/uploads\/2023\/08\/WhatsApp-Image-2023-08-30-at-09.26.33.jpeg\" alt=\"\" class=\"wp-image-24845\" srcset=\"https:\/\/unifsa.com.br\/site\/wp-content\/uploads\/2023\/08\/WhatsApp-Image-2023-08-30-at-09.26.33.jpeg 1024w, https:\/\/unifsa.com.br\/site\/wp-content\/uploads\/2023\/08\/WhatsApp-Image-2023-08-30-at-09.26.33-300x169.jpeg 300w, https:\/\/unifsa.com.br\/site\/wp-content\/uploads\/2023\/08\/WhatsApp-Image-2023-08-30-at-09.26.33-768x432.jpeg 768w\" sizes=\"(max-width: 1024px) 100vw, 1024px\" \/><\/figure>\n\n\n\n<blockquote class=\"wp-block-quote is-layout-flow wp-block-quote-is-layout-flow\">\n<p class=\"texto-justificado\">S\u00e3o 17 anos de Semana do Orgulho de Ser, buscando enfrentar todo tipo de preconceito de g\u00eanero, por meio educativo informativo, cultural entre outros. Diante disso, o UNIFSA n\u00e3o mede esfor\u00e7o a fim de formar profissionais \u00e9ticos, competentes, zelosos e transformadores da nossa sociedade. Que a parceria entre Matizes e UNIFSA continue.<\/p>\n<cite>Profa. Esp. Roberta Mara, coordenadora de Monitoria e Extens\u00e3o do UNIFSA<\/cite><\/blockquote>\n\n\n\n<p class=\"texto-justificado\">Durante a mesa de discuss\u00e3o, a prof\u00aa M\u00aa Barbara Johas e prof\u00aa Dr\u00aa Rossana Albuquerque (ENGENDRE\/UFPI), trouxeram \u00e0 tona uma an\u00e1lise profunda dos casos de feminic\u00eddio, explorando os intricados processos que envolvem as rela\u00e7\u00f5es interpessoais e as complexas estruturas sociais que moldam nossa sociedade. Destacando como esses elementos est\u00e3o intrinsecamente ligados, muitas vezes perpetuando a viol\u00eancia de g\u00eanero e contribuindo para a manuten\u00e7\u00e3o de estruturas que colocam indiv\u00edduos em posi\u00e7\u00f5es desiguais. Ao examinar os fatores que marcam a sociedade, B\u00e1rbara levantou quest\u00f5es cruciais sobre a natureza dessa viol\u00eancia e como ela est\u00e1 arraigada em padr\u00f5es arraigados e din\u00e2micas sociais profundamente enraizadas.<\/p>\n\n\n\n<figure class=\"wp-block-gallery has-nested-images columns-default is-cropped wp-block-gallery-1 is-layout-flex wp-block-gallery-is-layout-flex\">\n<figure class=\"wp-block-image size-large\"><img decoding=\"async\" width=\"1024\" height=\"576\" data-id=\"24847\" src=\"https:\/\/unifsa.com.br\/site\/wp-content\/uploads\/2023\/08\/WhatsApp-Image-2023-08-30-at-09.28.45.jpeg\" alt=\"\" class=\"wp-image-24847\" srcset=\"https:\/\/unifsa.com.br\/site\/wp-content\/uploads\/2023\/08\/WhatsApp-Image-2023-08-30-at-09.28.45.jpeg 1024w, https:\/\/unifsa.com.br\/site\/wp-content\/uploads\/2023\/08\/WhatsApp-Image-2023-08-30-at-09.28.45-300x169.jpeg 300w, https:\/\/unifsa.com.br\/site\/wp-content\/uploads\/2023\/08\/WhatsApp-Image-2023-08-30-at-09.28.45-768x432.jpeg 768w\" sizes=\"(max-width: 1024px) 100vw, 1024px\" \/><\/figure>\n\n\n\n<figure class=\"wp-block-image size-large\"><img loading=\"lazy\" decoding=\"async\" width=\"835\" height=\"447\" data-id=\"24846\" src=\"https:\/\/unifsa.com.br\/site\/wp-content\/uploads\/2023\/08\/WhatsApp-Image-2023-08-30-at-09.29.35.jpeg\" alt=\"\" class=\"wp-image-24846\" srcset=\"https:\/\/unifsa.com.br\/site\/wp-content\/uploads\/2023\/08\/WhatsApp-Image-2023-08-30-at-09.29.35.jpeg 835w, https:\/\/unifsa.com.br\/site\/wp-content\/uploads\/2023\/08\/WhatsApp-Image-2023-08-30-at-09.29.35-300x161.jpeg 300w, https:\/\/unifsa.com.br\/site\/wp-content\/uploads\/2023\/08\/WhatsApp-Image-2023-08-30-at-09.29.35-768x411.jpeg 768w\" sizes=\"(max-width: 835px) 100vw, 835px\" \/><\/figure>\n<\/figure>\n\n\n\n<p class=\"texto-justificado\">O primeiro dia da 17\u00aa Semana Orgulho de Ser no UNIFSA estabeleceu um tom inspirador para o evento, com a exibi\u00e7\u00e3o do filme e discuss\u00f5es enriquecedoras refor\u00e7ando o compromisso de construir uma sociedade inclusiva e diversificada.<\/p>\n\n\n\n<p class=\"texto-justificado\">No segundo dia (30), as mesas aconteceram pela manh\u00e3. \u00c0s 8h, a Psic\u00f3loga Pettra Roque conversou com os participantes sobre O Papel da Equipe de Sa\u00fade no Contexto da Hospitaliza\u00e7\u00e3o de Pessoas LGBTQIAP+. A ministrante \u00e9 Psicodramatista, Psic\u00f3loga Escolar, Especialista doc\u00eancia profissional tecnol\u00f3gica EPT IFES, Professora de Psicologia, Avaliadora psicossocial Vem Prevenir. Ativista social pelas causas de pessoas LGBTQIA+ e em situa\u00e7\u00e3o de rua.<\/p>\n\n\n\n<figure class=\"wp-block-image size-full\"><img loading=\"lazy\" decoding=\"async\" width=\"1024\" height=\"576\" src=\"https:\/\/unifsa.com.br\/site\/wp-content\/uploads\/2023\/08\/WhatsApp-Image-2023-08-30-at-09.34.43.jpeg\" alt=\"\" class=\"wp-image-24848\" srcset=\"https:\/\/unifsa.com.br\/site\/wp-content\/uploads\/2023\/08\/WhatsApp-Image-2023-08-30-at-09.34.43.jpeg 1024w, https:\/\/unifsa.com.br\/site\/wp-content\/uploads\/2023\/08\/WhatsApp-Image-2023-08-30-at-09.34.43-300x169.jpeg 300w, https:\/\/unifsa.com.br\/site\/wp-content\/uploads\/2023\/08\/WhatsApp-Image-2023-08-30-at-09.34.43-768x432.jpeg 768w\" sizes=\"(max-width: 1024px) 100vw, 1024px\" \/><\/figure>\n\n\n\n<p class=\"texto-justificado\">Em seguida \u00e0s 9h30, o Me. Paulo de Tarso, da Fiocruz\/PI, ministrou a palestra &#8220;Sa\u00fade Mental E Juventude LGBTQIAPN+&#8221;.<\/p>\n\n\n\n<figure class=\"wp-block-image size-large\"><img loading=\"lazy\" decoding=\"async\" width=\"1024\" height=\"576\" src=\"https:\/\/unifsa.com.br\/site\/wp-content\/uploads\/2023\/08\/WhatsApp-Image-2023-08-30-at-13.33.10-1024x576.jpeg\" alt=\"\" class=\"wp-image-24862\" srcset=\"https:\/\/unifsa.com.br\/site\/wp-content\/uploads\/2023\/08\/WhatsApp-Image-2023-08-30-at-13.33.10-1024x576.jpeg 1024w, https:\/\/unifsa.com.br\/site\/wp-content\/uploads\/2023\/08\/WhatsApp-Image-2023-08-30-at-13.33.10-300x169.jpeg 300w, https:\/\/unifsa.com.br\/site\/wp-content\/uploads\/2023\/08\/WhatsApp-Image-2023-08-30-at-13.33.10-768x432.jpeg 768w, https:\/\/unifsa.com.br\/site\/wp-content\/uploads\/2023\/08\/WhatsApp-Image-2023-08-30-at-13.33.10-1536x864.jpeg 1536w, https:\/\/unifsa.com.br\/site\/wp-content\/uploads\/2023\/08\/WhatsApp-Image-2023-08-30-at-13.33.10.jpeg 1600w\" sizes=\"(max-width: 1024px) 100vw, 1024px\" \/><\/figure>\n\n\n\n<p class=\"texto-justificado\">O segundo dia finalizou com uma mesa \u00e0s 10h30 sobre <strong>Religi\u00e3o e Diversidade Sexual e De G\u00eanero<\/strong>. Os palestrantes foram: o pastor da Igreja da Comunidade Metropolitana de Teresina, Jo\u00e3o Ferreira Leite J\u00fanior, e a Esp\u00edrita Juliana Guerra, egressa do UNIFSA. <\/p>\n\n\n\n<figure class=\"wp-block-image size-large\"><img loading=\"lazy\" decoding=\"async\" width=\"1024\" height=\"605\" src=\"https:\/\/unifsa.com.br\/site\/wp-content\/uploads\/2023\/08\/WhatsApp-Image-2023-08-30-at-13.34.09-1024x605.jpeg\" alt=\"\" class=\"wp-image-24863\" srcset=\"https:\/\/unifsa.com.br\/site\/wp-content\/uploads\/2023\/08\/WhatsApp-Image-2023-08-30-at-13.34.09-1024x605.jpeg 1024w, https:\/\/unifsa.com.br\/site\/wp-content\/uploads\/2023\/08\/WhatsApp-Image-2023-08-30-at-13.34.09-300x177.jpeg 300w, https:\/\/unifsa.com.br\/site\/wp-content\/uploads\/2023\/08\/WhatsApp-Image-2023-08-30-at-13.34.09-768x454.jpeg 768w, https:\/\/unifsa.com.br\/site\/wp-content\/uploads\/2023\/08\/WhatsApp-Image-2023-08-30-at-13.34.09-1536x908.jpeg 1536w, https:\/\/unifsa.com.br\/site\/wp-content\/uploads\/2023\/08\/WhatsApp-Image-2023-08-30-at-13.34.09.jpeg 1600w\" sizes=\"(max-width: 1024px) 100vw, 1024px\" \/><\/figure>\n\n\n\n<p>O terceiro e \u00faltimo dia de programa\u00e7\u00e3o no UNIFSA, dia 31 de agosto, iniciou com um incr\u00edvel bate-papo sobre &#8220;Direitos, Diversidades e Identidades&#8221;. A mesa foi coordenada pela Coordenadora-adjunta do Escrit\u00f3rio T\u00e9cnico Regional Fiocruz Piau\u00ed, Elaine Ferreira do Nascimento, e contou com a participa\u00e7\u00e3o do doutor em direito e p\u00f3s doutor em pol\u00edticas p\u00fablicas, Giorge Lando.<\/p>\n\n\n\n<figure class=\"wp-block-image size-large\"><img loading=\"lazy\" decoding=\"async\" width=\"1024\" height=\"576\" src=\"https:\/\/unifsa.com.br\/site\/wp-content\/uploads\/2023\/08\/WhatsApp-Image-2023-08-31-at-09.53.06-1024x576.jpeg\" alt=\"\" class=\"wp-image-24947\" srcset=\"https:\/\/unifsa.com.br\/site\/wp-content\/uploads\/2023\/08\/WhatsApp-Image-2023-08-31-at-09.53.06-1024x576.jpeg 1024w, https:\/\/unifsa.com.br\/site\/wp-content\/uploads\/2023\/08\/WhatsApp-Image-2023-08-31-at-09.53.06-300x169.jpeg 300w, https:\/\/unifsa.com.br\/site\/wp-content\/uploads\/2023\/08\/WhatsApp-Image-2023-08-31-at-09.53.06-768x432.jpeg 768w, https:\/\/unifsa.com.br\/site\/wp-content\/uploads\/2023\/08\/WhatsApp-Image-2023-08-31-at-09.53.06-1536x864.jpeg 1536w, https:\/\/unifsa.com.br\/site\/wp-content\/uploads\/2023\/08\/WhatsApp-Image-2023-08-31-at-09.53.06.jpeg 1600w\" sizes=\"(max-width: 1024px) 100vw, 1024px\" \/><\/figure>\n\n\n\n<p>Em seguida, \u00e0s 10h40, a coordenadora geral do Grupo Piauiense de Transexuais e Travestis (GPTRANS), Maria Laura dos Reis, e a Coordenadora de Prote\u00e7\u00e3o aos Direitos LGBTIQAPN+ da Secretaria de Estado da Seguran\u00e7a P\u00fablica, Leonna Osternes, participaram da mesa \u201cCorpos Trans no Enfrentamento \u00e0 Transfobia no \u00c2mbito da Educa\u00e7\u00e3o&#8221;.<\/p>\n\n\n\n<figure class=\"wp-block-image size-large\"><img loading=\"lazy\" decoding=\"async\" width=\"1024\" height=\"576\" src=\"https:\/\/unifsa.com.br\/site\/wp-content\/uploads\/2023\/08\/WhatsApp-Image-2023-08-31-at-14.24.36-1024x576.jpeg\" alt=\"\" class=\"wp-image-24967\" srcset=\"https:\/\/unifsa.com.br\/site\/wp-content\/uploads\/2023\/08\/WhatsApp-Image-2023-08-31-at-14.24.36-1024x576.jpeg 1024w, https:\/\/unifsa.com.br\/site\/wp-content\/uploads\/2023\/08\/WhatsApp-Image-2023-08-31-at-14.24.36-300x169.jpeg 300w, https:\/\/unifsa.com.br\/site\/wp-content\/uploads\/2023\/08\/WhatsApp-Image-2023-08-31-at-14.24.36-768x432.jpeg 768w, https:\/\/unifsa.com.br\/site\/wp-content\/uploads\/2023\/08\/WhatsApp-Image-2023-08-31-at-14.24.36-1536x864.jpeg 1536w, https:\/\/unifsa.com.br\/site\/wp-content\/uploads\/2023\/08\/WhatsApp-Image-2023-08-31-at-14.24.36.jpeg 1600w\" sizes=\"(max-width: 1024px) 100vw, 1024px\" \/><\/figure>\n\n\n\n<p>Por fim, o docente de Direito, Jhon Lisbino, Mestre em Criminologia, trouxe um importante tema da atualidade: Exposi\u00e7\u00e3o N\u00e3o Consentida De Conte\u00fados \u00cdntimos: A Nova Face Da Viol\u00eancia De G\u00eanero.<\/p>\n\n\n<div class=\"wp-block-image\">\n<figure class=\"aligncenter size-full\"><img loading=\"lazy\" decoding=\"async\" width=\"800\" height=\"450\" src=\"https:\/\/unifsa.com.br\/site\/wp-content\/uploads\/2023\/09\/photo1693507989.jpeg\" alt=\"\" class=\"wp-image-24989\" srcset=\"https:\/\/unifsa.com.br\/site\/wp-content\/uploads\/2023\/09\/photo1693507989.jpeg 800w, https:\/\/unifsa.com.br\/site\/wp-content\/uploads\/2023\/09\/photo1693507989-300x169.jpeg 300w, https:\/\/unifsa.com.br\/site\/wp-content\/uploads\/2023\/09\/photo1693507989-768x432.jpeg 768w\" sizes=\"(max-width: 800px) 100vw, 800px\" \/><\/figure>\n<\/div>\n\n\n<h3 class=\"wp-block-heading has-vivid-cyan-blue-color has-text-color\">Confira a programa\u00e7\u00e3o completa<\/h3>\n\n\n\n<figure class=\"wp-block-table\"><table><tbody><tr><td><strong>DATA<\/strong><\/td><td><strong>HOR\u00c1RIO<\/strong><\/td><td><strong>ATIVIDADE<\/strong><\/td><td><strong>C. H.<\/strong><\/td><\/tr><tr><td>29\/08<\/td><td>16h30 \u00e0s 18h<\/td><td><strong>FILME HORTEL\u00c3 \u2013 ROTEIRO: THIAGO FURTADO E \u00cdTALO DAMASCENO.<\/strong><br><br>Pr\u00eamio de melhor curta no Festival Petit Pav\u00e9, de Curitiba, em 2022.<br>Sinopse: Uma hist\u00f3ria sobre afetos e atravessamentos. Quando o relacionamento de Lu\u00eds e Alexandre chega ao fim, vem \u00e0 tona o fato de que Dinha, dom\u00e9stica que cuida de Lu\u00eds desde pequeno \u00e9 av\u00f3 de Alexandre. Encarando preconceitos, rela\u00e7\u00f5es familiares e trabalhistas, o filme traz um debate universal.<br>Refer\u00eancia:&nbsp;<a href=\"https:\/\/portalpadrao.ufma.br\/guarnice\/44\/filmes\/competitivas-ma\/competitiva-ma-curtas\/hortela\">https:\/\/portalpadrao.ufma.br\/guarnice\/44\/filmes\/competitivas-ma\/competitiva-ma-curtas\/hortela<\/a><\/td><td>2h\/a<\/td><\/tr><tr><td>29\/08<\/td><td>18h00<\/td><td><strong>MESA: DE ABERTURA<\/strong><br>\u2013 Profa. Ma. Kelma Gallas, coordenadora da programa\u00e7\u00e3o Semana Orgulho de Ser \/ UNIFSA<br>\u2013 Profa. Esp. Roberta Mara, coordenadora de Extens\u00e3o do UNIFSA<br>\u2013 Marinalva Santana, representante do Grupo Matizes UNIFSA.<br>\u2013 Jo\u00e3o Pedro, representando os Monitores UNIFSA<\/td><td><\/td><\/tr><tr><td>29\/08<\/td><td>18h30 \u2013 20h<\/td><td><strong>MESA: FEMINIC\u00cdDIO NO PIAU\u00cd<\/strong><br>Participantes:<br>\u2013 Barbara Johas (ENGENDRE\/UFPI)<br>\u2013 Rossana Albuquerque (ENGENDRE\/UFPI)<\/td><td>2h\/a<\/td><\/tr><tr><td>30\/08<\/td><td>8h \u2013 9h30<\/td><td><strong>MESA: O PAPEL DA EQUIPE DE SA\u00daDE NO CONTEXTO DA HOSPITALIZA\u00c7\u00c3O DE PESSOAS LGBTQIA+<\/strong><br>Participantes:<br>\u2013 Pettra Roque \u2013 Psic\u00f3loga (Crp21\/03997), Psicodramatista, Psic\u00f3loga Escolar, Especialista doc\u00eancia profissional tecnol\u00f3gica EPT IFES, Professora de Psicologia, Avaliadora psicossocial Vem Prevenir. Ativista social pelas causas de pessoas LGBTQIA+ e em situa\u00e7\u00e3o de rua.<br>\u2013 Profa. Dra. Isaura Danielli Borges de Sousa. Doutora em Enfermagem pela Universidade Federal do Piau\u00ed. Assessora de Ensino da Universidade Federal do Piau\u00ed.<\/td><td>2h\/a<\/td><\/tr><tr><td>30\/08<\/td><td>9h30 \u2013 10h30<\/td><td><strong>PALESTRA: SA\u00daDE MENTAL E JUVENTUDE LGBTQIAPN+<\/strong><br>Me.Paulo de Tarso (Fiocruz\/PI)<\/td><td>1h\/a<\/td><\/tr><tr><td>30\/08<\/td><td>10h30-12h<\/td><td><strong>MESA: RELIGI\u00c3O E DIVERSIDADE SEXUAL E DE G\u00caNERO<\/strong><br>Participantes:<br>\u2013 Jo\u00e3o Ferreira Leite J\u00fanior (Pastor da Igreja da Comunidade Metropolitana de Teresina)<br>\u2013 Juliana Guerra (Esp\u00edrita)<\/td><td>2h\/a<\/td><\/tr><tr><td>31\/08<\/td><td>8h \u2013 10h30<\/td><td><strong>TEMA: DIREITOS, DIVERSIDADES E IDENTIDADES<br><\/strong>Participantes:<br>\u2013 Elaine Ferreira do Nascimento (Fiocruz\/PI) \u2013 Coordenadora-adjunta do Escrit\u00f3rio T\u00e9cnico Regional Fiocruz Piau\u00ed. Tecnologista em Sa\u00fade P\u00fablica. Coordenadora da Mesa.<br>\u2013 Giorge Lando, doutor em direito e p\u00f3s doutor em pol\u00edticas p\u00fablicas. Professor e coordenador do curso de direito da UPE.<\/td><td>2h\/a<\/td><\/tr><tr><td>31\/08<\/td><td>10h40- 12h<\/td><td><strong>MESA: \u201cCORPOS TRANS NO ENFRENTAMENTO A TRANSFOBIA NO \u00c2MBITO DA EDUCA\u00c7\u00c3O\u201d<\/strong><br>\u2013 Maria Laura dos Reis \u2013 coordenadora geral do Grupo Piauiense de Transexuais e Travestis (GPTRANS)<br>\u2013 Leonna Osternes \u2013 Coordenadora de Prote\u00e7\u00e3o aos Direitos LGBTIQAPN+ da Secretaria de Estado da Seguran\u00e7a P\u00fablica.<\/td><td>2h\/a<\/td><\/tr><tr><td>31\/08<\/td><td>14h \u2013 16h<\/td><td><strong>MESA: EXPOSI\u00c7\u00c3O N\u00c3O CONSENTIDA DE CONTE\u00daDOS \u00cdNTIMOS: A NOVA FACE DA VIOL\u00caNCIA DE G\u00caNERO.<\/strong><br>\u2013 Jhon Lisbino \u2013 Advogado desde 2012, especialista em Direito Constitucional. Mestre em Criminologia pela Universidade Fernando Pessoa na cidade do Porto, Portugal. Professor do Curso Direito UNIFSA.<br>Local: Sala de Confer\u00eancia Anexo II<\/td><td>2h\/a<\/td><\/tr><\/tbody><\/table><\/figure>\n","protected":false},"excerpt":{"rendered":"<p>O Centro Universit\u00e1rio Santo Agostinho realiza, de 29 a 31 de agosto, a programa\u00e7\u00e3o acad\u00eamica da&nbsp;17\u00b0 Semana do Orgulho de Ser:&nbsp;F\u00e9 na vida, f\u00e9 no que vir\u00e1, com certifica\u00e7\u00e3o de 30h, na Sala de Confer\u00eancia do Anexo II. No primeiro dia de atividades, diversos participantes e representantes se reuniram para dar in\u00edcio a uma s\u00e9rie<\/p>\n","protected":false},"author":2,"featured_media":24849,"comment_status":"closed","ping_status":"open","sticky":false,"template":"","format":"standard","meta":{"_acf_changed":false,"footnotes":""},"categories":[6],"tags":[],"class_list":["post-24837","post","type-post","status-publish","format-standard","has-post-thumbnail","hentry","category-acontece-na-unifsa"],"acf":[],"yoast_head":"<!-- This site is optimized with the Yoast SEO plugin v26.5 - https:\/\/yoast.com\/wordpress\/plugins\/seo\/ -->\n<title>UNIFSA realiza 17\u00b0 edi\u00e7\u00e3o da Semana do Orgulho de Ser - Centro Universit\u00e1rio Santo Agostinho - UNIFSA<\/title>\n<meta name=\"robots\" content=\"index, follow, max-snippet:-1, max-image-preview:large, max-video-preview:-1\" \/>\n<link rel=\"canonical\" href=\"https:\/\/unifsa.com.br\/site\/unifsa-realiza-17-edicao-da-semana-do-orgulho-de-ser\/\" \/>\n<meta property=\"og:locale\" content=\"pt_BR\" \/>\n<meta property=\"og:type\" content=\"article\" \/>\n<meta property=\"og:title\" content=\"UNIFSA realiza 17\u00b0 edi\u00e7\u00e3o da Semana do Orgulho de Ser - Centro Universit\u00e1rio Santo Agostinho - UNIFSA\" \/>\n<meta property=\"og:description\" content=\"O Centro Universit\u00e1rio Santo Agostinho realiza, de 29 a 31 de agosto, a programa\u00e7\u00e3o acad\u00eamica da&nbsp;17\u00b0 Semana do Orgulho de Ser:&nbsp;F\u00e9 na vida, f\u00e9 no que vir\u00e1, com certifica\u00e7\u00e3o de 30h, na Sala de Confer\u00eancia do Anexo II. No primeiro dia de atividades, diversos participantes e representantes se reuniram para dar in\u00edcio a uma s\u00e9rie\" \/>\n<meta property=\"og:url\" content=\"https:\/\/unifsa.com.br\/site\/unifsa-realiza-17-edicao-da-semana-do-orgulho-de-ser\/\" \/>\n<meta property=\"og:site_name\" content=\"Centro Universit\u00e1rio Santo Agostinho - UNIFSA\" \/>\n<meta property=\"article:publisher\" content=\"https:\/\/www.facebook.com\/unifsa\/\" \/>\n<meta property=\"article:published_time\" content=\"2023-08-30T12:37:13+00:00\" \/>\n<meta property=\"article:modified_time\" content=\"2023-09-01T13:27:55+00:00\" \/>\n<meta property=\"og:image\" content=\"https:\/\/unifsa.com.br\/site\/wp-content\/uploads\/2023\/08\/WhatsApp-Image-2023-08-30-at-09.36.29.jpeg\" \/>\n\t<meta property=\"og:image:width\" content=\"1024\" \/>\n\t<meta property=\"og:image:height\" content=\"576\" \/>\n\t<meta property=\"og:image:type\" content=\"image\/jpeg\" \/>\n<meta name=\"author\" content=\"Assessoria UNIFSA\" \/>\n<meta name=\"twitter:card\" content=\"summary_large_image\" \/>\n<meta name=\"twitter:label1\" content=\"Escrito por\" \/>\n\t<meta name=\"twitter:data1\" content=\"Assessoria UNIFSA\" \/>\n\t<meta name=\"twitter:label2\" content=\"Est. tempo de leitura\" \/>\n\t<meta name=\"twitter:data2\" content=\"8 minutos\" \/>\n<script type=\"application\/ld+json\" class=\"yoast-schema-graph\">{\"@context\":\"https:\/\/schema.org\",\"@graph\":[{\"@type\":\"Article\",\"@id\":\"https:\/\/unifsa.com.br\/site\/unifsa-realiza-17-edicao-da-semana-do-orgulho-de-ser\/#article\",\"isPartOf\":{\"@id\":\"https:\/\/unifsa.com.br\/site\/unifsa-realiza-17-edicao-da-semana-do-orgulho-de-ser\/\"},\"author\":{\"name\":\"Assessoria UNIFSA\",\"@id\":\"https:\/\/unifsa.com.br\/site\/#\/schema\/person\/551d7d1f1cd3f288057c5028fc404a18\"},\"headline\":\"UNIFSA realiza 17\u00b0 edi\u00e7\u00e3o da Semana do Orgulho de Ser\",\"datePublished\":\"2023-08-30T12:37:13+00:00\",\"dateModified\":\"2023-09-01T13:27:55+00:00\",\"mainEntityOfPage\":{\"@id\":\"https:\/\/unifsa.com.br\/site\/unifsa-realiza-17-edicao-da-semana-do-orgulho-de-ser\/\"},\"wordCount\":1187,\"publisher\":{\"@id\":\"https:\/\/unifsa.com.br\/site\/#organization\"},\"image\":{\"@id\":\"https:\/\/unifsa.com.br\/site\/unifsa-realiza-17-edicao-da-semana-do-orgulho-de-ser\/#primaryimage\"},\"thumbnailUrl\":\"https:\/\/unifsa.com.br\/site\/wp-content\/uploads\/2023\/08\/WhatsApp-Image-2023-08-30-at-09.36.29.jpeg\",\"articleSection\":[\"Acontece na UNIFSA\"],\"inLanguage\":\"pt-BR\"},{\"@type\":\"WebPage\",\"@id\":\"https:\/\/unifsa.com.br\/site\/unifsa-realiza-17-edicao-da-semana-do-orgulho-de-ser\/\",\"url\":\"https:\/\/unifsa.com.br\/site\/unifsa-realiza-17-edicao-da-semana-do-orgulho-de-ser\/\",\"name\":\"UNIFSA realiza 17\u00b0 edi\u00e7\u00e3o da Semana do Orgulho de Ser - Centro Universit\u00e1rio Santo Agostinho - UNIFSA\",\"isPartOf\":{\"@id\":\"https:\/\/unifsa.com.br\/site\/#website\"},\"primaryImageOfPage\":{\"@id\":\"https:\/\/unifsa.com.br\/site\/unifsa-realiza-17-edicao-da-semana-do-orgulho-de-ser\/#primaryimage\"},\"image\":{\"@id\":\"https:\/\/unifsa.com.br\/site\/unifsa-realiza-17-edicao-da-semana-do-orgulho-de-ser\/#primaryimage\"},\"thumbnailUrl\":\"https:\/\/unifsa.com.br\/site\/wp-content\/uploads\/2023\/08\/WhatsApp-Image-2023-08-30-at-09.36.29.jpeg\",\"datePublished\":\"2023-08-30T12:37:13+00:00\",\"dateModified\":\"2023-09-01T13:27:55+00:00\",\"breadcrumb\":{\"@id\":\"https:\/\/unifsa.com.br\/site\/unifsa-realiza-17-edicao-da-semana-do-orgulho-de-ser\/#breadcrumb\"},\"inLanguage\":\"pt-BR\",\"potentialAction\":[{\"@type\":\"ReadAction\",\"target\":[\"https:\/\/unifsa.com.br\/site\/unifsa-realiza-17-edicao-da-semana-do-orgulho-de-ser\/\"]}]},{\"@type\":\"ImageObject\",\"inLanguage\":\"pt-BR\",\"@id\":\"https:\/\/unifsa.com.br\/site\/unifsa-realiza-17-edicao-da-semana-do-orgulho-de-ser\/#primaryimage\",\"url\":\"https:\/\/unifsa.com.br\/site\/wp-content\/uploads\/2023\/08\/WhatsApp-Image-2023-08-30-at-09.36.29.jpeg\",\"contentUrl\":\"https:\/\/unifsa.com.br\/site\/wp-content\/uploads\/2023\/08\/WhatsApp-Image-2023-08-30-at-09.36.29.jpeg\",\"width\":1024,\"height\":576},{\"@type\":\"BreadcrumbList\",\"@id\":\"https:\/\/unifsa.com.br\/site\/unifsa-realiza-17-edicao-da-semana-do-orgulho-de-ser\/#breadcrumb\",\"itemListElement\":[{\"@type\":\"ListItem\",\"position\":1,\"name\":\"In\u00edcio\",\"item\":\"https:\/\/unifsa.com.br\/site\/\"},{\"@type\":\"ListItem\",\"position\":2,\"name\":\"UNIFSA realiza 17\u00b0 edi\u00e7\u00e3o da Semana do Orgulho de Ser\"}]},{\"@type\":\"WebSite\",\"@id\":\"https:\/\/unifsa.com.br\/site\/#website\",\"url\":\"https:\/\/unifsa.com.br\/site\/\",\"name\":\"Centro Universit\u00e1rio Santo Agostinho - UNIFSA\",\"description\":\"Conhecimento para toda a vida\",\"publisher\":{\"@id\":\"https:\/\/unifsa.com.br\/site\/#organization\"},\"potentialAction\":[{\"@type\":\"SearchAction\",\"target\":{\"@type\":\"EntryPoint\",\"urlTemplate\":\"https:\/\/unifsa.com.br\/site\/?s={search_term_string}\"},\"query-input\":{\"@type\":\"PropertyValueSpecification\",\"valueRequired\":true,\"valueName\":\"search_term_string\"}}],\"inLanguage\":\"pt-BR\"},{\"@type\":\"Organization\",\"@id\":\"https:\/\/unifsa.com.br\/site\/#organization\",\"name\":\"Centro Universit\u00e1rio Santo Agostinho - UNIFSA\",\"url\":\"https:\/\/unifsa.com.br\/site\/\",\"logo\":{\"@type\":\"ImageObject\",\"inLanguage\":\"pt-BR\",\"@id\":\"https:\/\/unifsa.com.br\/site\/#\/schema\/logo\/image\/\",\"url\":\"https:\/\/unifsa.com.br\/site\/wp-content\/uploads\/2023\/03\/MARCA-UNIFSA-CIC23-q2apjs1mt975cf1wl25b044coj90fwoiee1kya6800.png\",\"contentUrl\":\"https:\/\/unifsa.com.br\/site\/wp-content\/uploads\/2023\/03\/MARCA-UNIFSA-CIC23-q2apjs1mt975cf1wl25b044coj90fwoiee1kya6800.png\",\"width\":103,\"height\":100,\"caption\":\"Centro Universit\u00e1rio Santo Agostinho - UNIFSA\"},\"image\":{\"@id\":\"https:\/\/unifsa.com.br\/site\/#\/schema\/logo\/image\/\"},\"sameAs\":[\"https:\/\/www.facebook.com\/unifsa\/\",\"https:\/\/www.instagram.com\/unifsa\/\"]},{\"@type\":\"Person\",\"@id\":\"https:\/\/unifsa.com.br\/site\/#\/schema\/person\/551d7d1f1cd3f288057c5028fc404a18\",\"name\":\"Assessoria UNIFSA\",\"image\":{\"@type\":\"ImageObject\",\"inLanguage\":\"pt-BR\",\"@id\":\"https:\/\/unifsa.com.br\/site\/#\/schema\/person\/image\/\",\"url\":\"https:\/\/secure.gravatar.com\/avatar\/6a631991e4af344430e4f0c5fcc3a220482c78e6a883ad6b80a34c55d1ada357?s=96&d=mm&r=g\",\"contentUrl\":\"https:\/\/secure.gravatar.com\/avatar\/6a631991e4af344430e4f0c5fcc3a220482c78e6a883ad6b80a34c55d1ada357?s=96&d=mm&r=g\",\"caption\":\"Assessoria UNIFSA\"},\"url\":\"https:\/\/unifsa.com.br\/site\/author\/assessoria\/\"}]}<\/script>\n<!-- \/ Yoast SEO plugin. -->","yoast_head_json":{"title":"UNIFSA realiza 17\u00b0 edi\u00e7\u00e3o da Semana do Orgulho de Ser - Centro Universit\u00e1rio Santo Agostinho - UNIFSA","robots":{"index":"index","follow":"follow","max-snippet":"max-snippet:-1","max-image-preview":"max-image-preview:large","max-video-preview":"max-video-preview:-1"},"canonical":"https:\/\/unifsa.com.br\/site\/unifsa-realiza-17-edicao-da-semana-do-orgulho-de-ser\/","og_locale":"pt_BR","og_type":"article","og_title":"UNIFSA realiza 17\u00b0 edi\u00e7\u00e3o da Semana do Orgulho de Ser - Centro Universit\u00e1rio Santo Agostinho - UNIFSA","og_description":"O Centro Universit\u00e1rio Santo Agostinho realiza, de 29 a 31 de agosto, a programa\u00e7\u00e3o acad\u00eamica da&nbsp;17\u00b0 Semana do Orgulho de Ser:&nbsp;F\u00e9 na vida, f\u00e9 no que vir\u00e1, com certifica\u00e7\u00e3o de 30h, na Sala de Confer\u00eancia do Anexo II. No primeiro dia de atividades, diversos participantes e representantes se reuniram para dar in\u00edcio a uma s\u00e9rie","og_url":"https:\/\/unifsa.com.br\/site\/unifsa-realiza-17-edicao-da-semana-do-orgulho-de-ser\/","og_site_name":"Centro Universit\u00e1rio Santo Agostinho - UNIFSA","article_publisher":"https:\/\/www.facebook.com\/unifsa\/","article_published_time":"2023-08-30T12:37:13+00:00","article_modified_time":"2023-09-01T13:27:55+00:00","og_image":[{"width":1024,"height":576,"url":"https:\/\/unifsa.com.br\/site\/wp-content\/uploads\/2023\/08\/WhatsApp-Image-2023-08-30-at-09.36.29.jpeg","type":"image\/jpeg"}],"author":"Assessoria UNIFSA","twitter_card":"summary_large_image","twitter_misc":{"Escrito por":"Assessoria UNIFSA","Est. tempo de leitura":"8 minutos"},"schema":{"@context":"https:\/\/schema.org","@graph":[{"@type":"Article","@id":"https:\/\/unifsa.com.br\/site\/unifsa-realiza-17-edicao-da-semana-do-orgulho-de-ser\/#article","isPartOf":{"@id":"https:\/\/unifsa.com.br\/site\/unifsa-realiza-17-edicao-da-semana-do-orgulho-de-ser\/"},"author":{"name":"Assessoria UNIFSA","@id":"https:\/\/unifsa.com.br\/site\/#\/schema\/person\/551d7d1f1cd3f288057c5028fc404a18"},"headline":"UNIFSA realiza 17\u00b0 edi\u00e7\u00e3o da Semana do Orgulho de Ser","datePublished":"2023-08-30T12:37:13+00:00","dateModified":"2023-09-01T13:27:55+00:00","mainEntityOfPage":{"@id":"https:\/\/unifsa.com.br\/site\/unifsa-realiza-17-edicao-da-semana-do-orgulho-de-ser\/"},"wordCount":1187,"publisher":{"@id":"https:\/\/unifsa.com.br\/site\/#organization"},"image":{"@id":"https:\/\/unifsa.com.br\/site\/unifsa-realiza-17-edicao-da-semana-do-orgulho-de-ser\/#primaryimage"},"thumbnailUrl":"https:\/\/unifsa.com.br\/site\/wp-content\/uploads\/2023\/08\/WhatsApp-Image-2023-08-30-at-09.36.29.jpeg","articleSection":["Acontece na UNIFSA"],"inLanguage":"pt-BR"},{"@type":"WebPage","@id":"https:\/\/unifsa.com.br\/site\/unifsa-realiza-17-edicao-da-semana-do-orgulho-de-ser\/","url":"https:\/\/unifsa.com.br\/site\/unifsa-realiza-17-edicao-da-semana-do-orgulho-de-ser\/","name":"UNIFSA realiza 17\u00b0 edi\u00e7\u00e3o da Semana do Orgulho de Ser - Centro Universit\u00e1rio Santo Agostinho - UNIFSA","isPartOf":{"@id":"https:\/\/unifsa.com.br\/site\/#website"},"primaryImageOfPage":{"@id":"https:\/\/unifsa.com.br\/site\/unifsa-realiza-17-edicao-da-semana-do-orgulho-de-ser\/#primaryimage"},"image":{"@id":"https:\/\/unifsa.com.br\/site\/unifsa-realiza-17-edicao-da-semana-do-orgulho-de-ser\/#primaryimage"},"thumbnailUrl":"https:\/\/unifsa.com.br\/site\/wp-content\/uploads\/2023\/08\/WhatsApp-Image-2023-08-30-at-09.36.29.jpeg","datePublished":"2023-08-30T12:37:13+00:00","dateModified":"2023-09-01T13:27:55+00:00","breadcrumb":{"@id":"https:\/\/unifsa.com.br\/site\/unifsa-realiza-17-edicao-da-semana-do-orgulho-de-ser\/#breadcrumb"},"inLanguage":"pt-BR","potentialAction":[{"@type":"ReadAction","target":["https:\/\/unifsa.com.br\/site\/unifsa-realiza-17-edicao-da-semana-do-orgulho-de-ser\/"]}]},{"@type":"ImageObject","inLanguage":"pt-BR","@id":"https:\/\/unifsa.com.br\/site\/unifsa-realiza-17-edicao-da-semana-do-orgulho-de-ser\/#primaryimage","url":"https:\/\/unifsa.com.br\/site\/wp-content\/uploads\/2023\/08\/WhatsApp-Image-2023-08-30-at-09.36.29.jpeg","contentUrl":"https:\/\/unifsa.com.br\/site\/wp-content\/uploads\/2023\/08\/WhatsApp-Image-2023-08-30-at-09.36.29.jpeg","width":1024,"height":576},{"@type":"BreadcrumbList","@id":"https:\/\/unifsa.com.br\/site\/unifsa-realiza-17-edicao-da-semana-do-orgulho-de-ser\/#breadcrumb","itemListElement":[{"@type":"ListItem","position":1,"name":"In\u00edcio","item":"https:\/\/unifsa.com.br\/site\/"},{"@type":"ListItem","position":2,"name":"UNIFSA realiza 17\u00b0 edi\u00e7\u00e3o da Semana do Orgulho de Ser"}]},{"@type":"WebSite","@id":"https:\/\/unifsa.com.br\/site\/#website","url":"https:\/\/unifsa.com.br\/site\/","name":"Centro Universit\u00e1rio Santo Agostinho - UNIFSA","description":"Conhecimento para toda a vida","publisher":{"@id":"https:\/\/unifsa.com.br\/site\/#organization"},"potentialAction":[{"@type":"SearchAction","target":{"@type":"EntryPoint","urlTemplate":"https:\/\/unifsa.com.br\/site\/?s={search_term_string}"},"query-input":{"@type":"PropertyValueSpecification","valueRequired":true,"valueName":"search_term_string"}}],"inLanguage":"pt-BR"},{"@type":"Organization","@id":"https:\/\/unifsa.com.br\/site\/#organization","name":"Centro Universit\u00e1rio Santo Agostinho - UNIFSA","url":"https:\/\/unifsa.com.br\/site\/","logo":{"@type":"ImageObject","inLanguage":"pt-BR","@id":"https:\/\/unifsa.com.br\/site\/#\/schema\/logo\/image\/","url":"https:\/\/unifsa.com.br\/site\/wp-content\/uploads\/2023\/03\/MARCA-UNIFSA-CIC23-q2apjs1mt975cf1wl25b044coj90fwoiee1kya6800.png","contentUrl":"https:\/\/unifsa.com.br\/site\/wp-content\/uploads\/2023\/03\/MARCA-UNIFSA-CIC23-q2apjs1mt975cf1wl25b044coj90fwoiee1kya6800.png","width":103,"height":100,"caption":"Centro Universit\u00e1rio Santo Agostinho - UNIFSA"},"image":{"@id":"https:\/\/unifsa.com.br\/site\/#\/schema\/logo\/image\/"},"sameAs":["https:\/\/www.facebook.com\/unifsa\/","https:\/\/www.instagram.com\/unifsa\/"]},{"@type":"Person","@id":"https:\/\/unifsa.com.br\/site\/#\/schema\/person\/551d7d1f1cd3f288057c5028fc404a18","name":"Assessoria UNIFSA","image":{"@type":"ImageObject","inLanguage":"pt-BR","@id":"https:\/\/unifsa.com.br\/site\/#\/schema\/person\/image\/","url":"https:\/\/secure.gravatar.com\/avatar\/6a631991e4af344430e4f0c5fcc3a220482c78e6a883ad6b80a34c55d1ada357?s=96&d=mm&r=g","contentUrl":"https:\/\/secure.gravatar.com\/avatar\/6a631991e4af344430e4f0c5fcc3a220482c78e6a883ad6b80a34c55d1ada357?s=96&d=mm&r=g","caption":"Assessoria UNIFSA"},"url":"https:\/\/unifsa.com.br\/site\/author\/assessoria\/"}]}},"_links":{"self":[{"href":"https:\/\/unifsa.com.br\/site\/wp-json\/wp\/v2\/posts\/24837","targetHints":{"allow":["GET"]}}],"collection":[{"href":"https:\/\/unifsa.com.br\/site\/wp-json\/wp\/v2\/posts"}],"about":[{"href":"https:\/\/unifsa.com.br\/site\/wp-json\/wp\/v2\/types\/post"}],"author":[{"embeddable":true,"href":"https:\/\/unifsa.com.br\/site\/wp-json\/wp\/v2\/users\/2"}],"replies":[{"embeddable":true,"href":"https:\/\/unifsa.com.br\/site\/wp-json\/wp\/v2\/comments?post=24837"}],"version-history":[{"count":8,"href":"https:\/\/unifsa.com.br\/site\/wp-json\/wp\/v2\/posts\/24837\/revisions"}],"predecessor-version":[{"id":24991,"href":"https:\/\/unifsa.com.br\/site\/wp-json\/wp\/v2\/posts\/24837\/revisions\/24991"}],"wp:featuredmedia":[{"embeddable":true,"href":"https:\/\/unifsa.com.br\/site\/wp-json\/wp\/v2\/media\/24849"}],"wp:attachment":[{"href":"https:\/\/unifsa.com.br\/site\/wp-json\/wp\/v2\/media?parent=24837"}],"wp:term":[{"taxonomy":"category","embeddable":true,"href":"https:\/\/unifsa.com.br\/site\/wp-json\/wp\/v2\/categories?post=24837"},{"taxonomy":"post_tag","embeddable":true,"href":"https:\/\/unifsa.com.br\/site\/wp-json\/wp\/v2\/tags?post=24837"}],"curies":[{"name":"wp","href":"https:\/\/api.w.org\/{rel}","templated":true}]}}