{"id":23822,"date":"2023-08-11T11:09:07","date_gmt":"2023-08-11T14:09:07","guid":{"rendered":"https:\/\/unifsa.com.br\/site\/?p=23822"},"modified":"2023-08-11T11:51:46","modified_gmt":"2023-08-11T14:51:46","slug":"crefito-14-e-parceiro-do-i-congresso-ciencia-e-sociedade","status":"publish","type":"post","link":"https:\/\/unifsa.com.br\/site\/crefito-14-e-parceiro-do-i-congresso-ciencia-e-sociedade\/","title":{"rendered":"CREFITO 14 \u00e9 parceiro oficial do I CICS"},"content":{"rendered":"\n<p class=\"texto-justificado\">O Conselho Regional de Fisioterapia e Terapia Ocupacional da 14\u00aa regi\u00e3o (CREFITO 14) \u00e9 oficialmente parceiro do I Congresso Internacional Ci\u00eancia e Sociedade (CICS), que ocorrer\u00e1 de 04 a 07 de outubro, que busca de aproximar a sociedade das pr\u00e1ticas cient\u00edficas contempor\u00e2neas.<\/p>\n\n\n\n<div class=\"wp-block-buttons is-content-justification-center is-layout-flex wp-container-core-buttons-is-layout-1 wp-block-buttons-is-layout-flex\">\n<div class=\"wp-block-button\"><a class=\"wp-block-button__link has-white-color has-vivid-cyan-blue-background-color has-text-color has-background wp-element-button\" href=\"https:\/\/accounts.galoa.com.br\/br\/realm\/cics-2023\/login?destination=oauth2\/authorize&amp;origin=eventdashboard\">Inscreva-se<\/a><\/div>\n<\/div>\n\n\n\n<p class=\"texto-justificado\">O CREFITO 14 \u00e9 o Conselho de Profissionais de Fisioterapia e Terapia Ocupacional do Estado do Piau\u00ed. Ele atua regulando, orientando e fiscalizando o exerc\u00edcio profissional de fisioterapeutas e terapeutas ocupacionais, e exerce o controle \u00e9tico-social da Fisioterapia e da Terapia Ocupacional, protegendo a sociedade contra o exerc\u00edcio ilegal e\/ou irrespons\u00e1vel dessas profiss\u00f5es.<\/p>\n\n\n\n<p>Cabe a este Conselho:<\/p>\n\n\n\n<ol class=\"wp-block-list\">\n<li class=\"texto-justificado\">expedir registros profissionais;<\/li>\n\n\n\n<li class=\"texto-justificado\">arrecadar anuidades, multas e emolumentos;<\/li>\n\n\n\n<li class=\"texto-justificado\">julgar infra\u00e7\u00f5es e aplicar penalidades previstas pela legisla\u00e7\u00e3o brasileira.<\/li>\n<\/ol>\n\n\n<div class=\"wp-block-image\">\n<figure class=\"alignright size-large is-resized\"><img fetchpriority=\"high\" decoding=\"async\" src=\"https:\/\/unifsa.com.br\/site\/wp-content\/uploads\/2023\/08\/presidentes-parceiros-cics-2-724x1024.png\" alt=\"\" class=\"wp-image-23825\" width=\"208\" height=\"294\" srcset=\"https:\/\/unifsa.com.br\/site\/wp-content\/uploads\/2023\/08\/presidentes-parceiros-cics-2-724x1024.png 724w, https:\/\/unifsa.com.br\/site\/wp-content\/uploads\/2023\/08\/presidentes-parceiros-cics-2-212x300.png 212w, https:\/\/unifsa.com.br\/site\/wp-content\/uploads\/2023\/08\/presidentes-parceiros-cics-2-768x1086.png 768w, https:\/\/unifsa.com.br\/site\/wp-content\/uploads\/2023\/08\/presidentes-parceiros-cics-2-1086x1536.png 1086w, https:\/\/unifsa.com.br\/site\/wp-content\/uploads\/2023\/08\/presidentes-parceiros-cics-2.png 1414w\" sizes=\"(max-width: 208px) 100vw, 208px\" \/><\/figure><\/div>\n\n\n<p class=\"texto-justificado\">O presidente do conselho no estado, Rodrigo Amorim, afirma que \u00e9 de extrema import\u00e2ncia institui\u00e7\u00f5es como o CREFITO 14 irem al\u00e9m dessas obriga\u00e7\u00f5es habituais, apoiando eventos cient\u00edficos como o CICS, pois esses encontros contribuem para a forma\u00e7\u00e3o de profissionais com mais excel\u00eancia.<\/p>\n\n\n\n<blockquote class=\"wp-block-quote is-layout-flow wp-block-quote-is-layout-flow\">\n<p class=\"texto-justificado\">O Crefito sempre tem buscado apoiar eventos que fomentem as atividades cient\u00edficas para que as pr\u00e1ticas relacionadas \u00e0 fisioterapia e terapia ocupacional sejam baseadas em evid\u00eancias. Eventos dessa magnitude proporcionam atualiza\u00e7\u00f5es e inova\u00e7\u00f5es, [&#8230;] atualizando com qualidade em evid\u00eancias nacionais e internacionais , ajudando os profissionais na escolha da melhor conduta terap\u00eautica com humaniza\u00e7\u00e3o, \u00e9tica e, assim, uma melhor assist\u00eancia \u00e0 sociedade, afirma o presidente do deste Conselho.<\/p>\n<cite>Rodrigo Amorim Oliveira Nunes, presidente do CREFITO 14<\/cite><\/blockquote>\n\n\n\n<p class=\"texto-justificado\">Afirmando esse discurso, o CREFITO est\u00e1 envolvido de forma direta com o I CICS, sendo um dos parceiros desse relevante evento internacional. Al\u00e9m disso, palestrantes renomados integrantes do conselho atuar\u00e3o em mesas e grupos tem\u00e1ticos.<\/p>\n\n\n\n<div class=\"wp-block-buttons is-content-justification-center is-layout-flex wp-container-core-buttons-is-layout-2 wp-block-buttons-is-layout-flex\">\n<div class=\"wp-block-button\"><a class=\"wp-block-button__link has-white-color has-vivid-cyan-blue-background-color has-text-color has-background wp-element-button\" href=\"https:\/\/unifsa.com.br\/cics2023\/grupos-tematicos\/\">Confira os GTs dispon\u00edveis no I CICS<\/a><\/div>\n<\/div>\n\n\n\n<p class=\"texto-justificado\">Os GTs s\u00e3o espa\u00e7os de interlocu\u00e7\u00e3o, destinados a reunir pesquisadores com interesses acad\u00eamicos em comum. Nesses espa\u00e7os, pesquisadores de diferentes campos do conhecimento debater\u00e3o pesquisas em uma perspectiva multidisciplinar, o que ir\u00e1 contribuir para fomentar novos estudos e para a amplia\u00e7\u00e3o de networking acad\u00eamico.<\/p>\n\n\n\n<h3 class=\"wp-block-heading has-vivid-cyan-blue-color has-text-color\">Contatos &#8211; CREFITO 14<\/h3>\n\n\n\n<figure class=\"wp-block-image size-large\"><img decoding=\"async\" width=\"1024\" height=\"219\" src=\"https:\/\/unifsa.com.br\/site\/wp-content\/uploads\/2023\/08\/parceiros-cics-3-1024x219.png\" alt=\"\" class=\"wp-image-23824\" srcset=\"https:\/\/unifsa.com.br\/site\/wp-content\/uploads\/2023\/08\/parceiros-cics-3-1024x219.png 1024w, https:\/\/unifsa.com.br\/site\/wp-content\/uploads\/2023\/08\/parceiros-cics-3-300x64.png 300w, https:\/\/unifsa.com.br\/site\/wp-content\/uploads\/2023\/08\/parceiros-cics-3-768x164.png 768w, https:\/\/unifsa.com.br\/site\/wp-content\/uploads\/2023\/08\/parceiros-cics-3-1536x329.png 1536w, https:\/\/unifsa.com.br\/site\/wp-content\/uploads\/2023\/08\/parceiros-cics-3.png 1920w\" sizes=\"(max-width: 1024px) 100vw, 1024px\" \/><\/figure>\n","protected":false},"excerpt":{"rendered":"<p>O Conselho Regional de Fisioterapia e Terapia Ocupacional da 14\u00aa regi\u00e3o (CREFITO 14) \u00e9 oficialmente parceiro do I Congresso Internacional Ci\u00eancia e Sociedade (CICS), que ocorrer\u00e1 de 04 a 07 de outubro, que busca de aproximar a sociedade das pr\u00e1ticas cient\u00edficas contempor\u00e2neas. O CREFITO 14 \u00e9 o Conselho de Profissionais de Fisioterapia e Terapia Ocupacional<\/p>\n","protected":false},"author":1,"featured_media":23828,"comment_status":"closed","ping_status":"open","sticky":false,"template":"","format":"standard","meta":{"_acf_changed":false,"footnotes":""},"categories":[6,1191,61],"tags":[1293,1292,149,1188,1197,1294],"class_list":["post-23822","post","type-post","status-publish","format-standard","has-post-thumbnail","hentry","category-acontece-na-unifsa","category-cics-2023","category-fisioterapia","tag-conselho-regional-de-fisioterapia-e-terapia-ocupacional","tag-crefito-14","tag-fisioterapia","tag-i-cics","tag-i-congresso-internacional-ciencia-e-sociedade","tag-terapia-ocupacional"],"acf":[],"yoast_head":"<!-- This site is optimized with the Yoast SEO plugin v26.5 - https:\/\/yoast.com\/wordpress\/plugins\/seo\/ -->\n<title>CREFITO 14 \u00e9 parceiro oficial do I CICS - Centro Universit\u00e1rio Santo Agostinho - UNIFSA<\/title>\n<meta name=\"robots\" content=\"index, follow, max-snippet:-1, max-image-preview:large, max-video-preview:-1\" \/>\n<link rel=\"canonical\" href=\"https:\/\/unifsa.com.br\/site\/crefito-14-e-parceiro-do-i-congresso-ciencia-e-sociedade\/\" \/>\n<meta property=\"og:locale\" content=\"pt_BR\" \/>\n<meta property=\"og:type\" content=\"article\" \/>\n<meta property=\"og:title\" content=\"CREFITO 14 \u00e9 parceiro oficial do I CICS - Centro Universit\u00e1rio Santo Agostinho - UNIFSA\" \/>\n<meta property=\"og:description\" content=\"O Conselho Regional de Fisioterapia e Terapia Ocupacional da 14\u00aa regi\u00e3o (CREFITO 14) \u00e9 oficialmente parceiro do I Congresso Internacional Ci\u00eancia e Sociedade (CICS), que ocorrer\u00e1 de 04 a 07 de outubro, que busca de aproximar a sociedade das pr\u00e1ticas cient\u00edficas contempor\u00e2neas. O CREFITO 14 \u00e9 o Conselho de Profissionais de Fisioterapia e Terapia Ocupacional\" \/>\n<meta property=\"og:url\" content=\"https:\/\/unifsa.com.br\/site\/crefito-14-e-parceiro-do-i-congresso-ciencia-e-sociedade\/\" \/>\n<meta property=\"og:site_name\" content=\"Centro Universit\u00e1rio Santo Agostinho - UNIFSA\" \/>\n<meta property=\"article:publisher\" content=\"https:\/\/www.facebook.com\/unifsa\/\" \/>\n<meta property=\"article:published_time\" content=\"2023-08-11T14:09:07+00:00\" \/>\n<meta property=\"article:modified_time\" content=\"2023-08-11T14:51:46+00:00\" \/>\n<meta property=\"og:image\" content=\"https:\/\/unifsa.com.br\/site\/wp-content\/uploads\/2023\/08\/SITE-PARCEIRO-3.png\" \/>\n\t<meta property=\"og:image:width\" content=\"1005\" \/>\n\t<meta property=\"og:image:height\" content=\"426\" \/>\n\t<meta property=\"og:image:type\" content=\"image\/png\" \/>\n<meta name=\"author\" content=\"UNIFSA\" \/>\n<meta name=\"twitter:card\" content=\"summary_large_image\" \/>\n<meta name=\"twitter:label1\" content=\"Escrito por\" \/>\n\t<meta name=\"twitter:data1\" content=\"UNIFSA\" \/>\n\t<meta name=\"twitter:label2\" content=\"Est. tempo de leitura\" \/>\n\t<meta name=\"twitter:data2\" content=\"2 minutos\" \/>\n<script type=\"application\/ld+json\" class=\"yoast-schema-graph\">{\"@context\":\"https:\/\/schema.org\",\"@graph\":[{\"@type\":\"Article\",\"@id\":\"https:\/\/unifsa.com.br\/site\/crefito-14-e-parceiro-do-i-congresso-ciencia-e-sociedade\/#article\",\"isPartOf\":{\"@id\":\"https:\/\/unifsa.com.br\/site\/crefito-14-e-parceiro-do-i-congresso-ciencia-e-sociedade\/\"},\"author\":{\"name\":\"UNIFSA\",\"@id\":\"https:\/\/unifsa.com.br\/site\/#\/schema\/person\/6f5e8438b96168f9894cb9fe5816660f\"},\"headline\":\"CREFITO 14 \u00e9 parceiro oficial do I CICS\",\"datePublished\":\"2023-08-11T14:09:07+00:00\",\"dateModified\":\"2023-08-11T14:51:46+00:00\",\"mainEntityOfPage\":{\"@id\":\"https:\/\/unifsa.com.br\/site\/crefito-14-e-parceiro-do-i-congresso-ciencia-e-sociedade\/\"},\"wordCount\":356,\"publisher\":{\"@id\":\"https:\/\/unifsa.com.br\/site\/#organization\"},\"image\":{\"@id\":\"https:\/\/unifsa.com.br\/site\/crefito-14-e-parceiro-do-i-congresso-ciencia-e-sociedade\/#primaryimage\"},\"thumbnailUrl\":\"https:\/\/unifsa.com.br\/site\/wp-content\/uploads\/2023\/08\/SITE-PARCEIRO-3.png\",\"keywords\":[\"Conselho Regional de Fisioterapia e Terapia Ocupacional\",\"CREFITO 14\",\"Fisioterapia\",\"I CICS\",\"I Congresso Internacional Ci\u00eancia e Sociedade\",\"Terapia Ocupacional\"],\"articleSection\":[\"Acontece na UNIFSA\",\"CICS 2023\",\"Fisioterapia\"],\"inLanguage\":\"pt-BR\"},{\"@type\":\"WebPage\",\"@id\":\"https:\/\/unifsa.com.br\/site\/crefito-14-e-parceiro-do-i-congresso-ciencia-e-sociedade\/\",\"url\":\"https:\/\/unifsa.com.br\/site\/crefito-14-e-parceiro-do-i-congresso-ciencia-e-sociedade\/\",\"name\":\"CREFITO 14 \u00e9 parceiro oficial do I CICS - Centro Universit\u00e1rio Santo Agostinho - UNIFSA\",\"isPartOf\":{\"@id\":\"https:\/\/unifsa.com.br\/site\/#website\"},\"primaryImageOfPage\":{\"@id\":\"https:\/\/unifsa.com.br\/site\/crefito-14-e-parceiro-do-i-congresso-ciencia-e-sociedade\/#primaryimage\"},\"image\":{\"@id\":\"https:\/\/unifsa.com.br\/site\/crefito-14-e-parceiro-do-i-congresso-ciencia-e-sociedade\/#primaryimage\"},\"thumbnailUrl\":\"https:\/\/unifsa.com.br\/site\/wp-content\/uploads\/2023\/08\/SITE-PARCEIRO-3.png\",\"datePublished\":\"2023-08-11T14:09:07+00:00\",\"dateModified\":\"2023-08-11T14:51:46+00:00\",\"breadcrumb\":{\"@id\":\"https:\/\/unifsa.com.br\/site\/crefito-14-e-parceiro-do-i-congresso-ciencia-e-sociedade\/#breadcrumb\"},\"inLanguage\":\"pt-BR\",\"potentialAction\":[{\"@type\":\"ReadAction\",\"target\":[\"https:\/\/unifsa.com.br\/site\/crefito-14-e-parceiro-do-i-congresso-ciencia-e-sociedade\/\"]}]},{\"@type\":\"ImageObject\",\"inLanguage\":\"pt-BR\",\"@id\":\"https:\/\/unifsa.com.br\/site\/crefito-14-e-parceiro-do-i-congresso-ciencia-e-sociedade\/#primaryimage\",\"url\":\"https:\/\/unifsa.com.br\/site\/wp-content\/uploads\/2023\/08\/SITE-PARCEIRO-3.png\",\"contentUrl\":\"https:\/\/unifsa.com.br\/site\/wp-content\/uploads\/2023\/08\/SITE-PARCEIRO-3.png\",\"width\":1005,\"height\":426},{\"@type\":\"BreadcrumbList\",\"@id\":\"https:\/\/unifsa.com.br\/site\/crefito-14-e-parceiro-do-i-congresso-ciencia-e-sociedade\/#breadcrumb\",\"itemListElement\":[{\"@type\":\"ListItem\",\"position\":1,\"name\":\"In\u00edcio\",\"item\":\"https:\/\/unifsa.com.br\/site\/\"},{\"@type\":\"ListItem\",\"position\":2,\"name\":\"CREFITO 14 \u00e9 parceiro oficial do I CICS\"}]},{\"@type\":\"WebSite\",\"@id\":\"https:\/\/unifsa.com.br\/site\/#website\",\"url\":\"https:\/\/unifsa.com.br\/site\/\",\"name\":\"Centro Universit\u00e1rio Santo Agostinho - UNIFSA\",\"description\":\"Conhecimento para toda a vida\",\"publisher\":{\"@id\":\"https:\/\/unifsa.com.br\/site\/#organization\"},\"potentialAction\":[{\"@type\":\"SearchAction\",\"target\":{\"@type\":\"EntryPoint\",\"urlTemplate\":\"https:\/\/unifsa.com.br\/site\/?s={search_term_string}\"},\"query-input\":{\"@type\":\"PropertyValueSpecification\",\"valueRequired\":true,\"valueName\":\"search_term_string\"}}],\"inLanguage\":\"pt-BR\"},{\"@type\":\"Organization\",\"@id\":\"https:\/\/unifsa.com.br\/site\/#organization\",\"name\":\"Centro Universit\u00e1rio Santo Agostinho - UNIFSA\",\"url\":\"https:\/\/unifsa.com.br\/site\/\",\"logo\":{\"@type\":\"ImageObject\",\"inLanguage\":\"pt-BR\",\"@id\":\"https:\/\/unifsa.com.br\/site\/#\/schema\/logo\/image\/\",\"url\":\"https:\/\/unifsa.com.br\/site\/wp-content\/uploads\/2023\/03\/MARCA-UNIFSA-CIC23-q2apjs1mt975cf1wl25b044coj90fwoiee1kya6800.png\",\"contentUrl\":\"https:\/\/unifsa.com.br\/site\/wp-content\/uploads\/2023\/03\/MARCA-UNIFSA-CIC23-q2apjs1mt975cf1wl25b044coj90fwoiee1kya6800.png\",\"width\":103,\"height\":100,\"caption\":\"Centro Universit\u00e1rio Santo Agostinho - UNIFSA\"},\"image\":{\"@id\":\"https:\/\/unifsa.com.br\/site\/#\/schema\/logo\/image\/\"},\"sameAs\":[\"https:\/\/www.facebook.com\/unifsa\/\",\"https:\/\/www.instagram.com\/unifsa\/\"]},{\"@type\":\"Person\",\"@id\":\"https:\/\/unifsa.com.br\/site\/#\/schema\/person\/6f5e8438b96168f9894cb9fe5816660f\",\"name\":\"UNIFSA\",\"image\":{\"@type\":\"ImageObject\",\"inLanguage\":\"pt-BR\",\"@id\":\"https:\/\/unifsa.com.br\/site\/#\/schema\/person\/image\/\",\"url\":\"https:\/\/secure.gravatar.com\/avatar\/c2f518fc26b206a3a53b2d8acc61ffe5?s=96&d=mm&r=g\",\"contentUrl\":\"https:\/\/secure.gravatar.com\/avatar\/c2f518fc26b206a3a53b2d8acc61ffe5?s=96&d=mm&r=g\",\"caption\":\"UNIFSA\"},\"url\":\"https:\/\/unifsa.com.br\/site\/author\/rogerbezerra\/\"}]}<\/script>\n<!-- \/ Yoast SEO plugin. -->","yoast_head_json":{"title":"CREFITO 14 \u00e9 parceiro oficial do I CICS - Centro Universit\u00e1rio Santo Agostinho - UNIFSA","robots":{"index":"index","follow":"follow","max-snippet":"max-snippet:-1","max-image-preview":"max-image-preview:large","max-video-preview":"max-video-preview:-1"},"canonical":"https:\/\/unifsa.com.br\/site\/crefito-14-e-parceiro-do-i-congresso-ciencia-e-sociedade\/","og_locale":"pt_BR","og_type":"article","og_title":"CREFITO 14 \u00e9 parceiro oficial do I CICS - Centro Universit\u00e1rio Santo Agostinho - UNIFSA","og_description":"O Conselho Regional de Fisioterapia e Terapia Ocupacional da 14\u00aa regi\u00e3o (CREFITO 14) \u00e9 oficialmente parceiro do I Congresso Internacional Ci\u00eancia e Sociedade (CICS), que ocorrer\u00e1 de 04 a 07 de outubro, que busca de aproximar a sociedade das pr\u00e1ticas cient\u00edficas contempor\u00e2neas. O CREFITO 14 \u00e9 o Conselho de Profissionais de Fisioterapia e Terapia Ocupacional","og_url":"https:\/\/unifsa.com.br\/site\/crefito-14-e-parceiro-do-i-congresso-ciencia-e-sociedade\/","og_site_name":"Centro Universit\u00e1rio Santo Agostinho - UNIFSA","article_publisher":"https:\/\/www.facebook.com\/unifsa\/","article_published_time":"2023-08-11T14:09:07+00:00","article_modified_time":"2023-08-11T14:51:46+00:00","og_image":[{"width":1005,"height":426,"url":"https:\/\/unifsa.com.br\/site\/wp-content\/uploads\/2023\/08\/SITE-PARCEIRO-3.png","type":"image\/png"}],"author":"UNIFSA","twitter_card":"summary_large_image","twitter_misc":{"Escrito por":"UNIFSA","Est. tempo de leitura":"2 minutos"},"schema":{"@context":"https:\/\/schema.org","@graph":[{"@type":"Article","@id":"https:\/\/unifsa.com.br\/site\/crefito-14-e-parceiro-do-i-congresso-ciencia-e-sociedade\/#article","isPartOf":{"@id":"https:\/\/unifsa.com.br\/site\/crefito-14-e-parceiro-do-i-congresso-ciencia-e-sociedade\/"},"author":{"name":"UNIFSA","@id":"https:\/\/unifsa.com.br\/site\/#\/schema\/person\/6f5e8438b96168f9894cb9fe5816660f"},"headline":"CREFITO 14 \u00e9 parceiro oficial do I CICS","datePublished":"2023-08-11T14:09:07+00:00","dateModified":"2023-08-11T14:51:46+00:00","mainEntityOfPage":{"@id":"https:\/\/unifsa.com.br\/site\/crefito-14-e-parceiro-do-i-congresso-ciencia-e-sociedade\/"},"wordCount":356,"publisher":{"@id":"https:\/\/unifsa.com.br\/site\/#organization"},"image":{"@id":"https:\/\/unifsa.com.br\/site\/crefito-14-e-parceiro-do-i-congresso-ciencia-e-sociedade\/#primaryimage"},"thumbnailUrl":"https:\/\/unifsa.com.br\/site\/wp-content\/uploads\/2023\/08\/SITE-PARCEIRO-3.png","keywords":["Conselho Regional de Fisioterapia e Terapia Ocupacional","CREFITO 14","Fisioterapia","I CICS","I Congresso Internacional Ci\u00eancia e Sociedade","Terapia Ocupacional"],"articleSection":["Acontece na UNIFSA","CICS 2023","Fisioterapia"],"inLanguage":"pt-BR"},{"@type":"WebPage","@id":"https:\/\/unifsa.com.br\/site\/crefito-14-e-parceiro-do-i-congresso-ciencia-e-sociedade\/","url":"https:\/\/unifsa.com.br\/site\/crefito-14-e-parceiro-do-i-congresso-ciencia-e-sociedade\/","name":"CREFITO 14 \u00e9 parceiro oficial do I CICS - Centro Universit\u00e1rio Santo Agostinho - UNIFSA","isPartOf":{"@id":"https:\/\/unifsa.com.br\/site\/#website"},"primaryImageOfPage":{"@id":"https:\/\/unifsa.com.br\/site\/crefito-14-e-parceiro-do-i-congresso-ciencia-e-sociedade\/#primaryimage"},"image":{"@id":"https:\/\/unifsa.com.br\/site\/crefito-14-e-parceiro-do-i-congresso-ciencia-e-sociedade\/#primaryimage"},"thumbnailUrl":"https:\/\/unifsa.com.br\/site\/wp-content\/uploads\/2023\/08\/SITE-PARCEIRO-3.png","datePublished":"2023-08-11T14:09:07+00:00","dateModified":"2023-08-11T14:51:46+00:00","breadcrumb":{"@id":"https:\/\/unifsa.com.br\/site\/crefito-14-e-parceiro-do-i-congresso-ciencia-e-sociedade\/#breadcrumb"},"inLanguage":"pt-BR","potentialAction":[{"@type":"ReadAction","target":["https:\/\/unifsa.com.br\/site\/crefito-14-e-parceiro-do-i-congresso-ciencia-e-sociedade\/"]}]},{"@type":"ImageObject","inLanguage":"pt-BR","@id":"https:\/\/unifsa.com.br\/site\/crefito-14-e-parceiro-do-i-congresso-ciencia-e-sociedade\/#primaryimage","url":"https:\/\/unifsa.com.br\/site\/wp-content\/uploads\/2023\/08\/SITE-PARCEIRO-3.png","contentUrl":"https:\/\/unifsa.com.br\/site\/wp-content\/uploads\/2023\/08\/SITE-PARCEIRO-3.png","width":1005,"height":426},{"@type":"BreadcrumbList","@id":"https:\/\/unifsa.com.br\/site\/crefito-14-e-parceiro-do-i-congresso-ciencia-e-sociedade\/#breadcrumb","itemListElement":[{"@type":"ListItem","position":1,"name":"In\u00edcio","item":"https:\/\/unifsa.com.br\/site\/"},{"@type":"ListItem","position":2,"name":"CREFITO 14 \u00e9 parceiro oficial do I CICS"}]},{"@type":"WebSite","@id":"https:\/\/unifsa.com.br\/site\/#website","url":"https:\/\/unifsa.com.br\/site\/","name":"Centro Universit\u00e1rio Santo Agostinho - UNIFSA","description":"Conhecimento para toda a vida","publisher":{"@id":"https:\/\/unifsa.com.br\/site\/#organization"},"potentialAction":[{"@type":"SearchAction","target":{"@type":"EntryPoint","urlTemplate":"https:\/\/unifsa.com.br\/site\/?s={search_term_string}"},"query-input":{"@type":"PropertyValueSpecification","valueRequired":true,"valueName":"search_term_string"}}],"inLanguage":"pt-BR"},{"@type":"Organization","@id":"https:\/\/unifsa.com.br\/site\/#organization","name":"Centro Universit\u00e1rio Santo Agostinho - UNIFSA","url":"https:\/\/unifsa.com.br\/site\/","logo":{"@type":"ImageObject","inLanguage":"pt-BR","@id":"https:\/\/unifsa.com.br\/site\/#\/schema\/logo\/image\/","url":"https:\/\/unifsa.com.br\/site\/wp-content\/uploads\/2023\/03\/MARCA-UNIFSA-CIC23-q2apjs1mt975cf1wl25b044coj90fwoiee1kya6800.png","contentUrl":"https:\/\/unifsa.com.br\/site\/wp-content\/uploads\/2023\/03\/MARCA-UNIFSA-CIC23-q2apjs1mt975cf1wl25b044coj90fwoiee1kya6800.png","width":103,"height":100,"caption":"Centro Universit\u00e1rio Santo Agostinho - UNIFSA"},"image":{"@id":"https:\/\/unifsa.com.br\/site\/#\/schema\/logo\/image\/"},"sameAs":["https:\/\/www.facebook.com\/unifsa\/","https:\/\/www.instagram.com\/unifsa\/"]},{"@type":"Person","@id":"https:\/\/unifsa.com.br\/site\/#\/schema\/person\/6f5e8438b96168f9894cb9fe5816660f","name":"UNIFSA","image":{"@type":"ImageObject","inLanguage":"pt-BR","@id":"https:\/\/unifsa.com.br\/site\/#\/schema\/person\/image\/","url":"https:\/\/secure.gravatar.com\/avatar\/c2f518fc26b206a3a53b2d8acc61ffe5?s=96&d=mm&r=g","contentUrl":"https:\/\/secure.gravatar.com\/avatar\/c2f518fc26b206a3a53b2d8acc61ffe5?s=96&d=mm&r=g","caption":"UNIFSA"},"url":"https:\/\/unifsa.com.br\/site\/author\/rogerbezerra\/"}]}},"_links":{"self":[{"href":"https:\/\/unifsa.com.br\/site\/wp-json\/wp\/v2\/posts\/23822","targetHints":{"allow":["GET"]}}],"collection":[{"href":"https:\/\/unifsa.com.br\/site\/wp-json\/wp\/v2\/posts"}],"about":[{"href":"https:\/\/unifsa.com.br\/site\/wp-json\/wp\/v2\/types\/post"}],"author":[{"embeddable":true,"href":"https:\/\/unifsa.com.br\/site\/wp-json\/wp\/v2\/users\/1"}],"replies":[{"embeddable":true,"href":"https:\/\/unifsa.com.br\/site\/wp-json\/wp\/v2\/comments?post=23822"}],"version-history":[{"count":7,"href":"https:\/\/unifsa.com.br\/site\/wp-json\/wp\/v2\/posts\/23822\/revisions"}],"predecessor-version":[{"id":23852,"href":"https:\/\/unifsa.com.br\/site\/wp-json\/wp\/v2\/posts\/23822\/revisions\/23852"}],"wp:featuredmedia":[{"embeddable":true,"href":"https:\/\/unifsa.com.br\/site\/wp-json\/wp\/v2\/media\/23828"}],"wp:attachment":[{"href":"https:\/\/unifsa.com.br\/site\/wp-json\/wp\/v2\/media?parent=23822"}],"wp:term":[{"taxonomy":"category","embeddable":true,"href":"https:\/\/unifsa.com.br\/site\/wp-json\/wp\/v2\/categories?post=23822"},{"taxonomy":"post_tag","embeddable":true,"href":"https:\/\/unifsa.com.br\/site\/wp-json\/wp\/v2\/tags?post=23822"}],"curies":[{"name":"wp","href":"https:\/\/api.w.org\/{rel}","templated":true}]}}