{"id":23605,"date":"2023-07-28T09:21:46","date_gmt":"2023-07-28T12:21:46","guid":{"rendered":"https:\/\/unifsa.com.br\/site\/?p=23605"},"modified":"2023-07-28T10:32:43","modified_gmt":"2023-07-28T13:32:43","slug":"prof-dr-francisco-jose-alencar-e-palestrante-confirmado-do-i-cics","status":"publish","type":"post","link":"https:\/\/unifsa.com.br\/site\/prof-dr-francisco-jose-alencar-e-palestrante-confirmado-do-i-cics\/","title":{"rendered":"Prof. Dr. Francisco Jos\u00e9 Alencar \u00e9 palestrante confirmado do I CICS"},"content":{"rendered":"\n<p class=\"texto-justificado\">Apresentamos com satisfa\u00e7\u00e3o mais um ilustre palestrante do I CICS! O Dr. Francisco Jos\u00e9 Alencar \u00e9 formado em medicina pela Universidade Federal do Piau\u00ed, realizando posteriormente sua resid\u00eancia m\u00e9dica em Neurocirurgia pela Santa Casa de Miseric\u00f3rdia de S\u00e3o Paulo. Especializado em Reabilita\u00e7\u00e3o pela Associa\u00e7\u00e3o de Assist\u00eancia \u00e0 Crian\u00e7a Deficiente (AACD-S\u00e3o Paulo) e neurocirurgia funcional e dor no Hospital das Cl\u00ednicas de S\u00e3o Paulo (SP), \u00e9 tamb\u00e9m mestre renomado em Rizotomia Dorsal Seletiva Cervical.<\/p>\n\n\n\n<p class=\"texto-justificado\">Ele j\u00e1 realizou mais de 140 cirurgias de rizotomia dorsal seletiva, e foi pioneiro na gest\u00e3o terap\u00eautica dos pacientes com espasticidade ao longo de todo ciclo de vida. Dr. Francisco t\u00eam ampla experi\u00eancia em sua \u00e1rea de atua\u00e7\u00e3o, com \u00eanfase em Neurocirurgia Pedi\u00e1trica, trabalhando principalmente com malforma\u00e7\u00f5es cong\u00eanitas, espasticidade, paralisia cerebral, rizotomia dorsal seletiva, neurorreabilita\u00e7\u00e3o, dor e dist\u00farbios do movimento.<\/p>\n\n\n\n<p class=\"texto-justificado\">O m\u00e9dico, que \u00e9 reconhecido internacionalmente no cuidado e tratamento da paralisia cerebral, tamb\u00e9m \u00e9 coordenador do servi\u00e7o de Neurocirurgia Pedi\u00e1trica do Hospital Infantil Luc\u00eddio Portella e do Hospital Get\u00falio Vargas, al\u00e9m de preceptor da Resid\u00eancia de Neurocirurgia do Hospital S\u00e3o Marcos, e atua na Cl\u00ednica Francisco Alencar. Possui ampla experi\u00eancia como injetor de medicamentos injet\u00e1veis no m\u00fasculo (TBA) para tratar espasticidade, sendo instrutor da t\u00e9cnica em renomadas institui\u00e7\u00f5es. Seus feitos o tornaram refer\u00eancia no meio m\u00e9dico, em entrevistas e palestras em congressos nacionais e internacionais.<\/p>\n\n\n\n<div class=\"wp-block-buttons is-content-justification-center is-layout-flex wp-container-core-buttons-is-layout-1 wp-block-buttons-is-layout-flex\">\n<div class=\"wp-block-button\"><a class=\"wp-block-button__link has-white-color has-vivid-cyan-blue-background-color has-text-color has-background wp-element-button\" href=\"https:\/\/accounts.galoa.com.br\/br\/realm\/cics-2023\/login?destination=oauth2\/authorize&amp;origin=eventdashboard\">Inscreva-se no I CICS<\/a><\/div>\n<\/div>\n","protected":false},"excerpt":{"rendered":"<p>Apresentamos com satisfa\u00e7\u00e3o mais um ilustre palestrante do I CICS! O Dr. Francisco Jos\u00e9 Alencar \u00e9 formado em medicina pela Universidade Federal do Piau\u00ed, realizando posteriormente sua resid\u00eancia m\u00e9dica em Neurocirurgia pela Santa Casa de Miseric\u00f3rdia de S\u00e3o Paulo. Especializado em Reabilita\u00e7\u00e3o pela Associa\u00e7\u00e3o de Assist\u00eancia \u00e0 Crian\u00e7a Deficiente (AACD-S\u00e3o Paulo) e neurocirurgia funcional e<\/p>\n","protected":false},"author":1,"featured_media":23612,"comment_status":"closed","ping_status":"open","sticky":false,"template":"","format":"standard","meta":{"_acf_changed":false,"footnotes":""},"categories":[1191],"tags":[1274,1188,1197,942,1273,1272],"class_list":["post-23605","post","type-post","status-publish","format-standard","has-post-thumbnail","hentry","category-cics-2023","tag-dr-francisco-jose-alencar","tag-i-cics","tag-i-congresso-internacional-ciencia-e-sociedade","tag-medicina","tag-neurocirurgia","tag-neurologia"],"acf":[],"yoast_head":"<!-- This site is optimized with the Yoast SEO plugin v26.5 - https:\/\/yoast.com\/wordpress\/plugins\/seo\/ -->\n<title>Prof. Dr. Francisco Jos\u00e9 Alencar \u00e9 palestrante confirmado do I CICS - Centro Universit\u00e1rio Santo Agostinho - UNIFSA<\/title>\n<meta name=\"robots\" content=\"index, follow, max-snippet:-1, max-image-preview:large, max-video-preview:-1\" \/>\n<link rel=\"canonical\" href=\"https:\/\/unifsa.com.br\/site\/prof-dr-francisco-jose-alencar-e-palestrante-confirmado-do-i-cics\/\" \/>\n<meta property=\"og:locale\" content=\"pt_BR\" \/>\n<meta property=\"og:type\" content=\"article\" \/>\n<meta property=\"og:title\" content=\"Prof. Dr. Francisco Jos\u00e9 Alencar \u00e9 palestrante confirmado do I CICS - Centro Universit\u00e1rio Santo Agostinho - UNIFSA\" \/>\n<meta property=\"og:description\" content=\"Apresentamos com satisfa\u00e7\u00e3o mais um ilustre palestrante do I CICS! O Dr. Francisco Jos\u00e9 Alencar \u00e9 formado em medicina pela Universidade Federal do Piau\u00ed, realizando posteriormente sua resid\u00eancia m\u00e9dica em Neurocirurgia pela Santa Casa de Miseric\u00f3rdia de S\u00e3o Paulo. Especializado em Reabilita\u00e7\u00e3o pela Associa\u00e7\u00e3o de Assist\u00eancia \u00e0 Crian\u00e7a Deficiente (AACD-S\u00e3o Paulo) e neurocirurgia funcional e\" \/>\n<meta property=\"og:url\" content=\"https:\/\/unifsa.com.br\/site\/prof-dr-francisco-jose-alencar-e-palestrante-confirmado-do-i-cics\/\" \/>\n<meta property=\"og:site_name\" content=\"Centro Universit\u00e1rio Santo Agostinho - UNIFSA\" \/>\n<meta property=\"article:publisher\" content=\"https:\/\/www.facebook.com\/unifsa\/\" \/>\n<meta property=\"article:published_time\" content=\"2023-07-28T12:21:46+00:00\" \/>\n<meta property=\"article:modified_time\" content=\"2023-07-28T13:32:43+00:00\" \/>\n<meta property=\"og:image\" content=\"https:\/\/unifsa.com.br\/site\/wp-content\/uploads\/2023\/07\/palestrante-confirmado-12.png\" \/>\n\t<meta property=\"og:image:width\" content=\"1920\" \/>\n\t<meta property=\"og:image:height\" content=\"805\" \/>\n\t<meta property=\"og:image:type\" content=\"image\/png\" \/>\n<meta name=\"author\" content=\"UNIFSA\" \/>\n<meta name=\"twitter:card\" content=\"summary_large_image\" \/>\n<meta name=\"twitter:label1\" content=\"Escrito por\" \/>\n\t<meta name=\"twitter:data1\" content=\"UNIFSA\" \/>\n\t<meta name=\"twitter:label2\" content=\"Est. tempo de leitura\" \/>\n\t<meta name=\"twitter:data2\" content=\"2 minutos\" \/>\n<script type=\"application\/ld+json\" class=\"yoast-schema-graph\">{\"@context\":\"https:\/\/schema.org\",\"@graph\":[{\"@type\":\"Article\",\"@id\":\"https:\/\/unifsa.com.br\/site\/prof-dr-francisco-jose-alencar-e-palestrante-confirmado-do-i-cics\/#article\",\"isPartOf\":{\"@id\":\"https:\/\/unifsa.com.br\/site\/prof-dr-francisco-jose-alencar-e-palestrante-confirmado-do-i-cics\/\"},\"author\":{\"name\":\"UNIFSA\",\"@id\":\"https:\/\/unifsa.com.br\/site\/#\/schema\/person\/6f5e8438b96168f9894cb9fe5816660f\"},\"headline\":\"Prof. Dr. Francisco Jos\u00e9 Alencar \u00e9 palestrante confirmado do I CICS\",\"datePublished\":\"2023-07-28T12:21:46+00:00\",\"dateModified\":\"2023-07-28T13:32:43+00:00\",\"mainEntityOfPage\":{\"@id\":\"https:\/\/unifsa.com.br\/site\/prof-dr-francisco-jose-alencar-e-palestrante-confirmado-do-i-cics\/\"},\"wordCount\":267,\"publisher\":{\"@id\":\"https:\/\/unifsa.com.br\/site\/#organization\"},\"image\":{\"@id\":\"https:\/\/unifsa.com.br\/site\/prof-dr-francisco-jose-alencar-e-palestrante-confirmado-do-i-cics\/#primaryimage\"},\"thumbnailUrl\":\"https:\/\/unifsa.com.br\/site\/wp-content\/uploads\/2023\/07\/palestrante-confirmado-12.png\",\"keywords\":[\"Dr. Francisco Jos\u00e9 Alencar\",\"I CICS\",\"I Congresso Internacional Ci\u00eancia e Sociedade\",\"Medicina\",\"Neurocirurgia\",\"Neurologia\"],\"articleSection\":[\"CICS 2023\"],\"inLanguage\":\"pt-BR\"},{\"@type\":\"WebPage\",\"@id\":\"https:\/\/unifsa.com.br\/site\/prof-dr-francisco-jose-alencar-e-palestrante-confirmado-do-i-cics\/\",\"url\":\"https:\/\/unifsa.com.br\/site\/prof-dr-francisco-jose-alencar-e-palestrante-confirmado-do-i-cics\/\",\"name\":\"Prof. Dr. Francisco Jos\u00e9 Alencar \u00e9 palestrante confirmado do I CICS - Centro Universit\u00e1rio Santo Agostinho - UNIFSA\",\"isPartOf\":{\"@id\":\"https:\/\/unifsa.com.br\/site\/#website\"},\"primaryImageOfPage\":{\"@id\":\"https:\/\/unifsa.com.br\/site\/prof-dr-francisco-jose-alencar-e-palestrante-confirmado-do-i-cics\/#primaryimage\"},\"image\":{\"@id\":\"https:\/\/unifsa.com.br\/site\/prof-dr-francisco-jose-alencar-e-palestrante-confirmado-do-i-cics\/#primaryimage\"},\"thumbnailUrl\":\"https:\/\/unifsa.com.br\/site\/wp-content\/uploads\/2023\/07\/palestrante-confirmado-12.png\",\"datePublished\":\"2023-07-28T12:21:46+00:00\",\"dateModified\":\"2023-07-28T13:32:43+00:00\",\"breadcrumb\":{\"@id\":\"https:\/\/unifsa.com.br\/site\/prof-dr-francisco-jose-alencar-e-palestrante-confirmado-do-i-cics\/#breadcrumb\"},\"inLanguage\":\"pt-BR\",\"potentialAction\":[{\"@type\":\"ReadAction\",\"target\":[\"https:\/\/unifsa.com.br\/site\/prof-dr-francisco-jose-alencar-e-palestrante-confirmado-do-i-cics\/\"]}]},{\"@type\":\"ImageObject\",\"inLanguage\":\"pt-BR\",\"@id\":\"https:\/\/unifsa.com.br\/site\/prof-dr-francisco-jose-alencar-e-palestrante-confirmado-do-i-cics\/#primaryimage\",\"url\":\"https:\/\/unifsa.com.br\/site\/wp-content\/uploads\/2023\/07\/palestrante-confirmado-12.png\",\"contentUrl\":\"https:\/\/unifsa.com.br\/site\/wp-content\/uploads\/2023\/07\/palestrante-confirmado-12.png\",\"width\":1920,\"height\":805},{\"@type\":\"BreadcrumbList\",\"@id\":\"https:\/\/unifsa.com.br\/site\/prof-dr-francisco-jose-alencar-e-palestrante-confirmado-do-i-cics\/#breadcrumb\",\"itemListElement\":[{\"@type\":\"ListItem\",\"position\":1,\"name\":\"In\u00edcio\",\"item\":\"https:\/\/unifsa.com.br\/site\/\"},{\"@type\":\"ListItem\",\"position\":2,\"name\":\"Prof. Dr. Francisco Jos\u00e9 Alencar \u00e9 palestrante confirmado do I CICS\"}]},{\"@type\":\"WebSite\",\"@id\":\"https:\/\/unifsa.com.br\/site\/#website\",\"url\":\"https:\/\/unifsa.com.br\/site\/\",\"name\":\"Centro Universit\u00e1rio Santo Agostinho - UNIFSA\",\"description\":\"Conhecimento para toda a vida\",\"publisher\":{\"@id\":\"https:\/\/unifsa.com.br\/site\/#organization\"},\"potentialAction\":[{\"@type\":\"SearchAction\",\"target\":{\"@type\":\"EntryPoint\",\"urlTemplate\":\"https:\/\/unifsa.com.br\/site\/?s={search_term_string}\"},\"query-input\":{\"@type\":\"PropertyValueSpecification\",\"valueRequired\":true,\"valueName\":\"search_term_string\"}}],\"inLanguage\":\"pt-BR\"},{\"@type\":\"Organization\",\"@id\":\"https:\/\/unifsa.com.br\/site\/#organization\",\"name\":\"Centro Universit\u00e1rio Santo Agostinho - UNIFSA\",\"url\":\"https:\/\/unifsa.com.br\/site\/\",\"logo\":{\"@type\":\"ImageObject\",\"inLanguage\":\"pt-BR\",\"@id\":\"https:\/\/unifsa.com.br\/site\/#\/schema\/logo\/image\/\",\"url\":\"https:\/\/unifsa.com.br\/site\/wp-content\/uploads\/2023\/03\/MARCA-UNIFSA-CIC23-q2apjs1mt975cf1wl25b044coj90fwoiee1kya6800.png\",\"contentUrl\":\"https:\/\/unifsa.com.br\/site\/wp-content\/uploads\/2023\/03\/MARCA-UNIFSA-CIC23-q2apjs1mt975cf1wl25b044coj90fwoiee1kya6800.png\",\"width\":103,\"height\":100,\"caption\":\"Centro Universit\u00e1rio Santo Agostinho - UNIFSA\"},\"image\":{\"@id\":\"https:\/\/unifsa.com.br\/site\/#\/schema\/logo\/image\/\"},\"sameAs\":[\"https:\/\/www.facebook.com\/unifsa\/\",\"https:\/\/www.instagram.com\/unifsa\/\"]},{\"@type\":\"Person\",\"@id\":\"https:\/\/unifsa.com.br\/site\/#\/schema\/person\/6f5e8438b96168f9894cb9fe5816660f\",\"name\":\"UNIFSA\",\"image\":{\"@type\":\"ImageObject\",\"inLanguage\":\"pt-BR\",\"@id\":\"https:\/\/unifsa.com.br\/site\/#\/schema\/person\/image\/\",\"url\":\"https:\/\/secure.gravatar.com\/avatar\/c2f518fc26b206a3a53b2d8acc61ffe5?s=96&d=mm&r=g\",\"contentUrl\":\"https:\/\/secure.gravatar.com\/avatar\/c2f518fc26b206a3a53b2d8acc61ffe5?s=96&d=mm&r=g\",\"caption\":\"UNIFSA\"},\"url\":\"https:\/\/unifsa.com.br\/site\/author\/rogerbezerra\/\"}]}<\/script>\n<!-- \/ Yoast SEO plugin. -->","yoast_head_json":{"title":"Prof. Dr. Francisco Jos\u00e9 Alencar \u00e9 palestrante confirmado do I CICS - Centro Universit\u00e1rio Santo Agostinho - UNIFSA","robots":{"index":"index","follow":"follow","max-snippet":"max-snippet:-1","max-image-preview":"max-image-preview:large","max-video-preview":"max-video-preview:-1"},"canonical":"https:\/\/unifsa.com.br\/site\/prof-dr-francisco-jose-alencar-e-palestrante-confirmado-do-i-cics\/","og_locale":"pt_BR","og_type":"article","og_title":"Prof. Dr. Francisco Jos\u00e9 Alencar \u00e9 palestrante confirmado do I CICS - Centro Universit\u00e1rio Santo Agostinho - UNIFSA","og_description":"Apresentamos com satisfa\u00e7\u00e3o mais um ilustre palestrante do I CICS! O Dr. Francisco Jos\u00e9 Alencar \u00e9 formado em medicina pela Universidade Federal do Piau\u00ed, realizando posteriormente sua resid\u00eancia m\u00e9dica em Neurocirurgia pela Santa Casa de Miseric\u00f3rdia de S\u00e3o Paulo. Especializado em Reabilita\u00e7\u00e3o pela Associa\u00e7\u00e3o de Assist\u00eancia \u00e0 Crian\u00e7a Deficiente (AACD-S\u00e3o Paulo) e neurocirurgia funcional e","og_url":"https:\/\/unifsa.com.br\/site\/prof-dr-francisco-jose-alencar-e-palestrante-confirmado-do-i-cics\/","og_site_name":"Centro Universit\u00e1rio Santo Agostinho - UNIFSA","article_publisher":"https:\/\/www.facebook.com\/unifsa\/","article_published_time":"2023-07-28T12:21:46+00:00","article_modified_time":"2023-07-28T13:32:43+00:00","og_image":[{"width":1920,"height":805,"url":"https:\/\/unifsa.com.br\/site\/wp-content\/uploads\/2023\/07\/palestrante-confirmado-12.png","type":"image\/png"}],"author":"UNIFSA","twitter_card":"summary_large_image","twitter_misc":{"Escrito por":"UNIFSA","Est. tempo de leitura":"2 minutos"},"schema":{"@context":"https:\/\/schema.org","@graph":[{"@type":"Article","@id":"https:\/\/unifsa.com.br\/site\/prof-dr-francisco-jose-alencar-e-palestrante-confirmado-do-i-cics\/#article","isPartOf":{"@id":"https:\/\/unifsa.com.br\/site\/prof-dr-francisco-jose-alencar-e-palestrante-confirmado-do-i-cics\/"},"author":{"name":"UNIFSA","@id":"https:\/\/unifsa.com.br\/site\/#\/schema\/person\/6f5e8438b96168f9894cb9fe5816660f"},"headline":"Prof. Dr. Francisco Jos\u00e9 Alencar \u00e9 palestrante confirmado do I CICS","datePublished":"2023-07-28T12:21:46+00:00","dateModified":"2023-07-28T13:32:43+00:00","mainEntityOfPage":{"@id":"https:\/\/unifsa.com.br\/site\/prof-dr-francisco-jose-alencar-e-palestrante-confirmado-do-i-cics\/"},"wordCount":267,"publisher":{"@id":"https:\/\/unifsa.com.br\/site\/#organization"},"image":{"@id":"https:\/\/unifsa.com.br\/site\/prof-dr-francisco-jose-alencar-e-palestrante-confirmado-do-i-cics\/#primaryimage"},"thumbnailUrl":"https:\/\/unifsa.com.br\/site\/wp-content\/uploads\/2023\/07\/palestrante-confirmado-12.png","keywords":["Dr. Francisco Jos\u00e9 Alencar","I CICS","I Congresso Internacional Ci\u00eancia e Sociedade","Medicina","Neurocirurgia","Neurologia"],"articleSection":["CICS 2023"],"inLanguage":"pt-BR"},{"@type":"WebPage","@id":"https:\/\/unifsa.com.br\/site\/prof-dr-francisco-jose-alencar-e-palestrante-confirmado-do-i-cics\/","url":"https:\/\/unifsa.com.br\/site\/prof-dr-francisco-jose-alencar-e-palestrante-confirmado-do-i-cics\/","name":"Prof. Dr. Francisco Jos\u00e9 Alencar \u00e9 palestrante confirmado do I CICS - Centro Universit\u00e1rio Santo Agostinho - UNIFSA","isPartOf":{"@id":"https:\/\/unifsa.com.br\/site\/#website"},"primaryImageOfPage":{"@id":"https:\/\/unifsa.com.br\/site\/prof-dr-francisco-jose-alencar-e-palestrante-confirmado-do-i-cics\/#primaryimage"},"image":{"@id":"https:\/\/unifsa.com.br\/site\/prof-dr-francisco-jose-alencar-e-palestrante-confirmado-do-i-cics\/#primaryimage"},"thumbnailUrl":"https:\/\/unifsa.com.br\/site\/wp-content\/uploads\/2023\/07\/palestrante-confirmado-12.png","datePublished":"2023-07-28T12:21:46+00:00","dateModified":"2023-07-28T13:32:43+00:00","breadcrumb":{"@id":"https:\/\/unifsa.com.br\/site\/prof-dr-francisco-jose-alencar-e-palestrante-confirmado-do-i-cics\/#breadcrumb"},"inLanguage":"pt-BR","potentialAction":[{"@type":"ReadAction","target":["https:\/\/unifsa.com.br\/site\/prof-dr-francisco-jose-alencar-e-palestrante-confirmado-do-i-cics\/"]}]},{"@type":"ImageObject","inLanguage":"pt-BR","@id":"https:\/\/unifsa.com.br\/site\/prof-dr-francisco-jose-alencar-e-palestrante-confirmado-do-i-cics\/#primaryimage","url":"https:\/\/unifsa.com.br\/site\/wp-content\/uploads\/2023\/07\/palestrante-confirmado-12.png","contentUrl":"https:\/\/unifsa.com.br\/site\/wp-content\/uploads\/2023\/07\/palestrante-confirmado-12.png","width":1920,"height":805},{"@type":"BreadcrumbList","@id":"https:\/\/unifsa.com.br\/site\/prof-dr-francisco-jose-alencar-e-palestrante-confirmado-do-i-cics\/#breadcrumb","itemListElement":[{"@type":"ListItem","position":1,"name":"In\u00edcio","item":"https:\/\/unifsa.com.br\/site\/"},{"@type":"ListItem","position":2,"name":"Prof. Dr. Francisco Jos\u00e9 Alencar \u00e9 palestrante confirmado do I CICS"}]},{"@type":"WebSite","@id":"https:\/\/unifsa.com.br\/site\/#website","url":"https:\/\/unifsa.com.br\/site\/","name":"Centro Universit\u00e1rio Santo Agostinho - UNIFSA","description":"Conhecimento para toda a vida","publisher":{"@id":"https:\/\/unifsa.com.br\/site\/#organization"},"potentialAction":[{"@type":"SearchAction","target":{"@type":"EntryPoint","urlTemplate":"https:\/\/unifsa.com.br\/site\/?s={search_term_string}"},"query-input":{"@type":"PropertyValueSpecification","valueRequired":true,"valueName":"search_term_string"}}],"inLanguage":"pt-BR"},{"@type":"Organization","@id":"https:\/\/unifsa.com.br\/site\/#organization","name":"Centro Universit\u00e1rio Santo Agostinho - UNIFSA","url":"https:\/\/unifsa.com.br\/site\/","logo":{"@type":"ImageObject","inLanguage":"pt-BR","@id":"https:\/\/unifsa.com.br\/site\/#\/schema\/logo\/image\/","url":"https:\/\/unifsa.com.br\/site\/wp-content\/uploads\/2023\/03\/MARCA-UNIFSA-CIC23-q2apjs1mt975cf1wl25b044coj90fwoiee1kya6800.png","contentUrl":"https:\/\/unifsa.com.br\/site\/wp-content\/uploads\/2023\/03\/MARCA-UNIFSA-CIC23-q2apjs1mt975cf1wl25b044coj90fwoiee1kya6800.png","width":103,"height":100,"caption":"Centro Universit\u00e1rio Santo Agostinho - UNIFSA"},"image":{"@id":"https:\/\/unifsa.com.br\/site\/#\/schema\/logo\/image\/"},"sameAs":["https:\/\/www.facebook.com\/unifsa\/","https:\/\/www.instagram.com\/unifsa\/"]},{"@type":"Person","@id":"https:\/\/unifsa.com.br\/site\/#\/schema\/person\/6f5e8438b96168f9894cb9fe5816660f","name":"UNIFSA","image":{"@type":"ImageObject","inLanguage":"pt-BR","@id":"https:\/\/unifsa.com.br\/site\/#\/schema\/person\/image\/","url":"https:\/\/secure.gravatar.com\/avatar\/c2f518fc26b206a3a53b2d8acc61ffe5?s=96&d=mm&r=g","contentUrl":"https:\/\/secure.gravatar.com\/avatar\/c2f518fc26b206a3a53b2d8acc61ffe5?s=96&d=mm&r=g","caption":"UNIFSA"},"url":"https:\/\/unifsa.com.br\/site\/author\/rogerbezerra\/"}]}},"_links":{"self":[{"href":"https:\/\/unifsa.com.br\/site\/wp-json\/wp\/v2\/posts\/23605","targetHints":{"allow":["GET"]}}],"collection":[{"href":"https:\/\/unifsa.com.br\/site\/wp-json\/wp\/v2\/posts"}],"about":[{"href":"https:\/\/unifsa.com.br\/site\/wp-json\/wp\/v2\/types\/post"}],"author":[{"embeddable":true,"href":"https:\/\/unifsa.com.br\/site\/wp-json\/wp\/v2\/users\/1"}],"replies":[{"embeddable":true,"href":"https:\/\/unifsa.com.br\/site\/wp-json\/wp\/v2\/comments?post=23605"}],"version-history":[{"count":3,"href":"https:\/\/unifsa.com.br\/site\/wp-json\/wp\/v2\/posts\/23605\/revisions"}],"predecessor-version":[{"id":23610,"href":"https:\/\/unifsa.com.br\/site\/wp-json\/wp\/v2\/posts\/23605\/revisions\/23610"}],"wp:featuredmedia":[{"embeddable":true,"href":"https:\/\/unifsa.com.br\/site\/wp-json\/wp\/v2\/media\/23612"}],"wp:attachment":[{"href":"https:\/\/unifsa.com.br\/site\/wp-json\/wp\/v2\/media?parent=23605"}],"wp:term":[{"taxonomy":"category","embeddable":true,"href":"https:\/\/unifsa.com.br\/site\/wp-json\/wp\/v2\/categories?post=23605"},{"taxonomy":"post_tag","embeddable":true,"href":"https:\/\/unifsa.com.br\/site\/wp-json\/wp\/v2\/tags?post=23605"}],"curies":[{"name":"wp","href":"https:\/\/api.w.org\/{rel}","templated":true}]}}