{"id":23546,"date":"2023-07-25T10:15:38","date_gmt":"2023-07-25T13:15:38","guid":{"rendered":"https:\/\/unifsa.com.br\/site\/?p=23546"},"modified":"2023-07-25T10:19:40","modified_gmt":"2023-07-25T13:19:40","slug":"i-cics-tera-prof-dr-alexandre-formigoni-como-palestrante","status":"publish","type":"post","link":"https:\/\/unifsa.com.br\/site\/i-cics-tera-prof-dr-alexandre-formigoni-como-palestrante\/","title":{"rendered":"I CICS ter\u00e1 Prof. Dr. Alexandre Formigoni como palestrante"},"content":{"rendered":"\n<p class=\"texto-justificado\">O I CICS vai oferecer a oportunidade de compartilhar conhecimentos, de 04 a 07 de outubro. Enquanto esses dias n\u00e3o chegam, vamos confirmar mais um <strong>palestrante<\/strong>: o <strong>Prof. Dr. Alexandre Formigoni<\/strong>. Ele, que \u00e9 <strong>engenheiro de Produ\u00e7\u00e3o Mec\u00e2nica<\/strong> pela Universidade Paulista e especialista em Log\u00edstica Empresarial pela Universidade Mackenzie, fez seu mestrado e doutorado em engenharia de produ\u00e7\u00e3o, na mesma universidade onde se graduou.<\/p>\n\n\n\n<p class=\"texto-justificado\">Alexandre j\u00e1 atuou como professor pesquisador no Programa de P\u00f3s Gradua\u00e7\u00e3o Mestrado Profissional em Administra\u00e7\u00e3o em Governan\u00e7a Corporativa na FMU, com a linha de M\u00e9todos Quantitativos. Na atualidade, Alexandre Formigoni \u00e9 Professor III-D das FATEC da Zona Leste e FATEC Guarulhos &#8211; SP, e Professor do Programa de P\u00f3s Gradua\u00e7\u00e3o em Gest\u00e3o e Tecnologia em Sistemas Produtivos do CEETEPS, focando em pesquisar principalmente Gest\u00e3o da Produ\u00e7\u00e3o e Opera\u00e7\u00f5es, tendo tamb\u00e9m seu nome na obra liter\u00e1ria \u201cLog\u00edstica: Um Enfoque Pr\u00e1tico\u201d.<\/p>\n\n\n\n<div class=\"wp-block-buttons is-content-justification-center is-layout-flex wp-container-core-buttons-is-layout-16018d1d wp-block-buttons-is-layout-flex\">\n<div class=\"wp-block-button\"><a class=\"wp-block-button__link has-white-color has-vivid-cyan-blue-background-color has-text-color has-background wp-element-button\" href=\"https:\/\/accounts.galoa.com.br\/br\/realm\/cics-2023\/login?destination=oauth2\/authorize&amp;origin=eventdashboard\">Inscreva-se no I CICS<\/a><\/div>\n<\/div>\n","protected":false},"excerpt":{"rendered":"<p>O I CICS vai oferecer a oportunidade de compartilhar conhecimentos, de 04 a 07 de outubro. Enquanto esses dias n\u00e3o chegam, vamos confirmar mais um palestrante: o Prof. Dr. Alexandre Formigoni. Ele, que \u00e9 engenheiro de Produ\u00e7\u00e3o Mec\u00e2nica pela Universidade Paulista e especialista em Log\u00edstica Empresarial pela Universidade Mackenzie, fez seu mestrado e doutorado em<\/p>\n","protected":false},"author":1,"featured_media":23556,"comment_status":"closed","ping_status":"open","sticky":false,"template":"","format":"standard","meta":{"_acf_changed":false,"footnotes":""},"categories":[1191,57],"tags":[1260,112,1261,1188,1197,1262],"class_list":["post-23546","post","type-post","status-publish","format-standard","has-post-thumbnail","hentry","category-cics-2023","category-engenharia-producao","tag-alexandre-formigoni","tag-engenharia-de-producao","tag-engenharia-de-producao-mecanica","tag-i-cics","tag-i-congresso-internacional-ciencia-e-sociedade","tag-logistica-empresarial"],"acf":[],"yoast_head":"<!-- This site is optimized with the Yoast SEO plugin v26.5 - https:\/\/yoast.com\/wordpress\/plugins\/seo\/ -->\n<title>I CICS ter\u00e1 Prof. Dr. Alexandre Formigoni como palestrante - Centro Universit\u00e1rio Santo Agostinho - UNIFSA<\/title>\n<meta name=\"robots\" content=\"index, follow, max-snippet:-1, max-image-preview:large, max-video-preview:-1\" \/>\n<link rel=\"canonical\" href=\"https:\/\/unifsa.com.br\/site\/i-cics-tera-prof-dr-alexandre-formigoni-como-palestrante\/\" \/>\n<meta property=\"og:locale\" content=\"pt_BR\" \/>\n<meta property=\"og:type\" content=\"article\" \/>\n<meta property=\"og:title\" content=\"I CICS ter\u00e1 Prof. Dr. Alexandre Formigoni como palestrante - Centro Universit\u00e1rio Santo Agostinho - UNIFSA\" \/>\n<meta property=\"og:description\" content=\"O I CICS vai oferecer a oportunidade de compartilhar conhecimentos, de 04 a 07 de outubro. Enquanto esses dias n\u00e3o chegam, vamos confirmar mais um palestrante: o Prof. Dr. Alexandre Formigoni. Ele, que \u00e9 engenheiro de Produ\u00e7\u00e3o Mec\u00e2nica pela Universidade Paulista e especialista em Log\u00edstica Empresarial pela Universidade Mackenzie, fez seu mestrado e doutorado em\" \/>\n<meta property=\"og:url\" content=\"https:\/\/unifsa.com.br\/site\/i-cics-tera-prof-dr-alexandre-formigoni-como-palestrante\/\" \/>\n<meta property=\"og:site_name\" content=\"Centro Universit\u00e1rio Santo Agostinho - UNIFSA\" \/>\n<meta property=\"article:publisher\" content=\"https:\/\/www.facebook.com\/unifsa\/\" \/>\n<meta property=\"article:published_time\" content=\"2023-07-25T13:15:38+00:00\" \/>\n<meta property=\"article:modified_time\" content=\"2023-07-25T13:19:40+00:00\" \/>\n<meta property=\"og:image\" content=\"https:\/\/unifsa.com.br\/site\/wp-content\/uploads\/2023\/07\/palestrante-confirmado-7.png\" \/>\n\t<meta property=\"og:image:width\" content=\"1920\" \/>\n\t<meta property=\"og:image:height\" content=\"805\" \/>\n\t<meta property=\"og:image:type\" content=\"image\/png\" \/>\n<meta name=\"author\" content=\"UNIFSA\" \/>\n<meta name=\"twitter:card\" content=\"summary_large_image\" \/>\n<meta name=\"twitter:label1\" content=\"Escrito por\" \/>\n\t<meta name=\"twitter:data1\" content=\"UNIFSA\" \/>\n\t<meta name=\"twitter:label2\" content=\"Est. tempo de leitura\" \/>\n\t<meta name=\"twitter:data2\" content=\"1 minuto\" \/>\n<script type=\"application\/ld+json\" class=\"yoast-schema-graph\">{\"@context\":\"https:\/\/schema.org\",\"@graph\":[{\"@type\":\"Article\",\"@id\":\"https:\/\/unifsa.com.br\/site\/i-cics-tera-prof-dr-alexandre-formigoni-como-palestrante\/#article\",\"isPartOf\":{\"@id\":\"https:\/\/unifsa.com.br\/site\/i-cics-tera-prof-dr-alexandre-formigoni-como-palestrante\/\"},\"author\":{\"name\":\"UNIFSA\",\"@id\":\"https:\/\/unifsa.com.br\/site\/#\/schema\/person\/6f5e8438b96168f9894cb9fe5816660f\"},\"headline\":\"I CICS ter\u00e1 Prof. Dr. Alexandre Formigoni como palestrante\",\"datePublished\":\"2023-07-25T13:15:38+00:00\",\"dateModified\":\"2023-07-25T13:19:40+00:00\",\"mainEntityOfPage\":{\"@id\":\"https:\/\/unifsa.com.br\/site\/i-cics-tera-prof-dr-alexandre-formigoni-como-palestrante\/\"},\"wordCount\":172,\"publisher\":{\"@id\":\"https:\/\/unifsa.com.br\/site\/#organization\"},\"image\":{\"@id\":\"https:\/\/unifsa.com.br\/site\/i-cics-tera-prof-dr-alexandre-formigoni-como-palestrante\/#primaryimage\"},\"thumbnailUrl\":\"https:\/\/unifsa.com.br\/site\/wp-content\/uploads\/2023\/07\/palestrante-confirmado-7.png\",\"keywords\":[\"Alexandre Formigoni\",\"Engenharia de Produ\u00e7\u00e3o\",\"Engenharia de Produ\u00e7\u00e3o Mec\u00e2nica\",\"I CICS\",\"I Congresso Internacional Ci\u00eancia e Sociedade\",\"Log\u00edstica Empresarial\"],\"articleSection\":[\"CICS 2023\",\"Engenharia de Produ\u00e7\u00e3o\"],\"inLanguage\":\"pt-BR\"},{\"@type\":\"WebPage\",\"@id\":\"https:\/\/unifsa.com.br\/site\/i-cics-tera-prof-dr-alexandre-formigoni-como-palestrante\/\",\"url\":\"https:\/\/unifsa.com.br\/site\/i-cics-tera-prof-dr-alexandre-formigoni-como-palestrante\/\",\"name\":\"I CICS ter\u00e1 Prof. Dr. Alexandre Formigoni como palestrante - Centro Universit\u00e1rio Santo Agostinho - UNIFSA\",\"isPartOf\":{\"@id\":\"https:\/\/unifsa.com.br\/site\/#website\"},\"primaryImageOfPage\":{\"@id\":\"https:\/\/unifsa.com.br\/site\/i-cics-tera-prof-dr-alexandre-formigoni-como-palestrante\/#primaryimage\"},\"image\":{\"@id\":\"https:\/\/unifsa.com.br\/site\/i-cics-tera-prof-dr-alexandre-formigoni-como-palestrante\/#primaryimage\"},\"thumbnailUrl\":\"https:\/\/unifsa.com.br\/site\/wp-content\/uploads\/2023\/07\/palestrante-confirmado-7.png\",\"datePublished\":\"2023-07-25T13:15:38+00:00\",\"dateModified\":\"2023-07-25T13:19:40+00:00\",\"breadcrumb\":{\"@id\":\"https:\/\/unifsa.com.br\/site\/i-cics-tera-prof-dr-alexandre-formigoni-como-palestrante\/#breadcrumb\"},\"inLanguage\":\"pt-BR\",\"potentialAction\":[{\"@type\":\"ReadAction\",\"target\":[\"https:\/\/unifsa.com.br\/site\/i-cics-tera-prof-dr-alexandre-formigoni-como-palestrante\/\"]}]},{\"@type\":\"ImageObject\",\"inLanguage\":\"pt-BR\",\"@id\":\"https:\/\/unifsa.com.br\/site\/i-cics-tera-prof-dr-alexandre-formigoni-como-palestrante\/#primaryimage\",\"url\":\"https:\/\/unifsa.com.br\/site\/wp-content\/uploads\/2023\/07\/palestrante-confirmado-7.png\",\"contentUrl\":\"https:\/\/unifsa.com.br\/site\/wp-content\/uploads\/2023\/07\/palestrante-confirmado-7.png\",\"width\":1920,\"height\":805},{\"@type\":\"BreadcrumbList\",\"@id\":\"https:\/\/unifsa.com.br\/site\/i-cics-tera-prof-dr-alexandre-formigoni-como-palestrante\/#breadcrumb\",\"itemListElement\":[{\"@type\":\"ListItem\",\"position\":1,\"name\":\"In\u00edcio\",\"item\":\"https:\/\/unifsa.com.br\/site\/\"},{\"@type\":\"ListItem\",\"position\":2,\"name\":\"I CICS ter\u00e1 Prof. Dr. Alexandre Formigoni como palestrante\"}]},{\"@type\":\"WebSite\",\"@id\":\"https:\/\/unifsa.com.br\/site\/#website\",\"url\":\"https:\/\/unifsa.com.br\/site\/\",\"name\":\"Centro Universit\u00e1rio Santo Agostinho - UNIFSA\",\"description\":\"Conhecimento para toda a vida\",\"publisher\":{\"@id\":\"https:\/\/unifsa.com.br\/site\/#organization\"},\"potentialAction\":[{\"@type\":\"SearchAction\",\"target\":{\"@type\":\"EntryPoint\",\"urlTemplate\":\"https:\/\/unifsa.com.br\/site\/?s={search_term_string}\"},\"query-input\":{\"@type\":\"PropertyValueSpecification\",\"valueRequired\":true,\"valueName\":\"search_term_string\"}}],\"inLanguage\":\"pt-BR\"},{\"@type\":\"Organization\",\"@id\":\"https:\/\/unifsa.com.br\/site\/#organization\",\"name\":\"Centro Universit\u00e1rio Santo Agostinho - UNIFSA\",\"url\":\"https:\/\/unifsa.com.br\/site\/\",\"logo\":{\"@type\":\"ImageObject\",\"inLanguage\":\"pt-BR\",\"@id\":\"https:\/\/unifsa.com.br\/site\/#\/schema\/logo\/image\/\",\"url\":\"https:\/\/unifsa.com.br\/site\/wp-content\/uploads\/2023\/03\/MARCA-UNIFSA-CIC23-q2apjs1mt975cf1wl25b044coj90fwoiee1kya6800.png\",\"contentUrl\":\"https:\/\/unifsa.com.br\/site\/wp-content\/uploads\/2023\/03\/MARCA-UNIFSA-CIC23-q2apjs1mt975cf1wl25b044coj90fwoiee1kya6800.png\",\"width\":103,\"height\":100,\"caption\":\"Centro Universit\u00e1rio Santo Agostinho - UNIFSA\"},\"image\":{\"@id\":\"https:\/\/unifsa.com.br\/site\/#\/schema\/logo\/image\/\"},\"sameAs\":[\"https:\/\/www.facebook.com\/unifsa\/\",\"https:\/\/www.instagram.com\/unifsa\/\"]},{\"@type\":\"Person\",\"@id\":\"https:\/\/unifsa.com.br\/site\/#\/schema\/person\/6f5e8438b96168f9894cb9fe5816660f\",\"name\":\"UNIFSA\",\"image\":{\"@type\":\"ImageObject\",\"inLanguage\":\"pt-BR\",\"@id\":\"https:\/\/unifsa.com.br\/site\/#\/schema\/person\/image\/\",\"url\":\"https:\/\/secure.gravatar.com\/avatar\/3d1043775cda1d91d725491548f9b3a0909638e5fcbd418ee6b285ebfaa2ae59?s=96&d=mm&r=g\",\"contentUrl\":\"https:\/\/secure.gravatar.com\/avatar\/3d1043775cda1d91d725491548f9b3a0909638e5fcbd418ee6b285ebfaa2ae59?s=96&d=mm&r=g\",\"caption\":\"UNIFSA\"},\"url\":\"https:\/\/unifsa.com.br\/site\/author\/rogerbezerra\/\"}]}<\/script>\n<!-- \/ Yoast SEO plugin. -->","yoast_head_json":{"title":"I CICS ter\u00e1 Prof. Dr. Alexandre Formigoni como palestrante - Centro Universit\u00e1rio Santo Agostinho - UNIFSA","robots":{"index":"index","follow":"follow","max-snippet":"max-snippet:-1","max-image-preview":"max-image-preview:large","max-video-preview":"max-video-preview:-1"},"canonical":"https:\/\/unifsa.com.br\/site\/i-cics-tera-prof-dr-alexandre-formigoni-como-palestrante\/","og_locale":"pt_BR","og_type":"article","og_title":"I CICS ter\u00e1 Prof. Dr. Alexandre Formigoni como palestrante - Centro Universit\u00e1rio Santo Agostinho - UNIFSA","og_description":"O I CICS vai oferecer a oportunidade de compartilhar conhecimentos, de 04 a 07 de outubro. Enquanto esses dias n\u00e3o chegam, vamos confirmar mais um palestrante: o Prof. Dr. Alexandre Formigoni. Ele, que \u00e9 engenheiro de Produ\u00e7\u00e3o Mec\u00e2nica pela Universidade Paulista e especialista em Log\u00edstica Empresarial pela Universidade Mackenzie, fez seu mestrado e doutorado em","og_url":"https:\/\/unifsa.com.br\/site\/i-cics-tera-prof-dr-alexandre-formigoni-como-palestrante\/","og_site_name":"Centro Universit\u00e1rio Santo Agostinho - UNIFSA","article_publisher":"https:\/\/www.facebook.com\/unifsa\/","article_published_time":"2023-07-25T13:15:38+00:00","article_modified_time":"2023-07-25T13:19:40+00:00","og_image":[{"width":1920,"height":805,"url":"https:\/\/unifsa.com.br\/site\/wp-content\/uploads\/2023\/07\/palestrante-confirmado-7.png","type":"image\/png"}],"author":"UNIFSA","twitter_card":"summary_large_image","twitter_misc":{"Escrito por":"UNIFSA","Est. tempo de leitura":"1 minuto"},"schema":{"@context":"https:\/\/schema.org","@graph":[{"@type":"Article","@id":"https:\/\/unifsa.com.br\/site\/i-cics-tera-prof-dr-alexandre-formigoni-como-palestrante\/#article","isPartOf":{"@id":"https:\/\/unifsa.com.br\/site\/i-cics-tera-prof-dr-alexandre-formigoni-como-palestrante\/"},"author":{"name":"UNIFSA","@id":"https:\/\/unifsa.com.br\/site\/#\/schema\/person\/6f5e8438b96168f9894cb9fe5816660f"},"headline":"I CICS ter\u00e1 Prof. Dr. Alexandre Formigoni como palestrante","datePublished":"2023-07-25T13:15:38+00:00","dateModified":"2023-07-25T13:19:40+00:00","mainEntityOfPage":{"@id":"https:\/\/unifsa.com.br\/site\/i-cics-tera-prof-dr-alexandre-formigoni-como-palestrante\/"},"wordCount":172,"publisher":{"@id":"https:\/\/unifsa.com.br\/site\/#organization"},"image":{"@id":"https:\/\/unifsa.com.br\/site\/i-cics-tera-prof-dr-alexandre-formigoni-como-palestrante\/#primaryimage"},"thumbnailUrl":"https:\/\/unifsa.com.br\/site\/wp-content\/uploads\/2023\/07\/palestrante-confirmado-7.png","keywords":["Alexandre Formigoni","Engenharia de Produ\u00e7\u00e3o","Engenharia de Produ\u00e7\u00e3o Mec\u00e2nica","I CICS","I Congresso Internacional Ci\u00eancia e Sociedade","Log\u00edstica Empresarial"],"articleSection":["CICS 2023","Engenharia de Produ\u00e7\u00e3o"],"inLanguage":"pt-BR"},{"@type":"WebPage","@id":"https:\/\/unifsa.com.br\/site\/i-cics-tera-prof-dr-alexandre-formigoni-como-palestrante\/","url":"https:\/\/unifsa.com.br\/site\/i-cics-tera-prof-dr-alexandre-formigoni-como-palestrante\/","name":"I CICS ter\u00e1 Prof. Dr. Alexandre Formigoni como palestrante - Centro Universit\u00e1rio Santo Agostinho - UNIFSA","isPartOf":{"@id":"https:\/\/unifsa.com.br\/site\/#website"},"primaryImageOfPage":{"@id":"https:\/\/unifsa.com.br\/site\/i-cics-tera-prof-dr-alexandre-formigoni-como-palestrante\/#primaryimage"},"image":{"@id":"https:\/\/unifsa.com.br\/site\/i-cics-tera-prof-dr-alexandre-formigoni-como-palestrante\/#primaryimage"},"thumbnailUrl":"https:\/\/unifsa.com.br\/site\/wp-content\/uploads\/2023\/07\/palestrante-confirmado-7.png","datePublished":"2023-07-25T13:15:38+00:00","dateModified":"2023-07-25T13:19:40+00:00","breadcrumb":{"@id":"https:\/\/unifsa.com.br\/site\/i-cics-tera-prof-dr-alexandre-formigoni-como-palestrante\/#breadcrumb"},"inLanguage":"pt-BR","potentialAction":[{"@type":"ReadAction","target":["https:\/\/unifsa.com.br\/site\/i-cics-tera-prof-dr-alexandre-formigoni-como-palestrante\/"]}]},{"@type":"ImageObject","inLanguage":"pt-BR","@id":"https:\/\/unifsa.com.br\/site\/i-cics-tera-prof-dr-alexandre-formigoni-como-palestrante\/#primaryimage","url":"https:\/\/unifsa.com.br\/site\/wp-content\/uploads\/2023\/07\/palestrante-confirmado-7.png","contentUrl":"https:\/\/unifsa.com.br\/site\/wp-content\/uploads\/2023\/07\/palestrante-confirmado-7.png","width":1920,"height":805},{"@type":"BreadcrumbList","@id":"https:\/\/unifsa.com.br\/site\/i-cics-tera-prof-dr-alexandre-formigoni-como-palestrante\/#breadcrumb","itemListElement":[{"@type":"ListItem","position":1,"name":"In\u00edcio","item":"https:\/\/unifsa.com.br\/site\/"},{"@type":"ListItem","position":2,"name":"I CICS ter\u00e1 Prof. Dr. Alexandre Formigoni como palestrante"}]},{"@type":"WebSite","@id":"https:\/\/unifsa.com.br\/site\/#website","url":"https:\/\/unifsa.com.br\/site\/","name":"Centro Universit\u00e1rio Santo Agostinho - UNIFSA","description":"Conhecimento para toda a vida","publisher":{"@id":"https:\/\/unifsa.com.br\/site\/#organization"},"potentialAction":[{"@type":"SearchAction","target":{"@type":"EntryPoint","urlTemplate":"https:\/\/unifsa.com.br\/site\/?s={search_term_string}"},"query-input":{"@type":"PropertyValueSpecification","valueRequired":true,"valueName":"search_term_string"}}],"inLanguage":"pt-BR"},{"@type":"Organization","@id":"https:\/\/unifsa.com.br\/site\/#organization","name":"Centro Universit\u00e1rio Santo Agostinho - UNIFSA","url":"https:\/\/unifsa.com.br\/site\/","logo":{"@type":"ImageObject","inLanguage":"pt-BR","@id":"https:\/\/unifsa.com.br\/site\/#\/schema\/logo\/image\/","url":"https:\/\/unifsa.com.br\/site\/wp-content\/uploads\/2023\/03\/MARCA-UNIFSA-CIC23-q2apjs1mt975cf1wl25b044coj90fwoiee1kya6800.png","contentUrl":"https:\/\/unifsa.com.br\/site\/wp-content\/uploads\/2023\/03\/MARCA-UNIFSA-CIC23-q2apjs1mt975cf1wl25b044coj90fwoiee1kya6800.png","width":103,"height":100,"caption":"Centro Universit\u00e1rio Santo Agostinho - UNIFSA"},"image":{"@id":"https:\/\/unifsa.com.br\/site\/#\/schema\/logo\/image\/"},"sameAs":["https:\/\/www.facebook.com\/unifsa\/","https:\/\/www.instagram.com\/unifsa\/"]},{"@type":"Person","@id":"https:\/\/unifsa.com.br\/site\/#\/schema\/person\/6f5e8438b96168f9894cb9fe5816660f","name":"UNIFSA","image":{"@type":"ImageObject","inLanguage":"pt-BR","@id":"https:\/\/unifsa.com.br\/site\/#\/schema\/person\/image\/","url":"https:\/\/secure.gravatar.com\/avatar\/3d1043775cda1d91d725491548f9b3a0909638e5fcbd418ee6b285ebfaa2ae59?s=96&d=mm&r=g","contentUrl":"https:\/\/secure.gravatar.com\/avatar\/3d1043775cda1d91d725491548f9b3a0909638e5fcbd418ee6b285ebfaa2ae59?s=96&d=mm&r=g","caption":"UNIFSA"},"url":"https:\/\/unifsa.com.br\/site\/author\/rogerbezerra\/"}]}},"_links":{"self":[{"href":"https:\/\/unifsa.com.br\/site\/wp-json\/wp\/v2\/posts\/23546","targetHints":{"allow":["GET"]}}],"collection":[{"href":"https:\/\/unifsa.com.br\/site\/wp-json\/wp\/v2\/posts"}],"about":[{"href":"https:\/\/unifsa.com.br\/site\/wp-json\/wp\/v2\/types\/post"}],"author":[{"embeddable":true,"href":"https:\/\/unifsa.com.br\/site\/wp-json\/wp\/v2\/users\/1"}],"replies":[{"embeddable":true,"href":"https:\/\/unifsa.com.br\/site\/wp-json\/wp\/v2\/comments?post=23546"}],"version-history":[{"count":2,"href":"https:\/\/unifsa.com.br\/site\/wp-json\/wp\/v2\/posts\/23546\/revisions"}],"predecessor-version":[{"id":23560,"href":"https:\/\/unifsa.com.br\/site\/wp-json\/wp\/v2\/posts\/23546\/revisions\/23560"}],"wp:featuredmedia":[{"embeddable":true,"href":"https:\/\/unifsa.com.br\/site\/wp-json\/wp\/v2\/media\/23556"}],"wp:attachment":[{"href":"https:\/\/unifsa.com.br\/site\/wp-json\/wp\/v2\/media?parent=23546"}],"wp:term":[{"taxonomy":"category","embeddable":true,"href":"https:\/\/unifsa.com.br\/site\/wp-json\/wp\/v2\/categories?post=23546"},{"taxonomy":"post_tag","embeddable":true,"href":"https:\/\/unifsa.com.br\/site\/wp-json\/wp\/v2\/tags?post=23546"}],"curies":[{"name":"wp","href":"https:\/\/api.w.org\/{rel}","templated":true}]}}