{"id":23507,"date":"2023-09-13T08:06:11","date_gmt":"2023-09-13T11:06:11","guid":{"rendered":"https:\/\/unifsa.com.br\/site\/?p=23507"},"modified":"2023-09-13T09:11:19","modified_gmt":"2023-09-13T12:11:19","slug":"oab-pi-e-parceira-oficial-do-i-cics","status":"publish","type":"post","link":"https:\/\/unifsa.com.br\/site\/oab-pi-e-parceira-oficial-do-i-cics\/","title":{"rendered":"OAB PI \u00e9 parceira oficial do I CICS"},"content":{"rendered":"\n<p class=\"texto-justificado\">A Seccional Piauiense da Ordem dos Advogados do Brasil (OAB PI) \u00e9 oficialmente uma parceira do I Congresso Internacional Ci\u00eancia e Sociedade (CICS), que acontecer\u00e1 de 04 a 07 de outubro, em busca de aproximar a sociedade das pr\u00e1ticas cient\u00edficas contempor\u00e2neas.<\/p>\n\n\n\n<div class=\"wp-block-buttons is-content-justification-center is-layout-flex wp-container-core-buttons-is-layout-16018d1d wp-block-buttons-is-layout-flex\">\n<div class=\"wp-block-button\"><a class=\"wp-block-button__link has-white-color has-vivid-cyan-blue-background-color has-text-color has-background wp-element-button\" href=\"https:\/\/accounts.galoa.com.br\/br\/realm\/cics-2023\/login?destination=oauth2\/authorize&amp;origin=eventdashboard\">Inscreva-se no I CICS<\/a><\/div>\n<\/div>\n\n\n<div class=\"wp-block-image\">\n<figure class=\"alignleft size-full is-resized\"><img decoding=\"async\" src=\"https:\/\/unifsa.com.br\/site\/wp-content\/uploads\/2023\/07\/dc613ad9d9becad1d98932650e7bd5e9-removebg-preview.png\" alt=\"\" class=\"wp-image-23510\" width=\"217\" height=\"211\" srcset=\"https:\/\/unifsa.com.br\/site\/wp-content\/uploads\/2023\/07\/dc613ad9d9becad1d98932650e7bd5e9-removebg-preview.png 500w, https:\/\/unifsa.com.br\/site\/wp-content\/uploads\/2023\/07\/dc613ad9d9becad1d98932650e7bd5e9-removebg-preview-300x292.png 300w\" sizes=\"(max-width: 217px) 100vw, 217px\" \/><\/figure>\n<\/div>\n\n\n<p class=\"texto-justificado\">Uma das mais tradicionais do Pa\u00eds, a OAB-PI foi institu\u00edda em 1932, e exerce um papel fundamental na sociedade, sobretudo na&nbsp;presta\u00e7\u00e3o de servi\u00e7os essenciais para a garantia dos direitos e deveres da Advocacia e do povo. Dentre as atribui\u00e7\u00f5es do Conselho Seccional, temos:<\/p>\n\n\n\n<ol class=\"wp-block-list\">\n<li>Realizar o Exame de Ordem;<\/li>\n\n\n\n<li class=\"texto-justificado\">Participar da elabora\u00e7\u00e3o dos concursos p\u00fablicos, em todas as suas fases, nos casos previstos na Constitui\u00e7\u00e3o e nas leis, no \u00e2mbito do seu territ\u00f3rio;<\/li>\n\n\n\n<li class=\"texto-justificado\">Determinar, com exclusividade, crit\u00e9rios para o traje dos advogados, no exerc\u00edcio profissional;<\/li>\n\n\n\n<li>Aprovar e modificar seu or\u00e7amento anual;<\/li>\n\n\n\n<li class=\"texto-justificado\">Eleger as listas, constitucionalmente previstas, para preenchimento dos cargos nos tribunais judici\u00e1rios, no \u00e2mbito de sua compet\u00eancia e na forma do Provimento do Conselho Federal, vedada a inclus\u00e3o de membros do pr\u00f3prio Conselho e de qualquer \u00f3rg\u00e3o da OAB.<\/li>\n<\/ol>\n\n\n<div class=\"wp-block-image\">\n<figure class=\"alignright size-large is-resized\"><img fetchpriority=\"high\" decoding=\"async\" src=\"https:\/\/unifsa.com.br\/site\/wp-content\/uploads\/2023\/09\/presidentes-parceiros-cics-6-1-724x1024.png\" alt=\"\" class=\"wp-image-25357\" width=\"218\" height=\"308\" srcset=\"https:\/\/unifsa.com.br\/site\/wp-content\/uploads\/2023\/09\/presidentes-parceiros-cics-6-1-724x1024.png 724w, https:\/\/unifsa.com.br\/site\/wp-content\/uploads\/2023\/09\/presidentes-parceiros-cics-6-1-212x300.png 212w, https:\/\/unifsa.com.br\/site\/wp-content\/uploads\/2023\/09\/presidentes-parceiros-cics-6-1-768x1086.png 768w, https:\/\/unifsa.com.br\/site\/wp-content\/uploads\/2023\/09\/presidentes-parceiros-cics-6-1-1086x1536.png 1086w, https:\/\/unifsa.com.br\/site\/wp-content\/uploads\/2023\/09\/presidentes-parceiros-cics-6-1.png 1414w\" sizes=\"(max-width: 218px) 100vw, 218px\" \/><\/figure>\n<\/div>\n\n\n<p class=\"texto-justificado\">Sob a presid\u00eancia do advogado e procurador Celso Barros Coelho Neto, a OAB PI busca valorizar e reconhecer a import\u00e2ncia dos(as) advogados(as) para a sociedade piauiense e brasileira.<\/p>\n\n\n\n<blockquote class=\"wp-block-quote is-layout-flow wp-block-quote-is-layout-flow\">\n<p class=\"texto-justificado\">A OAB Piau\u00ed, como entidade que preza pelos direitos dos cidad\u00e3os e pela defesa da democracia, tem essa preocupa\u00e7\u00e3o com a valoriza\u00e7\u00e3o do Advogado e da Advogada. Somos instrumentos indispens\u00e1veis \u00e0 Administra\u00e7\u00e3o da Justi\u00e7a. Trabalhamos por uma sociedade mais justa e igualit\u00e1ria.&nbsp;<\/p>\n<cite>Celso Barros Coelho Neto, presidente da OAB-PI<\/cite><\/blockquote>\n\n\n\n<p class=\"texto-justificado\">Al\u00e9m desta Ordem, o I CICS tamb\u00e9m tem como parceira a Nova ESA\/PI &#8211; Escola Superior de Advocacia do Piau\u00ed, que constitui-se como \u00f3rg\u00e3o de assessoria auxiliar da dire\u00e7\u00e3o da OAB-PI. Ela \u00e9 dirigida pelo advogado Dr. Thiago Anast\u00e1cio Carcar\u00e1 e possui parceria com o UNIFSA na constru\u00e7\u00e3o de P\u00f3s-gradua\u00e7\u00f5es na \u00e1rea do Direito.<\/p>\n\n\n\n<p class=\"texto-justificado\">Diante disso, a OAB PI participar\u00e1 do I CICS de forma direta. Seu presidente e o diretor da ESA estar\u00e3o presentes na mesa &#8220;Direito 5.0: tecnologias, ci\u00eancias sociais e debate pr\u00e1tico para constru\u00e7\u00e3o de uma nova sociabilidade&#8221;, apresentada no segundo dia de evento.<\/p>\n\n\n\n<p class=\"texto-justificado\">Al\u00e9m disso, a institui\u00e7\u00e3o estar\u00e1 representada em um dos grupos de trabalho, o de Direito e Tecnologia: Possibilidades e Desafios da Sociedade em Rede. Os GTs s\u00e3o espa\u00e7os de interlocu\u00e7\u00e3o, destinados a reunir pesquisadores com interesses acad\u00eamicos em comum. Nesses espa\u00e7os, pesquisadores de diferentes campos do conhecimento debater\u00e3o pesquisas em uma perspectiva multidisciplinar, o que ir\u00e1 contribuir para fomentar novos estudos e para a amplia\u00e7\u00e3o de networking acad\u00eamico.<\/p>\n\n\n\n<div class=\"wp-block-buttons is-content-justification-center is-layout-flex wp-container-core-buttons-is-layout-16018d1d wp-block-buttons-is-layout-flex\">\n<div class=\"wp-block-button\"><a class=\"wp-block-button__link has-white-color has-vivid-cyan-blue-background-color has-text-color has-background wp-element-button\" href=\"https:\/\/unifsa.com.br\/cics2023\/grupos-tematicos\/\">Confira os GTs dispon\u00edveis no I CICS<\/a><\/div>\n<\/div>\n\n\n\n<h2 class=\"wp-block-heading has-vivid-cyan-blue-color has-text-color\">Contatos &#8211; OAB\/PI<\/h2>\n\n\n\n<figure class=\"wp-block-image size-large\"><img decoding=\"async\" width=\"1024\" height=\"219\" src=\"https:\/\/unifsa.com.br\/site\/wp-content\/uploads\/2023\/09\/parceiros-cics-7-1024x219.png\" alt=\"\" class=\"wp-image-25328\" srcset=\"https:\/\/unifsa.com.br\/site\/wp-content\/uploads\/2023\/09\/parceiros-cics-7-1024x219.png 1024w, https:\/\/unifsa.com.br\/site\/wp-content\/uploads\/2023\/09\/parceiros-cics-7-300x64.png 300w, https:\/\/unifsa.com.br\/site\/wp-content\/uploads\/2023\/09\/parceiros-cics-7-768x164.png 768w, https:\/\/unifsa.com.br\/site\/wp-content\/uploads\/2023\/09\/parceiros-cics-7-1536x329.png 1536w, https:\/\/unifsa.com.br\/site\/wp-content\/uploads\/2023\/09\/parceiros-cics-7.png 1920w\" sizes=\"(max-width: 1024px) 100vw, 1024px\" \/><\/figure>\n","protected":false},"excerpt":{"rendered":"<p>A Seccional Piauiense da Ordem dos Advogados do Brasil (OAB PI) \u00e9 oficialmente uma parceira do I Congresso Internacional Ci\u00eancia e Sociedade (CICS), que acontecer\u00e1 de 04 a 07 de outubro, em busca de aproximar a sociedade das pr\u00e1ticas cient\u00edficas contempor\u00e2neas. Uma das mais tradicionais do Pa\u00eds, a OAB-PI foi institu\u00edda em 1932, e exerce<\/p>\n","protected":false},"author":11,"featured_media":25327,"comment_status":"closed","ping_status":"open","sticky":false,"template":"","format":"standard","meta":{"_acf_changed":false,"footnotes":""},"categories":[6,1191,53],"tags":[1324,1188,1197,1199],"class_list":["post-23507","post","type-post","status-publish","format-standard","has-post-thumbnail","hentry","category-acontece-na-unifsa","category-cics-2023","category-direito","tag-esa-pi","tag-i-cics","tag-i-congresso-internacional-ciencia-e-sociedade","tag-oab-pi"],"acf":[],"yoast_head":"<!-- This site is optimized with the Yoast SEO plugin v26.5 - https:\/\/yoast.com\/wordpress\/plugins\/seo\/ -->\n<title>OAB PI \u00e9 parceira oficial do I CICS - Centro Universit\u00e1rio Santo Agostinho - UNIFSA<\/title>\n<meta name=\"robots\" content=\"index, follow, max-snippet:-1, max-image-preview:large, max-video-preview:-1\" \/>\n<link rel=\"canonical\" href=\"https:\/\/unifsa.com.br\/site\/oab-pi-e-parceira-oficial-do-i-cics\/\" \/>\n<meta property=\"og:locale\" content=\"pt_BR\" \/>\n<meta property=\"og:type\" content=\"article\" \/>\n<meta property=\"og:title\" content=\"OAB PI \u00e9 parceira oficial do I CICS - Centro Universit\u00e1rio Santo Agostinho - UNIFSA\" \/>\n<meta property=\"og:description\" content=\"A Seccional Piauiense da Ordem dos Advogados do Brasil (OAB PI) \u00e9 oficialmente uma parceira do I Congresso Internacional Ci\u00eancia e Sociedade (CICS), que acontecer\u00e1 de 04 a 07 de outubro, em busca de aproximar a sociedade das pr\u00e1ticas cient\u00edficas contempor\u00e2neas. Uma das mais tradicionais do Pa\u00eds, a OAB-PI foi institu\u00edda em 1932, e exerce\" \/>\n<meta property=\"og:url\" content=\"https:\/\/unifsa.com.br\/site\/oab-pi-e-parceira-oficial-do-i-cics\/\" \/>\n<meta property=\"og:site_name\" content=\"Centro Universit\u00e1rio Santo Agostinho - UNIFSA\" \/>\n<meta property=\"article:publisher\" content=\"https:\/\/www.facebook.com\/unifsa\/\" \/>\n<meta property=\"article:published_time\" content=\"2023-09-13T11:06:11+00:00\" \/>\n<meta property=\"article:modified_time\" content=\"2023-09-13T12:11:19+00:00\" \/>\n<meta property=\"og:image\" content=\"https:\/\/unifsa.com.br\/site\/wp-content\/uploads\/2023\/09\/SITE-PARCEIRO-7.png\" \/>\n\t<meta property=\"og:image:width\" content=\"1005\" \/>\n\t<meta property=\"og:image:height\" content=\"426\" \/>\n\t<meta property=\"og:image:type\" content=\"image\/png\" \/>\n<meta name=\"author\" content=\"Oceannyra Kelly da Cruz Silva\" \/>\n<meta name=\"twitter:card\" content=\"summary_large_image\" \/>\n<meta name=\"twitter:label1\" content=\"Escrito por\" \/>\n\t<meta name=\"twitter:data1\" content=\"Oceannyra Kelly da Cruz Silva\" \/>\n\t<meta name=\"twitter:label2\" content=\"Est. tempo de leitura\" \/>\n\t<meta name=\"twitter:data2\" content=\"3 minutos\" \/>\n<script type=\"application\/ld+json\" class=\"yoast-schema-graph\">{\"@context\":\"https:\/\/schema.org\",\"@graph\":[{\"@type\":\"Article\",\"@id\":\"https:\/\/unifsa.com.br\/site\/oab-pi-e-parceira-oficial-do-i-cics\/#article\",\"isPartOf\":{\"@id\":\"https:\/\/unifsa.com.br\/site\/oab-pi-e-parceira-oficial-do-i-cics\/\"},\"author\":{\"name\":\"Oceannyra Kelly da Cruz Silva\",\"@id\":\"https:\/\/unifsa.com.br\/site\/#\/schema\/person\/a4cec94bbc6ddf98f579162824de9bf2\"},\"headline\":\"OAB PI \u00e9 parceira oficial do I CICS\",\"datePublished\":\"2023-09-13T11:06:11+00:00\",\"dateModified\":\"2023-09-13T12:11:19+00:00\",\"mainEntityOfPage\":{\"@id\":\"https:\/\/unifsa.com.br\/site\/oab-pi-e-parceira-oficial-do-i-cics\/\"},\"wordCount\":486,\"publisher\":{\"@id\":\"https:\/\/unifsa.com.br\/site\/#organization\"},\"image\":{\"@id\":\"https:\/\/unifsa.com.br\/site\/oab-pi-e-parceira-oficial-do-i-cics\/#primaryimage\"},\"thumbnailUrl\":\"https:\/\/unifsa.com.br\/site\/wp-content\/uploads\/2023\/09\/SITE-PARCEIRO-7.png\",\"keywords\":[\"ESA\/PI\",\"I CICS\",\"I Congresso Internacional Ci\u00eancia e Sociedade\",\"OAB\/PI\"],\"articleSection\":[\"Acontece na UNIFSA\",\"CICS 2023\",\"Direito\"],\"inLanguage\":\"pt-BR\"},{\"@type\":\"WebPage\",\"@id\":\"https:\/\/unifsa.com.br\/site\/oab-pi-e-parceira-oficial-do-i-cics\/\",\"url\":\"https:\/\/unifsa.com.br\/site\/oab-pi-e-parceira-oficial-do-i-cics\/\",\"name\":\"OAB PI \u00e9 parceira oficial do I CICS - Centro Universit\u00e1rio Santo Agostinho - UNIFSA\",\"isPartOf\":{\"@id\":\"https:\/\/unifsa.com.br\/site\/#website\"},\"primaryImageOfPage\":{\"@id\":\"https:\/\/unifsa.com.br\/site\/oab-pi-e-parceira-oficial-do-i-cics\/#primaryimage\"},\"image\":{\"@id\":\"https:\/\/unifsa.com.br\/site\/oab-pi-e-parceira-oficial-do-i-cics\/#primaryimage\"},\"thumbnailUrl\":\"https:\/\/unifsa.com.br\/site\/wp-content\/uploads\/2023\/09\/SITE-PARCEIRO-7.png\",\"datePublished\":\"2023-09-13T11:06:11+00:00\",\"dateModified\":\"2023-09-13T12:11:19+00:00\",\"breadcrumb\":{\"@id\":\"https:\/\/unifsa.com.br\/site\/oab-pi-e-parceira-oficial-do-i-cics\/#breadcrumb\"},\"inLanguage\":\"pt-BR\",\"potentialAction\":[{\"@type\":\"ReadAction\",\"target\":[\"https:\/\/unifsa.com.br\/site\/oab-pi-e-parceira-oficial-do-i-cics\/\"]}]},{\"@type\":\"ImageObject\",\"inLanguage\":\"pt-BR\",\"@id\":\"https:\/\/unifsa.com.br\/site\/oab-pi-e-parceira-oficial-do-i-cics\/#primaryimage\",\"url\":\"https:\/\/unifsa.com.br\/site\/wp-content\/uploads\/2023\/09\/SITE-PARCEIRO-7.png\",\"contentUrl\":\"https:\/\/unifsa.com.br\/site\/wp-content\/uploads\/2023\/09\/SITE-PARCEIRO-7.png\",\"width\":1005,\"height\":426},{\"@type\":\"BreadcrumbList\",\"@id\":\"https:\/\/unifsa.com.br\/site\/oab-pi-e-parceira-oficial-do-i-cics\/#breadcrumb\",\"itemListElement\":[{\"@type\":\"ListItem\",\"position\":1,\"name\":\"In\u00edcio\",\"item\":\"https:\/\/unifsa.com.br\/site\/\"},{\"@type\":\"ListItem\",\"position\":2,\"name\":\"OAB PI \u00e9 parceira oficial do I CICS\"}]},{\"@type\":\"WebSite\",\"@id\":\"https:\/\/unifsa.com.br\/site\/#website\",\"url\":\"https:\/\/unifsa.com.br\/site\/\",\"name\":\"Centro Universit\u00e1rio Santo Agostinho - UNIFSA\",\"description\":\"Conhecimento para toda a vida\",\"publisher\":{\"@id\":\"https:\/\/unifsa.com.br\/site\/#organization\"},\"potentialAction\":[{\"@type\":\"SearchAction\",\"target\":{\"@type\":\"EntryPoint\",\"urlTemplate\":\"https:\/\/unifsa.com.br\/site\/?s={search_term_string}\"},\"query-input\":{\"@type\":\"PropertyValueSpecification\",\"valueRequired\":true,\"valueName\":\"search_term_string\"}}],\"inLanguage\":\"pt-BR\"},{\"@type\":\"Organization\",\"@id\":\"https:\/\/unifsa.com.br\/site\/#organization\",\"name\":\"Centro Universit\u00e1rio Santo Agostinho - UNIFSA\",\"url\":\"https:\/\/unifsa.com.br\/site\/\",\"logo\":{\"@type\":\"ImageObject\",\"inLanguage\":\"pt-BR\",\"@id\":\"https:\/\/unifsa.com.br\/site\/#\/schema\/logo\/image\/\",\"url\":\"https:\/\/unifsa.com.br\/site\/wp-content\/uploads\/2023\/03\/MARCA-UNIFSA-CIC23-q2apjs1mt975cf1wl25b044coj90fwoiee1kya6800.png\",\"contentUrl\":\"https:\/\/unifsa.com.br\/site\/wp-content\/uploads\/2023\/03\/MARCA-UNIFSA-CIC23-q2apjs1mt975cf1wl25b044coj90fwoiee1kya6800.png\",\"width\":103,\"height\":100,\"caption\":\"Centro Universit\u00e1rio Santo Agostinho - UNIFSA\"},\"image\":{\"@id\":\"https:\/\/unifsa.com.br\/site\/#\/schema\/logo\/image\/\"},\"sameAs\":[\"https:\/\/www.facebook.com\/unifsa\/\",\"https:\/\/www.instagram.com\/unifsa\/\"]},{\"@type\":\"Person\",\"@id\":\"https:\/\/unifsa.com.br\/site\/#\/schema\/person\/a4cec94bbc6ddf98f579162824de9bf2\",\"name\":\"Oceannyra Kelly da Cruz Silva\",\"image\":{\"@type\":\"ImageObject\",\"inLanguage\":\"pt-BR\",\"@id\":\"https:\/\/unifsa.com.br\/site\/#\/schema\/person\/image\/\",\"url\":\"https:\/\/secure.gravatar.com\/avatar\/05c87cd6fa2c3c73262055bd9341438a47e77a37053b409b3cf4f8df60ea8eb8?s=96&d=mm&r=g\",\"contentUrl\":\"https:\/\/secure.gravatar.com\/avatar\/05c87cd6fa2c3c73262055bd9341438a47e77a37053b409b3cf4f8df60ea8eb8?s=96&d=mm&r=g\",\"caption\":\"Oceannyra Kelly da Cruz Silva\"},\"url\":\"https:\/\/unifsa.com.br\/site\/author\/oceannyrakelly\/\"}]}<\/script>\n<!-- \/ Yoast SEO plugin. -->","yoast_head_json":{"title":"OAB PI \u00e9 parceira oficial do I CICS - Centro Universit\u00e1rio Santo Agostinho - UNIFSA","robots":{"index":"index","follow":"follow","max-snippet":"max-snippet:-1","max-image-preview":"max-image-preview:large","max-video-preview":"max-video-preview:-1"},"canonical":"https:\/\/unifsa.com.br\/site\/oab-pi-e-parceira-oficial-do-i-cics\/","og_locale":"pt_BR","og_type":"article","og_title":"OAB PI \u00e9 parceira oficial do I CICS - Centro Universit\u00e1rio Santo Agostinho - UNIFSA","og_description":"A Seccional Piauiense da Ordem dos Advogados do Brasil (OAB PI) \u00e9 oficialmente uma parceira do I Congresso Internacional Ci\u00eancia e Sociedade (CICS), que acontecer\u00e1 de 04 a 07 de outubro, em busca de aproximar a sociedade das pr\u00e1ticas cient\u00edficas contempor\u00e2neas. Uma das mais tradicionais do Pa\u00eds, a OAB-PI foi institu\u00edda em 1932, e exerce","og_url":"https:\/\/unifsa.com.br\/site\/oab-pi-e-parceira-oficial-do-i-cics\/","og_site_name":"Centro Universit\u00e1rio Santo Agostinho - UNIFSA","article_publisher":"https:\/\/www.facebook.com\/unifsa\/","article_published_time":"2023-09-13T11:06:11+00:00","article_modified_time":"2023-09-13T12:11:19+00:00","og_image":[{"width":1005,"height":426,"url":"https:\/\/unifsa.com.br\/site\/wp-content\/uploads\/2023\/09\/SITE-PARCEIRO-7.png","type":"image\/png"}],"author":"Oceannyra Kelly da Cruz Silva","twitter_card":"summary_large_image","twitter_misc":{"Escrito por":"Oceannyra Kelly da Cruz Silva","Est. tempo de leitura":"3 minutos"},"schema":{"@context":"https:\/\/schema.org","@graph":[{"@type":"Article","@id":"https:\/\/unifsa.com.br\/site\/oab-pi-e-parceira-oficial-do-i-cics\/#article","isPartOf":{"@id":"https:\/\/unifsa.com.br\/site\/oab-pi-e-parceira-oficial-do-i-cics\/"},"author":{"name":"Oceannyra Kelly da Cruz Silva","@id":"https:\/\/unifsa.com.br\/site\/#\/schema\/person\/a4cec94bbc6ddf98f579162824de9bf2"},"headline":"OAB PI \u00e9 parceira oficial do I CICS","datePublished":"2023-09-13T11:06:11+00:00","dateModified":"2023-09-13T12:11:19+00:00","mainEntityOfPage":{"@id":"https:\/\/unifsa.com.br\/site\/oab-pi-e-parceira-oficial-do-i-cics\/"},"wordCount":486,"publisher":{"@id":"https:\/\/unifsa.com.br\/site\/#organization"},"image":{"@id":"https:\/\/unifsa.com.br\/site\/oab-pi-e-parceira-oficial-do-i-cics\/#primaryimage"},"thumbnailUrl":"https:\/\/unifsa.com.br\/site\/wp-content\/uploads\/2023\/09\/SITE-PARCEIRO-7.png","keywords":["ESA\/PI","I CICS","I Congresso Internacional Ci\u00eancia e Sociedade","OAB\/PI"],"articleSection":["Acontece na UNIFSA","CICS 2023","Direito"],"inLanguage":"pt-BR"},{"@type":"WebPage","@id":"https:\/\/unifsa.com.br\/site\/oab-pi-e-parceira-oficial-do-i-cics\/","url":"https:\/\/unifsa.com.br\/site\/oab-pi-e-parceira-oficial-do-i-cics\/","name":"OAB PI \u00e9 parceira oficial do I CICS - Centro Universit\u00e1rio Santo Agostinho - UNIFSA","isPartOf":{"@id":"https:\/\/unifsa.com.br\/site\/#website"},"primaryImageOfPage":{"@id":"https:\/\/unifsa.com.br\/site\/oab-pi-e-parceira-oficial-do-i-cics\/#primaryimage"},"image":{"@id":"https:\/\/unifsa.com.br\/site\/oab-pi-e-parceira-oficial-do-i-cics\/#primaryimage"},"thumbnailUrl":"https:\/\/unifsa.com.br\/site\/wp-content\/uploads\/2023\/09\/SITE-PARCEIRO-7.png","datePublished":"2023-09-13T11:06:11+00:00","dateModified":"2023-09-13T12:11:19+00:00","breadcrumb":{"@id":"https:\/\/unifsa.com.br\/site\/oab-pi-e-parceira-oficial-do-i-cics\/#breadcrumb"},"inLanguage":"pt-BR","potentialAction":[{"@type":"ReadAction","target":["https:\/\/unifsa.com.br\/site\/oab-pi-e-parceira-oficial-do-i-cics\/"]}]},{"@type":"ImageObject","inLanguage":"pt-BR","@id":"https:\/\/unifsa.com.br\/site\/oab-pi-e-parceira-oficial-do-i-cics\/#primaryimage","url":"https:\/\/unifsa.com.br\/site\/wp-content\/uploads\/2023\/09\/SITE-PARCEIRO-7.png","contentUrl":"https:\/\/unifsa.com.br\/site\/wp-content\/uploads\/2023\/09\/SITE-PARCEIRO-7.png","width":1005,"height":426},{"@type":"BreadcrumbList","@id":"https:\/\/unifsa.com.br\/site\/oab-pi-e-parceira-oficial-do-i-cics\/#breadcrumb","itemListElement":[{"@type":"ListItem","position":1,"name":"In\u00edcio","item":"https:\/\/unifsa.com.br\/site\/"},{"@type":"ListItem","position":2,"name":"OAB PI \u00e9 parceira oficial do I CICS"}]},{"@type":"WebSite","@id":"https:\/\/unifsa.com.br\/site\/#website","url":"https:\/\/unifsa.com.br\/site\/","name":"Centro Universit\u00e1rio Santo Agostinho - UNIFSA","description":"Conhecimento para toda a vida","publisher":{"@id":"https:\/\/unifsa.com.br\/site\/#organization"},"potentialAction":[{"@type":"SearchAction","target":{"@type":"EntryPoint","urlTemplate":"https:\/\/unifsa.com.br\/site\/?s={search_term_string}"},"query-input":{"@type":"PropertyValueSpecification","valueRequired":true,"valueName":"search_term_string"}}],"inLanguage":"pt-BR"},{"@type":"Organization","@id":"https:\/\/unifsa.com.br\/site\/#organization","name":"Centro Universit\u00e1rio Santo Agostinho - UNIFSA","url":"https:\/\/unifsa.com.br\/site\/","logo":{"@type":"ImageObject","inLanguage":"pt-BR","@id":"https:\/\/unifsa.com.br\/site\/#\/schema\/logo\/image\/","url":"https:\/\/unifsa.com.br\/site\/wp-content\/uploads\/2023\/03\/MARCA-UNIFSA-CIC23-q2apjs1mt975cf1wl25b044coj90fwoiee1kya6800.png","contentUrl":"https:\/\/unifsa.com.br\/site\/wp-content\/uploads\/2023\/03\/MARCA-UNIFSA-CIC23-q2apjs1mt975cf1wl25b044coj90fwoiee1kya6800.png","width":103,"height":100,"caption":"Centro Universit\u00e1rio Santo Agostinho - UNIFSA"},"image":{"@id":"https:\/\/unifsa.com.br\/site\/#\/schema\/logo\/image\/"},"sameAs":["https:\/\/www.facebook.com\/unifsa\/","https:\/\/www.instagram.com\/unifsa\/"]},{"@type":"Person","@id":"https:\/\/unifsa.com.br\/site\/#\/schema\/person\/a4cec94bbc6ddf98f579162824de9bf2","name":"Oceannyra Kelly da Cruz Silva","image":{"@type":"ImageObject","inLanguage":"pt-BR","@id":"https:\/\/unifsa.com.br\/site\/#\/schema\/person\/image\/","url":"https:\/\/secure.gravatar.com\/avatar\/05c87cd6fa2c3c73262055bd9341438a47e77a37053b409b3cf4f8df60ea8eb8?s=96&d=mm&r=g","contentUrl":"https:\/\/secure.gravatar.com\/avatar\/05c87cd6fa2c3c73262055bd9341438a47e77a37053b409b3cf4f8df60ea8eb8?s=96&d=mm&r=g","caption":"Oceannyra Kelly da Cruz Silva"},"url":"https:\/\/unifsa.com.br\/site\/author\/oceannyrakelly\/"}]}},"_links":{"self":[{"href":"https:\/\/unifsa.com.br\/site\/wp-json\/wp\/v2\/posts\/23507","targetHints":{"allow":["GET"]}}],"collection":[{"href":"https:\/\/unifsa.com.br\/site\/wp-json\/wp\/v2\/posts"}],"about":[{"href":"https:\/\/unifsa.com.br\/site\/wp-json\/wp\/v2\/types\/post"}],"author":[{"embeddable":true,"href":"https:\/\/unifsa.com.br\/site\/wp-json\/wp\/v2\/users\/11"}],"replies":[{"embeddable":true,"href":"https:\/\/unifsa.com.br\/site\/wp-json\/wp\/v2\/comments?post=23507"}],"version-history":[{"count":9,"href":"https:\/\/unifsa.com.br\/site\/wp-json\/wp\/v2\/posts\/23507\/revisions"}],"predecessor-version":[{"id":25371,"href":"https:\/\/unifsa.com.br\/site\/wp-json\/wp\/v2\/posts\/23507\/revisions\/25371"}],"wp:featuredmedia":[{"embeddable":true,"href":"https:\/\/unifsa.com.br\/site\/wp-json\/wp\/v2\/media\/25327"}],"wp:attachment":[{"href":"https:\/\/unifsa.com.br\/site\/wp-json\/wp\/v2\/media?parent=23507"}],"wp:term":[{"taxonomy":"category","embeddable":true,"href":"https:\/\/unifsa.com.br\/site\/wp-json\/wp\/v2\/categories?post=23507"},{"taxonomy":"post_tag","embeddable":true,"href":"https:\/\/unifsa.com.br\/site\/wp-json\/wp\/v2\/tags?post=23507"}],"curies":[{"name":"wp","href":"https:\/\/api.w.org\/{rel}","templated":true}]}}