{"id":23472,"date":"2023-08-09T10:28:19","date_gmt":"2023-08-09T13:28:19","guid":{"rendered":"https:\/\/unifsa.com.br\/site\/?p=23472"},"modified":"2023-08-09T11:22:21","modified_gmt":"2023-08-09T14:22:21","slug":"ciaten-e-parceiro-oficial-do-i-cics","status":"publish","type":"post","link":"https:\/\/unifsa.com.br\/site\/ciaten-e-parceiro-oficial-do-i-cics\/","title":{"rendered":"CIATEN \u00e9 parceiro oficial do I CICS"},"content":{"rendered":"\n<p class=\"texto-justificado\">O Centro de Intelig\u00eancia em Agravos Tropicais Emergentes e Negligenciados (CIATEN) \u00e9 oficialmente parceiro do I Congresso Internacional Ci\u00eancia e Sociedade (CICS), que ocorrer\u00e1 de 04 a 07 de outubro, que busca de aproximar a sociedade das pr\u00e1ticas cient\u00edficas contempor\u00e2neas.<\/p>\n\n\n\n<div class=\"wp-block-buttons is-content-justification-center is-layout-flex wp-container-core-buttons-is-layout-16018d1d wp-block-buttons-is-layout-flex\">\n<div class=\"wp-block-button\"><a class=\"wp-block-button__link has-white-color has-vivid-cyan-blue-background-color has-text-color has-background wp-element-button\" href=\"https:\/\/accounts.galoa.com.br\/br\/realm\/cics-2023\/login?destination=oauth2\/authorize&amp;origin=eventdashboard\">Inscreva-se no I CICS<\/a><\/div>\n<\/div>\n\n\n<div class=\"wp-block-image\">\n<figure class=\"alignleft size-full is-resized\"><img decoding=\"async\" src=\"https:\/\/unifsa.com.br\/site\/wp-content\/uploads\/2023\/07\/ciaten-logo-mini.e1996590d590d66da9fb.png\" alt=\"\" class=\"wp-image-23475\" width=\"100\" height=\"109\"\/><\/figure>\n<\/div>\n\n\n<p class=\"texto-justificado\">O CIATEN foi idealizado ao longo de v\u00e1rios anos e se constitui por meio de atividades, que incluem seus pesquisadores com colabora\u00e7\u00f5es e institui\u00e7\u00f5es internacionais como a Universidade de York, no Reino Unido e a Universidade de Teer\u00e3, no Ir\u00e3. Sua finalidade \u00e9 aprimorar o controle dos agravos tropicais emergentes e negligenciadas no contexto do Estado do Piau\u00ed e em regi\u00f5es similares:<\/p>\n\n\n\n<ol class=\"wp-block-list\">\n<li class=\"texto-justificado\">Elaborar pol\u00edticas p\u00fablicas baseadas em evid\u00eancias cient\u00edficas;<\/li>\n\n\n\n<li class=\"texto-justificado\">Gerar e difundir conhecimentos cient\u00edficos e tecnologias inovadoras;<\/li>\n\n\n\n<li class=\"texto-justificado\">Ensinar e treinar profissionais da administra\u00e7\u00e3o p\u00fablica e demais interessados;<\/li>\n\n\n\n<li class=\"texto-justificado\">Produzir f\u00e1rmacos e dispositivos biotecnol\u00f3gicos.<\/li>\n<\/ol>\n\n\n<div class=\"wp-block-image\">\n<figure class=\"alignright size-large is-resized\"><img fetchpriority=\"high\" decoding=\"async\" src=\"https:\/\/unifsa.com.br\/site\/wp-content\/uploads\/2023\/08\/1691587114253-724x1024.jpg\" alt=\"\" class=\"wp-image-23787\" width=\"190\" height=\"269\" srcset=\"https:\/\/unifsa.com.br\/site\/wp-content\/uploads\/2023\/08\/1691587114253-724x1024.jpg 724w, https:\/\/unifsa.com.br\/site\/wp-content\/uploads\/2023\/08\/1691587114253-212x300.jpg 212w, https:\/\/unifsa.com.br\/site\/wp-content\/uploads\/2023\/08\/1691587114253-768x1086.jpg 768w, https:\/\/unifsa.com.br\/site\/wp-content\/uploads\/2023\/08\/1691587114253-1086x1536.jpg 1086w, https:\/\/unifsa.com.br\/site\/wp-content\/uploads\/2023\/08\/1691587114253-1448x2048.jpg 1448w, https:\/\/unifsa.com.br\/site\/wp-content\/uploads\/2023\/08\/1691587114253-scaled.jpg 1810w\" sizes=\"(max-width: 190px) 100vw, 190px\" \/><\/figure>\n<\/div>\n\n\n<p class=\"texto-justificado\">O \u00f3rg\u00e3o \u00e9 um importante aliado da pesquisa no Piau\u00ed, principalmente na \u00e1rea da sa\u00fade, contribuindo para a melhoria da qualidade de vida da popula\u00e7\u00e3o, como afirmou o coordenador, Prof. Dr. Carlos Henrique Nery Costa.<\/p>\n\n\n\n<blockquote class=\"wp-block-quote is-layout-flow wp-block-quote-is-layout-flow\">\n<p class=\"texto-justificado\">O CIATEN tem tido uma atua\u00e7\u00e3o muito intensa no Estado do Piau\u00ed, apesar de limita\u00e7\u00f5es: poucos pesquisadores e um escopo relativamente limitado. Isso porque trata das doen\u00e7as &#8220;desconhecidas&#8221; e as doen\u00e7as negligenciadas, com vistas a trazer evid\u00eancias cient\u00edficas, que contribuam para a cria\u00e7\u00e3o e aprimoramento de pol\u00edticas p\u00fablicas. Sendo assim, o CIATEN \u00e9 um grande promotor de conhecimento multidisciplinar.<\/p>\n<cite>Prof. Dr. Carlos Henrique Nery Costa, coordenador geral do CIATEN<\/cite><\/blockquote>\n\n\n\n<p class=\"texto-justificado\">O coordenador tamb\u00e9m cita outra caracter\u00edstica importante na atua\u00e7\u00e3o do centro: a Multi-institucionalidade, pois canaliza institui\u00e7\u00f5es de ensino e pesquisa diversas, visando promover integra\u00e7\u00e3o, como \u00e9 o caso da parceria com o Centro Universit\u00e1rio Santo Agostinho.<\/p>\n\n\n\n<blockquote class=\"wp-block-quote is-layout-flow wp-block-quote-is-layout-flow\">\n<p class=\"texto-justificado\">O CIATEN valida uma iniciativa como o CICS pela voca\u00e7\u00e3o de divulga\u00e7\u00e3o cient\u00edfica e debates e discurs\u00f5es acad\u00eamicas.<\/p>\n<cite>Prof. Dr. Carlos Henrique Nery Costa, coordenador geral do CIATEN<\/cite><\/blockquote>\n\n\n\n<p class=\"texto-justificado\">O CIATEN participar\u00e1 do I CICS de forma direta. Al\u00e9m do Dr. Carlos Henrique Nery Costa, outros palestrantes renomados atuar\u00e3o em mesas e grupos tem\u00e1ticos. <\/p>\n\n\n\n<figure class=\"wp-block-image size-large\"><img decoding=\"async\" width=\"1024\" height=\"219\" src=\"https:\/\/unifsa.com.br\/site\/wp-content\/uploads\/2023\/08\/parceiros-cics-2-1024x219.png\" alt=\"\" class=\"wp-image-23804\" srcset=\"https:\/\/unifsa.com.br\/site\/wp-content\/uploads\/2023\/08\/parceiros-cics-2-1024x219.png 1024w, https:\/\/unifsa.com.br\/site\/wp-content\/uploads\/2023\/08\/parceiros-cics-2-300x64.png 300w, https:\/\/unifsa.com.br\/site\/wp-content\/uploads\/2023\/08\/parceiros-cics-2-768x164.png 768w, https:\/\/unifsa.com.br\/site\/wp-content\/uploads\/2023\/08\/parceiros-cics-2-1536x329.png 1536w, https:\/\/unifsa.com.br\/site\/wp-content\/uploads\/2023\/08\/parceiros-cics-2.png 1920w\" sizes=\"(max-width: 1024px) 100vw, 1024px\" \/><\/figure>\n\n\n\n<div class=\"wp-block-buttons is-content-justification-center is-layout-flex wp-container-core-buttons-is-layout-16018d1d wp-block-buttons-is-layout-flex\">\n<div class=\"wp-block-button\"><a class=\"wp-block-button__link has-vivid-cyan-blue-background-color has-background wp-element-button\" href=\"https:\/\/unifsa.com.br\/cics2023\/grupos-tematicos\/\">Confira os GTs dispon\u00edveis no I CICS<\/a><\/div>\n<\/div>\n\n\n\n<p class=\"texto-justificado\">Os GTs s\u00e3o espa\u00e7os de interlocu\u00e7\u00e3o, destinados a reunir pesquisadores com interesses acad\u00eamicos em comum. Nesses espa\u00e7os, pesquisadores de diferentes campos do conhecimento debater\u00e3o pesquisas em uma perspectiva multidisciplinar, o que ir\u00e1 contribuir para fomentar novos estudos e para a amplia\u00e7\u00e3o de networking acad\u00eamico.<\/p>\n\n\n\n<h3 class=\"wp-block-heading has-vivid-cyan-blue-color has-text-color\">Contatos &#8211; CIATEN<\/h3>\n\n\n\n<figure class=\"wp-block-image size-large\"><img loading=\"lazy\" decoding=\"async\" width=\"1024\" height=\"219\" src=\"https:\/\/unifsa.com.br\/site\/wp-content\/uploads\/2023\/07\/parceiros-cics--1024x219.png\" alt=\"\" class=\"wp-image-23478\" srcset=\"https:\/\/unifsa.com.br\/site\/wp-content\/uploads\/2023\/07\/parceiros-cics--1024x219.png 1024w, https:\/\/unifsa.com.br\/site\/wp-content\/uploads\/2023\/07\/parceiros-cics--300x64.png 300w, https:\/\/unifsa.com.br\/site\/wp-content\/uploads\/2023\/07\/parceiros-cics--768x164.png 768w, https:\/\/unifsa.com.br\/site\/wp-content\/uploads\/2023\/07\/parceiros-cics--1536x329.png 1536w, https:\/\/unifsa.com.br\/site\/wp-content\/uploads\/2023\/07\/parceiros-cics-.png 1920w\" sizes=\"(max-width: 1024px) 100vw, 1024px\" \/><\/figure>\n","protected":false},"excerpt":{"rendered":"<p>O Centro de Intelig\u00eancia em Agravos Tropicais Emergentes e Negligenciados (CIATEN) \u00e9 oficialmente parceiro do I Congresso Internacional Ci\u00eancia e Sociedade (CICS), que ocorrer\u00e1 de 04 a 07 de outubro, que busca de aproximar a sociedade das pr\u00e1ticas cient\u00edficas contempor\u00e2neas. O CIATEN foi idealizado ao longo de v\u00e1rios anos e se constitui por meio de<\/p>\n","protected":false},"author":11,"featured_media":23792,"comment_status":"closed","ping_status":"open","sticky":false,"template":"","format":"standard","meta":{"_acf_changed":false,"footnotes":""},"categories":[6,1191],"tags":[1286,806,1059,1188,85],"class_list":["post-23472","post","type-post","status-publish","format-standard","has-post-thumbnail","hentry","category-acontece-na-unifsa","category-cics-2023","tag-centro-de-inteligencia-em-agravos-tropicais-emergentes-e-negligenciados","tag-ciaten","tag-congresso-internacional-ciencia-e-sociedade","tag-i-cics","tag-pesquisa"],"acf":[],"yoast_head":"<!-- This site is optimized with the Yoast SEO plugin v26.5 - https:\/\/yoast.com\/wordpress\/plugins\/seo\/ -->\n<title>CIATEN \u00e9 parceiro oficial do I CICS - Centro Universit\u00e1rio Santo Agostinho - UNIFSA<\/title>\n<meta name=\"robots\" content=\"index, follow, max-snippet:-1, max-image-preview:large, max-video-preview:-1\" \/>\n<link rel=\"canonical\" href=\"https:\/\/unifsa.com.br\/site\/ciaten-e-parceiro-oficial-do-i-cics\/\" \/>\n<meta property=\"og:locale\" content=\"pt_BR\" \/>\n<meta property=\"og:type\" content=\"article\" \/>\n<meta property=\"og:title\" content=\"CIATEN \u00e9 parceiro oficial do I CICS - Centro Universit\u00e1rio Santo Agostinho - UNIFSA\" \/>\n<meta property=\"og:description\" content=\"O Centro de Intelig\u00eancia em Agravos Tropicais Emergentes e Negligenciados (CIATEN) \u00e9 oficialmente parceiro do I Congresso Internacional Ci\u00eancia e Sociedade (CICS), que ocorrer\u00e1 de 04 a 07 de outubro, que busca de aproximar a sociedade das pr\u00e1ticas cient\u00edficas contempor\u00e2neas. O CIATEN foi idealizado ao longo de v\u00e1rios anos e se constitui por meio de\" \/>\n<meta property=\"og:url\" content=\"https:\/\/unifsa.com.br\/site\/ciaten-e-parceiro-oficial-do-i-cics\/\" \/>\n<meta property=\"og:site_name\" content=\"Centro Universit\u00e1rio Santo Agostinho - UNIFSA\" \/>\n<meta property=\"article:publisher\" content=\"https:\/\/www.facebook.com\/unifsa\/\" \/>\n<meta property=\"article:published_time\" content=\"2023-08-09T13:28:19+00:00\" \/>\n<meta property=\"article:modified_time\" content=\"2023-08-09T14:22:21+00:00\" \/>\n<meta property=\"og:image\" content=\"https:\/\/unifsa.com.br\/site\/wp-content\/uploads\/2023\/08\/SITE-PARCEIRO-2.png\" \/>\n\t<meta property=\"og:image:width\" content=\"1005\" \/>\n\t<meta property=\"og:image:height\" content=\"426\" \/>\n\t<meta property=\"og:image:type\" content=\"image\/png\" \/>\n<meta name=\"author\" content=\"Oceannyra Kelly da Cruz Silva\" \/>\n<meta name=\"twitter:card\" content=\"summary_large_image\" \/>\n<meta name=\"twitter:label1\" content=\"Escrito por\" \/>\n\t<meta name=\"twitter:data1\" content=\"Oceannyra Kelly da Cruz Silva\" \/>\n\t<meta name=\"twitter:label2\" content=\"Est. tempo de leitura\" \/>\n\t<meta name=\"twitter:data2\" content=\"3 minutos\" \/>\n<script type=\"application\/ld+json\" class=\"yoast-schema-graph\">{\"@context\":\"https:\/\/schema.org\",\"@graph\":[{\"@type\":\"Article\",\"@id\":\"https:\/\/unifsa.com.br\/site\/ciaten-e-parceiro-oficial-do-i-cics\/#article\",\"isPartOf\":{\"@id\":\"https:\/\/unifsa.com.br\/site\/ciaten-e-parceiro-oficial-do-i-cics\/\"},\"author\":{\"name\":\"Oceannyra Kelly da Cruz Silva\",\"@id\":\"https:\/\/unifsa.com.br\/site\/#\/schema\/person\/a4cec94bbc6ddf98f579162824de9bf2\"},\"headline\":\"CIATEN \u00e9 parceiro oficial do I CICS\",\"datePublished\":\"2023-08-09T13:28:19+00:00\",\"dateModified\":\"2023-08-09T14:22:21+00:00\",\"mainEntityOfPage\":{\"@id\":\"https:\/\/unifsa.com.br\/site\/ciaten-e-parceiro-oficial-do-i-cics\/\"},\"wordCount\":435,\"publisher\":{\"@id\":\"https:\/\/unifsa.com.br\/site\/#organization\"},\"image\":{\"@id\":\"https:\/\/unifsa.com.br\/site\/ciaten-e-parceiro-oficial-do-i-cics\/#primaryimage\"},\"thumbnailUrl\":\"https:\/\/unifsa.com.br\/site\/wp-content\/uploads\/2023\/08\/SITE-PARCEIRO-2.png\",\"keywords\":[\"Centro de Intelig\u00eancia em Agravos Tropicais Emergentes e Negligenciados\",\"CIATEN\",\"CONGRESSO INTERNACIONAL CI\u00caNCIA E SOCIEDADE\",\"I CICS\",\"pesquisa\"],\"articleSection\":[\"Acontece na UNIFSA\",\"CICS 2023\"],\"inLanguage\":\"pt-BR\"},{\"@type\":\"WebPage\",\"@id\":\"https:\/\/unifsa.com.br\/site\/ciaten-e-parceiro-oficial-do-i-cics\/\",\"url\":\"https:\/\/unifsa.com.br\/site\/ciaten-e-parceiro-oficial-do-i-cics\/\",\"name\":\"CIATEN \u00e9 parceiro oficial do I CICS - Centro Universit\u00e1rio Santo Agostinho - UNIFSA\",\"isPartOf\":{\"@id\":\"https:\/\/unifsa.com.br\/site\/#website\"},\"primaryImageOfPage\":{\"@id\":\"https:\/\/unifsa.com.br\/site\/ciaten-e-parceiro-oficial-do-i-cics\/#primaryimage\"},\"image\":{\"@id\":\"https:\/\/unifsa.com.br\/site\/ciaten-e-parceiro-oficial-do-i-cics\/#primaryimage\"},\"thumbnailUrl\":\"https:\/\/unifsa.com.br\/site\/wp-content\/uploads\/2023\/08\/SITE-PARCEIRO-2.png\",\"datePublished\":\"2023-08-09T13:28:19+00:00\",\"dateModified\":\"2023-08-09T14:22:21+00:00\",\"breadcrumb\":{\"@id\":\"https:\/\/unifsa.com.br\/site\/ciaten-e-parceiro-oficial-do-i-cics\/#breadcrumb\"},\"inLanguage\":\"pt-BR\",\"potentialAction\":[{\"@type\":\"ReadAction\",\"target\":[\"https:\/\/unifsa.com.br\/site\/ciaten-e-parceiro-oficial-do-i-cics\/\"]}]},{\"@type\":\"ImageObject\",\"inLanguage\":\"pt-BR\",\"@id\":\"https:\/\/unifsa.com.br\/site\/ciaten-e-parceiro-oficial-do-i-cics\/#primaryimage\",\"url\":\"https:\/\/unifsa.com.br\/site\/wp-content\/uploads\/2023\/08\/SITE-PARCEIRO-2.png\",\"contentUrl\":\"https:\/\/unifsa.com.br\/site\/wp-content\/uploads\/2023\/08\/SITE-PARCEIRO-2.png\",\"width\":1005,\"height\":426},{\"@type\":\"BreadcrumbList\",\"@id\":\"https:\/\/unifsa.com.br\/site\/ciaten-e-parceiro-oficial-do-i-cics\/#breadcrumb\",\"itemListElement\":[{\"@type\":\"ListItem\",\"position\":1,\"name\":\"In\u00edcio\",\"item\":\"https:\/\/unifsa.com.br\/site\/\"},{\"@type\":\"ListItem\",\"position\":2,\"name\":\"CIATEN \u00e9 parceiro oficial do I CICS\"}]},{\"@type\":\"WebSite\",\"@id\":\"https:\/\/unifsa.com.br\/site\/#website\",\"url\":\"https:\/\/unifsa.com.br\/site\/\",\"name\":\"Centro Universit\u00e1rio Santo Agostinho - UNIFSA\",\"description\":\"Conhecimento para toda a vida\",\"publisher\":{\"@id\":\"https:\/\/unifsa.com.br\/site\/#organization\"},\"potentialAction\":[{\"@type\":\"SearchAction\",\"target\":{\"@type\":\"EntryPoint\",\"urlTemplate\":\"https:\/\/unifsa.com.br\/site\/?s={search_term_string}\"},\"query-input\":{\"@type\":\"PropertyValueSpecification\",\"valueRequired\":true,\"valueName\":\"search_term_string\"}}],\"inLanguage\":\"pt-BR\"},{\"@type\":\"Organization\",\"@id\":\"https:\/\/unifsa.com.br\/site\/#organization\",\"name\":\"Centro Universit\u00e1rio Santo Agostinho - UNIFSA\",\"url\":\"https:\/\/unifsa.com.br\/site\/\",\"logo\":{\"@type\":\"ImageObject\",\"inLanguage\":\"pt-BR\",\"@id\":\"https:\/\/unifsa.com.br\/site\/#\/schema\/logo\/image\/\",\"url\":\"https:\/\/unifsa.com.br\/site\/wp-content\/uploads\/2023\/03\/MARCA-UNIFSA-CIC23-q2apjs1mt975cf1wl25b044coj90fwoiee1kya6800.png\",\"contentUrl\":\"https:\/\/unifsa.com.br\/site\/wp-content\/uploads\/2023\/03\/MARCA-UNIFSA-CIC23-q2apjs1mt975cf1wl25b044coj90fwoiee1kya6800.png\",\"width\":103,\"height\":100,\"caption\":\"Centro Universit\u00e1rio Santo Agostinho - UNIFSA\"},\"image\":{\"@id\":\"https:\/\/unifsa.com.br\/site\/#\/schema\/logo\/image\/\"},\"sameAs\":[\"https:\/\/www.facebook.com\/unifsa\/\",\"https:\/\/www.instagram.com\/unifsa\/\"]},{\"@type\":\"Person\",\"@id\":\"https:\/\/unifsa.com.br\/site\/#\/schema\/person\/a4cec94bbc6ddf98f579162824de9bf2\",\"name\":\"Oceannyra Kelly da Cruz Silva\",\"image\":{\"@type\":\"ImageObject\",\"inLanguage\":\"pt-BR\",\"@id\":\"https:\/\/unifsa.com.br\/site\/#\/schema\/person\/image\/\",\"url\":\"https:\/\/secure.gravatar.com\/avatar\/05c87cd6fa2c3c73262055bd9341438a47e77a37053b409b3cf4f8df60ea8eb8?s=96&d=mm&r=g\",\"contentUrl\":\"https:\/\/secure.gravatar.com\/avatar\/05c87cd6fa2c3c73262055bd9341438a47e77a37053b409b3cf4f8df60ea8eb8?s=96&d=mm&r=g\",\"caption\":\"Oceannyra Kelly da Cruz Silva\"},\"url\":\"https:\/\/unifsa.com.br\/site\/author\/oceannyrakelly\/\"}]}<\/script>\n<!-- \/ Yoast SEO plugin. -->","yoast_head_json":{"title":"CIATEN \u00e9 parceiro oficial do I CICS - Centro Universit\u00e1rio Santo Agostinho - UNIFSA","robots":{"index":"index","follow":"follow","max-snippet":"max-snippet:-1","max-image-preview":"max-image-preview:large","max-video-preview":"max-video-preview:-1"},"canonical":"https:\/\/unifsa.com.br\/site\/ciaten-e-parceiro-oficial-do-i-cics\/","og_locale":"pt_BR","og_type":"article","og_title":"CIATEN \u00e9 parceiro oficial do I CICS - Centro Universit\u00e1rio Santo Agostinho - UNIFSA","og_description":"O Centro de Intelig\u00eancia em Agravos Tropicais Emergentes e Negligenciados (CIATEN) \u00e9 oficialmente parceiro do I Congresso Internacional Ci\u00eancia e Sociedade (CICS), que ocorrer\u00e1 de 04 a 07 de outubro, que busca de aproximar a sociedade das pr\u00e1ticas cient\u00edficas contempor\u00e2neas. O CIATEN foi idealizado ao longo de v\u00e1rios anos e se constitui por meio de","og_url":"https:\/\/unifsa.com.br\/site\/ciaten-e-parceiro-oficial-do-i-cics\/","og_site_name":"Centro Universit\u00e1rio Santo Agostinho - UNIFSA","article_publisher":"https:\/\/www.facebook.com\/unifsa\/","article_published_time":"2023-08-09T13:28:19+00:00","article_modified_time":"2023-08-09T14:22:21+00:00","og_image":[{"width":1005,"height":426,"url":"https:\/\/unifsa.com.br\/site\/wp-content\/uploads\/2023\/08\/SITE-PARCEIRO-2.png","type":"image\/png"}],"author":"Oceannyra Kelly da Cruz Silva","twitter_card":"summary_large_image","twitter_misc":{"Escrito por":"Oceannyra Kelly da Cruz Silva","Est. tempo de leitura":"3 minutos"},"schema":{"@context":"https:\/\/schema.org","@graph":[{"@type":"Article","@id":"https:\/\/unifsa.com.br\/site\/ciaten-e-parceiro-oficial-do-i-cics\/#article","isPartOf":{"@id":"https:\/\/unifsa.com.br\/site\/ciaten-e-parceiro-oficial-do-i-cics\/"},"author":{"name":"Oceannyra Kelly da Cruz Silva","@id":"https:\/\/unifsa.com.br\/site\/#\/schema\/person\/a4cec94bbc6ddf98f579162824de9bf2"},"headline":"CIATEN \u00e9 parceiro oficial do I CICS","datePublished":"2023-08-09T13:28:19+00:00","dateModified":"2023-08-09T14:22:21+00:00","mainEntityOfPage":{"@id":"https:\/\/unifsa.com.br\/site\/ciaten-e-parceiro-oficial-do-i-cics\/"},"wordCount":435,"publisher":{"@id":"https:\/\/unifsa.com.br\/site\/#organization"},"image":{"@id":"https:\/\/unifsa.com.br\/site\/ciaten-e-parceiro-oficial-do-i-cics\/#primaryimage"},"thumbnailUrl":"https:\/\/unifsa.com.br\/site\/wp-content\/uploads\/2023\/08\/SITE-PARCEIRO-2.png","keywords":["Centro de Intelig\u00eancia em Agravos Tropicais Emergentes e Negligenciados","CIATEN","CONGRESSO INTERNACIONAL CI\u00caNCIA E SOCIEDADE","I CICS","pesquisa"],"articleSection":["Acontece na UNIFSA","CICS 2023"],"inLanguage":"pt-BR"},{"@type":"WebPage","@id":"https:\/\/unifsa.com.br\/site\/ciaten-e-parceiro-oficial-do-i-cics\/","url":"https:\/\/unifsa.com.br\/site\/ciaten-e-parceiro-oficial-do-i-cics\/","name":"CIATEN \u00e9 parceiro oficial do I CICS - Centro Universit\u00e1rio Santo Agostinho - UNIFSA","isPartOf":{"@id":"https:\/\/unifsa.com.br\/site\/#website"},"primaryImageOfPage":{"@id":"https:\/\/unifsa.com.br\/site\/ciaten-e-parceiro-oficial-do-i-cics\/#primaryimage"},"image":{"@id":"https:\/\/unifsa.com.br\/site\/ciaten-e-parceiro-oficial-do-i-cics\/#primaryimage"},"thumbnailUrl":"https:\/\/unifsa.com.br\/site\/wp-content\/uploads\/2023\/08\/SITE-PARCEIRO-2.png","datePublished":"2023-08-09T13:28:19+00:00","dateModified":"2023-08-09T14:22:21+00:00","breadcrumb":{"@id":"https:\/\/unifsa.com.br\/site\/ciaten-e-parceiro-oficial-do-i-cics\/#breadcrumb"},"inLanguage":"pt-BR","potentialAction":[{"@type":"ReadAction","target":["https:\/\/unifsa.com.br\/site\/ciaten-e-parceiro-oficial-do-i-cics\/"]}]},{"@type":"ImageObject","inLanguage":"pt-BR","@id":"https:\/\/unifsa.com.br\/site\/ciaten-e-parceiro-oficial-do-i-cics\/#primaryimage","url":"https:\/\/unifsa.com.br\/site\/wp-content\/uploads\/2023\/08\/SITE-PARCEIRO-2.png","contentUrl":"https:\/\/unifsa.com.br\/site\/wp-content\/uploads\/2023\/08\/SITE-PARCEIRO-2.png","width":1005,"height":426},{"@type":"BreadcrumbList","@id":"https:\/\/unifsa.com.br\/site\/ciaten-e-parceiro-oficial-do-i-cics\/#breadcrumb","itemListElement":[{"@type":"ListItem","position":1,"name":"In\u00edcio","item":"https:\/\/unifsa.com.br\/site\/"},{"@type":"ListItem","position":2,"name":"CIATEN \u00e9 parceiro oficial do I CICS"}]},{"@type":"WebSite","@id":"https:\/\/unifsa.com.br\/site\/#website","url":"https:\/\/unifsa.com.br\/site\/","name":"Centro Universit\u00e1rio Santo Agostinho - UNIFSA","description":"Conhecimento para toda a vida","publisher":{"@id":"https:\/\/unifsa.com.br\/site\/#organization"},"potentialAction":[{"@type":"SearchAction","target":{"@type":"EntryPoint","urlTemplate":"https:\/\/unifsa.com.br\/site\/?s={search_term_string}"},"query-input":{"@type":"PropertyValueSpecification","valueRequired":true,"valueName":"search_term_string"}}],"inLanguage":"pt-BR"},{"@type":"Organization","@id":"https:\/\/unifsa.com.br\/site\/#organization","name":"Centro Universit\u00e1rio Santo Agostinho - UNIFSA","url":"https:\/\/unifsa.com.br\/site\/","logo":{"@type":"ImageObject","inLanguage":"pt-BR","@id":"https:\/\/unifsa.com.br\/site\/#\/schema\/logo\/image\/","url":"https:\/\/unifsa.com.br\/site\/wp-content\/uploads\/2023\/03\/MARCA-UNIFSA-CIC23-q2apjs1mt975cf1wl25b044coj90fwoiee1kya6800.png","contentUrl":"https:\/\/unifsa.com.br\/site\/wp-content\/uploads\/2023\/03\/MARCA-UNIFSA-CIC23-q2apjs1mt975cf1wl25b044coj90fwoiee1kya6800.png","width":103,"height":100,"caption":"Centro Universit\u00e1rio Santo Agostinho - UNIFSA"},"image":{"@id":"https:\/\/unifsa.com.br\/site\/#\/schema\/logo\/image\/"},"sameAs":["https:\/\/www.facebook.com\/unifsa\/","https:\/\/www.instagram.com\/unifsa\/"]},{"@type":"Person","@id":"https:\/\/unifsa.com.br\/site\/#\/schema\/person\/a4cec94bbc6ddf98f579162824de9bf2","name":"Oceannyra Kelly da Cruz Silva","image":{"@type":"ImageObject","inLanguage":"pt-BR","@id":"https:\/\/unifsa.com.br\/site\/#\/schema\/person\/image\/","url":"https:\/\/secure.gravatar.com\/avatar\/05c87cd6fa2c3c73262055bd9341438a47e77a37053b409b3cf4f8df60ea8eb8?s=96&d=mm&r=g","contentUrl":"https:\/\/secure.gravatar.com\/avatar\/05c87cd6fa2c3c73262055bd9341438a47e77a37053b409b3cf4f8df60ea8eb8?s=96&d=mm&r=g","caption":"Oceannyra Kelly da Cruz Silva"},"url":"https:\/\/unifsa.com.br\/site\/author\/oceannyrakelly\/"}]}},"_links":{"self":[{"href":"https:\/\/unifsa.com.br\/site\/wp-json\/wp\/v2\/posts\/23472","targetHints":{"allow":["GET"]}}],"collection":[{"href":"https:\/\/unifsa.com.br\/site\/wp-json\/wp\/v2\/posts"}],"about":[{"href":"https:\/\/unifsa.com.br\/site\/wp-json\/wp\/v2\/types\/post"}],"author":[{"embeddable":true,"href":"https:\/\/unifsa.com.br\/site\/wp-json\/wp\/v2\/users\/11"}],"replies":[{"embeddable":true,"href":"https:\/\/unifsa.com.br\/site\/wp-json\/wp\/v2\/comments?post=23472"}],"version-history":[{"count":10,"href":"https:\/\/unifsa.com.br\/site\/wp-json\/wp\/v2\/posts\/23472\/revisions"}],"predecessor-version":[{"id":23805,"href":"https:\/\/unifsa.com.br\/site\/wp-json\/wp\/v2\/posts\/23472\/revisions\/23805"}],"wp:featuredmedia":[{"embeddable":true,"href":"https:\/\/unifsa.com.br\/site\/wp-json\/wp\/v2\/media\/23792"}],"wp:attachment":[{"href":"https:\/\/unifsa.com.br\/site\/wp-json\/wp\/v2\/media?parent=23472"}],"wp:term":[{"taxonomy":"category","embeddable":true,"href":"https:\/\/unifsa.com.br\/site\/wp-json\/wp\/v2\/categories?post=23472"},{"taxonomy":"post_tag","embeddable":true,"href":"https:\/\/unifsa.com.br\/site\/wp-json\/wp\/v2\/tags?post=23472"}],"curies":[{"name":"wp","href":"https:\/\/api.w.org\/{rel}","templated":true}]}}