{"id":23133,"date":"2023-07-07T15:34:30","date_gmt":"2023-07-07T18:34:30","guid":{"rendered":"https:\/\/unifsa.com.br\/site\/?p=23133"},"modified":"2023-07-26T11:53:12","modified_gmt":"2023-07-26T14:53:12","slug":"prof-dr-vagner-jose-mendonca-e-mais-um-palestrante-convidado-para-o-icics","status":"publish","type":"post","link":"https:\/\/unifsa.com.br\/site\/prof-dr-vagner-jose-mendonca-e-mais-um-palestrante-convidado-para-o-icics\/","title":{"rendered":"Prof. Dr. Vagner Jos\u00e9 Mendon\u00e7a \u00e9 mais um palestrante convidado para o I CICS"},"content":{"rendered":"\n<p class=\"texto-justificado\">Mais um importante palestrante foi confirmado no I Congresso Internacional Ci\u00eancia e Sociedade, que acontece de 4 a 7 de outubro, o Bi\u00f3logo Dr. Vagner Jos\u00e9 Mendon\u00e7a. <\/p>\n\n\n\n<p class=\"texto-justificado\">Formado pela Faculdade de Ci\u00eanciase Letras da UNESP, al\u00e9m de Especialista em sa\u00fade p\u00fablica pela Faculdade de Ci\u00eancias Farmac\u00eauticas da UNESP\/Araraquara, \u00e9 Mestre e Doutor em Parasitologia pela Universidade Estadual de Campinas e P\u00f3s Doutor na Faculdade de Ci\u00eancias Farmac\u00eauticas da UNESP\/Araraquara e no Institut de Recherche pour le D\u00e9veloppement (IRD) em parceria com o Centre National de la Recherche Scientifique (CNRS), Paris, Fran\u00e7a.<\/p>\n\n\n\n<p class=\"texto-justificado\">Atualmente, o bi\u00f3logo pesquisa principalmente com foco nas \u00e1reas de Entomologia M\u00e9dica, morfologia, taxonomia, filogenia, e ecoepidemiologia dos vetores da doen\u00e7a de Chagas. <\/p>\n\n\n\n<p class=\"texto-justificado\">Dr. Vagner tamb\u00e9m foi Professor Visitante (2014 &#8211; 2016) no Laborat\u00f3rio de Parasitologia da Faculdade de Medicina, da Universidade de Bras\u00edlia, Campus Universit\u00e1rio &#8220;Darcy Ribeiro&#8221;, e desde 2016 \u00e9 docente adjunto no Departamento de Parasitologia e Microbiologia do Centro de Ci\u00eancias da Sa\u00fade, da Universidade Federal do Piau\u00ed (UFPI).<\/p>\n\n\n\n<p class=\"texto-justificado\">Al\u00e9m disso, o palestrante \u00e9 membro do <strong>Centro de Intelig\u00eancia em Agravos Tropicais Emergentes e Negligenciados (CIATEN)<\/strong>, que \u00e9 <strong>parceiro oficial do I CICS<\/strong>, e possui a finalidade de aprimorar o controle dos agravos tropicais emergentes e negligenciadas no contexto do Estado do Piau\u00ed e em regi\u00f5es similares, devendo em especial: Elaborar pol\u00edticas p\u00fablicas baseadas em evid\u00eancias cient\u00edficas; Gerar e difundir conhecimentos cient\u00edficos e tecnologias inovadoras; Ensinar e treinar profissionais da administra\u00e7\u00e3o p\u00fablica e demais interessados; E produzir f\u00e1rmacos e dispositivos biotecnol\u00f3gicos.<\/p>\n\n\n\n<div class=\"wp-block-buttons is-content-justification-center is-layout-flex wp-container-core-buttons-is-layout-16018d1d wp-block-buttons-is-layout-flex\">\n<div class=\"wp-block-button\"><a class=\"wp-block-button__link has-white-color has-vivid-cyan-blue-background-color has-text-color has-background wp-element-button\" href=\"https:\/\/unifsa.com.br\/cics2023\/\">Inscreva-se no CICS<\/a><\/div>\n<\/div>\n","protected":false},"excerpt":{"rendered":"<p>Mais um importante palestrante foi confirmado no I Congresso Internacional Ci\u00eancia e Sociedade, que acontece de 4 a 7 de outubro, o Bi\u00f3logo Dr. Vagner Jos\u00e9 Mendon\u00e7a. Formado pela Faculdade de Ci\u00eanciase Letras da UNESP, al\u00e9m de Especialista em sa\u00fade p\u00fablica pela Faculdade de Ci\u00eancias Farmac\u00eauticas da UNESP\/Araraquara, \u00e9 Mestre e Doutor em Parasitologia pela<\/p>\n","protected":false},"author":1,"featured_media":23423,"comment_status":"closed","ping_status":"open","sticky":false,"template":"","format":"standard","meta":{"_acf_changed":false,"footnotes":""},"categories":[6,1191],"tags":[],"class_list":["post-23133","post","type-post","status-publish","format-standard","has-post-thumbnail","hentry","category-acontece-na-unifsa","category-cics-2023"],"acf":[],"yoast_head":"<!-- This site is optimized with the Yoast SEO plugin v26.5 - https:\/\/yoast.com\/wordpress\/plugins\/seo\/ -->\n<title>Prof. Dr. Vagner Jos\u00e9 Mendon\u00e7a \u00e9 mais um palestrante convidado para o I CICS - Centro Universit\u00e1rio Santo Agostinho - UNIFSA<\/title>\n<meta name=\"robots\" content=\"index, follow, max-snippet:-1, max-image-preview:large, max-video-preview:-1\" \/>\n<link rel=\"canonical\" href=\"https:\/\/unifsa.com.br\/site\/prof-dr-vagner-jose-mendonca-e-mais-um-palestrante-convidado-para-o-icics\/\" \/>\n<meta property=\"og:locale\" content=\"pt_BR\" \/>\n<meta property=\"og:type\" content=\"article\" \/>\n<meta property=\"og:title\" content=\"Prof. Dr. Vagner Jos\u00e9 Mendon\u00e7a \u00e9 mais um palestrante convidado para o I CICS - Centro Universit\u00e1rio Santo Agostinho - UNIFSA\" \/>\n<meta property=\"og:description\" content=\"Mais um importante palestrante foi confirmado no I Congresso Internacional Ci\u00eancia e Sociedade, que acontece de 4 a 7 de outubro, o Bi\u00f3logo Dr. Vagner Jos\u00e9 Mendon\u00e7a. Formado pela Faculdade de Ci\u00eanciase Letras da UNESP, al\u00e9m de Especialista em sa\u00fade p\u00fablica pela Faculdade de Ci\u00eancias Farmac\u00eauticas da UNESP\/Araraquara, \u00e9 Mestre e Doutor em Parasitologia pela\" \/>\n<meta property=\"og:url\" content=\"https:\/\/unifsa.com.br\/site\/prof-dr-vagner-jose-mendonca-e-mais-um-palestrante-convidado-para-o-icics\/\" \/>\n<meta property=\"og:site_name\" content=\"Centro Universit\u00e1rio Santo Agostinho - UNIFSA\" \/>\n<meta property=\"article:publisher\" content=\"https:\/\/www.facebook.com\/unifsa\/\" \/>\n<meta property=\"article:published_time\" content=\"2023-07-07T18:34:30+00:00\" \/>\n<meta property=\"article:modified_time\" content=\"2023-07-26T14:53:12+00:00\" \/>\n<meta property=\"og:image\" content=\"https:\/\/unifsa.com.br\/site\/wp-content\/uploads\/2023\/07\/palestrante-confirmado-3.jpg\" \/>\n\t<meta property=\"og:image:width\" content=\"1920\" \/>\n\t<meta property=\"og:image:height\" content=\"805\" \/>\n\t<meta property=\"og:image:type\" content=\"image\/jpeg\" \/>\n<meta name=\"author\" content=\"UNIFSA\" \/>\n<meta name=\"twitter:card\" content=\"summary_large_image\" \/>\n<meta name=\"twitter:label1\" content=\"Escrito por\" \/>\n\t<meta name=\"twitter:data1\" content=\"UNIFSA\" \/>\n\t<meta name=\"twitter:label2\" content=\"Est. tempo de leitura\" \/>\n\t<meta name=\"twitter:data2\" content=\"2 minutos\" \/>\n<script type=\"application\/ld+json\" class=\"yoast-schema-graph\">{\"@context\":\"https:\/\/schema.org\",\"@graph\":[{\"@type\":\"Article\",\"@id\":\"https:\/\/unifsa.com.br\/site\/prof-dr-vagner-jose-mendonca-e-mais-um-palestrante-convidado-para-o-icics\/#article\",\"isPartOf\":{\"@id\":\"https:\/\/unifsa.com.br\/site\/prof-dr-vagner-jose-mendonca-e-mais-um-palestrante-convidado-para-o-icics\/\"},\"author\":{\"name\":\"UNIFSA\",\"@id\":\"https:\/\/unifsa.com.br\/site\/#\/schema\/person\/6f5e8438b96168f9894cb9fe5816660f\"},\"headline\":\"Prof. Dr. Vagner Jos\u00e9 Mendon\u00e7a \u00e9 mais um palestrante convidado para o I CICS\",\"datePublished\":\"2023-07-07T18:34:30+00:00\",\"dateModified\":\"2023-07-26T14:53:12+00:00\",\"mainEntityOfPage\":{\"@id\":\"https:\/\/unifsa.com.br\/site\/prof-dr-vagner-jose-mendonca-e-mais-um-palestrante-convidado-para-o-icics\/\"},\"wordCount\":290,\"publisher\":{\"@id\":\"https:\/\/unifsa.com.br\/site\/#organization\"},\"image\":{\"@id\":\"https:\/\/unifsa.com.br\/site\/prof-dr-vagner-jose-mendonca-e-mais-um-palestrante-convidado-para-o-icics\/#primaryimage\"},\"thumbnailUrl\":\"https:\/\/unifsa.com.br\/site\/wp-content\/uploads\/2023\/07\/palestrante-confirmado-3.jpg\",\"articleSection\":[\"Acontece na UNIFSA\",\"CICS 2023\"],\"inLanguage\":\"pt-BR\"},{\"@type\":\"WebPage\",\"@id\":\"https:\/\/unifsa.com.br\/site\/prof-dr-vagner-jose-mendonca-e-mais-um-palestrante-convidado-para-o-icics\/\",\"url\":\"https:\/\/unifsa.com.br\/site\/prof-dr-vagner-jose-mendonca-e-mais-um-palestrante-convidado-para-o-icics\/\",\"name\":\"Prof. Dr. Vagner Jos\u00e9 Mendon\u00e7a \u00e9 mais um palestrante convidado para o I CICS - Centro Universit\u00e1rio Santo Agostinho - UNIFSA\",\"isPartOf\":{\"@id\":\"https:\/\/unifsa.com.br\/site\/#website\"},\"primaryImageOfPage\":{\"@id\":\"https:\/\/unifsa.com.br\/site\/prof-dr-vagner-jose-mendonca-e-mais-um-palestrante-convidado-para-o-icics\/#primaryimage\"},\"image\":{\"@id\":\"https:\/\/unifsa.com.br\/site\/prof-dr-vagner-jose-mendonca-e-mais-um-palestrante-convidado-para-o-icics\/#primaryimage\"},\"thumbnailUrl\":\"https:\/\/unifsa.com.br\/site\/wp-content\/uploads\/2023\/07\/palestrante-confirmado-3.jpg\",\"datePublished\":\"2023-07-07T18:34:30+00:00\",\"dateModified\":\"2023-07-26T14:53:12+00:00\",\"breadcrumb\":{\"@id\":\"https:\/\/unifsa.com.br\/site\/prof-dr-vagner-jose-mendonca-e-mais-um-palestrante-convidado-para-o-icics\/#breadcrumb\"},\"inLanguage\":\"pt-BR\",\"potentialAction\":[{\"@type\":\"ReadAction\",\"target\":[\"https:\/\/unifsa.com.br\/site\/prof-dr-vagner-jose-mendonca-e-mais-um-palestrante-convidado-para-o-icics\/\"]}]},{\"@type\":\"ImageObject\",\"inLanguage\":\"pt-BR\",\"@id\":\"https:\/\/unifsa.com.br\/site\/prof-dr-vagner-jose-mendonca-e-mais-um-palestrante-convidado-para-o-icics\/#primaryimage\",\"url\":\"https:\/\/unifsa.com.br\/site\/wp-content\/uploads\/2023\/07\/palestrante-confirmado-3.jpg\",\"contentUrl\":\"https:\/\/unifsa.com.br\/site\/wp-content\/uploads\/2023\/07\/palestrante-confirmado-3.jpg\",\"width\":1920,\"height\":805},{\"@type\":\"BreadcrumbList\",\"@id\":\"https:\/\/unifsa.com.br\/site\/prof-dr-vagner-jose-mendonca-e-mais-um-palestrante-convidado-para-o-icics\/#breadcrumb\",\"itemListElement\":[{\"@type\":\"ListItem\",\"position\":1,\"name\":\"In\u00edcio\",\"item\":\"https:\/\/unifsa.com.br\/site\/\"},{\"@type\":\"ListItem\",\"position\":2,\"name\":\"Prof. Dr. Vagner Jos\u00e9 Mendon\u00e7a \u00e9 mais um palestrante convidado para o I CICS\"}]},{\"@type\":\"WebSite\",\"@id\":\"https:\/\/unifsa.com.br\/site\/#website\",\"url\":\"https:\/\/unifsa.com.br\/site\/\",\"name\":\"Centro Universit\u00e1rio Santo Agostinho - UNIFSA\",\"description\":\"Conhecimento para toda a vida\",\"publisher\":{\"@id\":\"https:\/\/unifsa.com.br\/site\/#organization\"},\"potentialAction\":[{\"@type\":\"SearchAction\",\"target\":{\"@type\":\"EntryPoint\",\"urlTemplate\":\"https:\/\/unifsa.com.br\/site\/?s={search_term_string}\"},\"query-input\":{\"@type\":\"PropertyValueSpecification\",\"valueRequired\":true,\"valueName\":\"search_term_string\"}}],\"inLanguage\":\"pt-BR\"},{\"@type\":\"Organization\",\"@id\":\"https:\/\/unifsa.com.br\/site\/#organization\",\"name\":\"Centro Universit\u00e1rio Santo Agostinho - UNIFSA\",\"url\":\"https:\/\/unifsa.com.br\/site\/\",\"logo\":{\"@type\":\"ImageObject\",\"inLanguage\":\"pt-BR\",\"@id\":\"https:\/\/unifsa.com.br\/site\/#\/schema\/logo\/image\/\",\"url\":\"https:\/\/unifsa.com.br\/site\/wp-content\/uploads\/2023\/03\/MARCA-UNIFSA-CIC23-q2apjs1mt975cf1wl25b044coj90fwoiee1kya6800.png\",\"contentUrl\":\"https:\/\/unifsa.com.br\/site\/wp-content\/uploads\/2023\/03\/MARCA-UNIFSA-CIC23-q2apjs1mt975cf1wl25b044coj90fwoiee1kya6800.png\",\"width\":103,\"height\":100,\"caption\":\"Centro Universit\u00e1rio Santo Agostinho - UNIFSA\"},\"image\":{\"@id\":\"https:\/\/unifsa.com.br\/site\/#\/schema\/logo\/image\/\"},\"sameAs\":[\"https:\/\/www.facebook.com\/unifsa\/\",\"https:\/\/www.instagram.com\/unifsa\/\"]},{\"@type\":\"Person\",\"@id\":\"https:\/\/unifsa.com.br\/site\/#\/schema\/person\/6f5e8438b96168f9894cb9fe5816660f\",\"name\":\"UNIFSA\",\"image\":{\"@type\":\"ImageObject\",\"inLanguage\":\"pt-BR\",\"@id\":\"https:\/\/unifsa.com.br\/site\/#\/schema\/person\/image\/\",\"url\":\"https:\/\/secure.gravatar.com\/avatar\/3d1043775cda1d91d725491548f9b3a0909638e5fcbd418ee6b285ebfaa2ae59?s=96&d=mm&r=g\",\"contentUrl\":\"https:\/\/secure.gravatar.com\/avatar\/3d1043775cda1d91d725491548f9b3a0909638e5fcbd418ee6b285ebfaa2ae59?s=96&d=mm&r=g\",\"caption\":\"UNIFSA\"},\"url\":\"https:\/\/unifsa.com.br\/site\/author\/rogerbezerra\/\"}]}<\/script>\n<!-- \/ Yoast SEO plugin. -->","yoast_head_json":{"title":"Prof. Dr. Vagner Jos\u00e9 Mendon\u00e7a \u00e9 mais um palestrante convidado para o I CICS - Centro Universit\u00e1rio Santo Agostinho - UNIFSA","robots":{"index":"index","follow":"follow","max-snippet":"max-snippet:-1","max-image-preview":"max-image-preview:large","max-video-preview":"max-video-preview:-1"},"canonical":"https:\/\/unifsa.com.br\/site\/prof-dr-vagner-jose-mendonca-e-mais-um-palestrante-convidado-para-o-icics\/","og_locale":"pt_BR","og_type":"article","og_title":"Prof. Dr. Vagner Jos\u00e9 Mendon\u00e7a \u00e9 mais um palestrante convidado para o I CICS - Centro Universit\u00e1rio Santo Agostinho - UNIFSA","og_description":"Mais um importante palestrante foi confirmado no I Congresso Internacional Ci\u00eancia e Sociedade, que acontece de 4 a 7 de outubro, o Bi\u00f3logo Dr. Vagner Jos\u00e9 Mendon\u00e7a. Formado pela Faculdade de Ci\u00eanciase Letras da UNESP, al\u00e9m de Especialista em sa\u00fade p\u00fablica pela Faculdade de Ci\u00eancias Farmac\u00eauticas da UNESP\/Araraquara, \u00e9 Mestre e Doutor em Parasitologia pela","og_url":"https:\/\/unifsa.com.br\/site\/prof-dr-vagner-jose-mendonca-e-mais-um-palestrante-convidado-para-o-icics\/","og_site_name":"Centro Universit\u00e1rio Santo Agostinho - UNIFSA","article_publisher":"https:\/\/www.facebook.com\/unifsa\/","article_published_time":"2023-07-07T18:34:30+00:00","article_modified_time":"2023-07-26T14:53:12+00:00","og_image":[{"width":1920,"height":805,"url":"https:\/\/unifsa.com.br\/site\/wp-content\/uploads\/2023\/07\/palestrante-confirmado-3.jpg","type":"image\/jpeg"}],"author":"UNIFSA","twitter_card":"summary_large_image","twitter_misc":{"Escrito por":"UNIFSA","Est. tempo de leitura":"2 minutos"},"schema":{"@context":"https:\/\/schema.org","@graph":[{"@type":"Article","@id":"https:\/\/unifsa.com.br\/site\/prof-dr-vagner-jose-mendonca-e-mais-um-palestrante-convidado-para-o-icics\/#article","isPartOf":{"@id":"https:\/\/unifsa.com.br\/site\/prof-dr-vagner-jose-mendonca-e-mais-um-palestrante-convidado-para-o-icics\/"},"author":{"name":"UNIFSA","@id":"https:\/\/unifsa.com.br\/site\/#\/schema\/person\/6f5e8438b96168f9894cb9fe5816660f"},"headline":"Prof. Dr. Vagner Jos\u00e9 Mendon\u00e7a \u00e9 mais um palestrante convidado para o I CICS","datePublished":"2023-07-07T18:34:30+00:00","dateModified":"2023-07-26T14:53:12+00:00","mainEntityOfPage":{"@id":"https:\/\/unifsa.com.br\/site\/prof-dr-vagner-jose-mendonca-e-mais-um-palestrante-convidado-para-o-icics\/"},"wordCount":290,"publisher":{"@id":"https:\/\/unifsa.com.br\/site\/#organization"},"image":{"@id":"https:\/\/unifsa.com.br\/site\/prof-dr-vagner-jose-mendonca-e-mais-um-palestrante-convidado-para-o-icics\/#primaryimage"},"thumbnailUrl":"https:\/\/unifsa.com.br\/site\/wp-content\/uploads\/2023\/07\/palestrante-confirmado-3.jpg","articleSection":["Acontece na UNIFSA","CICS 2023"],"inLanguage":"pt-BR"},{"@type":"WebPage","@id":"https:\/\/unifsa.com.br\/site\/prof-dr-vagner-jose-mendonca-e-mais-um-palestrante-convidado-para-o-icics\/","url":"https:\/\/unifsa.com.br\/site\/prof-dr-vagner-jose-mendonca-e-mais-um-palestrante-convidado-para-o-icics\/","name":"Prof. Dr. Vagner Jos\u00e9 Mendon\u00e7a \u00e9 mais um palestrante convidado para o I CICS - Centro Universit\u00e1rio Santo Agostinho - UNIFSA","isPartOf":{"@id":"https:\/\/unifsa.com.br\/site\/#website"},"primaryImageOfPage":{"@id":"https:\/\/unifsa.com.br\/site\/prof-dr-vagner-jose-mendonca-e-mais-um-palestrante-convidado-para-o-icics\/#primaryimage"},"image":{"@id":"https:\/\/unifsa.com.br\/site\/prof-dr-vagner-jose-mendonca-e-mais-um-palestrante-convidado-para-o-icics\/#primaryimage"},"thumbnailUrl":"https:\/\/unifsa.com.br\/site\/wp-content\/uploads\/2023\/07\/palestrante-confirmado-3.jpg","datePublished":"2023-07-07T18:34:30+00:00","dateModified":"2023-07-26T14:53:12+00:00","breadcrumb":{"@id":"https:\/\/unifsa.com.br\/site\/prof-dr-vagner-jose-mendonca-e-mais-um-palestrante-convidado-para-o-icics\/#breadcrumb"},"inLanguage":"pt-BR","potentialAction":[{"@type":"ReadAction","target":["https:\/\/unifsa.com.br\/site\/prof-dr-vagner-jose-mendonca-e-mais-um-palestrante-convidado-para-o-icics\/"]}]},{"@type":"ImageObject","inLanguage":"pt-BR","@id":"https:\/\/unifsa.com.br\/site\/prof-dr-vagner-jose-mendonca-e-mais-um-palestrante-convidado-para-o-icics\/#primaryimage","url":"https:\/\/unifsa.com.br\/site\/wp-content\/uploads\/2023\/07\/palestrante-confirmado-3.jpg","contentUrl":"https:\/\/unifsa.com.br\/site\/wp-content\/uploads\/2023\/07\/palestrante-confirmado-3.jpg","width":1920,"height":805},{"@type":"BreadcrumbList","@id":"https:\/\/unifsa.com.br\/site\/prof-dr-vagner-jose-mendonca-e-mais-um-palestrante-convidado-para-o-icics\/#breadcrumb","itemListElement":[{"@type":"ListItem","position":1,"name":"In\u00edcio","item":"https:\/\/unifsa.com.br\/site\/"},{"@type":"ListItem","position":2,"name":"Prof. Dr. Vagner Jos\u00e9 Mendon\u00e7a \u00e9 mais um palestrante convidado para o I CICS"}]},{"@type":"WebSite","@id":"https:\/\/unifsa.com.br\/site\/#website","url":"https:\/\/unifsa.com.br\/site\/","name":"Centro Universit\u00e1rio Santo Agostinho - UNIFSA","description":"Conhecimento para toda a vida","publisher":{"@id":"https:\/\/unifsa.com.br\/site\/#organization"},"potentialAction":[{"@type":"SearchAction","target":{"@type":"EntryPoint","urlTemplate":"https:\/\/unifsa.com.br\/site\/?s={search_term_string}"},"query-input":{"@type":"PropertyValueSpecification","valueRequired":true,"valueName":"search_term_string"}}],"inLanguage":"pt-BR"},{"@type":"Organization","@id":"https:\/\/unifsa.com.br\/site\/#organization","name":"Centro Universit\u00e1rio Santo Agostinho - UNIFSA","url":"https:\/\/unifsa.com.br\/site\/","logo":{"@type":"ImageObject","inLanguage":"pt-BR","@id":"https:\/\/unifsa.com.br\/site\/#\/schema\/logo\/image\/","url":"https:\/\/unifsa.com.br\/site\/wp-content\/uploads\/2023\/03\/MARCA-UNIFSA-CIC23-q2apjs1mt975cf1wl25b044coj90fwoiee1kya6800.png","contentUrl":"https:\/\/unifsa.com.br\/site\/wp-content\/uploads\/2023\/03\/MARCA-UNIFSA-CIC23-q2apjs1mt975cf1wl25b044coj90fwoiee1kya6800.png","width":103,"height":100,"caption":"Centro Universit\u00e1rio Santo Agostinho - UNIFSA"},"image":{"@id":"https:\/\/unifsa.com.br\/site\/#\/schema\/logo\/image\/"},"sameAs":["https:\/\/www.facebook.com\/unifsa\/","https:\/\/www.instagram.com\/unifsa\/"]},{"@type":"Person","@id":"https:\/\/unifsa.com.br\/site\/#\/schema\/person\/6f5e8438b96168f9894cb9fe5816660f","name":"UNIFSA","image":{"@type":"ImageObject","inLanguage":"pt-BR","@id":"https:\/\/unifsa.com.br\/site\/#\/schema\/person\/image\/","url":"https:\/\/secure.gravatar.com\/avatar\/3d1043775cda1d91d725491548f9b3a0909638e5fcbd418ee6b285ebfaa2ae59?s=96&d=mm&r=g","contentUrl":"https:\/\/secure.gravatar.com\/avatar\/3d1043775cda1d91d725491548f9b3a0909638e5fcbd418ee6b285ebfaa2ae59?s=96&d=mm&r=g","caption":"UNIFSA"},"url":"https:\/\/unifsa.com.br\/site\/author\/rogerbezerra\/"}]}},"_links":{"self":[{"href":"https:\/\/unifsa.com.br\/site\/wp-json\/wp\/v2\/posts\/23133","targetHints":{"allow":["GET"]}}],"collection":[{"href":"https:\/\/unifsa.com.br\/site\/wp-json\/wp\/v2\/posts"}],"about":[{"href":"https:\/\/unifsa.com.br\/site\/wp-json\/wp\/v2\/types\/post"}],"author":[{"embeddable":true,"href":"https:\/\/unifsa.com.br\/site\/wp-json\/wp\/v2\/users\/1"}],"replies":[{"embeddable":true,"href":"https:\/\/unifsa.com.br\/site\/wp-json\/wp\/v2\/comments?post=23133"}],"version-history":[{"count":8,"href":"https:\/\/unifsa.com.br\/site\/wp-json\/wp\/v2\/posts\/23133\/revisions"}],"predecessor-version":[{"id":23576,"href":"https:\/\/unifsa.com.br\/site\/wp-json\/wp\/v2\/posts\/23133\/revisions\/23576"}],"wp:featuredmedia":[{"embeddable":true,"href":"https:\/\/unifsa.com.br\/site\/wp-json\/wp\/v2\/media\/23423"}],"wp:attachment":[{"href":"https:\/\/unifsa.com.br\/site\/wp-json\/wp\/v2\/media?parent=23133"}],"wp:term":[{"taxonomy":"category","embeddable":true,"href":"https:\/\/unifsa.com.br\/site\/wp-json\/wp\/v2\/categories?post=23133"},{"taxonomy":"post_tag","embeddable":true,"href":"https:\/\/unifsa.com.br\/site\/wp-json\/wp\/v2\/tags?post=23133"}],"curies":[{"name":"wp","href":"https:\/\/api.w.org\/{rel}","templated":true}]}}