{"id":23022,"date":"2023-06-30T12:00:00","date_gmt":"2023-06-30T15:00:00","guid":{"rendered":"https:\/\/unifsa.com.br\/site\/?p=23022"},"modified":"2023-07-26T12:01:05","modified_gmt":"2023-07-26T15:01:05","slug":"dr-carlos-henrique-nery-e-confirmado-no-i-congresso-internacional-ciencia-e-sociedade","status":"publish","type":"post","link":"https:\/\/unifsa.com.br\/site\/dr-carlos-henrique-nery-e-confirmado-no-i-congresso-internacional-ciencia-e-sociedade\/","title":{"rendered":"Dr. Carlos Henrique Nery \u00e9 confirmado no I Congresso Internacional Ci\u00eancia e Sociedade"},"content":{"rendered":"\n<p class=\"texto-justificado\">\u00c9 com alegria que apresentamos o prestigioso m\u00e9dico <strong>Carlos Henrique Nery Costa<\/strong> como palestrante do CICS. Dr. Carlos \u00e9 formado em medicina pela Universidade de Bras\u00edlia, local onde tamb\u00e9m fez sua resid\u00eancia em cl\u00ednica m\u00e9dica e o mestrado em medicina tropical. Ele \u00e9 doutor em sa\u00fade p\u00fablica tropical, pela Harvard University.<\/p>\n\n\n\n<p class=\"texto-justificado\">Seu curr\u00edculo \u00e9 amplo: j\u00e1 publicou mais de 104 artigos em peri\u00f3dicos especializados, 193 trabalhos em anais de eventos e publicou dois livros, tendo escrito nove cap\u00edtulos, orientou dez teses de doutorado, al\u00e9m de ter orientado 12 teses de mestrado nas \u00e1reas de Medicina, Parasitologia e Sa\u00fade Coletiva e atualmente orienta sete alunos de doutorado e dois alunos de mestrado. O m\u00e9dico j\u00e1 recebeu a comenda M\u00e9rito Renascen\u00e7a do Governo do Estado do Piau\u00ed, o pr\u00eamio M\u00e9rito pelo Incentivo ao Desenvolvimento da Ci\u00eancia, Tecnologia e Inova\u00e7\u00e3o no Estado do Piau\u00ed.&nbsp; Foi um dos quatro organizadores do Congresso Internacional de Leishmania\/Leishmanioses&#8221; em 2013, sendo tamb\u00e9m parte do Comit\u00ea Executivo do XVIII International Congress for Tropical Medicine and Malaria e XLVIII Congress of the Brazilian Society of Tropical Medicine, no Rio de Janeiro, em 2012.<\/p>\n\n\n\n<p class=\"texto-justificado\">Al\u00e9m disso, este convidado j\u00e1 presidiu um Congresso da Sociedade Brasileira de Medicina Tropical, uma Reuni\u00e3o Anual de Pesquisa Aplicada em Doen\u00e7a de Chagas e Leishmanioses, e dois Workshops de Pesquisas em Andamento em Leishmaniose Visceral. Foi um dos criadores da Rides &#8211; Rede de Investiga\u00e7\u00e3o em Sa\u00fade Tropical, dos pa\u00edses de l\u00edngua portuguesa, em 2006. Tem participado de numerosas bancas de tese de doutoramento, a \u00faltima tendo sido na Universidade de Antu\u00e9rpia, do aluno Emias Diro, sobre a co-infec\u00e7\u00e3o de Leishmania\/HIV na Eti\u00f3pia. Ademais, participou de eventos organizados pela DNDi como palestrante em Genebra, em Bahir Dar, Eti\u00f3pia, e no congresso da Sociedade Israelense de Parasitologia, Protozoologia e Medicina Tropical, em Tel-Aviv, em Teer\u00e3, no Congresso Internacional de Dermatologia, em Moscou, no Centro de AIDS de Moscou e na I. I. Sechenov First Moscow State Medical University. <\/p>\n\n\n\n<p class=\"texto-justificado\">De 2011 a 2013, presidiu a Sociedade Brasileira de Medicina Tropical. Atualmente, ele \u00e9 professor titular da Universidade Federal do Piau\u00ed (UFPI) e editor adjunto da Revista da Sociedade Brasileira de Medicina Tropical e da Newsletter da SBMT. Dr. Carlos Henrique tamb\u00e9m pertence ao Comit\u00ea de Medicina do CNPq desde 2018, e foi consultor de projetos do National Institutes of Health em 2019 e do do Comit\u00ea Organizador do WorldLeish7e, sendo membro do Infectious Diseases Data Observatory (IDDO). N\u00e3o bastando tudo isso, o docente entrou na lista de 2021 de pesquisadores mais influentes do mundo segundo a Universidade de Stanford.<\/p>\n\n\n\n<p>O palestrante, atualmente, tamb\u00e9m \u00e9 coordenador geral do Centro de Intelig\u00eancia em Agravos Tropicais Emergentes e Negligenciados (CIATEN), que \u00e9 parceiro oficial do I CICS, e possui a finalidade de aprimorar o controle dos agravos tropicais emergentes e negligenciadas no contexto do Estado do Piau\u00ed e em regi\u00f5es similares, devendo em especial: Elaborar pol\u00edticas p\u00fablicas baseadas em evid\u00eancias cient\u00edficas; Gerar e difundir conhecimentos cient\u00edficos e tecnologias inovadoras; Ensinar e treinar profissionais da administra\u00e7\u00e3o p\u00fablica e demais interessados; E produzir f\u00e1rmacos e dispositivos biotecnol\u00f3gicos.<\/p>\n\n\n\n<div class=\"wp-block-buttons is-content-justification-center is-layout-flex wp-container-core-buttons-is-layout-16018d1d wp-block-buttons-is-layout-flex\">\n<div class=\"wp-block-button\"><a class=\"wp-block-button__link has-white-color has-vivid-cyan-blue-background-color has-text-color has-background wp-element-button\" href=\"https:\/\/unifsa.com.br\/cics2023\/\">Inscreva-se no I CICS<\/a><\/div>\n<\/div>\n","protected":false},"excerpt":{"rendered":"<p>\u00c9 com alegria que apresentamos o prestigioso m\u00e9dico Carlos Henrique Nery Costa como palestrante do CICS. Dr. Carlos \u00e9 formado em medicina pela Universidade de Bras\u00edlia, local onde tamb\u00e9m fez sua resid\u00eancia em cl\u00ednica m\u00e9dica e o mestrado em medicina tropical. Ele \u00e9 doutor em sa\u00fade p\u00fablica tropical, pela Harvard University. Seu curr\u00edculo \u00e9 amplo:<\/p>\n","protected":false},"author":11,"featured_media":23032,"comment_status":"closed","ping_status":"open","sticky":false,"template":"","format":"standard","meta":{"_acf_changed":false,"footnotes":""},"categories":[1191],"tags":[1249,1188,1197,942,186],"class_list":["post-23022","post","type-post","status-publish","format-standard","has-post-thumbnail","hentry","category-cics-2023","tag-carlos-henrique-nery-costa","tag-i-cics","tag-i-congresso-internacional-ciencia-e-sociedade","tag-medicina","tag-saude"],"acf":[],"yoast_head":"<!-- This site is optimized with the Yoast SEO plugin v26.5 - https:\/\/yoast.com\/wordpress\/plugins\/seo\/ -->\n<title>Dr. Carlos Henrique Nery \u00e9 confirmado no I Congresso Internacional Ci\u00eancia e Sociedade - Centro Universit\u00e1rio Santo Agostinho - UNIFSA<\/title>\n<meta name=\"robots\" content=\"index, follow, max-snippet:-1, max-image-preview:large, max-video-preview:-1\" \/>\n<link rel=\"canonical\" href=\"https:\/\/unifsa.com.br\/site\/dr-carlos-henrique-nery-e-confirmado-no-i-congresso-internacional-ciencia-e-sociedade\/\" \/>\n<meta property=\"og:locale\" content=\"pt_BR\" \/>\n<meta property=\"og:type\" content=\"article\" \/>\n<meta property=\"og:title\" content=\"Dr. Carlos Henrique Nery \u00e9 confirmado no I Congresso Internacional Ci\u00eancia e Sociedade - Centro Universit\u00e1rio Santo Agostinho - UNIFSA\" \/>\n<meta property=\"og:description\" content=\"\u00c9 com alegria que apresentamos o prestigioso m\u00e9dico Carlos Henrique Nery Costa como palestrante do CICS. Dr. Carlos \u00e9 formado em medicina pela Universidade de Bras\u00edlia, local onde tamb\u00e9m fez sua resid\u00eancia em cl\u00ednica m\u00e9dica e o mestrado em medicina tropical. Ele \u00e9 doutor em sa\u00fade p\u00fablica tropical, pela Harvard University. Seu curr\u00edculo \u00e9 amplo:\" \/>\n<meta property=\"og:url\" content=\"https:\/\/unifsa.com.br\/site\/dr-carlos-henrique-nery-e-confirmado-no-i-congresso-internacional-ciencia-e-sociedade\/\" \/>\n<meta property=\"og:site_name\" content=\"Centro Universit\u00e1rio Santo Agostinho - UNIFSA\" \/>\n<meta property=\"article:publisher\" content=\"https:\/\/www.facebook.com\/unifsa\/\" \/>\n<meta property=\"article:published_time\" content=\"2023-06-30T15:00:00+00:00\" \/>\n<meta property=\"article:modified_time\" content=\"2023-07-26T15:01:05+00:00\" \/>\n<meta property=\"og:image\" content=\"https:\/\/unifsa.com.br\/site\/wp-content\/uploads\/2023\/06\/palestrante-confirmado-4-1.png\" \/>\n\t<meta property=\"og:image:width\" content=\"1920\" \/>\n\t<meta property=\"og:image:height\" content=\"805\" \/>\n\t<meta property=\"og:image:type\" content=\"image\/png\" \/>\n<meta name=\"author\" content=\"Oceannyra Kelly da Cruz Silva\" \/>\n<meta name=\"twitter:card\" content=\"summary_large_image\" \/>\n<meta name=\"twitter:label1\" content=\"Escrito por\" \/>\n\t<meta name=\"twitter:data1\" content=\"Oceannyra Kelly da Cruz Silva\" \/>\n\t<meta name=\"twitter:label2\" content=\"Est. tempo de leitura\" \/>\n\t<meta name=\"twitter:data2\" content=\"3 minutos\" \/>\n<script type=\"application\/ld+json\" class=\"yoast-schema-graph\">{\"@context\":\"https:\/\/schema.org\",\"@graph\":[{\"@type\":\"Article\",\"@id\":\"https:\/\/unifsa.com.br\/site\/dr-carlos-henrique-nery-e-confirmado-no-i-congresso-internacional-ciencia-e-sociedade\/#article\",\"isPartOf\":{\"@id\":\"https:\/\/unifsa.com.br\/site\/dr-carlos-henrique-nery-e-confirmado-no-i-congresso-internacional-ciencia-e-sociedade\/\"},\"author\":{\"name\":\"Oceannyra Kelly da Cruz Silva\",\"@id\":\"https:\/\/unifsa.com.br\/site\/#\/schema\/person\/a4cec94bbc6ddf98f579162824de9bf2\"},\"headline\":\"Dr. Carlos Henrique Nery \u00e9 confirmado no I Congresso Internacional Ci\u00eancia e Sociedade\",\"datePublished\":\"2023-06-30T15:00:00+00:00\",\"dateModified\":\"2023-07-26T15:01:05+00:00\",\"mainEntityOfPage\":{\"@id\":\"https:\/\/unifsa.com.br\/site\/dr-carlos-henrique-nery-e-confirmado-no-i-congresso-internacional-ciencia-e-sociedade\/\"},\"wordCount\":554,\"publisher\":{\"@id\":\"https:\/\/unifsa.com.br\/site\/#organization\"},\"image\":{\"@id\":\"https:\/\/unifsa.com.br\/site\/dr-carlos-henrique-nery-e-confirmado-no-i-congresso-internacional-ciencia-e-sociedade\/#primaryimage\"},\"thumbnailUrl\":\"https:\/\/unifsa.com.br\/site\/wp-content\/uploads\/2023\/06\/palestrante-confirmado-4-1.png\",\"keywords\":[\"Carlos Henrique Nery Costa\",\"I CICS\",\"I Congresso Internacional Ci\u00eancia e Sociedade\",\"Medicina\",\"Sa\u00fade\"],\"articleSection\":[\"CICS 2023\"],\"inLanguage\":\"pt-BR\"},{\"@type\":\"WebPage\",\"@id\":\"https:\/\/unifsa.com.br\/site\/dr-carlos-henrique-nery-e-confirmado-no-i-congresso-internacional-ciencia-e-sociedade\/\",\"url\":\"https:\/\/unifsa.com.br\/site\/dr-carlos-henrique-nery-e-confirmado-no-i-congresso-internacional-ciencia-e-sociedade\/\",\"name\":\"Dr. Carlos Henrique Nery \u00e9 confirmado no I Congresso Internacional Ci\u00eancia e Sociedade - Centro Universit\u00e1rio Santo Agostinho - UNIFSA\",\"isPartOf\":{\"@id\":\"https:\/\/unifsa.com.br\/site\/#website\"},\"primaryImageOfPage\":{\"@id\":\"https:\/\/unifsa.com.br\/site\/dr-carlos-henrique-nery-e-confirmado-no-i-congresso-internacional-ciencia-e-sociedade\/#primaryimage\"},\"image\":{\"@id\":\"https:\/\/unifsa.com.br\/site\/dr-carlos-henrique-nery-e-confirmado-no-i-congresso-internacional-ciencia-e-sociedade\/#primaryimage\"},\"thumbnailUrl\":\"https:\/\/unifsa.com.br\/site\/wp-content\/uploads\/2023\/06\/palestrante-confirmado-4-1.png\",\"datePublished\":\"2023-06-30T15:00:00+00:00\",\"dateModified\":\"2023-07-26T15:01:05+00:00\",\"breadcrumb\":{\"@id\":\"https:\/\/unifsa.com.br\/site\/dr-carlos-henrique-nery-e-confirmado-no-i-congresso-internacional-ciencia-e-sociedade\/#breadcrumb\"},\"inLanguage\":\"pt-BR\",\"potentialAction\":[{\"@type\":\"ReadAction\",\"target\":[\"https:\/\/unifsa.com.br\/site\/dr-carlos-henrique-nery-e-confirmado-no-i-congresso-internacional-ciencia-e-sociedade\/\"]}]},{\"@type\":\"ImageObject\",\"inLanguage\":\"pt-BR\",\"@id\":\"https:\/\/unifsa.com.br\/site\/dr-carlos-henrique-nery-e-confirmado-no-i-congresso-internacional-ciencia-e-sociedade\/#primaryimage\",\"url\":\"https:\/\/unifsa.com.br\/site\/wp-content\/uploads\/2023\/06\/palestrante-confirmado-4-1.png\",\"contentUrl\":\"https:\/\/unifsa.com.br\/site\/wp-content\/uploads\/2023\/06\/palestrante-confirmado-4-1.png\",\"width\":1920,\"height\":805},{\"@type\":\"BreadcrumbList\",\"@id\":\"https:\/\/unifsa.com.br\/site\/dr-carlos-henrique-nery-e-confirmado-no-i-congresso-internacional-ciencia-e-sociedade\/#breadcrumb\",\"itemListElement\":[{\"@type\":\"ListItem\",\"position\":1,\"name\":\"In\u00edcio\",\"item\":\"https:\/\/unifsa.com.br\/site\/\"},{\"@type\":\"ListItem\",\"position\":2,\"name\":\"Dr. Carlos Henrique Nery \u00e9 confirmado no I Congresso Internacional Ci\u00eancia e Sociedade\"}]},{\"@type\":\"WebSite\",\"@id\":\"https:\/\/unifsa.com.br\/site\/#website\",\"url\":\"https:\/\/unifsa.com.br\/site\/\",\"name\":\"Centro Universit\u00e1rio Santo Agostinho - UNIFSA\",\"description\":\"Conhecimento para toda a vida\",\"publisher\":{\"@id\":\"https:\/\/unifsa.com.br\/site\/#organization\"},\"potentialAction\":[{\"@type\":\"SearchAction\",\"target\":{\"@type\":\"EntryPoint\",\"urlTemplate\":\"https:\/\/unifsa.com.br\/site\/?s={search_term_string}\"},\"query-input\":{\"@type\":\"PropertyValueSpecification\",\"valueRequired\":true,\"valueName\":\"search_term_string\"}}],\"inLanguage\":\"pt-BR\"},{\"@type\":\"Organization\",\"@id\":\"https:\/\/unifsa.com.br\/site\/#organization\",\"name\":\"Centro Universit\u00e1rio Santo Agostinho - UNIFSA\",\"url\":\"https:\/\/unifsa.com.br\/site\/\",\"logo\":{\"@type\":\"ImageObject\",\"inLanguage\":\"pt-BR\",\"@id\":\"https:\/\/unifsa.com.br\/site\/#\/schema\/logo\/image\/\",\"url\":\"https:\/\/unifsa.com.br\/site\/wp-content\/uploads\/2023\/03\/MARCA-UNIFSA-CIC23-q2apjs1mt975cf1wl25b044coj90fwoiee1kya6800.png\",\"contentUrl\":\"https:\/\/unifsa.com.br\/site\/wp-content\/uploads\/2023\/03\/MARCA-UNIFSA-CIC23-q2apjs1mt975cf1wl25b044coj90fwoiee1kya6800.png\",\"width\":103,\"height\":100,\"caption\":\"Centro Universit\u00e1rio Santo Agostinho - UNIFSA\"},\"image\":{\"@id\":\"https:\/\/unifsa.com.br\/site\/#\/schema\/logo\/image\/\"},\"sameAs\":[\"https:\/\/www.facebook.com\/unifsa\/\",\"https:\/\/www.instagram.com\/unifsa\/\"]},{\"@type\":\"Person\",\"@id\":\"https:\/\/unifsa.com.br\/site\/#\/schema\/person\/a4cec94bbc6ddf98f579162824de9bf2\",\"name\":\"Oceannyra Kelly da Cruz Silva\",\"image\":{\"@type\":\"ImageObject\",\"inLanguage\":\"pt-BR\",\"@id\":\"https:\/\/unifsa.com.br\/site\/#\/schema\/person\/image\/\",\"url\":\"https:\/\/secure.gravatar.com\/avatar\/05c87cd6fa2c3c73262055bd9341438a47e77a37053b409b3cf4f8df60ea8eb8?s=96&d=mm&r=g\",\"contentUrl\":\"https:\/\/secure.gravatar.com\/avatar\/05c87cd6fa2c3c73262055bd9341438a47e77a37053b409b3cf4f8df60ea8eb8?s=96&d=mm&r=g\",\"caption\":\"Oceannyra Kelly da Cruz Silva\"},\"url\":\"https:\/\/unifsa.com.br\/site\/author\/oceannyrakelly\/\"}]}<\/script>\n<!-- \/ Yoast SEO plugin. -->","yoast_head_json":{"title":"Dr. Carlos Henrique Nery \u00e9 confirmado no I Congresso Internacional Ci\u00eancia e Sociedade - Centro Universit\u00e1rio Santo Agostinho - UNIFSA","robots":{"index":"index","follow":"follow","max-snippet":"max-snippet:-1","max-image-preview":"max-image-preview:large","max-video-preview":"max-video-preview:-1"},"canonical":"https:\/\/unifsa.com.br\/site\/dr-carlos-henrique-nery-e-confirmado-no-i-congresso-internacional-ciencia-e-sociedade\/","og_locale":"pt_BR","og_type":"article","og_title":"Dr. Carlos Henrique Nery \u00e9 confirmado no I Congresso Internacional Ci\u00eancia e Sociedade - Centro Universit\u00e1rio Santo Agostinho - UNIFSA","og_description":"\u00c9 com alegria que apresentamos o prestigioso m\u00e9dico Carlos Henrique Nery Costa como palestrante do CICS. Dr. Carlos \u00e9 formado em medicina pela Universidade de Bras\u00edlia, local onde tamb\u00e9m fez sua resid\u00eancia em cl\u00ednica m\u00e9dica e o mestrado em medicina tropical. Ele \u00e9 doutor em sa\u00fade p\u00fablica tropical, pela Harvard University. Seu curr\u00edculo \u00e9 amplo:","og_url":"https:\/\/unifsa.com.br\/site\/dr-carlos-henrique-nery-e-confirmado-no-i-congresso-internacional-ciencia-e-sociedade\/","og_site_name":"Centro Universit\u00e1rio Santo Agostinho - UNIFSA","article_publisher":"https:\/\/www.facebook.com\/unifsa\/","article_published_time":"2023-06-30T15:00:00+00:00","article_modified_time":"2023-07-26T15:01:05+00:00","og_image":[{"width":1920,"height":805,"url":"https:\/\/unifsa.com.br\/site\/wp-content\/uploads\/2023\/06\/palestrante-confirmado-4-1.png","type":"image\/png"}],"author":"Oceannyra Kelly da Cruz Silva","twitter_card":"summary_large_image","twitter_misc":{"Escrito por":"Oceannyra Kelly da Cruz Silva","Est. tempo de leitura":"3 minutos"},"schema":{"@context":"https:\/\/schema.org","@graph":[{"@type":"Article","@id":"https:\/\/unifsa.com.br\/site\/dr-carlos-henrique-nery-e-confirmado-no-i-congresso-internacional-ciencia-e-sociedade\/#article","isPartOf":{"@id":"https:\/\/unifsa.com.br\/site\/dr-carlos-henrique-nery-e-confirmado-no-i-congresso-internacional-ciencia-e-sociedade\/"},"author":{"name":"Oceannyra Kelly da Cruz Silva","@id":"https:\/\/unifsa.com.br\/site\/#\/schema\/person\/a4cec94bbc6ddf98f579162824de9bf2"},"headline":"Dr. Carlos Henrique Nery \u00e9 confirmado no I Congresso Internacional Ci\u00eancia e Sociedade","datePublished":"2023-06-30T15:00:00+00:00","dateModified":"2023-07-26T15:01:05+00:00","mainEntityOfPage":{"@id":"https:\/\/unifsa.com.br\/site\/dr-carlos-henrique-nery-e-confirmado-no-i-congresso-internacional-ciencia-e-sociedade\/"},"wordCount":554,"publisher":{"@id":"https:\/\/unifsa.com.br\/site\/#organization"},"image":{"@id":"https:\/\/unifsa.com.br\/site\/dr-carlos-henrique-nery-e-confirmado-no-i-congresso-internacional-ciencia-e-sociedade\/#primaryimage"},"thumbnailUrl":"https:\/\/unifsa.com.br\/site\/wp-content\/uploads\/2023\/06\/palestrante-confirmado-4-1.png","keywords":["Carlos Henrique Nery Costa","I CICS","I Congresso Internacional Ci\u00eancia e Sociedade","Medicina","Sa\u00fade"],"articleSection":["CICS 2023"],"inLanguage":"pt-BR"},{"@type":"WebPage","@id":"https:\/\/unifsa.com.br\/site\/dr-carlos-henrique-nery-e-confirmado-no-i-congresso-internacional-ciencia-e-sociedade\/","url":"https:\/\/unifsa.com.br\/site\/dr-carlos-henrique-nery-e-confirmado-no-i-congresso-internacional-ciencia-e-sociedade\/","name":"Dr. Carlos Henrique Nery \u00e9 confirmado no I Congresso Internacional Ci\u00eancia e Sociedade - Centro Universit\u00e1rio Santo Agostinho - UNIFSA","isPartOf":{"@id":"https:\/\/unifsa.com.br\/site\/#website"},"primaryImageOfPage":{"@id":"https:\/\/unifsa.com.br\/site\/dr-carlos-henrique-nery-e-confirmado-no-i-congresso-internacional-ciencia-e-sociedade\/#primaryimage"},"image":{"@id":"https:\/\/unifsa.com.br\/site\/dr-carlos-henrique-nery-e-confirmado-no-i-congresso-internacional-ciencia-e-sociedade\/#primaryimage"},"thumbnailUrl":"https:\/\/unifsa.com.br\/site\/wp-content\/uploads\/2023\/06\/palestrante-confirmado-4-1.png","datePublished":"2023-06-30T15:00:00+00:00","dateModified":"2023-07-26T15:01:05+00:00","breadcrumb":{"@id":"https:\/\/unifsa.com.br\/site\/dr-carlos-henrique-nery-e-confirmado-no-i-congresso-internacional-ciencia-e-sociedade\/#breadcrumb"},"inLanguage":"pt-BR","potentialAction":[{"@type":"ReadAction","target":["https:\/\/unifsa.com.br\/site\/dr-carlos-henrique-nery-e-confirmado-no-i-congresso-internacional-ciencia-e-sociedade\/"]}]},{"@type":"ImageObject","inLanguage":"pt-BR","@id":"https:\/\/unifsa.com.br\/site\/dr-carlos-henrique-nery-e-confirmado-no-i-congresso-internacional-ciencia-e-sociedade\/#primaryimage","url":"https:\/\/unifsa.com.br\/site\/wp-content\/uploads\/2023\/06\/palestrante-confirmado-4-1.png","contentUrl":"https:\/\/unifsa.com.br\/site\/wp-content\/uploads\/2023\/06\/palestrante-confirmado-4-1.png","width":1920,"height":805},{"@type":"BreadcrumbList","@id":"https:\/\/unifsa.com.br\/site\/dr-carlos-henrique-nery-e-confirmado-no-i-congresso-internacional-ciencia-e-sociedade\/#breadcrumb","itemListElement":[{"@type":"ListItem","position":1,"name":"In\u00edcio","item":"https:\/\/unifsa.com.br\/site\/"},{"@type":"ListItem","position":2,"name":"Dr. Carlos Henrique Nery \u00e9 confirmado no I Congresso Internacional Ci\u00eancia e Sociedade"}]},{"@type":"WebSite","@id":"https:\/\/unifsa.com.br\/site\/#website","url":"https:\/\/unifsa.com.br\/site\/","name":"Centro Universit\u00e1rio Santo Agostinho - UNIFSA","description":"Conhecimento para toda a vida","publisher":{"@id":"https:\/\/unifsa.com.br\/site\/#organization"},"potentialAction":[{"@type":"SearchAction","target":{"@type":"EntryPoint","urlTemplate":"https:\/\/unifsa.com.br\/site\/?s={search_term_string}"},"query-input":{"@type":"PropertyValueSpecification","valueRequired":true,"valueName":"search_term_string"}}],"inLanguage":"pt-BR"},{"@type":"Organization","@id":"https:\/\/unifsa.com.br\/site\/#organization","name":"Centro Universit\u00e1rio Santo Agostinho - UNIFSA","url":"https:\/\/unifsa.com.br\/site\/","logo":{"@type":"ImageObject","inLanguage":"pt-BR","@id":"https:\/\/unifsa.com.br\/site\/#\/schema\/logo\/image\/","url":"https:\/\/unifsa.com.br\/site\/wp-content\/uploads\/2023\/03\/MARCA-UNIFSA-CIC23-q2apjs1mt975cf1wl25b044coj90fwoiee1kya6800.png","contentUrl":"https:\/\/unifsa.com.br\/site\/wp-content\/uploads\/2023\/03\/MARCA-UNIFSA-CIC23-q2apjs1mt975cf1wl25b044coj90fwoiee1kya6800.png","width":103,"height":100,"caption":"Centro Universit\u00e1rio Santo Agostinho - UNIFSA"},"image":{"@id":"https:\/\/unifsa.com.br\/site\/#\/schema\/logo\/image\/"},"sameAs":["https:\/\/www.facebook.com\/unifsa\/","https:\/\/www.instagram.com\/unifsa\/"]},{"@type":"Person","@id":"https:\/\/unifsa.com.br\/site\/#\/schema\/person\/a4cec94bbc6ddf98f579162824de9bf2","name":"Oceannyra Kelly da Cruz Silva","image":{"@type":"ImageObject","inLanguage":"pt-BR","@id":"https:\/\/unifsa.com.br\/site\/#\/schema\/person\/image\/","url":"https:\/\/secure.gravatar.com\/avatar\/05c87cd6fa2c3c73262055bd9341438a47e77a37053b409b3cf4f8df60ea8eb8?s=96&d=mm&r=g","contentUrl":"https:\/\/secure.gravatar.com\/avatar\/05c87cd6fa2c3c73262055bd9341438a47e77a37053b409b3cf4f8df60ea8eb8?s=96&d=mm&r=g","caption":"Oceannyra Kelly da Cruz Silva"},"url":"https:\/\/unifsa.com.br\/site\/author\/oceannyrakelly\/"}]}},"_links":{"self":[{"href":"https:\/\/unifsa.com.br\/site\/wp-json\/wp\/v2\/posts\/23022","targetHints":{"allow":["GET"]}}],"collection":[{"href":"https:\/\/unifsa.com.br\/site\/wp-json\/wp\/v2\/posts"}],"about":[{"href":"https:\/\/unifsa.com.br\/site\/wp-json\/wp\/v2\/types\/post"}],"author":[{"embeddable":true,"href":"https:\/\/unifsa.com.br\/site\/wp-json\/wp\/v2\/users\/11"}],"replies":[{"embeddable":true,"href":"https:\/\/unifsa.com.br\/site\/wp-json\/wp\/v2\/comments?post=23022"}],"version-history":[{"count":2,"href":"https:\/\/unifsa.com.br\/site\/wp-json\/wp\/v2\/posts\/23022\/revisions"}],"predecessor-version":[{"id":23578,"href":"https:\/\/unifsa.com.br\/site\/wp-json\/wp\/v2\/posts\/23022\/revisions\/23578"}],"wp:featuredmedia":[{"embeddable":true,"href":"https:\/\/unifsa.com.br\/site\/wp-json\/wp\/v2\/media\/23032"}],"wp:attachment":[{"href":"https:\/\/unifsa.com.br\/site\/wp-json\/wp\/v2\/media?parent=23022"}],"wp:term":[{"taxonomy":"category","embeddable":true,"href":"https:\/\/unifsa.com.br\/site\/wp-json\/wp\/v2\/categories?post=23022"},{"taxonomy":"post_tag","embeddable":true,"href":"https:\/\/unifsa.com.br\/site\/wp-json\/wp\/v2\/tags?post=23022"}],"curies":[{"name":"wp","href":"https:\/\/api.w.org\/{rel}","templated":true}]}}