{"id":22898,"date":"2023-06-22T17:00:16","date_gmt":"2023-06-22T20:00:16","guid":{"rendered":"https:\/\/unifsa.com.br\/site\/?p=22898"},"modified":"2023-06-22T17:00:21","modified_gmt":"2023-06-22T20:00:21","slug":"turma-de-nutricao-semipresencial-celebra-cerimonia-do-jaleco-nesta-quarta-feira-21","status":"publish","type":"post","link":"https:\/\/unifsa.com.br\/site\/turma-de-nutricao-semipresencial-celebra-cerimonia-do-jaleco-nesta-quarta-feira-21\/","title":{"rendered":"Turma de Nutri\u00e7\u00e3o semipresencial celebra cerim\u00f4nia do jaleco nesta quarta-feira (21)"},"content":{"rendered":"\n<p class=\"texto-justificado\">A turma de<strong>\u00a0Nutri\u00e7\u00e3o<\/strong>\u00a0do Centro Universit\u00e1rio Santo Agostinho, modalidade semipresencial, realizou sua\u00a0<strong>cerim\u00f4nia do jaleco<\/strong>\u00a0nesta quarta-feira (21), na Sala de Confer\u00eancia da sede. O evento contou com uma mesa de honra composta pelos docentes do curso e a coordenadora do N\u00facleo de Ensino \u00e0 Dist\u00e2ncia, Profa. Profa. Dra. Eldelita Porf\u00edrio Franco.<\/p>\n\n\n\n<figure class=\"wp-block-image size-large\"><img fetchpriority=\"high\" decoding=\"async\" width=\"1024\" height=\"523\" src=\"https:\/\/unifsa.com.br\/site\/wp-content\/uploads\/2023\/06\/site-1024x523.jpg\" alt=\"\" class=\"wp-image-22908\" srcset=\"https:\/\/unifsa.com.br\/site\/wp-content\/uploads\/2023\/06\/site-1024x523.jpg 1024w, https:\/\/unifsa.com.br\/site\/wp-content\/uploads\/2023\/06\/site-300x153.jpg 300w, https:\/\/unifsa.com.br\/site\/wp-content\/uploads\/2023\/06\/site-768x392.jpg 768w, https:\/\/unifsa.com.br\/site\/wp-content\/uploads\/2023\/06\/site-1536x785.jpg 1536w, https:\/\/unifsa.com.br\/site\/wp-content\/uploads\/2023\/06\/site-2048x1046.jpg 2048w\" sizes=\"(max-width: 1024px) 100vw, 1024px\" \/><\/figure>\n\n\n\n<p class=\"texto-justificado\">A cerim\u00f4nia do jaleco \u00e9 uma tradi\u00e7\u00e3o dos cursos de sa\u00fade, marcando o in\u00edcio da trajet\u00f3ria acad\u00eamica e do uso deste EPI. Representa tamb\u00e9m o compromisso dos estudantes em cumprirem suas obriga\u00e7\u00f5es com responsabilidade e respeito, a fim de prezar pela sa\u00fade da sociedade.<\/p>\n\n\n\n<h2 class=\"wp-block-heading has-vivid-cyan-blue-color has-text-color\">Galeria<\/h2>\n\n\n\n<figure class=\"wp-block-gallery has-nested-images columns-default is-cropped wp-block-gallery-1 is-layout-flex wp-block-gallery-is-layout-flex\">\n<figure class=\"wp-block-image size-large\"><img decoding=\"async\" width=\"1024\" height=\"768\" data-id=\"22914\" src=\"https:\/\/unifsa.com.br\/site\/wp-content\/uploads\/2023\/06\/IMG_0602-1024x768.jpg\" alt=\"\" class=\"wp-image-22914\" srcset=\"https:\/\/unifsa.com.br\/site\/wp-content\/uploads\/2023\/06\/IMG_0602-1024x768.jpg 1024w, https:\/\/unifsa.com.br\/site\/wp-content\/uploads\/2023\/06\/IMG_0602-300x225.jpg 300w, https:\/\/unifsa.com.br\/site\/wp-content\/uploads\/2023\/06\/IMG_0602-768x576.jpg 768w, https:\/\/unifsa.com.br\/site\/wp-content\/uploads\/2023\/06\/IMG_0602-1536x1152.jpg 1536w, https:\/\/unifsa.com.br\/site\/wp-content\/uploads\/2023\/06\/IMG_0602-2048x1536.jpg 2048w\" sizes=\"(max-width: 1024px) 100vw, 1024px\" \/><\/figure>\n\n\n\n<figure class=\"wp-block-image size-large\"><img decoding=\"async\" width=\"1024\" height=\"768\" data-id=\"22915\" src=\"https:\/\/unifsa.com.br\/site\/wp-content\/uploads\/2023\/06\/IMG_0604-1024x768.jpg\" alt=\"\" class=\"wp-image-22915\" srcset=\"https:\/\/unifsa.com.br\/site\/wp-content\/uploads\/2023\/06\/IMG_0604-1024x768.jpg 1024w, https:\/\/unifsa.com.br\/site\/wp-content\/uploads\/2023\/06\/IMG_0604-300x225.jpg 300w, https:\/\/unifsa.com.br\/site\/wp-content\/uploads\/2023\/06\/IMG_0604-768x576.jpg 768w, https:\/\/unifsa.com.br\/site\/wp-content\/uploads\/2023\/06\/IMG_0604-1536x1152.jpg 1536w, https:\/\/unifsa.com.br\/site\/wp-content\/uploads\/2023\/06\/IMG_0604-2048x1536.jpg 2048w\" sizes=\"(max-width: 1024px) 100vw, 1024px\" \/><\/figure>\n\n\n\n<figure class=\"wp-block-image size-large\"><img loading=\"lazy\" decoding=\"async\" width=\"1024\" height=\"768\" data-id=\"22916\" src=\"https:\/\/unifsa.com.br\/site\/wp-content\/uploads\/2023\/06\/IMG_0605-1024x768.jpg\" alt=\"\" class=\"wp-image-22916\" srcset=\"https:\/\/unifsa.com.br\/site\/wp-content\/uploads\/2023\/06\/IMG_0605-1024x768.jpg 1024w, https:\/\/unifsa.com.br\/site\/wp-content\/uploads\/2023\/06\/IMG_0605-300x225.jpg 300w, https:\/\/unifsa.com.br\/site\/wp-content\/uploads\/2023\/06\/IMG_0605-768x576.jpg 768w, https:\/\/unifsa.com.br\/site\/wp-content\/uploads\/2023\/06\/IMG_0605-1536x1152.jpg 1536w, https:\/\/unifsa.com.br\/site\/wp-content\/uploads\/2023\/06\/IMG_0605-2048x1536.jpg 2048w\" sizes=\"(max-width: 1024px) 100vw, 1024px\" \/><\/figure>\n\n\n\n<figure class=\"wp-block-image size-large\"><img loading=\"lazy\" decoding=\"async\" width=\"576\" height=\"1024\" data-id=\"22912\" src=\"https:\/\/unifsa.com.br\/site\/wp-content\/uploads\/2023\/06\/IMG_0635-1-576x1024.jpg\" alt=\"\" class=\"wp-image-22912\" srcset=\"https:\/\/unifsa.com.br\/site\/wp-content\/uploads\/2023\/06\/IMG_0635-1-576x1024.jpg 576w, https:\/\/unifsa.com.br\/site\/wp-content\/uploads\/2023\/06\/IMG_0635-1-169x300.jpg 169w, https:\/\/unifsa.com.br\/site\/wp-content\/uploads\/2023\/06\/IMG_0635-1-768x1365.jpg 768w, https:\/\/unifsa.com.br\/site\/wp-content\/uploads\/2023\/06\/IMG_0635-1-864x1536.jpg 864w, https:\/\/unifsa.com.br\/site\/wp-content\/uploads\/2023\/06\/IMG_0635-1-1152x2048.jpg 1152w, https:\/\/unifsa.com.br\/site\/wp-content\/uploads\/2023\/06\/IMG_0635-1-scaled.jpg 1440w\" sizes=\"(max-width: 576px) 100vw, 576px\" \/><\/figure>\n\n\n\n<figure class=\"wp-block-image size-large\"><img loading=\"lazy\" decoding=\"async\" width=\"576\" height=\"1024\" data-id=\"22911\" src=\"https:\/\/unifsa.com.br\/site\/wp-content\/uploads\/2023\/06\/IMG_0645-576x1024.jpg\" alt=\"\" class=\"wp-image-22911\" srcset=\"https:\/\/unifsa.com.br\/site\/wp-content\/uploads\/2023\/06\/IMG_0645-576x1024.jpg 576w, https:\/\/unifsa.com.br\/site\/wp-content\/uploads\/2023\/06\/IMG_0645-169x300.jpg 169w, https:\/\/unifsa.com.br\/site\/wp-content\/uploads\/2023\/06\/IMG_0645-768x1365.jpg 768w, https:\/\/unifsa.com.br\/site\/wp-content\/uploads\/2023\/06\/IMG_0645-864x1536.jpg 864w, https:\/\/unifsa.com.br\/site\/wp-content\/uploads\/2023\/06\/IMG_0645-1152x2048.jpg 1152w, https:\/\/unifsa.com.br\/site\/wp-content\/uploads\/2023\/06\/IMG_0645-scaled.jpg 1440w\" sizes=\"(max-width: 576px) 100vw, 576px\" \/><\/figure>\n\n\n\n<figure class=\"wp-block-image size-large\"><img loading=\"lazy\" decoding=\"async\" width=\"576\" height=\"1024\" data-id=\"22929\" src=\"https:\/\/unifsa.com.br\/site\/wp-content\/uploads\/2023\/06\/IMG_0652-576x1024.jpg\" alt=\"\" class=\"wp-image-22929\" srcset=\"https:\/\/unifsa.com.br\/site\/wp-content\/uploads\/2023\/06\/IMG_0652-576x1024.jpg 576w, https:\/\/unifsa.com.br\/site\/wp-content\/uploads\/2023\/06\/IMG_0652-169x300.jpg 169w, https:\/\/unifsa.com.br\/site\/wp-content\/uploads\/2023\/06\/IMG_0652-768x1365.jpg 768w, https:\/\/unifsa.com.br\/site\/wp-content\/uploads\/2023\/06\/IMG_0652-864x1536.jpg 864w, https:\/\/unifsa.com.br\/site\/wp-content\/uploads\/2023\/06\/IMG_0652-1152x2048.jpg 1152w, https:\/\/unifsa.com.br\/site\/wp-content\/uploads\/2023\/06\/IMG_0652-scaled.jpg 1440w\" sizes=\"(max-width: 576px) 100vw, 576px\" \/><\/figure>\n\n\n\n<figure class=\"wp-block-image size-large\"><img loading=\"lazy\" decoding=\"async\" width=\"576\" height=\"1024\" data-id=\"22934\" src=\"https:\/\/unifsa.com.br\/site\/wp-content\/uploads\/2023\/06\/IMG_0658-576x1024.jpg\" alt=\"\" class=\"wp-image-22934\" srcset=\"https:\/\/unifsa.com.br\/site\/wp-content\/uploads\/2023\/06\/IMG_0658-576x1024.jpg 576w, https:\/\/unifsa.com.br\/site\/wp-content\/uploads\/2023\/06\/IMG_0658-169x300.jpg 169w, https:\/\/unifsa.com.br\/site\/wp-content\/uploads\/2023\/06\/IMG_0658-768x1365.jpg 768w, https:\/\/unifsa.com.br\/site\/wp-content\/uploads\/2023\/06\/IMG_0658-864x1536.jpg 864w, https:\/\/unifsa.com.br\/site\/wp-content\/uploads\/2023\/06\/IMG_0658-1152x2048.jpg 1152w, https:\/\/unifsa.com.br\/site\/wp-content\/uploads\/2023\/06\/IMG_0658-scaled.jpg 1440w\" sizes=\"(max-width: 576px) 100vw, 576px\" \/><\/figure>\n\n\n\n<figure class=\"wp-block-image size-large\"><img loading=\"lazy\" decoding=\"async\" width=\"576\" height=\"1024\" data-id=\"22946\" src=\"https:\/\/unifsa.com.br\/site\/wp-content\/uploads\/2023\/06\/IMG_0671-576x1024.jpg\" alt=\"\" class=\"wp-image-22946\" srcset=\"https:\/\/unifsa.com.br\/site\/wp-content\/uploads\/2023\/06\/IMG_0671-576x1024.jpg 576w, https:\/\/unifsa.com.br\/site\/wp-content\/uploads\/2023\/06\/IMG_0671-169x300.jpg 169w, https:\/\/unifsa.com.br\/site\/wp-content\/uploads\/2023\/06\/IMG_0671-768x1365.jpg 768w, https:\/\/unifsa.com.br\/site\/wp-content\/uploads\/2023\/06\/IMG_0671-864x1536.jpg 864w, https:\/\/unifsa.com.br\/site\/wp-content\/uploads\/2023\/06\/IMG_0671-1152x2048.jpg 1152w, https:\/\/unifsa.com.br\/site\/wp-content\/uploads\/2023\/06\/IMG_0671-scaled.jpg 1440w\" sizes=\"(max-width: 576px) 100vw, 576px\" \/><\/figure>\n\n\n\n<figure class=\"wp-block-image size-large\"><img loading=\"lazy\" decoding=\"async\" width=\"768\" height=\"1024\" data-id=\"22948\" src=\"https:\/\/unifsa.com.br\/site\/wp-content\/uploads\/2023\/06\/IMG_0674-768x1024.jpg\" alt=\"\" class=\"wp-image-22948\" srcset=\"https:\/\/unifsa.com.br\/site\/wp-content\/uploads\/2023\/06\/IMG_0674-768x1024.jpg 768w, https:\/\/unifsa.com.br\/site\/wp-content\/uploads\/2023\/06\/IMG_0674-225x300.jpg 225w, https:\/\/unifsa.com.br\/site\/wp-content\/uploads\/2023\/06\/IMG_0674-1152x1536.jpg 1152w, https:\/\/unifsa.com.br\/site\/wp-content\/uploads\/2023\/06\/IMG_0674-1536x2048.jpg 1536w, https:\/\/unifsa.com.br\/site\/wp-content\/uploads\/2023\/06\/IMG_0674-scaled.jpg 1920w\" sizes=\"(max-width: 768px) 100vw, 768px\" \/><\/figure>\n\n\n\n<figure class=\"wp-block-image size-large\"><img loading=\"lazy\" decoding=\"async\" width=\"768\" height=\"1024\" data-id=\"22949\" src=\"https:\/\/unifsa.com.br\/site\/wp-content\/uploads\/2023\/06\/IMG_0675-768x1024.jpg\" alt=\"\" class=\"wp-image-22949\" srcset=\"https:\/\/unifsa.com.br\/site\/wp-content\/uploads\/2023\/06\/IMG_0675-768x1024.jpg 768w, https:\/\/unifsa.com.br\/site\/wp-content\/uploads\/2023\/06\/IMG_0675-225x300.jpg 225w, https:\/\/unifsa.com.br\/site\/wp-content\/uploads\/2023\/06\/IMG_0675-1152x1536.jpg 1152w, https:\/\/unifsa.com.br\/site\/wp-content\/uploads\/2023\/06\/IMG_0675-1536x2048.jpg 1536w, https:\/\/unifsa.com.br\/site\/wp-content\/uploads\/2023\/06\/IMG_0675-scaled.jpg 1920w\" sizes=\"(max-width: 768px) 100vw, 768px\" \/><\/figure>\n\n\n\n<figure class=\"wp-block-image size-large\"><img loading=\"lazy\" decoding=\"async\" width=\"1024\" height=\"768\" data-id=\"22952\" src=\"https:\/\/unifsa.com.br\/site\/wp-content\/uploads\/2023\/06\/IMG_0679-1024x768.jpg\" alt=\"\" class=\"wp-image-22952\" srcset=\"https:\/\/unifsa.com.br\/site\/wp-content\/uploads\/2023\/06\/IMG_0679-1024x768.jpg 1024w, https:\/\/unifsa.com.br\/site\/wp-content\/uploads\/2023\/06\/IMG_0679-300x225.jpg 300w, https:\/\/unifsa.com.br\/site\/wp-content\/uploads\/2023\/06\/IMG_0679-768x576.jpg 768w, https:\/\/unifsa.com.br\/site\/wp-content\/uploads\/2023\/06\/IMG_0679-1536x1152.jpg 1536w, https:\/\/unifsa.com.br\/site\/wp-content\/uploads\/2023\/06\/IMG_0679-2048x1536.jpg 2048w\" sizes=\"(max-width: 1024px) 100vw, 1024px\" \/><\/figure>\n\n\n\n<figure class=\"wp-block-image size-large\"><img loading=\"lazy\" decoding=\"async\" width=\"1024\" height=\"768\" data-id=\"22950\" src=\"https:\/\/unifsa.com.br\/site\/wp-content\/uploads\/2023\/06\/IMG_0681-1-1024x768.jpg\" alt=\"\" class=\"wp-image-22950\" srcset=\"https:\/\/unifsa.com.br\/site\/wp-content\/uploads\/2023\/06\/IMG_0681-1-1024x768.jpg 1024w, https:\/\/unifsa.com.br\/site\/wp-content\/uploads\/2023\/06\/IMG_0681-1-300x225.jpg 300w, https:\/\/unifsa.com.br\/site\/wp-content\/uploads\/2023\/06\/IMG_0681-1-768x576.jpg 768w, https:\/\/unifsa.com.br\/site\/wp-content\/uploads\/2023\/06\/IMG_0681-1-1536x1152.jpg 1536w, https:\/\/unifsa.com.br\/site\/wp-content\/uploads\/2023\/06\/IMG_0681-1-2048x1536.jpg 2048w\" sizes=\"(max-width: 1024px) 100vw, 1024px\" \/><\/figure>\n\n\n\n<figure class=\"wp-block-image size-large\"><img loading=\"lazy\" decoding=\"async\" width=\"1024\" height=\"768\" data-id=\"22953\" src=\"https:\/\/unifsa.com.br\/site\/wp-content\/uploads\/2023\/06\/IMG_0683-1024x768.jpg\" alt=\"\" class=\"wp-image-22953\" srcset=\"https:\/\/unifsa.com.br\/site\/wp-content\/uploads\/2023\/06\/IMG_0683-1024x768.jpg 1024w, https:\/\/unifsa.com.br\/site\/wp-content\/uploads\/2023\/06\/IMG_0683-300x225.jpg 300w, https:\/\/unifsa.com.br\/site\/wp-content\/uploads\/2023\/06\/IMG_0683-768x576.jpg 768w, https:\/\/unifsa.com.br\/site\/wp-content\/uploads\/2023\/06\/IMG_0683-1536x1152.jpg 1536w, https:\/\/unifsa.com.br\/site\/wp-content\/uploads\/2023\/06\/IMG_0683-2048x1536.jpg 2048w\" sizes=\"(max-width: 1024px) 100vw, 1024px\" \/><\/figure>\n\n\n\n<figure class=\"wp-block-image size-large\"><img loading=\"lazy\" decoding=\"async\" width=\"1024\" height=\"768\" data-id=\"22957\" src=\"https:\/\/unifsa.com.br\/site\/wp-content\/uploads\/2023\/06\/IMG_0684-1024x768.jpg\" alt=\"\" class=\"wp-image-22957\" srcset=\"https:\/\/unifsa.com.br\/site\/wp-content\/uploads\/2023\/06\/IMG_0684-1024x768.jpg 1024w, https:\/\/unifsa.com.br\/site\/wp-content\/uploads\/2023\/06\/IMG_0684-300x225.jpg 300w, https:\/\/unifsa.com.br\/site\/wp-content\/uploads\/2023\/06\/IMG_0684-768x576.jpg 768w, https:\/\/unifsa.com.br\/site\/wp-content\/uploads\/2023\/06\/IMG_0684-1536x1152.jpg 1536w, https:\/\/unifsa.com.br\/site\/wp-content\/uploads\/2023\/06\/IMG_0684-2048x1536.jpg 2048w\" sizes=\"(max-width: 1024px) 100vw, 1024px\" \/><\/figure>\n\n\n\n<figure class=\"wp-block-image size-large\"><img loading=\"lazy\" decoding=\"async\" width=\"1024\" height=\"768\" data-id=\"22956\" src=\"https:\/\/unifsa.com.br\/site\/wp-content\/uploads\/2023\/06\/IMG_0686-1024x768.jpg\" alt=\"\" class=\"wp-image-22956\" srcset=\"https:\/\/unifsa.com.br\/site\/wp-content\/uploads\/2023\/06\/IMG_0686-1024x768.jpg 1024w, https:\/\/unifsa.com.br\/site\/wp-content\/uploads\/2023\/06\/IMG_0686-300x225.jpg 300w, https:\/\/unifsa.com.br\/site\/wp-content\/uploads\/2023\/06\/IMG_0686-768x576.jpg 768w, https:\/\/unifsa.com.br\/site\/wp-content\/uploads\/2023\/06\/IMG_0686-1536x1152.jpg 1536w, https:\/\/unifsa.com.br\/site\/wp-content\/uploads\/2023\/06\/IMG_0686-2048x1536.jpg 2048w\" sizes=\"(max-width: 1024px) 100vw, 1024px\" \/><\/figure>\n<\/figure>\n","protected":false},"excerpt":{"rendered":"<p>A turma de\u00a0Nutri\u00e7\u00e3o\u00a0do Centro Universit\u00e1rio Santo Agostinho, modalidade semipresencial, realizou sua\u00a0cerim\u00f4nia do jaleco\u00a0nesta quarta-feira (21), na Sala de Confer\u00eancia da sede. O evento contou com uma mesa de honra composta pelos docentes do curso e a coordenadora do N\u00facleo de Ensino \u00e0 Dist\u00e2ncia, Profa. Profa. Dra. Eldelita Porf\u00edrio Franco. A cerim\u00f4nia do jaleco \u00e9 uma<\/p>\n","protected":false},"author":11,"featured_media":22909,"comment_status":"closed","ping_status":"open","sticky":false,"template":"","format":"standard","meta":{"_acf_changed":false,"footnotes":""},"categories":[6,476,62],"tags":[1185,1186,115,1247],"class_list":["post-22898","post","type-post","status-publish","format-standard","has-post-thumbnail","hentry","category-acontece-na-unifsa","category-nead","category-nutricao","tag-cerimonia-do-jaleco","tag-ead-unifsa","tag-nutricao","tag-nutricao-semipresencial"],"acf":[],"yoast_head":"<!-- This site is optimized with the Yoast SEO plugin v26.5 - https:\/\/yoast.com\/wordpress\/plugins\/seo\/ -->\n<title>Turma de Nutri\u00e7\u00e3o semipresencial celebra cerim\u00f4nia do jaleco nesta quarta-feira (21) - Centro Universit\u00e1rio Santo Agostinho - UNIFSA<\/title>\n<meta name=\"robots\" content=\"index, follow, max-snippet:-1, max-image-preview:large, max-video-preview:-1\" \/>\n<link rel=\"canonical\" href=\"https:\/\/unifsa.com.br\/site\/turma-de-nutricao-semipresencial-celebra-cerimonia-do-jaleco-nesta-quarta-feira-21\/\" \/>\n<meta property=\"og:locale\" content=\"pt_BR\" \/>\n<meta property=\"og:type\" content=\"article\" \/>\n<meta property=\"og:title\" content=\"Turma de Nutri\u00e7\u00e3o semipresencial celebra cerim\u00f4nia do jaleco nesta quarta-feira (21) - Centro Universit\u00e1rio Santo Agostinho - UNIFSA\" \/>\n<meta property=\"og:description\" content=\"A turma de\u00a0Nutri\u00e7\u00e3o\u00a0do Centro Universit\u00e1rio Santo Agostinho, modalidade semipresencial, realizou sua\u00a0cerim\u00f4nia do jaleco\u00a0nesta quarta-feira (21), na Sala de Confer\u00eancia da sede. O evento contou com uma mesa de honra composta pelos docentes do curso e a coordenadora do N\u00facleo de Ensino \u00e0 Dist\u00e2ncia, Profa. Profa. Dra. Eldelita Porf\u00edrio Franco. A cerim\u00f4nia do jaleco \u00e9 uma\" \/>\n<meta property=\"og:url\" content=\"https:\/\/unifsa.com.br\/site\/turma-de-nutricao-semipresencial-celebra-cerimonia-do-jaleco-nesta-quarta-feira-21\/\" \/>\n<meta property=\"og:site_name\" content=\"Centro Universit\u00e1rio Santo Agostinho - UNIFSA\" \/>\n<meta property=\"article:publisher\" content=\"https:\/\/www.facebook.com\/unifsa\/\" \/>\n<meta property=\"article:published_time\" content=\"2023-06-22T20:00:16+00:00\" \/>\n<meta property=\"article:modified_time\" content=\"2023-06-22T20:00:21+00:00\" \/>\n<meta property=\"og:image\" content=\"https:\/\/unifsa.com.br\/site\/wp-content\/uploads\/2023\/06\/IMG_E0694-scaled.jpg\" \/>\n\t<meta property=\"og:image:width\" content=\"2560\" \/>\n\t<meta property=\"og:image:height\" content=\"1440\" \/>\n\t<meta property=\"og:image:type\" content=\"image\/jpeg\" \/>\n<meta name=\"author\" content=\"Oceannyra Kelly da Cruz Silva\" \/>\n<meta name=\"twitter:card\" content=\"summary_large_image\" \/>\n<meta name=\"twitter:label1\" content=\"Escrito por\" \/>\n\t<meta name=\"twitter:data1\" content=\"Oceannyra Kelly da Cruz Silva\" \/>\n\t<meta name=\"twitter:label2\" content=\"Est. tempo de leitura\" \/>\n\t<meta name=\"twitter:data2\" content=\"4 minutos\" \/>\n<script type=\"application\/ld+json\" class=\"yoast-schema-graph\">{\"@context\":\"https:\/\/schema.org\",\"@graph\":[{\"@type\":\"Article\",\"@id\":\"https:\/\/unifsa.com.br\/site\/turma-de-nutricao-semipresencial-celebra-cerimonia-do-jaleco-nesta-quarta-feira-21\/#article\",\"isPartOf\":{\"@id\":\"https:\/\/unifsa.com.br\/site\/turma-de-nutricao-semipresencial-celebra-cerimonia-do-jaleco-nesta-quarta-feira-21\/\"},\"author\":{\"name\":\"Oceannyra Kelly da Cruz Silva\",\"@id\":\"https:\/\/unifsa.com.br\/site\/#\/schema\/person\/a4cec94bbc6ddf98f579162824de9bf2\"},\"headline\":\"Turma de Nutri\u00e7\u00e3o semipresencial celebra cerim\u00f4nia do jaleco nesta quarta-feira (21)\",\"datePublished\":\"2023-06-22T20:00:16+00:00\",\"dateModified\":\"2023-06-22T20:00:21+00:00\",\"mainEntityOfPage\":{\"@id\":\"https:\/\/unifsa.com.br\/site\/turma-de-nutricao-semipresencial-celebra-cerimonia-do-jaleco-nesta-quarta-feira-21\/\"},\"wordCount\":123,\"publisher\":{\"@id\":\"https:\/\/unifsa.com.br\/site\/#organization\"},\"image\":{\"@id\":\"https:\/\/unifsa.com.br\/site\/turma-de-nutricao-semipresencial-celebra-cerimonia-do-jaleco-nesta-quarta-feira-21\/#primaryimage\"},\"thumbnailUrl\":\"https:\/\/unifsa.com.br\/site\/wp-content\/uploads\/2023\/06\/IMG_E0694-scaled.jpg\",\"keywords\":[\"cerim\u00f4nia do jaleco\",\"EAD UNIFSA\",\"Nutri\u00e7\u00e3o\",\"Nutri\u00e7\u00e3o Semipresencial\"],\"articleSection\":[\"Acontece na UNIFSA\",\"NEAD\",\"Nutri\u00e7\u00e3o\"],\"inLanguage\":\"pt-BR\"},{\"@type\":\"WebPage\",\"@id\":\"https:\/\/unifsa.com.br\/site\/turma-de-nutricao-semipresencial-celebra-cerimonia-do-jaleco-nesta-quarta-feira-21\/\",\"url\":\"https:\/\/unifsa.com.br\/site\/turma-de-nutricao-semipresencial-celebra-cerimonia-do-jaleco-nesta-quarta-feira-21\/\",\"name\":\"Turma de Nutri\u00e7\u00e3o semipresencial celebra cerim\u00f4nia do jaleco nesta quarta-feira (21) - Centro Universit\u00e1rio Santo Agostinho - UNIFSA\",\"isPartOf\":{\"@id\":\"https:\/\/unifsa.com.br\/site\/#website\"},\"primaryImageOfPage\":{\"@id\":\"https:\/\/unifsa.com.br\/site\/turma-de-nutricao-semipresencial-celebra-cerimonia-do-jaleco-nesta-quarta-feira-21\/#primaryimage\"},\"image\":{\"@id\":\"https:\/\/unifsa.com.br\/site\/turma-de-nutricao-semipresencial-celebra-cerimonia-do-jaleco-nesta-quarta-feira-21\/#primaryimage\"},\"thumbnailUrl\":\"https:\/\/unifsa.com.br\/site\/wp-content\/uploads\/2023\/06\/IMG_E0694-scaled.jpg\",\"datePublished\":\"2023-06-22T20:00:16+00:00\",\"dateModified\":\"2023-06-22T20:00:21+00:00\",\"breadcrumb\":{\"@id\":\"https:\/\/unifsa.com.br\/site\/turma-de-nutricao-semipresencial-celebra-cerimonia-do-jaleco-nesta-quarta-feira-21\/#breadcrumb\"},\"inLanguage\":\"pt-BR\",\"potentialAction\":[{\"@type\":\"ReadAction\",\"target\":[\"https:\/\/unifsa.com.br\/site\/turma-de-nutricao-semipresencial-celebra-cerimonia-do-jaleco-nesta-quarta-feira-21\/\"]}]},{\"@type\":\"ImageObject\",\"inLanguage\":\"pt-BR\",\"@id\":\"https:\/\/unifsa.com.br\/site\/turma-de-nutricao-semipresencial-celebra-cerimonia-do-jaleco-nesta-quarta-feira-21\/#primaryimage\",\"url\":\"https:\/\/unifsa.com.br\/site\/wp-content\/uploads\/2023\/06\/IMG_E0694-scaled.jpg\",\"contentUrl\":\"https:\/\/unifsa.com.br\/site\/wp-content\/uploads\/2023\/06\/IMG_E0694-scaled.jpg\",\"width\":2560,\"height\":1440},{\"@type\":\"BreadcrumbList\",\"@id\":\"https:\/\/unifsa.com.br\/site\/turma-de-nutricao-semipresencial-celebra-cerimonia-do-jaleco-nesta-quarta-feira-21\/#breadcrumb\",\"itemListElement\":[{\"@type\":\"ListItem\",\"position\":1,\"name\":\"In\u00edcio\",\"item\":\"https:\/\/unifsa.com.br\/site\/\"},{\"@type\":\"ListItem\",\"position\":2,\"name\":\"Turma de Nutri\u00e7\u00e3o semipresencial celebra cerim\u00f4nia do jaleco nesta quarta-feira (21)\"}]},{\"@type\":\"WebSite\",\"@id\":\"https:\/\/unifsa.com.br\/site\/#website\",\"url\":\"https:\/\/unifsa.com.br\/site\/\",\"name\":\"Centro Universit\u00e1rio Santo Agostinho - UNIFSA\",\"description\":\"Conhecimento para toda a vida\",\"publisher\":{\"@id\":\"https:\/\/unifsa.com.br\/site\/#organization\"},\"potentialAction\":[{\"@type\":\"SearchAction\",\"target\":{\"@type\":\"EntryPoint\",\"urlTemplate\":\"https:\/\/unifsa.com.br\/site\/?s={search_term_string}\"},\"query-input\":{\"@type\":\"PropertyValueSpecification\",\"valueRequired\":true,\"valueName\":\"search_term_string\"}}],\"inLanguage\":\"pt-BR\"},{\"@type\":\"Organization\",\"@id\":\"https:\/\/unifsa.com.br\/site\/#organization\",\"name\":\"Centro Universit\u00e1rio Santo Agostinho - UNIFSA\",\"url\":\"https:\/\/unifsa.com.br\/site\/\",\"logo\":{\"@type\":\"ImageObject\",\"inLanguage\":\"pt-BR\",\"@id\":\"https:\/\/unifsa.com.br\/site\/#\/schema\/logo\/image\/\",\"url\":\"https:\/\/unifsa.com.br\/site\/wp-content\/uploads\/2023\/03\/MARCA-UNIFSA-CIC23-q2apjs1mt975cf1wl25b044coj90fwoiee1kya6800.png\",\"contentUrl\":\"https:\/\/unifsa.com.br\/site\/wp-content\/uploads\/2023\/03\/MARCA-UNIFSA-CIC23-q2apjs1mt975cf1wl25b044coj90fwoiee1kya6800.png\",\"width\":103,\"height\":100,\"caption\":\"Centro Universit\u00e1rio Santo Agostinho - UNIFSA\"},\"image\":{\"@id\":\"https:\/\/unifsa.com.br\/site\/#\/schema\/logo\/image\/\"},\"sameAs\":[\"https:\/\/www.facebook.com\/unifsa\/\",\"https:\/\/www.instagram.com\/unifsa\/\"]},{\"@type\":\"Person\",\"@id\":\"https:\/\/unifsa.com.br\/site\/#\/schema\/person\/a4cec94bbc6ddf98f579162824de9bf2\",\"name\":\"Oceannyra Kelly da Cruz Silva\",\"image\":{\"@type\":\"ImageObject\",\"inLanguage\":\"pt-BR\",\"@id\":\"https:\/\/unifsa.com.br\/site\/#\/schema\/person\/image\/\",\"url\":\"https:\/\/secure.gravatar.com\/avatar\/05c87cd6fa2c3c73262055bd9341438a47e77a37053b409b3cf4f8df60ea8eb8?s=96&d=mm&r=g\",\"contentUrl\":\"https:\/\/secure.gravatar.com\/avatar\/05c87cd6fa2c3c73262055bd9341438a47e77a37053b409b3cf4f8df60ea8eb8?s=96&d=mm&r=g\",\"caption\":\"Oceannyra Kelly da Cruz Silva\"},\"url\":\"https:\/\/unifsa.com.br\/site\/author\/oceannyrakelly\/\"}]}<\/script>\n<!-- \/ Yoast SEO plugin. -->","yoast_head_json":{"title":"Turma de Nutri\u00e7\u00e3o semipresencial celebra cerim\u00f4nia do jaleco nesta quarta-feira (21) - Centro Universit\u00e1rio Santo Agostinho - UNIFSA","robots":{"index":"index","follow":"follow","max-snippet":"max-snippet:-1","max-image-preview":"max-image-preview:large","max-video-preview":"max-video-preview:-1"},"canonical":"https:\/\/unifsa.com.br\/site\/turma-de-nutricao-semipresencial-celebra-cerimonia-do-jaleco-nesta-quarta-feira-21\/","og_locale":"pt_BR","og_type":"article","og_title":"Turma de Nutri\u00e7\u00e3o semipresencial celebra cerim\u00f4nia do jaleco nesta quarta-feira (21) - Centro Universit\u00e1rio Santo Agostinho - UNIFSA","og_description":"A turma de\u00a0Nutri\u00e7\u00e3o\u00a0do Centro Universit\u00e1rio Santo Agostinho, modalidade semipresencial, realizou sua\u00a0cerim\u00f4nia do jaleco\u00a0nesta quarta-feira (21), na Sala de Confer\u00eancia da sede. O evento contou com uma mesa de honra composta pelos docentes do curso e a coordenadora do N\u00facleo de Ensino \u00e0 Dist\u00e2ncia, Profa. Profa. Dra. Eldelita Porf\u00edrio Franco. A cerim\u00f4nia do jaleco \u00e9 uma","og_url":"https:\/\/unifsa.com.br\/site\/turma-de-nutricao-semipresencial-celebra-cerimonia-do-jaleco-nesta-quarta-feira-21\/","og_site_name":"Centro Universit\u00e1rio Santo Agostinho - UNIFSA","article_publisher":"https:\/\/www.facebook.com\/unifsa\/","article_published_time":"2023-06-22T20:00:16+00:00","article_modified_time":"2023-06-22T20:00:21+00:00","og_image":[{"width":2560,"height":1440,"url":"https:\/\/unifsa.com.br\/site\/wp-content\/uploads\/2023\/06\/IMG_E0694-scaled.jpg","type":"image\/jpeg"}],"author":"Oceannyra Kelly da Cruz Silva","twitter_card":"summary_large_image","twitter_misc":{"Escrito por":"Oceannyra Kelly da Cruz Silva","Est. tempo de leitura":"4 minutos"},"schema":{"@context":"https:\/\/schema.org","@graph":[{"@type":"Article","@id":"https:\/\/unifsa.com.br\/site\/turma-de-nutricao-semipresencial-celebra-cerimonia-do-jaleco-nesta-quarta-feira-21\/#article","isPartOf":{"@id":"https:\/\/unifsa.com.br\/site\/turma-de-nutricao-semipresencial-celebra-cerimonia-do-jaleco-nesta-quarta-feira-21\/"},"author":{"name":"Oceannyra Kelly da Cruz Silva","@id":"https:\/\/unifsa.com.br\/site\/#\/schema\/person\/a4cec94bbc6ddf98f579162824de9bf2"},"headline":"Turma de Nutri\u00e7\u00e3o semipresencial celebra cerim\u00f4nia do jaleco nesta quarta-feira (21)","datePublished":"2023-06-22T20:00:16+00:00","dateModified":"2023-06-22T20:00:21+00:00","mainEntityOfPage":{"@id":"https:\/\/unifsa.com.br\/site\/turma-de-nutricao-semipresencial-celebra-cerimonia-do-jaleco-nesta-quarta-feira-21\/"},"wordCount":123,"publisher":{"@id":"https:\/\/unifsa.com.br\/site\/#organization"},"image":{"@id":"https:\/\/unifsa.com.br\/site\/turma-de-nutricao-semipresencial-celebra-cerimonia-do-jaleco-nesta-quarta-feira-21\/#primaryimage"},"thumbnailUrl":"https:\/\/unifsa.com.br\/site\/wp-content\/uploads\/2023\/06\/IMG_E0694-scaled.jpg","keywords":["cerim\u00f4nia do jaleco","EAD UNIFSA","Nutri\u00e7\u00e3o","Nutri\u00e7\u00e3o Semipresencial"],"articleSection":["Acontece na UNIFSA","NEAD","Nutri\u00e7\u00e3o"],"inLanguage":"pt-BR"},{"@type":"WebPage","@id":"https:\/\/unifsa.com.br\/site\/turma-de-nutricao-semipresencial-celebra-cerimonia-do-jaleco-nesta-quarta-feira-21\/","url":"https:\/\/unifsa.com.br\/site\/turma-de-nutricao-semipresencial-celebra-cerimonia-do-jaleco-nesta-quarta-feira-21\/","name":"Turma de Nutri\u00e7\u00e3o semipresencial celebra cerim\u00f4nia do jaleco nesta quarta-feira (21) - Centro Universit\u00e1rio Santo Agostinho - UNIFSA","isPartOf":{"@id":"https:\/\/unifsa.com.br\/site\/#website"},"primaryImageOfPage":{"@id":"https:\/\/unifsa.com.br\/site\/turma-de-nutricao-semipresencial-celebra-cerimonia-do-jaleco-nesta-quarta-feira-21\/#primaryimage"},"image":{"@id":"https:\/\/unifsa.com.br\/site\/turma-de-nutricao-semipresencial-celebra-cerimonia-do-jaleco-nesta-quarta-feira-21\/#primaryimage"},"thumbnailUrl":"https:\/\/unifsa.com.br\/site\/wp-content\/uploads\/2023\/06\/IMG_E0694-scaled.jpg","datePublished":"2023-06-22T20:00:16+00:00","dateModified":"2023-06-22T20:00:21+00:00","breadcrumb":{"@id":"https:\/\/unifsa.com.br\/site\/turma-de-nutricao-semipresencial-celebra-cerimonia-do-jaleco-nesta-quarta-feira-21\/#breadcrumb"},"inLanguage":"pt-BR","potentialAction":[{"@type":"ReadAction","target":["https:\/\/unifsa.com.br\/site\/turma-de-nutricao-semipresencial-celebra-cerimonia-do-jaleco-nesta-quarta-feira-21\/"]}]},{"@type":"ImageObject","inLanguage":"pt-BR","@id":"https:\/\/unifsa.com.br\/site\/turma-de-nutricao-semipresencial-celebra-cerimonia-do-jaleco-nesta-quarta-feira-21\/#primaryimage","url":"https:\/\/unifsa.com.br\/site\/wp-content\/uploads\/2023\/06\/IMG_E0694-scaled.jpg","contentUrl":"https:\/\/unifsa.com.br\/site\/wp-content\/uploads\/2023\/06\/IMG_E0694-scaled.jpg","width":2560,"height":1440},{"@type":"BreadcrumbList","@id":"https:\/\/unifsa.com.br\/site\/turma-de-nutricao-semipresencial-celebra-cerimonia-do-jaleco-nesta-quarta-feira-21\/#breadcrumb","itemListElement":[{"@type":"ListItem","position":1,"name":"In\u00edcio","item":"https:\/\/unifsa.com.br\/site\/"},{"@type":"ListItem","position":2,"name":"Turma de Nutri\u00e7\u00e3o semipresencial celebra cerim\u00f4nia do jaleco nesta quarta-feira (21)"}]},{"@type":"WebSite","@id":"https:\/\/unifsa.com.br\/site\/#website","url":"https:\/\/unifsa.com.br\/site\/","name":"Centro Universit\u00e1rio Santo Agostinho - UNIFSA","description":"Conhecimento para toda a vida","publisher":{"@id":"https:\/\/unifsa.com.br\/site\/#organization"},"potentialAction":[{"@type":"SearchAction","target":{"@type":"EntryPoint","urlTemplate":"https:\/\/unifsa.com.br\/site\/?s={search_term_string}"},"query-input":{"@type":"PropertyValueSpecification","valueRequired":true,"valueName":"search_term_string"}}],"inLanguage":"pt-BR"},{"@type":"Organization","@id":"https:\/\/unifsa.com.br\/site\/#organization","name":"Centro Universit\u00e1rio Santo Agostinho - UNIFSA","url":"https:\/\/unifsa.com.br\/site\/","logo":{"@type":"ImageObject","inLanguage":"pt-BR","@id":"https:\/\/unifsa.com.br\/site\/#\/schema\/logo\/image\/","url":"https:\/\/unifsa.com.br\/site\/wp-content\/uploads\/2023\/03\/MARCA-UNIFSA-CIC23-q2apjs1mt975cf1wl25b044coj90fwoiee1kya6800.png","contentUrl":"https:\/\/unifsa.com.br\/site\/wp-content\/uploads\/2023\/03\/MARCA-UNIFSA-CIC23-q2apjs1mt975cf1wl25b044coj90fwoiee1kya6800.png","width":103,"height":100,"caption":"Centro Universit\u00e1rio Santo Agostinho - UNIFSA"},"image":{"@id":"https:\/\/unifsa.com.br\/site\/#\/schema\/logo\/image\/"},"sameAs":["https:\/\/www.facebook.com\/unifsa\/","https:\/\/www.instagram.com\/unifsa\/"]},{"@type":"Person","@id":"https:\/\/unifsa.com.br\/site\/#\/schema\/person\/a4cec94bbc6ddf98f579162824de9bf2","name":"Oceannyra Kelly da Cruz Silva","image":{"@type":"ImageObject","inLanguage":"pt-BR","@id":"https:\/\/unifsa.com.br\/site\/#\/schema\/person\/image\/","url":"https:\/\/secure.gravatar.com\/avatar\/05c87cd6fa2c3c73262055bd9341438a47e77a37053b409b3cf4f8df60ea8eb8?s=96&d=mm&r=g","contentUrl":"https:\/\/secure.gravatar.com\/avatar\/05c87cd6fa2c3c73262055bd9341438a47e77a37053b409b3cf4f8df60ea8eb8?s=96&d=mm&r=g","caption":"Oceannyra Kelly da Cruz Silva"},"url":"https:\/\/unifsa.com.br\/site\/author\/oceannyrakelly\/"}]}},"_links":{"self":[{"href":"https:\/\/unifsa.com.br\/site\/wp-json\/wp\/v2\/posts\/22898","targetHints":{"allow":["GET"]}}],"collection":[{"href":"https:\/\/unifsa.com.br\/site\/wp-json\/wp\/v2\/posts"}],"about":[{"href":"https:\/\/unifsa.com.br\/site\/wp-json\/wp\/v2\/types\/post"}],"author":[{"embeddable":true,"href":"https:\/\/unifsa.com.br\/site\/wp-json\/wp\/v2\/users\/11"}],"replies":[{"embeddable":true,"href":"https:\/\/unifsa.com.br\/site\/wp-json\/wp\/v2\/comments?post=22898"}],"version-history":[{"count":2,"href":"https:\/\/unifsa.com.br\/site\/wp-json\/wp\/v2\/posts\/22898\/revisions"}],"predecessor-version":[{"id":22962,"href":"https:\/\/unifsa.com.br\/site\/wp-json\/wp\/v2\/posts\/22898\/revisions\/22962"}],"wp:featuredmedia":[{"embeddable":true,"href":"https:\/\/unifsa.com.br\/site\/wp-json\/wp\/v2\/media\/22909"}],"wp:attachment":[{"href":"https:\/\/unifsa.com.br\/site\/wp-json\/wp\/v2\/media?parent=22898"}],"wp:term":[{"taxonomy":"category","embeddable":true,"href":"https:\/\/unifsa.com.br\/site\/wp-json\/wp\/v2\/categories?post=22898"},{"taxonomy":"post_tag","embeddable":true,"href":"https:\/\/unifsa.com.br\/site\/wp-json\/wp\/v2\/tags?post=22898"}],"curies":[{"name":"wp","href":"https:\/\/api.w.org\/{rel}","templated":true}]}}