{"id":22872,"date":"2023-06-21T17:18:29","date_gmt":"2023-06-21T20:18:29","guid":{"rendered":"https:\/\/unifsa.com.br\/site\/?p=22872"},"modified":"2023-06-21T17:36:45","modified_gmt":"2023-06-21T20:36:45","slug":"prof-dr-joao-gilberto-mendes-dos-reis-e-confirmado-como-palestrante-do-i-cics","status":"publish","type":"post","link":"https:\/\/unifsa.com.br\/site\/prof-dr-joao-gilberto-mendes-dos-reis-e-confirmado-como-palestrante-do-i-cics\/","title":{"rendered":"Prof. Dr. Jo\u00e3o Gilberto Mendes dos Reis \u00e9 confirmado como palestrante do I CICS"},"content":{"rendered":"\n<p>Nos \u00faltimos dias, v\u00eam sendo apresentados os futuros palestrantes do I Congresso Ci\u00eancia e Sociedade. Continuando essa jornada, apresentamos Prof. Dr. Jo\u00e3o Gilberto Mendes dos Reis. Ele, que \u00e9 graduado em Tecnologia em Log\u00edstica com \u00eanfase em Transportes pelo Faculdade de Tecnologia da Zona Leste (Centro Paula Souza), fez mestrado e doutorado em engenharia de produ\u00e7\u00e3o pela Universidade Paulista. Fez est\u00e1gio p\u00f3s-doutoral nessa mesma institui\u00e7\u00e3o em 2014, e em 2016 na Universidade do Porto, Portugual.<\/p>\n\n\n\n<p>Ele \u00e9 revisor dos peri\u00f3dicos: Gest\u00e3o, Opera\u00e7\u00e3o e Sistemas (GEPROS), European Journal of Operational Research (Elsevier), Journal of Cleaner Production, Journal of Transport Geography, Biosystems Engineering, Journal of Urban Planning and Development e de trabalhos nos Eventos: Simp\u00f3sio de Engenharia de Produ\u00e7\u00e3o (SIMPEP), Encontro Nacional de Engenharia de Produ\u00e7\u00e3o (ENEGEP), Advances in Production Management Systems (APMS) e International Conference on Information Systems, Logistics and Supply Chain Management (ILS).<\/p>\n\n\n<div class=\"wp-block-image is-style-rounded\">\n<figure class=\"alignleft size-full is-resized\"><img fetchpriority=\"high\" decoding=\"async\" src=\"https:\/\/unifsa.com.br\/site\/wp-content\/uploads\/2023\/06\/Prof.-Dr.-Joao-Gilberto-Mendes-dos-Reis-1-1.png\" alt=\"\" class=\"wp-image-22877\" width=\"255\" height=\"255\" srcset=\"https:\/\/unifsa.com.br\/site\/wp-content\/uploads\/2023\/06\/Prof.-Dr.-Joao-Gilberto-Mendes-dos-Reis-1-1.png 990w, https:\/\/unifsa.com.br\/site\/wp-content\/uploads\/2023\/06\/Prof.-Dr.-Joao-Gilberto-Mendes-dos-Reis-1-1-300x300.png 300w, https:\/\/unifsa.com.br\/site\/wp-content\/uploads\/2023\/06\/Prof.-Dr.-Joao-Gilberto-Mendes-dos-Reis-1-1-150x150.png 150w, https:\/\/unifsa.com.br\/site\/wp-content\/uploads\/2023\/06\/Prof.-Dr.-Joao-Gilberto-Mendes-dos-Reis-1-1-768x768.png 768w, https:\/\/unifsa.com.br\/site\/wp-content\/uploads\/2023\/06\/Prof.-Dr.-Joao-Gilberto-Mendes-dos-Reis-1-1-230x230.png 230w, https:\/\/unifsa.com.br\/site\/wp-content\/uploads\/2023\/06\/Prof.-Dr.-Joao-Gilberto-Mendes-dos-Reis-1-1-110x110.png 110w\" sizes=\"(max-width: 255px) 100vw, 255px\" \/><\/figure>\n<\/div>\n\n\n<p>Jo\u00e3o Gilberto tem experi\u00eancia na \u00e1rea de Engenharia de Produ\u00e7\u00e3o e Log\u00edstica, atuando em diversas empresas do setor de transporte e log\u00edstica. Atualmente, \u00e9 coordenador do Grupo Pesquisa RESUP, desenvolvendo diversas pesquisas e trabalhos sobre transportes, redes de suprimentos e qualidade em diversas cadeias industriais e agro-industriais. Atua tamb\u00e9m como professor titular da Universidade Paulista (UNIP) no Programa de P\u00f3s-Gradua\u00e7\u00e3o em Engenharia de Produ\u00e7\u00e3o e P\u00f3s-Gradua\u00e7\u00e3o em Administra\u00e7\u00e3o, sendo al\u00e9m disso docente&nbsp; da P\u00f3s Gradua\u00e7\u00e3o em Agroneg\u00f3cios da Universidade Federal da Grande Dourados (UFGD).&nbsp;<\/p>\n\n\n\n<div class=\"wp-block-buttons is-content-justification-center is-layout-flex wp-container-core-buttons-is-layout-16018d1d wp-block-buttons-is-layout-flex\">\n<div class=\"wp-block-button\"><a class=\"wp-block-button__link has-vivid-cyan-blue-background-color has-background wp-element-button\" href=\"https:\/\/eventos.galoa.com.br\/cics-2023\/registration\/intro\">Inscreva-se no I CICS<\/a><\/div>\n<\/div>\n","protected":false},"excerpt":{"rendered":"<p>Nos \u00faltimos dias, v\u00eam sendo apresentados os futuros palestrantes do I Congresso Ci\u00eancia e Sociedade. Continuando essa jornada, apresentamos Prof. Dr. Jo\u00e3o Gilberto Mendes dos Reis. Ele, que \u00e9 graduado em Tecnologia em Log\u00edstica com \u00eanfase em Transportes pelo Faculdade de Tecnologia da Zona Leste (Centro Paula Souza), fez mestrado e doutorado em engenharia de<\/p>\n","protected":false},"author":2,"featured_media":22875,"comment_status":"closed","ping_status":"open","sticky":false,"template":"","format":"standard","meta":{"_acf_changed":false,"footnotes":""},"categories":[6,1191],"tags":[1058,594,1241,331,1240,1224],"class_list":["post-22872","post","type-post","status-publish","format-standard","has-post-thumbnail","hentry","category-acontece-na-unifsa","category-cics-2023","tag-cics-2023","tag-engenharia","tag-engenharia-urbana","tag-evento","tag-eventos-unifsa","tag-palestrante-confirmado"],"acf":[],"yoast_head":"<!-- This site is optimized with the Yoast SEO plugin v26.5 - https:\/\/yoast.com\/wordpress\/plugins\/seo\/ -->\n<title>Prof. Dr. Jo\u00e3o Gilberto Mendes dos Reis \u00e9 confirmado como palestrante do I CICS - Centro Universit\u00e1rio Santo Agostinho - UNIFSA<\/title>\n<meta name=\"robots\" content=\"index, follow, max-snippet:-1, max-image-preview:large, max-video-preview:-1\" \/>\n<link rel=\"canonical\" href=\"https:\/\/unifsa.com.br\/site\/prof-dr-joao-gilberto-mendes-dos-reis-e-confirmado-como-palestrante-do-i-cics\/\" \/>\n<meta property=\"og:locale\" content=\"pt_BR\" \/>\n<meta property=\"og:type\" content=\"article\" \/>\n<meta property=\"og:title\" content=\"Prof. Dr. Jo\u00e3o Gilberto Mendes dos Reis \u00e9 confirmado como palestrante do I CICS - Centro Universit\u00e1rio Santo Agostinho - UNIFSA\" \/>\n<meta property=\"og:description\" content=\"Nos \u00faltimos dias, v\u00eam sendo apresentados os futuros palestrantes do I Congresso Ci\u00eancia e Sociedade. Continuando essa jornada, apresentamos Prof. Dr. Jo\u00e3o Gilberto Mendes dos Reis. Ele, que \u00e9 graduado em Tecnologia em Log\u00edstica com \u00eanfase em Transportes pelo Faculdade de Tecnologia da Zona Leste (Centro Paula Souza), fez mestrado e doutorado em engenharia de\" \/>\n<meta property=\"og:url\" content=\"https:\/\/unifsa.com.br\/site\/prof-dr-joao-gilberto-mendes-dos-reis-e-confirmado-como-palestrante-do-i-cics\/\" \/>\n<meta property=\"og:site_name\" content=\"Centro Universit\u00e1rio Santo Agostinho - UNIFSA\" \/>\n<meta property=\"article:publisher\" content=\"https:\/\/www.facebook.com\/unifsa\/\" \/>\n<meta property=\"article:published_time\" content=\"2023-06-21T20:18:29+00:00\" \/>\n<meta property=\"article:modified_time\" content=\"2023-06-21T20:36:45+00:00\" \/>\n<meta property=\"og:image\" content=\"https:\/\/unifsa.com.br\/site\/wp-content\/uploads\/2023\/06\/Joao-Gilberto-Site.png\" \/>\n\t<meta property=\"og:image:width\" content=\"1920\" \/>\n\t<meta property=\"og:image:height\" content=\"805\" \/>\n\t<meta property=\"og:image:type\" content=\"image\/png\" \/>\n<meta name=\"author\" content=\"Assessoria UNIFSA\" \/>\n<meta name=\"twitter:card\" content=\"summary_large_image\" \/>\n<meta name=\"twitter:label1\" content=\"Escrito por\" \/>\n\t<meta name=\"twitter:data1\" content=\"Assessoria UNIFSA\" \/>\n\t<meta name=\"twitter:label2\" content=\"Est. tempo de leitura\" \/>\n\t<meta name=\"twitter:data2\" content=\"2 minutos\" \/>\n<script type=\"application\/ld+json\" class=\"yoast-schema-graph\">{\"@context\":\"https:\/\/schema.org\",\"@graph\":[{\"@type\":\"Article\",\"@id\":\"https:\/\/unifsa.com.br\/site\/prof-dr-joao-gilberto-mendes-dos-reis-e-confirmado-como-palestrante-do-i-cics\/#article\",\"isPartOf\":{\"@id\":\"https:\/\/unifsa.com.br\/site\/prof-dr-joao-gilberto-mendes-dos-reis-e-confirmado-como-palestrante-do-i-cics\/\"},\"author\":{\"name\":\"Assessoria UNIFSA\",\"@id\":\"https:\/\/unifsa.com.br\/site\/#\/schema\/person\/551d7d1f1cd3f288057c5028fc404a18\"},\"headline\":\"Prof. Dr. Jo\u00e3o Gilberto Mendes dos Reis \u00e9 confirmado como palestrante do I CICS\",\"datePublished\":\"2023-06-21T20:18:29+00:00\",\"dateModified\":\"2023-06-21T20:36:45+00:00\",\"mainEntityOfPage\":{\"@id\":\"https:\/\/unifsa.com.br\/site\/prof-dr-joao-gilberto-mendes-dos-reis-e-confirmado-como-palestrante-do-i-cics\/\"},\"wordCount\":272,\"publisher\":{\"@id\":\"https:\/\/unifsa.com.br\/site\/#organization\"},\"image\":{\"@id\":\"https:\/\/unifsa.com.br\/site\/prof-dr-joao-gilberto-mendes-dos-reis-e-confirmado-como-palestrante-do-i-cics\/#primaryimage\"},\"thumbnailUrl\":\"https:\/\/unifsa.com.br\/site\/wp-content\/uploads\/2023\/06\/Joao-Gilberto-Site.png\",\"keywords\":[\"CICS 2023\",\"engenharia\",\"Engenharia Urbana\",\"evento\",\"Eventos UNIFSA\",\"Palestrante Confirmado\"],\"articleSection\":[\"Acontece na UNIFSA\",\"CICS 2023\"],\"inLanguage\":\"pt-BR\"},{\"@type\":\"WebPage\",\"@id\":\"https:\/\/unifsa.com.br\/site\/prof-dr-joao-gilberto-mendes-dos-reis-e-confirmado-como-palestrante-do-i-cics\/\",\"url\":\"https:\/\/unifsa.com.br\/site\/prof-dr-joao-gilberto-mendes-dos-reis-e-confirmado-como-palestrante-do-i-cics\/\",\"name\":\"Prof. Dr. Jo\u00e3o Gilberto Mendes dos Reis \u00e9 confirmado como palestrante do I CICS - Centro Universit\u00e1rio Santo Agostinho - UNIFSA\",\"isPartOf\":{\"@id\":\"https:\/\/unifsa.com.br\/site\/#website\"},\"primaryImageOfPage\":{\"@id\":\"https:\/\/unifsa.com.br\/site\/prof-dr-joao-gilberto-mendes-dos-reis-e-confirmado-como-palestrante-do-i-cics\/#primaryimage\"},\"image\":{\"@id\":\"https:\/\/unifsa.com.br\/site\/prof-dr-joao-gilberto-mendes-dos-reis-e-confirmado-como-palestrante-do-i-cics\/#primaryimage\"},\"thumbnailUrl\":\"https:\/\/unifsa.com.br\/site\/wp-content\/uploads\/2023\/06\/Joao-Gilberto-Site.png\",\"datePublished\":\"2023-06-21T20:18:29+00:00\",\"dateModified\":\"2023-06-21T20:36:45+00:00\",\"breadcrumb\":{\"@id\":\"https:\/\/unifsa.com.br\/site\/prof-dr-joao-gilberto-mendes-dos-reis-e-confirmado-como-palestrante-do-i-cics\/#breadcrumb\"},\"inLanguage\":\"pt-BR\",\"potentialAction\":[{\"@type\":\"ReadAction\",\"target\":[\"https:\/\/unifsa.com.br\/site\/prof-dr-joao-gilberto-mendes-dos-reis-e-confirmado-como-palestrante-do-i-cics\/\"]}]},{\"@type\":\"ImageObject\",\"inLanguage\":\"pt-BR\",\"@id\":\"https:\/\/unifsa.com.br\/site\/prof-dr-joao-gilberto-mendes-dos-reis-e-confirmado-como-palestrante-do-i-cics\/#primaryimage\",\"url\":\"https:\/\/unifsa.com.br\/site\/wp-content\/uploads\/2023\/06\/Joao-Gilberto-Site.png\",\"contentUrl\":\"https:\/\/unifsa.com.br\/site\/wp-content\/uploads\/2023\/06\/Joao-Gilberto-Site.png\",\"width\":1920,\"height\":805},{\"@type\":\"BreadcrumbList\",\"@id\":\"https:\/\/unifsa.com.br\/site\/prof-dr-joao-gilberto-mendes-dos-reis-e-confirmado-como-palestrante-do-i-cics\/#breadcrumb\",\"itemListElement\":[{\"@type\":\"ListItem\",\"position\":1,\"name\":\"In\u00edcio\",\"item\":\"https:\/\/unifsa.com.br\/site\/\"},{\"@type\":\"ListItem\",\"position\":2,\"name\":\"Prof. Dr. Jo\u00e3o Gilberto Mendes dos Reis \u00e9 confirmado como palestrante do I CICS\"}]},{\"@type\":\"WebSite\",\"@id\":\"https:\/\/unifsa.com.br\/site\/#website\",\"url\":\"https:\/\/unifsa.com.br\/site\/\",\"name\":\"Centro Universit\u00e1rio Santo Agostinho - UNIFSA\",\"description\":\"Conhecimento para toda a vida\",\"publisher\":{\"@id\":\"https:\/\/unifsa.com.br\/site\/#organization\"},\"potentialAction\":[{\"@type\":\"SearchAction\",\"target\":{\"@type\":\"EntryPoint\",\"urlTemplate\":\"https:\/\/unifsa.com.br\/site\/?s={search_term_string}\"},\"query-input\":{\"@type\":\"PropertyValueSpecification\",\"valueRequired\":true,\"valueName\":\"search_term_string\"}}],\"inLanguage\":\"pt-BR\"},{\"@type\":\"Organization\",\"@id\":\"https:\/\/unifsa.com.br\/site\/#organization\",\"name\":\"Centro Universit\u00e1rio Santo Agostinho - UNIFSA\",\"url\":\"https:\/\/unifsa.com.br\/site\/\",\"logo\":{\"@type\":\"ImageObject\",\"inLanguage\":\"pt-BR\",\"@id\":\"https:\/\/unifsa.com.br\/site\/#\/schema\/logo\/image\/\",\"url\":\"https:\/\/unifsa.com.br\/site\/wp-content\/uploads\/2023\/03\/MARCA-UNIFSA-CIC23-q2apjs1mt975cf1wl25b044coj90fwoiee1kya6800.png\",\"contentUrl\":\"https:\/\/unifsa.com.br\/site\/wp-content\/uploads\/2023\/03\/MARCA-UNIFSA-CIC23-q2apjs1mt975cf1wl25b044coj90fwoiee1kya6800.png\",\"width\":103,\"height\":100,\"caption\":\"Centro Universit\u00e1rio Santo Agostinho - UNIFSA\"},\"image\":{\"@id\":\"https:\/\/unifsa.com.br\/site\/#\/schema\/logo\/image\/\"},\"sameAs\":[\"https:\/\/www.facebook.com\/unifsa\/\",\"https:\/\/www.instagram.com\/unifsa\/\"]},{\"@type\":\"Person\",\"@id\":\"https:\/\/unifsa.com.br\/site\/#\/schema\/person\/551d7d1f1cd3f288057c5028fc404a18\",\"name\":\"Assessoria UNIFSA\",\"image\":{\"@type\":\"ImageObject\",\"inLanguage\":\"pt-BR\",\"@id\":\"https:\/\/unifsa.com.br\/site\/#\/schema\/person\/image\/\",\"url\":\"https:\/\/secure.gravatar.com\/avatar\/6a631991e4af344430e4f0c5fcc3a220482c78e6a883ad6b80a34c55d1ada357?s=96&d=mm&r=g\",\"contentUrl\":\"https:\/\/secure.gravatar.com\/avatar\/6a631991e4af344430e4f0c5fcc3a220482c78e6a883ad6b80a34c55d1ada357?s=96&d=mm&r=g\",\"caption\":\"Assessoria UNIFSA\"},\"url\":\"https:\/\/unifsa.com.br\/site\/author\/assessoria\/\"}]}<\/script>\n<!-- \/ Yoast SEO plugin. -->","yoast_head_json":{"title":"Prof. Dr. Jo\u00e3o Gilberto Mendes dos Reis \u00e9 confirmado como palestrante do I CICS - Centro Universit\u00e1rio Santo Agostinho - UNIFSA","robots":{"index":"index","follow":"follow","max-snippet":"max-snippet:-1","max-image-preview":"max-image-preview:large","max-video-preview":"max-video-preview:-1"},"canonical":"https:\/\/unifsa.com.br\/site\/prof-dr-joao-gilberto-mendes-dos-reis-e-confirmado-como-palestrante-do-i-cics\/","og_locale":"pt_BR","og_type":"article","og_title":"Prof. Dr. Jo\u00e3o Gilberto Mendes dos Reis \u00e9 confirmado como palestrante do I CICS - Centro Universit\u00e1rio Santo Agostinho - UNIFSA","og_description":"Nos \u00faltimos dias, v\u00eam sendo apresentados os futuros palestrantes do I Congresso Ci\u00eancia e Sociedade. Continuando essa jornada, apresentamos Prof. Dr. Jo\u00e3o Gilberto Mendes dos Reis. Ele, que \u00e9 graduado em Tecnologia em Log\u00edstica com \u00eanfase em Transportes pelo Faculdade de Tecnologia da Zona Leste (Centro Paula Souza), fez mestrado e doutorado em engenharia de","og_url":"https:\/\/unifsa.com.br\/site\/prof-dr-joao-gilberto-mendes-dos-reis-e-confirmado-como-palestrante-do-i-cics\/","og_site_name":"Centro Universit\u00e1rio Santo Agostinho - UNIFSA","article_publisher":"https:\/\/www.facebook.com\/unifsa\/","article_published_time":"2023-06-21T20:18:29+00:00","article_modified_time":"2023-06-21T20:36:45+00:00","og_image":[{"width":1920,"height":805,"url":"https:\/\/unifsa.com.br\/site\/wp-content\/uploads\/2023\/06\/Joao-Gilberto-Site.png","type":"image\/png"}],"author":"Assessoria UNIFSA","twitter_card":"summary_large_image","twitter_misc":{"Escrito por":"Assessoria UNIFSA","Est. tempo de leitura":"2 minutos"},"schema":{"@context":"https:\/\/schema.org","@graph":[{"@type":"Article","@id":"https:\/\/unifsa.com.br\/site\/prof-dr-joao-gilberto-mendes-dos-reis-e-confirmado-como-palestrante-do-i-cics\/#article","isPartOf":{"@id":"https:\/\/unifsa.com.br\/site\/prof-dr-joao-gilberto-mendes-dos-reis-e-confirmado-como-palestrante-do-i-cics\/"},"author":{"name":"Assessoria UNIFSA","@id":"https:\/\/unifsa.com.br\/site\/#\/schema\/person\/551d7d1f1cd3f288057c5028fc404a18"},"headline":"Prof. Dr. Jo\u00e3o Gilberto Mendes dos Reis \u00e9 confirmado como palestrante do I CICS","datePublished":"2023-06-21T20:18:29+00:00","dateModified":"2023-06-21T20:36:45+00:00","mainEntityOfPage":{"@id":"https:\/\/unifsa.com.br\/site\/prof-dr-joao-gilberto-mendes-dos-reis-e-confirmado-como-palestrante-do-i-cics\/"},"wordCount":272,"publisher":{"@id":"https:\/\/unifsa.com.br\/site\/#organization"},"image":{"@id":"https:\/\/unifsa.com.br\/site\/prof-dr-joao-gilberto-mendes-dos-reis-e-confirmado-como-palestrante-do-i-cics\/#primaryimage"},"thumbnailUrl":"https:\/\/unifsa.com.br\/site\/wp-content\/uploads\/2023\/06\/Joao-Gilberto-Site.png","keywords":["CICS 2023","engenharia","Engenharia Urbana","evento","Eventos UNIFSA","Palestrante Confirmado"],"articleSection":["Acontece na UNIFSA","CICS 2023"],"inLanguage":"pt-BR"},{"@type":"WebPage","@id":"https:\/\/unifsa.com.br\/site\/prof-dr-joao-gilberto-mendes-dos-reis-e-confirmado-como-palestrante-do-i-cics\/","url":"https:\/\/unifsa.com.br\/site\/prof-dr-joao-gilberto-mendes-dos-reis-e-confirmado-como-palestrante-do-i-cics\/","name":"Prof. Dr. Jo\u00e3o Gilberto Mendes dos Reis \u00e9 confirmado como palestrante do I CICS - Centro Universit\u00e1rio Santo Agostinho - UNIFSA","isPartOf":{"@id":"https:\/\/unifsa.com.br\/site\/#website"},"primaryImageOfPage":{"@id":"https:\/\/unifsa.com.br\/site\/prof-dr-joao-gilberto-mendes-dos-reis-e-confirmado-como-palestrante-do-i-cics\/#primaryimage"},"image":{"@id":"https:\/\/unifsa.com.br\/site\/prof-dr-joao-gilberto-mendes-dos-reis-e-confirmado-como-palestrante-do-i-cics\/#primaryimage"},"thumbnailUrl":"https:\/\/unifsa.com.br\/site\/wp-content\/uploads\/2023\/06\/Joao-Gilberto-Site.png","datePublished":"2023-06-21T20:18:29+00:00","dateModified":"2023-06-21T20:36:45+00:00","breadcrumb":{"@id":"https:\/\/unifsa.com.br\/site\/prof-dr-joao-gilberto-mendes-dos-reis-e-confirmado-como-palestrante-do-i-cics\/#breadcrumb"},"inLanguage":"pt-BR","potentialAction":[{"@type":"ReadAction","target":["https:\/\/unifsa.com.br\/site\/prof-dr-joao-gilberto-mendes-dos-reis-e-confirmado-como-palestrante-do-i-cics\/"]}]},{"@type":"ImageObject","inLanguage":"pt-BR","@id":"https:\/\/unifsa.com.br\/site\/prof-dr-joao-gilberto-mendes-dos-reis-e-confirmado-como-palestrante-do-i-cics\/#primaryimage","url":"https:\/\/unifsa.com.br\/site\/wp-content\/uploads\/2023\/06\/Joao-Gilberto-Site.png","contentUrl":"https:\/\/unifsa.com.br\/site\/wp-content\/uploads\/2023\/06\/Joao-Gilberto-Site.png","width":1920,"height":805},{"@type":"BreadcrumbList","@id":"https:\/\/unifsa.com.br\/site\/prof-dr-joao-gilberto-mendes-dos-reis-e-confirmado-como-palestrante-do-i-cics\/#breadcrumb","itemListElement":[{"@type":"ListItem","position":1,"name":"In\u00edcio","item":"https:\/\/unifsa.com.br\/site\/"},{"@type":"ListItem","position":2,"name":"Prof. Dr. Jo\u00e3o Gilberto Mendes dos Reis \u00e9 confirmado como palestrante do I CICS"}]},{"@type":"WebSite","@id":"https:\/\/unifsa.com.br\/site\/#website","url":"https:\/\/unifsa.com.br\/site\/","name":"Centro Universit\u00e1rio Santo Agostinho - UNIFSA","description":"Conhecimento para toda a vida","publisher":{"@id":"https:\/\/unifsa.com.br\/site\/#organization"},"potentialAction":[{"@type":"SearchAction","target":{"@type":"EntryPoint","urlTemplate":"https:\/\/unifsa.com.br\/site\/?s={search_term_string}"},"query-input":{"@type":"PropertyValueSpecification","valueRequired":true,"valueName":"search_term_string"}}],"inLanguage":"pt-BR"},{"@type":"Organization","@id":"https:\/\/unifsa.com.br\/site\/#organization","name":"Centro Universit\u00e1rio Santo Agostinho - UNIFSA","url":"https:\/\/unifsa.com.br\/site\/","logo":{"@type":"ImageObject","inLanguage":"pt-BR","@id":"https:\/\/unifsa.com.br\/site\/#\/schema\/logo\/image\/","url":"https:\/\/unifsa.com.br\/site\/wp-content\/uploads\/2023\/03\/MARCA-UNIFSA-CIC23-q2apjs1mt975cf1wl25b044coj90fwoiee1kya6800.png","contentUrl":"https:\/\/unifsa.com.br\/site\/wp-content\/uploads\/2023\/03\/MARCA-UNIFSA-CIC23-q2apjs1mt975cf1wl25b044coj90fwoiee1kya6800.png","width":103,"height":100,"caption":"Centro Universit\u00e1rio Santo Agostinho - UNIFSA"},"image":{"@id":"https:\/\/unifsa.com.br\/site\/#\/schema\/logo\/image\/"},"sameAs":["https:\/\/www.facebook.com\/unifsa\/","https:\/\/www.instagram.com\/unifsa\/"]},{"@type":"Person","@id":"https:\/\/unifsa.com.br\/site\/#\/schema\/person\/551d7d1f1cd3f288057c5028fc404a18","name":"Assessoria UNIFSA","image":{"@type":"ImageObject","inLanguage":"pt-BR","@id":"https:\/\/unifsa.com.br\/site\/#\/schema\/person\/image\/","url":"https:\/\/secure.gravatar.com\/avatar\/6a631991e4af344430e4f0c5fcc3a220482c78e6a883ad6b80a34c55d1ada357?s=96&d=mm&r=g","contentUrl":"https:\/\/secure.gravatar.com\/avatar\/6a631991e4af344430e4f0c5fcc3a220482c78e6a883ad6b80a34c55d1ada357?s=96&d=mm&r=g","caption":"Assessoria UNIFSA"},"url":"https:\/\/unifsa.com.br\/site\/author\/assessoria\/"}]}},"_links":{"self":[{"href":"https:\/\/unifsa.com.br\/site\/wp-json\/wp\/v2\/posts\/22872","targetHints":{"allow":["GET"]}}],"collection":[{"href":"https:\/\/unifsa.com.br\/site\/wp-json\/wp\/v2\/posts"}],"about":[{"href":"https:\/\/unifsa.com.br\/site\/wp-json\/wp\/v2\/types\/post"}],"author":[{"embeddable":true,"href":"https:\/\/unifsa.com.br\/site\/wp-json\/wp\/v2\/users\/2"}],"replies":[{"embeddable":true,"href":"https:\/\/unifsa.com.br\/site\/wp-json\/wp\/v2\/comments?post=22872"}],"version-history":[{"count":4,"href":"https:\/\/unifsa.com.br\/site\/wp-json\/wp\/v2\/posts\/22872\/revisions"}],"predecessor-version":[{"id":22883,"href":"https:\/\/unifsa.com.br\/site\/wp-json\/wp\/v2\/posts\/22872\/revisions\/22883"}],"wp:featuredmedia":[{"embeddable":true,"href":"https:\/\/unifsa.com.br\/site\/wp-json\/wp\/v2\/media\/22875"}],"wp:attachment":[{"href":"https:\/\/unifsa.com.br\/site\/wp-json\/wp\/v2\/media?parent=22872"}],"wp:term":[{"taxonomy":"category","embeddable":true,"href":"https:\/\/unifsa.com.br\/site\/wp-json\/wp\/v2\/categories?post=22872"},{"taxonomy":"post_tag","embeddable":true,"href":"https:\/\/unifsa.com.br\/site\/wp-json\/wp\/v2\/tags?post=22872"}],"curies":[{"name":"wp","href":"https:\/\/api.w.org\/{rel}","templated":true}]}}