{"id":22865,"date":"2023-06-20T15:40:19","date_gmt":"2023-06-20T18:40:19","guid":{"rendered":"https:\/\/unifsa.com.br\/site\/?p=22865"},"modified":"2023-06-20T17:38:06","modified_gmt":"2023-06-20T20:38:06","slug":"i-cics-apresenta-mais-um-palestrante-prof-dr-roberto-carlos-lyra-da-silva","status":"publish","type":"post","link":"https:\/\/unifsa.com.br\/site\/i-cics-apresenta-mais-um-palestrante-prof-dr-roberto-carlos-lyra-da-silva\/","title":{"rendered":"I CICS apresenta mais um palestrante: Prof. Dr.\u00a0 Roberto Carlos Lyra da Silva"},"content":{"rendered":"\n<p class=\"texto-justificado\">\u00c9 com satisfa\u00e7\u00e3o que divulgamos o nome de\u00a0mais um palestrante do I CICS: o Prof. Dr.\u00a0 Roberto Carlos Lyra da Silva. Formado em \u00a0Enfermagem pela Universidade Federal do Estado do Rio de Janeiro (UNIRIO), fez mestrado em enfermagem pela Universidade Federal do Estado do Rio de Janeiro (UFRJ) e doutorado na mesma \u00e1rea e na mesma institui\u00e7\u00e3o. Ele tamb\u00e9m \u00e9 Membro do Comit\u00ea de Produtos e Procedimentos da Comiss\u00e3o Nacional de Incorpora\u00e7\u00e3o de Tecnologias em Sa\u00fade &#8211; Conitec, do Minist\u00e9rio da Sa\u00fade, e possui MBA em Economia e Avalia\u00e7\u00e3o de Tecnologias em Sa\u00fade pela Funda\u00e7\u00e3o Instituto de Pesquisa Econ\u00f4mica (FIPE) e Hospital Alem\u00e3o Oswaldo Cruz (HAOC).<\/p>\n\n\n<div class=\"wp-block-image\">\n<figure class=\"alignleft size-full is-resized\"><img fetchpriority=\"high\" decoding=\"async\" src=\"https:\/\/unifsa.com.br\/site\/wp-content\/uploads\/2023\/06\/Roberto-Carlos-Lyra-da-Silva-1.png\" alt=\"\" class=\"wp-image-22866\" width=\"226\" height=\"226\" srcset=\"https:\/\/unifsa.com.br\/site\/wp-content\/uploads\/2023\/06\/Roberto-Carlos-Lyra-da-Silva-1.png 400w, https:\/\/unifsa.com.br\/site\/wp-content\/uploads\/2023\/06\/Roberto-Carlos-Lyra-da-Silva-1-300x300.png 300w, https:\/\/unifsa.com.br\/site\/wp-content\/uploads\/2023\/06\/Roberto-Carlos-Lyra-da-Silva-1-150x150.png 150w, https:\/\/unifsa.com.br\/site\/wp-content\/uploads\/2023\/06\/Roberto-Carlos-Lyra-da-Silva-1-230x230.png 230w, https:\/\/unifsa.com.br\/site\/wp-content\/uploads\/2023\/06\/Roberto-Carlos-Lyra-da-Silva-1-110x110.png 110w\" sizes=\"(max-width: 226px) 100vw, 226px\" \/><\/figure>\n<\/div>\n\n\n<p class=\"texto-justificado\">Desde 2022, Dr. Roberto \u00e9 professor titular do Departamento de Fundamentos de Enfermagem da Escola de Enfermagem Alfredo Pinto da Universidade Federal do Estado do Rio de Janeiro e docente permanente do Programa de P\u00f3s-Gradua\u00e7\u00e3o Doutorado em Enfermagem e Bioci\u00eancias. Ademais, ele \u00e9 membro do Comit\u00ea de Produtos e Procedimentos da Comiss\u00e3o Nacional de Incorpora\u00e7\u00e3o de Tecnologias em Sa\u00fade (Conitec) do Minist\u00e9rio da Sa\u00fade, atuando ainda como pesquisador l\u00edder do Laborat\u00f3rio de Avalia\u00e7\u00e3o Econ\u00f4mica e de Tecnologias em Sa\u00fade &#8211; LAETS\/CNPq e Coordenador do Laborat\u00f3rio de Simula\u00e7\u00e3o e Avalia\u00e7\u00e3o de Usabilidade e Fator Humano da UNIRIO.<\/p>\n\n\n\n<p class=\"texto-justificado\">Dentro do campo da enfermagem, Dr. Roberto possui ampla experi\u00eancia, principalmente nas \u00e1reas de avalia\u00e7\u00e3o econ<a><\/a>\u00f4mica e de tecnologias em Sa\u00fade (ATS), avalia\u00e7\u00e3o de usabilidade e fator humano e seguran\u00e7a do paciente. Seu nome est\u00e1 envolvido na participa\u00e7\u00e3o e organiza\u00e7\u00e3o de diversos eventos da sua \u00e1rea de forma\u00e7\u00e3o, al\u00e9m de publica\u00e7\u00f5es e projetos de pesquisa.<\/p>\n\n\n\n<div class=\"wp-block-buttons is-content-justification-center is-layout-flex wp-container-core-buttons-is-layout-16018d1d wp-block-buttons-is-layout-flex\">\n<div class=\"wp-block-button\"><a class=\"wp-block-button__link has-white-color has-vivid-cyan-blue-background-color has-text-color has-background wp-element-button\" href=\"https:\/\/eventos.galoa.com.br\/cics-2023\/registration\/intro\">Inscreva-se no I CICS<\/a><\/div>\n<\/div>\n","protected":false},"excerpt":{"rendered":"<p>\u00c9 com satisfa\u00e7\u00e3o que divulgamos o nome de\u00a0mais um palestrante do I CICS: o Prof. Dr.\u00a0 Roberto Carlos Lyra da Silva. Formado em \u00a0Enfermagem pela Universidade Federal do Estado do Rio de Janeiro (UNIRIO), fez mestrado em enfermagem pela Universidade Federal do Estado do Rio de Janeiro (UFRJ) e doutorado na mesma \u00e1rea e na<\/p>\n","protected":false},"author":2,"featured_media":22867,"comment_status":"closed","ping_status":"open","sticky":false,"template":"","format":"standard","meta":{"_acf_changed":false,"footnotes":""},"categories":[6,1191,59],"tags":[83,1188,1197],"class_list":["post-22865","post","type-post","status-publish","format-standard","has-post-thumbnail","hentry","category-acontece-na-unifsa","category-cics-2023","category-enfermagem","tag-enfermagem","tag-i-cics","tag-i-congresso-internacional-ciencia-e-sociedade"],"acf":[],"yoast_head":"<!-- This site is optimized with the Yoast SEO plugin v26.5 - https:\/\/yoast.com\/wordpress\/plugins\/seo\/ -->\n<title>I CICS apresenta mais um palestrante: Prof. Dr.\u00a0 Roberto Carlos Lyra da Silva - Centro Universit\u00e1rio Santo Agostinho - UNIFSA<\/title>\n<meta name=\"robots\" content=\"index, follow, max-snippet:-1, max-image-preview:large, max-video-preview:-1\" \/>\n<link rel=\"canonical\" href=\"https:\/\/unifsa.com.br\/site\/i-cics-apresenta-mais-um-palestrante-prof-dr-roberto-carlos-lyra-da-silva\/\" \/>\n<meta property=\"og:locale\" content=\"pt_BR\" \/>\n<meta property=\"og:type\" content=\"article\" \/>\n<meta property=\"og:title\" content=\"I CICS apresenta mais um palestrante: Prof. Dr.\u00a0 Roberto Carlos Lyra da Silva - Centro Universit\u00e1rio Santo Agostinho - UNIFSA\" \/>\n<meta property=\"og:description\" content=\"\u00c9 com satisfa\u00e7\u00e3o que divulgamos o nome de\u00a0mais um palestrante do I CICS: o Prof. Dr.\u00a0 Roberto Carlos Lyra da Silva. Formado em \u00a0Enfermagem pela Universidade Federal do Estado do Rio de Janeiro (UNIRIO), fez mestrado em enfermagem pela Universidade Federal do Estado do Rio de Janeiro (UFRJ) e doutorado na mesma \u00e1rea e na\" \/>\n<meta property=\"og:url\" content=\"https:\/\/unifsa.com.br\/site\/i-cics-apresenta-mais-um-palestrante-prof-dr-roberto-carlos-lyra-da-silva\/\" \/>\n<meta property=\"og:site_name\" content=\"Centro Universit\u00e1rio Santo Agostinho - UNIFSA\" \/>\n<meta property=\"article:publisher\" content=\"https:\/\/www.facebook.com\/unifsa\/\" \/>\n<meta property=\"article:published_time\" content=\"2023-06-20T18:40:19+00:00\" \/>\n<meta property=\"article:modified_time\" content=\"2023-06-20T20:38:06+00:00\" \/>\n<meta property=\"og:image\" content=\"https:\/\/unifsa.com.br\/site\/wp-content\/uploads\/2023\/06\/palestrante-confirmado-3.png\" \/>\n\t<meta property=\"og:image:width\" content=\"1920\" \/>\n\t<meta property=\"og:image:height\" content=\"805\" \/>\n\t<meta property=\"og:image:type\" content=\"image\/png\" \/>\n<meta name=\"author\" content=\"Assessoria UNIFSA\" \/>\n<meta name=\"twitter:card\" content=\"summary_large_image\" \/>\n<meta name=\"twitter:label1\" content=\"Escrito por\" \/>\n\t<meta name=\"twitter:data1\" content=\"Assessoria UNIFSA\" \/>\n\t<meta name=\"twitter:label2\" content=\"Est. tempo de leitura\" \/>\n\t<meta name=\"twitter:data2\" content=\"2 minutos\" \/>\n<script type=\"application\/ld+json\" class=\"yoast-schema-graph\">{\"@context\":\"https:\/\/schema.org\",\"@graph\":[{\"@type\":\"Article\",\"@id\":\"https:\/\/unifsa.com.br\/site\/i-cics-apresenta-mais-um-palestrante-prof-dr-roberto-carlos-lyra-da-silva\/#article\",\"isPartOf\":{\"@id\":\"https:\/\/unifsa.com.br\/site\/i-cics-apresenta-mais-um-palestrante-prof-dr-roberto-carlos-lyra-da-silva\/\"},\"author\":{\"name\":\"Assessoria UNIFSA\",\"@id\":\"https:\/\/unifsa.com.br\/site\/#\/schema\/person\/551d7d1f1cd3f288057c5028fc404a18\"},\"headline\":\"I CICS apresenta mais um palestrante: Prof. Dr.\u00a0 Roberto Carlos Lyra da Silva\",\"datePublished\":\"2023-06-20T18:40:19+00:00\",\"dateModified\":\"2023-06-20T20:38:06+00:00\",\"mainEntityOfPage\":{\"@id\":\"https:\/\/unifsa.com.br\/site\/i-cics-apresenta-mais-um-palestrante-prof-dr-roberto-carlos-lyra-da-silva\/\"},\"wordCount\":311,\"publisher\":{\"@id\":\"https:\/\/unifsa.com.br\/site\/#organization\"},\"image\":{\"@id\":\"https:\/\/unifsa.com.br\/site\/i-cics-apresenta-mais-um-palestrante-prof-dr-roberto-carlos-lyra-da-silva\/#primaryimage\"},\"thumbnailUrl\":\"https:\/\/unifsa.com.br\/site\/wp-content\/uploads\/2023\/06\/palestrante-confirmado-3.png\",\"keywords\":[\"Enfermagem\",\"I CICS\",\"I Congresso Internacional Ci\u00eancia e Sociedade\"],\"articleSection\":[\"Acontece na UNIFSA\",\"CICS 2023\",\"Enfermagem\"],\"inLanguage\":\"pt-BR\"},{\"@type\":\"WebPage\",\"@id\":\"https:\/\/unifsa.com.br\/site\/i-cics-apresenta-mais-um-palestrante-prof-dr-roberto-carlos-lyra-da-silva\/\",\"url\":\"https:\/\/unifsa.com.br\/site\/i-cics-apresenta-mais-um-palestrante-prof-dr-roberto-carlos-lyra-da-silva\/\",\"name\":\"I CICS apresenta mais um palestrante: Prof. Dr.\u00a0 Roberto Carlos Lyra da Silva - Centro Universit\u00e1rio Santo Agostinho - UNIFSA\",\"isPartOf\":{\"@id\":\"https:\/\/unifsa.com.br\/site\/#website\"},\"primaryImageOfPage\":{\"@id\":\"https:\/\/unifsa.com.br\/site\/i-cics-apresenta-mais-um-palestrante-prof-dr-roberto-carlos-lyra-da-silva\/#primaryimage\"},\"image\":{\"@id\":\"https:\/\/unifsa.com.br\/site\/i-cics-apresenta-mais-um-palestrante-prof-dr-roberto-carlos-lyra-da-silva\/#primaryimage\"},\"thumbnailUrl\":\"https:\/\/unifsa.com.br\/site\/wp-content\/uploads\/2023\/06\/palestrante-confirmado-3.png\",\"datePublished\":\"2023-06-20T18:40:19+00:00\",\"dateModified\":\"2023-06-20T20:38:06+00:00\",\"breadcrumb\":{\"@id\":\"https:\/\/unifsa.com.br\/site\/i-cics-apresenta-mais-um-palestrante-prof-dr-roberto-carlos-lyra-da-silva\/#breadcrumb\"},\"inLanguage\":\"pt-BR\",\"potentialAction\":[{\"@type\":\"ReadAction\",\"target\":[\"https:\/\/unifsa.com.br\/site\/i-cics-apresenta-mais-um-palestrante-prof-dr-roberto-carlos-lyra-da-silva\/\"]}]},{\"@type\":\"ImageObject\",\"inLanguage\":\"pt-BR\",\"@id\":\"https:\/\/unifsa.com.br\/site\/i-cics-apresenta-mais-um-palestrante-prof-dr-roberto-carlos-lyra-da-silva\/#primaryimage\",\"url\":\"https:\/\/unifsa.com.br\/site\/wp-content\/uploads\/2023\/06\/palestrante-confirmado-3.png\",\"contentUrl\":\"https:\/\/unifsa.com.br\/site\/wp-content\/uploads\/2023\/06\/palestrante-confirmado-3.png\",\"width\":1920,\"height\":805},{\"@type\":\"BreadcrumbList\",\"@id\":\"https:\/\/unifsa.com.br\/site\/i-cics-apresenta-mais-um-palestrante-prof-dr-roberto-carlos-lyra-da-silva\/#breadcrumb\",\"itemListElement\":[{\"@type\":\"ListItem\",\"position\":1,\"name\":\"In\u00edcio\",\"item\":\"https:\/\/unifsa.com.br\/site\/\"},{\"@type\":\"ListItem\",\"position\":2,\"name\":\"I CICS apresenta mais um palestrante: Prof. Dr.\u00a0 Roberto Carlos Lyra da Silva\"}]},{\"@type\":\"WebSite\",\"@id\":\"https:\/\/unifsa.com.br\/site\/#website\",\"url\":\"https:\/\/unifsa.com.br\/site\/\",\"name\":\"Centro Universit\u00e1rio Santo Agostinho - UNIFSA\",\"description\":\"Conhecimento para toda a vida\",\"publisher\":{\"@id\":\"https:\/\/unifsa.com.br\/site\/#organization\"},\"potentialAction\":[{\"@type\":\"SearchAction\",\"target\":{\"@type\":\"EntryPoint\",\"urlTemplate\":\"https:\/\/unifsa.com.br\/site\/?s={search_term_string}\"},\"query-input\":{\"@type\":\"PropertyValueSpecification\",\"valueRequired\":true,\"valueName\":\"search_term_string\"}}],\"inLanguage\":\"pt-BR\"},{\"@type\":\"Organization\",\"@id\":\"https:\/\/unifsa.com.br\/site\/#organization\",\"name\":\"Centro Universit\u00e1rio Santo Agostinho - UNIFSA\",\"url\":\"https:\/\/unifsa.com.br\/site\/\",\"logo\":{\"@type\":\"ImageObject\",\"inLanguage\":\"pt-BR\",\"@id\":\"https:\/\/unifsa.com.br\/site\/#\/schema\/logo\/image\/\",\"url\":\"https:\/\/unifsa.com.br\/site\/wp-content\/uploads\/2023\/03\/MARCA-UNIFSA-CIC23-q2apjs1mt975cf1wl25b044coj90fwoiee1kya6800.png\",\"contentUrl\":\"https:\/\/unifsa.com.br\/site\/wp-content\/uploads\/2023\/03\/MARCA-UNIFSA-CIC23-q2apjs1mt975cf1wl25b044coj90fwoiee1kya6800.png\",\"width\":103,\"height\":100,\"caption\":\"Centro Universit\u00e1rio Santo Agostinho - UNIFSA\"},\"image\":{\"@id\":\"https:\/\/unifsa.com.br\/site\/#\/schema\/logo\/image\/\"},\"sameAs\":[\"https:\/\/www.facebook.com\/unifsa\/\",\"https:\/\/www.instagram.com\/unifsa\/\"]},{\"@type\":\"Person\",\"@id\":\"https:\/\/unifsa.com.br\/site\/#\/schema\/person\/551d7d1f1cd3f288057c5028fc404a18\",\"name\":\"Assessoria UNIFSA\",\"image\":{\"@type\":\"ImageObject\",\"inLanguage\":\"pt-BR\",\"@id\":\"https:\/\/unifsa.com.br\/site\/#\/schema\/person\/image\/\",\"url\":\"https:\/\/secure.gravatar.com\/avatar\/6a631991e4af344430e4f0c5fcc3a220482c78e6a883ad6b80a34c55d1ada357?s=96&d=mm&r=g\",\"contentUrl\":\"https:\/\/secure.gravatar.com\/avatar\/6a631991e4af344430e4f0c5fcc3a220482c78e6a883ad6b80a34c55d1ada357?s=96&d=mm&r=g\",\"caption\":\"Assessoria UNIFSA\"},\"url\":\"https:\/\/unifsa.com.br\/site\/author\/assessoria\/\"}]}<\/script>\n<!-- \/ Yoast SEO plugin. -->","yoast_head_json":{"title":"I CICS apresenta mais um palestrante: Prof. Dr.\u00a0 Roberto Carlos Lyra da Silva - Centro Universit\u00e1rio Santo Agostinho - UNIFSA","robots":{"index":"index","follow":"follow","max-snippet":"max-snippet:-1","max-image-preview":"max-image-preview:large","max-video-preview":"max-video-preview:-1"},"canonical":"https:\/\/unifsa.com.br\/site\/i-cics-apresenta-mais-um-palestrante-prof-dr-roberto-carlos-lyra-da-silva\/","og_locale":"pt_BR","og_type":"article","og_title":"I CICS apresenta mais um palestrante: Prof. Dr.\u00a0 Roberto Carlos Lyra da Silva - Centro Universit\u00e1rio Santo Agostinho - UNIFSA","og_description":"\u00c9 com satisfa\u00e7\u00e3o que divulgamos o nome de\u00a0mais um palestrante do I CICS: o Prof. Dr.\u00a0 Roberto Carlos Lyra da Silva. Formado em \u00a0Enfermagem pela Universidade Federal do Estado do Rio de Janeiro (UNIRIO), fez mestrado em enfermagem pela Universidade Federal do Estado do Rio de Janeiro (UFRJ) e doutorado na mesma \u00e1rea e na","og_url":"https:\/\/unifsa.com.br\/site\/i-cics-apresenta-mais-um-palestrante-prof-dr-roberto-carlos-lyra-da-silva\/","og_site_name":"Centro Universit\u00e1rio Santo Agostinho - UNIFSA","article_publisher":"https:\/\/www.facebook.com\/unifsa\/","article_published_time":"2023-06-20T18:40:19+00:00","article_modified_time":"2023-06-20T20:38:06+00:00","og_image":[{"width":1920,"height":805,"url":"https:\/\/unifsa.com.br\/site\/wp-content\/uploads\/2023\/06\/palestrante-confirmado-3.png","type":"image\/png"}],"author":"Assessoria UNIFSA","twitter_card":"summary_large_image","twitter_misc":{"Escrito por":"Assessoria UNIFSA","Est. tempo de leitura":"2 minutos"},"schema":{"@context":"https:\/\/schema.org","@graph":[{"@type":"Article","@id":"https:\/\/unifsa.com.br\/site\/i-cics-apresenta-mais-um-palestrante-prof-dr-roberto-carlos-lyra-da-silva\/#article","isPartOf":{"@id":"https:\/\/unifsa.com.br\/site\/i-cics-apresenta-mais-um-palestrante-prof-dr-roberto-carlos-lyra-da-silva\/"},"author":{"name":"Assessoria UNIFSA","@id":"https:\/\/unifsa.com.br\/site\/#\/schema\/person\/551d7d1f1cd3f288057c5028fc404a18"},"headline":"I CICS apresenta mais um palestrante: Prof. Dr.\u00a0 Roberto Carlos Lyra da Silva","datePublished":"2023-06-20T18:40:19+00:00","dateModified":"2023-06-20T20:38:06+00:00","mainEntityOfPage":{"@id":"https:\/\/unifsa.com.br\/site\/i-cics-apresenta-mais-um-palestrante-prof-dr-roberto-carlos-lyra-da-silva\/"},"wordCount":311,"publisher":{"@id":"https:\/\/unifsa.com.br\/site\/#organization"},"image":{"@id":"https:\/\/unifsa.com.br\/site\/i-cics-apresenta-mais-um-palestrante-prof-dr-roberto-carlos-lyra-da-silva\/#primaryimage"},"thumbnailUrl":"https:\/\/unifsa.com.br\/site\/wp-content\/uploads\/2023\/06\/palestrante-confirmado-3.png","keywords":["Enfermagem","I CICS","I Congresso Internacional Ci\u00eancia e Sociedade"],"articleSection":["Acontece na UNIFSA","CICS 2023","Enfermagem"],"inLanguage":"pt-BR"},{"@type":"WebPage","@id":"https:\/\/unifsa.com.br\/site\/i-cics-apresenta-mais-um-palestrante-prof-dr-roberto-carlos-lyra-da-silva\/","url":"https:\/\/unifsa.com.br\/site\/i-cics-apresenta-mais-um-palestrante-prof-dr-roberto-carlos-lyra-da-silva\/","name":"I CICS apresenta mais um palestrante: Prof. Dr.\u00a0 Roberto Carlos Lyra da Silva - Centro Universit\u00e1rio Santo Agostinho - UNIFSA","isPartOf":{"@id":"https:\/\/unifsa.com.br\/site\/#website"},"primaryImageOfPage":{"@id":"https:\/\/unifsa.com.br\/site\/i-cics-apresenta-mais-um-palestrante-prof-dr-roberto-carlos-lyra-da-silva\/#primaryimage"},"image":{"@id":"https:\/\/unifsa.com.br\/site\/i-cics-apresenta-mais-um-palestrante-prof-dr-roberto-carlos-lyra-da-silva\/#primaryimage"},"thumbnailUrl":"https:\/\/unifsa.com.br\/site\/wp-content\/uploads\/2023\/06\/palestrante-confirmado-3.png","datePublished":"2023-06-20T18:40:19+00:00","dateModified":"2023-06-20T20:38:06+00:00","breadcrumb":{"@id":"https:\/\/unifsa.com.br\/site\/i-cics-apresenta-mais-um-palestrante-prof-dr-roberto-carlos-lyra-da-silva\/#breadcrumb"},"inLanguage":"pt-BR","potentialAction":[{"@type":"ReadAction","target":["https:\/\/unifsa.com.br\/site\/i-cics-apresenta-mais-um-palestrante-prof-dr-roberto-carlos-lyra-da-silva\/"]}]},{"@type":"ImageObject","inLanguage":"pt-BR","@id":"https:\/\/unifsa.com.br\/site\/i-cics-apresenta-mais-um-palestrante-prof-dr-roberto-carlos-lyra-da-silva\/#primaryimage","url":"https:\/\/unifsa.com.br\/site\/wp-content\/uploads\/2023\/06\/palestrante-confirmado-3.png","contentUrl":"https:\/\/unifsa.com.br\/site\/wp-content\/uploads\/2023\/06\/palestrante-confirmado-3.png","width":1920,"height":805},{"@type":"BreadcrumbList","@id":"https:\/\/unifsa.com.br\/site\/i-cics-apresenta-mais-um-palestrante-prof-dr-roberto-carlos-lyra-da-silva\/#breadcrumb","itemListElement":[{"@type":"ListItem","position":1,"name":"In\u00edcio","item":"https:\/\/unifsa.com.br\/site\/"},{"@type":"ListItem","position":2,"name":"I CICS apresenta mais um palestrante: Prof. Dr.\u00a0 Roberto Carlos Lyra da Silva"}]},{"@type":"WebSite","@id":"https:\/\/unifsa.com.br\/site\/#website","url":"https:\/\/unifsa.com.br\/site\/","name":"Centro Universit\u00e1rio Santo Agostinho - UNIFSA","description":"Conhecimento para toda a vida","publisher":{"@id":"https:\/\/unifsa.com.br\/site\/#organization"},"potentialAction":[{"@type":"SearchAction","target":{"@type":"EntryPoint","urlTemplate":"https:\/\/unifsa.com.br\/site\/?s={search_term_string}"},"query-input":{"@type":"PropertyValueSpecification","valueRequired":true,"valueName":"search_term_string"}}],"inLanguage":"pt-BR"},{"@type":"Organization","@id":"https:\/\/unifsa.com.br\/site\/#organization","name":"Centro Universit\u00e1rio Santo Agostinho - UNIFSA","url":"https:\/\/unifsa.com.br\/site\/","logo":{"@type":"ImageObject","inLanguage":"pt-BR","@id":"https:\/\/unifsa.com.br\/site\/#\/schema\/logo\/image\/","url":"https:\/\/unifsa.com.br\/site\/wp-content\/uploads\/2023\/03\/MARCA-UNIFSA-CIC23-q2apjs1mt975cf1wl25b044coj90fwoiee1kya6800.png","contentUrl":"https:\/\/unifsa.com.br\/site\/wp-content\/uploads\/2023\/03\/MARCA-UNIFSA-CIC23-q2apjs1mt975cf1wl25b044coj90fwoiee1kya6800.png","width":103,"height":100,"caption":"Centro Universit\u00e1rio Santo Agostinho - UNIFSA"},"image":{"@id":"https:\/\/unifsa.com.br\/site\/#\/schema\/logo\/image\/"},"sameAs":["https:\/\/www.facebook.com\/unifsa\/","https:\/\/www.instagram.com\/unifsa\/"]},{"@type":"Person","@id":"https:\/\/unifsa.com.br\/site\/#\/schema\/person\/551d7d1f1cd3f288057c5028fc404a18","name":"Assessoria UNIFSA","image":{"@type":"ImageObject","inLanguage":"pt-BR","@id":"https:\/\/unifsa.com.br\/site\/#\/schema\/person\/image\/","url":"https:\/\/secure.gravatar.com\/avatar\/6a631991e4af344430e4f0c5fcc3a220482c78e6a883ad6b80a34c55d1ada357?s=96&d=mm&r=g","contentUrl":"https:\/\/secure.gravatar.com\/avatar\/6a631991e4af344430e4f0c5fcc3a220482c78e6a883ad6b80a34c55d1ada357?s=96&d=mm&r=g","caption":"Assessoria UNIFSA"},"url":"https:\/\/unifsa.com.br\/site\/author\/assessoria\/"}]}},"_links":{"self":[{"href":"https:\/\/unifsa.com.br\/site\/wp-json\/wp\/v2\/posts\/22865","targetHints":{"allow":["GET"]}}],"collection":[{"href":"https:\/\/unifsa.com.br\/site\/wp-json\/wp\/v2\/posts"}],"about":[{"href":"https:\/\/unifsa.com.br\/site\/wp-json\/wp\/v2\/types\/post"}],"author":[{"embeddable":true,"href":"https:\/\/unifsa.com.br\/site\/wp-json\/wp\/v2\/users\/2"}],"replies":[{"embeddable":true,"href":"https:\/\/unifsa.com.br\/site\/wp-json\/wp\/v2\/comments?post=22865"}],"version-history":[{"count":3,"href":"https:\/\/unifsa.com.br\/site\/wp-json\/wp\/v2\/posts\/22865\/revisions"}],"predecessor-version":[{"id":22880,"href":"https:\/\/unifsa.com.br\/site\/wp-json\/wp\/v2\/posts\/22865\/revisions\/22880"}],"wp:featuredmedia":[{"embeddable":true,"href":"https:\/\/unifsa.com.br\/site\/wp-json\/wp\/v2\/media\/22867"}],"wp:attachment":[{"href":"https:\/\/unifsa.com.br\/site\/wp-json\/wp\/v2\/media?parent=22865"}],"wp:term":[{"taxonomy":"category","embeddable":true,"href":"https:\/\/unifsa.com.br\/site\/wp-json\/wp\/v2\/categories?post=22865"},{"taxonomy":"post_tag","embeddable":true,"href":"https:\/\/unifsa.com.br\/site\/wp-json\/wp\/v2\/tags?post=22865"}],"curies":[{"name":"wp","href":"https:\/\/api.w.org\/{rel}","templated":true}]}}