{"id":22848,"date":"2023-06-19T16:54:36","date_gmt":"2023-06-19T19:54:36","guid":{"rendered":"https:\/\/unifsa.com.br\/site\/?p=22848"},"modified":"2023-06-19T17:04:22","modified_gmt":"2023-06-19T20:04:22","slug":"enfermagem-realiza-xxiv-mostra-de-atencao-hospitalar-e-xxvi-mostra-de-atencao-basica","status":"publish","type":"post","link":"https:\/\/unifsa.com.br\/site\/enfermagem-realiza-xxiv-mostra-de-atencao-hospitalar-e-xxvi-mostra-de-atencao-basica\/","title":{"rendered":"Enfermagem realiza XXIV Mostra de Aten\u00e7\u00e3o Hospitalar e XXVI Mostra de Aten\u00e7\u00e3o B\u00e1sica"},"content":{"rendered":"\n<p class=\"texto-justificado\">O Centro Universit\u00e1rio Santo Agostinho, por meio do curso de Enfermagem, realiza, nos dias 22 e 23 de junho, a XXIV Mostra de Aten\u00e7\u00e3o Hospitalar e a XXVI Mostra de Aten\u00e7\u00e3o B\u00e1sica, no Audit\u00f3rio Audit\u00f3rio Manoel Cipriano Lira &#8211; Sede. O evento \u00e9 destinado aos alunos do UNIFSA e possui carga hor\u00e1ria de 20h.<\/p>\n\n\n\n<div class=\"wp-block-buttons is-content-justification-center is-layout-flex wp-container-core-buttons-is-layout-16018d1d wp-block-buttons-is-layout-flex\">\n<div class=\"wp-block-button\"><a class=\"wp-block-button__link has-white-color has-vivid-cyan-blue-background-color has-text-color has-background wp-element-button\" href=\"https:\/\/www.sympla.com.br\/evento\/xxiv-mostra-de-atencao-hospitalar-e-xxvi-mostra-de-atencao-basica\/2039009?_gl=1*10vc21u*_ga*NDQ1MTMzNjM2LjE2NjMxNjA1NzQ.*_ga_KXH10SQTZF*MTY4NzIwNDIyMC4xMzQuMS4xNjg3MjA0MzU0LjAuMC4w\">Inscreva-se<\/a><\/div>\n<\/div>\n\n\n\n<blockquote class=\"wp-block-quote is-layout-flow wp-block-quote-is-layout-flow\">\n<p class=\"texto-justificado\">Esse evento prop\u00f5e a exposi\u00e7\u00e3o da produ\u00e7\u00e3o cient\u00edfica discente sobre situa\u00e7\u00f5es cl\u00ednicas de sa\u00fade com foco na integralidade do cuidado na Estrat\u00e9gia Sa\u00fade da Fam\u00edlia e na \u00e1rea hospitalar. Ao mesmo tempo, em que auxilia na consolida\u00e7\u00e3o do aprendizado, na produ\u00e7\u00e3o de conhecimentos cient\u00edficos e tecnol\u00f3gicos, contribuindo para articula\u00e7\u00e3o da pesquisa\/ensino\/extens\u00e3o\/assist\u00eancia em Enfermagem, assim como, no crescimento e amadurecimento intelectual do aluno. Logo contribuir\u00e1 com o desenvolvimento pessoal e profissional dos discentes do UNIFSA, destacando-se como parte integrante do trabalho t\u00e9cnico\/assistencial\/cient\u00edfico que ser\u00e1 realizado ao longo do semestre letivo, uma vez que conduz os alunos \u00e0 uma auto avalia\u00e7\u00e3o e ressignifica\u00e7\u00e3o da pr\u00e1tica assistencial desenvolvida pelo enfermeiro, discutida a partir dos conte\u00fados das diferentes disciplinas apreendidas no transcorrer de sua forma\u00e7\u00e3o.<\/p>\n<cite>Prof. Dr. \u00c1llamy Danilo Moura e Silva, coordenador do curso de Enfermagem do UNIFSA<\/cite><\/blockquote>\n\n\n\n<h2 class=\"wp-block-heading has-vivid-cyan-blue-color has-text-color\">Confira a programa\u00e7\u00e3o completa:<\/h2>\n\n\n\n<figure class=\"wp-block-table\"><table><tbody><tr><td class=\"has-text-align-center\" data-align=\"center\"><strong>22 de junho<br>2023<\/strong><\/td><td class=\"has-text-align-center\" data-align=\"center\"><strong>ATIVIDADE<\/strong><\/td><td><\/td><\/tr><tr><td class=\"has-text-align-center\" data-align=\"center\">8h \u00e0s 9:00h<\/td><td class=\"has-text-align-center\" data-align=\"center\"><strong>Boas vindas <br><\/strong>Mesa de Honra <br>Coordenador do curso de Bacharelado em Enfermagem Tutora do curso de Bacharelado em Enfermagem Coordenadora do evento<\/td><td>Conferencista: Profa. Dr. Allamy Danilo Moura e Silva Profa. Ma. Francisca Carla Silva de Melo Pereira Prof.Esp. Verbena Rodrigues Lustosa<\/td><\/tr><tr><td class=\"has-text-align-center\" data-align=\"center\">9:00h \u00e0s 10:30h<\/td><td class=\"has-text-align-center\" data-align=\"center\"><strong>Palestra:<\/strong> Central de Material d Esteriliza\u00e7\u00e3o: Fluxograma dos Artigos e Atua\u00e7\u00e3o da Equipe de Enfermagem.<\/td><td>Conferencista: Enfa. Maria Eveline da Silva (HGV)<\/td><\/tr><tr><td class=\"has-text-align-center\" data-align=\"center\">10:30h \u00e0s<br>11:30h<\/td><td class=\"has-text-align-center\" data-align=\"center\"><strong>Palestra:<\/strong> Cuidados com Ostomia e Recorde de Bolsas de Colostomia<\/td><td>Conferencista: Enfa. Ms. Maryanna Tallyta Silva Barreto<\/td><\/tr><tr><td class=\"has-text-align-center\" data-align=\"center\"><\/td><td class=\"has-text-align-center\" data-align=\"center\"><strong>INTERVALO PARA ALMO\u00c7O<\/strong><\/td><td><\/td><\/tr><tr><td class=\"has-text-align-center\" data-align=\"center\">13:00h \u00e0s 14:30h<\/td><td class=\"has-text-align-center\" data-align=\"center\"><strong>Palestra:<\/strong> Seguran\u00e7a do Paciente<\/td><td>Conferencista: Enf. Nazareno ferreira Lopes Coutinho J\u00fanior (HGV)<\/td><\/tr><tr><td class=\"has-text-align-center\" data-align=\"center\">14:30h \u00e0s<br>16:00h<\/td><td class=\"has-text-align-center\" data-align=\"center\"><strong>Palestra:<\/strong> Empreender na Enfermagem: como dar os primeiros passos<\/td><td>Conferencista: Enfa. Yone Mara Rocha Santos e Silva (MDER)<\/td><\/tr><tr><td class=\"has-text-align-center\" data-align=\"center\"><strong>23 de junho<br>2023<\/strong><\/td><td class=\"has-text-align-center\" data-align=\"center\"><strong>ATIVIDADE<\/strong><\/td><td><\/td><\/tr><tr><td class=\"has-text-align-center\" data-align=\"center\">08 \u00e0s 12h<\/td><td class=\"has-text-align-center\" data-align=\"center\">Apresenta\u00e7\u00e3o de trabalhos orais<\/td><td>Profa. Esp. Verbena Rodrigues Lustosa<\/td><\/tr><tr><td class=\"has-text-align-center\" data-align=\"center\"><\/td><td class=\"has-text-align-center\" data-align=\"center\"><strong>INTERVALO PARA ALMO\u00c7O<\/strong><\/td><td><\/td><\/tr><tr><td class=\"has-text-align-center\" data-align=\"center\">13h \u00e0s 18h<\/td><td class=\"has-text-align-center\" data-align=\"center\">Apresenta\u00e7\u00e3o de trabalhos orais<\/td><td>Profa. Esp. Verbena Rodrigues Lustosa<\/td><\/tr><tr><td class=\"has-text-align-center\" data-align=\"center\">18h<\/td><td class=\"has-text-align-center\" data-align=\"center\"><strong>ENCERRAMENTO DA MOSTRA<\/strong><\/td><td>Equipe de organiza\u00e7\u00e3o do evento Prof. Dr. Allamy Danilo Moura e Silva Profa. Esp. Verbena Rodrigues Lustosa<\/td><\/tr><\/tbody><\/table><\/figure>\n","protected":false},"excerpt":{"rendered":"<p>O Centro Universit\u00e1rio Santo Agostinho, por meio do curso de Enfermagem, realiza, nos dias 22 e 23 de junho, a XXIV Mostra de Aten\u00e7\u00e3o Hospitalar e a XXVI Mostra de Aten\u00e7\u00e3o B\u00e1sica, no Audit\u00f3rio Audit\u00f3rio Manoel Cipriano Lira &#8211; Sede. O evento \u00e9 destinado aos alunos do UNIFSA e possui carga hor\u00e1ria de 20h. Esse<\/p>\n","protected":false},"author":11,"featured_media":22861,"comment_status":"closed","ping_status":"open","sticky":false,"template":"","format":"standard","meta":{"_acf_changed":false,"footnotes":""},"categories":[6,59],"tags":[83,1239,1238],"class_list":["post-22848","post","type-post","status-publish","format-standard","has-post-thumbnail","hentry","category-acontece-na-unifsa","category-enfermagem","tag-enfermagem","tag-mostra-de-atencao-basica","tag-mostra-de-atencao-hospitalar"],"acf":[],"yoast_head":"<!-- This site is optimized with the Yoast SEO plugin v26.5 - https:\/\/yoast.com\/wordpress\/plugins\/seo\/ -->\n<title>Enfermagem realiza XXIV Mostra de Aten\u00e7\u00e3o Hospitalar e XXVI Mostra de Aten\u00e7\u00e3o B\u00e1sica - Centro Universit\u00e1rio Santo Agostinho - UNIFSA<\/title>\n<meta name=\"robots\" content=\"index, follow, max-snippet:-1, max-image-preview:large, max-video-preview:-1\" \/>\n<link rel=\"canonical\" href=\"https:\/\/unifsa.com.br\/site\/enfermagem-realiza-xxiv-mostra-de-atencao-hospitalar-e-xxvi-mostra-de-atencao-basica\/\" \/>\n<meta property=\"og:locale\" content=\"pt_BR\" \/>\n<meta property=\"og:type\" content=\"article\" \/>\n<meta property=\"og:title\" content=\"Enfermagem realiza XXIV Mostra de Aten\u00e7\u00e3o Hospitalar e XXVI Mostra de Aten\u00e7\u00e3o B\u00e1sica - Centro Universit\u00e1rio Santo Agostinho - UNIFSA\" \/>\n<meta property=\"og:description\" content=\"O Centro Universit\u00e1rio Santo Agostinho, por meio do curso de Enfermagem, realiza, nos dias 22 e 23 de junho, a XXIV Mostra de Aten\u00e7\u00e3o Hospitalar e a XXVI Mostra de Aten\u00e7\u00e3o B\u00e1sica, no Audit\u00f3rio Audit\u00f3rio Manoel Cipriano Lira &#8211; Sede. O evento \u00e9 destinado aos alunos do UNIFSA e possui carga hor\u00e1ria de 20h. Esse\" \/>\n<meta property=\"og:url\" content=\"https:\/\/unifsa.com.br\/site\/enfermagem-realiza-xxiv-mostra-de-atencao-hospitalar-e-xxvi-mostra-de-atencao-basica\/\" \/>\n<meta property=\"og:site_name\" content=\"Centro Universit\u00e1rio Santo Agostinho - UNIFSA\" \/>\n<meta property=\"article:publisher\" content=\"https:\/\/www.facebook.com\/unifsa\/\" \/>\n<meta property=\"article:published_time\" content=\"2023-06-19T19:54:36+00:00\" \/>\n<meta property=\"article:modified_time\" content=\"2023-06-19T20:04:22+00:00\" \/>\n<meta property=\"og:image\" content=\"https:\/\/unifsa.com.br\/site\/wp-content\/uploads\/2023\/06\/mostra-.png\" \/>\n\t<meta property=\"og:image:width\" content=\"1920\" \/>\n\t<meta property=\"og:image:height\" content=\"805\" \/>\n\t<meta property=\"og:image:type\" content=\"image\/png\" \/>\n<meta name=\"author\" content=\"Oceannyra Kelly da Cruz Silva\" \/>\n<meta name=\"twitter:card\" content=\"summary_large_image\" \/>\n<meta name=\"twitter:label1\" content=\"Escrito por\" \/>\n\t<meta name=\"twitter:data1\" content=\"Oceannyra Kelly da Cruz Silva\" \/>\n\t<meta name=\"twitter:label2\" content=\"Est. tempo de leitura\" \/>\n\t<meta name=\"twitter:data2\" content=\"3 minutos\" \/>\n<script type=\"application\/ld+json\" class=\"yoast-schema-graph\">{\"@context\":\"https:\/\/schema.org\",\"@graph\":[{\"@type\":\"Article\",\"@id\":\"https:\/\/unifsa.com.br\/site\/enfermagem-realiza-xxiv-mostra-de-atencao-hospitalar-e-xxvi-mostra-de-atencao-basica\/#article\",\"isPartOf\":{\"@id\":\"https:\/\/unifsa.com.br\/site\/enfermagem-realiza-xxiv-mostra-de-atencao-hospitalar-e-xxvi-mostra-de-atencao-basica\/\"},\"author\":{\"name\":\"Oceannyra Kelly da Cruz Silva\",\"@id\":\"https:\/\/unifsa.com.br\/site\/#\/schema\/person\/a4cec94bbc6ddf98f579162824de9bf2\"},\"headline\":\"Enfermagem realiza XXIV Mostra de Aten\u00e7\u00e3o Hospitalar e XXVI Mostra de Aten\u00e7\u00e3o B\u00e1sica\",\"datePublished\":\"2023-06-19T19:54:36+00:00\",\"dateModified\":\"2023-06-19T20:04:22+00:00\",\"mainEntityOfPage\":{\"@id\":\"https:\/\/unifsa.com.br\/site\/enfermagem-realiza-xxiv-mostra-de-atencao-hospitalar-e-xxvi-mostra-de-atencao-basica\/\"},\"wordCount\":435,\"publisher\":{\"@id\":\"https:\/\/unifsa.com.br\/site\/#organization\"},\"image\":{\"@id\":\"https:\/\/unifsa.com.br\/site\/enfermagem-realiza-xxiv-mostra-de-atencao-hospitalar-e-xxvi-mostra-de-atencao-basica\/#primaryimage\"},\"thumbnailUrl\":\"https:\/\/unifsa.com.br\/site\/wp-content\/uploads\/2023\/06\/mostra-.png\",\"keywords\":[\"Enfermagem\",\"Mostra de Aten\u00e7\u00e3o B\u00e1sica\",\"Mostra de Aten\u00e7\u00e3o Hospitalar\"],\"articleSection\":[\"Acontece na UNIFSA\",\"Enfermagem\"],\"inLanguage\":\"pt-BR\"},{\"@type\":\"WebPage\",\"@id\":\"https:\/\/unifsa.com.br\/site\/enfermagem-realiza-xxiv-mostra-de-atencao-hospitalar-e-xxvi-mostra-de-atencao-basica\/\",\"url\":\"https:\/\/unifsa.com.br\/site\/enfermagem-realiza-xxiv-mostra-de-atencao-hospitalar-e-xxvi-mostra-de-atencao-basica\/\",\"name\":\"Enfermagem realiza XXIV Mostra de Aten\u00e7\u00e3o Hospitalar e XXVI Mostra de Aten\u00e7\u00e3o B\u00e1sica - Centro Universit\u00e1rio Santo Agostinho - UNIFSA\",\"isPartOf\":{\"@id\":\"https:\/\/unifsa.com.br\/site\/#website\"},\"primaryImageOfPage\":{\"@id\":\"https:\/\/unifsa.com.br\/site\/enfermagem-realiza-xxiv-mostra-de-atencao-hospitalar-e-xxvi-mostra-de-atencao-basica\/#primaryimage\"},\"image\":{\"@id\":\"https:\/\/unifsa.com.br\/site\/enfermagem-realiza-xxiv-mostra-de-atencao-hospitalar-e-xxvi-mostra-de-atencao-basica\/#primaryimage\"},\"thumbnailUrl\":\"https:\/\/unifsa.com.br\/site\/wp-content\/uploads\/2023\/06\/mostra-.png\",\"datePublished\":\"2023-06-19T19:54:36+00:00\",\"dateModified\":\"2023-06-19T20:04:22+00:00\",\"breadcrumb\":{\"@id\":\"https:\/\/unifsa.com.br\/site\/enfermagem-realiza-xxiv-mostra-de-atencao-hospitalar-e-xxvi-mostra-de-atencao-basica\/#breadcrumb\"},\"inLanguage\":\"pt-BR\",\"potentialAction\":[{\"@type\":\"ReadAction\",\"target\":[\"https:\/\/unifsa.com.br\/site\/enfermagem-realiza-xxiv-mostra-de-atencao-hospitalar-e-xxvi-mostra-de-atencao-basica\/\"]}]},{\"@type\":\"ImageObject\",\"inLanguage\":\"pt-BR\",\"@id\":\"https:\/\/unifsa.com.br\/site\/enfermagem-realiza-xxiv-mostra-de-atencao-hospitalar-e-xxvi-mostra-de-atencao-basica\/#primaryimage\",\"url\":\"https:\/\/unifsa.com.br\/site\/wp-content\/uploads\/2023\/06\/mostra-.png\",\"contentUrl\":\"https:\/\/unifsa.com.br\/site\/wp-content\/uploads\/2023\/06\/mostra-.png\",\"width\":1920,\"height\":805},{\"@type\":\"BreadcrumbList\",\"@id\":\"https:\/\/unifsa.com.br\/site\/enfermagem-realiza-xxiv-mostra-de-atencao-hospitalar-e-xxvi-mostra-de-atencao-basica\/#breadcrumb\",\"itemListElement\":[{\"@type\":\"ListItem\",\"position\":1,\"name\":\"In\u00edcio\",\"item\":\"https:\/\/unifsa.com.br\/site\/\"},{\"@type\":\"ListItem\",\"position\":2,\"name\":\"Enfermagem realiza XXIV Mostra de Aten\u00e7\u00e3o Hospitalar e XXVI Mostra de Aten\u00e7\u00e3o B\u00e1sica\"}]},{\"@type\":\"WebSite\",\"@id\":\"https:\/\/unifsa.com.br\/site\/#website\",\"url\":\"https:\/\/unifsa.com.br\/site\/\",\"name\":\"Centro Universit\u00e1rio Santo Agostinho - UNIFSA\",\"description\":\"Conhecimento para toda a vida\",\"publisher\":{\"@id\":\"https:\/\/unifsa.com.br\/site\/#organization\"},\"potentialAction\":[{\"@type\":\"SearchAction\",\"target\":{\"@type\":\"EntryPoint\",\"urlTemplate\":\"https:\/\/unifsa.com.br\/site\/?s={search_term_string}\"},\"query-input\":{\"@type\":\"PropertyValueSpecification\",\"valueRequired\":true,\"valueName\":\"search_term_string\"}}],\"inLanguage\":\"pt-BR\"},{\"@type\":\"Organization\",\"@id\":\"https:\/\/unifsa.com.br\/site\/#organization\",\"name\":\"Centro Universit\u00e1rio Santo Agostinho - UNIFSA\",\"url\":\"https:\/\/unifsa.com.br\/site\/\",\"logo\":{\"@type\":\"ImageObject\",\"inLanguage\":\"pt-BR\",\"@id\":\"https:\/\/unifsa.com.br\/site\/#\/schema\/logo\/image\/\",\"url\":\"https:\/\/unifsa.com.br\/site\/wp-content\/uploads\/2023\/03\/MARCA-UNIFSA-CIC23-q2apjs1mt975cf1wl25b044coj90fwoiee1kya6800.png\",\"contentUrl\":\"https:\/\/unifsa.com.br\/site\/wp-content\/uploads\/2023\/03\/MARCA-UNIFSA-CIC23-q2apjs1mt975cf1wl25b044coj90fwoiee1kya6800.png\",\"width\":103,\"height\":100,\"caption\":\"Centro Universit\u00e1rio Santo Agostinho - UNIFSA\"},\"image\":{\"@id\":\"https:\/\/unifsa.com.br\/site\/#\/schema\/logo\/image\/\"},\"sameAs\":[\"https:\/\/www.facebook.com\/unifsa\/\",\"https:\/\/www.instagram.com\/unifsa\/\"]},{\"@type\":\"Person\",\"@id\":\"https:\/\/unifsa.com.br\/site\/#\/schema\/person\/a4cec94bbc6ddf98f579162824de9bf2\",\"name\":\"Oceannyra Kelly da Cruz Silva\",\"image\":{\"@type\":\"ImageObject\",\"inLanguage\":\"pt-BR\",\"@id\":\"https:\/\/unifsa.com.br\/site\/#\/schema\/person\/image\/\",\"url\":\"https:\/\/secure.gravatar.com\/avatar\/05c87cd6fa2c3c73262055bd9341438a47e77a37053b409b3cf4f8df60ea8eb8?s=96&d=mm&r=g\",\"contentUrl\":\"https:\/\/secure.gravatar.com\/avatar\/05c87cd6fa2c3c73262055bd9341438a47e77a37053b409b3cf4f8df60ea8eb8?s=96&d=mm&r=g\",\"caption\":\"Oceannyra Kelly da Cruz Silva\"},\"url\":\"https:\/\/unifsa.com.br\/site\/author\/oceannyrakelly\/\"}]}<\/script>\n<!-- \/ Yoast SEO plugin. -->","yoast_head_json":{"title":"Enfermagem realiza XXIV Mostra de Aten\u00e7\u00e3o Hospitalar e XXVI Mostra de Aten\u00e7\u00e3o B\u00e1sica - Centro Universit\u00e1rio Santo Agostinho - UNIFSA","robots":{"index":"index","follow":"follow","max-snippet":"max-snippet:-1","max-image-preview":"max-image-preview:large","max-video-preview":"max-video-preview:-1"},"canonical":"https:\/\/unifsa.com.br\/site\/enfermagem-realiza-xxiv-mostra-de-atencao-hospitalar-e-xxvi-mostra-de-atencao-basica\/","og_locale":"pt_BR","og_type":"article","og_title":"Enfermagem realiza XXIV Mostra de Aten\u00e7\u00e3o Hospitalar e XXVI Mostra de Aten\u00e7\u00e3o B\u00e1sica - Centro Universit\u00e1rio Santo Agostinho - UNIFSA","og_description":"O Centro Universit\u00e1rio Santo Agostinho, por meio do curso de Enfermagem, realiza, nos dias 22 e 23 de junho, a XXIV Mostra de Aten\u00e7\u00e3o Hospitalar e a XXVI Mostra de Aten\u00e7\u00e3o B\u00e1sica, no Audit\u00f3rio Audit\u00f3rio Manoel Cipriano Lira &#8211; Sede. O evento \u00e9 destinado aos alunos do UNIFSA e possui carga hor\u00e1ria de 20h. Esse","og_url":"https:\/\/unifsa.com.br\/site\/enfermagem-realiza-xxiv-mostra-de-atencao-hospitalar-e-xxvi-mostra-de-atencao-basica\/","og_site_name":"Centro Universit\u00e1rio Santo Agostinho - UNIFSA","article_publisher":"https:\/\/www.facebook.com\/unifsa\/","article_published_time":"2023-06-19T19:54:36+00:00","article_modified_time":"2023-06-19T20:04:22+00:00","og_image":[{"width":1920,"height":805,"url":"https:\/\/unifsa.com.br\/site\/wp-content\/uploads\/2023\/06\/mostra-.png","type":"image\/png"}],"author":"Oceannyra Kelly da Cruz Silva","twitter_card":"summary_large_image","twitter_misc":{"Escrito por":"Oceannyra Kelly da Cruz Silva","Est. tempo de leitura":"3 minutos"},"schema":{"@context":"https:\/\/schema.org","@graph":[{"@type":"Article","@id":"https:\/\/unifsa.com.br\/site\/enfermagem-realiza-xxiv-mostra-de-atencao-hospitalar-e-xxvi-mostra-de-atencao-basica\/#article","isPartOf":{"@id":"https:\/\/unifsa.com.br\/site\/enfermagem-realiza-xxiv-mostra-de-atencao-hospitalar-e-xxvi-mostra-de-atencao-basica\/"},"author":{"name":"Oceannyra Kelly da Cruz Silva","@id":"https:\/\/unifsa.com.br\/site\/#\/schema\/person\/a4cec94bbc6ddf98f579162824de9bf2"},"headline":"Enfermagem realiza XXIV Mostra de Aten\u00e7\u00e3o Hospitalar e XXVI Mostra de Aten\u00e7\u00e3o B\u00e1sica","datePublished":"2023-06-19T19:54:36+00:00","dateModified":"2023-06-19T20:04:22+00:00","mainEntityOfPage":{"@id":"https:\/\/unifsa.com.br\/site\/enfermagem-realiza-xxiv-mostra-de-atencao-hospitalar-e-xxvi-mostra-de-atencao-basica\/"},"wordCount":435,"publisher":{"@id":"https:\/\/unifsa.com.br\/site\/#organization"},"image":{"@id":"https:\/\/unifsa.com.br\/site\/enfermagem-realiza-xxiv-mostra-de-atencao-hospitalar-e-xxvi-mostra-de-atencao-basica\/#primaryimage"},"thumbnailUrl":"https:\/\/unifsa.com.br\/site\/wp-content\/uploads\/2023\/06\/mostra-.png","keywords":["Enfermagem","Mostra de Aten\u00e7\u00e3o B\u00e1sica","Mostra de Aten\u00e7\u00e3o Hospitalar"],"articleSection":["Acontece na UNIFSA","Enfermagem"],"inLanguage":"pt-BR"},{"@type":"WebPage","@id":"https:\/\/unifsa.com.br\/site\/enfermagem-realiza-xxiv-mostra-de-atencao-hospitalar-e-xxvi-mostra-de-atencao-basica\/","url":"https:\/\/unifsa.com.br\/site\/enfermagem-realiza-xxiv-mostra-de-atencao-hospitalar-e-xxvi-mostra-de-atencao-basica\/","name":"Enfermagem realiza XXIV Mostra de Aten\u00e7\u00e3o Hospitalar e XXVI Mostra de Aten\u00e7\u00e3o B\u00e1sica - Centro Universit\u00e1rio Santo Agostinho - UNIFSA","isPartOf":{"@id":"https:\/\/unifsa.com.br\/site\/#website"},"primaryImageOfPage":{"@id":"https:\/\/unifsa.com.br\/site\/enfermagem-realiza-xxiv-mostra-de-atencao-hospitalar-e-xxvi-mostra-de-atencao-basica\/#primaryimage"},"image":{"@id":"https:\/\/unifsa.com.br\/site\/enfermagem-realiza-xxiv-mostra-de-atencao-hospitalar-e-xxvi-mostra-de-atencao-basica\/#primaryimage"},"thumbnailUrl":"https:\/\/unifsa.com.br\/site\/wp-content\/uploads\/2023\/06\/mostra-.png","datePublished":"2023-06-19T19:54:36+00:00","dateModified":"2023-06-19T20:04:22+00:00","breadcrumb":{"@id":"https:\/\/unifsa.com.br\/site\/enfermagem-realiza-xxiv-mostra-de-atencao-hospitalar-e-xxvi-mostra-de-atencao-basica\/#breadcrumb"},"inLanguage":"pt-BR","potentialAction":[{"@type":"ReadAction","target":["https:\/\/unifsa.com.br\/site\/enfermagem-realiza-xxiv-mostra-de-atencao-hospitalar-e-xxvi-mostra-de-atencao-basica\/"]}]},{"@type":"ImageObject","inLanguage":"pt-BR","@id":"https:\/\/unifsa.com.br\/site\/enfermagem-realiza-xxiv-mostra-de-atencao-hospitalar-e-xxvi-mostra-de-atencao-basica\/#primaryimage","url":"https:\/\/unifsa.com.br\/site\/wp-content\/uploads\/2023\/06\/mostra-.png","contentUrl":"https:\/\/unifsa.com.br\/site\/wp-content\/uploads\/2023\/06\/mostra-.png","width":1920,"height":805},{"@type":"BreadcrumbList","@id":"https:\/\/unifsa.com.br\/site\/enfermagem-realiza-xxiv-mostra-de-atencao-hospitalar-e-xxvi-mostra-de-atencao-basica\/#breadcrumb","itemListElement":[{"@type":"ListItem","position":1,"name":"In\u00edcio","item":"https:\/\/unifsa.com.br\/site\/"},{"@type":"ListItem","position":2,"name":"Enfermagem realiza XXIV Mostra de Aten\u00e7\u00e3o Hospitalar e XXVI Mostra de Aten\u00e7\u00e3o B\u00e1sica"}]},{"@type":"WebSite","@id":"https:\/\/unifsa.com.br\/site\/#website","url":"https:\/\/unifsa.com.br\/site\/","name":"Centro Universit\u00e1rio Santo Agostinho - UNIFSA","description":"Conhecimento para toda a vida","publisher":{"@id":"https:\/\/unifsa.com.br\/site\/#organization"},"potentialAction":[{"@type":"SearchAction","target":{"@type":"EntryPoint","urlTemplate":"https:\/\/unifsa.com.br\/site\/?s={search_term_string}"},"query-input":{"@type":"PropertyValueSpecification","valueRequired":true,"valueName":"search_term_string"}}],"inLanguage":"pt-BR"},{"@type":"Organization","@id":"https:\/\/unifsa.com.br\/site\/#organization","name":"Centro Universit\u00e1rio Santo Agostinho - UNIFSA","url":"https:\/\/unifsa.com.br\/site\/","logo":{"@type":"ImageObject","inLanguage":"pt-BR","@id":"https:\/\/unifsa.com.br\/site\/#\/schema\/logo\/image\/","url":"https:\/\/unifsa.com.br\/site\/wp-content\/uploads\/2023\/03\/MARCA-UNIFSA-CIC23-q2apjs1mt975cf1wl25b044coj90fwoiee1kya6800.png","contentUrl":"https:\/\/unifsa.com.br\/site\/wp-content\/uploads\/2023\/03\/MARCA-UNIFSA-CIC23-q2apjs1mt975cf1wl25b044coj90fwoiee1kya6800.png","width":103,"height":100,"caption":"Centro Universit\u00e1rio Santo Agostinho - UNIFSA"},"image":{"@id":"https:\/\/unifsa.com.br\/site\/#\/schema\/logo\/image\/"},"sameAs":["https:\/\/www.facebook.com\/unifsa\/","https:\/\/www.instagram.com\/unifsa\/"]},{"@type":"Person","@id":"https:\/\/unifsa.com.br\/site\/#\/schema\/person\/a4cec94bbc6ddf98f579162824de9bf2","name":"Oceannyra Kelly da Cruz Silva","image":{"@type":"ImageObject","inLanguage":"pt-BR","@id":"https:\/\/unifsa.com.br\/site\/#\/schema\/person\/image\/","url":"https:\/\/secure.gravatar.com\/avatar\/05c87cd6fa2c3c73262055bd9341438a47e77a37053b409b3cf4f8df60ea8eb8?s=96&d=mm&r=g","contentUrl":"https:\/\/secure.gravatar.com\/avatar\/05c87cd6fa2c3c73262055bd9341438a47e77a37053b409b3cf4f8df60ea8eb8?s=96&d=mm&r=g","caption":"Oceannyra Kelly da Cruz Silva"},"url":"https:\/\/unifsa.com.br\/site\/author\/oceannyrakelly\/"}]}},"_links":{"self":[{"href":"https:\/\/unifsa.com.br\/site\/wp-json\/wp\/v2\/posts\/22848","targetHints":{"allow":["GET"]}}],"collection":[{"href":"https:\/\/unifsa.com.br\/site\/wp-json\/wp\/v2\/posts"}],"about":[{"href":"https:\/\/unifsa.com.br\/site\/wp-json\/wp\/v2\/types\/post"}],"author":[{"embeddable":true,"href":"https:\/\/unifsa.com.br\/site\/wp-json\/wp\/v2\/users\/11"}],"replies":[{"embeddable":true,"href":"https:\/\/unifsa.com.br\/site\/wp-json\/wp\/v2\/comments?post=22848"}],"version-history":[{"count":3,"href":"https:\/\/unifsa.com.br\/site\/wp-json\/wp\/v2\/posts\/22848\/revisions"}],"predecessor-version":[{"id":22863,"href":"https:\/\/unifsa.com.br\/site\/wp-json\/wp\/v2\/posts\/22848\/revisions\/22863"}],"wp:featuredmedia":[{"embeddable":true,"href":"https:\/\/unifsa.com.br\/site\/wp-json\/wp\/v2\/media\/22861"}],"wp:attachment":[{"href":"https:\/\/unifsa.com.br\/site\/wp-json\/wp\/v2\/media?parent=22848"}],"wp:term":[{"taxonomy":"category","embeddable":true,"href":"https:\/\/unifsa.com.br\/site\/wp-json\/wp\/v2\/categories?post=22848"},{"taxonomy":"post_tag","embeddable":true,"href":"https:\/\/unifsa.com.br\/site\/wp-json\/wp\/v2\/tags?post=22848"}],"curies":[{"name":"wp","href":"https:\/\/api.w.org\/{rel}","templated":true}]}}