{"id":22696,"date":"2023-06-19T14:49:06","date_gmt":"2023-06-19T17:49:06","guid":{"rendered":"https:\/\/unifsa.com.br\/site\/?p=22696"},"modified":"2023-06-19T14:49:09","modified_gmt":"2023-06-19T17:49:09","slug":"xxxi-encontro-pedagogico-do-unifsa-acontece-em-junho","status":"publish","type":"post","link":"https:\/\/unifsa.com.br\/site\/xxxi-encontro-pedagogico-do-unifsa-acontece-em-junho\/","title":{"rendered":"XXXI Encontro Pedag\u00f3gico do UNIFSA acontece em junho"},"content":{"rendered":"\n<p class=\"texto-justificado\">O XXXI Encontro Pedag\u00f3gico do Centro Universit\u00e1rio Santo Agostinho j\u00e1 est\u00e1 com data marcada. O momento de forma\u00e7\u00e3o interna acontece de 27 a 30 de junho, nos pr\u00e9dios sede e anexo II, e vem com o tema geral <strong>Intelig\u00eancia Artificial e Intelig\u00eancia Emocional no Ensino Superior<\/strong>. <\/p>\n\n\n\n<div class=\"wp-block-buttons is-content-justification-center is-layout-flex wp-container-core-buttons-is-layout-16018d1d wp-block-buttons-is-layout-flex\">\n<div class=\"wp-block-button\"><a class=\"wp-block-button__link has-white-color has-vivid-cyan-blue-background-color has-text-color has-background wp-element-button\" href=\"https:\/\/www.sympla.com.br\/evento\/31-encontro-pedagogico-unifsa\/2038910?_gl=1*1lm3oq1*_ga*NDQ1MTMzNjM2LjE2NjMxNjA1NzQ.*_ga_KXH10SQTZF*MTY4NzE5NjQyMi4xMzIuMS4xNjg3MTk2NDMwLjAuMC4w\">Inscreva-se<\/a><\/div>\n<\/div>\n\n\n\n<p class=\"texto-justificado\">Segundo o diretor de Ensino do UNIFSA, Prof. Dr. Edjofre Coelho, essa pr\u00f3xima edi\u00e7\u00e3o do Encontro Pedag\u00f3gico abordar\u00e1 duas quest\u00f5es de extrema relev\u00e2ncia para discuss\u00e3o no ambiente acad\u00eamico: a rela\u00e7\u00e3o entre intelig\u00eancia emocional e intelig\u00eancia artificial.<\/p>\n\n\n\n<blockquote class=\"wp-block-quote is-layout-flow wp-block-quote-is-layout-flow\">\n<p class=\"texto-justificado\">Muito tem-se falado sobre essas duas tem\u00e1ticas e, mais uma vez de forma inovadora, o UNIFSA aproxima os docentes a conte\u00fados presentes do cotidiano acad\u00eamico e de necess\u00e1rio trato e abordagem. Refletir sobre a pr\u00e1tica pedag\u00f3gica \u00e9 fun\u00e7\u00e3o indispens\u00e1vel da ser docente.<\/p>\n<cite>Prof. Dr. Edjofre Oliveira, Diretor de Ensino do UNIFSA<\/cite><\/blockquote>\n\n\n\n<p class=\"texto-justificado\">Durante os quatro dias de evento, os professores e coordenadores do UNIFSA participar\u00e3o de palestras, oficinas e mesas redondas sobre o tema central, al\u00e9m de um almo\u00e7o junino no primeiro dia de programa\u00e7\u00e3o.<\/p>\n\n\n\n<h2 class=\"wp-block-heading texto-justificado has-vivid-cyan-blue-color has-text-color\">PROGRAMA\u00c7\u00c3O<\/h2>\n\n\n\n<h3 class=\"wp-block-heading texto-justificado has-vivid-cyan-blue-color has-text-color\"><strong>27 de junho de 2023 (ter\u00e7a-feira)<\/strong><\/h3>\n\n\n\n<p><strong>9h \u2013 Abertura do Encontro<\/strong><\/p>\n\n\n\n<p class=\"texto-justificado has-vivid-cyan-blue-color has-text-color\">&#8211; Antonieta Lira e Silva \u2013 Reitora<br>&#8211; Indira Maria de Melo Lira Pereira da Silva \u2013 Pr\u00f3-Reitora Administrativo-Financeira<br>&#8211; Edj\u00f4fre Coelho de Oliveira \u2013 Diretor de Ensino<\/p>\n\n\n\n<p class=\"texto-justificado\"><strong>9h30 \u2013 Mesa de abertura: Intelig\u00eancia artificial e intelig\u00eancia emocional no ensino superior.<\/strong><\/p>\n\n\n\n<p class=\"texto-justificado has-vivid-cyan-blue-color has-text-color\">Palestra 1: Entre gigas e bytes: a intelig\u00eancia artificial no ensino superior.<br>Palestrante: Prof. Dr. Andr\u00e9 Macedo<\/p>\n\n\n\n<p class=\"texto-justificado has-vivid-cyan-blue-color has-text-color\">Palestra 2: Entre afetos e emo\u00e7\u00f5es: a intelig\u00eancia emocional no ensino superior.<br>Palestrante: Prof. Dr. Edj\u00f4fre Coelho de Oliveira<\/p>\n\n\n\n<p class=\"texto-justificado has-vivid-cyan-blue-color has-text-color\">Local: Audit\u00f3rio Cl\u00f3vis Melo<br>P\u00fablico-alvo: Professores do UNIFSA<\/p>\n\n\n\n<p><strong>12h \u2013 Almo\u00e7o junino<\/strong><\/p>\n\n\n\n<p class=\"texto-justificado has-vivid-cyan-blue-color has-text-color\">Local: Espa\u00e7o de conviv\u00eancia Anexo 2<\/p>\n\n\n\n<h3 class=\"wp-block-heading has-vivid-cyan-blue-color has-text-color\"><strong>28 de junho de 2023 (quarta-feira)<\/strong><\/h3>\n\n\n\n<p class=\"texto-justificado\"><strong>8h30 \u2013 UNIFSA Conceito M\u00e1ximo no MEC: as pol\u00edticas institucionais em evid\u00eancia.<\/strong><\/p>\n\n\n\n<p class=\"texto-justificado has-vivid-cyan-blue-color has-text-color\">&#8211; Momento NIP \u2013 Prof. Dr. Alisson Dias Gomes<br>&#8211; Momento EaD \u2013 Profa. Dra. Eldelita \u00c1guida Porf\u00edrio Franco<br>&#8211; Momento P\u00f3s \u2013 Profa. Dra. Izabel H\u00e9rika Gomes Mathias Cronemberger<br>&#8211; Momento AEE \u2013 Profa. Ma. J\u00e9ssica Soares Silva<br>&#8211; Momento NUAPE \u2013 Prof. Dr. Edj\u00f4fre Coelho de Oliveira<\/p>\n\n\n\n<p class=\"texto-justificado has-vivid-cyan-blue-color has-text-color\">Local: Audit\u00f3rio Cl\u00f3vis Melo<br>P\u00fablico-alvo: Professores do UNIFSA<\/p>\n\n\n\n<p class=\"texto-justificado\"><strong>10h \u2013 UNIFSA conceito M\u00e1ximo no MEC: os resultados da Comiss\u00e3o Pr\u00f3pria de Avalia\u00e7\u00e3o<\/strong><\/p>\n\n\n\n<p class=\"texto-justificado has-vivid-cyan-blue-color has-text-color\">Ministrante: Profa. Ma. Antonieta Lira e Silva e Profa. Ma. M\u00f4nica Maria Fialho Alcantara<br>Local: Audit\u00f3rio Cl\u00f3vis Melo<br>P\u00fablico-alvo: Professores do UNIFSA<\/p>\n\n\n\n<p class=\"texto-justificado\"><strong>14h \u00e0s 17h \u2013 Minicurso 1 \u2013 Metodologias de Avalia\u00e7\u00e3o de Aprendizagem: olhares, percep\u00e7\u00f5es e desafios do professor universit\u00e1rio.<\/strong><\/p>\n\n\n\n<p class=\"texto-justificado has-vivid-cyan-blue-color has-text-color\">Ministrante: Profa. Dra. Ana Maria da Mata Almeida<br>Local: Sala de confer\u00eancia \u2013 anexo 2<br>P\u00fablico-alvo: Professores do UNIFSA (100 vagas)<\/p>\n\n\n\n<h3 class=\"wp-block-heading texto-justificado has-vivid-cyan-blue-color has-text-color\"><strong>29 de junho de 2023 (quinta-feira)<\/strong><\/h3>\n\n\n\n<p class=\"texto-justificado\"><strong>9h \u00e0s 12h \u2013 Minicurso 2 \u2013 Metodologias inovadoras: pr\u00e1ticas pedag\u00f3gicas ativas em ambientes de aprendizagem.<\/strong><\/p>\n\n\n\n<p class=\"texto-justificado has-vivid-cyan-blue-color has-text-color\">Ministrantes: Profa. Ma. Francisca Carla Silva de Melo Pereira e Profa. Esp. Francisca das Chagas Pereira de Sousa<br>Local: Sala de confer\u00eancia \u2013 anexo 2<br>P\u00fablico-alvo: Professores do UNIFSA (100 vagas)<\/p>\n\n\n\n<p class=\"texto-justificado\"><strong>14h \u00e0s 17h \u2013 Minicurso 3 \u2013 Os caminhos da gest\u00e3o acad\u00eamica no UNIFSA<\/strong><\/p>\n\n\n\n<p class=\"texto-justificado has-vivid-cyan-blue-color has-text-color\">Ministrantes: Profa. Ma. Antonieta Lira e Silva e Prof. Dr. Edj\u00f4fre Coelho de Oliveira<br>Local: Sala de inova\u00e7\u00e3o \u2013 sede<br>P\u00fablico-alvo: Coordenadores de cursos de gradua\u00e7\u00e3o<\/p>\n\n\n\n<p class=\"texto-justificado\"><strong>18h \u00e0s 21h \u2013 Minicurso 4 \u2013 Juntos e misturados, ser\u00e1 se funciona? A interdisciplinaridade como princ\u00edpio pedag\u00f3gico no UNIFSA.<\/strong><\/p>\n\n\n\n<p class=\"texto-justificado has-vivid-cyan-blue-color has-text-color\">Ministrantes: Profa. Esp. Regina Maria Bomfim<br>Local: Sala de confer\u00eancia \u2013 anexo 2<br>P\u00fablico-alvo: Professores do UNIFSA (100 vagas)<\/p>\n\n\n\n<h3 class=\"wp-block-heading has-vivid-cyan-blue-color has-text-color\"><strong>30 de junho de 2023 (sexta-feira)<\/strong><\/h3>\n\n\n\n<p class=\"texto-justificado\"><strong>8h \u00e0s 9h \u2013 Oficina 1: Laborat\u00f3rios Algetec e Imercys<\/strong><\/p>\n\n\n\n<p class=\"texto-justificado has-vivid-cyan-blue-color has-text-color\">Ministrante: Profa. Dra. Eldelita \u00c1guida Porf\u00edrio Franco<br>Local: Laborat\u00f3rio de inform\u00e1tica \u2013 anexo 2<br>P\u00fablico-alvo: Professores da \u00e1rea da Sa\u00fade<\/p>\n\n\n\n<p class=\"texto-justificado\"><strong>9h \u00e0s 10h \u2013 Oficina 2: Laborat\u00f3rios Algetec e Imercys<\/strong><\/p>\n\n\n\n<p class=\"texto-justificado has-vivid-cyan-blue-color has-text-color\">Ministrante: Profa. Dra. Eldelita \u00c1guida Porf\u00edrio Franco<br>Local: Laborat\u00f3rio de inform\u00e1tica \u2013 anexo 2<br>P\u00fablico-alvo: Professores das \u00e1reas de Humanas, Exatas e Sociais.<\/p>\n\n\n\n<p class=\"texto-justificado\"><strong>10h \u00e0s 12h \u2013 Oficina 3: Apresenta\u00e7\u00f5es did\u00e1ticas no CANVA: inovando na sala de aula.<\/strong><\/p>\n\n\n\n<p class=\"texto-justificado has-vivid-cyan-blue-color has-text-color\">Ministrante: La\u00eds Barradas e equipe NUCOM<br>Local: Laborat\u00f3rio de inform\u00e1tica \u2013 anexo 2<br>P\u00fablico-alvo: Professores do UNIFSA<\/p>\n","protected":false},"excerpt":{"rendered":"<p>O XXXI Encontro Pedag\u00f3gico do Centro Universit\u00e1rio Santo Agostinho j\u00e1 est\u00e1 com data marcada. O momento de forma\u00e7\u00e3o interna acontece de 27 a 30 de junho, nos pr\u00e9dios sede e anexo II, e vem com o tema geral Intelig\u00eancia Artificial e Intelig\u00eancia Emocional no Ensino Superior. Segundo o diretor de Ensino do UNIFSA, Prof. Dr.<\/p>\n","protected":false},"author":11,"featured_media":22846,"comment_status":"closed","ping_status":"open","sticky":false,"template":"","format":"standard","meta":{"_acf_changed":false,"footnotes":""},"categories":[6],"tags":[503,196,1226,275],"class_list":["post-22696","post","type-post","status-publish","format-standard","has-post-thumbnail","hentry","category-acontece-na-unifsa","tag-docentes","tag-encontro-pedagogico","tag-inteligencia-artificial","tag-inteligencia-emocional"],"acf":[],"yoast_head":"<!-- This site is optimized with the Yoast SEO plugin v26.5 - https:\/\/yoast.com\/wordpress\/plugins\/seo\/ -->\n<title>XXXI Encontro Pedag\u00f3gico do UNIFSA acontece em junho - Centro Universit\u00e1rio Santo Agostinho - UNIFSA<\/title>\n<meta name=\"robots\" content=\"index, follow, max-snippet:-1, max-image-preview:large, max-video-preview:-1\" \/>\n<link rel=\"canonical\" href=\"https:\/\/unifsa.com.br\/site\/xxxi-encontro-pedagogico-do-unifsa-acontece-em-junho\/\" \/>\n<meta property=\"og:locale\" content=\"pt_BR\" \/>\n<meta property=\"og:type\" content=\"article\" \/>\n<meta property=\"og:title\" content=\"XXXI Encontro Pedag\u00f3gico do UNIFSA acontece em junho - Centro Universit\u00e1rio Santo Agostinho - UNIFSA\" \/>\n<meta property=\"og:description\" content=\"O XXXI Encontro Pedag\u00f3gico do Centro Universit\u00e1rio Santo Agostinho j\u00e1 est\u00e1 com data marcada. O momento de forma\u00e7\u00e3o interna acontece de 27 a 30 de junho, nos pr\u00e9dios sede e anexo II, e vem com o tema geral Intelig\u00eancia Artificial e Intelig\u00eancia Emocional no Ensino Superior. Segundo o diretor de Ensino do UNIFSA, Prof. Dr.\" \/>\n<meta property=\"og:url\" content=\"https:\/\/unifsa.com.br\/site\/xxxi-encontro-pedagogico-do-unifsa-acontece-em-junho\/\" \/>\n<meta property=\"og:site_name\" content=\"Centro Universit\u00e1rio Santo Agostinho - UNIFSA\" \/>\n<meta property=\"article:publisher\" content=\"https:\/\/www.facebook.com\/unifsa\/\" \/>\n<meta property=\"article:published_time\" content=\"2023-06-19T17:49:06+00:00\" \/>\n<meta property=\"article:modified_time\" content=\"2023-06-19T17:49:09+00:00\" \/>\n<meta property=\"og:image\" content=\"https:\/\/unifsa.com.br\/site\/wp-content\/uploads\/2023\/06\/encontro-pedagogico.jpg\" \/>\n\t<meta property=\"og:image:width\" content=\"1920\" \/>\n\t<meta property=\"og:image:height\" content=\"805\" \/>\n\t<meta property=\"og:image:type\" content=\"image\/jpeg\" \/>\n<meta name=\"author\" content=\"Oceannyra Kelly da Cruz Silva\" \/>\n<meta name=\"twitter:card\" content=\"summary_large_image\" \/>\n<meta name=\"twitter:label1\" content=\"Escrito por\" \/>\n\t<meta name=\"twitter:data1\" content=\"Oceannyra Kelly da Cruz Silva\" \/>\n\t<meta name=\"twitter:label2\" content=\"Est. tempo de leitura\" \/>\n\t<meta name=\"twitter:data2\" content=\"4 minutos\" \/>\n<script type=\"application\/ld+json\" class=\"yoast-schema-graph\">{\"@context\":\"https:\/\/schema.org\",\"@graph\":[{\"@type\":\"Article\",\"@id\":\"https:\/\/unifsa.com.br\/site\/xxxi-encontro-pedagogico-do-unifsa-acontece-em-junho\/#article\",\"isPartOf\":{\"@id\":\"https:\/\/unifsa.com.br\/site\/xxxi-encontro-pedagogico-do-unifsa-acontece-em-junho\/\"},\"author\":{\"name\":\"Oceannyra Kelly da Cruz Silva\",\"@id\":\"https:\/\/unifsa.com.br\/site\/#\/schema\/person\/a4cec94bbc6ddf98f579162824de9bf2\"},\"headline\":\"XXXI Encontro Pedag\u00f3gico do UNIFSA acontece em junho\",\"datePublished\":\"2023-06-19T17:49:06+00:00\",\"dateModified\":\"2023-06-19T17:49:09+00:00\",\"mainEntityOfPage\":{\"@id\":\"https:\/\/unifsa.com.br\/site\/xxxi-encontro-pedagogico-do-unifsa-acontece-em-junho\/\"},\"wordCount\":687,\"publisher\":{\"@id\":\"https:\/\/unifsa.com.br\/site\/#organization\"},\"image\":{\"@id\":\"https:\/\/unifsa.com.br\/site\/xxxi-encontro-pedagogico-do-unifsa-acontece-em-junho\/#primaryimage\"},\"thumbnailUrl\":\"https:\/\/unifsa.com.br\/site\/wp-content\/uploads\/2023\/06\/encontro-pedagogico.jpg\",\"keywords\":[\"docentes\",\"Encontro Pedag\u00f3gico\",\"Intelig\u00eancia Artificial\",\"Intelig\u00eancia Emocional\"],\"articleSection\":[\"Acontece na UNIFSA\"],\"inLanguage\":\"pt-BR\"},{\"@type\":\"WebPage\",\"@id\":\"https:\/\/unifsa.com.br\/site\/xxxi-encontro-pedagogico-do-unifsa-acontece-em-junho\/\",\"url\":\"https:\/\/unifsa.com.br\/site\/xxxi-encontro-pedagogico-do-unifsa-acontece-em-junho\/\",\"name\":\"XXXI Encontro Pedag\u00f3gico do UNIFSA acontece em junho - Centro Universit\u00e1rio Santo Agostinho - UNIFSA\",\"isPartOf\":{\"@id\":\"https:\/\/unifsa.com.br\/site\/#website\"},\"primaryImageOfPage\":{\"@id\":\"https:\/\/unifsa.com.br\/site\/xxxi-encontro-pedagogico-do-unifsa-acontece-em-junho\/#primaryimage\"},\"image\":{\"@id\":\"https:\/\/unifsa.com.br\/site\/xxxi-encontro-pedagogico-do-unifsa-acontece-em-junho\/#primaryimage\"},\"thumbnailUrl\":\"https:\/\/unifsa.com.br\/site\/wp-content\/uploads\/2023\/06\/encontro-pedagogico.jpg\",\"datePublished\":\"2023-06-19T17:49:06+00:00\",\"dateModified\":\"2023-06-19T17:49:09+00:00\",\"breadcrumb\":{\"@id\":\"https:\/\/unifsa.com.br\/site\/xxxi-encontro-pedagogico-do-unifsa-acontece-em-junho\/#breadcrumb\"},\"inLanguage\":\"pt-BR\",\"potentialAction\":[{\"@type\":\"ReadAction\",\"target\":[\"https:\/\/unifsa.com.br\/site\/xxxi-encontro-pedagogico-do-unifsa-acontece-em-junho\/\"]}]},{\"@type\":\"ImageObject\",\"inLanguage\":\"pt-BR\",\"@id\":\"https:\/\/unifsa.com.br\/site\/xxxi-encontro-pedagogico-do-unifsa-acontece-em-junho\/#primaryimage\",\"url\":\"https:\/\/unifsa.com.br\/site\/wp-content\/uploads\/2023\/06\/encontro-pedagogico.jpg\",\"contentUrl\":\"https:\/\/unifsa.com.br\/site\/wp-content\/uploads\/2023\/06\/encontro-pedagogico.jpg\",\"width\":1920,\"height\":805},{\"@type\":\"BreadcrumbList\",\"@id\":\"https:\/\/unifsa.com.br\/site\/xxxi-encontro-pedagogico-do-unifsa-acontece-em-junho\/#breadcrumb\",\"itemListElement\":[{\"@type\":\"ListItem\",\"position\":1,\"name\":\"In\u00edcio\",\"item\":\"https:\/\/unifsa.com.br\/site\/\"},{\"@type\":\"ListItem\",\"position\":2,\"name\":\"XXXI Encontro Pedag\u00f3gico do UNIFSA acontece em junho\"}]},{\"@type\":\"WebSite\",\"@id\":\"https:\/\/unifsa.com.br\/site\/#website\",\"url\":\"https:\/\/unifsa.com.br\/site\/\",\"name\":\"Centro Universit\u00e1rio Santo Agostinho - UNIFSA\",\"description\":\"Conhecimento para toda a vida\",\"publisher\":{\"@id\":\"https:\/\/unifsa.com.br\/site\/#organization\"},\"potentialAction\":[{\"@type\":\"SearchAction\",\"target\":{\"@type\":\"EntryPoint\",\"urlTemplate\":\"https:\/\/unifsa.com.br\/site\/?s={search_term_string}\"},\"query-input\":{\"@type\":\"PropertyValueSpecification\",\"valueRequired\":true,\"valueName\":\"search_term_string\"}}],\"inLanguage\":\"pt-BR\"},{\"@type\":\"Organization\",\"@id\":\"https:\/\/unifsa.com.br\/site\/#organization\",\"name\":\"Centro Universit\u00e1rio Santo Agostinho - UNIFSA\",\"url\":\"https:\/\/unifsa.com.br\/site\/\",\"logo\":{\"@type\":\"ImageObject\",\"inLanguage\":\"pt-BR\",\"@id\":\"https:\/\/unifsa.com.br\/site\/#\/schema\/logo\/image\/\",\"url\":\"https:\/\/unifsa.com.br\/site\/wp-content\/uploads\/2023\/03\/MARCA-UNIFSA-CIC23-q2apjs1mt975cf1wl25b044coj90fwoiee1kya6800.png\",\"contentUrl\":\"https:\/\/unifsa.com.br\/site\/wp-content\/uploads\/2023\/03\/MARCA-UNIFSA-CIC23-q2apjs1mt975cf1wl25b044coj90fwoiee1kya6800.png\",\"width\":103,\"height\":100,\"caption\":\"Centro Universit\u00e1rio Santo Agostinho - UNIFSA\"},\"image\":{\"@id\":\"https:\/\/unifsa.com.br\/site\/#\/schema\/logo\/image\/\"},\"sameAs\":[\"https:\/\/www.facebook.com\/unifsa\/\",\"https:\/\/www.instagram.com\/unifsa\/\"]},{\"@type\":\"Person\",\"@id\":\"https:\/\/unifsa.com.br\/site\/#\/schema\/person\/a4cec94bbc6ddf98f579162824de9bf2\",\"name\":\"Oceannyra Kelly da Cruz Silva\",\"image\":{\"@type\":\"ImageObject\",\"inLanguage\":\"pt-BR\",\"@id\":\"https:\/\/unifsa.com.br\/site\/#\/schema\/person\/image\/\",\"url\":\"https:\/\/secure.gravatar.com\/avatar\/05c87cd6fa2c3c73262055bd9341438a47e77a37053b409b3cf4f8df60ea8eb8?s=96&d=mm&r=g\",\"contentUrl\":\"https:\/\/secure.gravatar.com\/avatar\/05c87cd6fa2c3c73262055bd9341438a47e77a37053b409b3cf4f8df60ea8eb8?s=96&d=mm&r=g\",\"caption\":\"Oceannyra Kelly da Cruz Silva\"},\"url\":\"https:\/\/unifsa.com.br\/site\/author\/oceannyrakelly\/\"}]}<\/script>\n<!-- \/ Yoast SEO plugin. -->","yoast_head_json":{"title":"XXXI Encontro Pedag\u00f3gico do UNIFSA acontece em junho - Centro Universit\u00e1rio Santo Agostinho - UNIFSA","robots":{"index":"index","follow":"follow","max-snippet":"max-snippet:-1","max-image-preview":"max-image-preview:large","max-video-preview":"max-video-preview:-1"},"canonical":"https:\/\/unifsa.com.br\/site\/xxxi-encontro-pedagogico-do-unifsa-acontece-em-junho\/","og_locale":"pt_BR","og_type":"article","og_title":"XXXI Encontro Pedag\u00f3gico do UNIFSA acontece em junho - Centro Universit\u00e1rio Santo Agostinho - UNIFSA","og_description":"O XXXI Encontro Pedag\u00f3gico do Centro Universit\u00e1rio Santo Agostinho j\u00e1 est\u00e1 com data marcada. O momento de forma\u00e7\u00e3o interna acontece de 27 a 30 de junho, nos pr\u00e9dios sede e anexo II, e vem com o tema geral Intelig\u00eancia Artificial e Intelig\u00eancia Emocional no Ensino Superior. Segundo o diretor de Ensino do UNIFSA, Prof. Dr.","og_url":"https:\/\/unifsa.com.br\/site\/xxxi-encontro-pedagogico-do-unifsa-acontece-em-junho\/","og_site_name":"Centro Universit\u00e1rio Santo Agostinho - UNIFSA","article_publisher":"https:\/\/www.facebook.com\/unifsa\/","article_published_time":"2023-06-19T17:49:06+00:00","article_modified_time":"2023-06-19T17:49:09+00:00","og_image":[{"width":1920,"height":805,"url":"https:\/\/unifsa.com.br\/site\/wp-content\/uploads\/2023\/06\/encontro-pedagogico.jpg","type":"image\/jpeg"}],"author":"Oceannyra Kelly da Cruz Silva","twitter_card":"summary_large_image","twitter_misc":{"Escrito por":"Oceannyra Kelly da Cruz Silva","Est. tempo de leitura":"4 minutos"},"schema":{"@context":"https:\/\/schema.org","@graph":[{"@type":"Article","@id":"https:\/\/unifsa.com.br\/site\/xxxi-encontro-pedagogico-do-unifsa-acontece-em-junho\/#article","isPartOf":{"@id":"https:\/\/unifsa.com.br\/site\/xxxi-encontro-pedagogico-do-unifsa-acontece-em-junho\/"},"author":{"name":"Oceannyra Kelly da Cruz Silva","@id":"https:\/\/unifsa.com.br\/site\/#\/schema\/person\/a4cec94bbc6ddf98f579162824de9bf2"},"headline":"XXXI Encontro Pedag\u00f3gico do UNIFSA acontece em junho","datePublished":"2023-06-19T17:49:06+00:00","dateModified":"2023-06-19T17:49:09+00:00","mainEntityOfPage":{"@id":"https:\/\/unifsa.com.br\/site\/xxxi-encontro-pedagogico-do-unifsa-acontece-em-junho\/"},"wordCount":687,"publisher":{"@id":"https:\/\/unifsa.com.br\/site\/#organization"},"image":{"@id":"https:\/\/unifsa.com.br\/site\/xxxi-encontro-pedagogico-do-unifsa-acontece-em-junho\/#primaryimage"},"thumbnailUrl":"https:\/\/unifsa.com.br\/site\/wp-content\/uploads\/2023\/06\/encontro-pedagogico.jpg","keywords":["docentes","Encontro Pedag\u00f3gico","Intelig\u00eancia Artificial","Intelig\u00eancia Emocional"],"articleSection":["Acontece na UNIFSA"],"inLanguage":"pt-BR"},{"@type":"WebPage","@id":"https:\/\/unifsa.com.br\/site\/xxxi-encontro-pedagogico-do-unifsa-acontece-em-junho\/","url":"https:\/\/unifsa.com.br\/site\/xxxi-encontro-pedagogico-do-unifsa-acontece-em-junho\/","name":"XXXI Encontro Pedag\u00f3gico do UNIFSA acontece em junho - Centro Universit\u00e1rio Santo Agostinho - UNIFSA","isPartOf":{"@id":"https:\/\/unifsa.com.br\/site\/#website"},"primaryImageOfPage":{"@id":"https:\/\/unifsa.com.br\/site\/xxxi-encontro-pedagogico-do-unifsa-acontece-em-junho\/#primaryimage"},"image":{"@id":"https:\/\/unifsa.com.br\/site\/xxxi-encontro-pedagogico-do-unifsa-acontece-em-junho\/#primaryimage"},"thumbnailUrl":"https:\/\/unifsa.com.br\/site\/wp-content\/uploads\/2023\/06\/encontro-pedagogico.jpg","datePublished":"2023-06-19T17:49:06+00:00","dateModified":"2023-06-19T17:49:09+00:00","breadcrumb":{"@id":"https:\/\/unifsa.com.br\/site\/xxxi-encontro-pedagogico-do-unifsa-acontece-em-junho\/#breadcrumb"},"inLanguage":"pt-BR","potentialAction":[{"@type":"ReadAction","target":["https:\/\/unifsa.com.br\/site\/xxxi-encontro-pedagogico-do-unifsa-acontece-em-junho\/"]}]},{"@type":"ImageObject","inLanguage":"pt-BR","@id":"https:\/\/unifsa.com.br\/site\/xxxi-encontro-pedagogico-do-unifsa-acontece-em-junho\/#primaryimage","url":"https:\/\/unifsa.com.br\/site\/wp-content\/uploads\/2023\/06\/encontro-pedagogico.jpg","contentUrl":"https:\/\/unifsa.com.br\/site\/wp-content\/uploads\/2023\/06\/encontro-pedagogico.jpg","width":1920,"height":805},{"@type":"BreadcrumbList","@id":"https:\/\/unifsa.com.br\/site\/xxxi-encontro-pedagogico-do-unifsa-acontece-em-junho\/#breadcrumb","itemListElement":[{"@type":"ListItem","position":1,"name":"In\u00edcio","item":"https:\/\/unifsa.com.br\/site\/"},{"@type":"ListItem","position":2,"name":"XXXI Encontro Pedag\u00f3gico do UNIFSA acontece em junho"}]},{"@type":"WebSite","@id":"https:\/\/unifsa.com.br\/site\/#website","url":"https:\/\/unifsa.com.br\/site\/","name":"Centro Universit\u00e1rio Santo Agostinho - UNIFSA","description":"Conhecimento para toda a vida","publisher":{"@id":"https:\/\/unifsa.com.br\/site\/#organization"},"potentialAction":[{"@type":"SearchAction","target":{"@type":"EntryPoint","urlTemplate":"https:\/\/unifsa.com.br\/site\/?s={search_term_string}"},"query-input":{"@type":"PropertyValueSpecification","valueRequired":true,"valueName":"search_term_string"}}],"inLanguage":"pt-BR"},{"@type":"Organization","@id":"https:\/\/unifsa.com.br\/site\/#organization","name":"Centro Universit\u00e1rio Santo Agostinho - UNIFSA","url":"https:\/\/unifsa.com.br\/site\/","logo":{"@type":"ImageObject","inLanguage":"pt-BR","@id":"https:\/\/unifsa.com.br\/site\/#\/schema\/logo\/image\/","url":"https:\/\/unifsa.com.br\/site\/wp-content\/uploads\/2023\/03\/MARCA-UNIFSA-CIC23-q2apjs1mt975cf1wl25b044coj90fwoiee1kya6800.png","contentUrl":"https:\/\/unifsa.com.br\/site\/wp-content\/uploads\/2023\/03\/MARCA-UNIFSA-CIC23-q2apjs1mt975cf1wl25b044coj90fwoiee1kya6800.png","width":103,"height":100,"caption":"Centro Universit\u00e1rio Santo Agostinho - UNIFSA"},"image":{"@id":"https:\/\/unifsa.com.br\/site\/#\/schema\/logo\/image\/"},"sameAs":["https:\/\/www.facebook.com\/unifsa\/","https:\/\/www.instagram.com\/unifsa\/"]},{"@type":"Person","@id":"https:\/\/unifsa.com.br\/site\/#\/schema\/person\/a4cec94bbc6ddf98f579162824de9bf2","name":"Oceannyra Kelly da Cruz Silva","image":{"@type":"ImageObject","inLanguage":"pt-BR","@id":"https:\/\/unifsa.com.br\/site\/#\/schema\/person\/image\/","url":"https:\/\/secure.gravatar.com\/avatar\/05c87cd6fa2c3c73262055bd9341438a47e77a37053b409b3cf4f8df60ea8eb8?s=96&d=mm&r=g","contentUrl":"https:\/\/secure.gravatar.com\/avatar\/05c87cd6fa2c3c73262055bd9341438a47e77a37053b409b3cf4f8df60ea8eb8?s=96&d=mm&r=g","caption":"Oceannyra Kelly da Cruz Silva"},"url":"https:\/\/unifsa.com.br\/site\/author\/oceannyrakelly\/"}]}},"_links":{"self":[{"href":"https:\/\/unifsa.com.br\/site\/wp-json\/wp\/v2\/posts\/22696","targetHints":{"allow":["GET"]}}],"collection":[{"href":"https:\/\/unifsa.com.br\/site\/wp-json\/wp\/v2\/posts"}],"about":[{"href":"https:\/\/unifsa.com.br\/site\/wp-json\/wp\/v2\/types\/post"}],"author":[{"embeddable":true,"href":"https:\/\/unifsa.com.br\/site\/wp-json\/wp\/v2\/users\/11"}],"replies":[{"embeddable":true,"href":"https:\/\/unifsa.com.br\/site\/wp-json\/wp\/v2\/comments?post=22696"}],"version-history":[{"count":5,"href":"https:\/\/unifsa.com.br\/site\/wp-json\/wp\/v2\/posts\/22696\/revisions"}],"predecessor-version":[{"id":22847,"href":"https:\/\/unifsa.com.br\/site\/wp-json\/wp\/v2\/posts\/22696\/revisions\/22847"}],"wp:featuredmedia":[{"embeddable":true,"href":"https:\/\/unifsa.com.br\/site\/wp-json\/wp\/v2\/media\/22846"}],"wp:attachment":[{"href":"https:\/\/unifsa.com.br\/site\/wp-json\/wp\/v2\/media?parent=22696"}],"wp:term":[{"taxonomy":"category","embeddable":true,"href":"https:\/\/unifsa.com.br\/site\/wp-json\/wp\/v2\/categories?post=22696"},{"taxonomy":"post_tag","embeddable":true,"href":"https:\/\/unifsa.com.br\/site\/wp-json\/wp\/v2\/tags?post=22696"}],"curies":[{"name":"wp","href":"https:\/\/api.w.org\/{rel}","templated":true}]}}