{"id":22622,"date":"2023-06-02T16:15:15","date_gmt":"2023-06-02T19:15:15","guid":{"rendered":"https:\/\/unifsa.com.br\/site\/?p=22622"},"modified":"2023-06-02T16:50:53","modified_gmt":"2023-06-02T19:50:53","slug":"iv-semana-de-engenharia-oferece-quatro-dias-de-muito-conhecimento","status":"publish","type":"post","link":"https:\/\/unifsa.com.br\/site\/iv-semana-de-engenharia-oferece-quatro-dias-de-muito-conhecimento\/","title":{"rendered":"IV Semana de Engenharia oferece quatro dias de muito conhecimento"},"content":{"rendered":"\n<p class=\"texto-justificado\"><strong>A IV Semana de Engenharia<\/strong> do Centro Universit\u00e1rio Santo Agostinho iniciou nesta quarta-feira (31), no audit\u00f3rio Cl\u00f3vis Mora &#8211; Anexo II do UNIFSA, e veio com uma programa\u00e7\u00e3o recheada de novidades para os participantes.<\/p>\n\n\n\n<p class=\"texto-justificado\">A primeira noite foi inaugurada com a abertura oficial do evento, \u00e0s 18h30. A mesa de honra foi composta pelos coordenadores dos cursos de Engenharia presenciais do UNIFSA, Prof. Me. Luis Henrique dos Santos Silva Sousa (Eng. de Produ\u00e7\u00e3o), Prof. Me. Ismeraldo Pereira de Oliveira (Eng. Civil), Prof. Me. F\u00e1bio de Ara\u00fajo Leite (Eng. El\u00e9trica) e o Diretor de Ensino da institui\u00e7\u00e3o, Prof. Dr. Edj\u00f4fre Coelho de Oliveira.<\/p>\n\n\n\n<figure class=\"wp-block-image size-large\"><img fetchpriority=\"high\" decoding=\"async\" width=\"1024\" height=\"576\" src=\"https:\/\/unifsa.com.br\/site\/wp-content\/uploads\/2023\/06\/WhatsApp-Image-2023-06-01-at-15.39.07-1024x576.jpeg\" alt=\"\" class=\"wp-image-22624\" srcset=\"https:\/\/unifsa.com.br\/site\/wp-content\/uploads\/2023\/06\/WhatsApp-Image-2023-06-01-at-15.39.07-1024x576.jpeg 1024w, https:\/\/unifsa.com.br\/site\/wp-content\/uploads\/2023\/06\/WhatsApp-Image-2023-06-01-at-15.39.07-300x169.jpeg 300w, https:\/\/unifsa.com.br\/site\/wp-content\/uploads\/2023\/06\/WhatsApp-Image-2023-06-01-at-15.39.07-768x432.jpeg 768w, https:\/\/unifsa.com.br\/site\/wp-content\/uploads\/2023\/06\/WhatsApp-Image-2023-06-01-at-15.39.07-1536x864.jpeg 1536w, https:\/\/unifsa.com.br\/site\/wp-content\/uploads\/2023\/06\/WhatsApp-Image-2023-06-01-at-15.39.07.jpeg 1600w\" sizes=\"(max-width: 1024px) 100vw, 1024px\" \/><\/figure>\n\n\n\n<p class=\"texto-justificado\">Em seguida, o Engenheiro Civil, Lucas Lacerda, Gerente Geral do Grupo Resolve, ministrou a palestra &#8220;Mais que Engenheiro, Gestor de Resultados&#8221;.<\/p>\n\n\n\n<figure class=\"wp-block-image size-large\"><img decoding=\"async\" width=\"1024\" height=\"576\" src=\"https:\/\/unifsa.com.br\/site\/wp-content\/uploads\/2023\/06\/WhatsApp-Image-2023-06-01-at-15.46.29-1024x576.jpeg\" alt=\"\" class=\"wp-image-22625\" srcset=\"https:\/\/unifsa.com.br\/site\/wp-content\/uploads\/2023\/06\/WhatsApp-Image-2023-06-01-at-15.46.29-1024x576.jpeg 1024w, https:\/\/unifsa.com.br\/site\/wp-content\/uploads\/2023\/06\/WhatsApp-Image-2023-06-01-at-15.46.29-300x169.jpeg 300w, https:\/\/unifsa.com.br\/site\/wp-content\/uploads\/2023\/06\/WhatsApp-Image-2023-06-01-at-15.46.29-768x432.jpeg 768w, https:\/\/unifsa.com.br\/site\/wp-content\/uploads\/2023\/06\/WhatsApp-Image-2023-06-01-at-15.46.29-1536x864.jpeg 1536w, https:\/\/unifsa.com.br\/site\/wp-content\/uploads\/2023\/06\/WhatsApp-Image-2023-06-01-at-15.46.29.jpeg 1600w\" sizes=\"(max-width: 1024px) 100vw, 1024px\" \/><\/figure>\n\n\n\n<p class=\"texto-justificado\">Para fechar a quarta-feira, houve um Momento Cultural na \u00e1rea de conviv\u00eancia do pr\u00e9dio. A Banda Forr\u00f3 Choque, formada pelo Prof. Me. Patrese Veras Quelemes, tr\u00eas de Engenharia El\u00e9trica (internos e externo) e um profissional da \u00e1rea, realizou um show com as m\u00fasicas mais escutadas do momento para os alunos.<\/p>\n\n\n\n<figure class=\"wp-block-image size-large\"><img decoding=\"async\" width=\"1024\" height=\"576\" src=\"https:\/\/unifsa.com.br\/site\/wp-content\/uploads\/2023\/06\/WhatsApp-Image-2023-06-01-at-15.46.48-1024x576.jpeg\" alt=\"\" class=\"wp-image-22626\" srcset=\"https:\/\/unifsa.com.br\/site\/wp-content\/uploads\/2023\/06\/WhatsApp-Image-2023-06-01-at-15.46.48-1024x576.jpeg 1024w, https:\/\/unifsa.com.br\/site\/wp-content\/uploads\/2023\/06\/WhatsApp-Image-2023-06-01-at-15.46.48-300x169.jpeg 300w, https:\/\/unifsa.com.br\/site\/wp-content\/uploads\/2023\/06\/WhatsApp-Image-2023-06-01-at-15.46.48-768x432.jpeg 768w, https:\/\/unifsa.com.br\/site\/wp-content\/uploads\/2023\/06\/WhatsApp-Image-2023-06-01-at-15.46.48-1536x864.jpeg 1536w, https:\/\/unifsa.com.br\/site\/wp-content\/uploads\/2023\/06\/WhatsApp-Image-2023-06-01-at-15.46.48.jpeg 1600w\" sizes=\"(max-width: 1024px) 100vw, 1024px\" \/><\/figure>\n\n\n\n<p>O segundo dia foi marcado pela participa\u00e7\u00e3o de egressos e competi\u00e7\u00f5es internas. \u00c0s 18h30, o evento deu continuidade com o &#8220;Talk: Diferentes jornadas, diferentes caminhos&#8221;, mediado pelo Prof. Me. F\u00e1bio Leite, com a presen\u00e7a de egressos dos tr\u00eas cursos de Engenharia.<\/p>\n\n\n\n<figure class=\"wp-block-image size-large\"><img loading=\"lazy\" decoding=\"async\" width=\"1024\" height=\"587\" src=\"https:\/\/unifsa.com.br\/site\/wp-content\/uploads\/2023\/06\/WhatsApp-Image-2023-06-02-at-13.15.12-1024x587.jpeg\" alt=\"\" class=\"wp-image-22653\" srcset=\"https:\/\/unifsa.com.br\/site\/wp-content\/uploads\/2023\/06\/WhatsApp-Image-2023-06-02-at-13.15.12-1024x587.jpeg 1024w, https:\/\/unifsa.com.br\/site\/wp-content\/uploads\/2023\/06\/WhatsApp-Image-2023-06-02-at-13.15.12-300x172.jpeg 300w, https:\/\/unifsa.com.br\/site\/wp-content\/uploads\/2023\/06\/WhatsApp-Image-2023-06-02-at-13.15.12-768x440.jpeg 768w, https:\/\/unifsa.com.br\/site\/wp-content\/uploads\/2023\/06\/WhatsApp-Image-2023-06-02-at-13.15.12-1536x880.jpeg 1536w, https:\/\/unifsa.com.br\/site\/wp-content\/uploads\/2023\/06\/WhatsApp-Image-2023-06-02-at-13.15.12.jpeg 1600w\" sizes=\"(max-width: 1024px) 100vw, 1024px\" \/><\/figure>\n\n\n\n<p>Em seguida, foi dado inicio \u00e0s competi\u00e7\u00f5es:<\/p>\n\n\n\n<h3 class=\"wp-block-heading\">Concrebol<\/h3>\n\n\n\n<figure class=\"wp-block-image size-large\"><img loading=\"lazy\" decoding=\"async\" width=\"1024\" height=\"576\" src=\"https:\/\/unifsa.com.br\/site\/wp-content\/uploads\/2023\/06\/WhatsApp-Image-2023-06-02-at-13.13.51-1024x576.jpeg\" alt=\"\" class=\"wp-image-22654\" srcset=\"https:\/\/unifsa.com.br\/site\/wp-content\/uploads\/2023\/06\/WhatsApp-Image-2023-06-02-at-13.13.51-1024x576.jpeg 1024w, https:\/\/unifsa.com.br\/site\/wp-content\/uploads\/2023\/06\/WhatsApp-Image-2023-06-02-at-13.13.51-300x169.jpeg 300w, https:\/\/unifsa.com.br\/site\/wp-content\/uploads\/2023\/06\/WhatsApp-Image-2023-06-02-at-13.13.51-768x432.jpeg 768w, https:\/\/unifsa.com.br\/site\/wp-content\/uploads\/2023\/06\/WhatsApp-Image-2023-06-02-at-13.13.51-1536x864.jpeg 1536w, https:\/\/unifsa.com.br\/site\/wp-content\/uploads\/2023\/06\/WhatsApp-Image-2023-06-02-at-13.13.51.jpeg 1600w\" sizes=\"(max-width: 1024px) 100vw, 1024px\" \/><\/figure>\n\n\n\n<h3 class=\"wp-block-heading\">Carrinhos El\u00e9tricos<\/h3>\n\n\n\n<figure class=\"wp-block-gallery has-nested-images columns-default is-cropped wp-block-gallery-1 is-layout-flex wp-block-gallery-is-layout-flex\">\n<figure class=\"wp-block-image size-large\"><img loading=\"lazy\" decoding=\"async\" width=\"768\" height=\"1024\" data-id=\"22676\" src=\"https:\/\/unifsa.com.br\/site\/wp-content\/uploads\/2023\/06\/WhatsApp-Image-2023-06-02-at-16.34.45.jpeg\" alt=\"\" class=\"wp-image-22676\" srcset=\"https:\/\/unifsa.com.br\/site\/wp-content\/uploads\/2023\/06\/WhatsApp-Image-2023-06-02-at-16.34.45.jpeg 768w, https:\/\/unifsa.com.br\/site\/wp-content\/uploads\/2023\/06\/WhatsApp-Image-2023-06-02-at-16.34.45-225x300.jpeg 225w\" sizes=\"(max-width: 768px) 100vw, 768px\" \/><\/figure>\n\n\n\n<figure class=\"wp-block-image size-large\"><img loading=\"lazy\" decoding=\"async\" width=\"768\" height=\"1024\" data-id=\"22678\" src=\"https:\/\/unifsa.com.br\/site\/wp-content\/uploads\/2023\/06\/WhatsApp-Image-2023-06-02-at-16.34.48.jpeg\" alt=\"\" class=\"wp-image-22678\" srcset=\"https:\/\/unifsa.com.br\/site\/wp-content\/uploads\/2023\/06\/WhatsApp-Image-2023-06-02-at-16.34.48.jpeg 768w, https:\/\/unifsa.com.br\/site\/wp-content\/uploads\/2023\/06\/WhatsApp-Image-2023-06-02-at-16.34.48-225x300.jpeg 225w\" sizes=\"(max-width: 768px) 100vw, 768px\" \/><\/figure>\n\n\n\n<figure class=\"wp-block-image size-large\"><img loading=\"lazy\" decoding=\"async\" width=\"768\" height=\"1024\" data-id=\"22675\" src=\"https:\/\/unifsa.com.br\/site\/wp-content\/uploads\/2023\/06\/WhatsApp-Image-2023-06-02-at-16.34.47-1.jpeg\" alt=\"\" class=\"wp-image-22675\" srcset=\"https:\/\/unifsa.com.br\/site\/wp-content\/uploads\/2023\/06\/WhatsApp-Image-2023-06-02-at-16.34.47-1.jpeg 768w, https:\/\/unifsa.com.br\/site\/wp-content\/uploads\/2023\/06\/WhatsApp-Image-2023-06-02-at-16.34.47-1-225x300.jpeg 225w\" sizes=\"(max-width: 768px) 100vw, 768px\" \/><\/figure>\n\n\n\n<figure class=\"wp-block-image size-large\"><img loading=\"lazy\" decoding=\"async\" width=\"768\" height=\"1024\" data-id=\"22677\" src=\"https:\/\/unifsa.com.br\/site\/wp-content\/uploads\/2023\/06\/WhatsApp-Image-2023-06-02-at-16.34.47.jpeg\" alt=\"\" class=\"wp-image-22677\" srcset=\"https:\/\/unifsa.com.br\/site\/wp-content\/uploads\/2023\/06\/WhatsApp-Image-2023-06-02-at-16.34.47.jpeg 768w, https:\/\/unifsa.com.br\/site\/wp-content\/uploads\/2023\/06\/WhatsApp-Image-2023-06-02-at-16.34.47-225x300.jpeg 225w\" sizes=\"(max-width: 768px) 100vw, 768px\" \/><\/figure>\n\n\n\n<figure class=\"wp-block-image size-large\"><img loading=\"lazy\" decoding=\"async\" width=\"768\" height=\"1024\" data-id=\"22674\" src=\"https:\/\/unifsa.com.br\/site\/wp-content\/uploads\/2023\/06\/WhatsApp-Image-2023-06-02-at-16.34.46.jpeg\" alt=\"\" class=\"wp-image-22674\" srcset=\"https:\/\/unifsa.com.br\/site\/wp-content\/uploads\/2023\/06\/WhatsApp-Image-2023-06-02-at-16.34.46.jpeg 768w, https:\/\/unifsa.com.br\/site\/wp-content\/uploads\/2023\/06\/WhatsApp-Image-2023-06-02-at-16.34.46-225x300.jpeg 225w\" sizes=\"(max-width: 768px) 100vw, 768px\" \/><\/figure>\n<\/figure>\n\n\n\n<h3 class=\"wp-block-heading\">Competi\u00e7\u00e3o de simula\u00e7\u00f5es<\/h3>\n\n\n\n<figure class=\"wp-block-image size-large\"><img loading=\"lazy\" decoding=\"async\" width=\"1024\" height=\"576\" src=\"https:\/\/unifsa.com.br\/site\/wp-content\/uploads\/2023\/06\/WhatsApp-Image-2023-06-02-at-13.14.08-1024x576.jpeg\" alt=\"\" class=\"wp-image-22655\" srcset=\"https:\/\/unifsa.com.br\/site\/wp-content\/uploads\/2023\/06\/WhatsApp-Image-2023-06-02-at-13.14.08-1024x576.jpeg 1024w, https:\/\/unifsa.com.br\/site\/wp-content\/uploads\/2023\/06\/WhatsApp-Image-2023-06-02-at-13.14.08-300x169.jpeg 300w, https:\/\/unifsa.com.br\/site\/wp-content\/uploads\/2023\/06\/WhatsApp-Image-2023-06-02-at-13.14.08-768x432.jpeg 768w, https:\/\/unifsa.com.br\/site\/wp-content\/uploads\/2023\/06\/WhatsApp-Image-2023-06-02-at-13.14.08-1536x864.jpeg 1536w, https:\/\/unifsa.com.br\/site\/wp-content\/uploads\/2023\/06\/WhatsApp-Image-2023-06-02-at-13.14.08.jpeg 1600w\" sizes=\"(max-width: 1024px) 100vw, 1024px\" \/><\/figure>\n\n\n\n<h3 class=\"wp-block-heading\">Competi\u00e7\u00e3o de Prot\u00f3tipos<\/h3>\n\n\n\n<figure class=\"wp-block-gallery has-nested-images columns-default is-cropped wp-block-gallery-2 is-layout-flex wp-block-gallery-is-layout-flex\">\n<figure class=\"wp-block-image size-large\"><img loading=\"lazy\" decoding=\"async\" width=\"1024\" height=\"576\" data-id=\"22656\" src=\"https:\/\/unifsa.com.br\/site\/wp-content\/uploads\/2023\/06\/WhatsApp-Image-2023-06-02-at-13.16.15-1024x576.jpeg\" alt=\"\" class=\"wp-image-22656\" srcset=\"https:\/\/unifsa.com.br\/site\/wp-content\/uploads\/2023\/06\/WhatsApp-Image-2023-06-02-at-13.16.15-1024x576.jpeg 1024w, https:\/\/unifsa.com.br\/site\/wp-content\/uploads\/2023\/06\/WhatsApp-Image-2023-06-02-at-13.16.15-300x169.jpeg 300w, https:\/\/unifsa.com.br\/site\/wp-content\/uploads\/2023\/06\/WhatsApp-Image-2023-06-02-at-13.16.15-768x432.jpeg 768w, https:\/\/unifsa.com.br\/site\/wp-content\/uploads\/2023\/06\/WhatsApp-Image-2023-06-02-at-13.16.15-1536x864.jpeg 1536w, https:\/\/unifsa.com.br\/site\/wp-content\/uploads\/2023\/06\/WhatsApp-Image-2023-06-02-at-13.16.15.jpeg 1600w\" sizes=\"(max-width: 1024px) 100vw, 1024px\" \/><\/figure>\n\n\n\n<figure class=\"wp-block-image size-large\"><img loading=\"lazy\" decoding=\"async\" width=\"1024\" height=\"576\" data-id=\"22657\" src=\"https:\/\/unifsa.com.br\/site\/wp-content\/uploads\/2023\/06\/WhatsApp-Image-2023-06-02-at-13.16.14-1024x576.jpeg\" alt=\"\" class=\"wp-image-22657\" srcset=\"https:\/\/unifsa.com.br\/site\/wp-content\/uploads\/2023\/06\/WhatsApp-Image-2023-06-02-at-13.16.14-1024x576.jpeg 1024w, https:\/\/unifsa.com.br\/site\/wp-content\/uploads\/2023\/06\/WhatsApp-Image-2023-06-02-at-13.16.14-300x169.jpeg 300w, https:\/\/unifsa.com.br\/site\/wp-content\/uploads\/2023\/06\/WhatsApp-Image-2023-06-02-at-13.16.14-768x432.jpeg 768w, https:\/\/unifsa.com.br\/site\/wp-content\/uploads\/2023\/06\/WhatsApp-Image-2023-06-02-at-13.16.14-1536x864.jpeg 1536w, https:\/\/unifsa.com.br\/site\/wp-content\/uploads\/2023\/06\/WhatsApp-Image-2023-06-02-at-13.16.14.jpeg 1600w\" sizes=\"(max-width: 1024px) 100vw, 1024px\" \/><\/figure>\n<\/figure>\n\n\n\n<h2 class=\"wp-block-heading has-vivid-cyan-blue-color has-text-color\">Confira a programa\u00e7\u00e3o completa<\/h2>\n\n\n\n<figure class=\"wp-block-table\"><table><tbody><tr><td>DATA<\/td><td>HOR\u00c1RIO<\/td><td>ATIVIDADE<\/td><td>MINISTRANTE<\/td><\/tr><tr><td>31\/05\/2023<\/td><td>18h30<\/td><td>Abertura do evento e Palestra Magna: Mais que Engenheiro, Gestor de Resultados<\/td><td>Prof. Dr Francismilton Teles (UFPI)<\/td><\/tr><tr><td>31\/05\/2023<\/td><td>20h30<\/td><td>Momento Cultural<\/td><td>Respons\u00e1vel: Prof. Gil Alves dos Santos J\u00fanior<\/td><\/tr><tr><td>01\/06\/2023<\/td><td>18h30<\/td><td>Talk: Diferentes jornadas, diferentes caminhos<\/td><td>Mediador: Prof. Me. F\u00e1bio Leite e Egressos dos cursos de Engenharia UNIFSA<\/td><\/tr><tr><td>01\/06\/2023<\/td><td>19h30<\/td><td>Gincanas: Concurso Ponte de Macarr\u00e3o; Concrebol; Carrinhos El\u00e9tricos; Competi\u00e7\u00e3o de simula\u00e7\u00f5es; Competi\u00e7\u00e3o de Prot\u00f3tipos.<\/td><td>Prof. Me. Ismeraldo Pereira<\/td><\/tr><tr><td>02\/06\/2023<\/td><td>21h00<\/td><td>Momento Cultural UNIFSARTE<\/td><td>Respons\u00e1vel: Prof. Gil Alves dos Santos J\u00fanior<\/td><\/tr><tr><td>03\/06\/2023<\/td><td>08h30<\/td><td>Visita T\u00e9cnica 1 \u2013 Engenharia Hospitalar \u2013 HU<\/td><td>Prof. Me. Ismeraldo Pereira e Francisco Arthur Costa<\/td><\/tr><tr><td>03\/06\/2023<\/td><td>08h30<\/td><td>Visita T\u00e9cnica 2 \u2013 Centro de Distribui\u00e7\u00e3o \u2013 PINTOS<\/td><td>Prof. Me. Rhubens Ewald e Solana Carlos Fras\u00e3o<\/td><\/tr><tr><td>03\/06\/2023<\/td><td>08h30<\/td><td>Visita T\u00e9cnica 3 \u2013 Ecossistema Local de Inova\u00e7\u00e3o SEBRAE LAB<\/td><td>Prof. Me. Luis Henrique dos Santos<\/td><\/tr><tr><td>03\/06\/2023<\/td><td>08h30<\/td><td>Visita T\u00e9cnica 4 \u2013 Sub esta\u00e7\u00e3o Cervejaria AMBEV<\/td><td>Prof. Me. F\u00e1bio Leite<\/td><\/tr><\/tbody><\/table><\/figure>\n","protected":false},"excerpt":{"rendered":"<p>A IV Semana de Engenharia do Centro Universit\u00e1rio Santo Agostinho iniciou nesta quarta-feira (31), no audit\u00f3rio Cl\u00f3vis Mora &#8211; Anexo II do UNIFSA, e veio com uma programa\u00e7\u00e3o recheada de novidades para os participantes. A primeira noite foi inaugurada com a abertura oficial do evento, \u00e0s 18h30. A mesa de honra foi composta pelos coordenadores<\/p>\n","protected":false},"author":11,"featured_media":22628,"comment_status":"closed","ping_status":"open","sticky":false,"template":"","format":"standard","meta":{"_acf_changed":false,"footnotes":""},"categories":[6,56,57,58],"tags":[125,112,126,783],"class_list":["post-22622","post","type-post","status-publish","format-standard","has-post-thumbnail","hentry","category-acontece-na-unifsa","category-engenharia-civil","category-engenharia-producao","category-engenharia-eletrica","tag-engenharia-civil","tag-engenharia-de-producao","tag-engenharia-eletrica","tag-semana-de-engenharia"],"acf":[],"yoast_head":"<!-- This site is optimized with the Yoast SEO plugin v26.5 - https:\/\/yoast.com\/wordpress\/plugins\/seo\/ -->\n<title>IV Semana de Engenharia oferece quatro dias de muito conhecimento - Centro Universit\u00e1rio Santo Agostinho - UNIFSA<\/title>\n<meta name=\"robots\" content=\"index, follow, max-snippet:-1, max-image-preview:large, max-video-preview:-1\" \/>\n<link rel=\"canonical\" href=\"https:\/\/unifsa.com.br\/site\/iv-semana-de-engenharia-oferece-quatro-dias-de-muito-conhecimento\/\" \/>\n<meta property=\"og:locale\" content=\"pt_BR\" \/>\n<meta property=\"og:type\" content=\"article\" \/>\n<meta property=\"og:title\" content=\"IV Semana de Engenharia oferece quatro dias de muito conhecimento - Centro Universit\u00e1rio Santo Agostinho - UNIFSA\" \/>\n<meta property=\"og:description\" content=\"A IV Semana de Engenharia do Centro Universit\u00e1rio Santo Agostinho iniciou nesta quarta-feira (31), no audit\u00f3rio Cl\u00f3vis Mora &#8211; Anexo II do UNIFSA, e veio com uma programa\u00e7\u00e3o recheada de novidades para os participantes. A primeira noite foi inaugurada com a abertura oficial do evento, \u00e0s 18h30. A mesa de honra foi composta pelos coordenadores\" \/>\n<meta property=\"og:url\" content=\"https:\/\/unifsa.com.br\/site\/iv-semana-de-engenharia-oferece-quatro-dias-de-muito-conhecimento\/\" \/>\n<meta property=\"og:site_name\" content=\"Centro Universit\u00e1rio Santo Agostinho - UNIFSA\" \/>\n<meta property=\"article:publisher\" content=\"https:\/\/www.facebook.com\/unifsa\/\" \/>\n<meta property=\"article:published_time\" content=\"2023-06-02T19:15:15+00:00\" \/>\n<meta property=\"article:modified_time\" content=\"2023-06-02T19:50:53+00:00\" \/>\n<meta property=\"og:image\" content=\"https:\/\/unifsa.com.br\/site\/wp-content\/uploads\/2023\/06\/WhatsApp-Image-2023-06-01-at-16.14.57.jpeg\" \/>\n\t<meta property=\"og:image:width\" content=\"1600\" \/>\n\t<meta property=\"og:image:height\" content=\"900\" \/>\n\t<meta property=\"og:image:type\" content=\"image\/jpeg\" \/>\n<meta name=\"author\" content=\"Oceannyra Kelly da Cruz Silva\" \/>\n<meta name=\"twitter:card\" content=\"summary_large_image\" \/>\n<meta name=\"twitter:label1\" content=\"Escrito por\" \/>\n\t<meta name=\"twitter:data1\" content=\"Oceannyra Kelly da Cruz Silva\" \/>\n\t<meta name=\"twitter:label2\" content=\"Est. tempo de leitura\" \/>\n\t<meta name=\"twitter:data2\" content=\"5 minutos\" \/>\n<script type=\"application\/ld+json\" class=\"yoast-schema-graph\">{\"@context\":\"https:\/\/schema.org\",\"@graph\":[{\"@type\":\"Article\",\"@id\":\"https:\/\/unifsa.com.br\/site\/iv-semana-de-engenharia-oferece-quatro-dias-de-muito-conhecimento\/#article\",\"isPartOf\":{\"@id\":\"https:\/\/unifsa.com.br\/site\/iv-semana-de-engenharia-oferece-quatro-dias-de-muito-conhecimento\/\"},\"author\":{\"name\":\"Oceannyra Kelly da Cruz Silva\",\"@id\":\"https:\/\/unifsa.com.br\/site\/#\/schema\/person\/a4cec94bbc6ddf98f579162824de9bf2\"},\"headline\":\"IV Semana de Engenharia oferece quatro dias de muito conhecimento\",\"datePublished\":\"2023-06-02T19:15:15+00:00\",\"dateModified\":\"2023-06-02T19:50:53+00:00\",\"mainEntityOfPage\":{\"@id\":\"https:\/\/unifsa.com.br\/site\/iv-semana-de-engenharia-oferece-quatro-dias-de-muito-conhecimento\/\"},\"wordCount\":426,\"publisher\":{\"@id\":\"https:\/\/unifsa.com.br\/site\/#organization\"},\"image\":{\"@id\":\"https:\/\/unifsa.com.br\/site\/iv-semana-de-engenharia-oferece-quatro-dias-de-muito-conhecimento\/#primaryimage\"},\"thumbnailUrl\":\"https:\/\/unifsa.com.br\/site\/wp-content\/uploads\/2023\/06\/WhatsApp-Image-2023-06-01-at-16.14.57.jpeg\",\"keywords\":[\"Engenharia Civil\",\"Engenharia de Produ\u00e7\u00e3o\",\"Engenharia El\u00e9trica\",\"Semana de Engenharia\"],\"articleSection\":[\"Acontece na UNIFSA\",\"Engenharia Civil\",\"Engenharia de Produ\u00e7\u00e3o\",\"Engenharia El\u00e9trica\"],\"inLanguage\":\"pt-BR\"},{\"@type\":\"WebPage\",\"@id\":\"https:\/\/unifsa.com.br\/site\/iv-semana-de-engenharia-oferece-quatro-dias-de-muito-conhecimento\/\",\"url\":\"https:\/\/unifsa.com.br\/site\/iv-semana-de-engenharia-oferece-quatro-dias-de-muito-conhecimento\/\",\"name\":\"IV Semana de Engenharia oferece quatro dias de muito conhecimento - Centro Universit\u00e1rio Santo Agostinho - UNIFSA\",\"isPartOf\":{\"@id\":\"https:\/\/unifsa.com.br\/site\/#website\"},\"primaryImageOfPage\":{\"@id\":\"https:\/\/unifsa.com.br\/site\/iv-semana-de-engenharia-oferece-quatro-dias-de-muito-conhecimento\/#primaryimage\"},\"image\":{\"@id\":\"https:\/\/unifsa.com.br\/site\/iv-semana-de-engenharia-oferece-quatro-dias-de-muito-conhecimento\/#primaryimage\"},\"thumbnailUrl\":\"https:\/\/unifsa.com.br\/site\/wp-content\/uploads\/2023\/06\/WhatsApp-Image-2023-06-01-at-16.14.57.jpeg\",\"datePublished\":\"2023-06-02T19:15:15+00:00\",\"dateModified\":\"2023-06-02T19:50:53+00:00\",\"breadcrumb\":{\"@id\":\"https:\/\/unifsa.com.br\/site\/iv-semana-de-engenharia-oferece-quatro-dias-de-muito-conhecimento\/#breadcrumb\"},\"inLanguage\":\"pt-BR\",\"potentialAction\":[{\"@type\":\"ReadAction\",\"target\":[\"https:\/\/unifsa.com.br\/site\/iv-semana-de-engenharia-oferece-quatro-dias-de-muito-conhecimento\/\"]}]},{\"@type\":\"ImageObject\",\"inLanguage\":\"pt-BR\",\"@id\":\"https:\/\/unifsa.com.br\/site\/iv-semana-de-engenharia-oferece-quatro-dias-de-muito-conhecimento\/#primaryimage\",\"url\":\"https:\/\/unifsa.com.br\/site\/wp-content\/uploads\/2023\/06\/WhatsApp-Image-2023-06-01-at-16.14.57.jpeg\",\"contentUrl\":\"https:\/\/unifsa.com.br\/site\/wp-content\/uploads\/2023\/06\/WhatsApp-Image-2023-06-01-at-16.14.57.jpeg\",\"width\":1600,\"height\":900},{\"@type\":\"BreadcrumbList\",\"@id\":\"https:\/\/unifsa.com.br\/site\/iv-semana-de-engenharia-oferece-quatro-dias-de-muito-conhecimento\/#breadcrumb\",\"itemListElement\":[{\"@type\":\"ListItem\",\"position\":1,\"name\":\"In\u00edcio\",\"item\":\"https:\/\/unifsa.com.br\/site\/\"},{\"@type\":\"ListItem\",\"position\":2,\"name\":\"IV Semana de Engenharia oferece quatro dias de muito conhecimento\"}]},{\"@type\":\"WebSite\",\"@id\":\"https:\/\/unifsa.com.br\/site\/#website\",\"url\":\"https:\/\/unifsa.com.br\/site\/\",\"name\":\"Centro Universit\u00e1rio Santo Agostinho - UNIFSA\",\"description\":\"Conhecimento para toda a vida\",\"publisher\":{\"@id\":\"https:\/\/unifsa.com.br\/site\/#organization\"},\"potentialAction\":[{\"@type\":\"SearchAction\",\"target\":{\"@type\":\"EntryPoint\",\"urlTemplate\":\"https:\/\/unifsa.com.br\/site\/?s={search_term_string}\"},\"query-input\":{\"@type\":\"PropertyValueSpecification\",\"valueRequired\":true,\"valueName\":\"search_term_string\"}}],\"inLanguage\":\"pt-BR\"},{\"@type\":\"Organization\",\"@id\":\"https:\/\/unifsa.com.br\/site\/#organization\",\"name\":\"Centro Universit\u00e1rio Santo Agostinho - UNIFSA\",\"url\":\"https:\/\/unifsa.com.br\/site\/\",\"logo\":{\"@type\":\"ImageObject\",\"inLanguage\":\"pt-BR\",\"@id\":\"https:\/\/unifsa.com.br\/site\/#\/schema\/logo\/image\/\",\"url\":\"https:\/\/unifsa.com.br\/site\/wp-content\/uploads\/2023\/03\/MARCA-UNIFSA-CIC23-q2apjs1mt975cf1wl25b044coj90fwoiee1kya6800.png\",\"contentUrl\":\"https:\/\/unifsa.com.br\/site\/wp-content\/uploads\/2023\/03\/MARCA-UNIFSA-CIC23-q2apjs1mt975cf1wl25b044coj90fwoiee1kya6800.png\",\"width\":103,\"height\":100,\"caption\":\"Centro Universit\u00e1rio Santo Agostinho - UNIFSA\"},\"image\":{\"@id\":\"https:\/\/unifsa.com.br\/site\/#\/schema\/logo\/image\/\"},\"sameAs\":[\"https:\/\/www.facebook.com\/unifsa\/\",\"https:\/\/www.instagram.com\/unifsa\/\"]},{\"@type\":\"Person\",\"@id\":\"https:\/\/unifsa.com.br\/site\/#\/schema\/person\/a4cec94bbc6ddf98f579162824de9bf2\",\"name\":\"Oceannyra Kelly da Cruz Silva\",\"image\":{\"@type\":\"ImageObject\",\"inLanguage\":\"pt-BR\",\"@id\":\"https:\/\/unifsa.com.br\/site\/#\/schema\/person\/image\/\",\"url\":\"https:\/\/secure.gravatar.com\/avatar\/671b9403a3f629391fa303312f7d3867?s=96&d=mm&r=g\",\"contentUrl\":\"https:\/\/secure.gravatar.com\/avatar\/671b9403a3f629391fa303312f7d3867?s=96&d=mm&r=g\",\"caption\":\"Oceannyra Kelly da Cruz Silva\"},\"url\":\"https:\/\/unifsa.com.br\/site\/author\/oceannyrakelly\/\"}]}<\/script>\n<!-- \/ Yoast SEO plugin. -->","yoast_head_json":{"title":"IV Semana de Engenharia oferece quatro dias de muito conhecimento - Centro Universit\u00e1rio Santo Agostinho - UNIFSA","robots":{"index":"index","follow":"follow","max-snippet":"max-snippet:-1","max-image-preview":"max-image-preview:large","max-video-preview":"max-video-preview:-1"},"canonical":"https:\/\/unifsa.com.br\/site\/iv-semana-de-engenharia-oferece-quatro-dias-de-muito-conhecimento\/","og_locale":"pt_BR","og_type":"article","og_title":"IV Semana de Engenharia oferece quatro dias de muito conhecimento - Centro Universit\u00e1rio Santo Agostinho - UNIFSA","og_description":"A IV Semana de Engenharia do Centro Universit\u00e1rio Santo Agostinho iniciou nesta quarta-feira (31), no audit\u00f3rio Cl\u00f3vis Mora &#8211; Anexo II do UNIFSA, e veio com uma programa\u00e7\u00e3o recheada de novidades para os participantes. A primeira noite foi inaugurada com a abertura oficial do evento, \u00e0s 18h30. A mesa de honra foi composta pelos coordenadores","og_url":"https:\/\/unifsa.com.br\/site\/iv-semana-de-engenharia-oferece-quatro-dias-de-muito-conhecimento\/","og_site_name":"Centro Universit\u00e1rio Santo Agostinho - UNIFSA","article_publisher":"https:\/\/www.facebook.com\/unifsa\/","article_published_time":"2023-06-02T19:15:15+00:00","article_modified_time":"2023-06-02T19:50:53+00:00","og_image":[{"width":1600,"height":900,"url":"https:\/\/unifsa.com.br\/site\/wp-content\/uploads\/2023\/06\/WhatsApp-Image-2023-06-01-at-16.14.57.jpeg","type":"image\/jpeg"}],"author":"Oceannyra Kelly da Cruz Silva","twitter_card":"summary_large_image","twitter_misc":{"Escrito por":"Oceannyra Kelly da Cruz Silva","Est. tempo de leitura":"5 minutos"},"schema":{"@context":"https:\/\/schema.org","@graph":[{"@type":"Article","@id":"https:\/\/unifsa.com.br\/site\/iv-semana-de-engenharia-oferece-quatro-dias-de-muito-conhecimento\/#article","isPartOf":{"@id":"https:\/\/unifsa.com.br\/site\/iv-semana-de-engenharia-oferece-quatro-dias-de-muito-conhecimento\/"},"author":{"name":"Oceannyra Kelly da Cruz Silva","@id":"https:\/\/unifsa.com.br\/site\/#\/schema\/person\/a4cec94bbc6ddf98f579162824de9bf2"},"headline":"IV Semana de Engenharia oferece quatro dias de muito conhecimento","datePublished":"2023-06-02T19:15:15+00:00","dateModified":"2023-06-02T19:50:53+00:00","mainEntityOfPage":{"@id":"https:\/\/unifsa.com.br\/site\/iv-semana-de-engenharia-oferece-quatro-dias-de-muito-conhecimento\/"},"wordCount":426,"publisher":{"@id":"https:\/\/unifsa.com.br\/site\/#organization"},"image":{"@id":"https:\/\/unifsa.com.br\/site\/iv-semana-de-engenharia-oferece-quatro-dias-de-muito-conhecimento\/#primaryimage"},"thumbnailUrl":"https:\/\/unifsa.com.br\/site\/wp-content\/uploads\/2023\/06\/WhatsApp-Image-2023-06-01-at-16.14.57.jpeg","keywords":["Engenharia Civil","Engenharia de Produ\u00e7\u00e3o","Engenharia El\u00e9trica","Semana de Engenharia"],"articleSection":["Acontece na UNIFSA","Engenharia Civil","Engenharia de Produ\u00e7\u00e3o","Engenharia El\u00e9trica"],"inLanguage":"pt-BR"},{"@type":"WebPage","@id":"https:\/\/unifsa.com.br\/site\/iv-semana-de-engenharia-oferece-quatro-dias-de-muito-conhecimento\/","url":"https:\/\/unifsa.com.br\/site\/iv-semana-de-engenharia-oferece-quatro-dias-de-muito-conhecimento\/","name":"IV Semana de Engenharia oferece quatro dias de muito conhecimento - Centro Universit\u00e1rio Santo Agostinho - UNIFSA","isPartOf":{"@id":"https:\/\/unifsa.com.br\/site\/#website"},"primaryImageOfPage":{"@id":"https:\/\/unifsa.com.br\/site\/iv-semana-de-engenharia-oferece-quatro-dias-de-muito-conhecimento\/#primaryimage"},"image":{"@id":"https:\/\/unifsa.com.br\/site\/iv-semana-de-engenharia-oferece-quatro-dias-de-muito-conhecimento\/#primaryimage"},"thumbnailUrl":"https:\/\/unifsa.com.br\/site\/wp-content\/uploads\/2023\/06\/WhatsApp-Image-2023-06-01-at-16.14.57.jpeg","datePublished":"2023-06-02T19:15:15+00:00","dateModified":"2023-06-02T19:50:53+00:00","breadcrumb":{"@id":"https:\/\/unifsa.com.br\/site\/iv-semana-de-engenharia-oferece-quatro-dias-de-muito-conhecimento\/#breadcrumb"},"inLanguage":"pt-BR","potentialAction":[{"@type":"ReadAction","target":["https:\/\/unifsa.com.br\/site\/iv-semana-de-engenharia-oferece-quatro-dias-de-muito-conhecimento\/"]}]},{"@type":"ImageObject","inLanguage":"pt-BR","@id":"https:\/\/unifsa.com.br\/site\/iv-semana-de-engenharia-oferece-quatro-dias-de-muito-conhecimento\/#primaryimage","url":"https:\/\/unifsa.com.br\/site\/wp-content\/uploads\/2023\/06\/WhatsApp-Image-2023-06-01-at-16.14.57.jpeg","contentUrl":"https:\/\/unifsa.com.br\/site\/wp-content\/uploads\/2023\/06\/WhatsApp-Image-2023-06-01-at-16.14.57.jpeg","width":1600,"height":900},{"@type":"BreadcrumbList","@id":"https:\/\/unifsa.com.br\/site\/iv-semana-de-engenharia-oferece-quatro-dias-de-muito-conhecimento\/#breadcrumb","itemListElement":[{"@type":"ListItem","position":1,"name":"In\u00edcio","item":"https:\/\/unifsa.com.br\/site\/"},{"@type":"ListItem","position":2,"name":"IV Semana de Engenharia oferece quatro dias de muito conhecimento"}]},{"@type":"WebSite","@id":"https:\/\/unifsa.com.br\/site\/#website","url":"https:\/\/unifsa.com.br\/site\/","name":"Centro Universit\u00e1rio Santo Agostinho - UNIFSA","description":"Conhecimento para toda a vida","publisher":{"@id":"https:\/\/unifsa.com.br\/site\/#organization"},"potentialAction":[{"@type":"SearchAction","target":{"@type":"EntryPoint","urlTemplate":"https:\/\/unifsa.com.br\/site\/?s={search_term_string}"},"query-input":{"@type":"PropertyValueSpecification","valueRequired":true,"valueName":"search_term_string"}}],"inLanguage":"pt-BR"},{"@type":"Organization","@id":"https:\/\/unifsa.com.br\/site\/#organization","name":"Centro Universit\u00e1rio Santo Agostinho - UNIFSA","url":"https:\/\/unifsa.com.br\/site\/","logo":{"@type":"ImageObject","inLanguage":"pt-BR","@id":"https:\/\/unifsa.com.br\/site\/#\/schema\/logo\/image\/","url":"https:\/\/unifsa.com.br\/site\/wp-content\/uploads\/2023\/03\/MARCA-UNIFSA-CIC23-q2apjs1mt975cf1wl25b044coj90fwoiee1kya6800.png","contentUrl":"https:\/\/unifsa.com.br\/site\/wp-content\/uploads\/2023\/03\/MARCA-UNIFSA-CIC23-q2apjs1mt975cf1wl25b044coj90fwoiee1kya6800.png","width":103,"height":100,"caption":"Centro Universit\u00e1rio Santo Agostinho - UNIFSA"},"image":{"@id":"https:\/\/unifsa.com.br\/site\/#\/schema\/logo\/image\/"},"sameAs":["https:\/\/www.facebook.com\/unifsa\/","https:\/\/www.instagram.com\/unifsa\/"]},{"@type":"Person","@id":"https:\/\/unifsa.com.br\/site\/#\/schema\/person\/a4cec94bbc6ddf98f579162824de9bf2","name":"Oceannyra Kelly da Cruz Silva","image":{"@type":"ImageObject","inLanguage":"pt-BR","@id":"https:\/\/unifsa.com.br\/site\/#\/schema\/person\/image\/","url":"https:\/\/secure.gravatar.com\/avatar\/671b9403a3f629391fa303312f7d3867?s=96&d=mm&r=g","contentUrl":"https:\/\/secure.gravatar.com\/avatar\/671b9403a3f629391fa303312f7d3867?s=96&d=mm&r=g","caption":"Oceannyra Kelly da Cruz Silva"},"url":"https:\/\/unifsa.com.br\/site\/author\/oceannyrakelly\/"}]}},"_links":{"self":[{"href":"https:\/\/unifsa.com.br\/site\/wp-json\/wp\/v2\/posts\/22622","targetHints":{"allow":["GET"]}}],"collection":[{"href":"https:\/\/unifsa.com.br\/site\/wp-json\/wp\/v2\/posts"}],"about":[{"href":"https:\/\/unifsa.com.br\/site\/wp-json\/wp\/v2\/types\/post"}],"author":[{"embeddable":true,"href":"https:\/\/unifsa.com.br\/site\/wp-json\/wp\/v2\/users\/11"}],"replies":[{"embeddable":true,"href":"https:\/\/unifsa.com.br\/site\/wp-json\/wp\/v2\/comments?post=22622"}],"version-history":[{"count":5,"href":"https:\/\/unifsa.com.br\/site\/wp-json\/wp\/v2\/posts\/22622\/revisions"}],"predecessor-version":[{"id":22679,"href":"https:\/\/unifsa.com.br\/site\/wp-json\/wp\/v2\/posts\/22622\/revisions\/22679"}],"wp:featuredmedia":[{"embeddable":true,"href":"https:\/\/unifsa.com.br\/site\/wp-json\/wp\/v2\/media\/22628"}],"wp:attachment":[{"href":"https:\/\/unifsa.com.br\/site\/wp-json\/wp\/v2\/media?parent=22622"}],"wp:term":[{"taxonomy":"category","embeddable":true,"href":"https:\/\/unifsa.com.br\/site\/wp-json\/wp\/v2\/categories?post=22622"},{"taxonomy":"post_tag","embeddable":true,"href":"https:\/\/unifsa.com.br\/site\/wp-json\/wp\/v2\/tags?post=22622"}],"curies":[{"name":"wp","href":"https:\/\/api.w.org\/{rel}","templated":true}]}}