{"id":22545,"date":"2023-05-29T16:53:36","date_gmt":"2023-05-29T19:53:36","guid":{"rendered":"https:\/\/unifsa.com.br\/site\/?p=22545"},"modified":"2023-05-29T16:53:39","modified_gmt":"2023-05-29T19:53:39","slug":"alunos-unifsa-sao-premiados-no-congresso-internacional-de-odontologia-do-piaui","status":"publish","type":"post","link":"https:\/\/unifsa.com.br\/site\/alunos-unifsa-sao-premiados-no-congresso-internacional-de-odontologia-do-piaui\/","title":{"rendered":"Alunos UNIFSA s\u00e3o premiados no Congresso Internacional de Odontologia do Piau\u00ed"},"content":{"rendered":"\n<p class=\"texto-justificado\">O Centro Universit\u00e1rio Santo Agostinho participou do <strong>8\u00b0 Congresso Internacional de Odontologia do Piau\u00ed<\/strong>, de 25 a 27 de maio no Atlantic City eventos, e <strong>seis alunos tiveram seus trabalhos premiados no evento<\/strong>. Ao todo, foram mais de 25 trabalhos enviados por alunos e professores da institui\u00e7\u00e3o nas seguintes categorias: Relato de Caso, Extens\u00e3o Universit\u00e1ria ou Relato de Experi\u00eancia Profissional, Revis\u00e3o de Literatura e Pesquisa Cient\u00edfica. Confira a lista de trabalhos premiados.<\/p>\n\n\n\n<figure class=\"wp-block-table\"><table><tbody><tr><td class=\"has-text-align-center\" data-align=\"center\"><strong>T\u00cdTULO<\/strong><\/td><td class=\"has-text-align-center\" data-align=\"center\"><strong>ALUNO<\/strong><\/td><td class=\"has-text-align-center\" data-align=\"center\"><strong>PROFESSOR<\/strong><\/td><td class=\"has-text-align-center\" data-align=\"center\"><strong>CATEGORIA<\/strong><\/td><\/tr><tr><td class=\"has-text-align-center\" data-align=\"center\">Eleva\u00e7\u00e3o de assoalho de seio maxilar utilizando enxerto xen\u00f3geno associado a fibrina rica em plaquetas: relato de caso<\/td><td class=\"has-text-align-center\" data-align=\"center\">Carolina Cardoso de Araujo<\/td><td class=\"has-text-align-center\" data-align=\"center\">Marcius Vinicius Reis<\/td><td class=\"has-text-align-center\" data-align=\"center\">2\u00ba lugar, relato de caso<\/td><\/tr><tr><td class=\"has-text-align-center\" data-align=\"center\">Remo\u00e7\u00e3o de implantes mal posicionados e corre\u00e7\u00e3o de complica\u00e7\u00e3o est\u00e9tica com regenera\u00e7\u00e3o \u00f3ssea guiada: relato de caso<\/td><td class=\"has-text-align-center\" data-align=\"center\">Joao Victo Veras de Morais<\/td><td class=\"has-text-align-center\" data-align=\"center\">Luanne Matos<\/td><td class=\"has-text-align-center\" data-align=\"center\">3\u00ba lugar, relato de caso<\/td><\/tr><tr><td class=\"has-text-align-center\" data-align=\"center\">Reconstru\u00e7\u00e3o \u00f3ssea utilizando t\u00e9cnica de Khoury na reabilita\u00e7\u00e3o oral com implantes osteointegr\u00e1veis: relato de caso<\/td><td class=\"has-text-align-center\" data-align=\"center\">Carolina Cardoso de Araujo<\/td><td class=\"has-text-align-center\" data-align=\"center\">Alex Servio<\/td><td class=\"has-text-align-center\" data-align=\"center\">2\u00ba lugar, relato de caso<\/td><\/tr><tr><td class=\"has-text-align-center\" data-align=\"center\">Possibilidades de reabilita\u00e7\u00e3o oral: PPR unilateral<\/td><td class=\"has-text-align-center\" data-align=\"center\">Lucas Batista Fontes<\/td><td class=\"has-text-align-center\" data-align=\"center\">Suelen Barros<\/td><td class=\"has-text-align-center\" data-align=\"center\">3\u00ba lugar, revis\u00e3o de literatura<\/td><\/tr><tr><td class=\"has-text-align-center\" data-align=\"center\">Elabora\u00e7\u00e3o de v\u00eddeo educativo sobre orienta\u00e7\u00f5es de higiene bucal para pacientes surdos na pr\u00e1tica odontol\u00f3gica: extens\u00e3o universit\u00e1ria<\/td><td class=\"has-text-align-center\" data-align=\"center\">Flavio Cosme Santos da Silva<\/td><td class=\"has-text-align-center\" data-align=\"center\">Luana Moura<\/td><td class=\"has-text-align-center\" data-align=\"center\">3\u00ba lugar, extens\u00e3o universit\u00e1ria<\/td><\/tr><tr><td class=\"has-text-align-center\" data-align=\"center\">Avalia\u00e7\u00e3o dos m\u00e9todos de desinfec\u00e7\u00e3o dos moldes com hidrocol\u00f3ides irrevers\u00edveis utilizados por acad\u00eamicos de odontologia<\/td><td class=\"has-text-align-center\" data-align=\"center\">Sarah de Ara\u00fajo Mendes Cardoso<\/td><td class=\"has-text-align-center\" data-align=\"center\">Luanne Mara Rodrigues de Matos<\/td><td class=\"has-text-align-center\" data-align=\"center\">2\u00b0 Lugar, Pesquisa &#8211; Tema Livre<\/td><\/tr><\/tbody><\/table><\/figure>\n\n\n\n<p class=\"texto-justificado\">O 8\u00b0 Congresso Internacional de Odontologia do Piau\u00ed \u2013 CIOPI \u00e9 realizado pela\u00a0Associa\u00e7\u00e3o Brasileira de Odontologia \u2013 ABO e tem como objetivo discutir a atual situa\u00e7\u00e3o da odontologia a n\u00edveis nacional e internacional. Em sua 8\u00b0 Edi\u00e7\u00e3o, o CIOPI contou com uma programa\u00e7\u00e3o rica e diversificada, onde, al\u00e9m de um amplo conte\u00fado cient\u00edfico, os participantes tiveram a oportunidade de refletir sobre os desafios que se colocam hoje na odontologia.<\/p>\n\n\n\n<p class=\"texto-justificado\">Na ocasi\u00e3o, o UNIFSA tamb\u00e9m participou do evento com um stand de divulga\u00e7\u00e3o da farm\u00e1cia escola e da p\u00f3s-gradua\u00e7\u00e3o em Reabilita\u00e7\u00e3o Oral com Aperfei\u00e7oamento em Periodontia, que est\u00e1 com inscri\u00e7\u00f5es abertas para sua primeira turma. <\/p>\n\n\n\n<div class=\"wp-block-buttons is-content-justification-center is-layout-flex wp-container-core-buttons-is-layout-16018d1d wp-block-buttons-is-layout-flex\">\n<div class=\"wp-block-button\"><a class=\"wp-block-button__link has-vivid-cyan-blue-background-color has-background wp-element-button\" href=\"https:\/\/unifsa.com.br\/site\/pos_graduacao\/reabilitacao-oral-com-aperfeicoamento-em-periodontia\/\">Saiba mais sobre esse curso<\/a><\/div>\n<\/div>\n\n\n\n<figure class=\"wp-block-image size-large\"><img fetchpriority=\"high\" decoding=\"async\" width=\"1024\" height=\"702\" src=\"https:\/\/unifsa.com.br\/site\/wp-content\/uploads\/2023\/05\/WhatsApp-Image-2023-05-25-at-15.15.41-1024x702.jpeg\" alt=\"\" class=\"wp-image-22548\" srcset=\"https:\/\/unifsa.com.br\/site\/wp-content\/uploads\/2023\/05\/WhatsApp-Image-2023-05-25-at-15.15.41-1024x702.jpeg 1024w, https:\/\/unifsa.com.br\/site\/wp-content\/uploads\/2023\/05\/WhatsApp-Image-2023-05-25-at-15.15.41-300x206.jpeg 300w, https:\/\/unifsa.com.br\/site\/wp-content\/uploads\/2023\/05\/WhatsApp-Image-2023-05-25-at-15.15.41-768x527.jpeg 768w, https:\/\/unifsa.com.br\/site\/wp-content\/uploads\/2023\/05\/WhatsApp-Image-2023-05-25-at-15.15.41.jpeg 1110w\" sizes=\"(max-width: 1024px) 100vw, 1024px\" \/><\/figure>\n","protected":false},"excerpt":{"rendered":"<p>O Centro Universit\u00e1rio Santo Agostinho participou do 8\u00b0 Congresso Internacional de Odontologia do Piau\u00ed, de 25 a 27 de maio no Atlantic City eventos, e seis alunos tiveram seus trabalhos premiados no evento. Ao todo, foram mais de 25 trabalhos enviados por alunos e professores da institui\u00e7\u00e3o nas seguintes categorias: Relato de Caso, Extens\u00e3o Universit\u00e1ria<\/p>\n","protected":false},"author":11,"featured_media":22546,"comment_status":"closed","ping_status":"open","sticky":false,"template":"","format":"standard","meta":{"_acf_changed":false,"footnotes":""},"categories":[6,63],"tags":[1214,222],"class_list":["post-22545","post","type-post","status-publish","format-standard","has-post-thumbnail","hentry","category-acontece-na-unifsa","category-odontologia","tag-congresso-internacional-de-odontologia-do-piaui","tag-odontologia"],"acf":[],"yoast_head":"<!-- This site is optimized with the Yoast SEO plugin v26.5 - https:\/\/yoast.com\/wordpress\/plugins\/seo\/ -->\n<title>Alunos UNIFSA s\u00e3o premiados no Congresso Internacional de Odontologia do Piau\u00ed - Centro Universit\u00e1rio Santo Agostinho - UNIFSA<\/title>\n<meta name=\"robots\" content=\"index, follow, max-snippet:-1, max-image-preview:large, max-video-preview:-1\" \/>\n<link rel=\"canonical\" href=\"https:\/\/unifsa.com.br\/site\/alunos-unifsa-sao-premiados-no-congresso-internacional-de-odontologia-do-piaui\/\" \/>\n<meta property=\"og:locale\" content=\"pt_BR\" \/>\n<meta property=\"og:type\" content=\"article\" \/>\n<meta property=\"og:title\" content=\"Alunos UNIFSA s\u00e3o premiados no Congresso Internacional de Odontologia do Piau\u00ed - Centro Universit\u00e1rio Santo Agostinho - UNIFSA\" \/>\n<meta property=\"og:description\" content=\"O Centro Universit\u00e1rio Santo Agostinho participou do 8\u00b0 Congresso Internacional de Odontologia do Piau\u00ed, de 25 a 27 de maio no Atlantic City eventos, e seis alunos tiveram seus trabalhos premiados no evento. Ao todo, foram mais de 25 trabalhos enviados por alunos e professores da institui\u00e7\u00e3o nas seguintes categorias: Relato de Caso, Extens\u00e3o Universit\u00e1ria\" \/>\n<meta property=\"og:url\" content=\"https:\/\/unifsa.com.br\/site\/alunos-unifsa-sao-premiados-no-congresso-internacional-de-odontologia-do-piaui\/\" \/>\n<meta property=\"og:site_name\" content=\"Centro Universit\u00e1rio Santo Agostinho - UNIFSA\" \/>\n<meta property=\"article:publisher\" content=\"https:\/\/www.facebook.com\/unifsa\/\" \/>\n<meta property=\"article:published_time\" content=\"2023-05-29T19:53:36+00:00\" \/>\n<meta property=\"article:modified_time\" content=\"2023-05-29T19:53:39+00:00\" \/>\n<meta property=\"og:image\" content=\"https:\/\/unifsa.com.br\/site\/wp-content\/uploads\/2023\/05\/WhatsApp-Image-2023-05-29-at-09.56.27.jpeg\" \/>\n\t<meta property=\"og:image:width\" content=\"1194\" \/>\n\t<meta property=\"og:image:height\" content=\"747\" \/>\n\t<meta property=\"og:image:type\" content=\"image\/jpeg\" \/>\n<meta name=\"author\" content=\"Oceannyra Kelly da Cruz Silva\" \/>\n<meta name=\"twitter:card\" content=\"summary_large_image\" \/>\n<meta name=\"twitter:label1\" content=\"Escrito por\" \/>\n\t<meta name=\"twitter:data1\" content=\"Oceannyra Kelly da Cruz Silva\" \/>\n\t<meta name=\"twitter:label2\" content=\"Est. tempo de leitura\" \/>\n\t<meta name=\"twitter:data2\" content=\"3 minutos\" \/>\n<script type=\"application\/ld+json\" class=\"yoast-schema-graph\">{\"@context\":\"https:\/\/schema.org\",\"@graph\":[{\"@type\":\"Article\",\"@id\":\"https:\/\/unifsa.com.br\/site\/alunos-unifsa-sao-premiados-no-congresso-internacional-de-odontologia-do-piaui\/#article\",\"isPartOf\":{\"@id\":\"https:\/\/unifsa.com.br\/site\/alunos-unifsa-sao-premiados-no-congresso-internacional-de-odontologia-do-piaui\/\"},\"author\":{\"name\":\"Oceannyra Kelly da Cruz Silva\",\"@id\":\"https:\/\/unifsa.com.br\/site\/#\/schema\/person\/a4cec94bbc6ddf98f579162824de9bf2\"},\"headline\":\"Alunos UNIFSA s\u00e3o premiados no Congresso Internacional de Odontologia do Piau\u00ed\",\"datePublished\":\"2023-05-29T19:53:36+00:00\",\"dateModified\":\"2023-05-29T19:53:39+00:00\",\"mainEntityOfPage\":{\"@id\":\"https:\/\/unifsa.com.br\/site\/alunos-unifsa-sao-premiados-no-congresso-internacional-de-odontologia-do-piaui\/\"},\"wordCount\":397,\"publisher\":{\"@id\":\"https:\/\/unifsa.com.br\/site\/#organization\"},\"image\":{\"@id\":\"https:\/\/unifsa.com.br\/site\/alunos-unifsa-sao-premiados-no-congresso-internacional-de-odontologia-do-piaui\/#primaryimage\"},\"thumbnailUrl\":\"https:\/\/unifsa.com.br\/site\/wp-content\/uploads\/2023\/05\/WhatsApp-Image-2023-05-29-at-09.56.27.jpeg\",\"keywords\":[\"Congresso Internacional de Odontologia do Piau\u00ed\",\"Odontologia\"],\"articleSection\":[\"Acontece na UNIFSA\",\"Odontologia\"],\"inLanguage\":\"pt-BR\"},{\"@type\":\"WebPage\",\"@id\":\"https:\/\/unifsa.com.br\/site\/alunos-unifsa-sao-premiados-no-congresso-internacional-de-odontologia-do-piaui\/\",\"url\":\"https:\/\/unifsa.com.br\/site\/alunos-unifsa-sao-premiados-no-congresso-internacional-de-odontologia-do-piaui\/\",\"name\":\"Alunos UNIFSA s\u00e3o premiados no Congresso Internacional de Odontologia do Piau\u00ed - Centro Universit\u00e1rio Santo Agostinho - UNIFSA\",\"isPartOf\":{\"@id\":\"https:\/\/unifsa.com.br\/site\/#website\"},\"primaryImageOfPage\":{\"@id\":\"https:\/\/unifsa.com.br\/site\/alunos-unifsa-sao-premiados-no-congresso-internacional-de-odontologia-do-piaui\/#primaryimage\"},\"image\":{\"@id\":\"https:\/\/unifsa.com.br\/site\/alunos-unifsa-sao-premiados-no-congresso-internacional-de-odontologia-do-piaui\/#primaryimage\"},\"thumbnailUrl\":\"https:\/\/unifsa.com.br\/site\/wp-content\/uploads\/2023\/05\/WhatsApp-Image-2023-05-29-at-09.56.27.jpeg\",\"datePublished\":\"2023-05-29T19:53:36+00:00\",\"dateModified\":\"2023-05-29T19:53:39+00:00\",\"breadcrumb\":{\"@id\":\"https:\/\/unifsa.com.br\/site\/alunos-unifsa-sao-premiados-no-congresso-internacional-de-odontologia-do-piaui\/#breadcrumb\"},\"inLanguage\":\"pt-BR\",\"potentialAction\":[{\"@type\":\"ReadAction\",\"target\":[\"https:\/\/unifsa.com.br\/site\/alunos-unifsa-sao-premiados-no-congresso-internacional-de-odontologia-do-piaui\/\"]}]},{\"@type\":\"ImageObject\",\"inLanguage\":\"pt-BR\",\"@id\":\"https:\/\/unifsa.com.br\/site\/alunos-unifsa-sao-premiados-no-congresso-internacional-de-odontologia-do-piaui\/#primaryimage\",\"url\":\"https:\/\/unifsa.com.br\/site\/wp-content\/uploads\/2023\/05\/WhatsApp-Image-2023-05-29-at-09.56.27.jpeg\",\"contentUrl\":\"https:\/\/unifsa.com.br\/site\/wp-content\/uploads\/2023\/05\/WhatsApp-Image-2023-05-29-at-09.56.27.jpeg\",\"width\":1194,\"height\":747},{\"@type\":\"BreadcrumbList\",\"@id\":\"https:\/\/unifsa.com.br\/site\/alunos-unifsa-sao-premiados-no-congresso-internacional-de-odontologia-do-piaui\/#breadcrumb\",\"itemListElement\":[{\"@type\":\"ListItem\",\"position\":1,\"name\":\"In\u00edcio\",\"item\":\"https:\/\/unifsa.com.br\/site\/\"},{\"@type\":\"ListItem\",\"position\":2,\"name\":\"Alunos UNIFSA s\u00e3o premiados no Congresso Internacional de Odontologia do Piau\u00ed\"}]},{\"@type\":\"WebSite\",\"@id\":\"https:\/\/unifsa.com.br\/site\/#website\",\"url\":\"https:\/\/unifsa.com.br\/site\/\",\"name\":\"Centro Universit\u00e1rio Santo Agostinho - UNIFSA\",\"description\":\"Conhecimento para toda a vida\",\"publisher\":{\"@id\":\"https:\/\/unifsa.com.br\/site\/#organization\"},\"potentialAction\":[{\"@type\":\"SearchAction\",\"target\":{\"@type\":\"EntryPoint\",\"urlTemplate\":\"https:\/\/unifsa.com.br\/site\/?s={search_term_string}\"},\"query-input\":{\"@type\":\"PropertyValueSpecification\",\"valueRequired\":true,\"valueName\":\"search_term_string\"}}],\"inLanguage\":\"pt-BR\"},{\"@type\":\"Organization\",\"@id\":\"https:\/\/unifsa.com.br\/site\/#organization\",\"name\":\"Centro Universit\u00e1rio Santo Agostinho - UNIFSA\",\"url\":\"https:\/\/unifsa.com.br\/site\/\",\"logo\":{\"@type\":\"ImageObject\",\"inLanguage\":\"pt-BR\",\"@id\":\"https:\/\/unifsa.com.br\/site\/#\/schema\/logo\/image\/\",\"url\":\"https:\/\/unifsa.com.br\/site\/wp-content\/uploads\/2023\/03\/MARCA-UNIFSA-CIC23-q2apjs1mt975cf1wl25b044coj90fwoiee1kya6800.png\",\"contentUrl\":\"https:\/\/unifsa.com.br\/site\/wp-content\/uploads\/2023\/03\/MARCA-UNIFSA-CIC23-q2apjs1mt975cf1wl25b044coj90fwoiee1kya6800.png\",\"width\":103,\"height\":100,\"caption\":\"Centro Universit\u00e1rio Santo Agostinho - UNIFSA\"},\"image\":{\"@id\":\"https:\/\/unifsa.com.br\/site\/#\/schema\/logo\/image\/\"},\"sameAs\":[\"https:\/\/www.facebook.com\/unifsa\/\",\"https:\/\/www.instagram.com\/unifsa\/\"]},{\"@type\":\"Person\",\"@id\":\"https:\/\/unifsa.com.br\/site\/#\/schema\/person\/a4cec94bbc6ddf98f579162824de9bf2\",\"name\":\"Oceannyra Kelly da Cruz Silva\",\"image\":{\"@type\":\"ImageObject\",\"inLanguage\":\"pt-BR\",\"@id\":\"https:\/\/unifsa.com.br\/site\/#\/schema\/person\/image\/\",\"url\":\"https:\/\/secure.gravatar.com\/avatar\/05c87cd6fa2c3c73262055bd9341438a47e77a37053b409b3cf4f8df60ea8eb8?s=96&d=mm&r=g\",\"contentUrl\":\"https:\/\/secure.gravatar.com\/avatar\/05c87cd6fa2c3c73262055bd9341438a47e77a37053b409b3cf4f8df60ea8eb8?s=96&d=mm&r=g\",\"caption\":\"Oceannyra Kelly da Cruz Silva\"},\"url\":\"https:\/\/unifsa.com.br\/site\/author\/oceannyrakelly\/\"}]}<\/script>\n<!-- \/ Yoast SEO plugin. -->","yoast_head_json":{"title":"Alunos UNIFSA s\u00e3o premiados no Congresso Internacional de Odontologia do Piau\u00ed - Centro Universit\u00e1rio Santo Agostinho - UNIFSA","robots":{"index":"index","follow":"follow","max-snippet":"max-snippet:-1","max-image-preview":"max-image-preview:large","max-video-preview":"max-video-preview:-1"},"canonical":"https:\/\/unifsa.com.br\/site\/alunos-unifsa-sao-premiados-no-congresso-internacional-de-odontologia-do-piaui\/","og_locale":"pt_BR","og_type":"article","og_title":"Alunos UNIFSA s\u00e3o premiados no Congresso Internacional de Odontologia do Piau\u00ed - Centro Universit\u00e1rio Santo Agostinho - UNIFSA","og_description":"O Centro Universit\u00e1rio Santo Agostinho participou do 8\u00b0 Congresso Internacional de Odontologia do Piau\u00ed, de 25 a 27 de maio no Atlantic City eventos, e seis alunos tiveram seus trabalhos premiados no evento. Ao todo, foram mais de 25 trabalhos enviados por alunos e professores da institui\u00e7\u00e3o nas seguintes categorias: Relato de Caso, Extens\u00e3o Universit\u00e1ria","og_url":"https:\/\/unifsa.com.br\/site\/alunos-unifsa-sao-premiados-no-congresso-internacional-de-odontologia-do-piaui\/","og_site_name":"Centro Universit\u00e1rio Santo Agostinho - UNIFSA","article_publisher":"https:\/\/www.facebook.com\/unifsa\/","article_published_time":"2023-05-29T19:53:36+00:00","article_modified_time":"2023-05-29T19:53:39+00:00","og_image":[{"width":1194,"height":747,"url":"https:\/\/unifsa.com.br\/site\/wp-content\/uploads\/2023\/05\/WhatsApp-Image-2023-05-29-at-09.56.27.jpeg","type":"image\/jpeg"}],"author":"Oceannyra Kelly da Cruz Silva","twitter_card":"summary_large_image","twitter_misc":{"Escrito por":"Oceannyra Kelly da Cruz Silva","Est. tempo de leitura":"3 minutos"},"schema":{"@context":"https:\/\/schema.org","@graph":[{"@type":"Article","@id":"https:\/\/unifsa.com.br\/site\/alunos-unifsa-sao-premiados-no-congresso-internacional-de-odontologia-do-piaui\/#article","isPartOf":{"@id":"https:\/\/unifsa.com.br\/site\/alunos-unifsa-sao-premiados-no-congresso-internacional-de-odontologia-do-piaui\/"},"author":{"name":"Oceannyra Kelly da Cruz Silva","@id":"https:\/\/unifsa.com.br\/site\/#\/schema\/person\/a4cec94bbc6ddf98f579162824de9bf2"},"headline":"Alunos UNIFSA s\u00e3o premiados no Congresso Internacional de Odontologia do Piau\u00ed","datePublished":"2023-05-29T19:53:36+00:00","dateModified":"2023-05-29T19:53:39+00:00","mainEntityOfPage":{"@id":"https:\/\/unifsa.com.br\/site\/alunos-unifsa-sao-premiados-no-congresso-internacional-de-odontologia-do-piaui\/"},"wordCount":397,"publisher":{"@id":"https:\/\/unifsa.com.br\/site\/#organization"},"image":{"@id":"https:\/\/unifsa.com.br\/site\/alunos-unifsa-sao-premiados-no-congresso-internacional-de-odontologia-do-piaui\/#primaryimage"},"thumbnailUrl":"https:\/\/unifsa.com.br\/site\/wp-content\/uploads\/2023\/05\/WhatsApp-Image-2023-05-29-at-09.56.27.jpeg","keywords":["Congresso Internacional de Odontologia do Piau\u00ed","Odontologia"],"articleSection":["Acontece na UNIFSA","Odontologia"],"inLanguage":"pt-BR"},{"@type":"WebPage","@id":"https:\/\/unifsa.com.br\/site\/alunos-unifsa-sao-premiados-no-congresso-internacional-de-odontologia-do-piaui\/","url":"https:\/\/unifsa.com.br\/site\/alunos-unifsa-sao-premiados-no-congresso-internacional-de-odontologia-do-piaui\/","name":"Alunos UNIFSA s\u00e3o premiados no Congresso Internacional de Odontologia do Piau\u00ed - Centro Universit\u00e1rio Santo Agostinho - UNIFSA","isPartOf":{"@id":"https:\/\/unifsa.com.br\/site\/#website"},"primaryImageOfPage":{"@id":"https:\/\/unifsa.com.br\/site\/alunos-unifsa-sao-premiados-no-congresso-internacional-de-odontologia-do-piaui\/#primaryimage"},"image":{"@id":"https:\/\/unifsa.com.br\/site\/alunos-unifsa-sao-premiados-no-congresso-internacional-de-odontologia-do-piaui\/#primaryimage"},"thumbnailUrl":"https:\/\/unifsa.com.br\/site\/wp-content\/uploads\/2023\/05\/WhatsApp-Image-2023-05-29-at-09.56.27.jpeg","datePublished":"2023-05-29T19:53:36+00:00","dateModified":"2023-05-29T19:53:39+00:00","breadcrumb":{"@id":"https:\/\/unifsa.com.br\/site\/alunos-unifsa-sao-premiados-no-congresso-internacional-de-odontologia-do-piaui\/#breadcrumb"},"inLanguage":"pt-BR","potentialAction":[{"@type":"ReadAction","target":["https:\/\/unifsa.com.br\/site\/alunos-unifsa-sao-premiados-no-congresso-internacional-de-odontologia-do-piaui\/"]}]},{"@type":"ImageObject","inLanguage":"pt-BR","@id":"https:\/\/unifsa.com.br\/site\/alunos-unifsa-sao-premiados-no-congresso-internacional-de-odontologia-do-piaui\/#primaryimage","url":"https:\/\/unifsa.com.br\/site\/wp-content\/uploads\/2023\/05\/WhatsApp-Image-2023-05-29-at-09.56.27.jpeg","contentUrl":"https:\/\/unifsa.com.br\/site\/wp-content\/uploads\/2023\/05\/WhatsApp-Image-2023-05-29-at-09.56.27.jpeg","width":1194,"height":747},{"@type":"BreadcrumbList","@id":"https:\/\/unifsa.com.br\/site\/alunos-unifsa-sao-premiados-no-congresso-internacional-de-odontologia-do-piaui\/#breadcrumb","itemListElement":[{"@type":"ListItem","position":1,"name":"In\u00edcio","item":"https:\/\/unifsa.com.br\/site\/"},{"@type":"ListItem","position":2,"name":"Alunos UNIFSA s\u00e3o premiados no Congresso Internacional de Odontologia do Piau\u00ed"}]},{"@type":"WebSite","@id":"https:\/\/unifsa.com.br\/site\/#website","url":"https:\/\/unifsa.com.br\/site\/","name":"Centro Universit\u00e1rio Santo Agostinho - UNIFSA","description":"Conhecimento para toda a vida","publisher":{"@id":"https:\/\/unifsa.com.br\/site\/#organization"},"potentialAction":[{"@type":"SearchAction","target":{"@type":"EntryPoint","urlTemplate":"https:\/\/unifsa.com.br\/site\/?s={search_term_string}"},"query-input":{"@type":"PropertyValueSpecification","valueRequired":true,"valueName":"search_term_string"}}],"inLanguage":"pt-BR"},{"@type":"Organization","@id":"https:\/\/unifsa.com.br\/site\/#organization","name":"Centro Universit\u00e1rio Santo Agostinho - UNIFSA","url":"https:\/\/unifsa.com.br\/site\/","logo":{"@type":"ImageObject","inLanguage":"pt-BR","@id":"https:\/\/unifsa.com.br\/site\/#\/schema\/logo\/image\/","url":"https:\/\/unifsa.com.br\/site\/wp-content\/uploads\/2023\/03\/MARCA-UNIFSA-CIC23-q2apjs1mt975cf1wl25b044coj90fwoiee1kya6800.png","contentUrl":"https:\/\/unifsa.com.br\/site\/wp-content\/uploads\/2023\/03\/MARCA-UNIFSA-CIC23-q2apjs1mt975cf1wl25b044coj90fwoiee1kya6800.png","width":103,"height":100,"caption":"Centro Universit\u00e1rio Santo Agostinho - UNIFSA"},"image":{"@id":"https:\/\/unifsa.com.br\/site\/#\/schema\/logo\/image\/"},"sameAs":["https:\/\/www.facebook.com\/unifsa\/","https:\/\/www.instagram.com\/unifsa\/"]},{"@type":"Person","@id":"https:\/\/unifsa.com.br\/site\/#\/schema\/person\/a4cec94bbc6ddf98f579162824de9bf2","name":"Oceannyra Kelly da Cruz Silva","image":{"@type":"ImageObject","inLanguage":"pt-BR","@id":"https:\/\/unifsa.com.br\/site\/#\/schema\/person\/image\/","url":"https:\/\/secure.gravatar.com\/avatar\/05c87cd6fa2c3c73262055bd9341438a47e77a37053b409b3cf4f8df60ea8eb8?s=96&d=mm&r=g","contentUrl":"https:\/\/secure.gravatar.com\/avatar\/05c87cd6fa2c3c73262055bd9341438a47e77a37053b409b3cf4f8df60ea8eb8?s=96&d=mm&r=g","caption":"Oceannyra Kelly da Cruz Silva"},"url":"https:\/\/unifsa.com.br\/site\/author\/oceannyrakelly\/"}]}},"_links":{"self":[{"href":"https:\/\/unifsa.com.br\/site\/wp-json\/wp\/v2\/posts\/22545","targetHints":{"allow":["GET"]}}],"collection":[{"href":"https:\/\/unifsa.com.br\/site\/wp-json\/wp\/v2\/posts"}],"about":[{"href":"https:\/\/unifsa.com.br\/site\/wp-json\/wp\/v2\/types\/post"}],"author":[{"embeddable":true,"href":"https:\/\/unifsa.com.br\/site\/wp-json\/wp\/v2\/users\/11"}],"replies":[{"embeddable":true,"href":"https:\/\/unifsa.com.br\/site\/wp-json\/wp\/v2\/comments?post=22545"}],"version-history":[{"count":3,"href":"https:\/\/unifsa.com.br\/site\/wp-json\/wp\/v2\/posts\/22545\/revisions"}],"predecessor-version":[{"id":22550,"href":"https:\/\/unifsa.com.br\/site\/wp-json\/wp\/v2\/posts\/22545\/revisions\/22550"}],"wp:featuredmedia":[{"embeddable":true,"href":"https:\/\/unifsa.com.br\/site\/wp-json\/wp\/v2\/media\/22546"}],"wp:attachment":[{"href":"https:\/\/unifsa.com.br\/site\/wp-json\/wp\/v2\/media?parent=22545"}],"wp:term":[{"taxonomy":"category","embeddable":true,"href":"https:\/\/unifsa.com.br\/site\/wp-json\/wp\/v2\/categories?post=22545"},{"taxonomy":"post_tag","embeddable":true,"href":"https:\/\/unifsa.com.br\/site\/wp-json\/wp\/v2\/tags?post=22545"}],"curies":[{"name":"wp","href":"https:\/\/api.w.org\/{rel}","templated":true}]}}