{"id":22068,"date":"2023-05-08T10:36:34","date_gmt":"2023-05-08T13:36:34","guid":{"rendered":"https:\/\/unifsa.com.br\/site\/?p=22068"},"modified":"2023-05-08T10:36:36","modified_gmt":"2023-05-08T13:36:36","slug":"prorrogado-prazo-para-submissao-de-trabalhos-cientificos-na-iii-jornada-de-farmacia","status":"publish","type":"post","link":"https:\/\/unifsa.com.br\/site\/prorrogado-prazo-para-submissao-de-trabalhos-cientificos-na-iii-jornada-de-farmacia\/","title":{"rendered":"Prorrogado prazo para submiss\u00e3o de trabalhos cient\u00edficos na III Jornada de Farm\u00e1cia"},"content":{"rendered":"\n<p class=\"texto-justificado\">A III Jornada de Farm\u00e1cia do Centro Universit\u00e1rio Santo Agostinho, que acontecer\u00e1 nos dias 19 e 20 de maio, prorrogou o prazo para a submiss\u00e3o de trabalhos cient\u00edficos. Os interessados t\u00eam at\u00e9 o dia 10 de maio, com inscri\u00e7\u00f5es via formul\u00e1rio. Poder\u00e3o submeter trabalhos todos os interessados que estejam inscritos no evento.<\/p>\n\n\n\n<div class=\"wp-block-buttons is-content-justification-center is-layout-flex wp-container-core-buttons-is-layout-16018d1d wp-block-buttons-is-layout-flex\">\n<div class=\"wp-block-button\"><a class=\"wp-block-button__link has-white-color has-vivid-cyan-blue-background-color has-text-color has-background wp-element-button\" href=\"https:\/\/docs.google.com\/forms\/d\/e\/1FAIpQLScaWLHyiivH3mfE6dynQ7InQXNXnNt37qNkFHqSyxZGJLIeTA\/viewform\">Inscreva seu trabalho cient\u00edfico<\/a><\/div>\n<\/div>\n\n\n\n<div style=\"height:20px\" aria-hidden=\"true\" class=\"wp-block-spacer\"><\/div>\n\n\n\n<div class=\"wp-block-buttons is-content-justification-center is-layout-flex wp-container-core-buttons-is-layout-16018d1d wp-block-buttons-is-layout-flex\">\n<div class=\"wp-block-button\"><a class=\"wp-block-button__link has-background wp-element-button\" href=\"https:\/\/unifsa.com.br\/site\/wp-content\/uploads\/2023\/04\/REGULAMENTO-DOS-TRABALHOS-CIENTIFICOS-2023_Lyghia-Meirelles.pdf\" style=\"background-color:#086faa\">Confira o regulamento para submiss\u00e3o<\/a><\/div>\n<\/div>\n\n\n\n<div style=\"height:20px\" aria-hidden=\"true\" class=\"wp-block-spacer\"><\/div>\n\n\n\n<div class=\"wp-block-buttons is-content-justification-center is-layout-flex wp-container-core-buttons-is-layout-16018d1d wp-block-buttons-is-layout-flex\">\n<div class=\"wp-block-button\"><a class=\"wp-block-button__link has-background wp-element-button\" href=\"https:\/\/unifsa.com.br\/site\/wp-content\/uploads\/2023\/04\/TEMPLATE-III-JORNADA-ACADEMICA-DE-FARMACIA-DO-UNIFSA.docx\" style=\"background-color:#022840\">Template <\/a><\/div>\n<\/div>\n\n\n\n<h3 class=\"wp-block-heading has-vivid-cyan-blue-color has-text-color\">Confira o cronograma abaixo:<\/h3>\n\n\n\n<figure class=\"wp-block-table\"><table><tbody><tr><td>Submiss\u00e3o de Trabalhos Cient\u00edficos<\/td><td>14 de abril a 10 de maio de 2023<\/td><\/tr><tr><td>Resultado da an\u00e1lise de resumos<\/td><td>15 de maio de 2023<\/td><\/tr><tr><td>III Jornada de Farm\u00e1cia<\/td><td>19 e 20 de maio de 2023<\/td><\/tr><\/tbody><\/table><\/figure>\n\n\n\n<h2 class=\"wp-block-heading has-vivid-cyan-blue-color has-text-color\">III Jornada de Farm\u00e1cia<\/h2>\n\n\n\n<p class=\"texto-justificado\">A III Jornada Acad\u00eamica de Farm\u00e1cia do Centro Universit\u00e1rio Santo Agostinho acontecer\u00e1 nos dias 19 e 20 de maio, e as inscri\u00e7\u00f5es j\u00e1 est\u00e3o abertas. Com carga hor\u00e1ria de 20h, o evento acontece no Audit\u00f3rio Manoel Cipriano Lira (Sede), e possui custo de R$ 45,00 + 1kg de alimento n\u00e3o perec\u00edvel para alunos do UNIFSA, R$ 55,00 + 1kg de alimento n\u00e3o perec\u00edvel para alunos de outras IES, R$ 60,00 + 1kg de alimento n\u00e3o perec\u00edvel para egressos do UNIFSA, e R$ 65,00 + 1kg de alimento n\u00e3o perec\u00edvel para egressos de outras IES.<\/p>\n\n\n\n<p class=\"texto-justificado\">Voltada para acad\u00eamicos de cursos de sa\u00fade, com \u00eanfase no curso de farm\u00e1cia do munic\u00edpio de Teresina, cidades do interior e profissionais atuantes da \u00e1rea que buscam aperfei\u00e7oamento dos conhecimentos inovadores e amplos, a Jornada tem o objetivo de apresentar o papel do farmac\u00eautico no \u00e2mbito multidisciplinar, trabalhando nas mais diferentes \u00e1reas de atua\u00e7\u00e3o, articulando o conhecimento e as habilidades como mecanismo de forma\u00e7\u00e3o e atua\u00e7\u00e3o profissional, trazendo o profissional farmac\u00eautico como parte fundamental da atua\u00e7\u00e3o multiprofissional.<\/p>\n\n\n\n<div class=\"wp-block-buttons is-content-justification-center is-layout-flex wp-container-core-buttons-is-layout-16018d1d wp-block-buttons-is-layout-flex\">\n<div class=\"wp-block-button\"><a class=\"wp-block-button__link has-vivid-cyan-blue-background-color has-background wp-element-button\" href=\"https:\/\/unifsa.com.br\/site\/iii-jornada-de-farmacia-acontece-em-maio-e-aborda-saude-contemporanea\/\">Saiba mais sobre a III Jornada de Farm\u00e1cia<\/a><\/div>\n<\/div>\n","protected":false},"excerpt":{"rendered":"<p>Aten\u00e7\u00e3o, pesquisadores! Submeta seu trabalho cient\u00edfico na  III Jornada de Farm\u00e1cia do UNIFSA at\u00e9 dia 10 de maio<\/p>\n","protected":false},"author":12,"featured_media":22069,"comment_status":"closed","ping_status":"open","sticky":false,"template":"","format":"standard","meta":{"_acf_changed":false,"footnotes":""},"categories":[60],"tags":[331,744,764],"class_list":["post-22068","post","type-post","status-publish","format-standard","has-post-thumbnail","hentry","category-farmacia","tag-evento","tag-jornada-de-farmacia","tag-submissao-de-trabalhos"],"acf":[],"yoast_head":"<!-- This site is optimized with the Yoast SEO plugin v26.5 - https:\/\/yoast.com\/wordpress\/plugins\/seo\/ -->\n<title>Prorrogado prazo para submiss\u00e3o de trabalhos cient\u00edficos na III Jornada de Farm\u00e1cia - Centro Universit\u00e1rio Santo Agostinho - UNIFSA<\/title>\n<meta name=\"robots\" content=\"index, follow, max-snippet:-1, max-image-preview:large, max-video-preview:-1\" \/>\n<link rel=\"canonical\" href=\"https:\/\/unifsa.com.br\/site\/prorrogado-prazo-para-submissao-de-trabalhos-cientificos-na-iii-jornada-de-farmacia\/\" \/>\n<meta property=\"og:locale\" content=\"pt_BR\" \/>\n<meta property=\"og:type\" content=\"article\" \/>\n<meta property=\"og:title\" content=\"Prorrogado prazo para submiss\u00e3o de trabalhos cient\u00edficos na III Jornada de Farm\u00e1cia - Centro Universit\u00e1rio Santo Agostinho - UNIFSA\" \/>\n<meta property=\"og:description\" content=\"Aten\u00e7\u00e3o, pesquisadores! Submeta seu trabalho cient\u00edfico na III Jornada de Farm\u00e1cia do UNIFSA at\u00e9 dia 10 de maio\" \/>\n<meta property=\"og:url\" content=\"https:\/\/unifsa.com.br\/site\/prorrogado-prazo-para-submissao-de-trabalhos-cientificos-na-iii-jornada-de-farmacia\/\" \/>\n<meta property=\"og:site_name\" content=\"Centro Universit\u00e1rio Santo Agostinho - UNIFSA\" \/>\n<meta property=\"article:publisher\" content=\"https:\/\/www.facebook.com\/unifsa\/\" \/>\n<meta property=\"article:published_time\" content=\"2023-05-08T13:36:34+00:00\" \/>\n<meta property=\"article:modified_time\" content=\"2023-05-08T13:36:36+00:00\" \/>\n<meta property=\"og:image\" content=\"https:\/\/unifsa.com.br\/site\/wp-content\/uploads\/2023\/05\/Submissao-de-Trabalhos-Cientificos.png\" \/>\n\t<meta property=\"og:image:width\" content=\"1009\" \/>\n\t<meta property=\"og:image:height\" content=\"427\" \/>\n\t<meta property=\"og:image:type\" content=\"image\/png\" \/>\n<meta name=\"author\" content=\"Estev\u00e3o Leite Cordeiro de Souza\" \/>\n<meta name=\"twitter:card\" content=\"summary_large_image\" \/>\n<meta name=\"twitter:label1\" content=\"Escrito por\" \/>\n\t<meta name=\"twitter:data1\" content=\"Estev\u00e3o Leite Cordeiro de Souza\" \/>\n\t<meta name=\"twitter:label2\" content=\"Est. tempo de leitura\" \/>\n\t<meta name=\"twitter:data2\" content=\"2 minutos\" \/>\n<script type=\"application\/ld+json\" class=\"yoast-schema-graph\">{\"@context\":\"https:\/\/schema.org\",\"@graph\":[{\"@type\":\"Article\",\"@id\":\"https:\/\/unifsa.com.br\/site\/prorrogado-prazo-para-submissao-de-trabalhos-cientificos-na-iii-jornada-de-farmacia\/#article\",\"isPartOf\":{\"@id\":\"https:\/\/unifsa.com.br\/site\/prorrogado-prazo-para-submissao-de-trabalhos-cientificos-na-iii-jornada-de-farmacia\/\"},\"author\":{\"name\":\"Estev\u00e3o Leite Cordeiro de Souza\",\"@id\":\"https:\/\/unifsa.com.br\/site\/#\/schema\/person\/459d6944d25bd72102b031eb886c7cbf\"},\"headline\":\"Prorrogado prazo para submiss\u00e3o de trabalhos cient\u00edficos na III Jornada de Farm\u00e1cia\",\"datePublished\":\"2023-05-08T13:36:34+00:00\",\"dateModified\":\"2023-05-08T13:36:36+00:00\",\"mainEntityOfPage\":{\"@id\":\"https:\/\/unifsa.com.br\/site\/prorrogado-prazo-para-submissao-de-trabalhos-cientificos-na-iii-jornada-de-farmacia\/\"},\"wordCount\":319,\"publisher\":{\"@id\":\"https:\/\/unifsa.com.br\/site\/#organization\"},\"image\":{\"@id\":\"https:\/\/unifsa.com.br\/site\/prorrogado-prazo-para-submissao-de-trabalhos-cientificos-na-iii-jornada-de-farmacia\/#primaryimage\"},\"thumbnailUrl\":\"https:\/\/unifsa.com.br\/site\/wp-content\/uploads\/2023\/05\/Submissao-de-Trabalhos-Cientificos.png\",\"keywords\":[\"evento\",\"Jornada de Farm\u00e1cia\",\"submiss\u00e3o de trabalhos\"],\"articleSection\":[\"Farm\u00e1cia\"],\"inLanguage\":\"pt-BR\"},{\"@type\":\"WebPage\",\"@id\":\"https:\/\/unifsa.com.br\/site\/prorrogado-prazo-para-submissao-de-trabalhos-cientificos-na-iii-jornada-de-farmacia\/\",\"url\":\"https:\/\/unifsa.com.br\/site\/prorrogado-prazo-para-submissao-de-trabalhos-cientificos-na-iii-jornada-de-farmacia\/\",\"name\":\"Prorrogado prazo para submiss\u00e3o de trabalhos cient\u00edficos na III Jornada de Farm\u00e1cia - Centro Universit\u00e1rio Santo Agostinho - UNIFSA\",\"isPartOf\":{\"@id\":\"https:\/\/unifsa.com.br\/site\/#website\"},\"primaryImageOfPage\":{\"@id\":\"https:\/\/unifsa.com.br\/site\/prorrogado-prazo-para-submissao-de-trabalhos-cientificos-na-iii-jornada-de-farmacia\/#primaryimage\"},\"image\":{\"@id\":\"https:\/\/unifsa.com.br\/site\/prorrogado-prazo-para-submissao-de-trabalhos-cientificos-na-iii-jornada-de-farmacia\/#primaryimage\"},\"thumbnailUrl\":\"https:\/\/unifsa.com.br\/site\/wp-content\/uploads\/2023\/05\/Submissao-de-Trabalhos-Cientificos.png\",\"datePublished\":\"2023-05-08T13:36:34+00:00\",\"dateModified\":\"2023-05-08T13:36:36+00:00\",\"breadcrumb\":{\"@id\":\"https:\/\/unifsa.com.br\/site\/prorrogado-prazo-para-submissao-de-trabalhos-cientificos-na-iii-jornada-de-farmacia\/#breadcrumb\"},\"inLanguage\":\"pt-BR\",\"potentialAction\":[{\"@type\":\"ReadAction\",\"target\":[\"https:\/\/unifsa.com.br\/site\/prorrogado-prazo-para-submissao-de-trabalhos-cientificos-na-iii-jornada-de-farmacia\/\"]}]},{\"@type\":\"ImageObject\",\"inLanguage\":\"pt-BR\",\"@id\":\"https:\/\/unifsa.com.br\/site\/prorrogado-prazo-para-submissao-de-trabalhos-cientificos-na-iii-jornada-de-farmacia\/#primaryimage\",\"url\":\"https:\/\/unifsa.com.br\/site\/wp-content\/uploads\/2023\/05\/Submissao-de-Trabalhos-Cientificos.png\",\"contentUrl\":\"https:\/\/unifsa.com.br\/site\/wp-content\/uploads\/2023\/05\/Submissao-de-Trabalhos-Cientificos.png\",\"width\":1009,\"height\":427},{\"@type\":\"BreadcrumbList\",\"@id\":\"https:\/\/unifsa.com.br\/site\/prorrogado-prazo-para-submissao-de-trabalhos-cientificos-na-iii-jornada-de-farmacia\/#breadcrumb\",\"itemListElement\":[{\"@type\":\"ListItem\",\"position\":1,\"name\":\"In\u00edcio\",\"item\":\"https:\/\/unifsa.com.br\/site\/\"},{\"@type\":\"ListItem\",\"position\":2,\"name\":\"Prorrogado prazo para submiss\u00e3o de trabalhos cient\u00edficos na III Jornada de Farm\u00e1cia\"}]},{\"@type\":\"WebSite\",\"@id\":\"https:\/\/unifsa.com.br\/site\/#website\",\"url\":\"https:\/\/unifsa.com.br\/site\/\",\"name\":\"Centro Universit\u00e1rio Santo Agostinho - UNIFSA\",\"description\":\"Conhecimento para toda a vida\",\"publisher\":{\"@id\":\"https:\/\/unifsa.com.br\/site\/#organization\"},\"potentialAction\":[{\"@type\":\"SearchAction\",\"target\":{\"@type\":\"EntryPoint\",\"urlTemplate\":\"https:\/\/unifsa.com.br\/site\/?s={search_term_string}\"},\"query-input\":{\"@type\":\"PropertyValueSpecification\",\"valueRequired\":true,\"valueName\":\"search_term_string\"}}],\"inLanguage\":\"pt-BR\"},{\"@type\":\"Organization\",\"@id\":\"https:\/\/unifsa.com.br\/site\/#organization\",\"name\":\"Centro Universit\u00e1rio Santo Agostinho - UNIFSA\",\"url\":\"https:\/\/unifsa.com.br\/site\/\",\"logo\":{\"@type\":\"ImageObject\",\"inLanguage\":\"pt-BR\",\"@id\":\"https:\/\/unifsa.com.br\/site\/#\/schema\/logo\/image\/\",\"url\":\"https:\/\/unifsa.com.br\/site\/wp-content\/uploads\/2023\/03\/MARCA-UNIFSA-CIC23-q2apjs1mt975cf1wl25b044coj90fwoiee1kya6800.png\",\"contentUrl\":\"https:\/\/unifsa.com.br\/site\/wp-content\/uploads\/2023\/03\/MARCA-UNIFSA-CIC23-q2apjs1mt975cf1wl25b044coj90fwoiee1kya6800.png\",\"width\":103,\"height\":100,\"caption\":\"Centro Universit\u00e1rio Santo Agostinho - UNIFSA\"},\"image\":{\"@id\":\"https:\/\/unifsa.com.br\/site\/#\/schema\/logo\/image\/\"},\"sameAs\":[\"https:\/\/www.facebook.com\/unifsa\/\",\"https:\/\/www.instagram.com\/unifsa\/\"]},{\"@type\":\"Person\",\"@id\":\"https:\/\/unifsa.com.br\/site\/#\/schema\/person\/459d6944d25bd72102b031eb886c7cbf\",\"name\":\"Estev\u00e3o Leite Cordeiro de Souza\",\"image\":{\"@type\":\"ImageObject\",\"inLanguage\":\"pt-BR\",\"@id\":\"https:\/\/unifsa.com.br\/site\/#\/schema\/person\/image\/\",\"url\":\"https:\/\/secure.gravatar.com\/avatar\/b381626173a0b440e86662336f5d92704de1b8100a4cb5a34d6466804eb5c336?s=96&d=mm&r=g\",\"contentUrl\":\"https:\/\/secure.gravatar.com\/avatar\/b381626173a0b440e86662336f5d92704de1b8100a4cb5a34d6466804eb5c336?s=96&d=mm&r=g\",\"caption\":\"Estev\u00e3o Leite Cordeiro de Souza\"},\"url\":\"https:\/\/unifsa.com.br\/site\/author\/estevaocordeiro\/\"}]}<\/script>\n<!-- \/ Yoast SEO plugin. -->","yoast_head_json":{"title":"Prorrogado prazo para submiss\u00e3o de trabalhos cient\u00edficos na III Jornada de Farm\u00e1cia - Centro Universit\u00e1rio Santo Agostinho - UNIFSA","robots":{"index":"index","follow":"follow","max-snippet":"max-snippet:-1","max-image-preview":"max-image-preview:large","max-video-preview":"max-video-preview:-1"},"canonical":"https:\/\/unifsa.com.br\/site\/prorrogado-prazo-para-submissao-de-trabalhos-cientificos-na-iii-jornada-de-farmacia\/","og_locale":"pt_BR","og_type":"article","og_title":"Prorrogado prazo para submiss\u00e3o de trabalhos cient\u00edficos na III Jornada de Farm\u00e1cia - Centro Universit\u00e1rio Santo Agostinho - UNIFSA","og_description":"Aten\u00e7\u00e3o, pesquisadores! Submeta seu trabalho cient\u00edfico na III Jornada de Farm\u00e1cia do UNIFSA at\u00e9 dia 10 de maio","og_url":"https:\/\/unifsa.com.br\/site\/prorrogado-prazo-para-submissao-de-trabalhos-cientificos-na-iii-jornada-de-farmacia\/","og_site_name":"Centro Universit\u00e1rio Santo Agostinho - UNIFSA","article_publisher":"https:\/\/www.facebook.com\/unifsa\/","article_published_time":"2023-05-08T13:36:34+00:00","article_modified_time":"2023-05-08T13:36:36+00:00","og_image":[{"width":1009,"height":427,"url":"https:\/\/unifsa.com.br\/site\/wp-content\/uploads\/2023\/05\/Submissao-de-Trabalhos-Cientificos.png","type":"image\/png"}],"author":"Estev\u00e3o Leite Cordeiro de Souza","twitter_card":"summary_large_image","twitter_misc":{"Escrito por":"Estev\u00e3o Leite Cordeiro de Souza","Est. tempo de leitura":"2 minutos"},"schema":{"@context":"https:\/\/schema.org","@graph":[{"@type":"Article","@id":"https:\/\/unifsa.com.br\/site\/prorrogado-prazo-para-submissao-de-trabalhos-cientificos-na-iii-jornada-de-farmacia\/#article","isPartOf":{"@id":"https:\/\/unifsa.com.br\/site\/prorrogado-prazo-para-submissao-de-trabalhos-cientificos-na-iii-jornada-de-farmacia\/"},"author":{"name":"Estev\u00e3o Leite Cordeiro de Souza","@id":"https:\/\/unifsa.com.br\/site\/#\/schema\/person\/459d6944d25bd72102b031eb886c7cbf"},"headline":"Prorrogado prazo para submiss\u00e3o de trabalhos cient\u00edficos na III Jornada de Farm\u00e1cia","datePublished":"2023-05-08T13:36:34+00:00","dateModified":"2023-05-08T13:36:36+00:00","mainEntityOfPage":{"@id":"https:\/\/unifsa.com.br\/site\/prorrogado-prazo-para-submissao-de-trabalhos-cientificos-na-iii-jornada-de-farmacia\/"},"wordCount":319,"publisher":{"@id":"https:\/\/unifsa.com.br\/site\/#organization"},"image":{"@id":"https:\/\/unifsa.com.br\/site\/prorrogado-prazo-para-submissao-de-trabalhos-cientificos-na-iii-jornada-de-farmacia\/#primaryimage"},"thumbnailUrl":"https:\/\/unifsa.com.br\/site\/wp-content\/uploads\/2023\/05\/Submissao-de-Trabalhos-Cientificos.png","keywords":["evento","Jornada de Farm\u00e1cia","submiss\u00e3o de trabalhos"],"articleSection":["Farm\u00e1cia"],"inLanguage":"pt-BR"},{"@type":"WebPage","@id":"https:\/\/unifsa.com.br\/site\/prorrogado-prazo-para-submissao-de-trabalhos-cientificos-na-iii-jornada-de-farmacia\/","url":"https:\/\/unifsa.com.br\/site\/prorrogado-prazo-para-submissao-de-trabalhos-cientificos-na-iii-jornada-de-farmacia\/","name":"Prorrogado prazo para submiss\u00e3o de trabalhos cient\u00edficos na III Jornada de Farm\u00e1cia - Centro Universit\u00e1rio Santo Agostinho - UNIFSA","isPartOf":{"@id":"https:\/\/unifsa.com.br\/site\/#website"},"primaryImageOfPage":{"@id":"https:\/\/unifsa.com.br\/site\/prorrogado-prazo-para-submissao-de-trabalhos-cientificos-na-iii-jornada-de-farmacia\/#primaryimage"},"image":{"@id":"https:\/\/unifsa.com.br\/site\/prorrogado-prazo-para-submissao-de-trabalhos-cientificos-na-iii-jornada-de-farmacia\/#primaryimage"},"thumbnailUrl":"https:\/\/unifsa.com.br\/site\/wp-content\/uploads\/2023\/05\/Submissao-de-Trabalhos-Cientificos.png","datePublished":"2023-05-08T13:36:34+00:00","dateModified":"2023-05-08T13:36:36+00:00","breadcrumb":{"@id":"https:\/\/unifsa.com.br\/site\/prorrogado-prazo-para-submissao-de-trabalhos-cientificos-na-iii-jornada-de-farmacia\/#breadcrumb"},"inLanguage":"pt-BR","potentialAction":[{"@type":"ReadAction","target":["https:\/\/unifsa.com.br\/site\/prorrogado-prazo-para-submissao-de-trabalhos-cientificos-na-iii-jornada-de-farmacia\/"]}]},{"@type":"ImageObject","inLanguage":"pt-BR","@id":"https:\/\/unifsa.com.br\/site\/prorrogado-prazo-para-submissao-de-trabalhos-cientificos-na-iii-jornada-de-farmacia\/#primaryimage","url":"https:\/\/unifsa.com.br\/site\/wp-content\/uploads\/2023\/05\/Submissao-de-Trabalhos-Cientificos.png","contentUrl":"https:\/\/unifsa.com.br\/site\/wp-content\/uploads\/2023\/05\/Submissao-de-Trabalhos-Cientificos.png","width":1009,"height":427},{"@type":"BreadcrumbList","@id":"https:\/\/unifsa.com.br\/site\/prorrogado-prazo-para-submissao-de-trabalhos-cientificos-na-iii-jornada-de-farmacia\/#breadcrumb","itemListElement":[{"@type":"ListItem","position":1,"name":"In\u00edcio","item":"https:\/\/unifsa.com.br\/site\/"},{"@type":"ListItem","position":2,"name":"Prorrogado prazo para submiss\u00e3o de trabalhos cient\u00edficos na III Jornada de Farm\u00e1cia"}]},{"@type":"WebSite","@id":"https:\/\/unifsa.com.br\/site\/#website","url":"https:\/\/unifsa.com.br\/site\/","name":"Centro Universit\u00e1rio Santo Agostinho - UNIFSA","description":"Conhecimento para toda a vida","publisher":{"@id":"https:\/\/unifsa.com.br\/site\/#organization"},"potentialAction":[{"@type":"SearchAction","target":{"@type":"EntryPoint","urlTemplate":"https:\/\/unifsa.com.br\/site\/?s={search_term_string}"},"query-input":{"@type":"PropertyValueSpecification","valueRequired":true,"valueName":"search_term_string"}}],"inLanguage":"pt-BR"},{"@type":"Organization","@id":"https:\/\/unifsa.com.br\/site\/#organization","name":"Centro Universit\u00e1rio Santo Agostinho - UNIFSA","url":"https:\/\/unifsa.com.br\/site\/","logo":{"@type":"ImageObject","inLanguage":"pt-BR","@id":"https:\/\/unifsa.com.br\/site\/#\/schema\/logo\/image\/","url":"https:\/\/unifsa.com.br\/site\/wp-content\/uploads\/2023\/03\/MARCA-UNIFSA-CIC23-q2apjs1mt975cf1wl25b044coj90fwoiee1kya6800.png","contentUrl":"https:\/\/unifsa.com.br\/site\/wp-content\/uploads\/2023\/03\/MARCA-UNIFSA-CIC23-q2apjs1mt975cf1wl25b044coj90fwoiee1kya6800.png","width":103,"height":100,"caption":"Centro Universit\u00e1rio Santo Agostinho - UNIFSA"},"image":{"@id":"https:\/\/unifsa.com.br\/site\/#\/schema\/logo\/image\/"},"sameAs":["https:\/\/www.facebook.com\/unifsa\/","https:\/\/www.instagram.com\/unifsa\/"]},{"@type":"Person","@id":"https:\/\/unifsa.com.br\/site\/#\/schema\/person\/459d6944d25bd72102b031eb886c7cbf","name":"Estev\u00e3o Leite Cordeiro de Souza","image":{"@type":"ImageObject","inLanguage":"pt-BR","@id":"https:\/\/unifsa.com.br\/site\/#\/schema\/person\/image\/","url":"https:\/\/secure.gravatar.com\/avatar\/b381626173a0b440e86662336f5d92704de1b8100a4cb5a34d6466804eb5c336?s=96&d=mm&r=g","contentUrl":"https:\/\/secure.gravatar.com\/avatar\/b381626173a0b440e86662336f5d92704de1b8100a4cb5a34d6466804eb5c336?s=96&d=mm&r=g","caption":"Estev\u00e3o Leite Cordeiro de Souza"},"url":"https:\/\/unifsa.com.br\/site\/author\/estevaocordeiro\/"}]}},"_links":{"self":[{"href":"https:\/\/unifsa.com.br\/site\/wp-json\/wp\/v2\/posts\/22068","targetHints":{"allow":["GET"]}}],"collection":[{"href":"https:\/\/unifsa.com.br\/site\/wp-json\/wp\/v2\/posts"}],"about":[{"href":"https:\/\/unifsa.com.br\/site\/wp-json\/wp\/v2\/types\/post"}],"author":[{"embeddable":true,"href":"https:\/\/unifsa.com.br\/site\/wp-json\/wp\/v2\/users\/12"}],"replies":[{"embeddable":true,"href":"https:\/\/unifsa.com.br\/site\/wp-json\/wp\/v2\/comments?post=22068"}],"version-history":[{"count":4,"href":"https:\/\/unifsa.com.br\/site\/wp-json\/wp\/v2\/posts\/22068\/revisions"}],"predecessor-version":[{"id":22075,"href":"https:\/\/unifsa.com.br\/site\/wp-json\/wp\/v2\/posts\/22068\/revisions\/22075"}],"wp:featuredmedia":[{"embeddable":true,"href":"https:\/\/unifsa.com.br\/site\/wp-json\/wp\/v2\/media\/22069"}],"wp:attachment":[{"href":"https:\/\/unifsa.com.br\/site\/wp-json\/wp\/v2\/media?parent=22068"}],"wp:term":[{"taxonomy":"category","embeddable":true,"href":"https:\/\/unifsa.com.br\/site\/wp-json\/wp\/v2\/categories?post=22068"},{"taxonomy":"post_tag","embeddable":true,"href":"https:\/\/unifsa.com.br\/site\/wp-json\/wp\/v2\/tags?post=22068"}],"curies":[{"name":"wp","href":"https:\/\/api.w.org\/{rel}","templated":true}]}}