{"id":21816,"date":"2023-04-22T10:14:39","date_gmt":"2023-04-22T13:14:39","guid":{"rendered":"https:\/\/unifsa.com.br\/site\/?p=21816"},"modified":"2023-04-22T10:14:42","modified_gmt":"2023-04-22T13:14:42","slug":"resultado-parcial-projeto-de-extensao-clareamento-dentario-aprofundamentos-da-tecnica","status":"publish","type":"post","link":"https:\/\/unifsa.com.br\/site\/resultado-parcial-projeto-de-extensao-clareamento-dentario-aprofundamentos-da-tecnica\/","title":{"rendered":"Resultado Parcial | Projeto de Extens\u00e3o Clareamento dent\u00e1rio: aprofundamentos da t\u00e9cnica"},"content":{"rendered":"\n<p class=\"texto-justificado\">O Centro Universit\u00e1rio Santo Agostinho, no uso de suas atribui\u00e7\u00f5es legais, torna p\u00fablico o <strong>RESULTADO PARCIAL<\/strong> da sele\u00e7\u00e3o de estudantes extensionistas para o <strong>Projeto de extens\u00e3o Clareamento Dent\u00e1rio:<\/strong> <strong>aprofundamentos da t\u00e9cnica.<\/strong><\/p>\n\n\n\n<div class=\"wp-block-buttons is-content-justification-center is-layout-flex wp-container-core-buttons-is-layout-16018d1d wp-block-buttons-is-layout-flex\">\n<div class=\"wp-block-button\"><a class=\"wp-block-button__link has-white-color has-vivid-cyan-blue-background-color has-text-color has-background wp-element-button\" href=\"https:\/\/unifsa.com.br\/site\/wp-content\/uploads\/2023\/04\/Resultado-Parcial-CLAREAMENTO-DENTARIO-APROFUNDAMENTOS-DA-TECNICA.pdf\">Resultado Parcial<\/a><\/div>\n<\/div>\n\n\n\n<p> <\/p>\n\n\n\n<div class=\"wp-block-buttons is-content-justification-center is-layout-flex wp-container-core-buttons-is-layout-16018d1d wp-block-buttons-is-layout-flex\">\n<div class=\"wp-block-button\"><a class=\"wp-block-button__link has-white-color has-text-color has-background has-text-align-center wp-element-button\" href=\"https:\/\/unifsa.com.br\/site\/wp-content\/uploads\/2023\/04\/EDITAL_14_-_CLAREAMENTO_DENTARIO_APROFUNDAMENTO.pdf\" style=\"background-color:#07679f\">Edital completo<\/a><\/div>\n<\/div>\n\n\n\n<p class=\"texto-justificado\">ATEN\u00c7\u00c3O: \u00c9 importante que os participantes aprovados verifiquem sua caixa de e-mail, onde constar\u00e1 o link para etapa seguinte do seletivo.<\/p>\n","protected":false},"excerpt":{"rendered":"<p>O Centro Universit\u00e1rio Santo Agostinho, no uso de suas atribui\u00e7\u00f5es legais, torna p\u00fablico o RESULTADO PARCIAL da sele\u00e7\u00e3o de estudantes extensionistas para o Projeto de extens\u00e3o Clareamento Dent\u00e1rio: aprofundamentos da t\u00e9cnica. ATEN\u00c7\u00c3O: \u00c9 importante que os participantes aprovados verifiquem sua caixa de e-mail, onde constar\u00e1 o link para etapa seguinte do seletivo.<\/p>\n","protected":false},"author":11,"featured_media":21818,"comment_status":"closed","ping_status":"open","sticky":false,"template":"","format":"standard","meta":{"_acf_changed":false,"footnotes":""},"categories":[6,63],"tags":[1090,222,108,666],"class_list":["post-21816","post","type-post","status-publish","format-standard","has-post-thumbnail","hentry","category-acontece-na-unifsa","category-odontologia","tag-clareamento-dentario","tag-odontologia","tag-projeto-de-extensao","tag-resultado-parcial"],"acf":[],"yoast_head":"<!-- This site is optimized with the Yoast SEO plugin v26.5 - https:\/\/yoast.com\/wordpress\/plugins\/seo\/ -->\n<title>Resultado Parcial | Projeto de Extens\u00e3o Clareamento dent\u00e1rio: aprofundamentos da t\u00e9cnica - Centro Universit\u00e1rio Santo Agostinho - UNIFSA<\/title>\n<meta name=\"robots\" content=\"index, follow, max-snippet:-1, max-image-preview:large, max-video-preview:-1\" \/>\n<link rel=\"canonical\" href=\"https:\/\/unifsa.com.br\/site\/resultado-parcial-projeto-de-extensao-clareamento-dentario-aprofundamentos-da-tecnica\/\" \/>\n<meta property=\"og:locale\" content=\"pt_BR\" \/>\n<meta property=\"og:type\" content=\"article\" \/>\n<meta property=\"og:title\" content=\"Resultado Parcial | Projeto de Extens\u00e3o Clareamento dent\u00e1rio: aprofundamentos da t\u00e9cnica - Centro Universit\u00e1rio Santo Agostinho - UNIFSA\" \/>\n<meta property=\"og:description\" content=\"O Centro Universit\u00e1rio Santo Agostinho, no uso de suas atribui\u00e7\u00f5es legais, torna p\u00fablico o RESULTADO PARCIAL da sele\u00e7\u00e3o de estudantes extensionistas para o Projeto de extens\u00e3o Clareamento Dent\u00e1rio: aprofundamentos da t\u00e9cnica. ATEN\u00c7\u00c3O: \u00c9 importante que os participantes aprovados verifiquem sua caixa de e-mail, onde constar\u00e1 o link para etapa seguinte do seletivo.\" \/>\n<meta property=\"og:url\" content=\"https:\/\/unifsa.com.br\/site\/resultado-parcial-projeto-de-extensao-clareamento-dentario-aprofundamentos-da-tecnica\/\" \/>\n<meta property=\"og:site_name\" content=\"Centro Universit\u00e1rio Santo Agostinho - UNIFSA\" \/>\n<meta property=\"article:publisher\" content=\"https:\/\/www.facebook.com\/unifsa\/\" \/>\n<meta property=\"article:published_time\" content=\"2023-04-22T13:14:39+00:00\" \/>\n<meta property=\"article:modified_time\" content=\"2023-04-22T13:14:42+00:00\" \/>\n<meta property=\"og:image\" content=\"https:\/\/unifsa.com.br\/site\/wp-content\/uploads\/2023\/04\/resultado-parcial-6.jpg\" \/>\n\t<meta property=\"og:image:width\" content=\"1005\" \/>\n\t<meta property=\"og:image:height\" content=\"426\" \/>\n\t<meta property=\"og:image:type\" content=\"image\/jpeg\" \/>\n<meta name=\"author\" content=\"Oceannyra Kelly da Cruz Silva\" \/>\n<meta name=\"twitter:card\" content=\"summary_large_image\" \/>\n<meta name=\"twitter:label1\" content=\"Escrito por\" \/>\n\t<meta name=\"twitter:data1\" content=\"Oceannyra Kelly da Cruz Silva\" \/>\n\t<meta name=\"twitter:label2\" content=\"Est. tempo de leitura\" \/>\n\t<meta name=\"twitter:data2\" content=\"1 minuto\" \/>\n<script type=\"application\/ld+json\" class=\"yoast-schema-graph\">{\"@context\":\"https:\/\/schema.org\",\"@graph\":[{\"@type\":\"Article\",\"@id\":\"https:\/\/unifsa.com.br\/site\/resultado-parcial-projeto-de-extensao-clareamento-dentario-aprofundamentos-da-tecnica\/#article\",\"isPartOf\":{\"@id\":\"https:\/\/unifsa.com.br\/site\/resultado-parcial-projeto-de-extensao-clareamento-dentario-aprofundamentos-da-tecnica\/\"},\"author\":{\"name\":\"Oceannyra Kelly da Cruz Silva\",\"@id\":\"https:\/\/unifsa.com.br\/site\/#\/schema\/person\/a4cec94bbc6ddf98f579162824de9bf2\"},\"headline\":\"Resultado Parcial | Projeto de Extens\u00e3o Clareamento dent\u00e1rio: aprofundamentos da t\u00e9cnica\",\"datePublished\":\"2023-04-22T13:14:39+00:00\",\"dateModified\":\"2023-04-22T13:14:42+00:00\",\"mainEntityOfPage\":{\"@id\":\"https:\/\/unifsa.com.br\/site\/resultado-parcial-projeto-de-extensao-clareamento-dentario-aprofundamentos-da-tecnica\/\"},\"wordCount\":76,\"publisher\":{\"@id\":\"https:\/\/unifsa.com.br\/site\/#organization\"},\"image\":{\"@id\":\"https:\/\/unifsa.com.br\/site\/resultado-parcial-projeto-de-extensao-clareamento-dentario-aprofundamentos-da-tecnica\/#primaryimage\"},\"thumbnailUrl\":\"https:\/\/unifsa.com.br\/site\/wp-content\/uploads\/2023\/04\/resultado-parcial-6.jpg\",\"keywords\":[\"clareamento dent\u00e1rio\",\"Odontologia\",\"Projeto de Extens\u00e3o\",\"Resultado Parcial\"],\"articleSection\":[\"Acontece na UNIFSA\",\"Odontologia\"],\"inLanguage\":\"pt-BR\"},{\"@type\":\"WebPage\",\"@id\":\"https:\/\/unifsa.com.br\/site\/resultado-parcial-projeto-de-extensao-clareamento-dentario-aprofundamentos-da-tecnica\/\",\"url\":\"https:\/\/unifsa.com.br\/site\/resultado-parcial-projeto-de-extensao-clareamento-dentario-aprofundamentos-da-tecnica\/\",\"name\":\"Resultado Parcial | Projeto de Extens\u00e3o Clareamento dent\u00e1rio: aprofundamentos da t\u00e9cnica - Centro Universit\u00e1rio Santo Agostinho - UNIFSA\",\"isPartOf\":{\"@id\":\"https:\/\/unifsa.com.br\/site\/#website\"},\"primaryImageOfPage\":{\"@id\":\"https:\/\/unifsa.com.br\/site\/resultado-parcial-projeto-de-extensao-clareamento-dentario-aprofundamentos-da-tecnica\/#primaryimage\"},\"image\":{\"@id\":\"https:\/\/unifsa.com.br\/site\/resultado-parcial-projeto-de-extensao-clareamento-dentario-aprofundamentos-da-tecnica\/#primaryimage\"},\"thumbnailUrl\":\"https:\/\/unifsa.com.br\/site\/wp-content\/uploads\/2023\/04\/resultado-parcial-6.jpg\",\"datePublished\":\"2023-04-22T13:14:39+00:00\",\"dateModified\":\"2023-04-22T13:14:42+00:00\",\"breadcrumb\":{\"@id\":\"https:\/\/unifsa.com.br\/site\/resultado-parcial-projeto-de-extensao-clareamento-dentario-aprofundamentos-da-tecnica\/#breadcrumb\"},\"inLanguage\":\"pt-BR\",\"potentialAction\":[{\"@type\":\"ReadAction\",\"target\":[\"https:\/\/unifsa.com.br\/site\/resultado-parcial-projeto-de-extensao-clareamento-dentario-aprofundamentos-da-tecnica\/\"]}]},{\"@type\":\"ImageObject\",\"inLanguage\":\"pt-BR\",\"@id\":\"https:\/\/unifsa.com.br\/site\/resultado-parcial-projeto-de-extensao-clareamento-dentario-aprofundamentos-da-tecnica\/#primaryimage\",\"url\":\"https:\/\/unifsa.com.br\/site\/wp-content\/uploads\/2023\/04\/resultado-parcial-6.jpg\",\"contentUrl\":\"https:\/\/unifsa.com.br\/site\/wp-content\/uploads\/2023\/04\/resultado-parcial-6.jpg\",\"width\":1005,\"height\":426},{\"@type\":\"BreadcrumbList\",\"@id\":\"https:\/\/unifsa.com.br\/site\/resultado-parcial-projeto-de-extensao-clareamento-dentario-aprofundamentos-da-tecnica\/#breadcrumb\",\"itemListElement\":[{\"@type\":\"ListItem\",\"position\":1,\"name\":\"In\u00edcio\",\"item\":\"https:\/\/unifsa.com.br\/site\/\"},{\"@type\":\"ListItem\",\"position\":2,\"name\":\"Resultado Parcial | Projeto de Extens\u00e3o Clareamento dent\u00e1rio: aprofundamentos da t\u00e9cnica\"}]},{\"@type\":\"WebSite\",\"@id\":\"https:\/\/unifsa.com.br\/site\/#website\",\"url\":\"https:\/\/unifsa.com.br\/site\/\",\"name\":\"Centro Universit\u00e1rio Santo Agostinho - UNIFSA\",\"description\":\"Conhecimento para toda a vida\",\"publisher\":{\"@id\":\"https:\/\/unifsa.com.br\/site\/#organization\"},\"potentialAction\":[{\"@type\":\"SearchAction\",\"target\":{\"@type\":\"EntryPoint\",\"urlTemplate\":\"https:\/\/unifsa.com.br\/site\/?s={search_term_string}\"},\"query-input\":{\"@type\":\"PropertyValueSpecification\",\"valueRequired\":true,\"valueName\":\"search_term_string\"}}],\"inLanguage\":\"pt-BR\"},{\"@type\":\"Organization\",\"@id\":\"https:\/\/unifsa.com.br\/site\/#organization\",\"name\":\"Centro Universit\u00e1rio Santo Agostinho - UNIFSA\",\"url\":\"https:\/\/unifsa.com.br\/site\/\",\"logo\":{\"@type\":\"ImageObject\",\"inLanguage\":\"pt-BR\",\"@id\":\"https:\/\/unifsa.com.br\/site\/#\/schema\/logo\/image\/\",\"url\":\"https:\/\/unifsa.com.br\/site\/wp-content\/uploads\/2023\/03\/MARCA-UNIFSA-CIC23-q2apjs1mt975cf1wl25b044coj90fwoiee1kya6800.png\",\"contentUrl\":\"https:\/\/unifsa.com.br\/site\/wp-content\/uploads\/2023\/03\/MARCA-UNIFSA-CIC23-q2apjs1mt975cf1wl25b044coj90fwoiee1kya6800.png\",\"width\":103,\"height\":100,\"caption\":\"Centro Universit\u00e1rio Santo Agostinho - UNIFSA\"},\"image\":{\"@id\":\"https:\/\/unifsa.com.br\/site\/#\/schema\/logo\/image\/\"},\"sameAs\":[\"https:\/\/www.facebook.com\/unifsa\/\",\"https:\/\/www.instagram.com\/unifsa\/\"]},{\"@type\":\"Person\",\"@id\":\"https:\/\/unifsa.com.br\/site\/#\/schema\/person\/a4cec94bbc6ddf98f579162824de9bf2\",\"name\":\"Oceannyra Kelly da Cruz Silva\",\"image\":{\"@type\":\"ImageObject\",\"inLanguage\":\"pt-BR\",\"@id\":\"https:\/\/unifsa.com.br\/site\/#\/schema\/person\/image\/\",\"url\":\"https:\/\/secure.gravatar.com\/avatar\/05c87cd6fa2c3c73262055bd9341438a47e77a37053b409b3cf4f8df60ea8eb8?s=96&d=mm&r=g\",\"contentUrl\":\"https:\/\/secure.gravatar.com\/avatar\/05c87cd6fa2c3c73262055bd9341438a47e77a37053b409b3cf4f8df60ea8eb8?s=96&d=mm&r=g\",\"caption\":\"Oceannyra Kelly da Cruz Silva\"},\"url\":\"https:\/\/unifsa.com.br\/site\/author\/oceannyrakelly\/\"}]}<\/script>\n<!-- \/ Yoast SEO plugin. -->","yoast_head_json":{"title":"Resultado Parcial | Projeto de Extens\u00e3o Clareamento dent\u00e1rio: aprofundamentos da t\u00e9cnica - Centro Universit\u00e1rio Santo Agostinho - UNIFSA","robots":{"index":"index","follow":"follow","max-snippet":"max-snippet:-1","max-image-preview":"max-image-preview:large","max-video-preview":"max-video-preview:-1"},"canonical":"https:\/\/unifsa.com.br\/site\/resultado-parcial-projeto-de-extensao-clareamento-dentario-aprofundamentos-da-tecnica\/","og_locale":"pt_BR","og_type":"article","og_title":"Resultado Parcial | Projeto de Extens\u00e3o Clareamento dent\u00e1rio: aprofundamentos da t\u00e9cnica - Centro Universit\u00e1rio Santo Agostinho - UNIFSA","og_description":"O Centro Universit\u00e1rio Santo Agostinho, no uso de suas atribui\u00e7\u00f5es legais, torna p\u00fablico o RESULTADO PARCIAL da sele\u00e7\u00e3o de estudantes extensionistas para o Projeto de extens\u00e3o Clareamento Dent\u00e1rio: aprofundamentos da t\u00e9cnica. ATEN\u00c7\u00c3O: \u00c9 importante que os participantes aprovados verifiquem sua caixa de e-mail, onde constar\u00e1 o link para etapa seguinte do seletivo.","og_url":"https:\/\/unifsa.com.br\/site\/resultado-parcial-projeto-de-extensao-clareamento-dentario-aprofundamentos-da-tecnica\/","og_site_name":"Centro Universit\u00e1rio Santo Agostinho - UNIFSA","article_publisher":"https:\/\/www.facebook.com\/unifsa\/","article_published_time":"2023-04-22T13:14:39+00:00","article_modified_time":"2023-04-22T13:14:42+00:00","og_image":[{"width":1005,"height":426,"url":"https:\/\/unifsa.com.br\/site\/wp-content\/uploads\/2023\/04\/resultado-parcial-6.jpg","type":"image\/jpeg"}],"author":"Oceannyra Kelly da Cruz Silva","twitter_card":"summary_large_image","twitter_misc":{"Escrito por":"Oceannyra Kelly da Cruz Silva","Est. tempo de leitura":"1 minuto"},"schema":{"@context":"https:\/\/schema.org","@graph":[{"@type":"Article","@id":"https:\/\/unifsa.com.br\/site\/resultado-parcial-projeto-de-extensao-clareamento-dentario-aprofundamentos-da-tecnica\/#article","isPartOf":{"@id":"https:\/\/unifsa.com.br\/site\/resultado-parcial-projeto-de-extensao-clareamento-dentario-aprofundamentos-da-tecnica\/"},"author":{"name":"Oceannyra Kelly da Cruz Silva","@id":"https:\/\/unifsa.com.br\/site\/#\/schema\/person\/a4cec94bbc6ddf98f579162824de9bf2"},"headline":"Resultado Parcial | Projeto de Extens\u00e3o Clareamento dent\u00e1rio: aprofundamentos da t\u00e9cnica","datePublished":"2023-04-22T13:14:39+00:00","dateModified":"2023-04-22T13:14:42+00:00","mainEntityOfPage":{"@id":"https:\/\/unifsa.com.br\/site\/resultado-parcial-projeto-de-extensao-clareamento-dentario-aprofundamentos-da-tecnica\/"},"wordCount":76,"publisher":{"@id":"https:\/\/unifsa.com.br\/site\/#organization"},"image":{"@id":"https:\/\/unifsa.com.br\/site\/resultado-parcial-projeto-de-extensao-clareamento-dentario-aprofundamentos-da-tecnica\/#primaryimage"},"thumbnailUrl":"https:\/\/unifsa.com.br\/site\/wp-content\/uploads\/2023\/04\/resultado-parcial-6.jpg","keywords":["clareamento dent\u00e1rio","Odontologia","Projeto de Extens\u00e3o","Resultado Parcial"],"articleSection":["Acontece na UNIFSA","Odontologia"],"inLanguage":"pt-BR"},{"@type":"WebPage","@id":"https:\/\/unifsa.com.br\/site\/resultado-parcial-projeto-de-extensao-clareamento-dentario-aprofundamentos-da-tecnica\/","url":"https:\/\/unifsa.com.br\/site\/resultado-parcial-projeto-de-extensao-clareamento-dentario-aprofundamentos-da-tecnica\/","name":"Resultado Parcial | Projeto de Extens\u00e3o Clareamento dent\u00e1rio: aprofundamentos da t\u00e9cnica - Centro Universit\u00e1rio Santo Agostinho - UNIFSA","isPartOf":{"@id":"https:\/\/unifsa.com.br\/site\/#website"},"primaryImageOfPage":{"@id":"https:\/\/unifsa.com.br\/site\/resultado-parcial-projeto-de-extensao-clareamento-dentario-aprofundamentos-da-tecnica\/#primaryimage"},"image":{"@id":"https:\/\/unifsa.com.br\/site\/resultado-parcial-projeto-de-extensao-clareamento-dentario-aprofundamentos-da-tecnica\/#primaryimage"},"thumbnailUrl":"https:\/\/unifsa.com.br\/site\/wp-content\/uploads\/2023\/04\/resultado-parcial-6.jpg","datePublished":"2023-04-22T13:14:39+00:00","dateModified":"2023-04-22T13:14:42+00:00","breadcrumb":{"@id":"https:\/\/unifsa.com.br\/site\/resultado-parcial-projeto-de-extensao-clareamento-dentario-aprofundamentos-da-tecnica\/#breadcrumb"},"inLanguage":"pt-BR","potentialAction":[{"@type":"ReadAction","target":["https:\/\/unifsa.com.br\/site\/resultado-parcial-projeto-de-extensao-clareamento-dentario-aprofundamentos-da-tecnica\/"]}]},{"@type":"ImageObject","inLanguage":"pt-BR","@id":"https:\/\/unifsa.com.br\/site\/resultado-parcial-projeto-de-extensao-clareamento-dentario-aprofundamentos-da-tecnica\/#primaryimage","url":"https:\/\/unifsa.com.br\/site\/wp-content\/uploads\/2023\/04\/resultado-parcial-6.jpg","contentUrl":"https:\/\/unifsa.com.br\/site\/wp-content\/uploads\/2023\/04\/resultado-parcial-6.jpg","width":1005,"height":426},{"@type":"BreadcrumbList","@id":"https:\/\/unifsa.com.br\/site\/resultado-parcial-projeto-de-extensao-clareamento-dentario-aprofundamentos-da-tecnica\/#breadcrumb","itemListElement":[{"@type":"ListItem","position":1,"name":"In\u00edcio","item":"https:\/\/unifsa.com.br\/site\/"},{"@type":"ListItem","position":2,"name":"Resultado Parcial | Projeto de Extens\u00e3o Clareamento dent\u00e1rio: aprofundamentos da t\u00e9cnica"}]},{"@type":"WebSite","@id":"https:\/\/unifsa.com.br\/site\/#website","url":"https:\/\/unifsa.com.br\/site\/","name":"Centro Universit\u00e1rio Santo Agostinho - UNIFSA","description":"Conhecimento para toda a vida","publisher":{"@id":"https:\/\/unifsa.com.br\/site\/#organization"},"potentialAction":[{"@type":"SearchAction","target":{"@type":"EntryPoint","urlTemplate":"https:\/\/unifsa.com.br\/site\/?s={search_term_string}"},"query-input":{"@type":"PropertyValueSpecification","valueRequired":true,"valueName":"search_term_string"}}],"inLanguage":"pt-BR"},{"@type":"Organization","@id":"https:\/\/unifsa.com.br\/site\/#organization","name":"Centro Universit\u00e1rio Santo Agostinho - UNIFSA","url":"https:\/\/unifsa.com.br\/site\/","logo":{"@type":"ImageObject","inLanguage":"pt-BR","@id":"https:\/\/unifsa.com.br\/site\/#\/schema\/logo\/image\/","url":"https:\/\/unifsa.com.br\/site\/wp-content\/uploads\/2023\/03\/MARCA-UNIFSA-CIC23-q2apjs1mt975cf1wl25b044coj90fwoiee1kya6800.png","contentUrl":"https:\/\/unifsa.com.br\/site\/wp-content\/uploads\/2023\/03\/MARCA-UNIFSA-CIC23-q2apjs1mt975cf1wl25b044coj90fwoiee1kya6800.png","width":103,"height":100,"caption":"Centro Universit\u00e1rio Santo Agostinho - UNIFSA"},"image":{"@id":"https:\/\/unifsa.com.br\/site\/#\/schema\/logo\/image\/"},"sameAs":["https:\/\/www.facebook.com\/unifsa\/","https:\/\/www.instagram.com\/unifsa\/"]},{"@type":"Person","@id":"https:\/\/unifsa.com.br\/site\/#\/schema\/person\/a4cec94bbc6ddf98f579162824de9bf2","name":"Oceannyra Kelly da Cruz Silva","image":{"@type":"ImageObject","inLanguage":"pt-BR","@id":"https:\/\/unifsa.com.br\/site\/#\/schema\/person\/image\/","url":"https:\/\/secure.gravatar.com\/avatar\/05c87cd6fa2c3c73262055bd9341438a47e77a37053b409b3cf4f8df60ea8eb8?s=96&d=mm&r=g","contentUrl":"https:\/\/secure.gravatar.com\/avatar\/05c87cd6fa2c3c73262055bd9341438a47e77a37053b409b3cf4f8df60ea8eb8?s=96&d=mm&r=g","caption":"Oceannyra Kelly da Cruz Silva"},"url":"https:\/\/unifsa.com.br\/site\/author\/oceannyrakelly\/"}]}},"_links":{"self":[{"href":"https:\/\/unifsa.com.br\/site\/wp-json\/wp\/v2\/posts\/21816","targetHints":{"allow":["GET"]}}],"collection":[{"href":"https:\/\/unifsa.com.br\/site\/wp-json\/wp\/v2\/posts"}],"about":[{"href":"https:\/\/unifsa.com.br\/site\/wp-json\/wp\/v2\/types\/post"}],"author":[{"embeddable":true,"href":"https:\/\/unifsa.com.br\/site\/wp-json\/wp\/v2\/users\/11"}],"replies":[{"embeddable":true,"href":"https:\/\/unifsa.com.br\/site\/wp-json\/wp\/v2\/comments?post=21816"}],"version-history":[{"count":1,"href":"https:\/\/unifsa.com.br\/site\/wp-json\/wp\/v2\/posts\/21816\/revisions"}],"predecessor-version":[{"id":21819,"href":"https:\/\/unifsa.com.br\/site\/wp-json\/wp\/v2\/posts\/21816\/revisions\/21819"}],"wp:featuredmedia":[{"embeddable":true,"href":"https:\/\/unifsa.com.br\/site\/wp-json\/wp\/v2\/media\/21818"}],"wp:attachment":[{"href":"https:\/\/unifsa.com.br\/site\/wp-json\/wp\/v2\/media?parent=21816"}],"wp:term":[{"taxonomy":"category","embeddable":true,"href":"https:\/\/unifsa.com.br\/site\/wp-json\/wp\/v2\/categories?post=21816"},{"taxonomy":"post_tag","embeddable":true,"href":"https:\/\/unifsa.com.br\/site\/wp-json\/wp\/v2\/tags?post=21816"}],"curies":[{"name":"wp","href":"https:\/\/api.w.org\/{rel}","templated":true}]}}