{"id":2094,"date":"2019-11-28T19:34:00","date_gmt":"2019-11-28T22:34:00","guid":{"rendered":"https:\/\/unifsa.com.br\/site\/?p=2094"},"modified":"2019-12-11T16:51:25","modified_gmt":"2019-12-11T19:51:25","slug":"unifsa-conquista-selo-de-responsabilidade-social-pelo-terceiro-ano-consecutivo","status":"publish","type":"post","link":"https:\/\/unifsa.com.br\/site\/unifsa-conquista-selo-de-responsabilidade-social-pelo-terceiro-ano-consecutivo\/","title":{"rendered":"UNIFSA conquista selo de Responsabilidade Social pelo terceiro ano consecutivo"},"content":{"rendered":"\n<p class=\"texto-justificado\">Muito al\u00e9m de levar ensino de qualidade a mais de 20 anos para o cen\u00e1rio educacional superior do Piau\u00ed, O Centro Universit\u00e1rio Santo Agostinho prop\u00f5e, atrav\u00e9s de sua atua\u00e7\u00e3o enquanto empresa, levar\u00a0servi\u00e7os para cumprir o seu papel de mudar a realidade da sociedade. \u00c9 com esse objetivo que a institui\u00e7\u00e3o recebe, pelo terceiro ano consecutivo, o selo da \u201cCampanha da Responsabilidade Social do Ensino Superior Particular&#8221;, promovido pela\u00a0<strong><a href=\"https:\/\/responsabilidadesocial.abmes.org.br\/campanha\/a-abmes\">Associa\u00e7\u00e3o Brasileira de Mantenedoras de Ensino Superior (ABMES)<\/a>.<\/strong><\/p>\n\n\n\n<div class=\"wp-block-image\"><figure class=\"aligncenter\"><a href=\"https:\/\/www.unifsa.com.br\/wp-content\/uploads\/2019\/11\/DSC_7029-copy.jpg\"><img decoding=\"async\" src=\"https:\/\/www.unifsa.com.br\/wp-content\/uploads\/2019\/11\/DSC_7029-copy.jpg\" alt=\"\" class=\"wp-image-56494\"\/><\/a><\/figure><\/div>\n\n\n\n<p class=\"texto-justificado\"> A campanha j\u00e1 acontece desde 29 de outubro de 2005 e <strong><a href=\"https:\/\/sisdia.abmes.org.br\/hotsite\/atividade\/id\/3509\/ano\/2007\">desde 2007<\/a><\/strong> o UNIFSA participar da Semana anualmente. O objetivo maior da a\u00e7\u00e3o \u00e9 levar os projetos e programas sociais das institui\u00e7\u00f5es de ensino privado para perto da comunidade e tornar o conhecimento produzido nas salas de aula um instrumento capaz de mudar realidades. Durante a semana s\u00e3o feitos atendimentos em sa\u00fade, recreativas, atendimentos jur\u00eddicos e muitas outras que se somam ao empenho do corpo docente, discente e administrativo das institui\u00e7\u00f5es.<\/p>\n\n\n\n<div class=\"wp-block-media-text alignwide\" style=\"grid-template-columns:45% auto\"><figure class=\"wp-block-media-text__media\"><img fetchpriority=\"high\" decoding=\"async\" width=\"450\" height=\"450\" src=\"https:\/\/unifsa.com.br\/site\/wp-content\/uploads\/2019\/12\/image.png\" alt=\"\" class=\"wp-image-2096\" srcset=\"https:\/\/unifsa.com.br\/site\/wp-content\/uploads\/2019\/12\/image.png 450w, https:\/\/unifsa.com.br\/site\/wp-content\/uploads\/2019\/12\/image-300x300.png 300w, https:\/\/unifsa.com.br\/site\/wp-content\/uploads\/2019\/12\/image-150x150.png 150w, https:\/\/unifsa.com.br\/site\/wp-content\/uploads\/2019\/12\/image-230x230.png 230w, https:\/\/unifsa.com.br\/site\/wp-content\/uploads\/2019\/12\/image-110x110.png 110w\" sizes=\"(max-width: 450px) 100vw, 450px\" \/><\/figure><div class=\"wp-block-media-text__content\">\n<blockquote class=\"wp-block-quote has-text-align-center is-style-large is-layout-flow wp-block-quote-is-layout-flow\"><p> <strong>&#8220;Eles [os alunos] passam a ter uma vis\u00e3o social bem clara de suas atua\u00e7\u00f5es enquanto futuros profissionais&#8221; <\/strong><\/p><\/blockquote>\n<\/div><\/div>\n\n\n\n<p><\/p>\n\n\n\n<p class=\"texto-justificado\"> Neste ano de 2019 o UNIFSA realizou a a\u00e7\u00e3o no <strong><a href=\"https:\/\/www.unifsa.com.br\/arquivo\/novidades\/acoes-de-responsabilidade-social-do-unifsa-levam-informacoes-e-servicos-para-vila-de-idosos-e-comunidade-do-bairro-sao-pedro\">Clube das M\u00e3es do Bairro S\u00e3o Pedro e na Vila no Anci\u00e3o<\/a><\/strong>. O envolvimento de acad\u00eamicos dos cursos de Odontologia, Farm\u00e1cia, Enfermagem, Nutri\u00e7\u00e3o, Psicologia e Fisioterapia levaram informa\u00e7\u00e3o e promo\u00e7\u00e3o \u00e0 sa\u00fade para o p\u00fablico escolhido. De acordo com a coordenadora de Extens\u00e3o do UNIFSA, Marcela Moura, &#8220;esse envolvimento acad\u00eamico d\u00e1 a oportunidade dos alunos vivenciarem realidades bem diferentes daquelas apresentadas em sala de aula e fazem com que haja um integra\u00e7\u00e3o no ensino. Eles passam a ter uma vis\u00e3o social bem clara de suas atua\u00e7\u00f5es enquanto futuros profissionais&#8221;. <\/p>\n\n\n\n<div class=\"wp-block-image\"><figure class=\"aligncenter\"><a href=\"https:\/\/www.unifsa.com.br\/wp-content\/uploads\/2019\/11\/DSC_7109-copy.jpg\"><img decoding=\"async\" src=\"https:\/\/www.unifsa.com.br\/wp-content\/uploads\/2019\/11\/DSC_7109-copy.jpg\" alt=\"\" class=\"wp-image-56497\"\/><\/a><\/figure><\/div>\n\n\n\n<p class=\"texto-justificado\"> O selo 2019\/2020, agora garantido, refor\u00e7a o planejamento e todo o empenho da institui\u00e7\u00e3o em ofertar um ensino pautado no compromisso \u00e9tico e atenta as quest\u00f5es sociais e a realidade que est\u00e1 inserida. &#8220;Socialmente respons\u00e1vel, o UNIFSA conquista esse feito em virtude do di\u00e1logo constante com nosso corpo docente, discente e administrativo. \u00c9 preciso alinhamento entre como pretendemos contribuir para melhorar nossa comunidade com as necessidades da regi\u00e3o. Essa conquista \u00e9 de toda nossa comunidade acad\u00eamica. S\u00f3 podemos ficar gratos com esse reconhecimento pelo terceiro ano consecutivo e agora pensarmos em mais formas de levar cada vez mais os nossos servi\u00e7os a toda a sociedade piauiense&#8221;, disse pr\u00f3-reitora de ensino, Me Antonieta Lira. <\/p>\n\n\n\n<div class=\"wp-block-image\"><figure class=\"aligncenter\"><a href=\"https:\/\/www.unifsa.com.br\/wp-content\/uploads\/2019\/11\/editada-1-768x373-1.jpg\"><img decoding=\"async\" src=\"https:\/\/www.unifsa.com.br\/wp-content\/uploads\/2019\/11\/editada-1-768x373-1.jpg\" alt=\"\" class=\"wp-image-56499\"\/><\/a><\/figure><\/div>\n","protected":false},"excerpt":{"rendered":"<p>Muito al\u00e9m de levar ensino de qualidade a mais de 20 anos para o cen\u00e1rio educacional superior do Piau\u00ed, O Centro Universit\u00e1rio Santo Agostinho prop\u00f5e, atrav\u00e9s de sua atua\u00e7\u00e3o enquanto empresa, levar\u00a0servi\u00e7os para cumprir o seu papel de mudar a realidade da sociedade. \u00c9 com esse objetivo que a institui\u00e7\u00e3o recebe, pelo terceiro ano consecutivo,<\/p>\n","protected":false},"author":5,"featured_media":2109,"comment_status":"open","ping_status":"open","sticky":false,"template":"","format":"standard","meta":{"_acf_changed":false,"footnotes":""},"categories":[6],"tags":[141,129,143,144,142,145,82],"class_list":["post-2094","post","type-post","status-publish","format-standard","has-post-thumbnail","hentry","category-acontece-na-unifsa","tag-abmes","tag-campanha","tag-comunidade","tag-piaui","tag-responsabilidade-social","tag-selo","tag-unifsa"],"acf":[],"yoast_head":"<!-- This site is optimized with the Yoast SEO plugin v26.5 - https:\/\/yoast.com\/wordpress\/plugins\/seo\/ -->\n<title>UNIFSA conquista selo de Responsabilidade Social pelo terceiro ano consecutivo - Centro Universit\u00e1rio Santo Agostinho - UNIFSA<\/title>\n<meta name=\"robots\" content=\"index, follow, max-snippet:-1, max-image-preview:large, max-video-preview:-1\" \/>\n<link rel=\"canonical\" href=\"https:\/\/unifsa.com.br\/site\/unifsa-conquista-selo-de-responsabilidade-social-pelo-terceiro-ano-consecutivo\/\" \/>\n<meta property=\"og:locale\" content=\"pt_BR\" \/>\n<meta property=\"og:type\" content=\"article\" \/>\n<meta property=\"og:title\" content=\"UNIFSA conquista selo de Responsabilidade Social pelo terceiro ano consecutivo - Centro Universit\u00e1rio Santo Agostinho - UNIFSA\" \/>\n<meta property=\"og:description\" content=\"Muito al\u00e9m de levar ensino de qualidade a mais de 20 anos para o cen\u00e1rio educacional superior do Piau\u00ed, O Centro Universit\u00e1rio Santo Agostinho prop\u00f5e, atrav\u00e9s de sua atua\u00e7\u00e3o enquanto empresa, levar\u00a0servi\u00e7os para cumprir o seu papel de mudar a realidade da sociedade. \u00c9 com esse objetivo que a institui\u00e7\u00e3o recebe, pelo terceiro ano consecutivo,\" \/>\n<meta property=\"og:url\" content=\"https:\/\/unifsa.com.br\/site\/unifsa-conquista-selo-de-responsabilidade-social-pelo-terceiro-ano-consecutivo\/\" \/>\n<meta property=\"og:site_name\" content=\"Centro Universit\u00e1rio Santo Agostinho - UNIFSA\" \/>\n<meta property=\"article:publisher\" content=\"https:\/\/www.facebook.com\/unifsa\/\" \/>\n<meta property=\"article:published_time\" content=\"2019-11-28T22:34:00+00:00\" \/>\n<meta property=\"article:modified_time\" content=\"2019-12-11T19:51:25+00:00\" \/>\n<meta property=\"og:image\" content=\"https:\/\/unifsa.com.br\/site\/wp-content\/uploads\/2019\/12\/DSC_7109-copy.jpg\" \/>\n\t<meta property=\"og:image:width\" content=\"960\" \/>\n\t<meta property=\"og:image:height\" content=\"460\" \/>\n\t<meta property=\"og:image:type\" content=\"image\/jpeg\" \/>\n<meta name=\"author\" content=\"Wilk Leal\" \/>\n<meta name=\"twitter:card\" content=\"summary_large_image\" \/>\n<meta name=\"twitter:label1\" content=\"Escrito por\" \/>\n\t<meta name=\"twitter:data1\" content=\"Wilk Leal\" \/>\n\t<meta name=\"twitter:label2\" content=\"Est. tempo de leitura\" \/>\n\t<meta name=\"twitter:data2\" content=\"2 minutos\" \/>\n<script type=\"application\/ld+json\" class=\"yoast-schema-graph\">{\"@context\":\"https:\/\/schema.org\",\"@graph\":[{\"@type\":\"Article\",\"@id\":\"https:\/\/unifsa.com.br\/site\/unifsa-conquista-selo-de-responsabilidade-social-pelo-terceiro-ano-consecutivo\/#article\",\"isPartOf\":{\"@id\":\"https:\/\/unifsa.com.br\/site\/unifsa-conquista-selo-de-responsabilidade-social-pelo-terceiro-ano-consecutivo\/\"},\"author\":{\"name\":\"Wilk Leal\",\"@id\":\"https:\/\/unifsa.com.br\/site\/#\/schema\/person\/4f0ba6787ddb0e0b1f89ccaa0a7692dd\"},\"headline\":\"UNIFSA conquista selo de Responsabilidade Social pelo terceiro ano consecutivo\",\"datePublished\":\"2019-11-28T22:34:00+00:00\",\"dateModified\":\"2019-12-11T19:51:25+00:00\",\"mainEntityOfPage\":{\"@id\":\"https:\/\/unifsa.com.br\/site\/unifsa-conquista-selo-de-responsabilidade-social-pelo-terceiro-ano-consecutivo\/\"},\"wordCount\":429,\"commentCount\":0,\"publisher\":{\"@id\":\"https:\/\/unifsa.com.br\/site\/#organization\"},\"image\":{\"@id\":\"https:\/\/unifsa.com.br\/site\/unifsa-conquista-selo-de-responsabilidade-social-pelo-terceiro-ano-consecutivo\/#primaryimage\"},\"thumbnailUrl\":\"https:\/\/unifsa.com.br\/site\/wp-content\/uploads\/2019\/12\/DSC_7109-copy.jpg\",\"keywords\":[\"ABMES\",\"Campanha\",\"Comunidade\",\"Piau\u00ed\",\"Responsabilidade Social\",\"Selo\",\"UNIFSA\"],\"articleSection\":[\"Acontece na UNIFSA\"],\"inLanguage\":\"pt-BR\",\"potentialAction\":[{\"@type\":\"CommentAction\",\"name\":\"Comment\",\"target\":[\"https:\/\/unifsa.com.br\/site\/unifsa-conquista-selo-de-responsabilidade-social-pelo-terceiro-ano-consecutivo\/#respond\"]}]},{\"@type\":\"WebPage\",\"@id\":\"https:\/\/unifsa.com.br\/site\/unifsa-conquista-selo-de-responsabilidade-social-pelo-terceiro-ano-consecutivo\/\",\"url\":\"https:\/\/unifsa.com.br\/site\/unifsa-conquista-selo-de-responsabilidade-social-pelo-terceiro-ano-consecutivo\/\",\"name\":\"UNIFSA conquista selo de Responsabilidade Social pelo terceiro ano consecutivo - Centro Universit\u00e1rio Santo Agostinho - UNIFSA\",\"isPartOf\":{\"@id\":\"https:\/\/unifsa.com.br\/site\/#website\"},\"primaryImageOfPage\":{\"@id\":\"https:\/\/unifsa.com.br\/site\/unifsa-conquista-selo-de-responsabilidade-social-pelo-terceiro-ano-consecutivo\/#primaryimage\"},\"image\":{\"@id\":\"https:\/\/unifsa.com.br\/site\/unifsa-conquista-selo-de-responsabilidade-social-pelo-terceiro-ano-consecutivo\/#primaryimage\"},\"thumbnailUrl\":\"https:\/\/unifsa.com.br\/site\/wp-content\/uploads\/2019\/12\/DSC_7109-copy.jpg\",\"datePublished\":\"2019-11-28T22:34:00+00:00\",\"dateModified\":\"2019-12-11T19:51:25+00:00\",\"breadcrumb\":{\"@id\":\"https:\/\/unifsa.com.br\/site\/unifsa-conquista-selo-de-responsabilidade-social-pelo-terceiro-ano-consecutivo\/#breadcrumb\"},\"inLanguage\":\"pt-BR\",\"potentialAction\":[{\"@type\":\"ReadAction\",\"target\":[\"https:\/\/unifsa.com.br\/site\/unifsa-conquista-selo-de-responsabilidade-social-pelo-terceiro-ano-consecutivo\/\"]}]},{\"@type\":\"ImageObject\",\"inLanguage\":\"pt-BR\",\"@id\":\"https:\/\/unifsa.com.br\/site\/unifsa-conquista-selo-de-responsabilidade-social-pelo-terceiro-ano-consecutivo\/#primaryimage\",\"url\":\"https:\/\/unifsa.com.br\/site\/wp-content\/uploads\/2019\/12\/DSC_7109-copy.jpg\",\"contentUrl\":\"https:\/\/unifsa.com.br\/site\/wp-content\/uploads\/2019\/12\/DSC_7109-copy.jpg\",\"width\":960,\"height\":460},{\"@type\":\"BreadcrumbList\",\"@id\":\"https:\/\/unifsa.com.br\/site\/unifsa-conquista-selo-de-responsabilidade-social-pelo-terceiro-ano-consecutivo\/#breadcrumb\",\"itemListElement\":[{\"@type\":\"ListItem\",\"position\":1,\"name\":\"In\u00edcio\",\"item\":\"https:\/\/unifsa.com.br\/site\/\"},{\"@type\":\"ListItem\",\"position\":2,\"name\":\"UNIFSA conquista selo de Responsabilidade Social pelo terceiro ano consecutivo\"}]},{\"@type\":\"WebSite\",\"@id\":\"https:\/\/unifsa.com.br\/site\/#website\",\"url\":\"https:\/\/unifsa.com.br\/site\/\",\"name\":\"Centro Universit\u00e1rio Santo Agostinho - UNIFSA\",\"description\":\"Conhecimento para toda a vida\",\"publisher\":{\"@id\":\"https:\/\/unifsa.com.br\/site\/#organization\"},\"potentialAction\":[{\"@type\":\"SearchAction\",\"target\":{\"@type\":\"EntryPoint\",\"urlTemplate\":\"https:\/\/unifsa.com.br\/site\/?s={search_term_string}\"},\"query-input\":{\"@type\":\"PropertyValueSpecification\",\"valueRequired\":true,\"valueName\":\"search_term_string\"}}],\"inLanguage\":\"pt-BR\"},{\"@type\":\"Organization\",\"@id\":\"https:\/\/unifsa.com.br\/site\/#organization\",\"name\":\"Centro Universit\u00e1rio Santo Agostinho - UNIFSA\",\"url\":\"https:\/\/unifsa.com.br\/site\/\",\"logo\":{\"@type\":\"ImageObject\",\"inLanguage\":\"pt-BR\",\"@id\":\"https:\/\/unifsa.com.br\/site\/#\/schema\/logo\/image\/\",\"url\":\"https:\/\/unifsa.com.br\/site\/wp-content\/uploads\/2023\/03\/MARCA-UNIFSA-CIC23-q2apjs1mt975cf1wl25b044coj90fwoiee1kya6800.png\",\"contentUrl\":\"https:\/\/unifsa.com.br\/site\/wp-content\/uploads\/2023\/03\/MARCA-UNIFSA-CIC23-q2apjs1mt975cf1wl25b044coj90fwoiee1kya6800.png\",\"width\":103,\"height\":100,\"caption\":\"Centro Universit\u00e1rio Santo Agostinho - UNIFSA\"},\"image\":{\"@id\":\"https:\/\/unifsa.com.br\/site\/#\/schema\/logo\/image\/\"},\"sameAs\":[\"https:\/\/www.facebook.com\/unifsa\/\",\"https:\/\/www.instagram.com\/unifsa\/\"]},{\"@type\":\"Person\",\"@id\":\"https:\/\/unifsa.com.br\/site\/#\/schema\/person\/4f0ba6787ddb0e0b1f89ccaa0a7692dd\",\"name\":\"Wilk Leal\",\"image\":{\"@type\":\"ImageObject\",\"inLanguage\":\"pt-BR\",\"@id\":\"https:\/\/unifsa.com.br\/site\/#\/schema\/person\/image\/\",\"url\":\"https:\/\/secure.gravatar.com\/avatar\/b859b84b4d7ff8bacb2a332f615eed10?s=96&d=mm&r=g\",\"contentUrl\":\"https:\/\/secure.gravatar.com\/avatar\/b859b84b4d7ff8bacb2a332f615eed10?s=96&d=mm&r=g\",\"caption\":\"Wilk Leal\"},\"url\":\"https:\/\/unifsa.com.br\/site\/author\/wilkleal\/\"}]}<\/script>\n<!-- \/ Yoast SEO plugin. -->","yoast_head_json":{"title":"UNIFSA conquista selo de Responsabilidade Social pelo terceiro ano consecutivo - Centro Universit\u00e1rio Santo Agostinho - UNIFSA","robots":{"index":"index","follow":"follow","max-snippet":"max-snippet:-1","max-image-preview":"max-image-preview:large","max-video-preview":"max-video-preview:-1"},"canonical":"https:\/\/unifsa.com.br\/site\/unifsa-conquista-selo-de-responsabilidade-social-pelo-terceiro-ano-consecutivo\/","og_locale":"pt_BR","og_type":"article","og_title":"UNIFSA conquista selo de Responsabilidade Social pelo terceiro ano consecutivo - Centro Universit\u00e1rio Santo Agostinho - UNIFSA","og_description":"Muito al\u00e9m de levar ensino de qualidade a mais de 20 anos para o cen\u00e1rio educacional superior do Piau\u00ed, O Centro Universit\u00e1rio Santo Agostinho prop\u00f5e, atrav\u00e9s de sua atua\u00e7\u00e3o enquanto empresa, levar\u00a0servi\u00e7os para cumprir o seu papel de mudar a realidade da sociedade. \u00c9 com esse objetivo que a institui\u00e7\u00e3o recebe, pelo terceiro ano consecutivo,","og_url":"https:\/\/unifsa.com.br\/site\/unifsa-conquista-selo-de-responsabilidade-social-pelo-terceiro-ano-consecutivo\/","og_site_name":"Centro Universit\u00e1rio Santo Agostinho - UNIFSA","article_publisher":"https:\/\/www.facebook.com\/unifsa\/","article_published_time":"2019-11-28T22:34:00+00:00","article_modified_time":"2019-12-11T19:51:25+00:00","og_image":[{"width":960,"height":460,"url":"https:\/\/unifsa.com.br\/site\/wp-content\/uploads\/2019\/12\/DSC_7109-copy.jpg","type":"image\/jpeg"}],"author":"Wilk Leal","twitter_card":"summary_large_image","twitter_misc":{"Escrito por":"Wilk Leal","Est. tempo de leitura":"2 minutos"},"schema":{"@context":"https:\/\/schema.org","@graph":[{"@type":"Article","@id":"https:\/\/unifsa.com.br\/site\/unifsa-conquista-selo-de-responsabilidade-social-pelo-terceiro-ano-consecutivo\/#article","isPartOf":{"@id":"https:\/\/unifsa.com.br\/site\/unifsa-conquista-selo-de-responsabilidade-social-pelo-terceiro-ano-consecutivo\/"},"author":{"name":"Wilk Leal","@id":"https:\/\/unifsa.com.br\/site\/#\/schema\/person\/4f0ba6787ddb0e0b1f89ccaa0a7692dd"},"headline":"UNIFSA conquista selo de Responsabilidade Social pelo terceiro ano consecutivo","datePublished":"2019-11-28T22:34:00+00:00","dateModified":"2019-12-11T19:51:25+00:00","mainEntityOfPage":{"@id":"https:\/\/unifsa.com.br\/site\/unifsa-conquista-selo-de-responsabilidade-social-pelo-terceiro-ano-consecutivo\/"},"wordCount":429,"commentCount":0,"publisher":{"@id":"https:\/\/unifsa.com.br\/site\/#organization"},"image":{"@id":"https:\/\/unifsa.com.br\/site\/unifsa-conquista-selo-de-responsabilidade-social-pelo-terceiro-ano-consecutivo\/#primaryimage"},"thumbnailUrl":"https:\/\/unifsa.com.br\/site\/wp-content\/uploads\/2019\/12\/DSC_7109-copy.jpg","keywords":["ABMES","Campanha","Comunidade","Piau\u00ed","Responsabilidade Social","Selo","UNIFSA"],"articleSection":["Acontece na UNIFSA"],"inLanguage":"pt-BR","potentialAction":[{"@type":"CommentAction","name":"Comment","target":["https:\/\/unifsa.com.br\/site\/unifsa-conquista-selo-de-responsabilidade-social-pelo-terceiro-ano-consecutivo\/#respond"]}]},{"@type":"WebPage","@id":"https:\/\/unifsa.com.br\/site\/unifsa-conquista-selo-de-responsabilidade-social-pelo-terceiro-ano-consecutivo\/","url":"https:\/\/unifsa.com.br\/site\/unifsa-conquista-selo-de-responsabilidade-social-pelo-terceiro-ano-consecutivo\/","name":"UNIFSA conquista selo de Responsabilidade Social pelo terceiro ano consecutivo - Centro Universit\u00e1rio Santo Agostinho - UNIFSA","isPartOf":{"@id":"https:\/\/unifsa.com.br\/site\/#website"},"primaryImageOfPage":{"@id":"https:\/\/unifsa.com.br\/site\/unifsa-conquista-selo-de-responsabilidade-social-pelo-terceiro-ano-consecutivo\/#primaryimage"},"image":{"@id":"https:\/\/unifsa.com.br\/site\/unifsa-conquista-selo-de-responsabilidade-social-pelo-terceiro-ano-consecutivo\/#primaryimage"},"thumbnailUrl":"https:\/\/unifsa.com.br\/site\/wp-content\/uploads\/2019\/12\/DSC_7109-copy.jpg","datePublished":"2019-11-28T22:34:00+00:00","dateModified":"2019-12-11T19:51:25+00:00","breadcrumb":{"@id":"https:\/\/unifsa.com.br\/site\/unifsa-conquista-selo-de-responsabilidade-social-pelo-terceiro-ano-consecutivo\/#breadcrumb"},"inLanguage":"pt-BR","potentialAction":[{"@type":"ReadAction","target":["https:\/\/unifsa.com.br\/site\/unifsa-conquista-selo-de-responsabilidade-social-pelo-terceiro-ano-consecutivo\/"]}]},{"@type":"ImageObject","inLanguage":"pt-BR","@id":"https:\/\/unifsa.com.br\/site\/unifsa-conquista-selo-de-responsabilidade-social-pelo-terceiro-ano-consecutivo\/#primaryimage","url":"https:\/\/unifsa.com.br\/site\/wp-content\/uploads\/2019\/12\/DSC_7109-copy.jpg","contentUrl":"https:\/\/unifsa.com.br\/site\/wp-content\/uploads\/2019\/12\/DSC_7109-copy.jpg","width":960,"height":460},{"@type":"BreadcrumbList","@id":"https:\/\/unifsa.com.br\/site\/unifsa-conquista-selo-de-responsabilidade-social-pelo-terceiro-ano-consecutivo\/#breadcrumb","itemListElement":[{"@type":"ListItem","position":1,"name":"In\u00edcio","item":"https:\/\/unifsa.com.br\/site\/"},{"@type":"ListItem","position":2,"name":"UNIFSA conquista selo de Responsabilidade Social pelo terceiro ano consecutivo"}]},{"@type":"WebSite","@id":"https:\/\/unifsa.com.br\/site\/#website","url":"https:\/\/unifsa.com.br\/site\/","name":"Centro Universit\u00e1rio Santo Agostinho - UNIFSA","description":"Conhecimento para toda a vida","publisher":{"@id":"https:\/\/unifsa.com.br\/site\/#organization"},"potentialAction":[{"@type":"SearchAction","target":{"@type":"EntryPoint","urlTemplate":"https:\/\/unifsa.com.br\/site\/?s={search_term_string}"},"query-input":{"@type":"PropertyValueSpecification","valueRequired":true,"valueName":"search_term_string"}}],"inLanguage":"pt-BR"},{"@type":"Organization","@id":"https:\/\/unifsa.com.br\/site\/#organization","name":"Centro Universit\u00e1rio Santo Agostinho - UNIFSA","url":"https:\/\/unifsa.com.br\/site\/","logo":{"@type":"ImageObject","inLanguage":"pt-BR","@id":"https:\/\/unifsa.com.br\/site\/#\/schema\/logo\/image\/","url":"https:\/\/unifsa.com.br\/site\/wp-content\/uploads\/2023\/03\/MARCA-UNIFSA-CIC23-q2apjs1mt975cf1wl25b044coj90fwoiee1kya6800.png","contentUrl":"https:\/\/unifsa.com.br\/site\/wp-content\/uploads\/2023\/03\/MARCA-UNIFSA-CIC23-q2apjs1mt975cf1wl25b044coj90fwoiee1kya6800.png","width":103,"height":100,"caption":"Centro Universit\u00e1rio Santo Agostinho - UNIFSA"},"image":{"@id":"https:\/\/unifsa.com.br\/site\/#\/schema\/logo\/image\/"},"sameAs":["https:\/\/www.facebook.com\/unifsa\/","https:\/\/www.instagram.com\/unifsa\/"]},{"@type":"Person","@id":"https:\/\/unifsa.com.br\/site\/#\/schema\/person\/4f0ba6787ddb0e0b1f89ccaa0a7692dd","name":"Wilk Leal","image":{"@type":"ImageObject","inLanguage":"pt-BR","@id":"https:\/\/unifsa.com.br\/site\/#\/schema\/person\/image\/","url":"https:\/\/secure.gravatar.com\/avatar\/b859b84b4d7ff8bacb2a332f615eed10?s=96&d=mm&r=g","contentUrl":"https:\/\/secure.gravatar.com\/avatar\/b859b84b4d7ff8bacb2a332f615eed10?s=96&d=mm&r=g","caption":"Wilk Leal"},"url":"https:\/\/unifsa.com.br\/site\/author\/wilkleal\/"}]}},"_links":{"self":[{"href":"https:\/\/unifsa.com.br\/site\/wp-json\/wp\/v2\/posts\/2094","targetHints":{"allow":["GET"]}}],"collection":[{"href":"https:\/\/unifsa.com.br\/site\/wp-json\/wp\/v2\/posts"}],"about":[{"href":"https:\/\/unifsa.com.br\/site\/wp-json\/wp\/v2\/types\/post"}],"author":[{"embeddable":true,"href":"https:\/\/unifsa.com.br\/site\/wp-json\/wp\/v2\/users\/5"}],"replies":[{"embeddable":true,"href":"https:\/\/unifsa.com.br\/site\/wp-json\/wp\/v2\/comments?post=2094"}],"version-history":[{"count":14,"href":"https:\/\/unifsa.com.br\/site\/wp-json\/wp\/v2\/posts\/2094\/revisions"}],"predecessor-version":[{"id":2111,"href":"https:\/\/unifsa.com.br\/site\/wp-json\/wp\/v2\/posts\/2094\/revisions\/2111"}],"wp:featuredmedia":[{"embeddable":true,"href":"https:\/\/unifsa.com.br\/site\/wp-json\/wp\/v2\/media\/2109"}],"wp:attachment":[{"href":"https:\/\/unifsa.com.br\/site\/wp-json\/wp\/v2\/media?parent=2094"}],"wp:term":[{"taxonomy":"category","embeddable":true,"href":"https:\/\/unifsa.com.br\/site\/wp-json\/wp\/v2\/categories?post=2094"},{"taxonomy":"post_tag","embeddable":true,"href":"https:\/\/unifsa.com.br\/site\/wp-json\/wp\/v2\/tags?post=2094"}],"curies":[{"name":"wp","href":"https:\/\/api.w.org\/{rel}","templated":true}]}}