{"id":20732,"date":"2023-03-24T18:10:30","date_gmt":"2023-03-24T21:10:30","guid":{"rendered":"https:\/\/unifsa.com.br\/site\/?p=20732"},"modified":"2023-03-25T09:04:38","modified_gmt":"2023-03-25T12:04:38","slug":"projeto-saude-no-verde-seleciona-extensionistas-2","status":"publish","type":"post","link":"https:\/\/unifsa.com.br\/site\/projeto-saude-no-verde-seleciona-extensionistas-2\/","title":{"rendered":"Projeto Sa\u00fade no Verde seleciona extensionistas"},"content":{"rendered":"\n<p class=\"texto-justificado\">O Centro Universit\u00e1rio Santo Agostinho, por meio do curso de <a href=\"https:\/\/unifsa.com.br\/site\/curso\/farmacia\/\">Farm\u00e1cia<\/a>, abre as inscri\u00e7\u00f5es para a sele\u00e7\u00e3o de estudantes extensionistas para o projeto de extens\u00e3o <strong>Sa\u00fade no Verde<\/strong>. O per\u00edodo acontece de 27 a 30 de mar\u00e7o, e custa 01 pacote de leite a ser entregue no N\u00facleo de Apoio Pedag\u00f3gico (NUAPE) dentro do prazo acima.<\/p>\n\n\n\n<div class=\"wp-block-buttons is-layout-flex wp-block-buttons-is-layout-flex\">\n<div class=\"wp-block-button aligncenter\"><a class=\"wp-block-button__link has-vivid-cyan-blue-background-color has-background wp-element-button\" href=\"https:\/\/forms.gle\/Rf3BRL1aDWUTPjGn9\">Inscreva-se<\/a><\/div>\n\n\n\n<div class=\"wp-block-button aligncenter\"><a class=\"wp-block-button__link has-white-color has-vivid-red-background-color has-text-color has-background wp-element-button\" href=\"https:\/\/unifsa.com.br\/site\/wp-content\/uploads\/2023\/03\/EDITAL_PROJETO_DE_EXTENSAO_2023.1_Saude_no_Verde_assi.pdf\">Confira o Edital<\/a><\/div>\n<\/div>\n\n\n\n<p class=\"texto-justificado\">Voltada para estudantes do Curso de Farm\u00e1cia do UNIFSA que est\u00e3o cursando ou j\u00e1 tenham cursado a disciplina de Farmacognosia, a sele\u00e7\u00e3o ser\u00e1 divida em an\u00e1lise do Hist\u00f3rico Acad\u00eamico e entrevista. As entrevistas ser\u00e3o realizadas presencialmente no dia 31 de mar\u00e7o de 2023, de 14h \u00e0s 15h por ordem de chegada.<\/p>\n\n\n\n<h4 class=\"has-vivid-cyan-blue-color has-white-background-color has-text-color has-background wp-block-heading\">Confira o cronograma do projeto:<\/h4>\n\n\n\n<figure class=\"wp-block-table\"><table><tbody><tr><td>Inscri\u00e7\u00f5es<\/td><td>27 a 31 de mar\u00e7o de 2023<\/td><\/tr><tr><td>Entrevistas<\/td><td>31 de mar\u00e7o de 2023<\/td><\/tr><tr><td>Resultado Final<\/td><td>04 de abril de 2023<\/td><\/tr><tr><td>Realiza\u00e7\u00e3o<\/td><td>06 de abril a 06 de julho de 2023<\/td><\/tr><\/tbody><\/table><\/figure>\n\n\n\n<hr class=\"wp-block-separator has-alpha-channel-opacity is-style-wide\"\/>\n\n\n\n<h5 class=\"has-vivid-cyan-blue-color has-text-color wp-block-heading\">SA\u00daDE NO VERDE<\/h5>\n\n\n\n<p class=\"texto-justificado\">O Projeto de Extens\u00e3o Sa\u00fade no Verde \u00e9 organizado pelo curso de Farm\u00e1cia do UNIFSA e tem o objetivo de promover o uso racional das Plantas Medicinais por meio de publica\u00e7\u00f5es educativas em perfil de rede social (Instagram &#8211; Facebook Inc.) e em atividades educativas na comunidade.<\/p>\n","protected":false},"excerpt":{"rendered":"<p>O Centro Universit\u00e1rio Santo Agostinho, por meio do curso de Farm\u00e1cia, abre as inscri\u00e7\u00f5es para a sele\u00e7\u00e3o de estudantes extensionistas para o projeto de extens\u00e3o Sa\u00fade no Verde. O per\u00edodo acontece de 27 a 30 de mar\u00e7o, e custa 01 pacote de leite a ser entregue no N\u00facleo de Apoio Pedag\u00f3gico (NUAPE) dentro do prazo acima.<\/p>\n","protected":false},"author":11,"featured_media":20853,"comment_status":"closed","ping_status":"open","sticky":false,"template":"","format":"standard","meta":{"_acf_changed":false,"footnotes":""},"categories":[6,60],"tags":[180,1103,1104,108,576],"class_list":["post-20732","post","type-post","status-publish","format-standard","has-post-thumbnail","hentry","category-acontece-na-unifsa","category-farmacia","tag-farmacia","tag-farmacognosia","tag-plantas-medicinais","tag-projeto-de-extensao","tag-saude-no-verde"],"acf":[],"yoast_head":"<!-- This site is optimized with the Yoast SEO plugin v26.5 - https:\/\/yoast.com\/wordpress\/plugins\/seo\/ -->\n<title>Projeto Sa\u00fade no Verde seleciona extensionistas - Centro Universit\u00e1rio Santo Agostinho - UNIFSA<\/title>\n<meta name=\"robots\" content=\"index, follow, max-snippet:-1, max-image-preview:large, max-video-preview:-1\" \/>\n<link rel=\"canonical\" href=\"https:\/\/unifsa.com.br\/site\/projeto-saude-no-verde-seleciona-extensionistas-2\/\" \/>\n<meta property=\"og:locale\" content=\"pt_BR\" \/>\n<meta property=\"og:type\" content=\"article\" \/>\n<meta property=\"og:title\" content=\"Projeto Sa\u00fade no Verde seleciona extensionistas - Centro Universit\u00e1rio Santo Agostinho - UNIFSA\" \/>\n<meta property=\"og:description\" content=\"O Centro Universit\u00e1rio Santo Agostinho, por meio do curso de Farm\u00e1cia, abre as inscri\u00e7\u00f5es para a sele\u00e7\u00e3o de estudantes extensionistas para o projeto de extens\u00e3o Sa\u00fade no Verde. O per\u00edodo acontece de 27 a 30 de mar\u00e7o, e custa 01 pacote de leite a ser entregue no N\u00facleo de Apoio Pedag\u00f3gico (NUAPE) dentro do prazo acima.\" \/>\n<meta property=\"og:url\" content=\"https:\/\/unifsa.com.br\/site\/projeto-saude-no-verde-seleciona-extensionistas-2\/\" \/>\n<meta property=\"og:site_name\" content=\"Centro Universit\u00e1rio Santo Agostinho - UNIFSA\" \/>\n<meta property=\"article:publisher\" content=\"https:\/\/www.facebook.com\/unifsa\/\" \/>\n<meta property=\"article:published_time\" content=\"2023-03-24T21:10:30+00:00\" \/>\n<meta property=\"article:modified_time\" content=\"2023-03-25T12:04:38+00:00\" \/>\n<meta property=\"og:image\" content=\"https:\/\/unifsa.com.br\/site\/wp-content\/uploads\/2023\/03\/Copia-de-site.jpg\" \/>\n\t<meta property=\"og:image:width\" content=\"1920\" \/>\n\t<meta property=\"og:image:height\" content=\"805\" \/>\n\t<meta property=\"og:image:type\" content=\"image\/jpeg\" \/>\n<meta name=\"author\" content=\"Oceannyra Kelly da Cruz Silva\" \/>\n<meta name=\"twitter:card\" content=\"summary_large_image\" \/>\n<meta name=\"twitter:label1\" content=\"Escrito por\" \/>\n\t<meta name=\"twitter:data1\" content=\"Oceannyra Kelly da Cruz Silva\" \/>\n\t<meta name=\"twitter:label2\" content=\"Est. tempo de leitura\" \/>\n\t<meta name=\"twitter:data2\" content=\"2 minutos\" \/>\n<script type=\"application\/ld+json\" class=\"yoast-schema-graph\">{\"@context\":\"https:\/\/schema.org\",\"@graph\":[{\"@type\":\"Article\",\"@id\":\"https:\/\/unifsa.com.br\/site\/projeto-saude-no-verde-seleciona-extensionistas-2\/#article\",\"isPartOf\":{\"@id\":\"https:\/\/unifsa.com.br\/site\/projeto-saude-no-verde-seleciona-extensionistas-2\/\"},\"author\":{\"name\":\"Oceannyra Kelly da Cruz Silva\",\"@id\":\"https:\/\/unifsa.com.br\/site\/#\/schema\/person\/a4cec94bbc6ddf98f579162824de9bf2\"},\"headline\":\"Projeto Sa\u00fade no Verde seleciona extensionistas\",\"datePublished\":\"2023-03-24T21:10:30+00:00\",\"dateModified\":\"2023-03-25T12:04:38+00:00\",\"mainEntityOfPage\":{\"@id\":\"https:\/\/unifsa.com.br\/site\/projeto-saude-no-verde-seleciona-extensionistas-2\/\"},\"wordCount\":215,\"publisher\":{\"@id\":\"https:\/\/unifsa.com.br\/site\/#organization\"},\"image\":{\"@id\":\"https:\/\/unifsa.com.br\/site\/projeto-saude-no-verde-seleciona-extensionistas-2\/#primaryimage\"},\"thumbnailUrl\":\"https:\/\/unifsa.com.br\/site\/wp-content\/uploads\/2023\/03\/Copia-de-site.jpg\",\"keywords\":[\"Farm\u00e1cia\",\"Farmacognosia\",\"Plantas Medicinais\",\"Projeto de Extens\u00e3o\",\"sa\u00fade no verde\"],\"articleSection\":[\"Acontece na UNIFSA\",\"Farm\u00e1cia\"],\"inLanguage\":\"pt-BR\"},{\"@type\":\"WebPage\",\"@id\":\"https:\/\/unifsa.com.br\/site\/projeto-saude-no-verde-seleciona-extensionistas-2\/\",\"url\":\"https:\/\/unifsa.com.br\/site\/projeto-saude-no-verde-seleciona-extensionistas-2\/\",\"name\":\"Projeto Sa\u00fade no Verde seleciona extensionistas - Centro Universit\u00e1rio Santo Agostinho - UNIFSA\",\"isPartOf\":{\"@id\":\"https:\/\/unifsa.com.br\/site\/#website\"},\"primaryImageOfPage\":{\"@id\":\"https:\/\/unifsa.com.br\/site\/projeto-saude-no-verde-seleciona-extensionistas-2\/#primaryimage\"},\"image\":{\"@id\":\"https:\/\/unifsa.com.br\/site\/projeto-saude-no-verde-seleciona-extensionistas-2\/#primaryimage\"},\"thumbnailUrl\":\"https:\/\/unifsa.com.br\/site\/wp-content\/uploads\/2023\/03\/Copia-de-site.jpg\",\"datePublished\":\"2023-03-24T21:10:30+00:00\",\"dateModified\":\"2023-03-25T12:04:38+00:00\",\"breadcrumb\":{\"@id\":\"https:\/\/unifsa.com.br\/site\/projeto-saude-no-verde-seleciona-extensionistas-2\/#breadcrumb\"},\"inLanguage\":\"pt-BR\",\"potentialAction\":[{\"@type\":\"ReadAction\",\"target\":[\"https:\/\/unifsa.com.br\/site\/projeto-saude-no-verde-seleciona-extensionistas-2\/\"]}]},{\"@type\":\"ImageObject\",\"inLanguage\":\"pt-BR\",\"@id\":\"https:\/\/unifsa.com.br\/site\/projeto-saude-no-verde-seleciona-extensionistas-2\/#primaryimage\",\"url\":\"https:\/\/unifsa.com.br\/site\/wp-content\/uploads\/2023\/03\/Copia-de-site.jpg\",\"contentUrl\":\"https:\/\/unifsa.com.br\/site\/wp-content\/uploads\/2023\/03\/Copia-de-site.jpg\",\"width\":1920,\"height\":805},{\"@type\":\"BreadcrumbList\",\"@id\":\"https:\/\/unifsa.com.br\/site\/projeto-saude-no-verde-seleciona-extensionistas-2\/#breadcrumb\",\"itemListElement\":[{\"@type\":\"ListItem\",\"position\":1,\"name\":\"In\u00edcio\",\"item\":\"https:\/\/unifsa.com.br\/site\/\"},{\"@type\":\"ListItem\",\"position\":2,\"name\":\"Projeto Sa\u00fade no Verde seleciona extensionistas\"}]},{\"@type\":\"WebSite\",\"@id\":\"https:\/\/unifsa.com.br\/site\/#website\",\"url\":\"https:\/\/unifsa.com.br\/site\/\",\"name\":\"Centro Universit\u00e1rio Santo Agostinho - UNIFSA\",\"description\":\"Conhecimento para toda a vida\",\"publisher\":{\"@id\":\"https:\/\/unifsa.com.br\/site\/#organization\"},\"potentialAction\":[{\"@type\":\"SearchAction\",\"target\":{\"@type\":\"EntryPoint\",\"urlTemplate\":\"https:\/\/unifsa.com.br\/site\/?s={search_term_string}\"},\"query-input\":{\"@type\":\"PropertyValueSpecification\",\"valueRequired\":true,\"valueName\":\"search_term_string\"}}],\"inLanguage\":\"pt-BR\"},{\"@type\":\"Organization\",\"@id\":\"https:\/\/unifsa.com.br\/site\/#organization\",\"name\":\"Centro Universit\u00e1rio Santo Agostinho - UNIFSA\",\"url\":\"https:\/\/unifsa.com.br\/site\/\",\"logo\":{\"@type\":\"ImageObject\",\"inLanguage\":\"pt-BR\",\"@id\":\"https:\/\/unifsa.com.br\/site\/#\/schema\/logo\/image\/\",\"url\":\"https:\/\/unifsa.com.br\/site\/wp-content\/uploads\/2023\/03\/MARCA-UNIFSA-CIC23-q2apjs1mt975cf1wl25b044coj90fwoiee1kya6800.png\",\"contentUrl\":\"https:\/\/unifsa.com.br\/site\/wp-content\/uploads\/2023\/03\/MARCA-UNIFSA-CIC23-q2apjs1mt975cf1wl25b044coj90fwoiee1kya6800.png\",\"width\":103,\"height\":100,\"caption\":\"Centro Universit\u00e1rio Santo Agostinho - UNIFSA\"},\"image\":{\"@id\":\"https:\/\/unifsa.com.br\/site\/#\/schema\/logo\/image\/\"},\"sameAs\":[\"https:\/\/www.facebook.com\/unifsa\/\",\"https:\/\/www.instagram.com\/unifsa\/\"]},{\"@type\":\"Person\",\"@id\":\"https:\/\/unifsa.com.br\/site\/#\/schema\/person\/a4cec94bbc6ddf98f579162824de9bf2\",\"name\":\"Oceannyra Kelly da Cruz Silva\",\"image\":{\"@type\":\"ImageObject\",\"inLanguage\":\"pt-BR\",\"@id\":\"https:\/\/unifsa.com.br\/site\/#\/schema\/person\/image\/\",\"url\":\"https:\/\/secure.gravatar.com\/avatar\/05c87cd6fa2c3c73262055bd9341438a47e77a37053b409b3cf4f8df60ea8eb8?s=96&d=mm&r=g\",\"contentUrl\":\"https:\/\/secure.gravatar.com\/avatar\/05c87cd6fa2c3c73262055bd9341438a47e77a37053b409b3cf4f8df60ea8eb8?s=96&d=mm&r=g\",\"caption\":\"Oceannyra Kelly da Cruz Silva\"},\"url\":\"https:\/\/unifsa.com.br\/site\/author\/oceannyrakelly\/\"}]}<\/script>\n<!-- \/ Yoast SEO plugin. -->","yoast_head_json":{"title":"Projeto Sa\u00fade no Verde seleciona extensionistas - Centro Universit\u00e1rio Santo Agostinho - UNIFSA","robots":{"index":"index","follow":"follow","max-snippet":"max-snippet:-1","max-image-preview":"max-image-preview:large","max-video-preview":"max-video-preview:-1"},"canonical":"https:\/\/unifsa.com.br\/site\/projeto-saude-no-verde-seleciona-extensionistas-2\/","og_locale":"pt_BR","og_type":"article","og_title":"Projeto Sa\u00fade no Verde seleciona extensionistas - Centro Universit\u00e1rio Santo Agostinho - UNIFSA","og_description":"O Centro Universit\u00e1rio Santo Agostinho, por meio do curso de Farm\u00e1cia, abre as inscri\u00e7\u00f5es para a sele\u00e7\u00e3o de estudantes extensionistas para o projeto de extens\u00e3o Sa\u00fade no Verde. O per\u00edodo acontece de 27 a 30 de mar\u00e7o, e custa 01 pacote de leite a ser entregue no N\u00facleo de Apoio Pedag\u00f3gico (NUAPE) dentro do prazo acima.","og_url":"https:\/\/unifsa.com.br\/site\/projeto-saude-no-verde-seleciona-extensionistas-2\/","og_site_name":"Centro Universit\u00e1rio Santo Agostinho - UNIFSA","article_publisher":"https:\/\/www.facebook.com\/unifsa\/","article_published_time":"2023-03-24T21:10:30+00:00","article_modified_time":"2023-03-25T12:04:38+00:00","og_image":[{"width":1920,"height":805,"url":"https:\/\/unifsa.com.br\/site\/wp-content\/uploads\/2023\/03\/Copia-de-site.jpg","type":"image\/jpeg"}],"author":"Oceannyra Kelly da Cruz Silva","twitter_card":"summary_large_image","twitter_misc":{"Escrito por":"Oceannyra Kelly da Cruz Silva","Est. tempo de leitura":"2 minutos"},"schema":{"@context":"https:\/\/schema.org","@graph":[{"@type":"Article","@id":"https:\/\/unifsa.com.br\/site\/projeto-saude-no-verde-seleciona-extensionistas-2\/#article","isPartOf":{"@id":"https:\/\/unifsa.com.br\/site\/projeto-saude-no-verde-seleciona-extensionistas-2\/"},"author":{"name":"Oceannyra Kelly da Cruz Silva","@id":"https:\/\/unifsa.com.br\/site\/#\/schema\/person\/a4cec94bbc6ddf98f579162824de9bf2"},"headline":"Projeto Sa\u00fade no Verde seleciona extensionistas","datePublished":"2023-03-24T21:10:30+00:00","dateModified":"2023-03-25T12:04:38+00:00","mainEntityOfPage":{"@id":"https:\/\/unifsa.com.br\/site\/projeto-saude-no-verde-seleciona-extensionistas-2\/"},"wordCount":215,"publisher":{"@id":"https:\/\/unifsa.com.br\/site\/#organization"},"image":{"@id":"https:\/\/unifsa.com.br\/site\/projeto-saude-no-verde-seleciona-extensionistas-2\/#primaryimage"},"thumbnailUrl":"https:\/\/unifsa.com.br\/site\/wp-content\/uploads\/2023\/03\/Copia-de-site.jpg","keywords":["Farm\u00e1cia","Farmacognosia","Plantas Medicinais","Projeto de Extens\u00e3o","sa\u00fade no verde"],"articleSection":["Acontece na UNIFSA","Farm\u00e1cia"],"inLanguage":"pt-BR"},{"@type":"WebPage","@id":"https:\/\/unifsa.com.br\/site\/projeto-saude-no-verde-seleciona-extensionistas-2\/","url":"https:\/\/unifsa.com.br\/site\/projeto-saude-no-verde-seleciona-extensionistas-2\/","name":"Projeto Sa\u00fade no Verde seleciona extensionistas - Centro Universit\u00e1rio Santo Agostinho - UNIFSA","isPartOf":{"@id":"https:\/\/unifsa.com.br\/site\/#website"},"primaryImageOfPage":{"@id":"https:\/\/unifsa.com.br\/site\/projeto-saude-no-verde-seleciona-extensionistas-2\/#primaryimage"},"image":{"@id":"https:\/\/unifsa.com.br\/site\/projeto-saude-no-verde-seleciona-extensionistas-2\/#primaryimage"},"thumbnailUrl":"https:\/\/unifsa.com.br\/site\/wp-content\/uploads\/2023\/03\/Copia-de-site.jpg","datePublished":"2023-03-24T21:10:30+00:00","dateModified":"2023-03-25T12:04:38+00:00","breadcrumb":{"@id":"https:\/\/unifsa.com.br\/site\/projeto-saude-no-verde-seleciona-extensionistas-2\/#breadcrumb"},"inLanguage":"pt-BR","potentialAction":[{"@type":"ReadAction","target":["https:\/\/unifsa.com.br\/site\/projeto-saude-no-verde-seleciona-extensionistas-2\/"]}]},{"@type":"ImageObject","inLanguage":"pt-BR","@id":"https:\/\/unifsa.com.br\/site\/projeto-saude-no-verde-seleciona-extensionistas-2\/#primaryimage","url":"https:\/\/unifsa.com.br\/site\/wp-content\/uploads\/2023\/03\/Copia-de-site.jpg","contentUrl":"https:\/\/unifsa.com.br\/site\/wp-content\/uploads\/2023\/03\/Copia-de-site.jpg","width":1920,"height":805},{"@type":"BreadcrumbList","@id":"https:\/\/unifsa.com.br\/site\/projeto-saude-no-verde-seleciona-extensionistas-2\/#breadcrumb","itemListElement":[{"@type":"ListItem","position":1,"name":"In\u00edcio","item":"https:\/\/unifsa.com.br\/site\/"},{"@type":"ListItem","position":2,"name":"Projeto Sa\u00fade no Verde seleciona extensionistas"}]},{"@type":"WebSite","@id":"https:\/\/unifsa.com.br\/site\/#website","url":"https:\/\/unifsa.com.br\/site\/","name":"Centro Universit\u00e1rio Santo Agostinho - UNIFSA","description":"Conhecimento para toda a vida","publisher":{"@id":"https:\/\/unifsa.com.br\/site\/#organization"},"potentialAction":[{"@type":"SearchAction","target":{"@type":"EntryPoint","urlTemplate":"https:\/\/unifsa.com.br\/site\/?s={search_term_string}"},"query-input":{"@type":"PropertyValueSpecification","valueRequired":true,"valueName":"search_term_string"}}],"inLanguage":"pt-BR"},{"@type":"Organization","@id":"https:\/\/unifsa.com.br\/site\/#organization","name":"Centro Universit\u00e1rio Santo Agostinho - UNIFSA","url":"https:\/\/unifsa.com.br\/site\/","logo":{"@type":"ImageObject","inLanguage":"pt-BR","@id":"https:\/\/unifsa.com.br\/site\/#\/schema\/logo\/image\/","url":"https:\/\/unifsa.com.br\/site\/wp-content\/uploads\/2023\/03\/MARCA-UNIFSA-CIC23-q2apjs1mt975cf1wl25b044coj90fwoiee1kya6800.png","contentUrl":"https:\/\/unifsa.com.br\/site\/wp-content\/uploads\/2023\/03\/MARCA-UNIFSA-CIC23-q2apjs1mt975cf1wl25b044coj90fwoiee1kya6800.png","width":103,"height":100,"caption":"Centro Universit\u00e1rio Santo Agostinho - UNIFSA"},"image":{"@id":"https:\/\/unifsa.com.br\/site\/#\/schema\/logo\/image\/"},"sameAs":["https:\/\/www.facebook.com\/unifsa\/","https:\/\/www.instagram.com\/unifsa\/"]},{"@type":"Person","@id":"https:\/\/unifsa.com.br\/site\/#\/schema\/person\/a4cec94bbc6ddf98f579162824de9bf2","name":"Oceannyra Kelly da Cruz Silva","image":{"@type":"ImageObject","inLanguage":"pt-BR","@id":"https:\/\/unifsa.com.br\/site\/#\/schema\/person\/image\/","url":"https:\/\/secure.gravatar.com\/avatar\/05c87cd6fa2c3c73262055bd9341438a47e77a37053b409b3cf4f8df60ea8eb8?s=96&d=mm&r=g","contentUrl":"https:\/\/secure.gravatar.com\/avatar\/05c87cd6fa2c3c73262055bd9341438a47e77a37053b409b3cf4f8df60ea8eb8?s=96&d=mm&r=g","caption":"Oceannyra Kelly da Cruz Silva"},"url":"https:\/\/unifsa.com.br\/site\/author\/oceannyrakelly\/"}]}},"_links":{"self":[{"href":"https:\/\/unifsa.com.br\/site\/wp-json\/wp\/v2\/posts\/20732","targetHints":{"allow":["GET"]}}],"collection":[{"href":"https:\/\/unifsa.com.br\/site\/wp-json\/wp\/v2\/posts"}],"about":[{"href":"https:\/\/unifsa.com.br\/site\/wp-json\/wp\/v2\/types\/post"}],"author":[{"embeddable":true,"href":"https:\/\/unifsa.com.br\/site\/wp-json\/wp\/v2\/users\/11"}],"replies":[{"embeddable":true,"href":"https:\/\/unifsa.com.br\/site\/wp-json\/wp\/v2\/comments?post=20732"}],"version-history":[{"count":5,"href":"https:\/\/unifsa.com.br\/site\/wp-json\/wp\/v2\/posts\/20732\/revisions"}],"predecessor-version":[{"id":20846,"href":"https:\/\/unifsa.com.br\/site\/wp-json\/wp\/v2\/posts\/20732\/revisions\/20846"}],"wp:featuredmedia":[{"embeddable":true,"href":"https:\/\/unifsa.com.br\/site\/wp-json\/wp\/v2\/media\/20853"}],"wp:attachment":[{"href":"https:\/\/unifsa.com.br\/site\/wp-json\/wp\/v2\/media?parent=20732"}],"wp:term":[{"taxonomy":"category","embeddable":true,"href":"https:\/\/unifsa.com.br\/site\/wp-json\/wp\/v2\/categories?post=20732"},{"taxonomy":"post_tag","embeddable":true,"href":"https:\/\/unifsa.com.br\/site\/wp-json\/wp\/v2\/tags?post=20732"}],"curies":[{"name":"wp","href":"https:\/\/api.w.org\/{rel}","templated":true}]}}