{"id":20713,"date":"2023-03-13T09:15:00","date_gmt":"2023-03-13T12:15:00","guid":{"rendered":"https:\/\/unifsa.com.br\/site\/?p=20713"},"modified":"2023-07-19T09:17:50","modified_gmt":"2023-07-19T12:17:50","slug":"confira-as-acaos-de-responsabilidade-social-2023","status":"publish","type":"post","link":"https:\/\/unifsa.com.br\/site\/confira-as-acaos-de-responsabilidade-social-2023\/","title":{"rendered":"Confira as a\u00e7\u00f5es de responsabilidade social &#8211; 2023"},"content":{"rendered":"\n<figure class=\"wp-block-image size-large\"><a href=\"https:\/\/unifsa.com.br\/site\/unifsa-em-acao-realiza-mais-de-250-atendimentos-no-parque-piaui\/\"><img fetchpriority=\"high\" decoding=\"async\" width=\"1024\" height=\"429\" src=\"https:\/\/unifsa.com.br\/site\/wp-content\/uploads\/2023\/03\/Storie-instagram-Igreja-culto-moderno-azul-branco-1920-\u00d7-805-px-1-1024x429.jpg\" alt=\"\" class=\"wp-image-20710\" srcset=\"https:\/\/unifsa.com.br\/site\/wp-content\/uploads\/2023\/03\/Storie-instagram-Igreja-culto-moderno-azul-branco-1920-\u00d7-805-px-1-1024x429.jpg 1024w, https:\/\/unifsa.com.br\/site\/wp-content\/uploads\/2023\/03\/Storie-instagram-Igreja-culto-moderno-azul-branco-1920-\u00d7-805-px-1-300x126.jpg 300w, https:\/\/unifsa.com.br\/site\/wp-content\/uploads\/2023\/03\/Storie-instagram-Igreja-culto-moderno-azul-branco-1920-\u00d7-805-px-1-768x322.jpg 768w, https:\/\/unifsa.com.br\/site\/wp-content\/uploads\/2023\/03\/Storie-instagram-Igreja-culto-moderno-azul-branco-1920-\u00d7-805-px-1-1536x644.jpg 1536w, https:\/\/unifsa.com.br\/site\/wp-content\/uploads\/2023\/03\/Storie-instagram-Igreja-culto-moderno-azul-branco-1920-\u00d7-805-px-1.jpg 1920w\" sizes=\"(max-width: 1024px) 100vw, 1024px\" \/><\/a><\/figure>\n\n\n\n<figure class=\"wp-block-embed is-type-video is-provider-youtube wp-block-embed-youtube wp-embed-aspect-16-9 wp-has-aspect-ratio\"><div class=\"wp-block-embed__wrapper\">\n<iframe title=\"UNIFSA em A\u00e7\u00e3o: Cuidando da Sa\u00fade e Orientando a Popula\u00e7\u00e3o do Piau\u00ed\" width=\"500\" height=\"281\" src=\"https:\/\/www.youtube.com\/embed\/WS_IJPt9Kek?start=18&#038;feature=oembed\" frameborder=\"0\" allow=\"accelerometer; autoplay; clipboard-write; encrypted-media; gyroscope; picture-in-picture; web-share\" referrerpolicy=\"strict-origin-when-cross-origin\" allowfullscreen><\/iframe>\n<\/div><\/figure>\n","protected":false},"excerpt":{"rendered":"https:\/\/www.youtube.com\/watch?v=WS_IJPt9Kek&amp;t=18s","protected":false},"author":1,"featured_media":0,"comment_status":"closed","ping_status":"open","sticky":false,"template":"","format":"standard","meta":{"_acf_changed":false,"footnotes":""},"categories":[77,6],"tags":[],"class_list":["post-20713","post","type-post","status-publish","format-standard","hentry","category-acoes-da-comunidade","category-acontece-na-unifsa"],"acf":[],"yoast_head":"<!-- This site is optimized with the Yoast SEO plugin v26.5 - https:\/\/yoast.com\/wordpress\/plugins\/seo\/ -->\n<title>Confira as a\u00e7\u00f5es de responsabilidade social - 2023 - Centro Universit\u00e1rio Santo Agostinho - UNIFSA<\/title>\n<meta name=\"robots\" content=\"index, follow, max-snippet:-1, max-image-preview:large, max-video-preview:-1\" \/>\n<link rel=\"canonical\" href=\"https:\/\/unifsa.com.br\/site\/confira-as-acaos-de-responsabilidade-social-2023\/\" \/>\n<meta property=\"og:locale\" content=\"pt_BR\" \/>\n<meta property=\"og:type\" content=\"article\" \/>\n<meta property=\"og:title\" content=\"Confira as a\u00e7\u00f5es de responsabilidade social - 2023 - Centro Universit\u00e1rio Santo Agostinho - UNIFSA\" \/>\n<meta property=\"og:url\" content=\"https:\/\/unifsa.com.br\/site\/confira-as-acaos-de-responsabilidade-social-2023\/\" \/>\n<meta property=\"og:site_name\" content=\"Centro Universit\u00e1rio Santo Agostinho - UNIFSA\" \/>\n<meta property=\"article:publisher\" content=\"https:\/\/www.facebook.com\/unifsa\/\" \/>\n<meta property=\"article:published_time\" content=\"2023-03-13T12:15:00+00:00\" \/>\n<meta property=\"article:modified_time\" content=\"2023-07-19T12:17:50+00:00\" \/>\n<meta name=\"author\" content=\"UNIFSA\" \/>\n<meta name=\"twitter:card\" content=\"summary_large_image\" \/>\n<meta name=\"twitter:label1\" content=\"Escrito por\" \/>\n\t<meta name=\"twitter:data1\" content=\"UNIFSA\" \/>\n\t<meta name=\"twitter:label2\" content=\"Est. tempo de leitura\" \/>\n\t<meta name=\"twitter:data2\" content=\"1 minuto\" \/>\n<script type=\"application\/ld+json\" class=\"yoast-schema-graph\">{\"@context\":\"https:\/\/schema.org\",\"@graph\":[{\"@type\":\"Article\",\"@id\":\"https:\/\/unifsa.com.br\/site\/confira-as-acaos-de-responsabilidade-social-2023\/#article\",\"isPartOf\":{\"@id\":\"https:\/\/unifsa.com.br\/site\/confira-as-acaos-de-responsabilidade-social-2023\/\"},\"author\":{\"name\":\"UNIFSA\",\"@id\":\"https:\/\/unifsa.com.br\/site\/#\/schema\/person\/6f5e8438b96168f9894cb9fe5816660f\"},\"headline\":\"Confira as a\u00e7\u00f5es de responsabilidade social &#8211; 2023\",\"datePublished\":\"2023-03-13T12:15:00+00:00\",\"dateModified\":\"2023-07-19T12:17:50+00:00\",\"mainEntityOfPage\":{\"@id\":\"https:\/\/unifsa.com.br\/site\/confira-as-acaos-de-responsabilidade-social-2023\/\"},\"wordCount\":20,\"publisher\":{\"@id\":\"https:\/\/unifsa.com.br\/site\/#organization\"},\"articleSection\":[\"A\u00e7\u00f5es da Comunidade\",\"Acontece na UNIFSA\"],\"inLanguage\":\"pt-BR\"},{\"@type\":\"WebPage\",\"@id\":\"https:\/\/unifsa.com.br\/site\/confira-as-acaos-de-responsabilidade-social-2023\/\",\"url\":\"https:\/\/unifsa.com.br\/site\/confira-as-acaos-de-responsabilidade-social-2023\/\",\"name\":\"Confira as a\u00e7\u00f5es de responsabilidade social - 2023 - Centro Universit\u00e1rio Santo Agostinho - UNIFSA\",\"isPartOf\":{\"@id\":\"https:\/\/unifsa.com.br\/site\/#website\"},\"datePublished\":\"2023-03-13T12:15:00+00:00\",\"dateModified\":\"2023-07-19T12:17:50+00:00\",\"breadcrumb\":{\"@id\":\"https:\/\/unifsa.com.br\/site\/confira-as-acaos-de-responsabilidade-social-2023\/#breadcrumb\"},\"inLanguage\":\"pt-BR\",\"potentialAction\":[{\"@type\":\"ReadAction\",\"target\":[\"https:\/\/unifsa.com.br\/site\/confira-as-acaos-de-responsabilidade-social-2023\/\"]}]},{\"@type\":\"BreadcrumbList\",\"@id\":\"https:\/\/unifsa.com.br\/site\/confira-as-acaos-de-responsabilidade-social-2023\/#breadcrumb\",\"itemListElement\":[{\"@type\":\"ListItem\",\"position\":1,\"name\":\"In\u00edcio\",\"item\":\"https:\/\/unifsa.com.br\/site\/\"},{\"@type\":\"ListItem\",\"position\":2,\"name\":\"Confira as a\u00e7\u00f5es de responsabilidade social &#8211; 2023\"}]},{\"@type\":\"WebSite\",\"@id\":\"https:\/\/unifsa.com.br\/site\/#website\",\"url\":\"https:\/\/unifsa.com.br\/site\/\",\"name\":\"Centro Universit\u00e1rio Santo Agostinho - UNIFSA\",\"description\":\"Conhecimento para toda a vida\",\"publisher\":{\"@id\":\"https:\/\/unifsa.com.br\/site\/#organization\"},\"potentialAction\":[{\"@type\":\"SearchAction\",\"target\":{\"@type\":\"EntryPoint\",\"urlTemplate\":\"https:\/\/unifsa.com.br\/site\/?s={search_term_string}\"},\"query-input\":{\"@type\":\"PropertyValueSpecification\",\"valueRequired\":true,\"valueName\":\"search_term_string\"}}],\"inLanguage\":\"pt-BR\"},{\"@type\":\"Organization\",\"@id\":\"https:\/\/unifsa.com.br\/site\/#organization\",\"name\":\"Centro Universit\u00e1rio Santo Agostinho - UNIFSA\",\"url\":\"https:\/\/unifsa.com.br\/site\/\",\"logo\":{\"@type\":\"ImageObject\",\"inLanguage\":\"pt-BR\",\"@id\":\"https:\/\/unifsa.com.br\/site\/#\/schema\/logo\/image\/\",\"url\":\"https:\/\/unifsa.com.br\/site\/wp-content\/uploads\/2023\/03\/MARCA-UNIFSA-CIC23-q2apjs1mt975cf1wl25b044coj90fwoiee1kya6800.png\",\"contentUrl\":\"https:\/\/unifsa.com.br\/site\/wp-content\/uploads\/2023\/03\/MARCA-UNIFSA-CIC23-q2apjs1mt975cf1wl25b044coj90fwoiee1kya6800.png\",\"width\":103,\"height\":100,\"caption\":\"Centro Universit\u00e1rio Santo Agostinho - UNIFSA\"},\"image\":{\"@id\":\"https:\/\/unifsa.com.br\/site\/#\/schema\/logo\/image\/\"},\"sameAs\":[\"https:\/\/www.facebook.com\/unifsa\/\",\"https:\/\/www.instagram.com\/unifsa\/\"]},{\"@type\":\"Person\",\"@id\":\"https:\/\/unifsa.com.br\/site\/#\/schema\/person\/6f5e8438b96168f9894cb9fe5816660f\",\"name\":\"UNIFSA\",\"image\":{\"@type\":\"ImageObject\",\"inLanguage\":\"pt-BR\",\"@id\":\"https:\/\/unifsa.com.br\/site\/#\/schema\/person\/image\/\",\"url\":\"https:\/\/secure.gravatar.com\/avatar\/3d1043775cda1d91d725491548f9b3a0909638e5fcbd418ee6b285ebfaa2ae59?s=96&d=mm&r=g\",\"contentUrl\":\"https:\/\/secure.gravatar.com\/avatar\/3d1043775cda1d91d725491548f9b3a0909638e5fcbd418ee6b285ebfaa2ae59?s=96&d=mm&r=g\",\"caption\":\"UNIFSA\"},\"url\":\"https:\/\/unifsa.com.br\/site\/author\/rogerbezerra\/\"}]}<\/script>\n<!-- \/ Yoast SEO plugin. -->","yoast_head_json":{"title":"Confira as a\u00e7\u00f5es de responsabilidade social - 2023 - Centro Universit\u00e1rio Santo Agostinho - UNIFSA","robots":{"index":"index","follow":"follow","max-snippet":"max-snippet:-1","max-image-preview":"max-image-preview:large","max-video-preview":"max-video-preview:-1"},"canonical":"https:\/\/unifsa.com.br\/site\/confira-as-acaos-de-responsabilidade-social-2023\/","og_locale":"pt_BR","og_type":"article","og_title":"Confira as a\u00e7\u00f5es de responsabilidade social - 2023 - Centro Universit\u00e1rio Santo Agostinho - UNIFSA","og_url":"https:\/\/unifsa.com.br\/site\/confira-as-acaos-de-responsabilidade-social-2023\/","og_site_name":"Centro Universit\u00e1rio Santo Agostinho - UNIFSA","article_publisher":"https:\/\/www.facebook.com\/unifsa\/","article_published_time":"2023-03-13T12:15:00+00:00","article_modified_time":"2023-07-19T12:17:50+00:00","author":"UNIFSA","twitter_card":"summary_large_image","twitter_misc":{"Escrito por":"UNIFSA","Est. tempo de leitura":"1 minuto"},"schema":{"@context":"https:\/\/schema.org","@graph":[{"@type":"Article","@id":"https:\/\/unifsa.com.br\/site\/confira-as-acaos-de-responsabilidade-social-2023\/#article","isPartOf":{"@id":"https:\/\/unifsa.com.br\/site\/confira-as-acaos-de-responsabilidade-social-2023\/"},"author":{"name":"UNIFSA","@id":"https:\/\/unifsa.com.br\/site\/#\/schema\/person\/6f5e8438b96168f9894cb9fe5816660f"},"headline":"Confira as a\u00e7\u00f5es de responsabilidade social &#8211; 2023","datePublished":"2023-03-13T12:15:00+00:00","dateModified":"2023-07-19T12:17:50+00:00","mainEntityOfPage":{"@id":"https:\/\/unifsa.com.br\/site\/confira-as-acaos-de-responsabilidade-social-2023\/"},"wordCount":20,"publisher":{"@id":"https:\/\/unifsa.com.br\/site\/#organization"},"articleSection":["A\u00e7\u00f5es da Comunidade","Acontece na UNIFSA"],"inLanguage":"pt-BR"},{"@type":"WebPage","@id":"https:\/\/unifsa.com.br\/site\/confira-as-acaos-de-responsabilidade-social-2023\/","url":"https:\/\/unifsa.com.br\/site\/confira-as-acaos-de-responsabilidade-social-2023\/","name":"Confira as a\u00e7\u00f5es de responsabilidade social - 2023 - Centro Universit\u00e1rio Santo Agostinho - UNIFSA","isPartOf":{"@id":"https:\/\/unifsa.com.br\/site\/#website"},"datePublished":"2023-03-13T12:15:00+00:00","dateModified":"2023-07-19T12:17:50+00:00","breadcrumb":{"@id":"https:\/\/unifsa.com.br\/site\/confira-as-acaos-de-responsabilidade-social-2023\/#breadcrumb"},"inLanguage":"pt-BR","potentialAction":[{"@type":"ReadAction","target":["https:\/\/unifsa.com.br\/site\/confira-as-acaos-de-responsabilidade-social-2023\/"]}]},{"@type":"BreadcrumbList","@id":"https:\/\/unifsa.com.br\/site\/confira-as-acaos-de-responsabilidade-social-2023\/#breadcrumb","itemListElement":[{"@type":"ListItem","position":1,"name":"In\u00edcio","item":"https:\/\/unifsa.com.br\/site\/"},{"@type":"ListItem","position":2,"name":"Confira as a\u00e7\u00f5es de responsabilidade social &#8211; 2023"}]},{"@type":"WebSite","@id":"https:\/\/unifsa.com.br\/site\/#website","url":"https:\/\/unifsa.com.br\/site\/","name":"Centro Universit\u00e1rio Santo Agostinho - UNIFSA","description":"Conhecimento para toda a vida","publisher":{"@id":"https:\/\/unifsa.com.br\/site\/#organization"},"potentialAction":[{"@type":"SearchAction","target":{"@type":"EntryPoint","urlTemplate":"https:\/\/unifsa.com.br\/site\/?s={search_term_string}"},"query-input":{"@type":"PropertyValueSpecification","valueRequired":true,"valueName":"search_term_string"}}],"inLanguage":"pt-BR"},{"@type":"Organization","@id":"https:\/\/unifsa.com.br\/site\/#organization","name":"Centro Universit\u00e1rio Santo Agostinho - UNIFSA","url":"https:\/\/unifsa.com.br\/site\/","logo":{"@type":"ImageObject","inLanguage":"pt-BR","@id":"https:\/\/unifsa.com.br\/site\/#\/schema\/logo\/image\/","url":"https:\/\/unifsa.com.br\/site\/wp-content\/uploads\/2023\/03\/MARCA-UNIFSA-CIC23-q2apjs1mt975cf1wl25b044coj90fwoiee1kya6800.png","contentUrl":"https:\/\/unifsa.com.br\/site\/wp-content\/uploads\/2023\/03\/MARCA-UNIFSA-CIC23-q2apjs1mt975cf1wl25b044coj90fwoiee1kya6800.png","width":103,"height":100,"caption":"Centro Universit\u00e1rio Santo Agostinho - UNIFSA"},"image":{"@id":"https:\/\/unifsa.com.br\/site\/#\/schema\/logo\/image\/"},"sameAs":["https:\/\/www.facebook.com\/unifsa\/","https:\/\/www.instagram.com\/unifsa\/"]},{"@type":"Person","@id":"https:\/\/unifsa.com.br\/site\/#\/schema\/person\/6f5e8438b96168f9894cb9fe5816660f","name":"UNIFSA","image":{"@type":"ImageObject","inLanguage":"pt-BR","@id":"https:\/\/unifsa.com.br\/site\/#\/schema\/person\/image\/","url":"https:\/\/secure.gravatar.com\/avatar\/3d1043775cda1d91d725491548f9b3a0909638e5fcbd418ee6b285ebfaa2ae59?s=96&d=mm&r=g","contentUrl":"https:\/\/secure.gravatar.com\/avatar\/3d1043775cda1d91d725491548f9b3a0909638e5fcbd418ee6b285ebfaa2ae59?s=96&d=mm&r=g","caption":"UNIFSA"},"url":"https:\/\/unifsa.com.br\/site\/author\/rogerbezerra\/"}]}},"_links":{"self":[{"href":"https:\/\/unifsa.com.br\/site\/wp-json\/wp\/v2\/posts\/20713","targetHints":{"allow":["GET"]}}],"collection":[{"href":"https:\/\/unifsa.com.br\/site\/wp-json\/wp\/v2\/posts"}],"about":[{"href":"https:\/\/unifsa.com.br\/site\/wp-json\/wp\/v2\/types\/post"}],"author":[{"embeddable":true,"href":"https:\/\/unifsa.com.br\/site\/wp-json\/wp\/v2\/users\/1"}],"replies":[{"embeddable":true,"href":"https:\/\/unifsa.com.br\/site\/wp-json\/wp\/v2\/comments?post=20713"}],"version-history":[{"count":3,"href":"https:\/\/unifsa.com.br\/site\/wp-json\/wp\/v2\/posts\/20713\/revisions"}],"predecessor-version":[{"id":23484,"href":"https:\/\/unifsa.com.br\/site\/wp-json\/wp\/v2\/posts\/20713\/revisions\/23484"}],"wp:attachment":[{"href":"https:\/\/unifsa.com.br\/site\/wp-json\/wp\/v2\/media?parent=20713"}],"wp:term":[{"taxonomy":"category","embeddable":true,"href":"https:\/\/unifsa.com.br\/site\/wp-json\/wp\/v2\/categories?post=20713"},{"taxonomy":"post_tag","embeddable":true,"href":"https:\/\/unifsa.com.br\/site\/wp-json\/wp\/v2\/tags?post=20713"}],"curies":[{"name":"wp","href":"https:\/\/api.w.org\/{rel}","templated":true}]}}