{"id":20517,"date":"2022-12-20T14:39:00","date_gmt":"2022-12-20T17:39:00","guid":{"rendered":"https:\/\/unifsa.com.br\/site\/?p=20517"},"modified":"2023-03-17T11:29:03","modified_gmt":"2023-03-17T14:29:03","slug":"acoes-de-responsabilidade-social-2022","status":"publish","type":"post","link":"https:\/\/unifsa.com.br\/site\/acoes-de-responsabilidade-social-2022\/","title":{"rendered":"A\u00e7\u00f5es de Responsabilidade Social 2022"},"content":{"rendered":"\n<figure class=\"wp-block-image size-full\"><a href=\"https:\/\/unifsa.com.br\/site\/xii-encontro-unifsa-de-cultura-afro-brasileira-tem-inicio-com-homenagens-e-palestra\/\"><img fetchpriority=\"high\" decoding=\"async\" width=\"1008\" height=\"423\" src=\"https:\/\/unifsa.com.br\/site\/wp-content\/uploads\/2023\/03\/image-3.png\" alt=\"\" class=\"wp-image-20519\" srcset=\"https:\/\/unifsa.com.br\/site\/wp-content\/uploads\/2023\/03\/image-3.png 1008w, https:\/\/unifsa.com.br\/site\/wp-content\/uploads\/2023\/03\/image-3-300x126.png 300w, https:\/\/unifsa.com.br\/site\/wp-content\/uploads\/2023\/03\/image-3-768x322.png 768w\" sizes=\"(max-width: 1008px) 100vw, 1008px\" \/><\/a><\/figure>\n\n\n\n<figure class=\"wp-block-image size-full\"><a href=\"https:\/\/unifsa.com.br\/site\/primeiro-dia-da-16-semana-do-orgulho-de-ser-se-encerra-com-programacao-diversificada\/\"><img decoding=\"async\" width=\"1007\" height=\"422\" src=\"https:\/\/unifsa.com.br\/site\/wp-content\/uploads\/2023\/03\/image-5.png\" alt=\"\" class=\"wp-image-20520\" srcset=\"https:\/\/unifsa.com.br\/site\/wp-content\/uploads\/2023\/03\/image-5.png 1007w, https:\/\/unifsa.com.br\/site\/wp-content\/uploads\/2023\/03\/image-5-300x126.png 300w, https:\/\/unifsa.com.br\/site\/wp-content\/uploads\/2023\/03\/image-5-768x322.png 768w\" sizes=\"(max-width: 1007px) 100vw, 1007px\" \/><\/a><\/figure>\n\n\n\n<figure class=\"wp-block-image size-full\"><img decoding=\"async\" width=\"1007\" height=\"422\" src=\"https:\/\/unifsa.com.br\/site\/wp-content\/uploads\/2023\/03\/image-6.png\" alt=\"\" class=\"wp-image-20554\" srcset=\"https:\/\/unifsa.com.br\/site\/wp-content\/uploads\/2023\/03\/image-6.png 1007w, https:\/\/unifsa.com.br\/site\/wp-content\/uploads\/2023\/03\/image-6-300x126.png 300w, https:\/\/unifsa.com.br\/site\/wp-content\/uploads\/2023\/03\/image-6-768x322.png 768w\" sizes=\"(max-width: 1007px) 100vw, 1007px\" \/><\/figure>\n\n\n\n<figure class=\"wp-block-image size-full\"><a href=\"https:\/\/unifsa.com.br\/site\/unifsa-em-acao-promove-atividades-no-bairro-poty-velho-neste-sabado-27\/\"><img loading=\"lazy\" decoding=\"async\" width=\"1009\" height=\"427\" src=\"https:\/\/unifsa.com.br\/site\/wp-content\/uploads\/2023\/03\/image-7.png\" alt=\"\" class=\"wp-image-20556\" srcset=\"https:\/\/unifsa.com.br\/site\/wp-content\/uploads\/2023\/03\/image-7.png 1009w, https:\/\/unifsa.com.br\/site\/wp-content\/uploads\/2023\/03\/image-7-300x127.png 300w, https:\/\/unifsa.com.br\/site\/wp-content\/uploads\/2023\/03\/image-7-768x325.png 768w\" sizes=\"(max-width: 1009px) 100vw, 1009px\" \/><\/a><\/figure>\n\n\n\n<figure class=\"wp-block-image size-large\"><a href=\"https:\/\/unifsa.com.br\/site\/unifsa-e-campeao-do-2-premio-inovacao-no-ensino-superior\/\"><img loading=\"lazy\" decoding=\"async\" width=\"1024\" height=\"768\" src=\"https:\/\/unifsa.com.br\/site\/wp-content\/uploads\/2023\/03\/image-8-1024x768.png\" alt=\"\" class=\"wp-image-20559\" srcset=\"https:\/\/unifsa.com.br\/site\/wp-content\/uploads\/2023\/03\/image-8-1024x768.png 1024w, https:\/\/unifsa.com.br\/site\/wp-content\/uploads\/2023\/03\/image-8-300x225.png 300w, https:\/\/unifsa.com.br\/site\/wp-content\/uploads\/2023\/03\/image-8-768x576.png 768w, https:\/\/unifsa.com.br\/site\/wp-content\/uploads\/2023\/03\/image-8.png 1280w\" sizes=\"(max-width: 1024px) 100vw, 1024px\" \/><\/a><figcaption class=\"wp-element-caption\">\u00daltima a\u00e7\u00e3o do Projeto Filtro Ecol\u00f3gico<\/figcaption><\/figure>\n\n\n\n<figure class=\"wp-block-image size-full\"><a href=\"https:\/\/unifsa.com.br\/site\/15-anos-de-projeto-peres-uma-acao-que-transforma-vidas\/\"><img loading=\"lazy\" decoding=\"async\" width=\"1024\" height=\"576\" src=\"https:\/\/unifsa.com.br\/site\/wp-content\/uploads\/2023\/03\/image-9.png\" alt=\"\" class=\"wp-image-20561\" srcset=\"https:\/\/unifsa.com.br\/site\/wp-content\/uploads\/2023\/03\/image-9.png 1024w, https:\/\/unifsa.com.br\/site\/wp-content\/uploads\/2023\/03\/image-9-300x169.png 300w, https:\/\/unifsa.com.br\/site\/wp-content\/uploads\/2023\/03\/image-9-768x432.png 768w\" sizes=\"(max-width: 1024px) 100vw, 1024px\" \/><\/a><\/figure>\n\n\n\n<figure class=\"wp-block-image size-full\"><a href=\"https:\/\/unifsa.com.br\/site\/projeto-canudos-finaliza-missao-na-cidade-baiana\/\"><img loading=\"lazy\" decoding=\"async\" width=\"960\" height=\"794\" src=\"https:\/\/unifsa.com.br\/site\/wp-content\/uploads\/2023\/03\/image-10.png\" alt=\"\" class=\"wp-image-20563\" srcset=\"https:\/\/unifsa.com.br\/site\/wp-content\/uploads\/2023\/03\/image-10.png 960w, https:\/\/unifsa.com.br\/site\/wp-content\/uploads\/2023\/03\/image-10-300x248.png 300w, https:\/\/unifsa.com.br\/site\/wp-content\/uploads\/2023\/03\/image-10-768x635.png 768w\" sizes=\"(max-width: 960px) 100vw, 960px\" \/><\/a><figcaption class=\"wp-element-caption\">Projeto Canudos na Bahia<\/figcaption><\/figure>\n","protected":false},"excerpt":{"rendered":"\u00daltima a\u00e7\u00e3o do Projeto Filtro Ecol\u00f3gico Projeto Canudos na Bahia","protected":false},"author":1,"featured_media":0,"comment_status":"closed","ping_status":"open","sticky":false,"template":"","format":"standard","meta":{"_acf_changed":false,"footnotes":""},"categories":[6],"tags":[],"class_list":["post-20517","post","type-post","status-publish","format-standard","hentry","category-acontece-na-unifsa"],"acf":[],"yoast_head":"<!-- This site is optimized with the Yoast SEO plugin v26.5 - https:\/\/yoast.com\/wordpress\/plugins\/seo\/ -->\n<title>A\u00e7\u00f5es de Responsabilidade Social 2022 - Centro Universit\u00e1rio Santo Agostinho - UNIFSA<\/title>\n<meta name=\"robots\" content=\"index, follow, max-snippet:-1, max-image-preview:large, max-video-preview:-1\" \/>\n<link rel=\"canonical\" href=\"https:\/\/unifsa.com.br\/site\/acoes-de-responsabilidade-social-2022\/\" \/>\n<meta property=\"og:locale\" content=\"pt_BR\" \/>\n<meta property=\"og:type\" content=\"article\" \/>\n<meta property=\"og:title\" content=\"A\u00e7\u00f5es de Responsabilidade Social 2022 - Centro Universit\u00e1rio Santo Agostinho - UNIFSA\" \/>\n<meta property=\"og:url\" content=\"https:\/\/unifsa.com.br\/site\/acoes-de-responsabilidade-social-2022\/\" \/>\n<meta property=\"og:site_name\" content=\"Centro Universit\u00e1rio Santo Agostinho - UNIFSA\" \/>\n<meta property=\"article:publisher\" content=\"https:\/\/www.facebook.com\/unifsa\/\" \/>\n<meta property=\"article:published_time\" content=\"2022-12-20T17:39:00+00:00\" \/>\n<meta property=\"article:modified_time\" content=\"2023-03-17T14:29:03+00:00\" \/>\n<meta property=\"og:image\" content=\"https:\/\/unifsa.com.br\/site\/wp-content\/uploads\/2023\/03\/image-3.png\" \/>\n<meta name=\"author\" content=\"UNIFSA\" \/>\n<meta name=\"twitter:card\" content=\"summary_large_image\" \/>\n<meta name=\"twitter:label1\" content=\"Escrito por\" \/>\n\t<meta name=\"twitter:data1\" content=\"UNIFSA\" \/>\n\t<meta name=\"twitter:label2\" content=\"Est. tempo de leitura\" \/>\n\t<meta name=\"twitter:data2\" content=\"2 minutos\" \/>\n<script type=\"application\/ld+json\" class=\"yoast-schema-graph\">{\"@context\":\"https:\/\/schema.org\",\"@graph\":[{\"@type\":\"Article\",\"@id\":\"https:\/\/unifsa.com.br\/site\/acoes-de-responsabilidade-social-2022\/#article\",\"isPartOf\":{\"@id\":\"https:\/\/unifsa.com.br\/site\/acoes-de-responsabilidade-social-2022\/\"},\"author\":{\"name\":\"UNIFSA\",\"@id\":\"https:\/\/unifsa.com.br\/site\/#\/schema\/person\/6f5e8438b96168f9894cb9fe5816660f\"},\"headline\":\"A\u00e7\u00f5es de Responsabilidade Social 2022\",\"datePublished\":\"2022-12-20T17:39:00+00:00\",\"dateModified\":\"2023-03-17T14:29:03+00:00\",\"mainEntityOfPage\":{\"@id\":\"https:\/\/unifsa.com.br\/site\/acoes-de-responsabilidade-social-2022\/\"},\"wordCount\":17,\"publisher\":{\"@id\":\"https:\/\/unifsa.com.br\/site\/#organization\"},\"image\":{\"@id\":\"https:\/\/unifsa.com.br\/site\/acoes-de-responsabilidade-social-2022\/#primaryimage\"},\"thumbnailUrl\":\"https:\/\/unifsa.com.br\/site\/wp-content\/uploads\/2023\/03\/image-3.png\",\"articleSection\":[\"Acontece na UNIFSA\"],\"inLanguage\":\"pt-BR\"},{\"@type\":\"WebPage\",\"@id\":\"https:\/\/unifsa.com.br\/site\/acoes-de-responsabilidade-social-2022\/\",\"url\":\"https:\/\/unifsa.com.br\/site\/acoes-de-responsabilidade-social-2022\/\",\"name\":\"A\u00e7\u00f5es de Responsabilidade Social 2022 - Centro Universit\u00e1rio Santo Agostinho - UNIFSA\",\"isPartOf\":{\"@id\":\"https:\/\/unifsa.com.br\/site\/#website\"},\"primaryImageOfPage\":{\"@id\":\"https:\/\/unifsa.com.br\/site\/acoes-de-responsabilidade-social-2022\/#primaryimage\"},\"image\":{\"@id\":\"https:\/\/unifsa.com.br\/site\/acoes-de-responsabilidade-social-2022\/#primaryimage\"},\"thumbnailUrl\":\"https:\/\/unifsa.com.br\/site\/wp-content\/uploads\/2023\/03\/image-3.png\",\"datePublished\":\"2022-12-20T17:39:00+00:00\",\"dateModified\":\"2023-03-17T14:29:03+00:00\",\"breadcrumb\":{\"@id\":\"https:\/\/unifsa.com.br\/site\/acoes-de-responsabilidade-social-2022\/#breadcrumb\"},\"inLanguage\":\"pt-BR\",\"potentialAction\":[{\"@type\":\"ReadAction\",\"target\":[\"https:\/\/unifsa.com.br\/site\/acoes-de-responsabilidade-social-2022\/\"]}]},{\"@type\":\"ImageObject\",\"inLanguage\":\"pt-BR\",\"@id\":\"https:\/\/unifsa.com.br\/site\/acoes-de-responsabilidade-social-2022\/#primaryimage\",\"url\":\"https:\/\/unifsa.com.br\/site\/wp-content\/uploads\/2023\/03\/image-3.png\",\"contentUrl\":\"https:\/\/unifsa.com.br\/site\/wp-content\/uploads\/2023\/03\/image-3.png\",\"width\":1008,\"height\":423},{\"@type\":\"BreadcrumbList\",\"@id\":\"https:\/\/unifsa.com.br\/site\/acoes-de-responsabilidade-social-2022\/#breadcrumb\",\"itemListElement\":[{\"@type\":\"ListItem\",\"position\":1,\"name\":\"In\u00edcio\",\"item\":\"https:\/\/unifsa.com.br\/site\/\"},{\"@type\":\"ListItem\",\"position\":2,\"name\":\"A\u00e7\u00f5es de Responsabilidade Social 2022\"}]},{\"@type\":\"WebSite\",\"@id\":\"https:\/\/unifsa.com.br\/site\/#website\",\"url\":\"https:\/\/unifsa.com.br\/site\/\",\"name\":\"Centro Universit\u00e1rio Santo Agostinho - UNIFSA\",\"description\":\"Conhecimento para toda a vida\",\"publisher\":{\"@id\":\"https:\/\/unifsa.com.br\/site\/#organization\"},\"potentialAction\":[{\"@type\":\"SearchAction\",\"target\":{\"@type\":\"EntryPoint\",\"urlTemplate\":\"https:\/\/unifsa.com.br\/site\/?s={search_term_string}\"},\"query-input\":{\"@type\":\"PropertyValueSpecification\",\"valueRequired\":true,\"valueName\":\"search_term_string\"}}],\"inLanguage\":\"pt-BR\"},{\"@type\":\"Organization\",\"@id\":\"https:\/\/unifsa.com.br\/site\/#organization\",\"name\":\"Centro Universit\u00e1rio Santo Agostinho - UNIFSA\",\"url\":\"https:\/\/unifsa.com.br\/site\/\",\"logo\":{\"@type\":\"ImageObject\",\"inLanguage\":\"pt-BR\",\"@id\":\"https:\/\/unifsa.com.br\/site\/#\/schema\/logo\/image\/\",\"url\":\"https:\/\/unifsa.com.br\/site\/wp-content\/uploads\/2023\/03\/MARCA-UNIFSA-CIC23-q2apjs1mt975cf1wl25b044coj90fwoiee1kya6800.png\",\"contentUrl\":\"https:\/\/unifsa.com.br\/site\/wp-content\/uploads\/2023\/03\/MARCA-UNIFSA-CIC23-q2apjs1mt975cf1wl25b044coj90fwoiee1kya6800.png\",\"width\":103,\"height\":100,\"caption\":\"Centro Universit\u00e1rio Santo Agostinho - UNIFSA\"},\"image\":{\"@id\":\"https:\/\/unifsa.com.br\/site\/#\/schema\/logo\/image\/\"},\"sameAs\":[\"https:\/\/www.facebook.com\/unifsa\/\",\"https:\/\/www.instagram.com\/unifsa\/\"]},{\"@type\":\"Person\",\"@id\":\"https:\/\/unifsa.com.br\/site\/#\/schema\/person\/6f5e8438b96168f9894cb9fe5816660f\",\"name\":\"UNIFSA\",\"image\":{\"@type\":\"ImageObject\",\"inLanguage\":\"pt-BR\",\"@id\":\"https:\/\/unifsa.com.br\/site\/#\/schema\/person\/image\/\",\"url\":\"https:\/\/secure.gravatar.com\/avatar\/3d1043775cda1d91d725491548f9b3a0909638e5fcbd418ee6b285ebfaa2ae59?s=96&d=mm&r=g\",\"contentUrl\":\"https:\/\/secure.gravatar.com\/avatar\/3d1043775cda1d91d725491548f9b3a0909638e5fcbd418ee6b285ebfaa2ae59?s=96&d=mm&r=g\",\"caption\":\"UNIFSA\"},\"url\":\"https:\/\/unifsa.com.br\/site\/author\/rogerbezerra\/\"}]}<\/script>\n<!-- \/ Yoast SEO plugin. -->","yoast_head_json":{"title":"A\u00e7\u00f5es de Responsabilidade Social 2022 - Centro Universit\u00e1rio Santo Agostinho - UNIFSA","robots":{"index":"index","follow":"follow","max-snippet":"max-snippet:-1","max-image-preview":"max-image-preview:large","max-video-preview":"max-video-preview:-1"},"canonical":"https:\/\/unifsa.com.br\/site\/acoes-de-responsabilidade-social-2022\/","og_locale":"pt_BR","og_type":"article","og_title":"A\u00e7\u00f5es de Responsabilidade Social 2022 - Centro Universit\u00e1rio Santo Agostinho - UNIFSA","og_url":"https:\/\/unifsa.com.br\/site\/acoes-de-responsabilidade-social-2022\/","og_site_name":"Centro Universit\u00e1rio Santo Agostinho - UNIFSA","article_publisher":"https:\/\/www.facebook.com\/unifsa\/","article_published_time":"2022-12-20T17:39:00+00:00","article_modified_time":"2023-03-17T14:29:03+00:00","og_image":[{"url":"https:\/\/unifsa.com.br\/site\/wp-content\/uploads\/2023\/03\/image-3.png","type":"","width":"","height":""}],"author":"UNIFSA","twitter_card":"summary_large_image","twitter_misc":{"Escrito por":"UNIFSA","Est. tempo de leitura":"2 minutos"},"schema":{"@context":"https:\/\/schema.org","@graph":[{"@type":"Article","@id":"https:\/\/unifsa.com.br\/site\/acoes-de-responsabilidade-social-2022\/#article","isPartOf":{"@id":"https:\/\/unifsa.com.br\/site\/acoes-de-responsabilidade-social-2022\/"},"author":{"name":"UNIFSA","@id":"https:\/\/unifsa.com.br\/site\/#\/schema\/person\/6f5e8438b96168f9894cb9fe5816660f"},"headline":"A\u00e7\u00f5es de Responsabilidade Social 2022","datePublished":"2022-12-20T17:39:00+00:00","dateModified":"2023-03-17T14:29:03+00:00","mainEntityOfPage":{"@id":"https:\/\/unifsa.com.br\/site\/acoes-de-responsabilidade-social-2022\/"},"wordCount":17,"publisher":{"@id":"https:\/\/unifsa.com.br\/site\/#organization"},"image":{"@id":"https:\/\/unifsa.com.br\/site\/acoes-de-responsabilidade-social-2022\/#primaryimage"},"thumbnailUrl":"https:\/\/unifsa.com.br\/site\/wp-content\/uploads\/2023\/03\/image-3.png","articleSection":["Acontece na UNIFSA"],"inLanguage":"pt-BR"},{"@type":"WebPage","@id":"https:\/\/unifsa.com.br\/site\/acoes-de-responsabilidade-social-2022\/","url":"https:\/\/unifsa.com.br\/site\/acoes-de-responsabilidade-social-2022\/","name":"A\u00e7\u00f5es de Responsabilidade Social 2022 - Centro Universit\u00e1rio Santo Agostinho - UNIFSA","isPartOf":{"@id":"https:\/\/unifsa.com.br\/site\/#website"},"primaryImageOfPage":{"@id":"https:\/\/unifsa.com.br\/site\/acoes-de-responsabilidade-social-2022\/#primaryimage"},"image":{"@id":"https:\/\/unifsa.com.br\/site\/acoes-de-responsabilidade-social-2022\/#primaryimage"},"thumbnailUrl":"https:\/\/unifsa.com.br\/site\/wp-content\/uploads\/2023\/03\/image-3.png","datePublished":"2022-12-20T17:39:00+00:00","dateModified":"2023-03-17T14:29:03+00:00","breadcrumb":{"@id":"https:\/\/unifsa.com.br\/site\/acoes-de-responsabilidade-social-2022\/#breadcrumb"},"inLanguage":"pt-BR","potentialAction":[{"@type":"ReadAction","target":["https:\/\/unifsa.com.br\/site\/acoes-de-responsabilidade-social-2022\/"]}]},{"@type":"ImageObject","inLanguage":"pt-BR","@id":"https:\/\/unifsa.com.br\/site\/acoes-de-responsabilidade-social-2022\/#primaryimage","url":"https:\/\/unifsa.com.br\/site\/wp-content\/uploads\/2023\/03\/image-3.png","contentUrl":"https:\/\/unifsa.com.br\/site\/wp-content\/uploads\/2023\/03\/image-3.png","width":1008,"height":423},{"@type":"BreadcrumbList","@id":"https:\/\/unifsa.com.br\/site\/acoes-de-responsabilidade-social-2022\/#breadcrumb","itemListElement":[{"@type":"ListItem","position":1,"name":"In\u00edcio","item":"https:\/\/unifsa.com.br\/site\/"},{"@type":"ListItem","position":2,"name":"A\u00e7\u00f5es de Responsabilidade Social 2022"}]},{"@type":"WebSite","@id":"https:\/\/unifsa.com.br\/site\/#website","url":"https:\/\/unifsa.com.br\/site\/","name":"Centro Universit\u00e1rio Santo Agostinho - UNIFSA","description":"Conhecimento para toda a vida","publisher":{"@id":"https:\/\/unifsa.com.br\/site\/#organization"},"potentialAction":[{"@type":"SearchAction","target":{"@type":"EntryPoint","urlTemplate":"https:\/\/unifsa.com.br\/site\/?s={search_term_string}"},"query-input":{"@type":"PropertyValueSpecification","valueRequired":true,"valueName":"search_term_string"}}],"inLanguage":"pt-BR"},{"@type":"Organization","@id":"https:\/\/unifsa.com.br\/site\/#organization","name":"Centro Universit\u00e1rio Santo Agostinho - UNIFSA","url":"https:\/\/unifsa.com.br\/site\/","logo":{"@type":"ImageObject","inLanguage":"pt-BR","@id":"https:\/\/unifsa.com.br\/site\/#\/schema\/logo\/image\/","url":"https:\/\/unifsa.com.br\/site\/wp-content\/uploads\/2023\/03\/MARCA-UNIFSA-CIC23-q2apjs1mt975cf1wl25b044coj90fwoiee1kya6800.png","contentUrl":"https:\/\/unifsa.com.br\/site\/wp-content\/uploads\/2023\/03\/MARCA-UNIFSA-CIC23-q2apjs1mt975cf1wl25b044coj90fwoiee1kya6800.png","width":103,"height":100,"caption":"Centro Universit\u00e1rio Santo Agostinho - UNIFSA"},"image":{"@id":"https:\/\/unifsa.com.br\/site\/#\/schema\/logo\/image\/"},"sameAs":["https:\/\/www.facebook.com\/unifsa\/","https:\/\/www.instagram.com\/unifsa\/"]},{"@type":"Person","@id":"https:\/\/unifsa.com.br\/site\/#\/schema\/person\/6f5e8438b96168f9894cb9fe5816660f","name":"UNIFSA","image":{"@type":"ImageObject","inLanguage":"pt-BR","@id":"https:\/\/unifsa.com.br\/site\/#\/schema\/person\/image\/","url":"https:\/\/secure.gravatar.com\/avatar\/3d1043775cda1d91d725491548f9b3a0909638e5fcbd418ee6b285ebfaa2ae59?s=96&d=mm&r=g","contentUrl":"https:\/\/secure.gravatar.com\/avatar\/3d1043775cda1d91d725491548f9b3a0909638e5fcbd418ee6b285ebfaa2ae59?s=96&d=mm&r=g","caption":"UNIFSA"},"url":"https:\/\/unifsa.com.br\/site\/author\/rogerbezerra\/"}]}},"_links":{"self":[{"href":"https:\/\/unifsa.com.br\/site\/wp-json\/wp\/v2\/posts\/20517","targetHints":{"allow":["GET"]}}],"collection":[{"href":"https:\/\/unifsa.com.br\/site\/wp-json\/wp\/v2\/posts"}],"about":[{"href":"https:\/\/unifsa.com.br\/site\/wp-json\/wp\/v2\/types\/post"}],"author":[{"embeddable":true,"href":"https:\/\/unifsa.com.br\/site\/wp-json\/wp\/v2\/users\/1"}],"replies":[{"embeddable":true,"href":"https:\/\/unifsa.com.br\/site\/wp-json\/wp\/v2\/comments?post=20517"}],"version-history":[{"count":6,"href":"https:\/\/unifsa.com.br\/site\/wp-json\/wp\/v2\/posts\/20517\/revisions"}],"predecessor-version":[{"id":20611,"href":"https:\/\/unifsa.com.br\/site\/wp-json\/wp\/v2\/posts\/20517\/revisions\/20611"}],"wp:attachment":[{"href":"https:\/\/unifsa.com.br\/site\/wp-json\/wp\/v2\/media?parent=20517"}],"wp:term":[{"taxonomy":"category","embeddable":true,"href":"https:\/\/unifsa.com.br\/site\/wp-json\/wp\/v2\/categories?post=20517"},{"taxonomy":"post_tag","embeddable":true,"href":"https:\/\/unifsa.com.br\/site\/wp-json\/wp\/v2\/tags?post=20517"}],"curies":[{"name":"wp","href":"https:\/\/api.w.org\/{rel}","templated":true}]}}