{"id":1936,"date":"2019-12-05T06:32:25","date_gmt":"2019-12-05T09:32:25","guid":{"rendered":"https:\/\/unifsa.com.br\/site\/?p=1936"},"modified":"2019-12-05T06:32:25","modified_gmt":"2019-12-05T09:32:25","slug":"projetos-culturais-apoiados-em-2007","status":"publish","type":"post","link":"https:\/\/unifsa.com.br\/site\/projetos-culturais-apoiados-em-2007\/","title":{"rendered":"Projetos Culturais apoiados em 2007"},"content":{"rendered":"<p>(Edital da Lei A Tito Filho 2006)<\/p>\n<p>CATEGORIA: IMPRESSOS<\/p>\n<p>PROJETO: MAR DE ROSAS (Livro de Poesias)<br \/>\nA colet\u00e2nea de poemas de Humberto Alves Pequeno coleciona conhecimentos, viv\u00eancias e mem\u00f3rias. O livro foi lan\u00e7ado com o intuito de ajudar institui\u00e7\u00f5es filantr\u00f3picas de Teresina, e aprimorar a t\u00e9cnica da palavra po\u00e9tica.<\/p>\n<p>PROJETO: HUMOR SANGRENTO<br \/>\nA obra Humor Sangrento, de Arnaldo da Costa Albuquerque, foi publicada inicialmente em 1977 e se tornou uma edi\u00e7\u00e3o hist\u00f3rica n\u00e3o apenas por ser a pioneira do g\u00eanero no Piau\u00ed, mas tamb\u00e9m pelas abordagens tem\u00e1ticas e qualidades t\u00e9cnica que apresentava. Nessa obra, \u00e9 poss\u00edvel observar o pluralismo da concep\u00e7\u00e3o art\u00edstica, especialmente nos trabalhos em que se destacam diferentes t\u00e9cnicas.<\/p>\n<p>Arnaldo Albuquerque representa para o Piau\u00ed o que de melhor h\u00e1 na \u00e1rea da cultura Pop Underground que surgiu dentro da Ditadura Militar. Sua arte \u00e9 o expoente m\u00e1ximo da contracultura no quadrinho Piauiense e um nome de import\u00e2ncia dentro do estudo da arte sequencial no Brasil. Devido a isso, em 2007, 30 anos depois de sua publica\u00e7\u00e3o, o Humor Sangrento foi redescoberto.<\/p>\n<p>PROJETO: MENSAGEM DO SALMO (SAGA DRAM\u00c1TICA DO CRISTIANISMO) \u2013 Literatura<br \/>\nA obra Mensagem do Salmo, de autoria de J\u00falio Rom\u00e3o da Silva, \u00e9 o que se pode chamar de pe\u00e7a-depoimento, por ser informal e din\u00e2mica na sua concep\u00e7\u00e3o c\u00eanica, consistindo, talvez, a sua maior import\u00e2ncia nas perspectivas que oferece \u00e0 moderna dramaturgia brasileira, rompendo os cl\u00e1ssicos padr\u00f5es do teatro sacro.<\/p>\n<p>O projeto inclui a tiragem de uma nova edi\u00e7\u00e3o destinada \u00e0 leitura de estudiosos, educadores e o p\u00fablico em geral interessados no assunto. Ele contar\u00e1 com a reserva de cotas para bibliotecas, teatros do pa\u00eds e do exterior. A mensagem a que o texto publicado se destina dever\u00e1 ser oficializada pelos poderes p\u00fablicos e sua montagem ser\u00e1 feita anualmente por ocasi\u00e3o da P\u00e1scoa no teatro Jo\u00e3o Paulo II, em Teresina. A nova edi\u00e7\u00e3o foi de 5.000 exemplares.<\/p>\n<p>CATEGORIA M\u00daSICA<\/p>\n<p>A obra UM PONTO FORA DA CURVA, de Francisco Laerte Juv\u00eancio Magalh\u00e3es \u00e9 um livro Poemas acompanhado de um Cd com poesias musicadas. O trabalho re\u00fane diversas parcerias com artistas locais, como Gilvan Santos, Chagas Vale, Pingo de Fortaleza e Machado Jr. Tamb\u00e9m participam como int\u00e9rpretes os cantores Vav\u00e1 Ribeiro, Chagas Vale, Gilvan Santos e Pingo de Fortaleza, al\u00e9m das cantoras Fernanda Lib\u00f3rio, Vanda Queiroz e Rosinha Amorim. Portanto esse projeto visa juntar o produto de artistas de \u00e1reas diferenciadas em um mesmo trabalho: poesia, m\u00fasica e artes visuais gr\u00e1ficas.<\/p>\n<p>PROJETO: NA LEVADA DO BOI<br \/>\nO CD \u201cNa levada do Boi\u201d, de Jos\u00e9 Rodrigues, tem como objetivo resgatar a cultura do bumba-meu-boi no estado do Piau\u00ed. Z\u00e9 Rodrigues desde o inicio da sua carreira musical vem trabalhando incansavelmente em prol de uma m\u00fasica verdadeiramente piauiense. O CD foi uma forma de divulgar a musica popular piauiense, al\u00e9m de valorizar o folclore por meio das toadas de boi e incentivar a juventude a interagir com a cultura popular.<\/p>\n<p>ESPET\u00c1CULOS:<\/p>\n<p>PROJETO: VIA SACRA ESPECIAL (Pe\u00e7a Teatral)<br \/>\nProposta pela Associa\u00e7\u00e3o de Pais e Amigos dos Excepcionais, a Pe\u00e7a Teatral Via Sacra Especial visa contribuir para o desenvolvimento das potencialidades do seu alunado junto \u00e0 comunidade e outras institui\u00e7\u00f5es que desejem participar deste evento com vistas \u00e0 inclus\u00e3o social, garantindo a pr\u00e1tica de lazer, de arte, de cultura \u00e0s pessoas com Defici\u00eancia.<\/p>\n<p>O trabalho teve como objetivo principal promover na pessoa com defici\u00eancia a\u00e7\u00f5es que contribuam e possibilitem a sua integra\u00e7\u00e3o com a comunidade em geral estimulando suas habilidades e sua participa\u00e7\u00e3o em eventos culturais, em especial as pr\u00e1ticas teatrais, enfatizando os conceitos e conhecimentos religiosos. Al\u00e9m de tentar divulgar, por meio do projeto, o trabalho desenvolvido pela Coordena\u00e7\u00e3o de Artes da APAE de Teresina, junto a outras institui\u00e7\u00f5es, bem como a n\u00edvel municipal.<\/p>\n<p>FUNDA\u00c7\u00c3O QUIXOTE \u2013 Reconstitui\u00e7\u00e3o do Reisado de Manuel Ant\u00f4nio (pe\u00e7a Teatral e grava\u00e7\u00e3o de DVD)<\/p>\n<p>O projeto de Reconstitui\u00e7\u00e3o do Reisado de Manuel Ant\u00f4nio, proposto pela Funda\u00e7\u00e3o Quixote, re\u00fane uma classe de intelectuais e artistas piauienses composta por Erisvaldo Borges, Aur\u00e9lio Melo, Wilkes Marques, Gilson Fernandes, Beto Bruno, Antonio Amaral, V\u00e2nia Sales, Vagner Ribeiro, Luiza Miranda, Vanda Quieroz, Rosinha Amorim, Luciano Lib\u00f3rio, Gra\u00e7a Vilhena, Raimundo Nonato Monteiro, Cineas Santos, Walberto Eul\u00e1lio Soares e Odorico Soares com a miss\u00e3o de tornar poss\u00edvel ao p\u00fablico atual o \u201creisado de Manoel Antonio\u201d. O trabalho resgata a simplicidade e a sabedoria do homem sertanejo que insiste em vencer apesar da diversidade natural imposta. O trabalho tamb\u00e9m auxilia na promo\u00e7\u00e3o e resgate da Hist\u00f3ria oral nordestina, atrav\u00e9s dos cantos de reisado que foram gravados.<\/p>\n<p>PROJETO: A INCR\u00cdVEL PEDRA FINA (espet\u00e1culo infantil)<br \/>\nO espet\u00e1culo infantil \u201cA Incr\u00edvel Pedra Fina\u201d, proposto por Francisco Ac\u00ed Gomes Campelo, resgata os valores que evidenciam a amizade, o amor ao pr\u00f3ximo, o resgate cultural, os la\u00e7os familiares, a m\u00fasica e a poesia, de forma simples e comunicativa. A montagem pretende ainda agregar em torno de si grandes valores do teatro piauiense como forma de dimensionar o bom teatro infantil e, assim, formar plat\u00e9ia, n\u00e3o s\u00f3 resgatando valores infantis, mas criando o bom h\u00e1bito de ir ao teatro.<\/p>\n<p>A pe\u00e7a almejava dinamizar e desenvolver o teatro infantil piauiense; resgatar valores \u00e9ticos e sociais da crian\u00e7a e do adolescente, atrav\u00e9s da montagem de espet\u00e1culo teatral; fazer temporada em Teresina, no interior do estado e em outros estados, como forma de difundir o teatro piauiense; possibilitar trabalho e renda para artistas e t\u00e9cnicos das artes c\u00eanicas piauienses; formar plat\u00e9ia, atrav\u00e9s da apresenta\u00e7\u00e3o de espet\u00e1culo que valorize a criatividade e a imagina\u00e7\u00e3o da crian\u00e7a; fazer apresenta\u00e7\u00e3o em escolas e espa\u00e7os alternativos, como forma de fortalecer o teatro infantil piauiense.<\/p>\n<p>&nbsp;<\/p>\n","protected":false},"excerpt":{"rendered":"<p>(Edital da Lei A Tito Filho 2006) CATEGORIA: IMPRESSOS PROJETO: MAR DE ROSAS (Livro de Poesias) A colet\u00e2nea de poemas de Humberto Alves Pequeno coleciona conhecimentos, viv\u00eancias e mem\u00f3rias. O livro foi lan\u00e7ado com o intuito de ajudar institui\u00e7\u00f5es filantr\u00f3picas de Teresina, e aprimorar a t\u00e9cnica da palavra po\u00e9tica. PROJETO: HUMOR SANGRENTO A obra Humor<\/p>\n","protected":false},"author":2,"featured_media":0,"comment_status":"open","ping_status":"open","sticky":false,"template":"","format":"standard","meta":{"_acf_changed":false,"footnotes":""},"categories":[79],"tags":[],"class_list":["post-1936","post","type-post","status-publish","format-standard","hentry","category-incentivo-cultural"],"acf":[],"yoast_head":"<!-- This site is optimized with the Yoast SEO plugin v26.5 - https:\/\/yoast.com\/wordpress\/plugins\/seo\/ -->\n<title>Projetos Culturais apoiados em 2007 - Centro Universit\u00e1rio Santo Agostinho - UNIFSA<\/title>\n<meta name=\"robots\" content=\"index, follow, max-snippet:-1, max-image-preview:large, max-video-preview:-1\" \/>\n<link rel=\"canonical\" href=\"https:\/\/unifsa.com.br\/site\/projetos-culturais-apoiados-em-2007\/\" \/>\n<meta property=\"og:locale\" content=\"pt_BR\" \/>\n<meta property=\"og:type\" content=\"article\" \/>\n<meta property=\"og:title\" content=\"Projetos Culturais apoiados em 2007 - Centro Universit\u00e1rio Santo Agostinho - UNIFSA\" \/>\n<meta property=\"og:description\" content=\"(Edital da Lei A Tito Filho 2006) CATEGORIA: IMPRESSOS PROJETO: MAR DE ROSAS (Livro de Poesias) A colet\u00e2nea de poemas de Humberto Alves Pequeno coleciona conhecimentos, viv\u00eancias e mem\u00f3rias. O livro foi lan\u00e7ado com o intuito de ajudar institui\u00e7\u00f5es filantr\u00f3picas de Teresina, e aprimorar a t\u00e9cnica da palavra po\u00e9tica. PROJETO: HUMOR SANGRENTO A obra Humor\" \/>\n<meta property=\"og:url\" content=\"https:\/\/unifsa.com.br\/site\/projetos-culturais-apoiados-em-2007\/\" \/>\n<meta property=\"og:site_name\" content=\"Centro Universit\u00e1rio Santo Agostinho - UNIFSA\" \/>\n<meta property=\"article:publisher\" content=\"https:\/\/www.facebook.com\/unifsa\/\" \/>\n<meta property=\"article:published_time\" content=\"2019-12-05T09:32:25+00:00\" \/>\n<meta name=\"author\" content=\"Assessoria UNIFSA\" \/>\n<meta name=\"twitter:card\" content=\"summary_large_image\" \/>\n<meta name=\"twitter:label1\" content=\"Escrito por\" \/>\n\t<meta name=\"twitter:data1\" content=\"Assessoria UNIFSA\" \/>\n\t<meta name=\"twitter:label2\" content=\"Est. tempo de leitura\" \/>\n\t<meta name=\"twitter:data2\" content=\"5 minutos\" \/>\n<script type=\"application\/ld+json\" class=\"yoast-schema-graph\">{\"@context\":\"https:\/\/schema.org\",\"@graph\":[{\"@type\":\"Article\",\"@id\":\"https:\/\/unifsa.com.br\/site\/projetos-culturais-apoiados-em-2007\/#article\",\"isPartOf\":{\"@id\":\"https:\/\/unifsa.com.br\/site\/projetos-culturais-apoiados-em-2007\/\"},\"author\":{\"name\":\"Assessoria UNIFSA\",\"@id\":\"https:\/\/unifsa.com.br\/site\/#\/schema\/person\/551d7d1f1cd3f288057c5028fc404a18\"},\"headline\":\"Projetos Culturais apoiados em 2007\",\"datePublished\":\"2019-12-05T09:32:25+00:00\",\"mainEntityOfPage\":{\"@id\":\"https:\/\/unifsa.com.br\/site\/projetos-culturais-apoiados-em-2007\/\"},\"wordCount\":1021,\"commentCount\":0,\"publisher\":{\"@id\":\"https:\/\/unifsa.com.br\/site\/#organization\"},\"articleSection\":[\"Incentivo Cultural\"],\"inLanguage\":\"pt-BR\",\"potentialAction\":[{\"@type\":\"CommentAction\",\"name\":\"Comment\",\"target\":[\"https:\/\/unifsa.com.br\/site\/projetos-culturais-apoiados-em-2007\/#respond\"]}]},{\"@type\":\"WebPage\",\"@id\":\"https:\/\/unifsa.com.br\/site\/projetos-culturais-apoiados-em-2007\/\",\"url\":\"https:\/\/unifsa.com.br\/site\/projetos-culturais-apoiados-em-2007\/\",\"name\":\"Projetos Culturais apoiados em 2007 - Centro Universit\u00e1rio Santo Agostinho - UNIFSA\",\"isPartOf\":{\"@id\":\"https:\/\/unifsa.com.br\/site\/#website\"},\"datePublished\":\"2019-12-05T09:32:25+00:00\",\"breadcrumb\":{\"@id\":\"https:\/\/unifsa.com.br\/site\/projetos-culturais-apoiados-em-2007\/#breadcrumb\"},\"inLanguage\":\"pt-BR\",\"potentialAction\":[{\"@type\":\"ReadAction\",\"target\":[\"https:\/\/unifsa.com.br\/site\/projetos-culturais-apoiados-em-2007\/\"]}]},{\"@type\":\"BreadcrumbList\",\"@id\":\"https:\/\/unifsa.com.br\/site\/projetos-culturais-apoiados-em-2007\/#breadcrumb\",\"itemListElement\":[{\"@type\":\"ListItem\",\"position\":1,\"name\":\"In\u00edcio\",\"item\":\"https:\/\/unifsa.com.br\/site\/\"},{\"@type\":\"ListItem\",\"position\":2,\"name\":\"Projetos Culturais apoiados em 2007\"}]},{\"@type\":\"WebSite\",\"@id\":\"https:\/\/unifsa.com.br\/site\/#website\",\"url\":\"https:\/\/unifsa.com.br\/site\/\",\"name\":\"Centro Universit\u00e1rio Santo Agostinho - UNIFSA\",\"description\":\"Conhecimento para toda a vida\",\"publisher\":{\"@id\":\"https:\/\/unifsa.com.br\/site\/#organization\"},\"potentialAction\":[{\"@type\":\"SearchAction\",\"target\":{\"@type\":\"EntryPoint\",\"urlTemplate\":\"https:\/\/unifsa.com.br\/site\/?s={search_term_string}\"},\"query-input\":{\"@type\":\"PropertyValueSpecification\",\"valueRequired\":true,\"valueName\":\"search_term_string\"}}],\"inLanguage\":\"pt-BR\"},{\"@type\":\"Organization\",\"@id\":\"https:\/\/unifsa.com.br\/site\/#organization\",\"name\":\"Centro Universit\u00e1rio Santo Agostinho - UNIFSA\",\"url\":\"https:\/\/unifsa.com.br\/site\/\",\"logo\":{\"@type\":\"ImageObject\",\"inLanguage\":\"pt-BR\",\"@id\":\"https:\/\/unifsa.com.br\/site\/#\/schema\/logo\/image\/\",\"url\":\"https:\/\/unifsa.com.br\/site\/wp-content\/uploads\/2023\/03\/MARCA-UNIFSA-CIC23-q2apjs1mt975cf1wl25b044coj90fwoiee1kya6800.png\",\"contentUrl\":\"https:\/\/unifsa.com.br\/site\/wp-content\/uploads\/2023\/03\/MARCA-UNIFSA-CIC23-q2apjs1mt975cf1wl25b044coj90fwoiee1kya6800.png\",\"width\":103,\"height\":100,\"caption\":\"Centro Universit\u00e1rio Santo Agostinho - UNIFSA\"},\"image\":{\"@id\":\"https:\/\/unifsa.com.br\/site\/#\/schema\/logo\/image\/\"},\"sameAs\":[\"https:\/\/www.facebook.com\/unifsa\/\",\"https:\/\/www.instagram.com\/unifsa\/\"]},{\"@type\":\"Person\",\"@id\":\"https:\/\/unifsa.com.br\/site\/#\/schema\/person\/551d7d1f1cd3f288057c5028fc404a18\",\"name\":\"Assessoria UNIFSA\",\"image\":{\"@type\":\"ImageObject\",\"inLanguage\":\"pt-BR\",\"@id\":\"https:\/\/unifsa.com.br\/site\/#\/schema\/person\/image\/\",\"url\":\"https:\/\/secure.gravatar.com\/avatar\/6a631991e4af344430e4f0c5fcc3a220482c78e6a883ad6b80a34c55d1ada357?s=96&d=mm&r=g\",\"contentUrl\":\"https:\/\/secure.gravatar.com\/avatar\/6a631991e4af344430e4f0c5fcc3a220482c78e6a883ad6b80a34c55d1ada357?s=96&d=mm&r=g\",\"caption\":\"Assessoria UNIFSA\"},\"url\":\"https:\/\/unifsa.com.br\/site\/author\/assessoria\/\"}]}<\/script>\n<!-- \/ Yoast SEO plugin. -->","yoast_head_json":{"title":"Projetos Culturais apoiados em 2007 - Centro Universit\u00e1rio Santo Agostinho - UNIFSA","robots":{"index":"index","follow":"follow","max-snippet":"max-snippet:-1","max-image-preview":"max-image-preview:large","max-video-preview":"max-video-preview:-1"},"canonical":"https:\/\/unifsa.com.br\/site\/projetos-culturais-apoiados-em-2007\/","og_locale":"pt_BR","og_type":"article","og_title":"Projetos Culturais apoiados em 2007 - Centro Universit\u00e1rio Santo Agostinho - UNIFSA","og_description":"(Edital da Lei A Tito Filho 2006) CATEGORIA: IMPRESSOS PROJETO: MAR DE ROSAS (Livro de Poesias) A colet\u00e2nea de poemas de Humberto Alves Pequeno coleciona conhecimentos, viv\u00eancias e mem\u00f3rias. O livro foi lan\u00e7ado com o intuito de ajudar institui\u00e7\u00f5es filantr\u00f3picas de Teresina, e aprimorar a t\u00e9cnica da palavra po\u00e9tica. PROJETO: HUMOR SANGRENTO A obra Humor","og_url":"https:\/\/unifsa.com.br\/site\/projetos-culturais-apoiados-em-2007\/","og_site_name":"Centro Universit\u00e1rio Santo Agostinho - UNIFSA","article_publisher":"https:\/\/www.facebook.com\/unifsa\/","article_published_time":"2019-12-05T09:32:25+00:00","author":"Assessoria UNIFSA","twitter_card":"summary_large_image","twitter_misc":{"Escrito por":"Assessoria UNIFSA","Est. tempo de leitura":"5 minutos"},"schema":{"@context":"https:\/\/schema.org","@graph":[{"@type":"Article","@id":"https:\/\/unifsa.com.br\/site\/projetos-culturais-apoiados-em-2007\/#article","isPartOf":{"@id":"https:\/\/unifsa.com.br\/site\/projetos-culturais-apoiados-em-2007\/"},"author":{"name":"Assessoria UNIFSA","@id":"https:\/\/unifsa.com.br\/site\/#\/schema\/person\/551d7d1f1cd3f288057c5028fc404a18"},"headline":"Projetos Culturais apoiados em 2007","datePublished":"2019-12-05T09:32:25+00:00","mainEntityOfPage":{"@id":"https:\/\/unifsa.com.br\/site\/projetos-culturais-apoiados-em-2007\/"},"wordCount":1021,"commentCount":0,"publisher":{"@id":"https:\/\/unifsa.com.br\/site\/#organization"},"articleSection":["Incentivo Cultural"],"inLanguage":"pt-BR","potentialAction":[{"@type":"CommentAction","name":"Comment","target":["https:\/\/unifsa.com.br\/site\/projetos-culturais-apoiados-em-2007\/#respond"]}]},{"@type":"WebPage","@id":"https:\/\/unifsa.com.br\/site\/projetos-culturais-apoiados-em-2007\/","url":"https:\/\/unifsa.com.br\/site\/projetos-culturais-apoiados-em-2007\/","name":"Projetos Culturais apoiados em 2007 - Centro Universit\u00e1rio Santo Agostinho - UNIFSA","isPartOf":{"@id":"https:\/\/unifsa.com.br\/site\/#website"},"datePublished":"2019-12-05T09:32:25+00:00","breadcrumb":{"@id":"https:\/\/unifsa.com.br\/site\/projetos-culturais-apoiados-em-2007\/#breadcrumb"},"inLanguage":"pt-BR","potentialAction":[{"@type":"ReadAction","target":["https:\/\/unifsa.com.br\/site\/projetos-culturais-apoiados-em-2007\/"]}]},{"@type":"BreadcrumbList","@id":"https:\/\/unifsa.com.br\/site\/projetos-culturais-apoiados-em-2007\/#breadcrumb","itemListElement":[{"@type":"ListItem","position":1,"name":"In\u00edcio","item":"https:\/\/unifsa.com.br\/site\/"},{"@type":"ListItem","position":2,"name":"Projetos Culturais apoiados em 2007"}]},{"@type":"WebSite","@id":"https:\/\/unifsa.com.br\/site\/#website","url":"https:\/\/unifsa.com.br\/site\/","name":"Centro Universit\u00e1rio Santo Agostinho - UNIFSA","description":"Conhecimento para toda a vida","publisher":{"@id":"https:\/\/unifsa.com.br\/site\/#organization"},"potentialAction":[{"@type":"SearchAction","target":{"@type":"EntryPoint","urlTemplate":"https:\/\/unifsa.com.br\/site\/?s={search_term_string}"},"query-input":{"@type":"PropertyValueSpecification","valueRequired":true,"valueName":"search_term_string"}}],"inLanguage":"pt-BR"},{"@type":"Organization","@id":"https:\/\/unifsa.com.br\/site\/#organization","name":"Centro Universit\u00e1rio Santo Agostinho - UNIFSA","url":"https:\/\/unifsa.com.br\/site\/","logo":{"@type":"ImageObject","inLanguage":"pt-BR","@id":"https:\/\/unifsa.com.br\/site\/#\/schema\/logo\/image\/","url":"https:\/\/unifsa.com.br\/site\/wp-content\/uploads\/2023\/03\/MARCA-UNIFSA-CIC23-q2apjs1mt975cf1wl25b044coj90fwoiee1kya6800.png","contentUrl":"https:\/\/unifsa.com.br\/site\/wp-content\/uploads\/2023\/03\/MARCA-UNIFSA-CIC23-q2apjs1mt975cf1wl25b044coj90fwoiee1kya6800.png","width":103,"height":100,"caption":"Centro Universit\u00e1rio Santo Agostinho - UNIFSA"},"image":{"@id":"https:\/\/unifsa.com.br\/site\/#\/schema\/logo\/image\/"},"sameAs":["https:\/\/www.facebook.com\/unifsa\/","https:\/\/www.instagram.com\/unifsa\/"]},{"@type":"Person","@id":"https:\/\/unifsa.com.br\/site\/#\/schema\/person\/551d7d1f1cd3f288057c5028fc404a18","name":"Assessoria UNIFSA","image":{"@type":"ImageObject","inLanguage":"pt-BR","@id":"https:\/\/unifsa.com.br\/site\/#\/schema\/person\/image\/","url":"https:\/\/secure.gravatar.com\/avatar\/6a631991e4af344430e4f0c5fcc3a220482c78e6a883ad6b80a34c55d1ada357?s=96&d=mm&r=g","contentUrl":"https:\/\/secure.gravatar.com\/avatar\/6a631991e4af344430e4f0c5fcc3a220482c78e6a883ad6b80a34c55d1ada357?s=96&d=mm&r=g","caption":"Assessoria UNIFSA"},"url":"https:\/\/unifsa.com.br\/site\/author\/assessoria\/"}]}},"_links":{"self":[{"href":"https:\/\/unifsa.com.br\/site\/wp-json\/wp\/v2\/posts\/1936","targetHints":{"allow":["GET"]}}],"collection":[{"href":"https:\/\/unifsa.com.br\/site\/wp-json\/wp\/v2\/posts"}],"about":[{"href":"https:\/\/unifsa.com.br\/site\/wp-json\/wp\/v2\/types\/post"}],"author":[{"embeddable":true,"href":"https:\/\/unifsa.com.br\/site\/wp-json\/wp\/v2\/users\/2"}],"replies":[{"embeddable":true,"href":"https:\/\/unifsa.com.br\/site\/wp-json\/wp\/v2\/comments?post=1936"}],"version-history":[{"count":1,"href":"https:\/\/unifsa.com.br\/site\/wp-json\/wp\/v2\/posts\/1936\/revisions"}],"predecessor-version":[{"id":1937,"href":"https:\/\/unifsa.com.br\/site\/wp-json\/wp\/v2\/posts\/1936\/revisions\/1937"}],"wp:attachment":[{"href":"https:\/\/unifsa.com.br\/site\/wp-json\/wp\/v2\/media?parent=1936"}],"wp:term":[{"taxonomy":"category","embeddable":true,"href":"https:\/\/unifsa.com.br\/site\/wp-json\/wp\/v2\/categories?post=1936"},{"taxonomy":"post_tag","embeddable":true,"href":"https:\/\/unifsa.com.br\/site\/wp-json\/wp\/v2\/tags?post=1936"}],"curies":[{"name":"wp","href":"https:\/\/api.w.org\/{rel}","templated":true}]}}