{"id":1927,"date":"2019-12-05T06:22:29","date_gmt":"2019-12-05T09:22:29","guid":{"rendered":"https:\/\/unifsa.com.br\/site\/?p=1927"},"modified":"2019-12-05T06:22:29","modified_gmt":"2019-12-05T09:22:29","slug":"incentivo-cultural-piauiense-2010","status":"publish","type":"post","link":"https:\/\/unifsa.com.br\/site\/incentivo-cultural-piauiense-2010\/","title":{"rendered":"Incentivo cultural piauiense 2010"},"content":{"rendered":"<p>PROJETO \u201cTENDA DA CRUVIANA\u201d (2010)<br \/>\nO Centro Universit\u00e1rio Santo Agostinho deu apoio ao projeto \u201cTenda da Cruviana\u201d, que teve como objetivo divulgar a diversidade cultural do Piau\u00ed durante a realiza\u00e7\u00e3o do Festival de Inverno de Pedro II \u2013 2010, a partir dos conceitos de identidade cultural e cultura local.<\/p>\n<p>O projeto foi coordenado por Ern\u00e2ni de Lima, que \u00e9 professor, escritor e poeta de Pedro II. A \u201cTenda da Cruviana\u201d funcionou na pra\u00e7a de eventos Domingos Mour\u00e3o, na cidade de Pedro II. Durante o evento, que aconteceu de 3 a 6 de junho de 2010, o projeto realizou exposi\u00e7\u00f5es de artes pl\u00e1sticas, saraus l\u00edtero-musicais, exibi\u00e7\u00e3o de v\u00eddeos culturais. Al\u00e9m disso, a Tenda tamb\u00e9m fez lan\u00e7amentos de livros, discos, fanzines de artistas locais, valorizando a cultura do nosso Estado e fazendo do Festival de Inverno uma grande vitrine cultural.<\/p>\n<p>SAL\u00c3O DE HUMOR DO PIAU\u00cd (2010)<br \/>\nO 27\u00ba Sal\u00e3o Internacional de Humor do Piau\u00ed, promovido de 14 a 20 de junho de 2010, no complexo cultural da Pra\u00e7a Pedro II, em Teresina. O Centro Universit\u00e1rio Santo Agostinho foi um dos patrocinadores, inclusive de um dos eventos da programa\u00e7\u00e3o, o Teresina Rock, festival de m\u00fasica piauiense que ocorre dentro do Sal\u00e3o Internacional de Humor do Piau\u00ed, na Central de Artesanato Mestre Dezinho.<\/p>\n<p>F\u00d3RUM NACIONAL 1 MINUTO PARA DAN\u00c7A<br \/>\nO Centro Universit\u00e1rio Santo Agostinho patrocinou o F\u00f3rum Nacional 1 Minuto Para Dan\u00e7a, que ocorreu entre 29 de abril e 29 de maio de 2010, na Galeria do Clube dos Di\u00e1rios. O evento reuniu estudiosos, doutores e artistas. Pesquisadores da Universidade Federal da Bahia (UFBA), sob a coordena\u00e7\u00e3o local, promoveram palestras, workshops, lan\u00e7amento de livros e resid\u00eancias art\u00edsticas dirigidos \u00e0 comunidade art\u00edstica e acad\u00eamica. O F\u00f3rum teve como objetivo articular a dan\u00e7a produzida no Piau\u00ed com o restante do pa\u00eds, impulsionando a produ\u00e7\u00e3o art\u00edstica e cient\u00edfica, a reflex\u00e3o, a pesquisa e a troca de id\u00e9ias.<\/p>\n<p>FESTA DO DIA DO ADVOGADO, COM SHOW DE JORGE BENJOR<br \/>\nNo dia 3 de setembro, a FSA patrocinou a Festa do Advogado 2010 \u2013 uma noite especial de homenagem a todos os advogados do Piau\u00ed, com o show do Jorge Benjor, Lili Ara\u00fajo e Banda; Mary Jane, no Espa\u00e7o 2 do Atlantic City.<\/p>\n<p>SEMANA DA DIVERSIDADE 2010 \u2013 9\u00aa PARADA DA DIVERSIDADE.<br \/>\nO UNIFSA apoiou a Semana da Diversidade 2010 \u2013 9\u00aa Parada da Diversidade, ocorrida no dia 27 de agosto de 2010, com a seguinte programa\u00e7\u00e3o: palestras sobre a diversidade, junto aos alunos; patroc\u00ednio de pe\u00e7as gr\u00e1ficas (outdoor, panfletos e cartazes).<\/p>\n<p>CURSO LIVRE DE TV E INTERPRETA\u00c7\u00c3O COM ATORES<br \/>\nO UNIFSA apoiou o Curso livre de TV e Interpreta\u00e7\u00e3o com atores da Globo, ocorrida durante todo o ano, atendendo a alunos da institui\u00e7\u00e3o e a comunidade.<\/p>\n<p>SEMIN\u00c1RIO DE COMUNICA\u00c7\u00c3O P\u00daBLICA MUNICIPAL<br \/>\nO UNIFSA foi uma das institui\u00e7\u00f5es patrocinadoras do Semin\u00e1rio de Comunica\u00e7\u00e3o P\u00fablica Municipal com o tema A Comunica\u00e7\u00e3o como recurso estrat\u00e9gico para aproximar a Gest\u00e3o municipal do Cidad\u00e3o, ocorrido nos dias 6 e 7 de dezembro de 2010.<\/p>\n<p>1\u00ba CONGRESSO DE DIREITO CIVIL E PROCESSO CIVIL DO PIAU\u00cd<br \/>\nO UNIFSA patrocinou o 1\u00ba Congresso de Direito Civil e Processo Civil do Piau\u00ed promovido dos dias 20 a 22 de maio de 2010, com uma vasta programa\u00e7\u00e3o direcionada aos acad\u00eamicos de Direito e profissionais da \u00e1rea jur\u00eddica.<\/p>\n<p>PALESTRA COM O MEDALHISTA OL\u00cdMPICO E VICE-CAMPE\u00c3O MUNDIAL LEANDRO GUILHEIRO<br \/>\nO UNIFSA patrocinou a Palestra com o medalhista ol\u00edmpico e vice-campe\u00e3o mundial Leandro Guilheiro, ganhador da Copa AJEF-SESC de Jud\u00f4, no dia 20 de novembro de 2010, no Gin\u00e1sio do SESC de Jud\u00f4.<\/p>\n<p>CAPOEIRA, ARTE-LUTA \u2013 UMA ABORDAGEM PEDAG\u00d3GICA DE INCLUS\u00c3O<br \/>\nDe autoria de Paulo C\u00e9sar Valadares Carvalho, foi financiada via Lei A.Tito Filho. A obra aborda como a Capoeira \u00e9 uma luta que n\u00e3o faz distin\u00e7\u00f5es nem de sexo, nem de credo, nem de idade. \u201c\u00c9 plural por ser luta de aspecto marcial com seus golpes e contragolpes; por ser arte e revitalizar as manifesta\u00e7\u00f5es da cultura popular, agregando elementos c\u00eanicos como a puxada de rede, maculel\u00ea, as m\u00fasicas e as dan\u00e7as do samba-de-roda, as sonoridades do berimbau, dos atabaques e dos pandeiros\u201d, explica Paulo Moura, na apresenta\u00e7\u00e3o da obra.<\/p>\n<p>&nbsp;<\/p>\n","protected":false},"excerpt":{"rendered":"<p>PROJETO \u201cTENDA DA CRUVIANA\u201d (2010) O Centro Universit\u00e1rio Santo Agostinho deu apoio ao projeto \u201cTenda da Cruviana\u201d, que teve como objetivo divulgar a diversidade cultural do Piau\u00ed durante a realiza\u00e7\u00e3o do Festival de Inverno de Pedro II \u2013 2010, a partir dos conceitos de identidade cultural e cultura local. O projeto foi coordenado por Ern\u00e2ni<\/p>\n","protected":false},"author":2,"featured_media":0,"comment_status":"open","ping_status":"open","sticky":false,"template":"","format":"standard","meta":{"_acf_changed":false,"footnotes":""},"categories":[79],"tags":[],"class_list":["post-1927","post","type-post","status-publish","format-standard","hentry","category-incentivo-cultural"],"acf":[],"yoast_head":"<!-- This site is optimized with the Yoast SEO plugin v26.5 - https:\/\/yoast.com\/wordpress\/plugins\/seo\/ -->\n<title>Incentivo cultural piauiense 2010 - Centro Universit\u00e1rio Santo Agostinho - UNIFSA<\/title>\n<meta name=\"robots\" content=\"index, follow, max-snippet:-1, max-image-preview:large, max-video-preview:-1\" \/>\n<link rel=\"canonical\" href=\"https:\/\/unifsa.com.br\/site\/incentivo-cultural-piauiense-2010\/\" \/>\n<meta property=\"og:locale\" content=\"pt_BR\" \/>\n<meta property=\"og:type\" content=\"article\" \/>\n<meta property=\"og:title\" content=\"Incentivo cultural piauiense 2010 - Centro Universit\u00e1rio Santo Agostinho - UNIFSA\" \/>\n<meta property=\"og:description\" content=\"PROJETO \u201cTENDA DA CRUVIANA\u201d (2010) O Centro Universit\u00e1rio Santo Agostinho deu apoio ao projeto \u201cTenda da Cruviana\u201d, que teve como objetivo divulgar a diversidade cultural do Piau\u00ed durante a realiza\u00e7\u00e3o do Festival de Inverno de Pedro II \u2013 2010, a partir dos conceitos de identidade cultural e cultura local. O projeto foi coordenado por Ern\u00e2ni\" \/>\n<meta property=\"og:url\" content=\"https:\/\/unifsa.com.br\/site\/incentivo-cultural-piauiense-2010\/\" \/>\n<meta property=\"og:site_name\" content=\"Centro Universit\u00e1rio Santo Agostinho - UNIFSA\" \/>\n<meta property=\"article:publisher\" content=\"https:\/\/www.facebook.com\/unifsa\/\" \/>\n<meta property=\"article:published_time\" content=\"2019-12-05T09:22:29+00:00\" \/>\n<meta name=\"author\" content=\"Assessoria UNIFSA\" \/>\n<meta name=\"twitter:card\" content=\"summary_large_image\" \/>\n<meta name=\"twitter:label1\" content=\"Escrito por\" \/>\n\t<meta name=\"twitter:data1\" content=\"Assessoria UNIFSA\" \/>\n\t<meta name=\"twitter:label2\" content=\"Est. tempo de leitura\" \/>\n\t<meta name=\"twitter:data2\" content=\"4 minutos\" \/>\n<script type=\"application\/ld+json\" class=\"yoast-schema-graph\">{\"@context\":\"https:\/\/schema.org\",\"@graph\":[{\"@type\":\"Article\",\"@id\":\"https:\/\/unifsa.com.br\/site\/incentivo-cultural-piauiense-2010\/#article\",\"isPartOf\":{\"@id\":\"https:\/\/unifsa.com.br\/site\/incentivo-cultural-piauiense-2010\/\"},\"author\":{\"name\":\"Assessoria UNIFSA\",\"@id\":\"https:\/\/unifsa.com.br\/site\/#\/schema\/person\/551d7d1f1cd3f288057c5028fc404a18\"},\"headline\":\"Incentivo cultural piauiense 2010\",\"datePublished\":\"2019-12-05T09:22:29+00:00\",\"mainEntityOfPage\":{\"@id\":\"https:\/\/unifsa.com.br\/site\/incentivo-cultural-piauiense-2010\/\"},\"wordCount\":719,\"commentCount\":0,\"publisher\":{\"@id\":\"https:\/\/unifsa.com.br\/site\/#organization\"},\"articleSection\":[\"Incentivo Cultural\"],\"inLanguage\":\"pt-BR\",\"potentialAction\":[{\"@type\":\"CommentAction\",\"name\":\"Comment\",\"target\":[\"https:\/\/unifsa.com.br\/site\/incentivo-cultural-piauiense-2010\/#respond\"]}]},{\"@type\":\"WebPage\",\"@id\":\"https:\/\/unifsa.com.br\/site\/incentivo-cultural-piauiense-2010\/\",\"url\":\"https:\/\/unifsa.com.br\/site\/incentivo-cultural-piauiense-2010\/\",\"name\":\"Incentivo cultural piauiense 2010 - Centro Universit\u00e1rio Santo Agostinho - UNIFSA\",\"isPartOf\":{\"@id\":\"https:\/\/unifsa.com.br\/site\/#website\"},\"datePublished\":\"2019-12-05T09:22:29+00:00\",\"breadcrumb\":{\"@id\":\"https:\/\/unifsa.com.br\/site\/incentivo-cultural-piauiense-2010\/#breadcrumb\"},\"inLanguage\":\"pt-BR\",\"potentialAction\":[{\"@type\":\"ReadAction\",\"target\":[\"https:\/\/unifsa.com.br\/site\/incentivo-cultural-piauiense-2010\/\"]}]},{\"@type\":\"BreadcrumbList\",\"@id\":\"https:\/\/unifsa.com.br\/site\/incentivo-cultural-piauiense-2010\/#breadcrumb\",\"itemListElement\":[{\"@type\":\"ListItem\",\"position\":1,\"name\":\"In\u00edcio\",\"item\":\"https:\/\/unifsa.com.br\/site\/\"},{\"@type\":\"ListItem\",\"position\":2,\"name\":\"Incentivo cultural piauiense 2010\"}]},{\"@type\":\"WebSite\",\"@id\":\"https:\/\/unifsa.com.br\/site\/#website\",\"url\":\"https:\/\/unifsa.com.br\/site\/\",\"name\":\"Centro Universit\u00e1rio Santo Agostinho - UNIFSA\",\"description\":\"Conhecimento para toda a vida\",\"publisher\":{\"@id\":\"https:\/\/unifsa.com.br\/site\/#organization\"},\"potentialAction\":[{\"@type\":\"SearchAction\",\"target\":{\"@type\":\"EntryPoint\",\"urlTemplate\":\"https:\/\/unifsa.com.br\/site\/?s={search_term_string}\"},\"query-input\":{\"@type\":\"PropertyValueSpecification\",\"valueRequired\":true,\"valueName\":\"search_term_string\"}}],\"inLanguage\":\"pt-BR\"},{\"@type\":\"Organization\",\"@id\":\"https:\/\/unifsa.com.br\/site\/#organization\",\"name\":\"Centro Universit\u00e1rio Santo Agostinho - UNIFSA\",\"url\":\"https:\/\/unifsa.com.br\/site\/\",\"logo\":{\"@type\":\"ImageObject\",\"inLanguage\":\"pt-BR\",\"@id\":\"https:\/\/unifsa.com.br\/site\/#\/schema\/logo\/image\/\",\"url\":\"https:\/\/unifsa.com.br\/site\/wp-content\/uploads\/2023\/03\/MARCA-UNIFSA-CIC23-q2apjs1mt975cf1wl25b044coj90fwoiee1kya6800.png\",\"contentUrl\":\"https:\/\/unifsa.com.br\/site\/wp-content\/uploads\/2023\/03\/MARCA-UNIFSA-CIC23-q2apjs1mt975cf1wl25b044coj90fwoiee1kya6800.png\",\"width\":103,\"height\":100,\"caption\":\"Centro Universit\u00e1rio Santo Agostinho - UNIFSA\"},\"image\":{\"@id\":\"https:\/\/unifsa.com.br\/site\/#\/schema\/logo\/image\/\"},\"sameAs\":[\"https:\/\/www.facebook.com\/unifsa\/\",\"https:\/\/www.instagram.com\/unifsa\/\"]},{\"@type\":\"Person\",\"@id\":\"https:\/\/unifsa.com.br\/site\/#\/schema\/person\/551d7d1f1cd3f288057c5028fc404a18\",\"name\":\"Assessoria UNIFSA\",\"image\":{\"@type\":\"ImageObject\",\"inLanguage\":\"pt-BR\",\"@id\":\"https:\/\/unifsa.com.br\/site\/#\/schema\/person\/image\/\",\"url\":\"https:\/\/secure.gravatar.com\/avatar\/6a631991e4af344430e4f0c5fcc3a220482c78e6a883ad6b80a34c55d1ada357?s=96&d=mm&r=g\",\"contentUrl\":\"https:\/\/secure.gravatar.com\/avatar\/6a631991e4af344430e4f0c5fcc3a220482c78e6a883ad6b80a34c55d1ada357?s=96&d=mm&r=g\",\"caption\":\"Assessoria UNIFSA\"},\"url\":\"https:\/\/unifsa.com.br\/site\/author\/assessoria\/\"}]}<\/script>\n<!-- \/ Yoast SEO plugin. -->","yoast_head_json":{"title":"Incentivo cultural piauiense 2010 - Centro Universit\u00e1rio Santo Agostinho - UNIFSA","robots":{"index":"index","follow":"follow","max-snippet":"max-snippet:-1","max-image-preview":"max-image-preview:large","max-video-preview":"max-video-preview:-1"},"canonical":"https:\/\/unifsa.com.br\/site\/incentivo-cultural-piauiense-2010\/","og_locale":"pt_BR","og_type":"article","og_title":"Incentivo cultural piauiense 2010 - Centro Universit\u00e1rio Santo Agostinho - UNIFSA","og_description":"PROJETO \u201cTENDA DA CRUVIANA\u201d (2010) O Centro Universit\u00e1rio Santo Agostinho deu apoio ao projeto \u201cTenda da Cruviana\u201d, que teve como objetivo divulgar a diversidade cultural do Piau\u00ed durante a realiza\u00e7\u00e3o do Festival de Inverno de Pedro II \u2013 2010, a partir dos conceitos de identidade cultural e cultura local. O projeto foi coordenado por Ern\u00e2ni","og_url":"https:\/\/unifsa.com.br\/site\/incentivo-cultural-piauiense-2010\/","og_site_name":"Centro Universit\u00e1rio Santo Agostinho - UNIFSA","article_publisher":"https:\/\/www.facebook.com\/unifsa\/","article_published_time":"2019-12-05T09:22:29+00:00","author":"Assessoria UNIFSA","twitter_card":"summary_large_image","twitter_misc":{"Escrito por":"Assessoria UNIFSA","Est. tempo de leitura":"4 minutos"},"schema":{"@context":"https:\/\/schema.org","@graph":[{"@type":"Article","@id":"https:\/\/unifsa.com.br\/site\/incentivo-cultural-piauiense-2010\/#article","isPartOf":{"@id":"https:\/\/unifsa.com.br\/site\/incentivo-cultural-piauiense-2010\/"},"author":{"name":"Assessoria UNIFSA","@id":"https:\/\/unifsa.com.br\/site\/#\/schema\/person\/551d7d1f1cd3f288057c5028fc404a18"},"headline":"Incentivo cultural piauiense 2010","datePublished":"2019-12-05T09:22:29+00:00","mainEntityOfPage":{"@id":"https:\/\/unifsa.com.br\/site\/incentivo-cultural-piauiense-2010\/"},"wordCount":719,"commentCount":0,"publisher":{"@id":"https:\/\/unifsa.com.br\/site\/#organization"},"articleSection":["Incentivo Cultural"],"inLanguage":"pt-BR","potentialAction":[{"@type":"CommentAction","name":"Comment","target":["https:\/\/unifsa.com.br\/site\/incentivo-cultural-piauiense-2010\/#respond"]}]},{"@type":"WebPage","@id":"https:\/\/unifsa.com.br\/site\/incentivo-cultural-piauiense-2010\/","url":"https:\/\/unifsa.com.br\/site\/incentivo-cultural-piauiense-2010\/","name":"Incentivo cultural piauiense 2010 - Centro Universit\u00e1rio Santo Agostinho - UNIFSA","isPartOf":{"@id":"https:\/\/unifsa.com.br\/site\/#website"},"datePublished":"2019-12-05T09:22:29+00:00","breadcrumb":{"@id":"https:\/\/unifsa.com.br\/site\/incentivo-cultural-piauiense-2010\/#breadcrumb"},"inLanguage":"pt-BR","potentialAction":[{"@type":"ReadAction","target":["https:\/\/unifsa.com.br\/site\/incentivo-cultural-piauiense-2010\/"]}]},{"@type":"BreadcrumbList","@id":"https:\/\/unifsa.com.br\/site\/incentivo-cultural-piauiense-2010\/#breadcrumb","itemListElement":[{"@type":"ListItem","position":1,"name":"In\u00edcio","item":"https:\/\/unifsa.com.br\/site\/"},{"@type":"ListItem","position":2,"name":"Incentivo cultural piauiense 2010"}]},{"@type":"WebSite","@id":"https:\/\/unifsa.com.br\/site\/#website","url":"https:\/\/unifsa.com.br\/site\/","name":"Centro Universit\u00e1rio Santo Agostinho - UNIFSA","description":"Conhecimento para toda a vida","publisher":{"@id":"https:\/\/unifsa.com.br\/site\/#organization"},"potentialAction":[{"@type":"SearchAction","target":{"@type":"EntryPoint","urlTemplate":"https:\/\/unifsa.com.br\/site\/?s={search_term_string}"},"query-input":{"@type":"PropertyValueSpecification","valueRequired":true,"valueName":"search_term_string"}}],"inLanguage":"pt-BR"},{"@type":"Organization","@id":"https:\/\/unifsa.com.br\/site\/#organization","name":"Centro Universit\u00e1rio Santo Agostinho - UNIFSA","url":"https:\/\/unifsa.com.br\/site\/","logo":{"@type":"ImageObject","inLanguage":"pt-BR","@id":"https:\/\/unifsa.com.br\/site\/#\/schema\/logo\/image\/","url":"https:\/\/unifsa.com.br\/site\/wp-content\/uploads\/2023\/03\/MARCA-UNIFSA-CIC23-q2apjs1mt975cf1wl25b044coj90fwoiee1kya6800.png","contentUrl":"https:\/\/unifsa.com.br\/site\/wp-content\/uploads\/2023\/03\/MARCA-UNIFSA-CIC23-q2apjs1mt975cf1wl25b044coj90fwoiee1kya6800.png","width":103,"height":100,"caption":"Centro Universit\u00e1rio Santo Agostinho - UNIFSA"},"image":{"@id":"https:\/\/unifsa.com.br\/site\/#\/schema\/logo\/image\/"},"sameAs":["https:\/\/www.facebook.com\/unifsa\/","https:\/\/www.instagram.com\/unifsa\/"]},{"@type":"Person","@id":"https:\/\/unifsa.com.br\/site\/#\/schema\/person\/551d7d1f1cd3f288057c5028fc404a18","name":"Assessoria UNIFSA","image":{"@type":"ImageObject","inLanguage":"pt-BR","@id":"https:\/\/unifsa.com.br\/site\/#\/schema\/person\/image\/","url":"https:\/\/secure.gravatar.com\/avatar\/6a631991e4af344430e4f0c5fcc3a220482c78e6a883ad6b80a34c55d1ada357?s=96&d=mm&r=g","contentUrl":"https:\/\/secure.gravatar.com\/avatar\/6a631991e4af344430e4f0c5fcc3a220482c78e6a883ad6b80a34c55d1ada357?s=96&d=mm&r=g","caption":"Assessoria UNIFSA"},"url":"https:\/\/unifsa.com.br\/site\/author\/assessoria\/"}]}},"_links":{"self":[{"href":"https:\/\/unifsa.com.br\/site\/wp-json\/wp\/v2\/posts\/1927","targetHints":{"allow":["GET"]}}],"collection":[{"href":"https:\/\/unifsa.com.br\/site\/wp-json\/wp\/v2\/posts"}],"about":[{"href":"https:\/\/unifsa.com.br\/site\/wp-json\/wp\/v2\/types\/post"}],"author":[{"embeddable":true,"href":"https:\/\/unifsa.com.br\/site\/wp-json\/wp\/v2\/users\/2"}],"replies":[{"embeddable":true,"href":"https:\/\/unifsa.com.br\/site\/wp-json\/wp\/v2\/comments?post=1927"}],"version-history":[{"count":1,"href":"https:\/\/unifsa.com.br\/site\/wp-json\/wp\/v2\/posts\/1927\/revisions"}],"predecessor-version":[{"id":1928,"href":"https:\/\/unifsa.com.br\/site\/wp-json\/wp\/v2\/posts\/1927\/revisions\/1928"}],"wp:attachment":[{"href":"https:\/\/unifsa.com.br\/site\/wp-json\/wp\/v2\/media?parent=1927"}],"wp:term":[{"taxonomy":"category","embeddable":true,"href":"https:\/\/unifsa.com.br\/site\/wp-json\/wp\/v2\/categories?post=1927"},{"taxonomy":"post_tag","embeddable":true,"href":"https:\/\/unifsa.com.br\/site\/wp-json\/wp\/v2\/tags?post=1927"}],"curies":[{"name":"wp","href":"https:\/\/api.w.org\/{rel}","templated":true}]}}