{"id":1901,"date":"2019-12-05T05:53:07","date_gmt":"2019-12-05T08:53:07","guid":{"rendered":"https:\/\/unifsa.com.br\/site\/?p=1901"},"modified":"2020-01-14T15:53:34","modified_gmt":"2020-01-14T18:53:34","slug":"marcus-adriano","status":"publish","type":"post","link":"https:\/\/unifsa.com.br\/site\/marcus-adriano\/","title":{"rendered":"Marcus Adriano"},"content":{"rendered":"\n<p><strong>Marcus Adriano Sousa de Oliveira<br>37 anos<br>Aluno de Educa\u00e7\u00e3o F\u00edsica<br>Categoria 57kg<br>Atualmente Vice-campe\u00e3o no Campeonato Sul-americano de Jiu-jitsu (2013) e 1\u00ba do ranking Mundial na categoria at\u00e9 57kg e at\u00e9 55kg.<\/strong><\/p>\n\n\n\n<p class=\"texto-justificado\">Marcus Adriano cursa Educa\u00e7\u00e3o F\u00edsica no Centro Universit\u00e1rio Santo Agostinho, pratica Jiu-jitsu h\u00e1 16 anos. Come\u00e7ou a praticar o esporte em 1997 em Teresina com o Prof. Expedito Falc\u00e3o. Atualmente o atleta \u00e9 formado e diplomado faixa preta grau 1 pela CBJJ (Confedera\u00e7\u00e3o Brasileira de Jiu-Jitsu) e luta nas categorias Adulto, Master e Senior. Adriano \u00e9 atleta da Equipe Gracie Barra Piau\u00ed do Prof. Marcelo Castro \u201cRoyller\u201d.<\/p>\n\n\n\n<p class=\"texto-justificado\">O atleta iniciou sua carreira concorrendo em campeonatos estaduais conquistando v\u00e1rios t\u00edtulos, em seguida torneios regionais, dez torneios Internacionais em 2008, 2009, 2010, 2011, 2012 e 2013. Quatro campeonatos brasileiros em 2010, 2011 e 2013, dois Mundiais em 2012 e 2013 e um Europeu em 2012.<\/p>\n\n\n\n<p class=\"texto-justificado\">\u201cAp\u00f3s o Mundial de 2012, conheci uma academia da Ultimate Fighting Championship (UFC), em Nebraska \u2013 EUA. L\u00e1, tive a oportunidade de treinar com atletas que s\u00f3 conhecia pela televis\u00e3o. Foi uma oportunidade maravilhosa. Outra fato marcante na minha carreira aconteceu em 2010, quando lutei com problemas nos ligamentos do joelho e, ainda assim, conquistei um t\u00edtulo brasileiro. Isso \u00e9 supera\u00e7\u00e3o\u201d, afirma Marcus.<\/p>\n\n\n\n<div class=\"wp-block-image\"><figure class=\"alignright\"><img decoding=\"async\" src=\"https:\/\/www.fsanet.com.br\/wp-content\/uploads\/2013\/09\/Sul-americano-300x208.jpg\" alt=\"\"\/><\/figure><\/div>\n\n\n\n<p class=\"texto-justificado\">Em 2013, Marcus Adriano come\u00e7ou o ano com o p\u00e9 direito, ele conquistou o terceiro lugar no Campeonato Brasileiro de Jiu-Jitsu, realizado pela Confedera\u00e7\u00e3o Brasileira de Jiu-Jitsu (CBJJ), em Barueri \u2013SP no m\u00eas de abril. Adriano lutou duas vezes na categoria faixa preta pluma s\u00eanior 1, perdeu na semifinal e foi direto para a 3\u00aa coloca\u00e7\u00e3o. Apesar de n\u00e3o ter conquistado o primeiro lugar, foi a primeira vez que Adriano ganhou o t\u00edtulo do campeonato brasileiro de Jiu-Jitsu com kimono. O t\u00edtulo de campe\u00e3o brasileiro \u00e9 uma das poucas conquistas que faltavam para Marcus Adriano, que j\u00e1 soma vit\u00f3rias nacionais e internacionais.<\/p>\n\n\n\n<p class=\"texto-justificado\">Em julho Marcus conquistou a medalha de prata do Rio Internacional Open e do Internacional Masters e Seniors de Jiu-Jitsu, que aconteceu no Rio de Janeiro. Equipes de v\u00e1rias regi\u00f5es do Brasil participaram da competi\u00e7\u00e3o. O evento \u00e9 conhecido no mundo esportivo.<\/p>\n\n\n\n<p class=\"texto-justificado\">J\u00e1 em outubro, o atleta conquistou a medalha de ouro no Campeonato Mundial Masters Seniors de Jiu Jitsu 2013 na cidade Long Beach, na California. Marcus obteve a primeira coloca\u00e7\u00e3o na categoria galo (at\u00e9 57kg) faixa preta s\u00eanior 1 depois de enfrentar advers\u00e1rios do Jap\u00e3o e Estados Unidos. O atleta \u00e9 o primeiro do Piau\u00ed a conquistar um t\u00edtulo de campe\u00e3o mundial Masters Seniors.<\/p>\n\n\n\n<p class=\"texto-justificado\">E agora Marcus \u00e9 o Bi-Campe\u00e3o Brasileiro No Gi, Campeonato Brasileiro de Jiu-Jitsu sem kimono, que ocorreu tamb\u00e9m em outubro, no Rio de Janeiro. O atleta competiu na categoria galo faixa preta (at\u00e9 55kg). Ele, que j\u00e1 era campe\u00e3o, defendeu seu t\u00edtulo da categoria.<\/p>\n\n\n\n<p class=\"texto-justificado\">Com mais essa conquista, o atleta \u00e9 1\u00ba lugar no ranking das categorias galo faixa preta com kimono, at\u00e9 57 kg e sem kimono, at\u00e9 55kg. Mas n\u00e3o para por a\u00ed, Marcus Adriano quer mais, e j\u00e1 se prepara para o pr\u00f3ximo campeonato. Ser\u00e1 o Campeonato Sul-Americano de Jiu-Jitsu, que acontecer\u00e1 em Santa Catarina, Florian\u00f3polis, nos dias 15, 16 e 17 de novembro.<\/p>\n\n\n\n<p class=\"texto-justificado\">A \u00faltima conquista de Marcus Adriano foi a medalha de prata no Sul-americano de Jiu-jitsu, que aconteceu nos dias 16, 17 e 18 de novembro em Florian\u00f3polis-SC. O atleta disputou fora da sua categoria na competi\u00e7\u00e3o, j\u00e1 que n\u00e3o havia outros competidores na sua divis\u00e3o (galo at\u00e9 57kg). Ele lutou na categoria pluma (at\u00e9 64kg), perdendo apenas na final para Washington Luiz de Oliveira, da academia Agnaldo Goes JJ.<\/p>\n\n\n\n<p><strong>QUADRO DE MEDALHAS:<\/strong><\/p>\n\n\n\n<p>2013:<br>Campeonato Brasileiro de Jiu-Jitsu \u2013 Barueri\/S\u00e3o Paulo (3\u00ba colocado)<br>Internacional Master e Senior de Jiu-Jitsu \u2013 Tijuca\/Rio de Janeiro (Vice Campe\u00e3o)<br>Mundial Master e Senior de Jiu-Jitsu \u2013 Long Beach\/Calif\u00f3rnia (Campe\u00e3o)<br>Campeonato Brasileiro de Jiu-Jitsu sem Kimono \u2013 Rio de Janeiro (Campe\u00e3o)<br>Campeonato Sul-americano de Jiu-jitsu \u2013 Florian\u00f3polis\/SC (Vice-campe\u00e3o)<\/p>\n\n\n\n<p>2012: (Categoria Senior 1)<br>\u2022 Campeonatos Internacionais:<br>\u2022 Campeonato Europeu de Jiu-Jitsu \u2013 Lisboa\/Portugal (Campe\u00e3o)<br>\u2022 Campeonato Mundial de Jiu-Jitsu \u2013 Long Beach\/California (3\u00ba Colocado)<br>\u2022 Internacional Masters &amp; Seniors \u2013 Tijuca\/RJ (Vice-Campe\u00e3o)<\/p>\n\n\n\n<p>2011: (Categoria Adulta)<br>\u2022 Campeonatos Internacionais:<br>\u2022 Campeonato Sul-Americano de Jiu-Jitsu \u2013 Santa Catarina (Vice-Campe\u00e3o)<\/p>\n\n\n\n<p>\u2022 Campeonatos Nacionais:<br>\u2022 Campeonato Brasileiro de Jiu-Jitsu No Gi \u2013 Rio de Janeiro (Campe\u00e3o)<\/p>\n\n\n\n<p>2011: (Categoria Adulto e Master)<br>\u2022 Campeonatos Internacionais:<br>\u2022 Internacional Masters e Seniors de Jiu-Jitsu \u2013 Rio de Janeiro (4\u00ba Colocado)<br>\u2022 Rio Internacional Open de Jiu-Jitsu \u2013 Rio de Janeiro (4\u00ba Colocado)<\/p>\n\n\n\n<p>2010: (Categoria Master)<br>\u2022 Campeonatos Nacionais:<br>\u2022 Campeonato Brasileiro de Jiu-Jitsu Sem Kimono \u2013 Rio de Janeiro (3\u00ba Colocado)<\/p>\n\n\n\n<p>2010: (Categoria Adulto)<br>\u2022 Campeonatos Estaduais:<br>\u2022 II Copa Helio Gracie \u2013 Teresina-PI (Campe\u00e3o)<\/p>\n\n\n\n<p>2009: (Categoria Adulto e Master)<br>\u2022 Campeonatos Internacionais:<br>\u2022 Internacional Masters e Seniors de Jiu-Jitsu \u2013 Rio de Janeiro (3\u00ba Colocado)<br>\u2022 Rio Internacional Open de Jiu-Jitsu \u2013 Rio de Janeiro (3\u00ba Colocado)<\/p>\n\n\n\n<p>2008: (Categoria Adulto e Master)<br>\u2022 Campeonatos Internacionais:<br>\u2022 Internacional Masters e Seniors de Jiu-Jitsu \u2013 Rio de Janeiro (Campe\u00e3o)<br>\u2022 Rio Internacional Open de Jiu Jitsu \u2013 Rio de Janeiro (Campe\u00e3o)<\/p>\n\n\n\n<p>2007: (Categoria Adulto)<br>\u2022 Campeonatos Estaduais &amp; Regionais:<br>\u2022 Piauiense de Jiu-Jitsu 1\u00aa Etapa \u2013 (Equipe \/ Campe\u00e3o)<br>\u2022 Trof\u00e9u \u00d4nix Jiu-Jitsu 2\u00aa Etapa \u2013 (Equipe \/ Campe\u00e3o)<br>\u2022 3\u00aa Copa Policia Militar 3\u00aa Etapa \u2013 (Equipe \/ Campe\u00e3o)<br>\u2022 2\u00aa Desafio Body Fitness de Jiu-Jitsu \u2013 (Equipe \/ Campe\u00e3o)<\/p>\n\n\n\n<p>2006: (Categoria Adulto)<br>\u2022 Campeonatos Estaduais &amp; Regionais:<br>\u2022 1\u00ba Campeonato de Floriano \u2013 (Equipe \/ 2\u00ba Colocado)<br>\u2022 Copa Tv Cidade Verde \u2013 (Equipe \/ Campe\u00e3o)<br>\u2022 2\u00aa Copa Adufpi \u2013 (Equipe \/ Campe\u00e3o)<br>\u2022 2\u00ba Reis do Tatame \u2013 (Equipe \/ Campe\u00e3o)<\/p>\n\n\n\n<p>2005: (Categoria Adulto)<br>\u2022 Campeonatos Estaduais &amp; Regionais:<br>\u2022 1\u00aa Copa Adufpi \u2013 (3\u00ba Colocado)<br>\u2022 1\u00ba Desafio Body Fitness \u2013 (vice-campe\u00e3o)<br>\u2022 1\u00aa Copa Cidade de Altos \u2013 (campe\u00e3o)<br>\u2022 II Open Fight de Jiu-Jitsu \u2013 (campe\u00e3o)<\/p>\n\n\n\n<p>2004: (Categoria Adulto)<br>\u2022 Campeonatos Estaduais &amp; Regionais:<br>\u2022 IX Norte \u2013 Nordeste \u2013 Fortaleza \/ CE (3\u00ba colocado)<br>\u2022 Copa Fernando Said \u2013 Teresina \/ PI (campe\u00e3o)<br>\u2022 VI Piauiense de Jiu Jitsu \u2013 1\u00aa Etapa (campe\u00e3o)<br>\u2022 Copa Fernando Said (vice-campe\u00e3o)<\/p>\n\n\n\n<p>2003: (Categoria Adulta)<br>\u2022 Campeonatos Estaduais &amp; Regionais:<br>\u2022 VIII Norte\u2013Nordeste \u2013 Fortaleza \/ CE (Campe\u00e3o)<br>\u2022 V Campeonato Piauiense Jiu-Jitsu \u2013 Teresina-PI (Campe\u00e3o)<\/p>\n\n\n\n<p>2002: (Categoria Adulta)<br>\u2022 Campeonatos Estaduais &amp; Regionais:<br>\u2022 VII Norte\u2013Nordeste \u2013 Fortaleza \/ CE. (Vice-Campe\u00e3o)<br>\u2022 IV Campeonato Piauiense de Jiu-Jitsu (Campe\u00e3o)<br>\u2022 IV Copa Independ\u00eancia \u2013 Teresina \/ PI. (Campe\u00e3o)<\/p>\n\n\n\n<p>2001: (Categoria Adulto)<br>\u2022 Campeonatos Estaduais &amp; Regionais:<br>\u2022 VI Norte\u2013Nordeste \u2013 Fortaleza \/ CE (Campe\u00e3o)<br>\u2022 II Copa Policia Militar \u2013 Teresina \/ PI (Campe\u00e3o)<br>\u2022 III Campeonato Piauiense de Jiu-Jitsu \u2013 Teresina\/PI (Campe\u00e3o)<\/p>\n\n\n\n<p>2000: (Categoria Adulto)<br>\u2022 Campeonatos Estaduais &amp; Regionais:<br>\u2022 I Copa Policia Militar \u2013 Teresina \/ PI (Campe\u00e3o)<br>\u2022 V Norte\u2013Nordeste \u2013 Fortaleza\/CE (Campe\u00e3o)<br>\u2022 II Campeonato Piauiense \u2013 Teresina\/PI (Campe\u00e3o)<br>\u2022 IV Copa Amizade \u2013 S\u00e3o Luis \/ MA (Vice-Campe\u00e3o)<\/p>\n\n\n\n<p>1999: (Categoria Adulto)<br>\u2022 Campeonatos Estaduais &amp; Regionais:<br>\u2022 Open Fight \u2013 Teresina \/ PI (Vice-Campe\u00e3o)<br>\u2022 IV Norte\u2013Nordeste \u2013 Fortaleza \/ CE (Campe\u00e3o)<br>\u2022 II Copa Destaque \u2013 Teresina \/ PI (Campe\u00e3o)<br>\u2022 Copa Bad Boy \u2013 Teresina \/ PI (3\u00ba colocado)<br>\u2022 III Copa Amizade \u2013 S\u00e3o Luis \/ MA (3\u00ba colocado)<\/p>\n\n\n\n<p>1998: (Categoria Adulto)<br>\u2022 Campeonatos Estaduais:<br>\u2022 I Copa Destaque Inform\u00e1tica de Jiu-Jitsu \u2013 Teresina\/PI (Campe\u00e3o)<br>\u2022 I Copa Independ\u00eancia de Jiu-Jitsu \u2013 Teresina\/PI (Campe\u00e3o)<br>\u2022 I Campeonato Piauiense de Jiu-Jitsu \u2013 Teresina\/PI (Campe\u00e3o)<\/p>\n","protected":false},"excerpt":{"rendered":"<p>Marcus Adriano Sousa de Oliveira37 anosAluno de Educa\u00e7\u00e3o F\u00edsicaCategoria 57kgAtualmente Vice-campe\u00e3o no Campeonato Sul-americano de Jiu-jitsu (2013) e 1\u00ba do ranking Mundial na categoria at\u00e9 57kg e at\u00e9 55kg. Marcus Adriano cursa Educa\u00e7\u00e3o F\u00edsica no Centro Universit\u00e1rio Santo Agostinho, pratica Jiu-jitsu h\u00e1 16 anos. Come\u00e7ou a praticar o esporte em 1997 em Teresina com o<\/p>\n","protected":false},"author":2,"featured_media":1902,"comment_status":"open","ping_status":"open","sticky":false,"template":"","format":"standard","meta":{"_acf_changed":false,"footnotes":""},"categories":[78],"tags":[],"class_list":["post-1901","post","type-post","status-publish","format-standard","has-post-thumbnail","hentry","category-incentivo-ao-esporte"],"acf":[],"yoast_head":"<!-- This site is optimized with the Yoast SEO plugin v26.5 - https:\/\/yoast.com\/wordpress\/plugins\/seo\/ -->\n<title>Marcus Adriano - Centro Universit\u00e1rio Santo Agostinho - UNIFSA<\/title>\n<meta name=\"robots\" content=\"index, follow, max-snippet:-1, max-image-preview:large, max-video-preview:-1\" \/>\n<link rel=\"canonical\" href=\"https:\/\/unifsa.com.br\/site\/marcus-adriano\/\" \/>\n<meta property=\"og:locale\" content=\"pt_BR\" \/>\n<meta property=\"og:type\" content=\"article\" \/>\n<meta property=\"og:title\" content=\"Marcus Adriano - Centro Universit\u00e1rio Santo Agostinho - UNIFSA\" \/>\n<meta property=\"og:description\" content=\"Marcus Adriano Sousa de Oliveira37 anosAluno de Educa\u00e7\u00e3o F\u00edsicaCategoria 57kgAtualmente Vice-campe\u00e3o no Campeonato Sul-americano de Jiu-jitsu (2013) e 1\u00ba do ranking Mundial na categoria at\u00e9 57kg e at\u00e9 55kg. Marcus Adriano cursa Educa\u00e7\u00e3o F\u00edsica no Centro Universit\u00e1rio Santo Agostinho, pratica Jiu-jitsu h\u00e1 16 anos. Come\u00e7ou a praticar o esporte em 1997 em Teresina com o\" \/>\n<meta property=\"og:url\" content=\"https:\/\/unifsa.com.br\/site\/marcus-adriano\/\" \/>\n<meta property=\"og:site_name\" content=\"Centro Universit\u00e1rio Santo Agostinho - UNIFSA\" \/>\n<meta property=\"article:publisher\" content=\"https:\/\/www.facebook.com\/unifsa\/\" \/>\n<meta property=\"article:published_time\" content=\"2019-12-05T08:53:07+00:00\" \/>\n<meta property=\"article:modified_time\" content=\"2020-01-14T18:53:34+00:00\" \/>\n<meta property=\"og:image\" content=\"https:\/\/unifsa.com.br\/site\/wp-content\/uploads\/2019\/12\/DSC_7916.jpg\" \/>\n\t<meta property=\"og:image:width\" content=\"464\" \/>\n\t<meta property=\"og:image:height\" content=\"402\" \/>\n\t<meta property=\"og:image:type\" content=\"image\/jpeg\" \/>\n<meta name=\"author\" content=\"Assessoria UNIFSA\" \/>\n<meta name=\"twitter:card\" content=\"summary_large_image\" \/>\n<meta name=\"twitter:label1\" content=\"Escrito por\" \/>\n\t<meta name=\"twitter:data1\" content=\"Assessoria UNIFSA\" \/>\n\t<meta name=\"twitter:label2\" content=\"Est. tempo de leitura\" \/>\n\t<meta name=\"twitter:data2\" content=\"6 minutos\" \/>\n<script type=\"application\/ld+json\" class=\"yoast-schema-graph\">{\"@context\":\"https:\/\/schema.org\",\"@graph\":[{\"@type\":\"Article\",\"@id\":\"https:\/\/unifsa.com.br\/site\/marcus-adriano\/#article\",\"isPartOf\":{\"@id\":\"https:\/\/unifsa.com.br\/site\/marcus-adriano\/\"},\"author\":{\"name\":\"Assessoria UNIFSA\",\"@id\":\"https:\/\/unifsa.com.br\/site\/#\/schema\/person\/551d7d1f1cd3f288057c5028fc404a18\"},\"headline\":\"Marcus Adriano\",\"datePublished\":\"2019-12-05T08:53:07+00:00\",\"dateModified\":\"2020-01-14T18:53:34+00:00\",\"mainEntityOfPage\":{\"@id\":\"https:\/\/unifsa.com.br\/site\/marcus-adriano\/\"},\"wordCount\":1121,\"commentCount\":0,\"publisher\":{\"@id\":\"https:\/\/unifsa.com.br\/site\/#organization\"},\"image\":{\"@id\":\"https:\/\/unifsa.com.br\/site\/marcus-adriano\/#primaryimage\"},\"thumbnailUrl\":\"https:\/\/unifsa.com.br\/site\/wp-content\/uploads\/2019\/12\/DSC_7916.jpg\",\"articleSection\":[\"Incentivo ao Esporte\"],\"inLanguage\":\"pt-BR\",\"potentialAction\":[{\"@type\":\"CommentAction\",\"name\":\"Comment\",\"target\":[\"https:\/\/unifsa.com.br\/site\/marcus-adriano\/#respond\"]}]},{\"@type\":\"WebPage\",\"@id\":\"https:\/\/unifsa.com.br\/site\/marcus-adriano\/\",\"url\":\"https:\/\/unifsa.com.br\/site\/marcus-adriano\/\",\"name\":\"Marcus Adriano - Centro Universit\u00e1rio Santo Agostinho - UNIFSA\",\"isPartOf\":{\"@id\":\"https:\/\/unifsa.com.br\/site\/#website\"},\"primaryImageOfPage\":{\"@id\":\"https:\/\/unifsa.com.br\/site\/marcus-adriano\/#primaryimage\"},\"image\":{\"@id\":\"https:\/\/unifsa.com.br\/site\/marcus-adriano\/#primaryimage\"},\"thumbnailUrl\":\"https:\/\/unifsa.com.br\/site\/wp-content\/uploads\/2019\/12\/DSC_7916.jpg\",\"datePublished\":\"2019-12-05T08:53:07+00:00\",\"dateModified\":\"2020-01-14T18:53:34+00:00\",\"breadcrumb\":{\"@id\":\"https:\/\/unifsa.com.br\/site\/marcus-adriano\/#breadcrumb\"},\"inLanguage\":\"pt-BR\",\"potentialAction\":[{\"@type\":\"ReadAction\",\"target\":[\"https:\/\/unifsa.com.br\/site\/marcus-adriano\/\"]}]},{\"@type\":\"ImageObject\",\"inLanguage\":\"pt-BR\",\"@id\":\"https:\/\/unifsa.com.br\/site\/marcus-adriano\/#primaryimage\",\"url\":\"https:\/\/unifsa.com.br\/site\/wp-content\/uploads\/2019\/12\/DSC_7916.jpg\",\"contentUrl\":\"https:\/\/unifsa.com.br\/site\/wp-content\/uploads\/2019\/12\/DSC_7916.jpg\",\"width\":464,\"height\":402},{\"@type\":\"BreadcrumbList\",\"@id\":\"https:\/\/unifsa.com.br\/site\/marcus-adriano\/#breadcrumb\",\"itemListElement\":[{\"@type\":\"ListItem\",\"position\":1,\"name\":\"In\u00edcio\",\"item\":\"https:\/\/unifsa.com.br\/site\/\"},{\"@type\":\"ListItem\",\"position\":2,\"name\":\"Marcus Adriano\"}]},{\"@type\":\"WebSite\",\"@id\":\"https:\/\/unifsa.com.br\/site\/#website\",\"url\":\"https:\/\/unifsa.com.br\/site\/\",\"name\":\"Centro Universit\u00e1rio Santo Agostinho - UNIFSA\",\"description\":\"Conhecimento para toda a vida\",\"publisher\":{\"@id\":\"https:\/\/unifsa.com.br\/site\/#organization\"},\"potentialAction\":[{\"@type\":\"SearchAction\",\"target\":{\"@type\":\"EntryPoint\",\"urlTemplate\":\"https:\/\/unifsa.com.br\/site\/?s={search_term_string}\"},\"query-input\":{\"@type\":\"PropertyValueSpecification\",\"valueRequired\":true,\"valueName\":\"search_term_string\"}}],\"inLanguage\":\"pt-BR\"},{\"@type\":\"Organization\",\"@id\":\"https:\/\/unifsa.com.br\/site\/#organization\",\"name\":\"Centro Universit\u00e1rio Santo Agostinho - UNIFSA\",\"url\":\"https:\/\/unifsa.com.br\/site\/\",\"logo\":{\"@type\":\"ImageObject\",\"inLanguage\":\"pt-BR\",\"@id\":\"https:\/\/unifsa.com.br\/site\/#\/schema\/logo\/image\/\",\"url\":\"https:\/\/unifsa.com.br\/site\/wp-content\/uploads\/2023\/03\/MARCA-UNIFSA-CIC23-q2apjs1mt975cf1wl25b044coj90fwoiee1kya6800.png\",\"contentUrl\":\"https:\/\/unifsa.com.br\/site\/wp-content\/uploads\/2023\/03\/MARCA-UNIFSA-CIC23-q2apjs1mt975cf1wl25b044coj90fwoiee1kya6800.png\",\"width\":103,\"height\":100,\"caption\":\"Centro Universit\u00e1rio Santo Agostinho - UNIFSA\"},\"image\":{\"@id\":\"https:\/\/unifsa.com.br\/site\/#\/schema\/logo\/image\/\"},\"sameAs\":[\"https:\/\/www.facebook.com\/unifsa\/\",\"https:\/\/www.instagram.com\/unifsa\/\"]},{\"@type\":\"Person\",\"@id\":\"https:\/\/unifsa.com.br\/site\/#\/schema\/person\/551d7d1f1cd3f288057c5028fc404a18\",\"name\":\"Assessoria UNIFSA\",\"image\":{\"@type\":\"ImageObject\",\"inLanguage\":\"pt-BR\",\"@id\":\"https:\/\/unifsa.com.br\/site\/#\/schema\/person\/image\/\",\"url\":\"https:\/\/secure.gravatar.com\/avatar\/6a631991e4af344430e4f0c5fcc3a220482c78e6a883ad6b80a34c55d1ada357?s=96&d=mm&r=g\",\"contentUrl\":\"https:\/\/secure.gravatar.com\/avatar\/6a631991e4af344430e4f0c5fcc3a220482c78e6a883ad6b80a34c55d1ada357?s=96&d=mm&r=g\",\"caption\":\"Assessoria UNIFSA\"},\"url\":\"https:\/\/unifsa.com.br\/site\/author\/assessoria\/\"}]}<\/script>\n<!-- \/ Yoast SEO plugin. -->","yoast_head_json":{"title":"Marcus Adriano - Centro Universit\u00e1rio Santo Agostinho - UNIFSA","robots":{"index":"index","follow":"follow","max-snippet":"max-snippet:-1","max-image-preview":"max-image-preview:large","max-video-preview":"max-video-preview:-1"},"canonical":"https:\/\/unifsa.com.br\/site\/marcus-adriano\/","og_locale":"pt_BR","og_type":"article","og_title":"Marcus Adriano - Centro Universit\u00e1rio Santo Agostinho - UNIFSA","og_description":"Marcus Adriano Sousa de Oliveira37 anosAluno de Educa\u00e7\u00e3o F\u00edsicaCategoria 57kgAtualmente Vice-campe\u00e3o no Campeonato Sul-americano de Jiu-jitsu (2013) e 1\u00ba do ranking Mundial na categoria at\u00e9 57kg e at\u00e9 55kg. Marcus Adriano cursa Educa\u00e7\u00e3o F\u00edsica no Centro Universit\u00e1rio Santo Agostinho, pratica Jiu-jitsu h\u00e1 16 anos. Come\u00e7ou a praticar o esporte em 1997 em Teresina com o","og_url":"https:\/\/unifsa.com.br\/site\/marcus-adriano\/","og_site_name":"Centro Universit\u00e1rio Santo Agostinho - UNIFSA","article_publisher":"https:\/\/www.facebook.com\/unifsa\/","article_published_time":"2019-12-05T08:53:07+00:00","article_modified_time":"2020-01-14T18:53:34+00:00","og_image":[{"width":464,"height":402,"url":"https:\/\/unifsa.com.br\/site\/wp-content\/uploads\/2019\/12\/DSC_7916.jpg","type":"image\/jpeg"}],"author":"Assessoria UNIFSA","twitter_card":"summary_large_image","twitter_misc":{"Escrito por":"Assessoria UNIFSA","Est. tempo de leitura":"6 minutos"},"schema":{"@context":"https:\/\/schema.org","@graph":[{"@type":"Article","@id":"https:\/\/unifsa.com.br\/site\/marcus-adriano\/#article","isPartOf":{"@id":"https:\/\/unifsa.com.br\/site\/marcus-adriano\/"},"author":{"name":"Assessoria UNIFSA","@id":"https:\/\/unifsa.com.br\/site\/#\/schema\/person\/551d7d1f1cd3f288057c5028fc404a18"},"headline":"Marcus Adriano","datePublished":"2019-12-05T08:53:07+00:00","dateModified":"2020-01-14T18:53:34+00:00","mainEntityOfPage":{"@id":"https:\/\/unifsa.com.br\/site\/marcus-adriano\/"},"wordCount":1121,"commentCount":0,"publisher":{"@id":"https:\/\/unifsa.com.br\/site\/#organization"},"image":{"@id":"https:\/\/unifsa.com.br\/site\/marcus-adriano\/#primaryimage"},"thumbnailUrl":"https:\/\/unifsa.com.br\/site\/wp-content\/uploads\/2019\/12\/DSC_7916.jpg","articleSection":["Incentivo ao Esporte"],"inLanguage":"pt-BR","potentialAction":[{"@type":"CommentAction","name":"Comment","target":["https:\/\/unifsa.com.br\/site\/marcus-adriano\/#respond"]}]},{"@type":"WebPage","@id":"https:\/\/unifsa.com.br\/site\/marcus-adriano\/","url":"https:\/\/unifsa.com.br\/site\/marcus-adriano\/","name":"Marcus Adriano - Centro Universit\u00e1rio Santo Agostinho - UNIFSA","isPartOf":{"@id":"https:\/\/unifsa.com.br\/site\/#website"},"primaryImageOfPage":{"@id":"https:\/\/unifsa.com.br\/site\/marcus-adriano\/#primaryimage"},"image":{"@id":"https:\/\/unifsa.com.br\/site\/marcus-adriano\/#primaryimage"},"thumbnailUrl":"https:\/\/unifsa.com.br\/site\/wp-content\/uploads\/2019\/12\/DSC_7916.jpg","datePublished":"2019-12-05T08:53:07+00:00","dateModified":"2020-01-14T18:53:34+00:00","breadcrumb":{"@id":"https:\/\/unifsa.com.br\/site\/marcus-adriano\/#breadcrumb"},"inLanguage":"pt-BR","potentialAction":[{"@type":"ReadAction","target":["https:\/\/unifsa.com.br\/site\/marcus-adriano\/"]}]},{"@type":"ImageObject","inLanguage":"pt-BR","@id":"https:\/\/unifsa.com.br\/site\/marcus-adriano\/#primaryimage","url":"https:\/\/unifsa.com.br\/site\/wp-content\/uploads\/2019\/12\/DSC_7916.jpg","contentUrl":"https:\/\/unifsa.com.br\/site\/wp-content\/uploads\/2019\/12\/DSC_7916.jpg","width":464,"height":402},{"@type":"BreadcrumbList","@id":"https:\/\/unifsa.com.br\/site\/marcus-adriano\/#breadcrumb","itemListElement":[{"@type":"ListItem","position":1,"name":"In\u00edcio","item":"https:\/\/unifsa.com.br\/site\/"},{"@type":"ListItem","position":2,"name":"Marcus Adriano"}]},{"@type":"WebSite","@id":"https:\/\/unifsa.com.br\/site\/#website","url":"https:\/\/unifsa.com.br\/site\/","name":"Centro Universit\u00e1rio Santo Agostinho - UNIFSA","description":"Conhecimento para toda a vida","publisher":{"@id":"https:\/\/unifsa.com.br\/site\/#organization"},"potentialAction":[{"@type":"SearchAction","target":{"@type":"EntryPoint","urlTemplate":"https:\/\/unifsa.com.br\/site\/?s={search_term_string}"},"query-input":{"@type":"PropertyValueSpecification","valueRequired":true,"valueName":"search_term_string"}}],"inLanguage":"pt-BR"},{"@type":"Organization","@id":"https:\/\/unifsa.com.br\/site\/#organization","name":"Centro Universit\u00e1rio Santo Agostinho - UNIFSA","url":"https:\/\/unifsa.com.br\/site\/","logo":{"@type":"ImageObject","inLanguage":"pt-BR","@id":"https:\/\/unifsa.com.br\/site\/#\/schema\/logo\/image\/","url":"https:\/\/unifsa.com.br\/site\/wp-content\/uploads\/2023\/03\/MARCA-UNIFSA-CIC23-q2apjs1mt975cf1wl25b044coj90fwoiee1kya6800.png","contentUrl":"https:\/\/unifsa.com.br\/site\/wp-content\/uploads\/2023\/03\/MARCA-UNIFSA-CIC23-q2apjs1mt975cf1wl25b044coj90fwoiee1kya6800.png","width":103,"height":100,"caption":"Centro Universit\u00e1rio Santo Agostinho - UNIFSA"},"image":{"@id":"https:\/\/unifsa.com.br\/site\/#\/schema\/logo\/image\/"},"sameAs":["https:\/\/www.facebook.com\/unifsa\/","https:\/\/www.instagram.com\/unifsa\/"]},{"@type":"Person","@id":"https:\/\/unifsa.com.br\/site\/#\/schema\/person\/551d7d1f1cd3f288057c5028fc404a18","name":"Assessoria UNIFSA","image":{"@type":"ImageObject","inLanguage":"pt-BR","@id":"https:\/\/unifsa.com.br\/site\/#\/schema\/person\/image\/","url":"https:\/\/secure.gravatar.com\/avatar\/6a631991e4af344430e4f0c5fcc3a220482c78e6a883ad6b80a34c55d1ada357?s=96&d=mm&r=g","contentUrl":"https:\/\/secure.gravatar.com\/avatar\/6a631991e4af344430e4f0c5fcc3a220482c78e6a883ad6b80a34c55d1ada357?s=96&d=mm&r=g","caption":"Assessoria UNIFSA"},"url":"https:\/\/unifsa.com.br\/site\/author\/assessoria\/"}]}},"_links":{"self":[{"href":"https:\/\/unifsa.com.br\/site\/wp-json\/wp\/v2\/posts\/1901","targetHints":{"allow":["GET"]}}],"collection":[{"href":"https:\/\/unifsa.com.br\/site\/wp-json\/wp\/v2\/posts"}],"about":[{"href":"https:\/\/unifsa.com.br\/site\/wp-json\/wp\/v2\/types\/post"}],"author":[{"embeddable":true,"href":"https:\/\/unifsa.com.br\/site\/wp-json\/wp\/v2\/users\/2"}],"replies":[{"embeddable":true,"href":"https:\/\/unifsa.com.br\/site\/wp-json\/wp\/v2\/comments?post=1901"}],"version-history":[{"count":2,"href":"https:\/\/unifsa.com.br\/site\/wp-json\/wp\/v2\/posts\/1901\/revisions"}],"predecessor-version":[{"id":2498,"href":"https:\/\/unifsa.com.br\/site\/wp-json\/wp\/v2\/posts\/1901\/revisions\/2498"}],"wp:featuredmedia":[{"embeddable":true,"href":"https:\/\/unifsa.com.br\/site\/wp-json\/wp\/v2\/media\/1902"}],"wp:attachment":[{"href":"https:\/\/unifsa.com.br\/site\/wp-json\/wp\/v2\/media?parent=1901"}],"wp:term":[{"taxonomy":"category","embeddable":true,"href":"https:\/\/unifsa.com.br\/site\/wp-json\/wp\/v2\/categories?post=1901"},{"taxonomy":"post_tag","embeddable":true,"href":"https:\/\/unifsa.com.br\/site\/wp-json\/wp\/v2\/tags?post=1901"}],"curies":[{"name":"wp","href":"https:\/\/api.w.org\/{rel}","templated":true}]}}