{"id":17882,"date":"2022-11-12T09:35:00","date_gmt":"2022-11-12T12:35:00","guid":{"rendered":"https:\/\/unifsa.com.br\/site\/?p=17882"},"modified":"2022-11-13T02:50:20","modified_gmt":"2022-11-13T05:50:20","slug":"ii-workshop-farmaceutico-destaca-a-atuacao-profissional-na-atualidade","status":"publish","type":"post","link":"https:\/\/unifsa.com.br\/site\/ii-workshop-farmaceutico-destaca-a-atuacao-profissional-na-atualidade\/","title":{"rendered":"II Workshop Farmac\u00eautico destaca a atua\u00e7\u00e3o profissional na atualidade"},"content":{"rendered":"\n<p class=\"texto-justificado\">O evento realizado nesta sexta-feira (11\/11), por meio da gradua\u00e7\u00e3o em Farm\u00e1cia do Centro Universit\u00e1rio Santo Agostinho, abordou a tem\u00e1tica &#8220;<strong>Orienta\u00e7\u00e3o Farmac\u00eautica na Atualidade<\/strong>&#8221; para os acad\u00eamicos da \u00e1rea e profissionais atuantes que buscam aperfei\u00e7oamento dos conhecimentos inovadores e amplos.<\/p>\n\n\n\n<p class=\"texto-justificado\">O workshop, que se encontra na segunda edi\u00e7\u00e3o, \u00e9 planejado com o intuito de homenagear o dia da Orienta\u00e7\u00e3o Farmac\u00eautica, este que tem como objetivo conscientizar a popula\u00e7\u00e3o sobre os perigos da automedica\u00e7\u00e3o, de preven\u00e7\u00e3o \u00e0 falsifica\u00e7\u00e3o e da propaganda enganosa, do uso abusivo de drogas, como afirma a coordenadora do curso na institui\u00e7\u00e3o, Profa. Dra. Maria Helena Rodrigues Mesquita Britto. <\/p>\n\n\n\n<blockquote class=\"wp-block-quote texto-justificado is-layout-flow wp-block-quote-is-layout-flow\"><p>O dia 11 de novembro \u00e9 o dia da Orienta\u00e7\u00e3o Farmac\u00eautica, pr\u00e1tica relevante dentro da Aten\u00e7\u00e3o Farmac\u00eautica. As tem\u00e1ticas abordadas no workshop foram escolhidas com base no novo perfil do formando egresso\/profissional Farmac\u00eautico e por meio de inovadoras atua\u00e7\u00f5es desse profissional no mercado de trabalho.&nbsp; <\/p><cite><em>Profa. Dra. Maria Helena Rodrigues Mesquita Britto, coordenadora da gradua\u00e7\u00e3o em Farm\u00e1cia do UNIFSA<\/em> <\/cite><\/blockquote>\n\n\n\n<figure class=\"wp-block-image size-large\"><img fetchpriority=\"high\" decoding=\"async\" width=\"1024\" height=\"577\" src=\"https:\/\/unifsa.com.br\/site\/wp-content\/uploads\/2022\/11\/II-Workshop-Farmac\u00eautico-Coordenadora-1024x577.jpg\" alt=\"\" class=\"wp-image-17893\" srcset=\"https:\/\/unifsa.com.br\/site\/wp-content\/uploads\/2022\/11\/II-Workshop-Farmac\u00eautico-Coordenadora-1024x577.jpg 1024w, https:\/\/unifsa.com.br\/site\/wp-content\/uploads\/2022\/11\/II-Workshop-Farmac\u00eautico-Coordenadora-300x169.jpg 300w, https:\/\/unifsa.com.br\/site\/wp-content\/uploads\/2022\/11\/II-Workshop-Farmac\u00eautico-Coordenadora-768x432.jpg 768w, https:\/\/unifsa.com.br\/site\/wp-content\/uploads\/2022\/11\/II-Workshop-Farmac\u00eautico-Coordenadora-1536x865.jpg 1536w, https:\/\/unifsa.com.br\/site\/wp-content\/uploads\/2022\/11\/II-Workshop-Farmac\u00eautico-Coordenadora-2048x1153.jpg 2048w\" sizes=\"(max-width: 1024px) 100vw, 1024px\" \/><\/figure>\n\n\n\n<p class=\"texto-justificado\">Dando in\u00edcio \u00e0s atividades do dia, o prof\u00b0 Dr. Manoel Pinheiro L\u00facio Neto tratou sobre a orienta\u00e7\u00e3o farmac\u00eautico no \u00e2mbito hospitalar. Abrindo di\u00e1logos sobre as tarefas e desafios do farmac\u00eautico enfrentados diariamente no ambiente hospitalar.<\/p>\n\n\n\n<figure class=\"wp-block-image size-large\"><img decoding=\"async\" width=\"1024\" height=\"577\" src=\"https:\/\/unifsa.com.br\/site\/wp-content\/uploads\/2022\/11\/II-Workshop-Farmac\u00eautico-1\u00b0-palestra-1024x577.jpg\" alt=\"\" class=\"wp-image-17894\" srcset=\"https:\/\/unifsa.com.br\/site\/wp-content\/uploads\/2022\/11\/II-Workshop-Farmac\u00eautico-1\u00b0-palestra-1024x577.jpg 1024w, https:\/\/unifsa.com.br\/site\/wp-content\/uploads\/2022\/11\/II-Workshop-Farmac\u00eautico-1\u00b0-palestra-300x169.jpg 300w, https:\/\/unifsa.com.br\/site\/wp-content\/uploads\/2022\/11\/II-Workshop-Farmac\u00eautico-1\u00b0-palestra-768x432.jpg 768w, https:\/\/unifsa.com.br\/site\/wp-content\/uploads\/2022\/11\/II-Workshop-Farmac\u00eautico-1\u00b0-palestra-1536x865.jpg 1536w, https:\/\/unifsa.com.br\/site\/wp-content\/uploads\/2022\/11\/II-Workshop-Farmac\u00eautico-1\u00b0-palestra-2048x1153.jpg 2048w\" sizes=\"(max-width: 1024px) 100vw, 1024px\" \/><\/figure>\n\n\n\n<p class=\"texto-justificado\">Enquanto isso, no hall de entrada do Anexo II, os alunos do curso de Farm\u00e1cia realizaram uma exposi\u00e7\u00e3o dos produtos da Farm\u00e1cia Escola do UNIFSA, bem como aferi\u00e7\u00e3o de press\u00e3o arterial, medi\u00e7\u00e3o de glicemia capilar e orienta\u00e7\u00e3o farmac\u00eautica quanto ao uso de plantas medicinais para toda a comunidade do UNIFSA.<\/p>\n\n\n\n<figure class=\"wp-block-gallery columns-1 is-cropped wp-block-gallery-1 is-layout-flex wp-block-gallery-is-layout-flex\"><ul class=\"blocks-gallery-grid\"><li class=\"blocks-gallery-item\"><figure><img decoding=\"async\" width=\"1024\" height=\"768\" src=\"https:\/\/unifsa.com.br\/site\/wp-content\/uploads\/2022\/11\/II-Whorshop-Farmac\u00eautico-hall-2-1024x768.jpg\" alt=\"\" data-id=\"17898\" data-full-url=\"https:\/\/unifsa.com.br\/site\/wp-content\/uploads\/2022\/11\/II-Whorshop-Farmac\u00eautico-hall-2-scaled.jpg\" data-link=\"https:\/\/unifsa.com.br\/site\/?attachment_id=17898\" class=\"wp-image-17898\" srcset=\"https:\/\/unifsa.com.br\/site\/wp-content\/uploads\/2022\/11\/II-Whorshop-Farmac\u00eautico-hall-2-1024x768.jpg 1024w, https:\/\/unifsa.com.br\/site\/wp-content\/uploads\/2022\/11\/II-Whorshop-Farmac\u00eautico-hall-2-300x225.jpg 300w, https:\/\/unifsa.com.br\/site\/wp-content\/uploads\/2022\/11\/II-Whorshop-Farmac\u00eautico-hall-2-768x576.jpg 768w, https:\/\/unifsa.com.br\/site\/wp-content\/uploads\/2022\/11\/II-Whorshop-Farmac\u00eautico-hall-2-1536x1152.jpg 1536w, https:\/\/unifsa.com.br\/site\/wp-content\/uploads\/2022\/11\/II-Whorshop-Farmac\u00eautico-hall-2-2048x1536.jpg 2048w\" sizes=\"(max-width: 1024px) 100vw, 1024px\" \/><\/figure><\/li><\/ul><\/figure>\n\n\n\n<p class=\"texto-justificado\">Finalizando o evento, o prof\u00b0 Me. Naiguel Castelo Branco Silva ministrou a palestra &#8220;A import\u00e2ncia da Orienta\u00e7\u00e3o Farmac\u00eautica na ades\u00e3o Farmacoterap\u00eautica&#8221; e a import\u00e2ncia do trabalho em conjuntos com os demais profissionais da sa\u00fade para uma melhor evolu\u00e7\u00e3oi dos pacientes.<\/p>\n\n\n\n<figure class=\"wp-block-image size-large\"><img loading=\"lazy\" decoding=\"async\" width=\"1024\" height=\"576\" src=\"https:\/\/unifsa.com.br\/site\/wp-content\/uploads\/2022\/11\/II-Whorshop-Farmac\u00eautico-2\u00b0-palestra-1024x576.jpg\" alt=\"\" class=\"wp-image-17895\" srcset=\"https:\/\/unifsa.com.br\/site\/wp-content\/uploads\/2022\/11\/II-Whorshop-Farmac\u00eautico-2\u00b0-palestra-1024x576.jpg 1024w, https:\/\/unifsa.com.br\/site\/wp-content\/uploads\/2022\/11\/II-Whorshop-Farmac\u00eautico-2\u00b0-palestra-300x169.jpg 300w, https:\/\/unifsa.com.br\/site\/wp-content\/uploads\/2022\/11\/II-Whorshop-Farmac\u00eautico-2\u00b0-palestra-768x432.jpg 768w, https:\/\/unifsa.com.br\/site\/wp-content\/uploads\/2022\/11\/II-Whorshop-Farmac\u00eautico-2\u00b0-palestra-1536x865.jpg 1536w, https:\/\/unifsa.com.br\/site\/wp-content\/uploads\/2022\/11\/II-Whorshop-Farmac\u00eautico-2\u00b0-palestra-2048x1153.jpg 2048w\" sizes=\"(max-width: 1024px) 100vw, 1024px\" \/><\/figure>\n\n\n\n<figure class=\"wp-block-gallery columns-2 is-cropped wp-block-gallery-2 is-layout-flex wp-block-gallery-is-layout-flex\"><ul class=\"blocks-gallery-grid\"><li class=\"blocks-gallery-item\"><figure><img loading=\"lazy\" decoding=\"async\" width=\"1024\" height=\"577\" src=\"https:\/\/unifsa.com.br\/site\/wp-content\/uploads\/2022\/11\/II-Whorshop-Farmac\u00eautico-palestras-1024x577.jpg\" alt=\"\" data-id=\"17896\" data-link=\"https:\/\/unifsa.com.br\/site\/?attachment_id=17896\" class=\"wp-image-17896\" srcset=\"https:\/\/unifsa.com.br\/site\/wp-content\/uploads\/2022\/11\/II-Whorshop-Farmac\u00eautico-palestras-1024x577.jpg 1024w, https:\/\/unifsa.com.br\/site\/wp-content\/uploads\/2022\/11\/II-Whorshop-Farmac\u00eautico-palestras-300x169.jpg 300w, https:\/\/unifsa.com.br\/site\/wp-content\/uploads\/2022\/11\/II-Whorshop-Farmac\u00eautico-palestras-768x432.jpg 768w, https:\/\/unifsa.com.br\/site\/wp-content\/uploads\/2022\/11\/II-Whorshop-Farmac\u00eautico-palestras-1536x865.jpg 1536w, https:\/\/unifsa.com.br\/site\/wp-content\/uploads\/2022\/11\/II-Whorshop-Farmac\u00eautico-palestras-2048x1153.jpg 2048w\" sizes=\"(max-width: 1024px) 100vw, 1024px\" \/><\/figure><\/li><li class=\"blocks-gallery-item\"><figure><img loading=\"lazy\" decoding=\"async\" width=\"1024\" height=\"577\" src=\"https:\/\/unifsa.com.br\/site\/wp-content\/uploads\/2022\/11\/II-Whorshop-Farmac\u00eautico-palestrass-1024x577.jpg\" alt=\"\" data-id=\"17897\" data-full-url=\"https:\/\/unifsa.com.br\/site\/wp-content\/uploads\/2022\/11\/II-Whorshop-Farmac\u00eautico-palestrass-scaled.jpg\" data-link=\"https:\/\/unifsa.com.br\/site\/?attachment_id=17897\" class=\"wp-image-17897\" srcset=\"https:\/\/unifsa.com.br\/site\/wp-content\/uploads\/2022\/11\/II-Whorshop-Farmac\u00eautico-palestrass-1024x577.jpg 1024w, https:\/\/unifsa.com.br\/site\/wp-content\/uploads\/2022\/11\/II-Whorshop-Farmac\u00eautico-palestrass-300x169.jpg 300w, https:\/\/unifsa.com.br\/site\/wp-content\/uploads\/2022\/11\/II-Whorshop-Farmac\u00eautico-palestrass-768x432.jpg 768w, https:\/\/unifsa.com.br\/site\/wp-content\/uploads\/2022\/11\/II-Whorshop-Farmac\u00eautico-palestrass-1536x865.jpg 1536w, https:\/\/unifsa.com.br\/site\/wp-content\/uploads\/2022\/11\/II-Whorshop-Farmac\u00eautico-palestrass-2048x1153.jpg 2048w\" sizes=\"(max-width: 1024px) 100vw, 1024px\" \/><\/figure><\/li><\/ul><\/figure>\n","protected":false},"excerpt":{"rendered":"<p>O evento realizado nesta sexta-feira (11\/11), por meio da gradua\u00e7\u00e3o em Farm\u00e1cia do Centro Universit\u00e1rio Santo Agostinho, abordou a tem\u00e1tica &#8220;Orienta\u00e7\u00e3o Farmac\u00eautica na Atualidade&#8221; para os acad\u00eamicos da \u00e1rea e profissionais atuantes que buscam aperfei\u00e7oamento dos conhecimentos inovadores e amplos. O workshop, que se encontra na segunda edi\u00e7\u00e3o, \u00e9 planejado com o intuito de homenagear<\/p>\n","protected":false},"author":12,"featured_media":17891,"comment_status":"closed","ping_status":"open","sticky":false,"template":"","format":"standard","meta":{"_acf_changed":false,"footnotes":""},"categories":[6,60],"tags":[1011,180,181,186,1009,1010,609],"class_list":["post-17882","post","type-post","status-publish","format-standard","has-post-thumbnail","hentry","category-acontece-na-unifsa","category-farmacia","tag-dia-da-orientacao-farmaceutica","tag-farmacia","tag-farmacologia","tag-saude","tag-servico-escola","tag-servico-escola-de-farmacia","tag-workshop"],"acf":[],"yoast_head":"<!-- This site is optimized with the Yoast SEO plugin v26.5 - https:\/\/yoast.com\/wordpress\/plugins\/seo\/ -->\n<title>II Workshop Farmac\u00eautico destaca a atua\u00e7\u00e3o profissional na atualidade - Centro Universit\u00e1rio Santo Agostinho - UNIFSA<\/title>\n<meta name=\"robots\" content=\"index, follow, max-snippet:-1, max-image-preview:large, max-video-preview:-1\" \/>\n<link rel=\"canonical\" href=\"https:\/\/unifsa.com.br\/site\/ii-workshop-farmaceutico-destaca-a-atuacao-profissional-na-atualidade\/\" \/>\n<meta property=\"og:locale\" content=\"pt_BR\" \/>\n<meta property=\"og:type\" content=\"article\" \/>\n<meta property=\"og:title\" content=\"II Workshop Farmac\u00eautico destaca a atua\u00e7\u00e3o profissional na atualidade - Centro Universit\u00e1rio Santo Agostinho - UNIFSA\" \/>\n<meta property=\"og:description\" content=\"O evento realizado nesta sexta-feira (11\/11), por meio da gradua\u00e7\u00e3o em Farm\u00e1cia do Centro Universit\u00e1rio Santo Agostinho, abordou a tem\u00e1tica &#8220;Orienta\u00e7\u00e3o Farmac\u00eautica na Atualidade&#8221; para os acad\u00eamicos da \u00e1rea e profissionais atuantes que buscam aperfei\u00e7oamento dos conhecimentos inovadores e amplos. O workshop, que se encontra na segunda edi\u00e7\u00e3o, \u00e9 planejado com o intuito de homenagear\" \/>\n<meta property=\"og:url\" content=\"https:\/\/unifsa.com.br\/site\/ii-workshop-farmaceutico-destaca-a-atuacao-profissional-na-atualidade\/\" \/>\n<meta property=\"og:site_name\" content=\"Centro Universit\u00e1rio Santo Agostinho - UNIFSA\" \/>\n<meta property=\"article:publisher\" content=\"https:\/\/www.facebook.com\/unifsa\/\" \/>\n<meta property=\"article:published_time\" content=\"2022-11-12T12:35:00+00:00\" \/>\n<meta property=\"article:modified_time\" content=\"2022-11-13T05:50:20+00:00\" \/>\n<meta property=\"og:image\" content=\"https:\/\/unifsa.com.br\/site\/wp-content\/uploads\/2022\/11\/Whorskshop-Farmac\u00eautico.png\" \/>\n\t<meta property=\"og:image:width\" content=\"1920\" \/>\n\t<meta property=\"og:image:height\" content=\"805\" \/>\n\t<meta property=\"og:image:type\" content=\"image\/png\" \/>\n<meta name=\"author\" content=\"Estev\u00e3o Leite Cordeiro de Souza\" \/>\n<meta name=\"twitter:card\" content=\"summary_large_image\" \/>\n<meta name=\"twitter:label1\" content=\"Escrito por\" \/>\n\t<meta name=\"twitter:data1\" content=\"Estev\u00e3o Leite Cordeiro de Souza\" \/>\n\t<meta name=\"twitter:label2\" content=\"Est. tempo de leitura\" \/>\n\t<meta name=\"twitter:data2\" content=\"2 minutos\" \/>\n<script type=\"application\/ld+json\" class=\"yoast-schema-graph\">{\"@context\":\"https:\/\/schema.org\",\"@graph\":[{\"@type\":\"Article\",\"@id\":\"https:\/\/unifsa.com.br\/site\/ii-workshop-farmaceutico-destaca-a-atuacao-profissional-na-atualidade\/#article\",\"isPartOf\":{\"@id\":\"https:\/\/unifsa.com.br\/site\/ii-workshop-farmaceutico-destaca-a-atuacao-profissional-na-atualidade\/\"},\"author\":{\"name\":\"Estev\u00e3o Leite Cordeiro de Souza\",\"@id\":\"https:\/\/unifsa.com.br\/site\/#\/schema\/person\/459d6944d25bd72102b031eb886c7cbf\"},\"headline\":\"II Workshop Farmac\u00eautico destaca a atua\u00e7\u00e3o profissional na atualidade\",\"datePublished\":\"2022-11-12T12:35:00+00:00\",\"dateModified\":\"2022-11-13T05:50:20+00:00\",\"mainEntityOfPage\":{\"@id\":\"https:\/\/unifsa.com.br\/site\/ii-workshop-farmaceutico-destaca-a-atuacao-profissional-na-atualidade\/\"},\"wordCount\":341,\"publisher\":{\"@id\":\"https:\/\/unifsa.com.br\/site\/#organization\"},\"image\":{\"@id\":\"https:\/\/unifsa.com.br\/site\/ii-workshop-farmaceutico-destaca-a-atuacao-profissional-na-atualidade\/#primaryimage\"},\"thumbnailUrl\":\"https:\/\/unifsa.com.br\/site\/wp-content\/uploads\/2022\/11\/Whorskshop-Farmac\u00eautico.png\",\"keywords\":[\"Dia da Orienta\u00e7\u00e3o Farmac\u00eautica\",\"Farm\u00e1cia\",\"Farmacologia\",\"Sa\u00fade\",\"Servi\u00e7o Escola\",\"Servi\u00e7o Escola de Farm\u00e1cia\",\"workshop\"],\"articleSection\":[\"Acontece na UNIFSA\",\"Farm\u00e1cia\"],\"inLanguage\":\"pt-BR\"},{\"@type\":\"WebPage\",\"@id\":\"https:\/\/unifsa.com.br\/site\/ii-workshop-farmaceutico-destaca-a-atuacao-profissional-na-atualidade\/\",\"url\":\"https:\/\/unifsa.com.br\/site\/ii-workshop-farmaceutico-destaca-a-atuacao-profissional-na-atualidade\/\",\"name\":\"II Workshop Farmac\u00eautico destaca a atua\u00e7\u00e3o profissional na atualidade - Centro Universit\u00e1rio Santo Agostinho - UNIFSA\",\"isPartOf\":{\"@id\":\"https:\/\/unifsa.com.br\/site\/#website\"},\"primaryImageOfPage\":{\"@id\":\"https:\/\/unifsa.com.br\/site\/ii-workshop-farmaceutico-destaca-a-atuacao-profissional-na-atualidade\/#primaryimage\"},\"image\":{\"@id\":\"https:\/\/unifsa.com.br\/site\/ii-workshop-farmaceutico-destaca-a-atuacao-profissional-na-atualidade\/#primaryimage\"},\"thumbnailUrl\":\"https:\/\/unifsa.com.br\/site\/wp-content\/uploads\/2022\/11\/Whorskshop-Farmac\u00eautico.png\",\"datePublished\":\"2022-11-12T12:35:00+00:00\",\"dateModified\":\"2022-11-13T05:50:20+00:00\",\"breadcrumb\":{\"@id\":\"https:\/\/unifsa.com.br\/site\/ii-workshop-farmaceutico-destaca-a-atuacao-profissional-na-atualidade\/#breadcrumb\"},\"inLanguage\":\"pt-BR\",\"potentialAction\":[{\"@type\":\"ReadAction\",\"target\":[\"https:\/\/unifsa.com.br\/site\/ii-workshop-farmaceutico-destaca-a-atuacao-profissional-na-atualidade\/\"]}]},{\"@type\":\"ImageObject\",\"inLanguage\":\"pt-BR\",\"@id\":\"https:\/\/unifsa.com.br\/site\/ii-workshop-farmaceutico-destaca-a-atuacao-profissional-na-atualidade\/#primaryimage\",\"url\":\"https:\/\/unifsa.com.br\/site\/wp-content\/uploads\/2022\/11\/Whorskshop-Farmac\u00eautico.png\",\"contentUrl\":\"https:\/\/unifsa.com.br\/site\/wp-content\/uploads\/2022\/11\/Whorskshop-Farmac\u00eautico.png\",\"width\":1920,\"height\":805},{\"@type\":\"BreadcrumbList\",\"@id\":\"https:\/\/unifsa.com.br\/site\/ii-workshop-farmaceutico-destaca-a-atuacao-profissional-na-atualidade\/#breadcrumb\",\"itemListElement\":[{\"@type\":\"ListItem\",\"position\":1,\"name\":\"In\u00edcio\",\"item\":\"https:\/\/unifsa.com.br\/site\/\"},{\"@type\":\"ListItem\",\"position\":2,\"name\":\"II Workshop Farmac\u00eautico destaca a atua\u00e7\u00e3o profissional na atualidade\"}]},{\"@type\":\"WebSite\",\"@id\":\"https:\/\/unifsa.com.br\/site\/#website\",\"url\":\"https:\/\/unifsa.com.br\/site\/\",\"name\":\"Centro Universit\u00e1rio Santo Agostinho - UNIFSA\",\"description\":\"Conhecimento para toda a vida\",\"publisher\":{\"@id\":\"https:\/\/unifsa.com.br\/site\/#organization\"},\"potentialAction\":[{\"@type\":\"SearchAction\",\"target\":{\"@type\":\"EntryPoint\",\"urlTemplate\":\"https:\/\/unifsa.com.br\/site\/?s={search_term_string}\"},\"query-input\":{\"@type\":\"PropertyValueSpecification\",\"valueRequired\":true,\"valueName\":\"search_term_string\"}}],\"inLanguage\":\"pt-BR\"},{\"@type\":\"Organization\",\"@id\":\"https:\/\/unifsa.com.br\/site\/#organization\",\"name\":\"Centro Universit\u00e1rio Santo Agostinho - UNIFSA\",\"url\":\"https:\/\/unifsa.com.br\/site\/\",\"logo\":{\"@type\":\"ImageObject\",\"inLanguage\":\"pt-BR\",\"@id\":\"https:\/\/unifsa.com.br\/site\/#\/schema\/logo\/image\/\",\"url\":\"https:\/\/unifsa.com.br\/site\/wp-content\/uploads\/2023\/03\/MARCA-UNIFSA-CIC23-q2apjs1mt975cf1wl25b044coj90fwoiee1kya6800.png\",\"contentUrl\":\"https:\/\/unifsa.com.br\/site\/wp-content\/uploads\/2023\/03\/MARCA-UNIFSA-CIC23-q2apjs1mt975cf1wl25b044coj90fwoiee1kya6800.png\",\"width\":103,\"height\":100,\"caption\":\"Centro Universit\u00e1rio Santo Agostinho - UNIFSA\"},\"image\":{\"@id\":\"https:\/\/unifsa.com.br\/site\/#\/schema\/logo\/image\/\"},\"sameAs\":[\"https:\/\/www.facebook.com\/unifsa\/\",\"https:\/\/www.instagram.com\/unifsa\/\"]},{\"@type\":\"Person\",\"@id\":\"https:\/\/unifsa.com.br\/site\/#\/schema\/person\/459d6944d25bd72102b031eb886c7cbf\",\"name\":\"Estev\u00e3o Leite Cordeiro de Souza\",\"image\":{\"@type\":\"ImageObject\",\"inLanguage\":\"pt-BR\",\"@id\":\"https:\/\/unifsa.com.br\/site\/#\/schema\/person\/image\/\",\"url\":\"https:\/\/secure.gravatar.com\/avatar\/b381626173a0b440e86662336f5d92704de1b8100a4cb5a34d6466804eb5c336?s=96&d=mm&r=g\",\"contentUrl\":\"https:\/\/secure.gravatar.com\/avatar\/b381626173a0b440e86662336f5d92704de1b8100a4cb5a34d6466804eb5c336?s=96&d=mm&r=g\",\"caption\":\"Estev\u00e3o Leite Cordeiro de Souza\"},\"url\":\"https:\/\/unifsa.com.br\/site\/author\/estevaocordeiro\/\"}]}<\/script>\n<!-- \/ Yoast SEO plugin. -->","yoast_head_json":{"title":"II Workshop Farmac\u00eautico destaca a atua\u00e7\u00e3o profissional na atualidade - Centro Universit\u00e1rio Santo Agostinho - UNIFSA","robots":{"index":"index","follow":"follow","max-snippet":"max-snippet:-1","max-image-preview":"max-image-preview:large","max-video-preview":"max-video-preview:-1"},"canonical":"https:\/\/unifsa.com.br\/site\/ii-workshop-farmaceutico-destaca-a-atuacao-profissional-na-atualidade\/","og_locale":"pt_BR","og_type":"article","og_title":"II Workshop Farmac\u00eautico destaca a atua\u00e7\u00e3o profissional na atualidade - Centro Universit\u00e1rio Santo Agostinho - UNIFSA","og_description":"O evento realizado nesta sexta-feira (11\/11), por meio da gradua\u00e7\u00e3o em Farm\u00e1cia do Centro Universit\u00e1rio Santo Agostinho, abordou a tem\u00e1tica &#8220;Orienta\u00e7\u00e3o Farmac\u00eautica na Atualidade&#8221; para os acad\u00eamicos da \u00e1rea e profissionais atuantes que buscam aperfei\u00e7oamento dos conhecimentos inovadores e amplos. O workshop, que se encontra na segunda edi\u00e7\u00e3o, \u00e9 planejado com o intuito de homenagear","og_url":"https:\/\/unifsa.com.br\/site\/ii-workshop-farmaceutico-destaca-a-atuacao-profissional-na-atualidade\/","og_site_name":"Centro Universit\u00e1rio Santo Agostinho - UNIFSA","article_publisher":"https:\/\/www.facebook.com\/unifsa\/","article_published_time":"2022-11-12T12:35:00+00:00","article_modified_time":"2022-11-13T05:50:20+00:00","og_image":[{"width":1920,"height":805,"url":"https:\/\/unifsa.com.br\/site\/wp-content\/uploads\/2022\/11\/Whorskshop-Farmac\u00eautico.png","type":"image\/png"}],"author":"Estev\u00e3o Leite Cordeiro de Souza","twitter_card":"summary_large_image","twitter_misc":{"Escrito por":"Estev\u00e3o Leite Cordeiro de Souza","Est. tempo de leitura":"2 minutos"},"schema":{"@context":"https:\/\/schema.org","@graph":[{"@type":"Article","@id":"https:\/\/unifsa.com.br\/site\/ii-workshop-farmaceutico-destaca-a-atuacao-profissional-na-atualidade\/#article","isPartOf":{"@id":"https:\/\/unifsa.com.br\/site\/ii-workshop-farmaceutico-destaca-a-atuacao-profissional-na-atualidade\/"},"author":{"name":"Estev\u00e3o Leite Cordeiro de Souza","@id":"https:\/\/unifsa.com.br\/site\/#\/schema\/person\/459d6944d25bd72102b031eb886c7cbf"},"headline":"II Workshop Farmac\u00eautico destaca a atua\u00e7\u00e3o profissional na atualidade","datePublished":"2022-11-12T12:35:00+00:00","dateModified":"2022-11-13T05:50:20+00:00","mainEntityOfPage":{"@id":"https:\/\/unifsa.com.br\/site\/ii-workshop-farmaceutico-destaca-a-atuacao-profissional-na-atualidade\/"},"wordCount":341,"publisher":{"@id":"https:\/\/unifsa.com.br\/site\/#organization"},"image":{"@id":"https:\/\/unifsa.com.br\/site\/ii-workshop-farmaceutico-destaca-a-atuacao-profissional-na-atualidade\/#primaryimage"},"thumbnailUrl":"https:\/\/unifsa.com.br\/site\/wp-content\/uploads\/2022\/11\/Whorskshop-Farmac\u00eautico.png","keywords":["Dia da Orienta\u00e7\u00e3o Farmac\u00eautica","Farm\u00e1cia","Farmacologia","Sa\u00fade","Servi\u00e7o Escola","Servi\u00e7o Escola de Farm\u00e1cia","workshop"],"articleSection":["Acontece na UNIFSA","Farm\u00e1cia"],"inLanguage":"pt-BR"},{"@type":"WebPage","@id":"https:\/\/unifsa.com.br\/site\/ii-workshop-farmaceutico-destaca-a-atuacao-profissional-na-atualidade\/","url":"https:\/\/unifsa.com.br\/site\/ii-workshop-farmaceutico-destaca-a-atuacao-profissional-na-atualidade\/","name":"II Workshop Farmac\u00eautico destaca a atua\u00e7\u00e3o profissional na atualidade - Centro Universit\u00e1rio Santo Agostinho - UNIFSA","isPartOf":{"@id":"https:\/\/unifsa.com.br\/site\/#website"},"primaryImageOfPage":{"@id":"https:\/\/unifsa.com.br\/site\/ii-workshop-farmaceutico-destaca-a-atuacao-profissional-na-atualidade\/#primaryimage"},"image":{"@id":"https:\/\/unifsa.com.br\/site\/ii-workshop-farmaceutico-destaca-a-atuacao-profissional-na-atualidade\/#primaryimage"},"thumbnailUrl":"https:\/\/unifsa.com.br\/site\/wp-content\/uploads\/2022\/11\/Whorskshop-Farmac\u00eautico.png","datePublished":"2022-11-12T12:35:00+00:00","dateModified":"2022-11-13T05:50:20+00:00","breadcrumb":{"@id":"https:\/\/unifsa.com.br\/site\/ii-workshop-farmaceutico-destaca-a-atuacao-profissional-na-atualidade\/#breadcrumb"},"inLanguage":"pt-BR","potentialAction":[{"@type":"ReadAction","target":["https:\/\/unifsa.com.br\/site\/ii-workshop-farmaceutico-destaca-a-atuacao-profissional-na-atualidade\/"]}]},{"@type":"ImageObject","inLanguage":"pt-BR","@id":"https:\/\/unifsa.com.br\/site\/ii-workshop-farmaceutico-destaca-a-atuacao-profissional-na-atualidade\/#primaryimage","url":"https:\/\/unifsa.com.br\/site\/wp-content\/uploads\/2022\/11\/Whorskshop-Farmac\u00eautico.png","contentUrl":"https:\/\/unifsa.com.br\/site\/wp-content\/uploads\/2022\/11\/Whorskshop-Farmac\u00eautico.png","width":1920,"height":805},{"@type":"BreadcrumbList","@id":"https:\/\/unifsa.com.br\/site\/ii-workshop-farmaceutico-destaca-a-atuacao-profissional-na-atualidade\/#breadcrumb","itemListElement":[{"@type":"ListItem","position":1,"name":"In\u00edcio","item":"https:\/\/unifsa.com.br\/site\/"},{"@type":"ListItem","position":2,"name":"II Workshop Farmac\u00eautico destaca a atua\u00e7\u00e3o profissional na atualidade"}]},{"@type":"WebSite","@id":"https:\/\/unifsa.com.br\/site\/#website","url":"https:\/\/unifsa.com.br\/site\/","name":"Centro Universit\u00e1rio Santo Agostinho - UNIFSA","description":"Conhecimento para toda a vida","publisher":{"@id":"https:\/\/unifsa.com.br\/site\/#organization"},"potentialAction":[{"@type":"SearchAction","target":{"@type":"EntryPoint","urlTemplate":"https:\/\/unifsa.com.br\/site\/?s={search_term_string}"},"query-input":{"@type":"PropertyValueSpecification","valueRequired":true,"valueName":"search_term_string"}}],"inLanguage":"pt-BR"},{"@type":"Organization","@id":"https:\/\/unifsa.com.br\/site\/#organization","name":"Centro Universit\u00e1rio Santo Agostinho - UNIFSA","url":"https:\/\/unifsa.com.br\/site\/","logo":{"@type":"ImageObject","inLanguage":"pt-BR","@id":"https:\/\/unifsa.com.br\/site\/#\/schema\/logo\/image\/","url":"https:\/\/unifsa.com.br\/site\/wp-content\/uploads\/2023\/03\/MARCA-UNIFSA-CIC23-q2apjs1mt975cf1wl25b044coj90fwoiee1kya6800.png","contentUrl":"https:\/\/unifsa.com.br\/site\/wp-content\/uploads\/2023\/03\/MARCA-UNIFSA-CIC23-q2apjs1mt975cf1wl25b044coj90fwoiee1kya6800.png","width":103,"height":100,"caption":"Centro Universit\u00e1rio Santo Agostinho - UNIFSA"},"image":{"@id":"https:\/\/unifsa.com.br\/site\/#\/schema\/logo\/image\/"},"sameAs":["https:\/\/www.facebook.com\/unifsa\/","https:\/\/www.instagram.com\/unifsa\/"]},{"@type":"Person","@id":"https:\/\/unifsa.com.br\/site\/#\/schema\/person\/459d6944d25bd72102b031eb886c7cbf","name":"Estev\u00e3o Leite Cordeiro de Souza","image":{"@type":"ImageObject","inLanguage":"pt-BR","@id":"https:\/\/unifsa.com.br\/site\/#\/schema\/person\/image\/","url":"https:\/\/secure.gravatar.com\/avatar\/b381626173a0b440e86662336f5d92704de1b8100a4cb5a34d6466804eb5c336?s=96&d=mm&r=g","contentUrl":"https:\/\/secure.gravatar.com\/avatar\/b381626173a0b440e86662336f5d92704de1b8100a4cb5a34d6466804eb5c336?s=96&d=mm&r=g","caption":"Estev\u00e3o Leite Cordeiro de Souza"},"url":"https:\/\/unifsa.com.br\/site\/author\/estevaocordeiro\/"}]}},"_links":{"self":[{"href":"https:\/\/unifsa.com.br\/site\/wp-json\/wp\/v2\/posts\/17882","targetHints":{"allow":["GET"]}}],"collection":[{"href":"https:\/\/unifsa.com.br\/site\/wp-json\/wp\/v2\/posts"}],"about":[{"href":"https:\/\/unifsa.com.br\/site\/wp-json\/wp\/v2\/types\/post"}],"author":[{"embeddable":true,"href":"https:\/\/unifsa.com.br\/site\/wp-json\/wp\/v2\/users\/12"}],"replies":[{"embeddable":true,"href":"https:\/\/unifsa.com.br\/site\/wp-json\/wp\/v2\/comments?post=17882"}],"version-history":[{"count":6,"href":"https:\/\/unifsa.com.br\/site\/wp-json\/wp\/v2\/posts\/17882\/revisions"}],"predecessor-version":[{"id":17899,"href":"https:\/\/unifsa.com.br\/site\/wp-json\/wp\/v2\/posts\/17882\/revisions\/17899"}],"wp:featuredmedia":[{"embeddable":true,"href":"https:\/\/unifsa.com.br\/site\/wp-json\/wp\/v2\/media\/17891"}],"wp:attachment":[{"href":"https:\/\/unifsa.com.br\/site\/wp-json\/wp\/v2\/media?parent=17882"}],"wp:term":[{"taxonomy":"category","embeddable":true,"href":"https:\/\/unifsa.com.br\/site\/wp-json\/wp\/v2\/categories?post=17882"},{"taxonomy":"post_tag","embeddable":true,"href":"https:\/\/unifsa.com.br\/site\/wp-json\/wp\/v2\/tags?post=17882"}],"curies":[{"name":"wp","href":"https:\/\/api.w.org\/{rel}","templated":true}]}}