{"id":17632,"date":"2022-11-03T15:24:40","date_gmt":"2022-11-03T18:24:40","guid":{"rendered":"https:\/\/unifsa.com.br\/site\/?p=17632"},"modified":"2022-11-03T16:14:50","modified_gmt":"2022-11-03T19:14:50","slug":"e-amanha-x-jornada-de-fisioterapia","status":"publish","type":"post","link":"https:\/\/unifsa.com.br\/site\/e-amanha-x-jornada-de-fisioterapia\/","title":{"rendered":"\u00c9 amanh\u00e3! X Jornada de Fisioterapia"},"content":{"rendered":"\n<p class=\"has-drop-cap texto-justificado\">A <strong>X Jornada de Fisioterapia<\/strong> inicia nesta sexta-feira, 04 de outubro, e promete entregar uma programa\u00e7\u00e3o incr\u00edvel para os participantes, trazendo novas t\u00e9cnicas de abordagens nas diversas \u00e1reas de atua\u00e7\u00e3o do fisioterapeuta. O evento possui carga hor\u00e1ria de 20h, e acontece no  Audit\u00f3rio Cl\u00f3vis Melo, Anexo II UNIFSA. <\/p>\n\n\n\n<div class=\"wp-block-button aligncenter\"><a class=\"wp-block-button__link has-text-color has-very-dark-gray-color has-background has-cyan-bluish-gray-background-color\" href=\"https:\/\/www.sympla.com.br\/evento\/x-jornada-de-fisioterapia\/1752171?_gl=1*1dc36b3*_ga*NDQ1MTMzNjM2LjE2NjMxNjA1NzQ.*_ga_KXH10SQTZF*MTY2NTQ5MDExMi4zMC4xLjE2NjU0OTA5NzUuMC4wLjA.\">Inscreva-se<\/a><\/div>\n\n\n\n<div class=\"wp-block-button aligncenter\"><a class=\"wp-block-button__link has-background has-vivid-cyan-blue-background-color\" href=\"https:\/\/unifsa.com.br\/site\/inscricoes-abertas-para-a-x-jornada-de-fisioterapia\/\">Saiba mais sobre a X Jornada de Fisioterapia <\/a><\/div>\n\n\n\n<h4 class=\"has-vivid-cyan-blue-color has-text-color wp-block-heading\">Confira a programa\u00e7\u00e3o completa:<\/h4>\n\n\n\n<h4 class=\"has-vivid-cyan-blue-color has-text-color wp-block-heading\"><strong>04\/11\/2022<\/strong><\/h4>\n\n\n\n<p class=\"texto-justificado\"><strong>8h \u00e0s 9h<br><\/strong>SOLENIDADE DE ABERTURA DO EVENTO<br><strong>09:00h \u00e0s 9:50<br><\/strong>Fisioterapia no TEA (Danyel Castelo Branco)<br><strong>9:50h \u00e0s 10:30h<br><\/strong>Fisioterapia no tratamento de canceres de cabe\u00e7a e pesco\u00e7o (Kajena Nascimento Seriano)<br><strong>10:30h \u00e0s 11:20h<br><\/strong>Ultrassom cinesiologico para identificar fraqueza no paciente critico (Gabriel Martins Barros)<br><strong>11:20h \u00e0s 12h:00h<br><\/strong>Gest\u00e3o na sa\u00fade: o que temos para hoje?(Sarah Lays Campos da Silva)<br><strong>14:00h \u00e0s 16:00h<br><\/strong>Mesa Redonda: Extens\u00f5es Universit\u00e1rias: Experi\u00eancias e Vivencias do agir na comunidade (Danyel Pinheiro Castelo Branco, Patricia Lima Ventura, Seania Santos Leal, Christiane Xavier)<br><strong>16:00h \u00e0s 17:00h<br><\/strong>Fisioterapia Dermatofuncional na Est\u00e9tica na Est\u00e9tica Capilar (Gilmara Linhares da Silva Cunha)<br><strong>17:00h \u00e0s 18:00h<br><\/strong>Mesa Redonda: Pr\u00e1ticas exitosas e inovadoras dos est\u00e1gios curriculares obrigat\u00f3rios (Rog\u00e9ria Melo Franco e acad\u00eamicos convidados)<\/p>\n\n\n\n<h4 class=\"has-vivid-cyan-blue-color has-text-color wp-block-heading\"><strong>05\/11\/2022<\/strong><\/h4>\n\n\n\n<p class=\"texto-justificado\"><strong>08:00h \u00e0s 8:30h<br><\/strong>Fisioterapia no TEA (Danyel Castelo Branco)<br><strong>8:40h \u00e0s 9:10h<br><\/strong>Yoga como recurso terap\u00eautico (Jos\u00e9 Francisco Miranda SE Sousa J\u00fanior)<br><strong>09:20h \u00e0s 9:50h<br><\/strong>Mesa Redonda: Preparo e experi\u00eancia sobre resid\u00eancia multiprofissional (Cibelle de Sousa e Silva, Camila de Ara\u00fajo Lima e Sarah Lays da Silva)<br><strong>10:00h \u00e0s 12:00h<br><\/strong>Apresenta\u00e7\u00e3o dos temas livre orais (Congressistas selecionados para apresenta\u00e7\u00e3o de trabalhos cient\u00edficos)<br><strong>14:00h \u00e0s 15:00h<br><\/strong>A Relev\u00e2ncia da Gin\u00e1stica Laboral para os colaboradores (Mayara Nalva de Oliveira)<br><strong>15:00h \u00e0s 16:00h<br><\/strong>M\u00e9todo Schroth ISST e colete 3D no tratamento efetivo para escoliose( Josiane Felix de Moura Macedo)<br><strong>16:00h \u00e0s 17:00h<br><\/strong>Premia\u00e7\u00e3o dos trabalhos e encerramento da Jornada ( Coordena\u00e7\u00e3o e comiss\u00e3o organizadora)<\/p>\n","protected":false},"excerpt":{"rendered":"<p>A X Jornada de Fisioterapia inicia nesta sexta-feira, 04 de outubro, e promete entregar uma programa\u00e7\u00e3o incr\u00edvel para os participantes, trazendo novas t\u00e9cnicas de abordagens nas diversas \u00e1reas de atua\u00e7\u00e3o do fisioterapeuta.<\/p>\n","protected":false},"author":11,"featured_media":17634,"comment_status":"closed","ping_status":"open","sticky":false,"template":"","format":"standard","meta":{"_acf_changed":false,"footnotes":""},"categories":[61],"tags":[149,958],"class_list":["post-17632","post","type-post","status-publish","format-standard","has-post-thumbnail","hentry","category-fisioterapia","tag-fisioterapia","tag-jornada-de-fisioterapia"],"acf":[],"yoast_head":"<!-- This site is optimized with the Yoast SEO plugin v26.5 - https:\/\/yoast.com\/wordpress\/plugins\/seo\/ -->\n<title>\u00c9 amanh\u00e3! X Jornada de Fisioterapia - Centro Universit\u00e1rio Santo Agostinho - UNIFSA<\/title>\n<meta name=\"robots\" content=\"index, follow, max-snippet:-1, max-image-preview:large, max-video-preview:-1\" \/>\n<link rel=\"canonical\" href=\"https:\/\/unifsa.com.br\/site\/e-amanha-x-jornada-de-fisioterapia\/\" \/>\n<meta property=\"og:locale\" content=\"pt_BR\" \/>\n<meta property=\"og:type\" content=\"article\" \/>\n<meta property=\"og:title\" content=\"\u00c9 amanh\u00e3! X Jornada de Fisioterapia - Centro Universit\u00e1rio Santo Agostinho - UNIFSA\" \/>\n<meta property=\"og:description\" content=\"A X Jornada de Fisioterapia inicia nesta sexta-feira, 04 de outubro, e promete entregar uma programa\u00e7\u00e3o incr\u00edvel para os participantes, trazendo novas t\u00e9cnicas de abordagens nas diversas \u00e1reas de atua\u00e7\u00e3o do fisioterapeuta.\" \/>\n<meta property=\"og:url\" content=\"https:\/\/unifsa.com.br\/site\/e-amanha-x-jornada-de-fisioterapia\/\" \/>\n<meta property=\"og:site_name\" content=\"Centro Universit\u00e1rio Santo Agostinho - UNIFSA\" \/>\n<meta property=\"article:publisher\" content=\"https:\/\/www.facebook.com\/unifsa\/\" \/>\n<meta property=\"article:published_time\" content=\"2022-11-03T18:24:40+00:00\" \/>\n<meta property=\"article:modified_time\" content=\"2022-11-03T19:14:50+00:00\" \/>\n<meta property=\"og:image\" content=\"https:\/\/unifsa.com.br\/site\/wp-content\/uploads\/2022\/11\/jorn_fisio_Tsite.jpg\" \/>\n\t<meta property=\"og:image:width\" content=\"1005\" \/>\n\t<meta property=\"og:image:height\" content=\"426\" \/>\n\t<meta property=\"og:image:type\" content=\"image\/jpeg\" \/>\n<meta name=\"author\" content=\"Oceannyra Kelly da Cruz Silva\" \/>\n<meta name=\"twitter:card\" content=\"summary_large_image\" \/>\n<meta name=\"twitter:label1\" content=\"Escrito por\" \/>\n\t<meta name=\"twitter:data1\" content=\"Oceannyra Kelly da Cruz Silva\" \/>\n\t<meta name=\"twitter:label2\" content=\"Est. tempo de leitura\" \/>\n\t<meta name=\"twitter:data2\" content=\"2 minutos\" \/>\n<script type=\"application\/ld+json\" class=\"yoast-schema-graph\">{\"@context\":\"https:\/\/schema.org\",\"@graph\":[{\"@type\":\"Article\",\"@id\":\"https:\/\/unifsa.com.br\/site\/e-amanha-x-jornada-de-fisioterapia\/#article\",\"isPartOf\":{\"@id\":\"https:\/\/unifsa.com.br\/site\/e-amanha-x-jornada-de-fisioterapia\/\"},\"author\":{\"name\":\"Oceannyra Kelly da Cruz Silva\",\"@id\":\"https:\/\/unifsa.com.br\/site\/#\/schema\/person\/a4cec94bbc6ddf98f579162824de9bf2\"},\"headline\":\"\u00c9 amanh\u00e3! X Jornada de Fisioterapia\",\"datePublished\":\"2022-11-03T18:24:40+00:00\",\"dateModified\":\"2022-11-03T19:14:50+00:00\",\"mainEntityOfPage\":{\"@id\":\"https:\/\/unifsa.com.br\/site\/e-amanha-x-jornada-de-fisioterapia\/\"},\"wordCount\":333,\"publisher\":{\"@id\":\"https:\/\/unifsa.com.br\/site\/#organization\"},\"image\":{\"@id\":\"https:\/\/unifsa.com.br\/site\/e-amanha-x-jornada-de-fisioterapia\/#primaryimage\"},\"thumbnailUrl\":\"https:\/\/unifsa.com.br\/site\/wp-content\/uploads\/2022\/11\/jorn_fisio_Tsite.jpg\",\"keywords\":[\"Fisioterapia\",\"Jornada de Fisioterapia\"],\"articleSection\":[\"Fisioterapia\"],\"inLanguage\":\"pt-BR\"},{\"@type\":\"WebPage\",\"@id\":\"https:\/\/unifsa.com.br\/site\/e-amanha-x-jornada-de-fisioterapia\/\",\"url\":\"https:\/\/unifsa.com.br\/site\/e-amanha-x-jornada-de-fisioterapia\/\",\"name\":\"\u00c9 amanh\u00e3! X Jornada de Fisioterapia - Centro Universit\u00e1rio Santo Agostinho - UNIFSA\",\"isPartOf\":{\"@id\":\"https:\/\/unifsa.com.br\/site\/#website\"},\"primaryImageOfPage\":{\"@id\":\"https:\/\/unifsa.com.br\/site\/e-amanha-x-jornada-de-fisioterapia\/#primaryimage\"},\"image\":{\"@id\":\"https:\/\/unifsa.com.br\/site\/e-amanha-x-jornada-de-fisioterapia\/#primaryimage\"},\"thumbnailUrl\":\"https:\/\/unifsa.com.br\/site\/wp-content\/uploads\/2022\/11\/jorn_fisio_Tsite.jpg\",\"datePublished\":\"2022-11-03T18:24:40+00:00\",\"dateModified\":\"2022-11-03T19:14:50+00:00\",\"breadcrumb\":{\"@id\":\"https:\/\/unifsa.com.br\/site\/e-amanha-x-jornada-de-fisioterapia\/#breadcrumb\"},\"inLanguage\":\"pt-BR\",\"potentialAction\":[{\"@type\":\"ReadAction\",\"target\":[\"https:\/\/unifsa.com.br\/site\/e-amanha-x-jornada-de-fisioterapia\/\"]}]},{\"@type\":\"ImageObject\",\"inLanguage\":\"pt-BR\",\"@id\":\"https:\/\/unifsa.com.br\/site\/e-amanha-x-jornada-de-fisioterapia\/#primaryimage\",\"url\":\"https:\/\/unifsa.com.br\/site\/wp-content\/uploads\/2022\/11\/jorn_fisio_Tsite.jpg\",\"contentUrl\":\"https:\/\/unifsa.com.br\/site\/wp-content\/uploads\/2022\/11\/jorn_fisio_Tsite.jpg\",\"width\":1005,\"height\":426},{\"@type\":\"BreadcrumbList\",\"@id\":\"https:\/\/unifsa.com.br\/site\/e-amanha-x-jornada-de-fisioterapia\/#breadcrumb\",\"itemListElement\":[{\"@type\":\"ListItem\",\"position\":1,\"name\":\"In\u00edcio\",\"item\":\"https:\/\/unifsa.com.br\/site\/\"},{\"@type\":\"ListItem\",\"position\":2,\"name\":\"\u00c9 amanh\u00e3! X Jornada de Fisioterapia\"}]},{\"@type\":\"WebSite\",\"@id\":\"https:\/\/unifsa.com.br\/site\/#website\",\"url\":\"https:\/\/unifsa.com.br\/site\/\",\"name\":\"Centro Universit\u00e1rio Santo Agostinho - UNIFSA\",\"description\":\"Conhecimento para toda a vida\",\"publisher\":{\"@id\":\"https:\/\/unifsa.com.br\/site\/#organization\"},\"potentialAction\":[{\"@type\":\"SearchAction\",\"target\":{\"@type\":\"EntryPoint\",\"urlTemplate\":\"https:\/\/unifsa.com.br\/site\/?s={search_term_string}\"},\"query-input\":{\"@type\":\"PropertyValueSpecification\",\"valueRequired\":true,\"valueName\":\"search_term_string\"}}],\"inLanguage\":\"pt-BR\"},{\"@type\":\"Organization\",\"@id\":\"https:\/\/unifsa.com.br\/site\/#organization\",\"name\":\"Centro Universit\u00e1rio Santo Agostinho - UNIFSA\",\"url\":\"https:\/\/unifsa.com.br\/site\/\",\"logo\":{\"@type\":\"ImageObject\",\"inLanguage\":\"pt-BR\",\"@id\":\"https:\/\/unifsa.com.br\/site\/#\/schema\/logo\/image\/\",\"url\":\"https:\/\/unifsa.com.br\/site\/wp-content\/uploads\/2023\/03\/MARCA-UNIFSA-CIC23-q2apjs1mt975cf1wl25b044coj90fwoiee1kya6800.png\",\"contentUrl\":\"https:\/\/unifsa.com.br\/site\/wp-content\/uploads\/2023\/03\/MARCA-UNIFSA-CIC23-q2apjs1mt975cf1wl25b044coj90fwoiee1kya6800.png\",\"width\":103,\"height\":100,\"caption\":\"Centro Universit\u00e1rio Santo Agostinho - UNIFSA\"},\"image\":{\"@id\":\"https:\/\/unifsa.com.br\/site\/#\/schema\/logo\/image\/\"},\"sameAs\":[\"https:\/\/www.facebook.com\/unifsa\/\",\"https:\/\/www.instagram.com\/unifsa\/\"]},{\"@type\":\"Person\",\"@id\":\"https:\/\/unifsa.com.br\/site\/#\/schema\/person\/a4cec94bbc6ddf98f579162824de9bf2\",\"name\":\"Oceannyra Kelly da Cruz Silva\",\"image\":{\"@type\":\"ImageObject\",\"inLanguage\":\"pt-BR\",\"@id\":\"https:\/\/unifsa.com.br\/site\/#\/schema\/person\/image\/\",\"url\":\"https:\/\/secure.gravatar.com\/avatar\/05c87cd6fa2c3c73262055bd9341438a47e77a37053b409b3cf4f8df60ea8eb8?s=96&d=mm&r=g\",\"contentUrl\":\"https:\/\/secure.gravatar.com\/avatar\/05c87cd6fa2c3c73262055bd9341438a47e77a37053b409b3cf4f8df60ea8eb8?s=96&d=mm&r=g\",\"caption\":\"Oceannyra Kelly da Cruz Silva\"},\"url\":\"https:\/\/unifsa.com.br\/site\/author\/oceannyrakelly\/\"}]}<\/script>\n<!-- \/ Yoast SEO plugin. -->","yoast_head_json":{"title":"\u00c9 amanh\u00e3! X Jornada de Fisioterapia - Centro Universit\u00e1rio Santo Agostinho - UNIFSA","robots":{"index":"index","follow":"follow","max-snippet":"max-snippet:-1","max-image-preview":"max-image-preview:large","max-video-preview":"max-video-preview:-1"},"canonical":"https:\/\/unifsa.com.br\/site\/e-amanha-x-jornada-de-fisioterapia\/","og_locale":"pt_BR","og_type":"article","og_title":"\u00c9 amanh\u00e3! X Jornada de Fisioterapia - Centro Universit\u00e1rio Santo Agostinho - UNIFSA","og_description":"A X Jornada de Fisioterapia inicia nesta sexta-feira, 04 de outubro, e promete entregar uma programa\u00e7\u00e3o incr\u00edvel para os participantes, trazendo novas t\u00e9cnicas de abordagens nas diversas \u00e1reas de atua\u00e7\u00e3o do fisioterapeuta.","og_url":"https:\/\/unifsa.com.br\/site\/e-amanha-x-jornada-de-fisioterapia\/","og_site_name":"Centro Universit\u00e1rio Santo Agostinho - UNIFSA","article_publisher":"https:\/\/www.facebook.com\/unifsa\/","article_published_time":"2022-11-03T18:24:40+00:00","article_modified_time":"2022-11-03T19:14:50+00:00","og_image":[{"width":1005,"height":426,"url":"https:\/\/unifsa.com.br\/site\/wp-content\/uploads\/2022\/11\/jorn_fisio_Tsite.jpg","type":"image\/jpeg"}],"author":"Oceannyra Kelly da Cruz Silva","twitter_card":"summary_large_image","twitter_misc":{"Escrito por":"Oceannyra Kelly da Cruz Silva","Est. tempo de leitura":"2 minutos"},"schema":{"@context":"https:\/\/schema.org","@graph":[{"@type":"Article","@id":"https:\/\/unifsa.com.br\/site\/e-amanha-x-jornada-de-fisioterapia\/#article","isPartOf":{"@id":"https:\/\/unifsa.com.br\/site\/e-amanha-x-jornada-de-fisioterapia\/"},"author":{"name":"Oceannyra Kelly da Cruz Silva","@id":"https:\/\/unifsa.com.br\/site\/#\/schema\/person\/a4cec94bbc6ddf98f579162824de9bf2"},"headline":"\u00c9 amanh\u00e3! X Jornada de Fisioterapia","datePublished":"2022-11-03T18:24:40+00:00","dateModified":"2022-11-03T19:14:50+00:00","mainEntityOfPage":{"@id":"https:\/\/unifsa.com.br\/site\/e-amanha-x-jornada-de-fisioterapia\/"},"wordCount":333,"publisher":{"@id":"https:\/\/unifsa.com.br\/site\/#organization"},"image":{"@id":"https:\/\/unifsa.com.br\/site\/e-amanha-x-jornada-de-fisioterapia\/#primaryimage"},"thumbnailUrl":"https:\/\/unifsa.com.br\/site\/wp-content\/uploads\/2022\/11\/jorn_fisio_Tsite.jpg","keywords":["Fisioterapia","Jornada de Fisioterapia"],"articleSection":["Fisioterapia"],"inLanguage":"pt-BR"},{"@type":"WebPage","@id":"https:\/\/unifsa.com.br\/site\/e-amanha-x-jornada-de-fisioterapia\/","url":"https:\/\/unifsa.com.br\/site\/e-amanha-x-jornada-de-fisioterapia\/","name":"\u00c9 amanh\u00e3! X Jornada de Fisioterapia - Centro Universit\u00e1rio Santo Agostinho - UNIFSA","isPartOf":{"@id":"https:\/\/unifsa.com.br\/site\/#website"},"primaryImageOfPage":{"@id":"https:\/\/unifsa.com.br\/site\/e-amanha-x-jornada-de-fisioterapia\/#primaryimage"},"image":{"@id":"https:\/\/unifsa.com.br\/site\/e-amanha-x-jornada-de-fisioterapia\/#primaryimage"},"thumbnailUrl":"https:\/\/unifsa.com.br\/site\/wp-content\/uploads\/2022\/11\/jorn_fisio_Tsite.jpg","datePublished":"2022-11-03T18:24:40+00:00","dateModified":"2022-11-03T19:14:50+00:00","breadcrumb":{"@id":"https:\/\/unifsa.com.br\/site\/e-amanha-x-jornada-de-fisioterapia\/#breadcrumb"},"inLanguage":"pt-BR","potentialAction":[{"@type":"ReadAction","target":["https:\/\/unifsa.com.br\/site\/e-amanha-x-jornada-de-fisioterapia\/"]}]},{"@type":"ImageObject","inLanguage":"pt-BR","@id":"https:\/\/unifsa.com.br\/site\/e-amanha-x-jornada-de-fisioterapia\/#primaryimage","url":"https:\/\/unifsa.com.br\/site\/wp-content\/uploads\/2022\/11\/jorn_fisio_Tsite.jpg","contentUrl":"https:\/\/unifsa.com.br\/site\/wp-content\/uploads\/2022\/11\/jorn_fisio_Tsite.jpg","width":1005,"height":426},{"@type":"BreadcrumbList","@id":"https:\/\/unifsa.com.br\/site\/e-amanha-x-jornada-de-fisioterapia\/#breadcrumb","itemListElement":[{"@type":"ListItem","position":1,"name":"In\u00edcio","item":"https:\/\/unifsa.com.br\/site\/"},{"@type":"ListItem","position":2,"name":"\u00c9 amanh\u00e3! X Jornada de Fisioterapia"}]},{"@type":"WebSite","@id":"https:\/\/unifsa.com.br\/site\/#website","url":"https:\/\/unifsa.com.br\/site\/","name":"Centro Universit\u00e1rio Santo Agostinho - UNIFSA","description":"Conhecimento para toda a vida","publisher":{"@id":"https:\/\/unifsa.com.br\/site\/#organization"},"potentialAction":[{"@type":"SearchAction","target":{"@type":"EntryPoint","urlTemplate":"https:\/\/unifsa.com.br\/site\/?s={search_term_string}"},"query-input":{"@type":"PropertyValueSpecification","valueRequired":true,"valueName":"search_term_string"}}],"inLanguage":"pt-BR"},{"@type":"Organization","@id":"https:\/\/unifsa.com.br\/site\/#organization","name":"Centro Universit\u00e1rio Santo Agostinho - UNIFSA","url":"https:\/\/unifsa.com.br\/site\/","logo":{"@type":"ImageObject","inLanguage":"pt-BR","@id":"https:\/\/unifsa.com.br\/site\/#\/schema\/logo\/image\/","url":"https:\/\/unifsa.com.br\/site\/wp-content\/uploads\/2023\/03\/MARCA-UNIFSA-CIC23-q2apjs1mt975cf1wl25b044coj90fwoiee1kya6800.png","contentUrl":"https:\/\/unifsa.com.br\/site\/wp-content\/uploads\/2023\/03\/MARCA-UNIFSA-CIC23-q2apjs1mt975cf1wl25b044coj90fwoiee1kya6800.png","width":103,"height":100,"caption":"Centro Universit\u00e1rio Santo Agostinho - UNIFSA"},"image":{"@id":"https:\/\/unifsa.com.br\/site\/#\/schema\/logo\/image\/"},"sameAs":["https:\/\/www.facebook.com\/unifsa\/","https:\/\/www.instagram.com\/unifsa\/"]},{"@type":"Person","@id":"https:\/\/unifsa.com.br\/site\/#\/schema\/person\/a4cec94bbc6ddf98f579162824de9bf2","name":"Oceannyra Kelly da Cruz Silva","image":{"@type":"ImageObject","inLanguage":"pt-BR","@id":"https:\/\/unifsa.com.br\/site\/#\/schema\/person\/image\/","url":"https:\/\/secure.gravatar.com\/avatar\/05c87cd6fa2c3c73262055bd9341438a47e77a37053b409b3cf4f8df60ea8eb8?s=96&d=mm&r=g","contentUrl":"https:\/\/secure.gravatar.com\/avatar\/05c87cd6fa2c3c73262055bd9341438a47e77a37053b409b3cf4f8df60ea8eb8?s=96&d=mm&r=g","caption":"Oceannyra Kelly da Cruz Silva"},"url":"https:\/\/unifsa.com.br\/site\/author\/oceannyrakelly\/"}]}},"_links":{"self":[{"href":"https:\/\/unifsa.com.br\/site\/wp-json\/wp\/v2\/posts\/17632","targetHints":{"allow":["GET"]}}],"collection":[{"href":"https:\/\/unifsa.com.br\/site\/wp-json\/wp\/v2\/posts"}],"about":[{"href":"https:\/\/unifsa.com.br\/site\/wp-json\/wp\/v2\/types\/post"}],"author":[{"embeddable":true,"href":"https:\/\/unifsa.com.br\/site\/wp-json\/wp\/v2\/users\/11"}],"replies":[{"embeddable":true,"href":"https:\/\/unifsa.com.br\/site\/wp-json\/wp\/v2\/comments?post=17632"}],"version-history":[{"count":1,"href":"https:\/\/unifsa.com.br\/site\/wp-json\/wp\/v2\/posts\/17632\/revisions"}],"predecessor-version":[{"id":17633,"href":"https:\/\/unifsa.com.br\/site\/wp-json\/wp\/v2\/posts\/17632\/revisions\/17633"}],"wp:featuredmedia":[{"embeddable":true,"href":"https:\/\/unifsa.com.br\/site\/wp-json\/wp\/v2\/media\/17634"}],"wp:attachment":[{"href":"https:\/\/unifsa.com.br\/site\/wp-json\/wp\/v2\/media?parent=17632"}],"wp:term":[{"taxonomy":"category","embeddable":true,"href":"https:\/\/unifsa.com.br\/site\/wp-json\/wp\/v2\/categories?post=17632"},{"taxonomy":"post_tag","embeddable":true,"href":"https:\/\/unifsa.com.br\/site\/wp-json\/wp\/v2\/tags?post=17632"}],"curies":[{"name":"wp","href":"https:\/\/api.w.org\/{rel}","templated":true}]}}