{"id":17558,"date":"2022-10-31T18:59:11","date_gmt":"2022-10-31T21:59:11","guid":{"rendered":"https:\/\/unifsa.com.br\/site\/?p=17558"},"modified":"2022-11-11T14:12:40","modified_gmt":"2022-11-11T17:12:40","slug":"inscricoes-abertas-para-o-ii-workshop-farmaceutico-unifsa","status":"publish","type":"post","link":"https:\/\/unifsa.com.br\/site\/inscricoes-abertas-para-o-ii-workshop-farmaceutico-unifsa\/","title":{"rendered":"Inscri\u00e7\u00f5es abertas para o II Workshop Farmac\u00eautico UNIFSA"},"content":{"rendered":"\n<p class=\"has-drop-cap texto-justificado\">O Centro Universit\u00e1rio Santo Agostinho, por meio da gradua\u00e7\u00e3o em Farm\u00e1cia, realiza o <strong>II Workshop Farmac\u00eautico<\/strong> no dia 11 de novembro, na Sala de Confer\u00eancia do Anexo II, com carga hor\u00e1ria de 10h. Focando em acad\u00eamicos da \u00e1rea e profissionais atuantes que buscam aperfei\u00e7oamento dos conhecimentos inovadores e amplos, as inscri\u00e7\u00f5es ser\u00e3o realizadas via sympla: sendo 01 pacote de leite em p\u00f3 para estudantes do UNIFSA, e R$25,00 para a comunidade externa.<\/p>\n\n\n\n<div class=\"wp-block-button aligncenter\"><a class=\"wp-block-button__link has-background has-vivid-cyan-blue-background-color\" href=\"https:\/\/www.sympla.com.br\/evento\/ii-workshop-farmaceutico-unifsa---orientacao-farmaceutica-na-atualidade\/1775951?_gl=1*plaq0a*_ga*NDQ1MTMzNjM2LjE2NjMxNjA1NzQ.*_ga_KXH10SQTZF*MTY2NzI0NzE4My41MS4xLjE2NjcyNDg3NzAuMC4wLjA.\">Inscreva-se<\/a><\/div>\n\n\n\n<p class=\"texto-justificado\">Sob o tema &#8220;<strong>Orienta\u00e7\u00e3o Farmac\u00eautica na Atualidade<\/strong>&#8220;, o workshop \u00e9 tem o objetivo de abordar e discutir o papel do farmac\u00eautico no \u00e2mbito da Assist\u00eancia Farmac\u00eautica, articulando o conhecimento e as habilidades como mecanismo de forma\u00e7\u00e3o e atua\u00e7\u00e3o profissional, garantindo assim pr\u00e1ticas seguras no uso de medicamentos nos servi\u00e7os de sa\u00fade.&nbsp; <\/p>\n\n\n\n<p class=\"texto-justificado\">O evento acontece em comemora\u00e7\u00e3o ao dia da Orienta\u00e7\u00e3o Farmac\u00eautica, e promete entregar aos participantes uma programa\u00e7\u00e3o recheada de conte\u00fados atuais e inovadores acerca do mercado de trabalho, como afirma a coordenadora do curso na institui\u00e7\u00e3o, Profa. Dra. Maria Helena Rodrigues Mesquita Britto.<\/p>\n\n\n\n<blockquote class=\"wp-block-quote texto-justificado is-layout-flow wp-block-quote-is-layout-flow\"><p> O dia 11 de novembro \u00e9 o dia da Orienta\u00e7\u00e3o Farmac\u00eautica, pr\u00e1tica relevante dentro da Aten\u00e7\u00e3o Farmac\u00eautica. Assim, sentindo-se a necessidade de abordar e discutir tal tem\u00e1tica, ser\u00e3o convidados Farmac\u00eauticos para proferirem palestras com conte\u00fado te\u00f3rico acerca da Orienta\u00e7\u00e3o Farmac\u00eautica.&nbsp; As tem\u00e1ticas abordadas no workshop foram escolhidas com base no novo perfil do formando egresso\/profissional Farmac\u00eautico e por meio de inovadoras atua\u00e7\u00f5es desse profissional no mercado de trabalho.&nbsp; <\/p><cite>Profa. Dra. Maria Helena Rodrigues Mesquita Britto, coordenadora da gradua\u00e7\u00e3o em Farm\u00e1cia do UNIFSA<\/cite><\/blockquote>\n\n\n\n<h4 class=\"has-vivid-cyan-blue-color has-text-color wp-block-heading\">Confira a programa\u00e7\u00e3o completa:<\/h4>\n\n\n\n<figure class=\"wp-block-table\"><table class=\"\"><tbody><tr><td><strong>DATA<\/strong>&nbsp;<\/td><td><strong>HOR\u00c1RIO<\/strong>&nbsp;<\/td><td><strong>ATIVIDADE<\/strong>&nbsp;<\/td><td><strong>MINISTRANTE<\/strong>&nbsp;<\/td><td><strong>LOCAL<\/strong><\/td><\/tr><tr><td>11.11.2022&nbsp;<\/td><td>8h \u00e0s 10h&nbsp;<\/td><td>\u00a0Palestra: &#8220;Orienta\u00e7\u00e3o farmac\u00eautico no \u00e2mbito hospitalar&#8221;<\/td><td>Dr. Manoel Pinheiro L\u00facio Neto<\/td><td><strong> Sala de Confer\u00eancia <br>Anexo II<\/strong><\/td><\/tr><tr><td>11.11.2022&nbsp;<\/td><td>10h \u00e0s 12h&nbsp;<\/td><td> Palestra: \u201cA import\u00e2ncia da Orienta\u00e7\u00e3o Farmac\u00eautica na ades\u00e3o farmacoterap\u00eautica\u201d <\/td><td> Me. Naiguel Castelo Branco Silva\u00a0 <\/td><td>  <strong> Sala de Confer\u00eancia <br>Anexo II<\/strong> <\/td><\/tr><tr><td>11.11.2022&nbsp;<\/td><td>9h \u00e0s 12h&nbsp;<\/td><td>Exposi\u00e7\u00e3o de produtos da Farm\u00e1cia Escola&nbsp;<\/td><td>Jordanna di Paula dos Santos Sousa&nbsp;<\/td><td><strong>Hall de entrada Anexo II<\/strong><\/td><\/tr><tr><td>11.11.2022&nbsp;<\/td><td>8h \u00e0s 10h&nbsp;<\/td><td>Aferi\u00e7\u00e3o de press\u00e3o arterial e medi\u00e7\u00e3o de glicemia capilar&nbsp;<\/td><td>Dra. Alessandra Camillo da Silveira Castelo Branco&nbsp;Msc. Joseana Martins Soares de Rodrigues Leit\u00e3o&nbsp;<\/td><td>  <strong>Hall de entrada Anexo II<\/strong> <\/td><\/tr><tr><td>11.11.2022&nbsp;<\/td><td>8h \u00e0s 10h&nbsp;<\/td><td>Orienta\u00e7\u00e3o Farmac\u00eautica quanto ao uso de plantas medicinais&nbsp;<\/td><td>Msc. Bernardo Melo Neto&nbsp;Msc. Adolfo Marcito Campos de Oliveira&nbsp;<\/td><td>  <strong>Hall de entrada Anexo II<\/strong> <\/td><\/tr><\/tbody><\/table><\/figure>\n","protected":false},"excerpt":{"rendered":"<p>O Centro Universit\u00e1rio Santo Agostinho, por meio da gradua\u00e7\u00e3o em Farm\u00e1cia, realiza o II Workshop Farmac\u00eautico no dia 11 de novembro, no  Audit\u00f3rio Manoel Cipriano Lira  (Sede UNIFSA), com carga hor\u00e1ria de 10h.<\/p>\n","protected":false},"author":11,"featured_media":17578,"comment_status":"closed","ping_status":"open","sticky":false,"template":"","format":"standard","meta":{"_acf_changed":false,"footnotes":""},"categories":[6,60],"tags":[180,988,609],"class_list":["post-17558","post","type-post","status-publish","format-standard","has-post-thumbnail","hentry","category-acontece-na-unifsa","category-farmacia","tag-farmacia","tag-orientacao-farmaceutica","tag-workshop"],"acf":[],"yoast_head":"<!-- This site is optimized with the Yoast SEO plugin v26.5 - https:\/\/yoast.com\/wordpress\/plugins\/seo\/ -->\n<title>Inscri\u00e7\u00f5es abertas para o II Workshop Farmac\u00eautico UNIFSA - Centro Universit\u00e1rio Santo Agostinho - UNIFSA<\/title>\n<meta name=\"robots\" content=\"index, follow, max-snippet:-1, max-image-preview:large, max-video-preview:-1\" \/>\n<link rel=\"canonical\" href=\"https:\/\/unifsa.com.br\/site\/inscricoes-abertas-para-o-ii-workshop-farmaceutico-unifsa\/\" \/>\n<meta property=\"og:locale\" content=\"pt_BR\" \/>\n<meta property=\"og:type\" content=\"article\" \/>\n<meta property=\"og:title\" content=\"Inscri\u00e7\u00f5es abertas para o II Workshop Farmac\u00eautico UNIFSA - Centro Universit\u00e1rio Santo Agostinho - UNIFSA\" \/>\n<meta property=\"og:description\" content=\"O Centro Universit\u00e1rio Santo Agostinho, por meio da gradua\u00e7\u00e3o em Farm\u00e1cia, realiza o II Workshop Farmac\u00eautico no dia 11 de novembro, no Audit\u00f3rio Manoel Cipriano Lira (Sede UNIFSA), com carga hor\u00e1ria de 10h.\" \/>\n<meta property=\"og:url\" content=\"https:\/\/unifsa.com.br\/site\/inscricoes-abertas-para-o-ii-workshop-farmaceutico-unifsa\/\" \/>\n<meta property=\"og:site_name\" content=\"Centro Universit\u00e1rio Santo Agostinho - UNIFSA\" \/>\n<meta property=\"article:publisher\" content=\"https:\/\/www.facebook.com\/unifsa\/\" \/>\n<meta property=\"article:published_time\" content=\"2022-10-31T21:59:11+00:00\" \/>\n<meta property=\"article:modified_time\" content=\"2022-11-11T17:12:40+00:00\" \/>\n<meta property=\"og:image\" content=\"https:\/\/unifsa.com.br\/site\/wp-content\/uploads\/2022\/10\/image-9.png\" \/>\n\t<meta property=\"og:image:width\" content=\"1005\" \/>\n\t<meta property=\"og:image:height\" content=\"426\" \/>\n\t<meta property=\"og:image:type\" content=\"image\/png\" \/>\n<meta name=\"author\" content=\"Oceannyra Kelly da Cruz Silva\" \/>\n<meta name=\"twitter:card\" content=\"summary_large_image\" \/>\n<meta name=\"twitter:label1\" content=\"Escrito por\" \/>\n\t<meta name=\"twitter:data1\" content=\"Oceannyra Kelly da Cruz Silva\" \/>\n\t<meta name=\"twitter:label2\" content=\"Est. tempo de leitura\" \/>\n\t<meta name=\"twitter:data2\" content=\"2 minutos\" \/>\n<script type=\"application\/ld+json\" class=\"yoast-schema-graph\">{\"@context\":\"https:\/\/schema.org\",\"@graph\":[{\"@type\":\"Article\",\"@id\":\"https:\/\/unifsa.com.br\/site\/inscricoes-abertas-para-o-ii-workshop-farmaceutico-unifsa\/#article\",\"isPartOf\":{\"@id\":\"https:\/\/unifsa.com.br\/site\/inscricoes-abertas-para-o-ii-workshop-farmaceutico-unifsa\/\"},\"author\":{\"name\":\"Oceannyra Kelly da Cruz Silva\",\"@id\":\"https:\/\/unifsa.com.br\/site\/#\/schema\/person\/a4cec94bbc6ddf98f579162824de9bf2\"},\"headline\":\"Inscri\u00e7\u00f5es abertas para o II Workshop Farmac\u00eautico UNIFSA\",\"datePublished\":\"2022-10-31T21:59:11+00:00\",\"dateModified\":\"2022-11-11T17:12:40+00:00\",\"mainEntityOfPage\":{\"@id\":\"https:\/\/unifsa.com.br\/site\/inscricoes-abertas-para-o-ii-workshop-farmaceutico-unifsa\/\"},\"wordCount\":470,\"publisher\":{\"@id\":\"https:\/\/unifsa.com.br\/site\/#organization\"},\"image\":{\"@id\":\"https:\/\/unifsa.com.br\/site\/inscricoes-abertas-para-o-ii-workshop-farmaceutico-unifsa\/#primaryimage\"},\"thumbnailUrl\":\"https:\/\/unifsa.com.br\/site\/wp-content\/uploads\/2022\/10\/image-9.png\",\"keywords\":[\"Farm\u00e1cia\",\"Orienta\u00e7\u00e3o Farmac\u00eautica\",\"workshop\"],\"articleSection\":[\"Acontece na UNIFSA\",\"Farm\u00e1cia\"],\"inLanguage\":\"pt-BR\"},{\"@type\":\"WebPage\",\"@id\":\"https:\/\/unifsa.com.br\/site\/inscricoes-abertas-para-o-ii-workshop-farmaceutico-unifsa\/\",\"url\":\"https:\/\/unifsa.com.br\/site\/inscricoes-abertas-para-o-ii-workshop-farmaceutico-unifsa\/\",\"name\":\"Inscri\u00e7\u00f5es abertas para o II Workshop Farmac\u00eautico UNIFSA - Centro Universit\u00e1rio Santo Agostinho - UNIFSA\",\"isPartOf\":{\"@id\":\"https:\/\/unifsa.com.br\/site\/#website\"},\"primaryImageOfPage\":{\"@id\":\"https:\/\/unifsa.com.br\/site\/inscricoes-abertas-para-o-ii-workshop-farmaceutico-unifsa\/#primaryimage\"},\"image\":{\"@id\":\"https:\/\/unifsa.com.br\/site\/inscricoes-abertas-para-o-ii-workshop-farmaceutico-unifsa\/#primaryimage\"},\"thumbnailUrl\":\"https:\/\/unifsa.com.br\/site\/wp-content\/uploads\/2022\/10\/image-9.png\",\"datePublished\":\"2022-10-31T21:59:11+00:00\",\"dateModified\":\"2022-11-11T17:12:40+00:00\",\"breadcrumb\":{\"@id\":\"https:\/\/unifsa.com.br\/site\/inscricoes-abertas-para-o-ii-workshop-farmaceutico-unifsa\/#breadcrumb\"},\"inLanguage\":\"pt-BR\",\"potentialAction\":[{\"@type\":\"ReadAction\",\"target\":[\"https:\/\/unifsa.com.br\/site\/inscricoes-abertas-para-o-ii-workshop-farmaceutico-unifsa\/\"]}]},{\"@type\":\"ImageObject\",\"inLanguage\":\"pt-BR\",\"@id\":\"https:\/\/unifsa.com.br\/site\/inscricoes-abertas-para-o-ii-workshop-farmaceutico-unifsa\/#primaryimage\",\"url\":\"https:\/\/unifsa.com.br\/site\/wp-content\/uploads\/2022\/10\/image-9.png\",\"contentUrl\":\"https:\/\/unifsa.com.br\/site\/wp-content\/uploads\/2022\/10\/image-9.png\",\"width\":1005,\"height\":426},{\"@type\":\"BreadcrumbList\",\"@id\":\"https:\/\/unifsa.com.br\/site\/inscricoes-abertas-para-o-ii-workshop-farmaceutico-unifsa\/#breadcrumb\",\"itemListElement\":[{\"@type\":\"ListItem\",\"position\":1,\"name\":\"In\u00edcio\",\"item\":\"https:\/\/unifsa.com.br\/site\/\"},{\"@type\":\"ListItem\",\"position\":2,\"name\":\"Inscri\u00e7\u00f5es abertas para o II Workshop Farmac\u00eautico UNIFSA\"}]},{\"@type\":\"WebSite\",\"@id\":\"https:\/\/unifsa.com.br\/site\/#website\",\"url\":\"https:\/\/unifsa.com.br\/site\/\",\"name\":\"Centro Universit\u00e1rio Santo Agostinho - UNIFSA\",\"description\":\"Conhecimento para toda a vida\",\"publisher\":{\"@id\":\"https:\/\/unifsa.com.br\/site\/#organization\"},\"potentialAction\":[{\"@type\":\"SearchAction\",\"target\":{\"@type\":\"EntryPoint\",\"urlTemplate\":\"https:\/\/unifsa.com.br\/site\/?s={search_term_string}\"},\"query-input\":{\"@type\":\"PropertyValueSpecification\",\"valueRequired\":true,\"valueName\":\"search_term_string\"}}],\"inLanguage\":\"pt-BR\"},{\"@type\":\"Organization\",\"@id\":\"https:\/\/unifsa.com.br\/site\/#organization\",\"name\":\"Centro Universit\u00e1rio Santo Agostinho - UNIFSA\",\"url\":\"https:\/\/unifsa.com.br\/site\/\",\"logo\":{\"@type\":\"ImageObject\",\"inLanguage\":\"pt-BR\",\"@id\":\"https:\/\/unifsa.com.br\/site\/#\/schema\/logo\/image\/\",\"url\":\"https:\/\/unifsa.com.br\/site\/wp-content\/uploads\/2023\/03\/MARCA-UNIFSA-CIC23-q2apjs1mt975cf1wl25b044coj90fwoiee1kya6800.png\",\"contentUrl\":\"https:\/\/unifsa.com.br\/site\/wp-content\/uploads\/2023\/03\/MARCA-UNIFSA-CIC23-q2apjs1mt975cf1wl25b044coj90fwoiee1kya6800.png\",\"width\":103,\"height\":100,\"caption\":\"Centro Universit\u00e1rio Santo Agostinho - UNIFSA\"},\"image\":{\"@id\":\"https:\/\/unifsa.com.br\/site\/#\/schema\/logo\/image\/\"},\"sameAs\":[\"https:\/\/www.facebook.com\/unifsa\/\",\"https:\/\/www.instagram.com\/unifsa\/\"]},{\"@type\":\"Person\",\"@id\":\"https:\/\/unifsa.com.br\/site\/#\/schema\/person\/a4cec94bbc6ddf98f579162824de9bf2\",\"name\":\"Oceannyra Kelly da Cruz Silva\",\"image\":{\"@type\":\"ImageObject\",\"inLanguage\":\"pt-BR\",\"@id\":\"https:\/\/unifsa.com.br\/site\/#\/schema\/person\/image\/\",\"url\":\"https:\/\/secure.gravatar.com\/avatar\/05c87cd6fa2c3c73262055bd9341438a47e77a37053b409b3cf4f8df60ea8eb8?s=96&d=mm&r=g\",\"contentUrl\":\"https:\/\/secure.gravatar.com\/avatar\/05c87cd6fa2c3c73262055bd9341438a47e77a37053b409b3cf4f8df60ea8eb8?s=96&d=mm&r=g\",\"caption\":\"Oceannyra Kelly da Cruz Silva\"},\"url\":\"https:\/\/unifsa.com.br\/site\/author\/oceannyrakelly\/\"}]}<\/script>\n<!-- \/ Yoast SEO plugin. -->","yoast_head_json":{"title":"Inscri\u00e7\u00f5es abertas para o II Workshop Farmac\u00eautico UNIFSA - Centro Universit\u00e1rio Santo Agostinho - UNIFSA","robots":{"index":"index","follow":"follow","max-snippet":"max-snippet:-1","max-image-preview":"max-image-preview:large","max-video-preview":"max-video-preview:-1"},"canonical":"https:\/\/unifsa.com.br\/site\/inscricoes-abertas-para-o-ii-workshop-farmaceutico-unifsa\/","og_locale":"pt_BR","og_type":"article","og_title":"Inscri\u00e7\u00f5es abertas para o II Workshop Farmac\u00eautico UNIFSA - Centro Universit\u00e1rio Santo Agostinho - UNIFSA","og_description":"O Centro Universit\u00e1rio Santo Agostinho, por meio da gradua\u00e7\u00e3o em Farm\u00e1cia, realiza o II Workshop Farmac\u00eautico no dia 11 de novembro, no Audit\u00f3rio Manoel Cipriano Lira (Sede UNIFSA), com carga hor\u00e1ria de 10h.","og_url":"https:\/\/unifsa.com.br\/site\/inscricoes-abertas-para-o-ii-workshop-farmaceutico-unifsa\/","og_site_name":"Centro Universit\u00e1rio Santo Agostinho - UNIFSA","article_publisher":"https:\/\/www.facebook.com\/unifsa\/","article_published_time":"2022-10-31T21:59:11+00:00","article_modified_time":"2022-11-11T17:12:40+00:00","og_image":[{"width":1005,"height":426,"url":"https:\/\/unifsa.com.br\/site\/wp-content\/uploads\/2022\/10\/image-9.png","type":"image\/png"}],"author":"Oceannyra Kelly da Cruz Silva","twitter_card":"summary_large_image","twitter_misc":{"Escrito por":"Oceannyra Kelly da Cruz Silva","Est. tempo de leitura":"2 minutos"},"schema":{"@context":"https:\/\/schema.org","@graph":[{"@type":"Article","@id":"https:\/\/unifsa.com.br\/site\/inscricoes-abertas-para-o-ii-workshop-farmaceutico-unifsa\/#article","isPartOf":{"@id":"https:\/\/unifsa.com.br\/site\/inscricoes-abertas-para-o-ii-workshop-farmaceutico-unifsa\/"},"author":{"name":"Oceannyra Kelly da Cruz Silva","@id":"https:\/\/unifsa.com.br\/site\/#\/schema\/person\/a4cec94bbc6ddf98f579162824de9bf2"},"headline":"Inscri\u00e7\u00f5es abertas para o II Workshop Farmac\u00eautico UNIFSA","datePublished":"2022-10-31T21:59:11+00:00","dateModified":"2022-11-11T17:12:40+00:00","mainEntityOfPage":{"@id":"https:\/\/unifsa.com.br\/site\/inscricoes-abertas-para-o-ii-workshop-farmaceutico-unifsa\/"},"wordCount":470,"publisher":{"@id":"https:\/\/unifsa.com.br\/site\/#organization"},"image":{"@id":"https:\/\/unifsa.com.br\/site\/inscricoes-abertas-para-o-ii-workshop-farmaceutico-unifsa\/#primaryimage"},"thumbnailUrl":"https:\/\/unifsa.com.br\/site\/wp-content\/uploads\/2022\/10\/image-9.png","keywords":["Farm\u00e1cia","Orienta\u00e7\u00e3o Farmac\u00eautica","workshop"],"articleSection":["Acontece na UNIFSA","Farm\u00e1cia"],"inLanguage":"pt-BR"},{"@type":"WebPage","@id":"https:\/\/unifsa.com.br\/site\/inscricoes-abertas-para-o-ii-workshop-farmaceutico-unifsa\/","url":"https:\/\/unifsa.com.br\/site\/inscricoes-abertas-para-o-ii-workshop-farmaceutico-unifsa\/","name":"Inscri\u00e7\u00f5es abertas para o II Workshop Farmac\u00eautico UNIFSA - Centro Universit\u00e1rio Santo Agostinho - UNIFSA","isPartOf":{"@id":"https:\/\/unifsa.com.br\/site\/#website"},"primaryImageOfPage":{"@id":"https:\/\/unifsa.com.br\/site\/inscricoes-abertas-para-o-ii-workshop-farmaceutico-unifsa\/#primaryimage"},"image":{"@id":"https:\/\/unifsa.com.br\/site\/inscricoes-abertas-para-o-ii-workshop-farmaceutico-unifsa\/#primaryimage"},"thumbnailUrl":"https:\/\/unifsa.com.br\/site\/wp-content\/uploads\/2022\/10\/image-9.png","datePublished":"2022-10-31T21:59:11+00:00","dateModified":"2022-11-11T17:12:40+00:00","breadcrumb":{"@id":"https:\/\/unifsa.com.br\/site\/inscricoes-abertas-para-o-ii-workshop-farmaceutico-unifsa\/#breadcrumb"},"inLanguage":"pt-BR","potentialAction":[{"@type":"ReadAction","target":["https:\/\/unifsa.com.br\/site\/inscricoes-abertas-para-o-ii-workshop-farmaceutico-unifsa\/"]}]},{"@type":"ImageObject","inLanguage":"pt-BR","@id":"https:\/\/unifsa.com.br\/site\/inscricoes-abertas-para-o-ii-workshop-farmaceutico-unifsa\/#primaryimage","url":"https:\/\/unifsa.com.br\/site\/wp-content\/uploads\/2022\/10\/image-9.png","contentUrl":"https:\/\/unifsa.com.br\/site\/wp-content\/uploads\/2022\/10\/image-9.png","width":1005,"height":426},{"@type":"BreadcrumbList","@id":"https:\/\/unifsa.com.br\/site\/inscricoes-abertas-para-o-ii-workshop-farmaceutico-unifsa\/#breadcrumb","itemListElement":[{"@type":"ListItem","position":1,"name":"In\u00edcio","item":"https:\/\/unifsa.com.br\/site\/"},{"@type":"ListItem","position":2,"name":"Inscri\u00e7\u00f5es abertas para o II Workshop Farmac\u00eautico UNIFSA"}]},{"@type":"WebSite","@id":"https:\/\/unifsa.com.br\/site\/#website","url":"https:\/\/unifsa.com.br\/site\/","name":"Centro Universit\u00e1rio Santo Agostinho - UNIFSA","description":"Conhecimento para toda a vida","publisher":{"@id":"https:\/\/unifsa.com.br\/site\/#organization"},"potentialAction":[{"@type":"SearchAction","target":{"@type":"EntryPoint","urlTemplate":"https:\/\/unifsa.com.br\/site\/?s={search_term_string}"},"query-input":{"@type":"PropertyValueSpecification","valueRequired":true,"valueName":"search_term_string"}}],"inLanguage":"pt-BR"},{"@type":"Organization","@id":"https:\/\/unifsa.com.br\/site\/#organization","name":"Centro Universit\u00e1rio Santo Agostinho - UNIFSA","url":"https:\/\/unifsa.com.br\/site\/","logo":{"@type":"ImageObject","inLanguage":"pt-BR","@id":"https:\/\/unifsa.com.br\/site\/#\/schema\/logo\/image\/","url":"https:\/\/unifsa.com.br\/site\/wp-content\/uploads\/2023\/03\/MARCA-UNIFSA-CIC23-q2apjs1mt975cf1wl25b044coj90fwoiee1kya6800.png","contentUrl":"https:\/\/unifsa.com.br\/site\/wp-content\/uploads\/2023\/03\/MARCA-UNIFSA-CIC23-q2apjs1mt975cf1wl25b044coj90fwoiee1kya6800.png","width":103,"height":100,"caption":"Centro Universit\u00e1rio Santo Agostinho - UNIFSA"},"image":{"@id":"https:\/\/unifsa.com.br\/site\/#\/schema\/logo\/image\/"},"sameAs":["https:\/\/www.facebook.com\/unifsa\/","https:\/\/www.instagram.com\/unifsa\/"]},{"@type":"Person","@id":"https:\/\/unifsa.com.br\/site\/#\/schema\/person\/a4cec94bbc6ddf98f579162824de9bf2","name":"Oceannyra Kelly da Cruz Silva","image":{"@type":"ImageObject","inLanguage":"pt-BR","@id":"https:\/\/unifsa.com.br\/site\/#\/schema\/person\/image\/","url":"https:\/\/secure.gravatar.com\/avatar\/05c87cd6fa2c3c73262055bd9341438a47e77a37053b409b3cf4f8df60ea8eb8?s=96&d=mm&r=g","contentUrl":"https:\/\/secure.gravatar.com\/avatar\/05c87cd6fa2c3c73262055bd9341438a47e77a37053b409b3cf4f8df60ea8eb8?s=96&d=mm&r=g","caption":"Oceannyra Kelly da Cruz Silva"},"url":"https:\/\/unifsa.com.br\/site\/author\/oceannyrakelly\/"}]}},"_links":{"self":[{"href":"https:\/\/unifsa.com.br\/site\/wp-json\/wp\/v2\/posts\/17558","targetHints":{"allow":["GET"]}}],"collection":[{"href":"https:\/\/unifsa.com.br\/site\/wp-json\/wp\/v2\/posts"}],"about":[{"href":"https:\/\/unifsa.com.br\/site\/wp-json\/wp\/v2\/types\/post"}],"author":[{"embeddable":true,"href":"https:\/\/unifsa.com.br\/site\/wp-json\/wp\/v2\/users\/11"}],"replies":[{"embeddable":true,"href":"https:\/\/unifsa.com.br\/site\/wp-json\/wp\/v2\/comments?post=17558"}],"version-history":[{"count":8,"href":"https:\/\/unifsa.com.br\/site\/wp-json\/wp\/v2\/posts\/17558\/revisions"}],"predecessor-version":[{"id":17875,"href":"https:\/\/unifsa.com.br\/site\/wp-json\/wp\/v2\/posts\/17558\/revisions\/17875"}],"wp:featuredmedia":[{"embeddable":true,"href":"https:\/\/unifsa.com.br\/site\/wp-json\/wp\/v2\/media\/17578"}],"wp:attachment":[{"href":"https:\/\/unifsa.com.br\/site\/wp-json\/wp\/v2\/media?parent=17558"}],"wp:term":[{"taxonomy":"category","embeddable":true,"href":"https:\/\/unifsa.com.br\/site\/wp-json\/wp\/v2\/categories?post=17558"},{"taxonomy":"post_tag","embeddable":true,"href":"https:\/\/unifsa.com.br\/site\/wp-json\/wp\/v2\/tags?post=17558"}],"curies":[{"name":"wp","href":"https:\/\/api.w.org\/{rel}","templated":true}]}}