{"id":17451,"date":"2022-10-27T10:31:47","date_gmt":"2022-10-27T13:31:47","guid":{"rendered":"https:\/\/unifsa.com.br\/site\/?p=17451"},"modified":"2022-10-27T13:12:10","modified_gmt":"2022-10-27T16:12:10","slug":"unifsa-inaugura-laboratorio-de-energias-renovaveis-com-treinamento-para-docentes","status":"publish","type":"post","link":"https:\/\/unifsa.com.br\/site\/unifsa-inaugura-laboratorio-de-energias-renovaveis-com-treinamento-para-docentes\/","title":{"rendered":"UNIFSA inaugura laborat\u00f3rio de Energias Renov\u00e1veis com treinamento para docentes"},"content":{"rendered":"\n<p class=\"has-drop-cap texto-justificado\">O Centro Universit\u00e1rio Santo Agostinho, por meio do curso de <a href=\"https:\/\/unifsa.com.br\/site\/curso\/engenharia-eletrica\/\">Engenharia El\u00e9trica<\/a>, inaugurou, nesta quinta-feira, 27 de outubro, o <strong>laborat\u00f3rio de Energias Renov\u00e1veis<\/strong>, localizado na sede da institui\u00e7\u00e3o. Os primeiros visitantes do local foram os docentes do curso, que participaram de um treinamento e foram apresentados ao <strong>Sistema Did\u00e1tico DLB ERSS-7BR<\/strong>.<\/p>\n\n\n\n<figure class=\"wp-block-image size-large\"><img fetchpriority=\"high\" decoding=\"async\" width=\"1024\" height=\"768\" src=\"https:\/\/unifsa.com.br\/site\/wp-content\/uploads\/2022\/10\/WhatsApp-Image-2022-10-27-at-10.29.01.jpeg\" alt=\"\" class=\"wp-image-17455\" srcset=\"https:\/\/unifsa.com.br\/site\/wp-content\/uploads\/2022\/10\/WhatsApp-Image-2022-10-27-at-10.29.01.jpeg 1024w, https:\/\/unifsa.com.br\/site\/wp-content\/uploads\/2022\/10\/WhatsApp-Image-2022-10-27-at-10.29.01-300x225.jpeg 300w, https:\/\/unifsa.com.br\/site\/wp-content\/uploads\/2022\/10\/WhatsApp-Image-2022-10-27-at-10.29.01-768x576.jpeg 768w\" sizes=\"(max-width: 1024px) 100vw, 1024px\" \/><figcaption> Sistema Did\u00e1tico DLB ERSS-7BR <\/figcaption><\/figure>\n\n\n\n<blockquote class=\"wp-block-quote texto-justificado is-layout-flow wp-block-quote-is-layout-flow\"><p>O UNIFSA adquiriu esse kit de energias renov\u00e1veis da De Lorenzo, e ele tem duas fun\u00e7\u00f5es de energias renov\u00e1veis, que \u00e9 a de gera\u00e7\u00e3o e\u00f3lica e a gera\u00e7\u00e3o solar. N\u00f3s vamos ser treinados hoje, professores do curso, principalmente da disciplinas de aplica\u00e7\u00e3o. vamos ser capacitados nesse kit. S\u00e3o v\u00e1rios itens: tem um simulador de vento, uma turbina e\u00f3lica, as baterias e a placa solar, que a gente coloca no sol aqui e ela vai gerar energia pra c\u00e1. A gente vai ver essa possibilidade de gerar energia e at\u00e9 mandar pra rede. Vai ser bem interessante.<\/p><cite>Prof. Me. Gilvan Carneiro, docente de Engenharia El\u00e9trica UNIFSA<\/cite><\/blockquote>\n\n\n\n<p class=\"texto-justificado\">O treinamento foi ministrado pelo projetista da empresa De Lorenzo, Carlos Daniel. Segundo o palestrante, que explicou o funcionamento do produto para os participantes, o ERSS-7BR \u00e9 100% did\u00e1tico e auxiliar\u00e1 os docentes do UNIFSA no ensino de energias renov\u00e1veis aos alunos da \u00e1rea.<\/p>\n\n\n\n<figure class=\"wp-block-image size-large\"><img decoding=\"async\" width=\"1024\" height=\"498\" src=\"https:\/\/unifsa.com.br\/site\/wp-content\/uploads\/2022\/10\/WhatsApp-Image-2022-10-27-at-10.24.11.jpeg\" alt=\"\" class=\"wp-image-17453\" srcset=\"https:\/\/unifsa.com.br\/site\/wp-content\/uploads\/2022\/10\/WhatsApp-Image-2022-10-27-at-10.24.11.jpeg 1024w, https:\/\/unifsa.com.br\/site\/wp-content\/uploads\/2022\/10\/WhatsApp-Image-2022-10-27-at-10.24.11-300x146.jpeg 300w, https:\/\/unifsa.com.br\/site\/wp-content\/uploads\/2022\/10\/WhatsApp-Image-2022-10-27-at-10.24.11-768x374.jpeg 768w\" sizes=\"(max-width: 1024px) 100vw, 1024px\" \/><figcaption>  Carlos Daniel, projetista da empresa De Lorenzo <\/figcaption><\/figure>\n\n\n\n<blockquote class=\"wp-block-quote texto-justificado is-layout-flow wp-block-quote-is-layout-flow\"><p>Ele \u00e9 did\u00e1tico, totalmente simples. Esse produto basicamente vai ter tudo que a gente precisa para tratar de energia renov\u00e1vel aqui e em sala de aula.<\/p><cite> Carlos Daniel, projetista da empresa De Lorenzo<\/cite><\/blockquote>\n\n\n\n<p class=\"texto-justificado\">Para o coordenador do curso, Prof. Me. F\u00e1bio de Araujo Leite, o novo laborat\u00f3rio e o treinamento realizado traz benef\u00edcios tanto para a gradua\u00e7\u00e3o, quanto para a p\u00f3s-gradua\u00e7\u00e3o na \u00e1rea de energia el\u00e9trica.<\/p>\n\n\n\n<blockquote class=\"wp-block-quote texto-justificado is-layout-flow wp-block-quote-is-layout-flow\"><p>Ele vai agregar tanto conhecimento aos professores, os que n\u00e3o dominam a parte de energias renov\u00e1veis, como tamb\u00e9m pros discentes da institui\u00e7\u00e3o, tanto da nossa p\u00f3s de <strong><a href=\"https:\/\/unifsa.com.br\/site\/pos_graduacao\/gestao-e-projetos-de-fontes-renovaveis-de-energia-eletrica-2\/\">Gest\u00e3o e Projetos de Fontes Renov\u00e1veis de Energia El\u00e9trica<\/a><\/strong>, como tamb\u00e9m pro curso de gradua\u00e7\u00e3o em Engenharia El\u00e9trica, nas disciplinas de gera\u00e7\u00e3o de energia, efici\u00eancia energ\u00e9tica, qualidade de energia. Ent\u00e3o, vai agregar muito para n\u00f3s, como docentes, em termos de aprendizado, e para os discentes, pois o mercado de trabalho agora \u00e9 esse: energia solar, energia e\u00f3lica, renov\u00e1vel.<\/p><cite> Prof. Me. F\u00e1bio de Araujo Leite, coordenador do curso de Engenharia El\u00e9trica UNIFSA<\/cite><\/blockquote>\n\n\n\n<figure class=\"wp-block-image size-large\"><img decoding=\"async\" width=\"1024\" height=\"640\" src=\"https:\/\/unifsa.com.br\/site\/wp-content\/uploads\/2022\/10\/WhatsApp-Image-2022-10-27-at-10.25.25.jpeg\" alt=\"\" class=\"wp-image-17454\" srcset=\"https:\/\/unifsa.com.br\/site\/wp-content\/uploads\/2022\/10\/WhatsApp-Image-2022-10-27-at-10.25.25.jpeg 1024w, https:\/\/unifsa.com.br\/site\/wp-content\/uploads\/2022\/10\/WhatsApp-Image-2022-10-27-at-10.25.25-300x188.jpeg 300w, https:\/\/unifsa.com.br\/site\/wp-content\/uploads\/2022\/10\/WhatsApp-Image-2022-10-27-at-10.25.25-768x480.jpeg 768w\" sizes=\"(max-width: 1024px) 100vw, 1024px\" \/><figcaption>  Prof. Me. F\u00e1bio de Araujo Leite<\/figcaption><\/figure>\n","protected":false},"excerpt":{"rendered":"<p>O Centro Universit\u00e1rio Santo Agostinho, por meio do curso de Engenharia El\u00e9trica, inaugurou, nesta quinta-feira, 27 de outubro, o laborat\u00f3rio de Energias Renov\u00e1veis, localizado na sede da institui\u00e7\u00e3o. <\/p>\n","protected":false},"author":11,"featured_media":17452,"comment_status":"closed","ping_status":"open","sticky":false,"template":"","format":"standard","meta":{"_acf_changed":false,"footnotes":""},"categories":[58],"tags":[821,979,126,980,618],"class_list":["post-17451","post","type-post","status-publish","format-standard","has-post-thumbnail","hentry","category-engenharia-eletrica","tag-energia-solar","tag-energias-renovaveis","tag-engenharia-eletrica","tag-laboratorio-de-energias-renovaveis","tag-laboratorios"],"acf":[],"yoast_head":"<!-- This site is optimized with the Yoast SEO plugin v26.5 - https:\/\/yoast.com\/wordpress\/plugins\/seo\/ -->\n<title>UNIFSA inaugura laborat\u00f3rio de Energias Renov\u00e1veis com treinamento para docentes - Centro Universit\u00e1rio Santo Agostinho - UNIFSA<\/title>\n<meta name=\"robots\" content=\"index, follow, max-snippet:-1, max-image-preview:large, max-video-preview:-1\" \/>\n<link rel=\"canonical\" href=\"https:\/\/unifsa.com.br\/site\/unifsa-inaugura-laboratorio-de-energias-renovaveis-com-treinamento-para-docentes\/\" \/>\n<meta property=\"og:locale\" content=\"pt_BR\" \/>\n<meta property=\"og:type\" content=\"article\" \/>\n<meta property=\"og:title\" content=\"UNIFSA inaugura laborat\u00f3rio de Energias Renov\u00e1veis com treinamento para docentes - Centro Universit\u00e1rio Santo Agostinho - UNIFSA\" \/>\n<meta property=\"og:description\" content=\"O Centro Universit\u00e1rio Santo Agostinho, por meio do curso de Engenharia El\u00e9trica, inaugurou, nesta quinta-feira, 27 de outubro, o laborat\u00f3rio de Energias Renov\u00e1veis, localizado na sede da institui\u00e7\u00e3o.\" \/>\n<meta property=\"og:url\" content=\"https:\/\/unifsa.com.br\/site\/unifsa-inaugura-laboratorio-de-energias-renovaveis-com-treinamento-para-docentes\/\" \/>\n<meta property=\"og:site_name\" content=\"Centro Universit\u00e1rio Santo Agostinho - UNIFSA\" \/>\n<meta property=\"article:publisher\" content=\"https:\/\/www.facebook.com\/unifsa\/\" \/>\n<meta property=\"article:published_time\" content=\"2022-10-27T13:31:47+00:00\" \/>\n<meta property=\"article:modified_time\" content=\"2022-10-27T16:12:10+00:00\" \/>\n<meta property=\"og:image\" content=\"https:\/\/unifsa.com.br\/site\/wp-content\/uploads\/2022\/10\/WhatsApp-Image-2022-10-27-at-10.23.34.jpeg\" \/>\n\t<meta property=\"og:image:width\" content=\"1024\" \/>\n\t<meta property=\"og:image:height\" content=\"768\" \/>\n\t<meta property=\"og:image:type\" content=\"image\/jpeg\" \/>\n<meta name=\"author\" content=\"Oceannyra Kelly da Cruz Silva\" \/>\n<meta name=\"twitter:card\" content=\"summary_large_image\" \/>\n<meta name=\"twitter:label1\" content=\"Escrito por\" \/>\n\t<meta name=\"twitter:data1\" content=\"Oceannyra Kelly da Cruz Silva\" \/>\n\t<meta name=\"twitter:label2\" content=\"Est. tempo de leitura\" \/>\n\t<meta name=\"twitter:data2\" content=\"2 minutos\" \/>\n<script type=\"application\/ld+json\" class=\"yoast-schema-graph\">{\"@context\":\"https:\/\/schema.org\",\"@graph\":[{\"@type\":\"Article\",\"@id\":\"https:\/\/unifsa.com.br\/site\/unifsa-inaugura-laboratorio-de-energias-renovaveis-com-treinamento-para-docentes\/#article\",\"isPartOf\":{\"@id\":\"https:\/\/unifsa.com.br\/site\/unifsa-inaugura-laboratorio-de-energias-renovaveis-com-treinamento-para-docentes\/\"},\"author\":{\"name\":\"Oceannyra Kelly da Cruz Silva\",\"@id\":\"https:\/\/unifsa.com.br\/site\/#\/schema\/person\/a4cec94bbc6ddf98f579162824de9bf2\"},\"headline\":\"UNIFSA inaugura laborat\u00f3rio de Energias Renov\u00e1veis com treinamento para docentes\",\"datePublished\":\"2022-10-27T13:31:47+00:00\",\"dateModified\":\"2022-10-27T16:12:10+00:00\",\"mainEntityOfPage\":{\"@id\":\"https:\/\/unifsa.com.br\/site\/unifsa-inaugura-laboratorio-de-energias-renovaveis-com-treinamento-para-docentes\/\"},\"wordCount\":441,\"publisher\":{\"@id\":\"https:\/\/unifsa.com.br\/site\/#organization\"},\"image\":{\"@id\":\"https:\/\/unifsa.com.br\/site\/unifsa-inaugura-laboratorio-de-energias-renovaveis-com-treinamento-para-docentes\/#primaryimage\"},\"thumbnailUrl\":\"https:\/\/unifsa.com.br\/site\/wp-content\/uploads\/2022\/10\/WhatsApp-Image-2022-10-27-at-10.23.34.jpeg\",\"keywords\":[\"energia solar\",\"energias renov\u00e1veis\",\"Engenharia El\u00e9trica\",\"Laborat\u00f3rio de Energias Renov\u00e1veis\",\"laborat\u00f3rios\"],\"articleSection\":[\"Engenharia El\u00e9trica\"],\"inLanguage\":\"pt-BR\"},{\"@type\":\"WebPage\",\"@id\":\"https:\/\/unifsa.com.br\/site\/unifsa-inaugura-laboratorio-de-energias-renovaveis-com-treinamento-para-docentes\/\",\"url\":\"https:\/\/unifsa.com.br\/site\/unifsa-inaugura-laboratorio-de-energias-renovaveis-com-treinamento-para-docentes\/\",\"name\":\"UNIFSA inaugura laborat\u00f3rio de Energias Renov\u00e1veis com treinamento para docentes - Centro Universit\u00e1rio Santo Agostinho - UNIFSA\",\"isPartOf\":{\"@id\":\"https:\/\/unifsa.com.br\/site\/#website\"},\"primaryImageOfPage\":{\"@id\":\"https:\/\/unifsa.com.br\/site\/unifsa-inaugura-laboratorio-de-energias-renovaveis-com-treinamento-para-docentes\/#primaryimage\"},\"image\":{\"@id\":\"https:\/\/unifsa.com.br\/site\/unifsa-inaugura-laboratorio-de-energias-renovaveis-com-treinamento-para-docentes\/#primaryimage\"},\"thumbnailUrl\":\"https:\/\/unifsa.com.br\/site\/wp-content\/uploads\/2022\/10\/WhatsApp-Image-2022-10-27-at-10.23.34.jpeg\",\"datePublished\":\"2022-10-27T13:31:47+00:00\",\"dateModified\":\"2022-10-27T16:12:10+00:00\",\"breadcrumb\":{\"@id\":\"https:\/\/unifsa.com.br\/site\/unifsa-inaugura-laboratorio-de-energias-renovaveis-com-treinamento-para-docentes\/#breadcrumb\"},\"inLanguage\":\"pt-BR\",\"potentialAction\":[{\"@type\":\"ReadAction\",\"target\":[\"https:\/\/unifsa.com.br\/site\/unifsa-inaugura-laboratorio-de-energias-renovaveis-com-treinamento-para-docentes\/\"]}]},{\"@type\":\"ImageObject\",\"inLanguage\":\"pt-BR\",\"@id\":\"https:\/\/unifsa.com.br\/site\/unifsa-inaugura-laboratorio-de-energias-renovaveis-com-treinamento-para-docentes\/#primaryimage\",\"url\":\"https:\/\/unifsa.com.br\/site\/wp-content\/uploads\/2022\/10\/WhatsApp-Image-2022-10-27-at-10.23.34.jpeg\",\"contentUrl\":\"https:\/\/unifsa.com.br\/site\/wp-content\/uploads\/2022\/10\/WhatsApp-Image-2022-10-27-at-10.23.34.jpeg\",\"width\":1024,\"height\":768},{\"@type\":\"BreadcrumbList\",\"@id\":\"https:\/\/unifsa.com.br\/site\/unifsa-inaugura-laboratorio-de-energias-renovaveis-com-treinamento-para-docentes\/#breadcrumb\",\"itemListElement\":[{\"@type\":\"ListItem\",\"position\":1,\"name\":\"In\u00edcio\",\"item\":\"https:\/\/unifsa.com.br\/site\/\"},{\"@type\":\"ListItem\",\"position\":2,\"name\":\"UNIFSA inaugura laborat\u00f3rio de Energias Renov\u00e1veis com treinamento para docentes\"}]},{\"@type\":\"WebSite\",\"@id\":\"https:\/\/unifsa.com.br\/site\/#website\",\"url\":\"https:\/\/unifsa.com.br\/site\/\",\"name\":\"Centro Universit\u00e1rio Santo Agostinho - UNIFSA\",\"description\":\"Conhecimento para toda a vida\",\"publisher\":{\"@id\":\"https:\/\/unifsa.com.br\/site\/#organization\"},\"potentialAction\":[{\"@type\":\"SearchAction\",\"target\":{\"@type\":\"EntryPoint\",\"urlTemplate\":\"https:\/\/unifsa.com.br\/site\/?s={search_term_string}\"},\"query-input\":{\"@type\":\"PropertyValueSpecification\",\"valueRequired\":true,\"valueName\":\"search_term_string\"}}],\"inLanguage\":\"pt-BR\"},{\"@type\":\"Organization\",\"@id\":\"https:\/\/unifsa.com.br\/site\/#organization\",\"name\":\"Centro Universit\u00e1rio Santo Agostinho - UNIFSA\",\"url\":\"https:\/\/unifsa.com.br\/site\/\",\"logo\":{\"@type\":\"ImageObject\",\"inLanguage\":\"pt-BR\",\"@id\":\"https:\/\/unifsa.com.br\/site\/#\/schema\/logo\/image\/\",\"url\":\"https:\/\/unifsa.com.br\/site\/wp-content\/uploads\/2023\/03\/MARCA-UNIFSA-CIC23-q2apjs1mt975cf1wl25b044coj90fwoiee1kya6800.png\",\"contentUrl\":\"https:\/\/unifsa.com.br\/site\/wp-content\/uploads\/2023\/03\/MARCA-UNIFSA-CIC23-q2apjs1mt975cf1wl25b044coj90fwoiee1kya6800.png\",\"width\":103,\"height\":100,\"caption\":\"Centro Universit\u00e1rio Santo Agostinho - UNIFSA\"},\"image\":{\"@id\":\"https:\/\/unifsa.com.br\/site\/#\/schema\/logo\/image\/\"},\"sameAs\":[\"https:\/\/www.facebook.com\/unifsa\/\",\"https:\/\/www.instagram.com\/unifsa\/\"]},{\"@type\":\"Person\",\"@id\":\"https:\/\/unifsa.com.br\/site\/#\/schema\/person\/a4cec94bbc6ddf98f579162824de9bf2\",\"name\":\"Oceannyra Kelly da Cruz Silva\",\"image\":{\"@type\":\"ImageObject\",\"inLanguage\":\"pt-BR\",\"@id\":\"https:\/\/unifsa.com.br\/site\/#\/schema\/person\/image\/\",\"url\":\"https:\/\/secure.gravatar.com\/avatar\/671b9403a3f629391fa303312f7d3867?s=96&d=mm&r=g\",\"contentUrl\":\"https:\/\/secure.gravatar.com\/avatar\/671b9403a3f629391fa303312f7d3867?s=96&d=mm&r=g\",\"caption\":\"Oceannyra Kelly da Cruz Silva\"},\"url\":\"https:\/\/unifsa.com.br\/site\/author\/oceannyrakelly\/\"}]}<\/script>\n<!-- \/ Yoast SEO plugin. -->","yoast_head_json":{"title":"UNIFSA inaugura laborat\u00f3rio de Energias Renov\u00e1veis com treinamento para docentes - Centro Universit\u00e1rio Santo Agostinho - UNIFSA","robots":{"index":"index","follow":"follow","max-snippet":"max-snippet:-1","max-image-preview":"max-image-preview:large","max-video-preview":"max-video-preview:-1"},"canonical":"https:\/\/unifsa.com.br\/site\/unifsa-inaugura-laboratorio-de-energias-renovaveis-com-treinamento-para-docentes\/","og_locale":"pt_BR","og_type":"article","og_title":"UNIFSA inaugura laborat\u00f3rio de Energias Renov\u00e1veis com treinamento para docentes - Centro Universit\u00e1rio Santo Agostinho - UNIFSA","og_description":"O Centro Universit\u00e1rio Santo Agostinho, por meio do curso de Engenharia El\u00e9trica, inaugurou, nesta quinta-feira, 27 de outubro, o laborat\u00f3rio de Energias Renov\u00e1veis, localizado na sede da institui\u00e7\u00e3o.","og_url":"https:\/\/unifsa.com.br\/site\/unifsa-inaugura-laboratorio-de-energias-renovaveis-com-treinamento-para-docentes\/","og_site_name":"Centro Universit\u00e1rio Santo Agostinho - UNIFSA","article_publisher":"https:\/\/www.facebook.com\/unifsa\/","article_published_time":"2022-10-27T13:31:47+00:00","article_modified_time":"2022-10-27T16:12:10+00:00","og_image":[{"width":1024,"height":768,"url":"https:\/\/unifsa.com.br\/site\/wp-content\/uploads\/2022\/10\/WhatsApp-Image-2022-10-27-at-10.23.34.jpeg","type":"image\/jpeg"}],"author":"Oceannyra Kelly da Cruz Silva","twitter_card":"summary_large_image","twitter_misc":{"Escrito por":"Oceannyra Kelly da Cruz Silva","Est. tempo de leitura":"2 minutos"},"schema":{"@context":"https:\/\/schema.org","@graph":[{"@type":"Article","@id":"https:\/\/unifsa.com.br\/site\/unifsa-inaugura-laboratorio-de-energias-renovaveis-com-treinamento-para-docentes\/#article","isPartOf":{"@id":"https:\/\/unifsa.com.br\/site\/unifsa-inaugura-laboratorio-de-energias-renovaveis-com-treinamento-para-docentes\/"},"author":{"name":"Oceannyra Kelly da Cruz Silva","@id":"https:\/\/unifsa.com.br\/site\/#\/schema\/person\/a4cec94bbc6ddf98f579162824de9bf2"},"headline":"UNIFSA inaugura laborat\u00f3rio de Energias Renov\u00e1veis com treinamento para docentes","datePublished":"2022-10-27T13:31:47+00:00","dateModified":"2022-10-27T16:12:10+00:00","mainEntityOfPage":{"@id":"https:\/\/unifsa.com.br\/site\/unifsa-inaugura-laboratorio-de-energias-renovaveis-com-treinamento-para-docentes\/"},"wordCount":441,"publisher":{"@id":"https:\/\/unifsa.com.br\/site\/#organization"},"image":{"@id":"https:\/\/unifsa.com.br\/site\/unifsa-inaugura-laboratorio-de-energias-renovaveis-com-treinamento-para-docentes\/#primaryimage"},"thumbnailUrl":"https:\/\/unifsa.com.br\/site\/wp-content\/uploads\/2022\/10\/WhatsApp-Image-2022-10-27-at-10.23.34.jpeg","keywords":["energia solar","energias renov\u00e1veis","Engenharia El\u00e9trica","Laborat\u00f3rio de Energias Renov\u00e1veis","laborat\u00f3rios"],"articleSection":["Engenharia El\u00e9trica"],"inLanguage":"pt-BR"},{"@type":"WebPage","@id":"https:\/\/unifsa.com.br\/site\/unifsa-inaugura-laboratorio-de-energias-renovaveis-com-treinamento-para-docentes\/","url":"https:\/\/unifsa.com.br\/site\/unifsa-inaugura-laboratorio-de-energias-renovaveis-com-treinamento-para-docentes\/","name":"UNIFSA inaugura laborat\u00f3rio de Energias Renov\u00e1veis com treinamento para docentes - Centro Universit\u00e1rio Santo Agostinho - UNIFSA","isPartOf":{"@id":"https:\/\/unifsa.com.br\/site\/#website"},"primaryImageOfPage":{"@id":"https:\/\/unifsa.com.br\/site\/unifsa-inaugura-laboratorio-de-energias-renovaveis-com-treinamento-para-docentes\/#primaryimage"},"image":{"@id":"https:\/\/unifsa.com.br\/site\/unifsa-inaugura-laboratorio-de-energias-renovaveis-com-treinamento-para-docentes\/#primaryimage"},"thumbnailUrl":"https:\/\/unifsa.com.br\/site\/wp-content\/uploads\/2022\/10\/WhatsApp-Image-2022-10-27-at-10.23.34.jpeg","datePublished":"2022-10-27T13:31:47+00:00","dateModified":"2022-10-27T16:12:10+00:00","breadcrumb":{"@id":"https:\/\/unifsa.com.br\/site\/unifsa-inaugura-laboratorio-de-energias-renovaveis-com-treinamento-para-docentes\/#breadcrumb"},"inLanguage":"pt-BR","potentialAction":[{"@type":"ReadAction","target":["https:\/\/unifsa.com.br\/site\/unifsa-inaugura-laboratorio-de-energias-renovaveis-com-treinamento-para-docentes\/"]}]},{"@type":"ImageObject","inLanguage":"pt-BR","@id":"https:\/\/unifsa.com.br\/site\/unifsa-inaugura-laboratorio-de-energias-renovaveis-com-treinamento-para-docentes\/#primaryimage","url":"https:\/\/unifsa.com.br\/site\/wp-content\/uploads\/2022\/10\/WhatsApp-Image-2022-10-27-at-10.23.34.jpeg","contentUrl":"https:\/\/unifsa.com.br\/site\/wp-content\/uploads\/2022\/10\/WhatsApp-Image-2022-10-27-at-10.23.34.jpeg","width":1024,"height":768},{"@type":"BreadcrumbList","@id":"https:\/\/unifsa.com.br\/site\/unifsa-inaugura-laboratorio-de-energias-renovaveis-com-treinamento-para-docentes\/#breadcrumb","itemListElement":[{"@type":"ListItem","position":1,"name":"In\u00edcio","item":"https:\/\/unifsa.com.br\/site\/"},{"@type":"ListItem","position":2,"name":"UNIFSA inaugura laborat\u00f3rio de Energias Renov\u00e1veis com treinamento para docentes"}]},{"@type":"WebSite","@id":"https:\/\/unifsa.com.br\/site\/#website","url":"https:\/\/unifsa.com.br\/site\/","name":"Centro Universit\u00e1rio Santo Agostinho - UNIFSA","description":"Conhecimento para toda a vida","publisher":{"@id":"https:\/\/unifsa.com.br\/site\/#organization"},"potentialAction":[{"@type":"SearchAction","target":{"@type":"EntryPoint","urlTemplate":"https:\/\/unifsa.com.br\/site\/?s={search_term_string}"},"query-input":{"@type":"PropertyValueSpecification","valueRequired":true,"valueName":"search_term_string"}}],"inLanguage":"pt-BR"},{"@type":"Organization","@id":"https:\/\/unifsa.com.br\/site\/#organization","name":"Centro Universit\u00e1rio Santo Agostinho - UNIFSA","url":"https:\/\/unifsa.com.br\/site\/","logo":{"@type":"ImageObject","inLanguage":"pt-BR","@id":"https:\/\/unifsa.com.br\/site\/#\/schema\/logo\/image\/","url":"https:\/\/unifsa.com.br\/site\/wp-content\/uploads\/2023\/03\/MARCA-UNIFSA-CIC23-q2apjs1mt975cf1wl25b044coj90fwoiee1kya6800.png","contentUrl":"https:\/\/unifsa.com.br\/site\/wp-content\/uploads\/2023\/03\/MARCA-UNIFSA-CIC23-q2apjs1mt975cf1wl25b044coj90fwoiee1kya6800.png","width":103,"height":100,"caption":"Centro Universit\u00e1rio Santo Agostinho - UNIFSA"},"image":{"@id":"https:\/\/unifsa.com.br\/site\/#\/schema\/logo\/image\/"},"sameAs":["https:\/\/www.facebook.com\/unifsa\/","https:\/\/www.instagram.com\/unifsa\/"]},{"@type":"Person","@id":"https:\/\/unifsa.com.br\/site\/#\/schema\/person\/a4cec94bbc6ddf98f579162824de9bf2","name":"Oceannyra Kelly da Cruz Silva","image":{"@type":"ImageObject","inLanguage":"pt-BR","@id":"https:\/\/unifsa.com.br\/site\/#\/schema\/person\/image\/","url":"https:\/\/secure.gravatar.com\/avatar\/671b9403a3f629391fa303312f7d3867?s=96&d=mm&r=g","contentUrl":"https:\/\/secure.gravatar.com\/avatar\/671b9403a3f629391fa303312f7d3867?s=96&d=mm&r=g","caption":"Oceannyra Kelly da Cruz Silva"},"url":"https:\/\/unifsa.com.br\/site\/author\/oceannyrakelly\/"}]}},"_links":{"self":[{"href":"https:\/\/unifsa.com.br\/site\/wp-json\/wp\/v2\/posts\/17451","targetHints":{"allow":["GET"]}}],"collection":[{"href":"https:\/\/unifsa.com.br\/site\/wp-json\/wp\/v2\/posts"}],"about":[{"href":"https:\/\/unifsa.com.br\/site\/wp-json\/wp\/v2\/types\/post"}],"author":[{"embeddable":true,"href":"https:\/\/unifsa.com.br\/site\/wp-json\/wp\/v2\/users\/11"}],"replies":[{"embeddable":true,"href":"https:\/\/unifsa.com.br\/site\/wp-json\/wp\/v2\/comments?post=17451"}],"version-history":[{"count":3,"href":"https:\/\/unifsa.com.br\/site\/wp-json\/wp\/v2\/posts\/17451\/revisions"}],"predecessor-version":[{"id":17462,"href":"https:\/\/unifsa.com.br\/site\/wp-json\/wp\/v2\/posts\/17451\/revisions\/17462"}],"wp:featuredmedia":[{"embeddable":true,"href":"https:\/\/unifsa.com.br\/site\/wp-json\/wp\/v2\/media\/17452"}],"wp:attachment":[{"href":"https:\/\/unifsa.com.br\/site\/wp-json\/wp\/v2\/media?parent=17451"}],"wp:term":[{"taxonomy":"category","embeddable":true,"href":"https:\/\/unifsa.com.br\/site\/wp-json\/wp\/v2\/categories?post=17451"},{"taxonomy":"post_tag","embeddable":true,"href":"https:\/\/unifsa.com.br\/site\/wp-json\/wp\/v2\/tags?post=17451"}],"curies":[{"name":"wp","href":"https:\/\/api.w.org\/{rel}","templated":true}]}}