{"id":14663,"date":"2022-06-20T15:52:53","date_gmt":"2022-06-20T18:52:53","guid":{"rendered":"https:\/\/unifsa.com.br\/site\/?p=14663"},"modified":"2022-06-20T15:52:55","modified_gmt":"2022-06-20T18:52:55","slug":"estudante-de-farmacia-e-aprovado-em-curso-de-inverno-da-usp","status":"publish","type":"post","link":"https:\/\/unifsa.com.br\/site\/estudante-de-farmacia-e-aprovado-em-curso-de-inverno-da-usp\/","title":{"rendered":"Estudante de Farm\u00e1cia \u00e9 aprovado em Curso de Inverno da USP"},"content":{"rendered":"\n<p class=\"has-drop-cap texto-justificado\">O estudante de Farm\u00e1cia do Centro Universit\u00e1rio Santo Agostinho, <strong>Bruno Morais Kos<\/strong>, foi <strong>aprovado no Curso de Inverno<\/strong> em Imunologia da Universidade de S\u00e3o Paulo &#8211; <strong>USP<\/strong>, no Campus de Ribeir\u00e3o Preto. O XIV Curso de Inverno em Imunologia acontecer\u00e1 nos dias 18 a 29 de julho, no formato h\u00edbrido (online e presencial), e possui o objetivo de&nbsp;compartilhar o conhecimento&nbsp;te\u00f3rico-pr\u00e1tico visando aperfei\u00e7oar o entendimento dos&nbsp;conceitos em Imunologia&nbsp;de alunos de gradua\u00e7\u00e3o.  <\/p>\n\n\n\n<p class=\"texto-justificado\">A trajet\u00f3ria acad\u00eamica ativa do estudante foi um aspecto importante para sua sele\u00e7\u00e3o, pois participou de eventos e projetos da institui\u00e7\u00e3o, sempre buscando conhecimento. <\/p>\n\n\n\n<blockquote class=\"wp-block-quote texto-justificado is-layout-flow wp-block-quote-is-layout-flow\"><p>Vejo que todos os meus esfor\u00e7os at\u00e9 aqui com a preocupa\u00e7\u00e3o de adquirir conhecimentos para uma forma\u00e7\u00e3o profissional de excel\u00eancia j\u00e1 mostra resultados.<\/p><cite><strong> Bruno Morais Kos, estudante de Farm\u00e1cia UNIFSA<\/strong><\/cite><\/blockquote>\n\n\n\n<p class=\"texto-justificado\">Bruno iniciou sua gradua\u00e7\u00e3o em 2018 com o objetivo de encontrar uma voca\u00e7\u00e3o e \u00e1rea de atua\u00e7\u00e3o especifica dentro das possibilidades como farmac\u00eautico. Ao se deparar com o ensino superior, encontrou dificuldades que serviram de aprendizados para o profissional em que est\u00e1 se transformando.<\/p>\n\n\n\n<blockquote class=\"wp-block-quote texto-justificado is-layout-flow wp-block-quote-is-layout-flow\"><p>Ap\u00f3s o primeiro contato, comecei a amadurecer a vis\u00e3o que tinha de calouro e entender a estrutura e o funcionamento do ensino superior. Mesmo com alta dedica\u00e7\u00e3o, havia disciplinas que eu tinha dificuldade, mas os pr\u00f3prios docentes da institui\u00e7\u00e3o me motivavam a seguir e utilizar metodologias que facilitasse o entendimento dos assuntos mais complexos.<\/p><cite> <strong> Bruno Morais Kos, estudante de Farm\u00e1cia UNIFSA<\/strong> <\/cite><\/blockquote>\n\n\n\n<p class=\"texto-justificado\">Agora, em seu \u00faltimo ano de curso, Bruno percebe que tudo que o UNIFSA ofereceu durante sua gradua\u00e7\u00e3o contribuiu para seu curr\u00edculo ser destaque  entre outros no mercado acad\u00eamico e de trabalho.<\/p>\n\n\n\n<blockquote class=\"wp-block-quote texto-justificado is-layout-flow wp-block-quote-is-layout-flow\"><p> A minha participa\u00e7\u00e3o em projetos de extens\u00e3o ofertados na UNIFSA como Sa\u00fade no Verde, Servi\u00e7os Farmac\u00eauticos e Estudos sobre quest\u00f5es \u00e9tnico africanas, afrodescendentes e ind\u00edgenas abriram caminhos na minha carreira para diversas oportunidades ainda como estudantes.<\/p><cite> <strong> Bruno Morais Kos, estudante de Farm\u00e1cia UNIFSA<\/strong> <\/cite><\/blockquote>\n\n\n\n<figure class=\"wp-block-gallery columns-2 is-cropped wp-block-gallery-1 is-layout-flex wp-block-gallery-is-layout-flex\"><ul class=\"blocks-gallery-grid\"><li class=\"blocks-gallery-item\"><figure><img fetchpriority=\"high\" decoding=\"async\" width=\"577\" height=\"1024\" src=\"https:\/\/unifsa.com.br\/site\/wp-content\/uploads\/2022\/06\/WhatsApp-Image-2022-06-13-at-11.10.29-577x1024.jpeg\" alt=\"\" data-id=\"14701\" data-link=\"https:\/\/unifsa.com.br\/site\/?attachment_id=14701\" class=\"wp-image-14701\" srcset=\"https:\/\/unifsa.com.br\/site\/wp-content\/uploads\/2022\/06\/WhatsApp-Image-2022-06-13-at-11.10.29-577x1024.jpeg 577w, https:\/\/unifsa.com.br\/site\/wp-content\/uploads\/2022\/06\/WhatsApp-Image-2022-06-13-at-11.10.29-169x300.jpeg 169w, https:\/\/unifsa.com.br\/site\/wp-content\/uploads\/2022\/06\/WhatsApp-Image-2022-06-13-at-11.10.29.jpeg 751w\" sizes=\"(max-width: 577px) 100vw, 577px\" \/><\/figure><\/li><li class=\"blocks-gallery-item\"><figure><img decoding=\"async\" width=\"575\" height=\"1024\" src=\"https:\/\/unifsa.com.br\/site\/wp-content\/uploads\/2022\/06\/4c1cdf8b-3fc8-46f5-b90d-de86824556f3-575x1024.jpg\" alt=\"\" data-id=\"14702\" data-full-url=\"https:\/\/unifsa.com.br\/site\/wp-content\/uploads\/2022\/06\/4c1cdf8b-3fc8-46f5-b90d-de86824556f3.jpg\" data-link=\"https:\/\/unifsa.com.br\/site\/?attachment_id=14702\" class=\"wp-image-14702\" srcset=\"https:\/\/unifsa.com.br\/site\/wp-content\/uploads\/2022\/06\/4c1cdf8b-3fc8-46f5-b90d-de86824556f3-575x1024.jpg 575w, https:\/\/unifsa.com.br\/site\/wp-content\/uploads\/2022\/06\/4c1cdf8b-3fc8-46f5-b90d-de86824556f3-169x300.jpg 169w, https:\/\/unifsa.com.br\/site\/wp-content\/uploads\/2022\/06\/4c1cdf8b-3fc8-46f5-b90d-de86824556f3-768x1367.jpg 768w, https:\/\/unifsa.com.br\/site\/wp-content\/uploads\/2022\/06\/4c1cdf8b-3fc8-46f5-b90d-de86824556f3-863x1536.jpg 863w, https:\/\/unifsa.com.br\/site\/wp-content\/uploads\/2022\/06\/4c1cdf8b-3fc8-46f5-b90d-de86824556f3.jpg 899w\" sizes=\"(max-width: 575px) 100vw, 575px\" \/><\/figure><\/li><\/ul><figcaption class=\"blocks-gallery-caption\"><strong>Bruno Morais Kos realizando pr\u00e1ticas de curso<\/strong><\/figcaption><\/figure>\n\n\n\n<p class=\"texto-justificado\">Atualmente, o estudante integra a Federa\u00e7\u00e3o Brasileira de Acad\u00eamicos de Farm\u00e1cia (FEBRAF), como membro no Conselho Consultivo e Fiscal, al\u00e9m da Sociedade Cearense de Pesquisa e Inova\u00e7\u00f5es em Sa\u00fade (SOCEPIS), onde n\u00e3o s\u00f3 realiza pesquisas cient\u00edficas, como tamb\u00e9m participa da cria\u00e7\u00e3o de produtos e tecnologias inovadoras para a \u00e1rea da sa\u00fade e empreendedorismo.  <\/p>\n\n\n\n<p class=\"texto-justificado\">Por fim, Bruno destaca a import\u00e2ncia do apoio familiar em sua caminhada, al\u00e9m da for\u00e7a dada por professores e colegas de estudo.<\/p>\n\n\n\n<blockquote class=\"wp-block-quote texto-justificado is-layout-flow wp-block-quote-is-layout-flow\"><p>Fa\u00e7o meus agradecimentos \u00e0s docentes do curso de Farm\u00e1cia, Alessandra Camillo da Silveira Castello Branco, D\u00e9bora de Alencar Franco Costa, Maria Helena Mesquita Britto, \u00e0 minha av\u00f3 Maria da Concei\u00e7\u00e3o Lima Kos (in memoriam) e aos membros do meu grupo de pesquisa que acreditaram sempre nas minhas ideias e apoiaram em todos os momentos at\u00e9 agora.<\/p><cite>  <strong>Bruno Morais Kos, estudante de Farm\u00e1cia UNIFSA<\/strong>  <\/cite><\/blockquote>\n\n\n\n<p class=\"texto-justificado\">O UNIFSA parabeniza Bruno Morais Kos por sua conquista e deseja sucesso em sua carreira escolar e profissional!<\/p>\n","protected":false},"excerpt":{"rendered":"<p>O estudante de Farm\u00e1cia do Centro Universit\u00e1rio Santo Agostinho, Bruno Morais Kos, foi aprovado no Curso de Inverno em Imunologia da Universidade de S\u00e3o Paulo &#8211; USP, no Campus de Ribeir\u00e3o Preto.<\/p>\n","protected":false},"author":11,"featured_media":14756,"comment_status":"closed","ping_status":"open","sticky":false,"template":"","format":"standard","meta":{"_acf_changed":false,"footnotes":""},"categories":[60],"tags":[226,182,815,812,627,180],"class_list":["post-14663","post","type-post","status-publish","format-standard","has-post-thumbnail","hentry","category-farmacia","tag-alunos","tag-aprovado","tag-conquistas","tag-curso-de-inverno","tag-estudantes","tag-farmacia"],"acf":[],"yoast_head":"<!-- This site is optimized with the Yoast SEO plugin v26.5 - https:\/\/yoast.com\/wordpress\/plugins\/seo\/ -->\n<title>Estudante de Farm\u00e1cia \u00e9 aprovado em Curso de Inverno da USP - Centro Universit\u00e1rio Santo Agostinho - UNIFSA<\/title>\n<meta name=\"robots\" content=\"index, follow, max-snippet:-1, max-image-preview:large, max-video-preview:-1\" \/>\n<link rel=\"canonical\" href=\"https:\/\/unifsa.com.br\/site\/estudante-de-farmacia-e-aprovado-em-curso-de-inverno-da-usp\/\" \/>\n<meta property=\"og:locale\" content=\"pt_BR\" \/>\n<meta property=\"og:type\" content=\"article\" \/>\n<meta property=\"og:title\" content=\"Estudante de Farm\u00e1cia \u00e9 aprovado em Curso de Inverno da USP - Centro Universit\u00e1rio Santo Agostinho - UNIFSA\" \/>\n<meta property=\"og:description\" content=\"O estudante de Farm\u00e1cia do Centro Universit\u00e1rio Santo Agostinho, Bruno Morais Kos, foi aprovado no Curso de Inverno em Imunologia da Universidade de S\u00e3o Paulo - USP, no Campus de Ribeir\u00e3o Preto.\" \/>\n<meta property=\"og:url\" content=\"https:\/\/unifsa.com.br\/site\/estudante-de-farmacia-e-aprovado-em-curso-de-inverno-da-usp\/\" \/>\n<meta property=\"og:site_name\" content=\"Centro Universit\u00e1rio Santo Agostinho - UNIFSA\" \/>\n<meta property=\"article:publisher\" content=\"https:\/\/www.facebook.com\/unifsa\/\" \/>\n<meta property=\"article:published_time\" content=\"2022-06-20T18:52:53+00:00\" \/>\n<meta property=\"article:modified_time\" content=\"2022-06-20T18:52:55+00:00\" \/>\n<meta property=\"og:image\" content=\"https:\/\/unifsa.com.br\/site\/wp-content\/uploads\/2022\/06\/site-kos.jpg\" \/>\n\t<meta property=\"og:image:width\" content=\"1920\" \/>\n\t<meta property=\"og:image:height\" content=\"814\" \/>\n\t<meta property=\"og:image:type\" content=\"image\/jpeg\" \/>\n<meta name=\"author\" content=\"Oceannyra Kelly da Cruz Silva\" \/>\n<meta name=\"twitter:card\" content=\"summary_large_image\" \/>\n<meta name=\"twitter:label1\" content=\"Escrito por\" \/>\n\t<meta name=\"twitter:data1\" content=\"Oceannyra Kelly da Cruz Silva\" \/>\n\t<meta name=\"twitter:label2\" content=\"Est. tempo de leitura\" \/>\n\t<meta name=\"twitter:data2\" content=\"3 minutos\" \/>\n<script type=\"application\/ld+json\" class=\"yoast-schema-graph\">{\"@context\":\"https:\/\/schema.org\",\"@graph\":[{\"@type\":\"Article\",\"@id\":\"https:\/\/unifsa.com.br\/site\/estudante-de-farmacia-e-aprovado-em-curso-de-inverno-da-usp\/#article\",\"isPartOf\":{\"@id\":\"https:\/\/unifsa.com.br\/site\/estudante-de-farmacia-e-aprovado-em-curso-de-inverno-da-usp\/\"},\"author\":{\"name\":\"Oceannyra Kelly da Cruz Silva\",\"@id\":\"https:\/\/unifsa.com.br\/site\/#\/schema\/person\/a4cec94bbc6ddf98f579162824de9bf2\"},\"headline\":\"Estudante de Farm\u00e1cia \u00e9 aprovado em Curso de Inverno da USP\",\"datePublished\":\"2022-06-20T18:52:53+00:00\",\"dateModified\":\"2022-06-20T18:52:55+00:00\",\"mainEntityOfPage\":{\"@id\":\"https:\/\/unifsa.com.br\/site\/estudante-de-farmacia-e-aprovado-em-curso-de-inverno-da-usp\/\"},\"wordCount\":541,\"publisher\":{\"@id\":\"https:\/\/unifsa.com.br\/site\/#organization\"},\"image\":{\"@id\":\"https:\/\/unifsa.com.br\/site\/estudante-de-farmacia-e-aprovado-em-curso-de-inverno-da-usp\/#primaryimage\"},\"thumbnailUrl\":\"https:\/\/unifsa.com.br\/site\/wp-content\/uploads\/2022\/06\/site-kos.jpg\",\"keywords\":[\"Alunos\",\"aprovado\",\"conquistas\",\"curso de inverno\",\"estudantes\",\"Farm\u00e1cia\"],\"articleSection\":[\"Farm\u00e1cia\"],\"inLanguage\":\"pt-BR\"},{\"@type\":\"WebPage\",\"@id\":\"https:\/\/unifsa.com.br\/site\/estudante-de-farmacia-e-aprovado-em-curso-de-inverno-da-usp\/\",\"url\":\"https:\/\/unifsa.com.br\/site\/estudante-de-farmacia-e-aprovado-em-curso-de-inverno-da-usp\/\",\"name\":\"Estudante de Farm\u00e1cia \u00e9 aprovado em Curso de Inverno da USP - Centro Universit\u00e1rio Santo Agostinho - UNIFSA\",\"isPartOf\":{\"@id\":\"https:\/\/unifsa.com.br\/site\/#website\"},\"primaryImageOfPage\":{\"@id\":\"https:\/\/unifsa.com.br\/site\/estudante-de-farmacia-e-aprovado-em-curso-de-inverno-da-usp\/#primaryimage\"},\"image\":{\"@id\":\"https:\/\/unifsa.com.br\/site\/estudante-de-farmacia-e-aprovado-em-curso-de-inverno-da-usp\/#primaryimage\"},\"thumbnailUrl\":\"https:\/\/unifsa.com.br\/site\/wp-content\/uploads\/2022\/06\/site-kos.jpg\",\"datePublished\":\"2022-06-20T18:52:53+00:00\",\"dateModified\":\"2022-06-20T18:52:55+00:00\",\"breadcrumb\":{\"@id\":\"https:\/\/unifsa.com.br\/site\/estudante-de-farmacia-e-aprovado-em-curso-de-inverno-da-usp\/#breadcrumb\"},\"inLanguage\":\"pt-BR\",\"potentialAction\":[{\"@type\":\"ReadAction\",\"target\":[\"https:\/\/unifsa.com.br\/site\/estudante-de-farmacia-e-aprovado-em-curso-de-inverno-da-usp\/\"]}]},{\"@type\":\"ImageObject\",\"inLanguage\":\"pt-BR\",\"@id\":\"https:\/\/unifsa.com.br\/site\/estudante-de-farmacia-e-aprovado-em-curso-de-inverno-da-usp\/#primaryimage\",\"url\":\"https:\/\/unifsa.com.br\/site\/wp-content\/uploads\/2022\/06\/site-kos.jpg\",\"contentUrl\":\"https:\/\/unifsa.com.br\/site\/wp-content\/uploads\/2022\/06\/site-kos.jpg\",\"width\":1920,\"height\":814},{\"@type\":\"BreadcrumbList\",\"@id\":\"https:\/\/unifsa.com.br\/site\/estudante-de-farmacia-e-aprovado-em-curso-de-inverno-da-usp\/#breadcrumb\",\"itemListElement\":[{\"@type\":\"ListItem\",\"position\":1,\"name\":\"In\u00edcio\",\"item\":\"https:\/\/unifsa.com.br\/site\/\"},{\"@type\":\"ListItem\",\"position\":2,\"name\":\"Estudante de Farm\u00e1cia \u00e9 aprovado em Curso de Inverno da USP\"}]},{\"@type\":\"WebSite\",\"@id\":\"https:\/\/unifsa.com.br\/site\/#website\",\"url\":\"https:\/\/unifsa.com.br\/site\/\",\"name\":\"Centro Universit\u00e1rio Santo Agostinho - UNIFSA\",\"description\":\"Conhecimento para toda a vida\",\"publisher\":{\"@id\":\"https:\/\/unifsa.com.br\/site\/#organization\"},\"potentialAction\":[{\"@type\":\"SearchAction\",\"target\":{\"@type\":\"EntryPoint\",\"urlTemplate\":\"https:\/\/unifsa.com.br\/site\/?s={search_term_string}\"},\"query-input\":{\"@type\":\"PropertyValueSpecification\",\"valueRequired\":true,\"valueName\":\"search_term_string\"}}],\"inLanguage\":\"pt-BR\"},{\"@type\":\"Organization\",\"@id\":\"https:\/\/unifsa.com.br\/site\/#organization\",\"name\":\"Centro Universit\u00e1rio Santo Agostinho - UNIFSA\",\"url\":\"https:\/\/unifsa.com.br\/site\/\",\"logo\":{\"@type\":\"ImageObject\",\"inLanguage\":\"pt-BR\",\"@id\":\"https:\/\/unifsa.com.br\/site\/#\/schema\/logo\/image\/\",\"url\":\"https:\/\/unifsa.com.br\/site\/wp-content\/uploads\/2023\/03\/MARCA-UNIFSA-CIC23-q2apjs1mt975cf1wl25b044coj90fwoiee1kya6800.png\",\"contentUrl\":\"https:\/\/unifsa.com.br\/site\/wp-content\/uploads\/2023\/03\/MARCA-UNIFSA-CIC23-q2apjs1mt975cf1wl25b044coj90fwoiee1kya6800.png\",\"width\":103,\"height\":100,\"caption\":\"Centro Universit\u00e1rio Santo Agostinho - UNIFSA\"},\"image\":{\"@id\":\"https:\/\/unifsa.com.br\/site\/#\/schema\/logo\/image\/\"},\"sameAs\":[\"https:\/\/www.facebook.com\/unifsa\/\",\"https:\/\/www.instagram.com\/unifsa\/\"]},{\"@type\":\"Person\",\"@id\":\"https:\/\/unifsa.com.br\/site\/#\/schema\/person\/a4cec94bbc6ddf98f579162824de9bf2\",\"name\":\"Oceannyra Kelly da Cruz Silva\",\"image\":{\"@type\":\"ImageObject\",\"inLanguage\":\"pt-BR\",\"@id\":\"https:\/\/unifsa.com.br\/site\/#\/schema\/person\/image\/\",\"url\":\"https:\/\/secure.gravatar.com\/avatar\/05c87cd6fa2c3c73262055bd9341438a47e77a37053b409b3cf4f8df60ea8eb8?s=96&d=mm&r=g\",\"contentUrl\":\"https:\/\/secure.gravatar.com\/avatar\/05c87cd6fa2c3c73262055bd9341438a47e77a37053b409b3cf4f8df60ea8eb8?s=96&d=mm&r=g\",\"caption\":\"Oceannyra Kelly da Cruz Silva\"},\"url\":\"https:\/\/unifsa.com.br\/site\/author\/oceannyrakelly\/\"}]}<\/script>\n<!-- \/ Yoast SEO plugin. -->","yoast_head_json":{"title":"Estudante de Farm\u00e1cia \u00e9 aprovado em Curso de Inverno da USP - Centro Universit\u00e1rio Santo Agostinho - UNIFSA","robots":{"index":"index","follow":"follow","max-snippet":"max-snippet:-1","max-image-preview":"max-image-preview:large","max-video-preview":"max-video-preview:-1"},"canonical":"https:\/\/unifsa.com.br\/site\/estudante-de-farmacia-e-aprovado-em-curso-de-inverno-da-usp\/","og_locale":"pt_BR","og_type":"article","og_title":"Estudante de Farm\u00e1cia \u00e9 aprovado em Curso de Inverno da USP - Centro Universit\u00e1rio Santo Agostinho - UNIFSA","og_description":"O estudante de Farm\u00e1cia do Centro Universit\u00e1rio Santo Agostinho, Bruno Morais Kos, foi aprovado no Curso de Inverno em Imunologia da Universidade de S\u00e3o Paulo - USP, no Campus de Ribeir\u00e3o Preto.","og_url":"https:\/\/unifsa.com.br\/site\/estudante-de-farmacia-e-aprovado-em-curso-de-inverno-da-usp\/","og_site_name":"Centro Universit\u00e1rio Santo Agostinho - UNIFSA","article_publisher":"https:\/\/www.facebook.com\/unifsa\/","article_published_time":"2022-06-20T18:52:53+00:00","article_modified_time":"2022-06-20T18:52:55+00:00","og_image":[{"width":1920,"height":814,"url":"https:\/\/unifsa.com.br\/site\/wp-content\/uploads\/2022\/06\/site-kos.jpg","type":"image\/jpeg"}],"author":"Oceannyra Kelly da Cruz Silva","twitter_card":"summary_large_image","twitter_misc":{"Escrito por":"Oceannyra Kelly da Cruz Silva","Est. tempo de leitura":"3 minutos"},"schema":{"@context":"https:\/\/schema.org","@graph":[{"@type":"Article","@id":"https:\/\/unifsa.com.br\/site\/estudante-de-farmacia-e-aprovado-em-curso-de-inverno-da-usp\/#article","isPartOf":{"@id":"https:\/\/unifsa.com.br\/site\/estudante-de-farmacia-e-aprovado-em-curso-de-inverno-da-usp\/"},"author":{"name":"Oceannyra Kelly da Cruz Silva","@id":"https:\/\/unifsa.com.br\/site\/#\/schema\/person\/a4cec94bbc6ddf98f579162824de9bf2"},"headline":"Estudante de Farm\u00e1cia \u00e9 aprovado em Curso de Inverno da USP","datePublished":"2022-06-20T18:52:53+00:00","dateModified":"2022-06-20T18:52:55+00:00","mainEntityOfPage":{"@id":"https:\/\/unifsa.com.br\/site\/estudante-de-farmacia-e-aprovado-em-curso-de-inverno-da-usp\/"},"wordCount":541,"publisher":{"@id":"https:\/\/unifsa.com.br\/site\/#organization"},"image":{"@id":"https:\/\/unifsa.com.br\/site\/estudante-de-farmacia-e-aprovado-em-curso-de-inverno-da-usp\/#primaryimage"},"thumbnailUrl":"https:\/\/unifsa.com.br\/site\/wp-content\/uploads\/2022\/06\/site-kos.jpg","keywords":["Alunos","aprovado","conquistas","curso de inverno","estudantes","Farm\u00e1cia"],"articleSection":["Farm\u00e1cia"],"inLanguage":"pt-BR"},{"@type":"WebPage","@id":"https:\/\/unifsa.com.br\/site\/estudante-de-farmacia-e-aprovado-em-curso-de-inverno-da-usp\/","url":"https:\/\/unifsa.com.br\/site\/estudante-de-farmacia-e-aprovado-em-curso-de-inverno-da-usp\/","name":"Estudante de Farm\u00e1cia \u00e9 aprovado em Curso de Inverno da USP - Centro Universit\u00e1rio Santo Agostinho - UNIFSA","isPartOf":{"@id":"https:\/\/unifsa.com.br\/site\/#website"},"primaryImageOfPage":{"@id":"https:\/\/unifsa.com.br\/site\/estudante-de-farmacia-e-aprovado-em-curso-de-inverno-da-usp\/#primaryimage"},"image":{"@id":"https:\/\/unifsa.com.br\/site\/estudante-de-farmacia-e-aprovado-em-curso-de-inverno-da-usp\/#primaryimage"},"thumbnailUrl":"https:\/\/unifsa.com.br\/site\/wp-content\/uploads\/2022\/06\/site-kos.jpg","datePublished":"2022-06-20T18:52:53+00:00","dateModified":"2022-06-20T18:52:55+00:00","breadcrumb":{"@id":"https:\/\/unifsa.com.br\/site\/estudante-de-farmacia-e-aprovado-em-curso-de-inverno-da-usp\/#breadcrumb"},"inLanguage":"pt-BR","potentialAction":[{"@type":"ReadAction","target":["https:\/\/unifsa.com.br\/site\/estudante-de-farmacia-e-aprovado-em-curso-de-inverno-da-usp\/"]}]},{"@type":"ImageObject","inLanguage":"pt-BR","@id":"https:\/\/unifsa.com.br\/site\/estudante-de-farmacia-e-aprovado-em-curso-de-inverno-da-usp\/#primaryimage","url":"https:\/\/unifsa.com.br\/site\/wp-content\/uploads\/2022\/06\/site-kos.jpg","contentUrl":"https:\/\/unifsa.com.br\/site\/wp-content\/uploads\/2022\/06\/site-kos.jpg","width":1920,"height":814},{"@type":"BreadcrumbList","@id":"https:\/\/unifsa.com.br\/site\/estudante-de-farmacia-e-aprovado-em-curso-de-inverno-da-usp\/#breadcrumb","itemListElement":[{"@type":"ListItem","position":1,"name":"In\u00edcio","item":"https:\/\/unifsa.com.br\/site\/"},{"@type":"ListItem","position":2,"name":"Estudante de Farm\u00e1cia \u00e9 aprovado em Curso de Inverno da USP"}]},{"@type":"WebSite","@id":"https:\/\/unifsa.com.br\/site\/#website","url":"https:\/\/unifsa.com.br\/site\/","name":"Centro Universit\u00e1rio Santo Agostinho - UNIFSA","description":"Conhecimento para toda a vida","publisher":{"@id":"https:\/\/unifsa.com.br\/site\/#organization"},"potentialAction":[{"@type":"SearchAction","target":{"@type":"EntryPoint","urlTemplate":"https:\/\/unifsa.com.br\/site\/?s={search_term_string}"},"query-input":{"@type":"PropertyValueSpecification","valueRequired":true,"valueName":"search_term_string"}}],"inLanguage":"pt-BR"},{"@type":"Organization","@id":"https:\/\/unifsa.com.br\/site\/#organization","name":"Centro Universit\u00e1rio Santo Agostinho - UNIFSA","url":"https:\/\/unifsa.com.br\/site\/","logo":{"@type":"ImageObject","inLanguage":"pt-BR","@id":"https:\/\/unifsa.com.br\/site\/#\/schema\/logo\/image\/","url":"https:\/\/unifsa.com.br\/site\/wp-content\/uploads\/2023\/03\/MARCA-UNIFSA-CIC23-q2apjs1mt975cf1wl25b044coj90fwoiee1kya6800.png","contentUrl":"https:\/\/unifsa.com.br\/site\/wp-content\/uploads\/2023\/03\/MARCA-UNIFSA-CIC23-q2apjs1mt975cf1wl25b044coj90fwoiee1kya6800.png","width":103,"height":100,"caption":"Centro Universit\u00e1rio Santo Agostinho - UNIFSA"},"image":{"@id":"https:\/\/unifsa.com.br\/site\/#\/schema\/logo\/image\/"},"sameAs":["https:\/\/www.facebook.com\/unifsa\/","https:\/\/www.instagram.com\/unifsa\/"]},{"@type":"Person","@id":"https:\/\/unifsa.com.br\/site\/#\/schema\/person\/a4cec94bbc6ddf98f579162824de9bf2","name":"Oceannyra Kelly da Cruz Silva","image":{"@type":"ImageObject","inLanguage":"pt-BR","@id":"https:\/\/unifsa.com.br\/site\/#\/schema\/person\/image\/","url":"https:\/\/secure.gravatar.com\/avatar\/05c87cd6fa2c3c73262055bd9341438a47e77a37053b409b3cf4f8df60ea8eb8?s=96&d=mm&r=g","contentUrl":"https:\/\/secure.gravatar.com\/avatar\/05c87cd6fa2c3c73262055bd9341438a47e77a37053b409b3cf4f8df60ea8eb8?s=96&d=mm&r=g","caption":"Oceannyra Kelly da Cruz Silva"},"url":"https:\/\/unifsa.com.br\/site\/author\/oceannyrakelly\/"}]}},"_links":{"self":[{"href":"https:\/\/unifsa.com.br\/site\/wp-json\/wp\/v2\/posts\/14663","targetHints":{"allow":["GET"]}}],"collection":[{"href":"https:\/\/unifsa.com.br\/site\/wp-json\/wp\/v2\/posts"}],"about":[{"href":"https:\/\/unifsa.com.br\/site\/wp-json\/wp\/v2\/types\/post"}],"author":[{"embeddable":true,"href":"https:\/\/unifsa.com.br\/site\/wp-json\/wp\/v2\/users\/11"}],"replies":[{"embeddable":true,"href":"https:\/\/unifsa.com.br\/site\/wp-json\/wp\/v2\/comments?post=14663"}],"version-history":[{"count":12,"href":"https:\/\/unifsa.com.br\/site\/wp-json\/wp\/v2\/posts\/14663\/revisions"}],"predecessor-version":[{"id":14755,"href":"https:\/\/unifsa.com.br\/site\/wp-json\/wp\/v2\/posts\/14663\/revisions\/14755"}],"wp:featuredmedia":[{"embeddable":true,"href":"https:\/\/unifsa.com.br\/site\/wp-json\/wp\/v2\/media\/14756"}],"wp:attachment":[{"href":"https:\/\/unifsa.com.br\/site\/wp-json\/wp\/v2\/media?parent=14663"}],"wp:term":[{"taxonomy":"category","embeddable":true,"href":"https:\/\/unifsa.com.br\/site\/wp-json\/wp\/v2\/categories?post=14663"},{"taxonomy":"post_tag","embeddable":true,"href":"https:\/\/unifsa.com.br\/site\/wp-json\/wp\/v2\/tags?post=14663"}],"curies":[{"name":"wp","href":"https:\/\/api.w.org\/{rel}","templated":true}]}}