{"id":14556,"date":"2022-06-06T15:49:23","date_gmt":"2022-06-06T18:49:23","guid":{"rendered":"https:\/\/unifsa.com.br\/site\/?p=14556"},"modified":"2022-06-09T15:02:16","modified_gmt":"2022-06-09T18:02:16","slug":"ii-jornada-farmaceutica-arrecada-mais-de-140kg-de-alimentos-para-associacao-sem-fins-lucrativos","status":"publish","type":"post","link":"https:\/\/unifsa.com.br\/site\/ii-jornada-farmaceutica-arrecada-mais-de-140kg-de-alimentos-para-associacao-sem-fins-lucrativos\/","title":{"rendered":"II Jornada Farmac\u00eautica arrecada mais de 140kg de alimentos para associa\u00e7\u00e3o sem fins lucrativos"},"content":{"rendered":"\n<p class=\"has-drop-cap texto-justificado\">O Centro Universit\u00e1rio Santo Agostinho, em a\u00e7\u00e3o solid\u00e1ria realizada pelos inscritos da II Jornada Farmac\u00eautica,  arrecadou 146,9kg de alimentos n\u00e3o perec\u00edveis para serem distribu\u00eddos entre as fam\u00edlias assistidas pela Associa\u00e7\u00e3o dos Amigos da Sopa, localizada na Santa Maria da Codipi, Zona Norte de Teresina.<\/p>\n\n\n\n<p>A coordenadora de Extens\u00e3o e Monitoria, Esp. Roberta Mara, conta que a experi\u00eancia com a arrecada\u00e7\u00e3o de alimentos, como forma de inscri\u00e7\u00e3o nos eventos, foi exitosa.<\/p>\n\n\n\n<blockquote class=\"wp-block-quote is-layout-flow wp-block-quote-is-layout-flow\"><p>Os participantes s\u00e3o sensibilizados com a oferta, oportuniza aprendizado de conte\u00fado e realizamos a responsabilidade social. Dessa forma beneficiamos institui\u00e7\u00f5es sem fins lucrativo. Teremos outras institui\u00e7\u00f5es beneficiadas, pois houve arrecada\u00e7\u00e3o em outros dois eventos: Prepara ENEM &#8211; UNIFSA e Semana do Meio Ambiente.<\/p><cite>Esp. Roberta Mara Ara\u00fajo Oliveira e Silva, coordenadora de Extens\u00e3o e Monitoria.<\/cite><\/blockquote>\n\n\n\n<figure class=\"wp-block-gallery columns-3 is-cropped wp-block-gallery-1 is-layout-flex wp-block-gallery-is-layout-flex\"><ul class=\"blocks-gallery-grid\"><li class=\"blocks-gallery-item\"><figure><img fetchpriority=\"high\" decoding=\"async\" width=\"1024\" height=\"576\" src=\"https:\/\/unifsa.com.br\/site\/wp-content\/uploads\/2022\/06\/WhatsApp-Image-2022-06-06-at-13.58.34-1024x576.jpeg\" alt=\"\" data-id=\"14568\" data-link=\"https:\/\/unifsa.com.br\/site\/?attachment_id=14568\" class=\"wp-image-14568\" srcset=\"https:\/\/unifsa.com.br\/site\/wp-content\/uploads\/2022\/06\/WhatsApp-Image-2022-06-06-at-13.58.34-1024x576.jpeg 1024w, https:\/\/unifsa.com.br\/site\/wp-content\/uploads\/2022\/06\/WhatsApp-Image-2022-06-06-at-13.58.34-300x169.jpeg 300w, https:\/\/unifsa.com.br\/site\/wp-content\/uploads\/2022\/06\/WhatsApp-Image-2022-06-06-at-13.58.34-768x432.jpeg 768w, https:\/\/unifsa.com.br\/site\/wp-content\/uploads\/2022\/06\/WhatsApp-Image-2022-06-06-at-13.58.34-1536x864.jpeg 1536w, https:\/\/unifsa.com.br\/site\/wp-content\/uploads\/2022\/06\/WhatsApp-Image-2022-06-06-at-13.58.34.jpeg 1600w\" sizes=\"(max-width: 1024px) 100vw, 1024px\" \/><\/figure><\/li><li class=\"blocks-gallery-item\"><figure><img decoding=\"async\" width=\"576\" height=\"1024\" src=\"https:\/\/unifsa.com.br\/site\/wp-content\/uploads\/2022\/06\/WhatsApp-Image-2022-06-06-at-13.58.21-576x1024.jpeg\" alt=\"\" data-id=\"14565\" data-link=\"https:\/\/unifsa.com.br\/site\/?attachment_id=14565\" class=\"wp-image-14565\" srcset=\"https:\/\/unifsa.com.br\/site\/wp-content\/uploads\/2022\/06\/WhatsApp-Image-2022-06-06-at-13.58.21-576x1024.jpeg 576w, https:\/\/unifsa.com.br\/site\/wp-content\/uploads\/2022\/06\/WhatsApp-Image-2022-06-06-at-13.58.21-169x300.jpeg 169w, https:\/\/unifsa.com.br\/site\/wp-content\/uploads\/2022\/06\/WhatsApp-Image-2022-06-06-at-13.58.21-768x1365.jpeg 768w, https:\/\/unifsa.com.br\/site\/wp-content\/uploads\/2022\/06\/WhatsApp-Image-2022-06-06-at-13.58.21-864x1536.jpeg 864w, https:\/\/unifsa.com.br\/site\/wp-content\/uploads\/2022\/06\/WhatsApp-Image-2022-06-06-at-13.58.21.jpeg 900w\" sizes=\"(max-width: 576px) 100vw, 576px\" \/><\/figure><\/li><li class=\"blocks-gallery-item\"><figure><img decoding=\"async\" width=\"1024\" height=\"576\" src=\"https:\/\/unifsa.com.br\/site\/wp-content\/uploads\/2022\/06\/WhatsApp-Image-2022-06-06-at-13.58.46-1024x576.jpeg\" alt=\"\" data-id=\"14566\" data-link=\"https:\/\/unifsa.com.br\/site\/?attachment_id=14566\" class=\"wp-image-14566\" srcset=\"https:\/\/unifsa.com.br\/site\/wp-content\/uploads\/2022\/06\/WhatsApp-Image-2022-06-06-at-13.58.46-1024x576.jpeg 1024w, https:\/\/unifsa.com.br\/site\/wp-content\/uploads\/2022\/06\/WhatsApp-Image-2022-06-06-at-13.58.46-300x169.jpeg 300w, https:\/\/unifsa.com.br\/site\/wp-content\/uploads\/2022\/06\/WhatsApp-Image-2022-06-06-at-13.58.46-768x432.jpeg 768w, https:\/\/unifsa.com.br\/site\/wp-content\/uploads\/2022\/06\/WhatsApp-Image-2022-06-06-at-13.58.46-1536x864.jpeg 1536w, https:\/\/unifsa.com.br\/site\/wp-content\/uploads\/2022\/06\/WhatsApp-Image-2022-06-06-at-13.58.46.jpeg 1600w\" sizes=\"(max-width: 1024px) 100vw, 1024px\" \/><\/figure><\/li><li class=\"blocks-gallery-item\"><figure><img loading=\"lazy\" decoding=\"async\" width=\"1024\" height=\"576\" src=\"https:\/\/unifsa.com.br\/site\/wp-content\/uploads\/2022\/06\/WhatsApp-Image-2022-06-06-at-13.58.33-1024x576.jpeg\" alt=\"\" data-id=\"14564\" data-link=\"https:\/\/unifsa.com.br\/site\/?attachment_id=14564\" class=\"wp-image-14564\" srcset=\"https:\/\/unifsa.com.br\/site\/wp-content\/uploads\/2022\/06\/WhatsApp-Image-2022-06-06-at-13.58.33-1024x576.jpeg 1024w, https:\/\/unifsa.com.br\/site\/wp-content\/uploads\/2022\/06\/WhatsApp-Image-2022-06-06-at-13.58.33-300x169.jpeg 300w, https:\/\/unifsa.com.br\/site\/wp-content\/uploads\/2022\/06\/WhatsApp-Image-2022-06-06-at-13.58.33-768x432.jpeg 768w, https:\/\/unifsa.com.br\/site\/wp-content\/uploads\/2022\/06\/WhatsApp-Image-2022-06-06-at-13.58.33-1536x864.jpeg 1536w, https:\/\/unifsa.com.br\/site\/wp-content\/uploads\/2022\/06\/WhatsApp-Image-2022-06-06-at-13.58.33.jpeg 1600w\" sizes=\"(max-width: 1024px) 100vw, 1024px\" \/><\/figure><\/li><li class=\"blocks-gallery-item\"><figure><img loading=\"lazy\" decoding=\"async\" width=\"1024\" height=\"576\" src=\"https:\/\/unifsa.com.br\/site\/wp-content\/uploads\/2022\/06\/WhatsApp-Image-2022-06-06-at-13.58.37-1024x576.jpeg\" alt=\"\" data-id=\"14570\" data-link=\"https:\/\/unifsa.com.br\/site\/whatsapp-image-2022-06-06-at-13-58-37\/\" class=\"wp-image-14570\" srcset=\"https:\/\/unifsa.com.br\/site\/wp-content\/uploads\/2022\/06\/WhatsApp-Image-2022-06-06-at-13.58.37-1024x576.jpeg 1024w, https:\/\/unifsa.com.br\/site\/wp-content\/uploads\/2022\/06\/WhatsApp-Image-2022-06-06-at-13.58.37-300x169.jpeg 300w, https:\/\/unifsa.com.br\/site\/wp-content\/uploads\/2022\/06\/WhatsApp-Image-2022-06-06-at-13.58.37-768x432.jpeg 768w, https:\/\/unifsa.com.br\/site\/wp-content\/uploads\/2022\/06\/WhatsApp-Image-2022-06-06-at-13.58.37-1536x864.jpeg 1536w, https:\/\/unifsa.com.br\/site\/wp-content\/uploads\/2022\/06\/WhatsApp-Image-2022-06-06-at-13.58.37.jpeg 1600w\" sizes=\"(max-width: 1024px) 100vw, 1024px\" \/><\/figure><\/li><li class=\"blocks-gallery-item\"><figure><img loading=\"lazy\" decoding=\"async\" width=\"1024\" height=\"683\" src=\"https:\/\/unifsa.com.br\/site\/wp-content\/uploads\/2022\/06\/IMG_9571-1024x683.jpg\" alt=\"\" data-id=\"14572\" data-full-url=\"https:\/\/unifsa.com.br\/site\/wp-content\/uploads\/2022\/06\/IMG_9571-scaled.jpg\" data-link=\"https:\/\/unifsa.com.br\/site\/?attachment_id=14572\" class=\"wp-image-14572\" srcset=\"https:\/\/unifsa.com.br\/site\/wp-content\/uploads\/2022\/06\/IMG_9571-1024x683.jpg 1024w, https:\/\/unifsa.com.br\/site\/wp-content\/uploads\/2022\/06\/IMG_9571-300x200.jpg 300w, https:\/\/unifsa.com.br\/site\/wp-content\/uploads\/2022\/06\/IMG_9571-768x512.jpg 768w, https:\/\/unifsa.com.br\/site\/wp-content\/uploads\/2022\/06\/IMG_9571-1536x1024.jpg 1536w, https:\/\/unifsa.com.br\/site\/wp-content\/uploads\/2022\/06\/IMG_9571-2048x1365.jpg 2048w\" sizes=\"(max-width: 1024px) 100vw, 1024px\" \/><\/figure><\/li><\/ul><\/figure>\n\n\n\n<p><\/p>\n","protected":false},"excerpt":{"rendered":"<p>O Centro Universit\u00e1rio Santo Agostinho, em a\u00e7\u00e3o solid\u00e1ria realizada pelos inscritos da II Jornada Farmac\u00eautica, arrecadou 146,9kg de alimentos n\u00e3o perec\u00edveis para serem distribu\u00eddos entre as fam\u00edlias assistidas pela Associa\u00e7\u00e3o dos Amigos da Sopa, localizada na Santa Maria da Codipi, Zona Norte de Teresina. A coordenadora de Extens\u00e3o e Monitoria, Esp. Roberta Mara, conta que<\/p>\n","protected":false},"author":12,"featured_media":14568,"comment_status":"closed","ping_status":"open","sticky":false,"template":"","format":"standard","meta":{"_acf_changed":false,"footnotes":""},"categories":[6,72,60,385],"tags":[835,833,752,834,331,180,756],"class_list":["post-14556","post","type-post","status-publish","format-standard","has-post-thumbnail","hentry","category-acontece-na-unifsa","category-extensao","category-farmacia","category-nuape","tag-alimentos","tag-arrecadacao","tag-doacao","tag-doar","tag-evento","tag-farmacia","tag-ii-jornada-de-farmacia"],"acf":[],"yoast_head":"<!-- This site is optimized with the Yoast SEO plugin v26.5 - https:\/\/yoast.com\/wordpress\/plugins\/seo\/ -->\n<title>II Jornada Farmac\u00eautica arrecada mais de 140kg de alimentos para associa\u00e7\u00e3o sem fins lucrativos - Centro Universit\u00e1rio Santo Agostinho - UNIFSA<\/title>\n<meta name=\"robots\" content=\"index, follow, max-snippet:-1, max-image-preview:large, max-video-preview:-1\" \/>\n<link rel=\"canonical\" href=\"https:\/\/unifsa.com.br\/site\/ii-jornada-farmaceutica-arrecada-mais-de-140kg-de-alimentos-para-associacao-sem-fins-lucrativos\/\" \/>\n<meta property=\"og:locale\" content=\"pt_BR\" \/>\n<meta property=\"og:type\" content=\"article\" \/>\n<meta property=\"og:title\" content=\"II Jornada Farmac\u00eautica arrecada mais de 140kg de alimentos para associa\u00e7\u00e3o sem fins lucrativos - Centro Universit\u00e1rio Santo Agostinho - UNIFSA\" \/>\n<meta property=\"og:description\" content=\"O Centro Universit\u00e1rio Santo Agostinho, em a\u00e7\u00e3o solid\u00e1ria realizada pelos inscritos da II Jornada Farmac\u00eautica, arrecadou 146,9kg de alimentos n\u00e3o perec\u00edveis para serem distribu\u00eddos entre as fam\u00edlias assistidas pela Associa\u00e7\u00e3o dos Amigos da Sopa, localizada na Santa Maria da Codipi, Zona Norte de Teresina. A coordenadora de Extens\u00e3o e Monitoria, Esp. Roberta Mara, conta que\" \/>\n<meta property=\"og:url\" content=\"https:\/\/unifsa.com.br\/site\/ii-jornada-farmaceutica-arrecada-mais-de-140kg-de-alimentos-para-associacao-sem-fins-lucrativos\/\" \/>\n<meta property=\"og:site_name\" content=\"Centro Universit\u00e1rio Santo Agostinho - UNIFSA\" \/>\n<meta property=\"article:publisher\" content=\"https:\/\/www.facebook.com\/unifsa\/\" \/>\n<meta property=\"article:published_time\" content=\"2022-06-06T18:49:23+00:00\" \/>\n<meta property=\"article:modified_time\" content=\"2022-06-09T18:02:16+00:00\" \/>\n<meta property=\"og:image\" content=\"https:\/\/unifsa.com.br\/site\/wp-content\/uploads\/2022\/06\/WhatsApp-Image-2022-06-06-at-13.58.34.jpeg\" \/>\n\t<meta property=\"og:image:width\" content=\"1600\" \/>\n\t<meta property=\"og:image:height\" content=\"900\" \/>\n\t<meta property=\"og:image:type\" content=\"image\/jpeg\" \/>\n<meta name=\"author\" content=\"Estev\u00e3o Leite Cordeiro de Souza\" \/>\n<meta name=\"twitter:card\" content=\"summary_large_image\" \/>\n<meta name=\"twitter:label1\" content=\"Escrito por\" \/>\n\t<meta name=\"twitter:data1\" content=\"Estev\u00e3o Leite Cordeiro de Souza\" \/>\n\t<meta name=\"twitter:label2\" content=\"Est. tempo de leitura\" \/>\n\t<meta name=\"twitter:data2\" content=\"1 minuto\" \/>\n<script type=\"application\/ld+json\" class=\"yoast-schema-graph\">{\"@context\":\"https:\/\/schema.org\",\"@graph\":[{\"@type\":\"Article\",\"@id\":\"https:\/\/unifsa.com.br\/site\/ii-jornada-farmaceutica-arrecada-mais-de-140kg-de-alimentos-para-associacao-sem-fins-lucrativos\/#article\",\"isPartOf\":{\"@id\":\"https:\/\/unifsa.com.br\/site\/ii-jornada-farmaceutica-arrecada-mais-de-140kg-de-alimentos-para-associacao-sem-fins-lucrativos\/\"},\"author\":{\"name\":\"Estev\u00e3o Leite Cordeiro de Souza\",\"@id\":\"https:\/\/unifsa.com.br\/site\/#\/schema\/person\/459d6944d25bd72102b031eb886c7cbf\"},\"headline\":\"II Jornada Farmac\u00eautica arrecada mais de 140kg de alimentos para associa\u00e7\u00e3o sem fins lucrativos\",\"datePublished\":\"2022-06-06T18:49:23+00:00\",\"dateModified\":\"2022-06-09T18:02:16+00:00\",\"mainEntityOfPage\":{\"@id\":\"https:\/\/unifsa.com.br\/site\/ii-jornada-farmaceutica-arrecada-mais-de-140kg-de-alimentos-para-associacao-sem-fins-lucrativos\/\"},\"wordCount\":161,\"publisher\":{\"@id\":\"https:\/\/unifsa.com.br\/site\/#organization\"},\"image\":{\"@id\":\"https:\/\/unifsa.com.br\/site\/ii-jornada-farmaceutica-arrecada-mais-de-140kg-de-alimentos-para-associacao-sem-fins-lucrativos\/#primaryimage\"},\"thumbnailUrl\":\"https:\/\/unifsa.com.br\/site\/wp-content\/uploads\/2022\/06\/WhatsApp-Image-2022-06-06-at-13.58.34.jpeg\",\"keywords\":[\"Alimentos\",\"Arrecada\u00e7\u00e3o\",\"Doa\u00e7\u00e3o\",\"doar\",\"evento\",\"Farm\u00e1cia\",\"II Jornada de Farm\u00e1cia\"],\"articleSection\":[\"Acontece na UNIFSA\",\"Extens\u00e3o\",\"Farm\u00e1cia\",\"NUAPE\"],\"inLanguage\":\"pt-BR\"},{\"@type\":\"WebPage\",\"@id\":\"https:\/\/unifsa.com.br\/site\/ii-jornada-farmaceutica-arrecada-mais-de-140kg-de-alimentos-para-associacao-sem-fins-lucrativos\/\",\"url\":\"https:\/\/unifsa.com.br\/site\/ii-jornada-farmaceutica-arrecada-mais-de-140kg-de-alimentos-para-associacao-sem-fins-lucrativos\/\",\"name\":\"II Jornada Farmac\u00eautica arrecada mais de 140kg de alimentos para associa\u00e7\u00e3o sem fins lucrativos - Centro Universit\u00e1rio Santo Agostinho - UNIFSA\",\"isPartOf\":{\"@id\":\"https:\/\/unifsa.com.br\/site\/#website\"},\"primaryImageOfPage\":{\"@id\":\"https:\/\/unifsa.com.br\/site\/ii-jornada-farmaceutica-arrecada-mais-de-140kg-de-alimentos-para-associacao-sem-fins-lucrativos\/#primaryimage\"},\"image\":{\"@id\":\"https:\/\/unifsa.com.br\/site\/ii-jornada-farmaceutica-arrecada-mais-de-140kg-de-alimentos-para-associacao-sem-fins-lucrativos\/#primaryimage\"},\"thumbnailUrl\":\"https:\/\/unifsa.com.br\/site\/wp-content\/uploads\/2022\/06\/WhatsApp-Image-2022-06-06-at-13.58.34.jpeg\",\"datePublished\":\"2022-06-06T18:49:23+00:00\",\"dateModified\":\"2022-06-09T18:02:16+00:00\",\"breadcrumb\":{\"@id\":\"https:\/\/unifsa.com.br\/site\/ii-jornada-farmaceutica-arrecada-mais-de-140kg-de-alimentos-para-associacao-sem-fins-lucrativos\/#breadcrumb\"},\"inLanguage\":\"pt-BR\",\"potentialAction\":[{\"@type\":\"ReadAction\",\"target\":[\"https:\/\/unifsa.com.br\/site\/ii-jornada-farmaceutica-arrecada-mais-de-140kg-de-alimentos-para-associacao-sem-fins-lucrativos\/\"]}]},{\"@type\":\"ImageObject\",\"inLanguage\":\"pt-BR\",\"@id\":\"https:\/\/unifsa.com.br\/site\/ii-jornada-farmaceutica-arrecada-mais-de-140kg-de-alimentos-para-associacao-sem-fins-lucrativos\/#primaryimage\",\"url\":\"https:\/\/unifsa.com.br\/site\/wp-content\/uploads\/2022\/06\/WhatsApp-Image-2022-06-06-at-13.58.34.jpeg\",\"contentUrl\":\"https:\/\/unifsa.com.br\/site\/wp-content\/uploads\/2022\/06\/WhatsApp-Image-2022-06-06-at-13.58.34.jpeg\",\"width\":1600,\"height\":900},{\"@type\":\"BreadcrumbList\",\"@id\":\"https:\/\/unifsa.com.br\/site\/ii-jornada-farmaceutica-arrecada-mais-de-140kg-de-alimentos-para-associacao-sem-fins-lucrativos\/#breadcrumb\",\"itemListElement\":[{\"@type\":\"ListItem\",\"position\":1,\"name\":\"In\u00edcio\",\"item\":\"https:\/\/unifsa.com.br\/site\/\"},{\"@type\":\"ListItem\",\"position\":2,\"name\":\"II Jornada Farmac\u00eautica arrecada mais de 140kg de alimentos para associa\u00e7\u00e3o sem fins lucrativos\"}]},{\"@type\":\"WebSite\",\"@id\":\"https:\/\/unifsa.com.br\/site\/#website\",\"url\":\"https:\/\/unifsa.com.br\/site\/\",\"name\":\"Centro Universit\u00e1rio Santo Agostinho - UNIFSA\",\"description\":\"Conhecimento para toda a vida\",\"publisher\":{\"@id\":\"https:\/\/unifsa.com.br\/site\/#organization\"},\"potentialAction\":[{\"@type\":\"SearchAction\",\"target\":{\"@type\":\"EntryPoint\",\"urlTemplate\":\"https:\/\/unifsa.com.br\/site\/?s={search_term_string}\"},\"query-input\":{\"@type\":\"PropertyValueSpecification\",\"valueRequired\":true,\"valueName\":\"search_term_string\"}}],\"inLanguage\":\"pt-BR\"},{\"@type\":\"Organization\",\"@id\":\"https:\/\/unifsa.com.br\/site\/#organization\",\"name\":\"Centro Universit\u00e1rio Santo Agostinho - UNIFSA\",\"url\":\"https:\/\/unifsa.com.br\/site\/\",\"logo\":{\"@type\":\"ImageObject\",\"inLanguage\":\"pt-BR\",\"@id\":\"https:\/\/unifsa.com.br\/site\/#\/schema\/logo\/image\/\",\"url\":\"https:\/\/unifsa.com.br\/site\/wp-content\/uploads\/2023\/03\/MARCA-UNIFSA-CIC23-q2apjs1mt975cf1wl25b044coj90fwoiee1kya6800.png\",\"contentUrl\":\"https:\/\/unifsa.com.br\/site\/wp-content\/uploads\/2023\/03\/MARCA-UNIFSA-CIC23-q2apjs1mt975cf1wl25b044coj90fwoiee1kya6800.png\",\"width\":103,\"height\":100,\"caption\":\"Centro Universit\u00e1rio Santo Agostinho - UNIFSA\"},\"image\":{\"@id\":\"https:\/\/unifsa.com.br\/site\/#\/schema\/logo\/image\/\"},\"sameAs\":[\"https:\/\/www.facebook.com\/unifsa\/\",\"https:\/\/www.instagram.com\/unifsa\/\"]},{\"@type\":\"Person\",\"@id\":\"https:\/\/unifsa.com.br\/site\/#\/schema\/person\/459d6944d25bd72102b031eb886c7cbf\",\"name\":\"Estev\u00e3o Leite Cordeiro de Souza\",\"image\":{\"@type\":\"ImageObject\",\"inLanguage\":\"pt-BR\",\"@id\":\"https:\/\/unifsa.com.br\/site\/#\/schema\/person\/image\/\",\"url\":\"https:\/\/secure.gravatar.com\/avatar\/b381626173a0b440e86662336f5d92704de1b8100a4cb5a34d6466804eb5c336?s=96&d=mm&r=g\",\"contentUrl\":\"https:\/\/secure.gravatar.com\/avatar\/b381626173a0b440e86662336f5d92704de1b8100a4cb5a34d6466804eb5c336?s=96&d=mm&r=g\",\"caption\":\"Estev\u00e3o Leite Cordeiro de Souza\"},\"url\":\"https:\/\/unifsa.com.br\/site\/author\/estevaocordeiro\/\"}]}<\/script>\n<!-- \/ Yoast SEO plugin. -->","yoast_head_json":{"title":"II Jornada Farmac\u00eautica arrecada mais de 140kg de alimentos para associa\u00e7\u00e3o sem fins lucrativos - Centro Universit\u00e1rio Santo Agostinho - UNIFSA","robots":{"index":"index","follow":"follow","max-snippet":"max-snippet:-1","max-image-preview":"max-image-preview:large","max-video-preview":"max-video-preview:-1"},"canonical":"https:\/\/unifsa.com.br\/site\/ii-jornada-farmaceutica-arrecada-mais-de-140kg-de-alimentos-para-associacao-sem-fins-lucrativos\/","og_locale":"pt_BR","og_type":"article","og_title":"II Jornada Farmac\u00eautica arrecada mais de 140kg de alimentos para associa\u00e7\u00e3o sem fins lucrativos - Centro Universit\u00e1rio Santo Agostinho - UNIFSA","og_description":"O Centro Universit\u00e1rio Santo Agostinho, em a\u00e7\u00e3o solid\u00e1ria realizada pelos inscritos da II Jornada Farmac\u00eautica, arrecadou 146,9kg de alimentos n\u00e3o perec\u00edveis para serem distribu\u00eddos entre as fam\u00edlias assistidas pela Associa\u00e7\u00e3o dos Amigos da Sopa, localizada na Santa Maria da Codipi, Zona Norte de Teresina. A coordenadora de Extens\u00e3o e Monitoria, Esp. Roberta Mara, conta que","og_url":"https:\/\/unifsa.com.br\/site\/ii-jornada-farmaceutica-arrecada-mais-de-140kg-de-alimentos-para-associacao-sem-fins-lucrativos\/","og_site_name":"Centro Universit\u00e1rio Santo Agostinho - UNIFSA","article_publisher":"https:\/\/www.facebook.com\/unifsa\/","article_published_time":"2022-06-06T18:49:23+00:00","article_modified_time":"2022-06-09T18:02:16+00:00","og_image":[{"width":1600,"height":900,"url":"https:\/\/unifsa.com.br\/site\/wp-content\/uploads\/2022\/06\/WhatsApp-Image-2022-06-06-at-13.58.34.jpeg","type":"image\/jpeg"}],"author":"Estev\u00e3o Leite Cordeiro de Souza","twitter_card":"summary_large_image","twitter_misc":{"Escrito por":"Estev\u00e3o Leite Cordeiro de Souza","Est. tempo de leitura":"1 minuto"},"schema":{"@context":"https:\/\/schema.org","@graph":[{"@type":"Article","@id":"https:\/\/unifsa.com.br\/site\/ii-jornada-farmaceutica-arrecada-mais-de-140kg-de-alimentos-para-associacao-sem-fins-lucrativos\/#article","isPartOf":{"@id":"https:\/\/unifsa.com.br\/site\/ii-jornada-farmaceutica-arrecada-mais-de-140kg-de-alimentos-para-associacao-sem-fins-lucrativos\/"},"author":{"name":"Estev\u00e3o Leite Cordeiro de Souza","@id":"https:\/\/unifsa.com.br\/site\/#\/schema\/person\/459d6944d25bd72102b031eb886c7cbf"},"headline":"II Jornada Farmac\u00eautica arrecada mais de 140kg de alimentos para associa\u00e7\u00e3o sem fins lucrativos","datePublished":"2022-06-06T18:49:23+00:00","dateModified":"2022-06-09T18:02:16+00:00","mainEntityOfPage":{"@id":"https:\/\/unifsa.com.br\/site\/ii-jornada-farmaceutica-arrecada-mais-de-140kg-de-alimentos-para-associacao-sem-fins-lucrativos\/"},"wordCount":161,"publisher":{"@id":"https:\/\/unifsa.com.br\/site\/#organization"},"image":{"@id":"https:\/\/unifsa.com.br\/site\/ii-jornada-farmaceutica-arrecada-mais-de-140kg-de-alimentos-para-associacao-sem-fins-lucrativos\/#primaryimage"},"thumbnailUrl":"https:\/\/unifsa.com.br\/site\/wp-content\/uploads\/2022\/06\/WhatsApp-Image-2022-06-06-at-13.58.34.jpeg","keywords":["Alimentos","Arrecada\u00e7\u00e3o","Doa\u00e7\u00e3o","doar","evento","Farm\u00e1cia","II Jornada de Farm\u00e1cia"],"articleSection":["Acontece na UNIFSA","Extens\u00e3o","Farm\u00e1cia","NUAPE"],"inLanguage":"pt-BR"},{"@type":"WebPage","@id":"https:\/\/unifsa.com.br\/site\/ii-jornada-farmaceutica-arrecada-mais-de-140kg-de-alimentos-para-associacao-sem-fins-lucrativos\/","url":"https:\/\/unifsa.com.br\/site\/ii-jornada-farmaceutica-arrecada-mais-de-140kg-de-alimentos-para-associacao-sem-fins-lucrativos\/","name":"II Jornada Farmac\u00eautica arrecada mais de 140kg de alimentos para associa\u00e7\u00e3o sem fins lucrativos - Centro Universit\u00e1rio Santo Agostinho - UNIFSA","isPartOf":{"@id":"https:\/\/unifsa.com.br\/site\/#website"},"primaryImageOfPage":{"@id":"https:\/\/unifsa.com.br\/site\/ii-jornada-farmaceutica-arrecada-mais-de-140kg-de-alimentos-para-associacao-sem-fins-lucrativos\/#primaryimage"},"image":{"@id":"https:\/\/unifsa.com.br\/site\/ii-jornada-farmaceutica-arrecada-mais-de-140kg-de-alimentos-para-associacao-sem-fins-lucrativos\/#primaryimage"},"thumbnailUrl":"https:\/\/unifsa.com.br\/site\/wp-content\/uploads\/2022\/06\/WhatsApp-Image-2022-06-06-at-13.58.34.jpeg","datePublished":"2022-06-06T18:49:23+00:00","dateModified":"2022-06-09T18:02:16+00:00","breadcrumb":{"@id":"https:\/\/unifsa.com.br\/site\/ii-jornada-farmaceutica-arrecada-mais-de-140kg-de-alimentos-para-associacao-sem-fins-lucrativos\/#breadcrumb"},"inLanguage":"pt-BR","potentialAction":[{"@type":"ReadAction","target":["https:\/\/unifsa.com.br\/site\/ii-jornada-farmaceutica-arrecada-mais-de-140kg-de-alimentos-para-associacao-sem-fins-lucrativos\/"]}]},{"@type":"ImageObject","inLanguage":"pt-BR","@id":"https:\/\/unifsa.com.br\/site\/ii-jornada-farmaceutica-arrecada-mais-de-140kg-de-alimentos-para-associacao-sem-fins-lucrativos\/#primaryimage","url":"https:\/\/unifsa.com.br\/site\/wp-content\/uploads\/2022\/06\/WhatsApp-Image-2022-06-06-at-13.58.34.jpeg","contentUrl":"https:\/\/unifsa.com.br\/site\/wp-content\/uploads\/2022\/06\/WhatsApp-Image-2022-06-06-at-13.58.34.jpeg","width":1600,"height":900},{"@type":"BreadcrumbList","@id":"https:\/\/unifsa.com.br\/site\/ii-jornada-farmaceutica-arrecada-mais-de-140kg-de-alimentos-para-associacao-sem-fins-lucrativos\/#breadcrumb","itemListElement":[{"@type":"ListItem","position":1,"name":"In\u00edcio","item":"https:\/\/unifsa.com.br\/site\/"},{"@type":"ListItem","position":2,"name":"II Jornada Farmac\u00eautica arrecada mais de 140kg de alimentos para associa\u00e7\u00e3o sem fins lucrativos"}]},{"@type":"WebSite","@id":"https:\/\/unifsa.com.br\/site\/#website","url":"https:\/\/unifsa.com.br\/site\/","name":"Centro Universit\u00e1rio Santo Agostinho - UNIFSA","description":"Conhecimento para toda a vida","publisher":{"@id":"https:\/\/unifsa.com.br\/site\/#organization"},"potentialAction":[{"@type":"SearchAction","target":{"@type":"EntryPoint","urlTemplate":"https:\/\/unifsa.com.br\/site\/?s={search_term_string}"},"query-input":{"@type":"PropertyValueSpecification","valueRequired":true,"valueName":"search_term_string"}}],"inLanguage":"pt-BR"},{"@type":"Organization","@id":"https:\/\/unifsa.com.br\/site\/#organization","name":"Centro Universit\u00e1rio Santo Agostinho - UNIFSA","url":"https:\/\/unifsa.com.br\/site\/","logo":{"@type":"ImageObject","inLanguage":"pt-BR","@id":"https:\/\/unifsa.com.br\/site\/#\/schema\/logo\/image\/","url":"https:\/\/unifsa.com.br\/site\/wp-content\/uploads\/2023\/03\/MARCA-UNIFSA-CIC23-q2apjs1mt975cf1wl25b044coj90fwoiee1kya6800.png","contentUrl":"https:\/\/unifsa.com.br\/site\/wp-content\/uploads\/2023\/03\/MARCA-UNIFSA-CIC23-q2apjs1mt975cf1wl25b044coj90fwoiee1kya6800.png","width":103,"height":100,"caption":"Centro Universit\u00e1rio Santo Agostinho - UNIFSA"},"image":{"@id":"https:\/\/unifsa.com.br\/site\/#\/schema\/logo\/image\/"},"sameAs":["https:\/\/www.facebook.com\/unifsa\/","https:\/\/www.instagram.com\/unifsa\/"]},{"@type":"Person","@id":"https:\/\/unifsa.com.br\/site\/#\/schema\/person\/459d6944d25bd72102b031eb886c7cbf","name":"Estev\u00e3o Leite Cordeiro de Souza","image":{"@type":"ImageObject","inLanguage":"pt-BR","@id":"https:\/\/unifsa.com.br\/site\/#\/schema\/person\/image\/","url":"https:\/\/secure.gravatar.com\/avatar\/b381626173a0b440e86662336f5d92704de1b8100a4cb5a34d6466804eb5c336?s=96&d=mm&r=g","contentUrl":"https:\/\/secure.gravatar.com\/avatar\/b381626173a0b440e86662336f5d92704de1b8100a4cb5a34d6466804eb5c336?s=96&d=mm&r=g","caption":"Estev\u00e3o Leite Cordeiro de Souza"},"url":"https:\/\/unifsa.com.br\/site\/author\/estevaocordeiro\/"}]}},"_links":{"self":[{"href":"https:\/\/unifsa.com.br\/site\/wp-json\/wp\/v2\/posts\/14556","targetHints":{"allow":["GET"]}}],"collection":[{"href":"https:\/\/unifsa.com.br\/site\/wp-json\/wp\/v2\/posts"}],"about":[{"href":"https:\/\/unifsa.com.br\/site\/wp-json\/wp\/v2\/types\/post"}],"author":[{"embeddable":true,"href":"https:\/\/unifsa.com.br\/site\/wp-json\/wp\/v2\/users\/12"}],"replies":[{"embeddable":true,"href":"https:\/\/unifsa.com.br\/site\/wp-json\/wp\/v2\/comments?post=14556"}],"version-history":[{"count":5,"href":"https:\/\/unifsa.com.br\/site\/wp-json\/wp\/v2\/posts\/14556\/revisions"}],"predecessor-version":[{"id":14617,"href":"https:\/\/unifsa.com.br\/site\/wp-json\/wp\/v2\/posts\/14556\/revisions\/14617"}],"wp:featuredmedia":[{"embeddable":true,"href":"https:\/\/unifsa.com.br\/site\/wp-json\/wp\/v2\/media\/14568"}],"wp:attachment":[{"href":"https:\/\/unifsa.com.br\/site\/wp-json\/wp\/v2\/media?parent=14556"}],"wp:term":[{"taxonomy":"category","embeddable":true,"href":"https:\/\/unifsa.com.br\/site\/wp-json\/wp\/v2\/categories?post=14556"},{"taxonomy":"post_tag","embeddable":true,"href":"https:\/\/unifsa.com.br\/site\/wp-json\/wp\/v2\/tags?post=14556"}],"curies":[{"name":"wp","href":"https:\/\/api.w.org\/{rel}","templated":true}]}}