{"id":14495,"date":"2022-06-06T19:07:50","date_gmt":"2022-06-06T22:07:50","guid":{"rendered":"https:\/\/unifsa.com.br\/site\/?p=14495"},"modified":"2022-06-06T19:07:52","modified_gmt":"2022-06-06T22:07:52","slug":"aluna-do-unifsa-e-aprovada-em-curso-de-inverno-em-imunologia-da-usp","status":"publish","type":"post","link":"https:\/\/unifsa.com.br\/site\/aluna-do-unifsa-e-aprovada-em-curso-de-inverno-em-imunologia-da-usp\/","title":{"rendered":"Aluna do UNIFSA \u00e9 aprovada em Curso de Inverno em Imunologia da USP"},"content":{"rendered":"\n<p class=\"texto-justificado\"><strong>A aluna do 7\u00b0 per\u00edodo do Curso de bacharelado em Farm\u00e1cia do Centro Universit\u00e1rio Santo Agostinho, Francisca Suzana Carneiro de Andrade,<\/strong> foi aprovada no<strong> XIV Curso de Inverno em Imunologia realizado pelo Programa de P\u00f3s-Gradua\u00e7\u00e3o em Imunologia B\u00e1sica e Aplicada da Faculdade de Medicina de Ribeir\u00e3o Preto (IBA &#8211; FMRP-USP).<\/strong><br><\/p>\n\n\n\n<p class=\"texto-justificado\"><strong>Segundo Francisca Suzana, a sua aprova\u00e7\u00e3o \u00e9 resultado de muito esfor\u00e7o e tamb\u00e9m\u00a0 incentivo do UNIFSA,<\/strong> pois foi atrav\u00e9s da institui\u00e7\u00e3o que ela deu os primeiros passos no\u00a0 universo da pesquisa cient\u00edfica, como por exemplo, participando do<strong> Programa Institucional de Bolsas de Inicia\u00e7\u00e3o Cient\u00edfica (PIBIC).\u00a0<\/strong><br><\/p>\n\n\n\n<blockquote class=\"wp-block-quote texto-justificado is-layout-flow wp-block-quote-is-layout-flow\"><p>\u201c<strong> O UNIFSA possui um ensino de muita qualidade, sempre valorizou e incentivou a pesquisa cient\u00edfica<\/strong>. Quando eu finalizei o PIBIC, vi que era necess\u00e1rio conhecer outras \u00e1reas da ci\u00eancia. Al\u00e9m de ter excelentes professores que me prepararam at\u00e9 aqui.\u00a0<br><\/p><cite>Disse,  a aluna Francisca Suzana Carneiro <\/cite><\/blockquote>\n\n\n\n<div class=\"wp-block-image is-style-circle-mask\"><figure class=\"alignright size-large is-resized\"><img fetchpriority=\"high\" decoding=\"async\" src=\"https:\/\/unifsa.com.br\/site\/wp-content\/uploads\/2022\/06\/WhatsApp-Image-2022-06-06-at-19.05.59-1-581x1024.jpeg\" alt=\"\" class=\"wp-image-14577\" width=\"377\" height=\"664\" srcset=\"https:\/\/unifsa.com.br\/site\/wp-content\/uploads\/2022\/06\/WhatsApp-Image-2022-06-06-at-19.05.59-1-581x1024.jpeg 581w, https:\/\/unifsa.com.br\/site\/wp-content\/uploads\/2022\/06\/WhatsApp-Image-2022-06-06-at-19.05.59-1-170x300.jpeg 170w, https:\/\/unifsa.com.br\/site\/wp-content\/uploads\/2022\/06\/WhatsApp-Image-2022-06-06-at-19.05.59-1.jpeg 631w\" sizes=\"(max-width: 377px) 100vw, 377px\" \/><\/figure><\/div>\n\n\n\n<p class=\"texto-justificado\"><strong>O Curso de Inverno em Imunologia da USP\u00a0 \u00e9 bastante concorrido pelos alunos da \u00e1rea de Ci\u00eancias da Sa\u00fade e Biol\u00f3gicas, devido a sua quantidade de vagas limitadas.<\/strong> Nessa perspectiva, a bacharelanda em Farm\u00e1cia, pontua que come\u00e7ou sua prepara\u00e7\u00e3o logo no in\u00edcio da gradua\u00e7\u00e3o e ainda afirma estar feliz com a aprova\u00e7\u00e3o.<br><\/p>\n\n\n\n<blockquote class=\"wp-block-quote texto-justificado is-layout-flow wp-block-quote-is-layout-flow\"><p><strong>\u201cA minha prepara\u00e7\u00e3o vem sendo constru\u00edda desde o in\u00edcio do curso, atrav\u00e9s de participa\u00e7\u00f5es em\u00a0 congressos e\u00a0 publica\u00e7\u00e3o de artigos cient\u00edficos<\/strong>. Esse \u00e9 um curso com vagas abertas para o pa\u00eds inteiro, extremamente concorrido, <strong>ent\u00e3o particularmente, estou muito feliz com o resultado\u201d\u00a0<\/strong><\/p><cite>Disse, a aluna do curso de Farm\u00e1cia do UNIFSA<\/cite><\/blockquote>\n\n\n\n<p><\/p>\n\n\n\n<p><\/p>\n","protected":false},"excerpt":{"rendered":"<p>A aluna do 7\u00b0 per\u00edodo do Curso de bacharelado em Farm\u00e1cia do Centro Universit\u00e1rio Santo Agostinho, Francisca Suzana Carneiro de Andrade, foi aprovada no XIV Curso de Inverno em Imunologia realizado pelo Programa de P\u00f3s-Gradua\u00e7\u00e3o em Imunologia B\u00e1sica e Aplicada da Faculdade de Medicina de Ribeir\u00e3o Preto (IBA &#8211; FMRP-USP). Segundo Francisca Suzana, a sua<\/p>\n","protected":false},"author":2,"featured_media":14575,"comment_status":"closed","ping_status":"open","sticky":false,"template":"","format":"standard","meta":{"_acf_changed":false,"footnotes":""},"categories":[6,60,535],"tags":[830,180,82,654],"class_list":["post-14495","post","type-post","status-publish","format-standard","has-post-thumbnail","hentry","category-acontece-na-unifsa","category-farmacia","category-pibic","tag-aprovada","tag-farmacia","tag-unifsa","tag-usp"],"acf":[],"yoast_head":"<!-- This site is optimized with the Yoast SEO plugin v26.5 - https:\/\/yoast.com\/wordpress\/plugins\/seo\/ -->\n<title>Aluna do UNIFSA \u00e9 aprovada em Curso de Inverno em Imunologia da USP - Centro Universit\u00e1rio Santo Agostinho - UNIFSA<\/title>\n<meta name=\"robots\" content=\"index, follow, max-snippet:-1, max-image-preview:large, max-video-preview:-1\" \/>\n<link rel=\"canonical\" href=\"https:\/\/unifsa.com.br\/site\/aluna-do-unifsa-e-aprovada-em-curso-de-inverno-em-imunologia-da-usp\/\" \/>\n<meta property=\"og:locale\" content=\"pt_BR\" \/>\n<meta property=\"og:type\" content=\"article\" \/>\n<meta property=\"og:title\" content=\"Aluna do UNIFSA \u00e9 aprovada em Curso de Inverno em Imunologia da USP - Centro Universit\u00e1rio Santo Agostinho - UNIFSA\" \/>\n<meta property=\"og:description\" content=\"A aluna do 7\u00b0 per\u00edodo do Curso de bacharelado em Farm\u00e1cia do Centro Universit\u00e1rio Santo Agostinho, Francisca Suzana Carneiro de Andrade, foi aprovada no XIV Curso de Inverno em Imunologia realizado pelo Programa de P\u00f3s-Gradua\u00e7\u00e3o em Imunologia B\u00e1sica e Aplicada da Faculdade de Medicina de Ribeir\u00e3o Preto (IBA &#8211; FMRP-USP). Segundo Francisca Suzana, a sua\" \/>\n<meta property=\"og:url\" content=\"https:\/\/unifsa.com.br\/site\/aluna-do-unifsa-e-aprovada-em-curso-de-inverno-em-imunologia-da-usp\/\" \/>\n<meta property=\"og:site_name\" content=\"Centro Universit\u00e1rio Santo Agostinho - UNIFSA\" \/>\n<meta property=\"article:publisher\" content=\"https:\/\/www.facebook.com\/unifsa\/\" \/>\n<meta property=\"article:published_time\" content=\"2022-06-06T22:07:50+00:00\" \/>\n<meta property=\"article:modified_time\" content=\"2022-06-06T22:07:52+00:00\" \/>\n<meta property=\"og:image\" content=\"https:\/\/unifsa.com.br\/site\/wp-content\/uploads\/2022\/06\/05-e-06ABRIL-2.png\" \/>\n\t<meta property=\"og:image:width\" content=\"1920\" \/>\n\t<meta property=\"og:image:height\" content=\"813\" \/>\n\t<meta property=\"og:image:type\" content=\"image\/png\" \/>\n<meta name=\"author\" content=\"Assessoria UNIFSA\" \/>\n<meta name=\"twitter:card\" content=\"summary_large_image\" \/>\n<meta name=\"twitter:label1\" content=\"Escrito por\" \/>\n\t<meta name=\"twitter:data1\" content=\"Assessoria UNIFSA\" \/>\n\t<meta name=\"twitter:label2\" content=\"Est. tempo de leitura\" \/>\n\t<meta name=\"twitter:data2\" content=\"1 minuto\" \/>\n<script type=\"application\/ld+json\" class=\"yoast-schema-graph\">{\"@context\":\"https:\/\/schema.org\",\"@graph\":[{\"@type\":\"Article\",\"@id\":\"https:\/\/unifsa.com.br\/site\/aluna-do-unifsa-e-aprovada-em-curso-de-inverno-em-imunologia-da-usp\/#article\",\"isPartOf\":{\"@id\":\"https:\/\/unifsa.com.br\/site\/aluna-do-unifsa-e-aprovada-em-curso-de-inverno-em-imunologia-da-usp\/\"},\"author\":{\"name\":\"Assessoria UNIFSA\",\"@id\":\"https:\/\/unifsa.com.br\/site\/#\/schema\/person\/551d7d1f1cd3f288057c5028fc404a18\"},\"headline\":\"Aluna do UNIFSA \u00e9 aprovada em Curso de Inverno em Imunologia da USP\",\"datePublished\":\"2022-06-06T22:07:50+00:00\",\"dateModified\":\"2022-06-06T22:07:52+00:00\",\"mainEntityOfPage\":{\"@id\":\"https:\/\/unifsa.com.br\/site\/aluna-do-unifsa-e-aprovada-em-curso-de-inverno-em-imunologia-da-usp\/\"},\"wordCount\":289,\"publisher\":{\"@id\":\"https:\/\/unifsa.com.br\/site\/#organization\"},\"image\":{\"@id\":\"https:\/\/unifsa.com.br\/site\/aluna-do-unifsa-e-aprovada-em-curso-de-inverno-em-imunologia-da-usp\/#primaryimage\"},\"thumbnailUrl\":\"https:\/\/unifsa.com.br\/site\/wp-content\/uploads\/2022\/06\/05-e-06ABRIL-2.png\",\"keywords\":[\"aprovada\",\"Farm\u00e1cia\",\"UNIFSA\",\"USP\"],\"articleSection\":[\"Acontece na UNIFSA\",\"Farm\u00e1cia\",\"PIBIC\"],\"inLanguage\":\"pt-BR\"},{\"@type\":\"WebPage\",\"@id\":\"https:\/\/unifsa.com.br\/site\/aluna-do-unifsa-e-aprovada-em-curso-de-inverno-em-imunologia-da-usp\/\",\"url\":\"https:\/\/unifsa.com.br\/site\/aluna-do-unifsa-e-aprovada-em-curso-de-inverno-em-imunologia-da-usp\/\",\"name\":\"Aluna do UNIFSA \u00e9 aprovada em Curso de Inverno em Imunologia da USP - Centro Universit\u00e1rio Santo Agostinho - UNIFSA\",\"isPartOf\":{\"@id\":\"https:\/\/unifsa.com.br\/site\/#website\"},\"primaryImageOfPage\":{\"@id\":\"https:\/\/unifsa.com.br\/site\/aluna-do-unifsa-e-aprovada-em-curso-de-inverno-em-imunologia-da-usp\/#primaryimage\"},\"image\":{\"@id\":\"https:\/\/unifsa.com.br\/site\/aluna-do-unifsa-e-aprovada-em-curso-de-inverno-em-imunologia-da-usp\/#primaryimage\"},\"thumbnailUrl\":\"https:\/\/unifsa.com.br\/site\/wp-content\/uploads\/2022\/06\/05-e-06ABRIL-2.png\",\"datePublished\":\"2022-06-06T22:07:50+00:00\",\"dateModified\":\"2022-06-06T22:07:52+00:00\",\"breadcrumb\":{\"@id\":\"https:\/\/unifsa.com.br\/site\/aluna-do-unifsa-e-aprovada-em-curso-de-inverno-em-imunologia-da-usp\/#breadcrumb\"},\"inLanguage\":\"pt-BR\",\"potentialAction\":[{\"@type\":\"ReadAction\",\"target\":[\"https:\/\/unifsa.com.br\/site\/aluna-do-unifsa-e-aprovada-em-curso-de-inverno-em-imunologia-da-usp\/\"]}]},{\"@type\":\"ImageObject\",\"inLanguage\":\"pt-BR\",\"@id\":\"https:\/\/unifsa.com.br\/site\/aluna-do-unifsa-e-aprovada-em-curso-de-inverno-em-imunologia-da-usp\/#primaryimage\",\"url\":\"https:\/\/unifsa.com.br\/site\/wp-content\/uploads\/2022\/06\/05-e-06ABRIL-2.png\",\"contentUrl\":\"https:\/\/unifsa.com.br\/site\/wp-content\/uploads\/2022\/06\/05-e-06ABRIL-2.png\",\"width\":1920,\"height\":813},{\"@type\":\"BreadcrumbList\",\"@id\":\"https:\/\/unifsa.com.br\/site\/aluna-do-unifsa-e-aprovada-em-curso-de-inverno-em-imunologia-da-usp\/#breadcrumb\",\"itemListElement\":[{\"@type\":\"ListItem\",\"position\":1,\"name\":\"In\u00edcio\",\"item\":\"https:\/\/unifsa.com.br\/site\/\"},{\"@type\":\"ListItem\",\"position\":2,\"name\":\"Aluna do UNIFSA \u00e9 aprovada em Curso de Inverno em Imunologia da USP\"}]},{\"@type\":\"WebSite\",\"@id\":\"https:\/\/unifsa.com.br\/site\/#website\",\"url\":\"https:\/\/unifsa.com.br\/site\/\",\"name\":\"Centro Universit\u00e1rio Santo Agostinho - UNIFSA\",\"description\":\"Conhecimento para toda a vida\",\"publisher\":{\"@id\":\"https:\/\/unifsa.com.br\/site\/#organization\"},\"potentialAction\":[{\"@type\":\"SearchAction\",\"target\":{\"@type\":\"EntryPoint\",\"urlTemplate\":\"https:\/\/unifsa.com.br\/site\/?s={search_term_string}\"},\"query-input\":{\"@type\":\"PropertyValueSpecification\",\"valueRequired\":true,\"valueName\":\"search_term_string\"}}],\"inLanguage\":\"pt-BR\"},{\"@type\":\"Organization\",\"@id\":\"https:\/\/unifsa.com.br\/site\/#organization\",\"name\":\"Centro Universit\u00e1rio Santo Agostinho - UNIFSA\",\"url\":\"https:\/\/unifsa.com.br\/site\/\",\"logo\":{\"@type\":\"ImageObject\",\"inLanguage\":\"pt-BR\",\"@id\":\"https:\/\/unifsa.com.br\/site\/#\/schema\/logo\/image\/\",\"url\":\"https:\/\/unifsa.com.br\/site\/wp-content\/uploads\/2023\/03\/MARCA-UNIFSA-CIC23-q2apjs1mt975cf1wl25b044coj90fwoiee1kya6800.png\",\"contentUrl\":\"https:\/\/unifsa.com.br\/site\/wp-content\/uploads\/2023\/03\/MARCA-UNIFSA-CIC23-q2apjs1mt975cf1wl25b044coj90fwoiee1kya6800.png\",\"width\":103,\"height\":100,\"caption\":\"Centro Universit\u00e1rio Santo Agostinho - UNIFSA\"},\"image\":{\"@id\":\"https:\/\/unifsa.com.br\/site\/#\/schema\/logo\/image\/\"},\"sameAs\":[\"https:\/\/www.facebook.com\/unifsa\/\",\"https:\/\/www.instagram.com\/unifsa\/\"]},{\"@type\":\"Person\",\"@id\":\"https:\/\/unifsa.com.br\/site\/#\/schema\/person\/551d7d1f1cd3f288057c5028fc404a18\",\"name\":\"Assessoria UNIFSA\",\"image\":{\"@type\":\"ImageObject\",\"inLanguage\":\"pt-BR\",\"@id\":\"https:\/\/unifsa.com.br\/site\/#\/schema\/person\/image\/\",\"url\":\"https:\/\/secure.gravatar.com\/avatar\/6a631991e4af344430e4f0c5fcc3a220482c78e6a883ad6b80a34c55d1ada357?s=96&d=mm&r=g\",\"contentUrl\":\"https:\/\/secure.gravatar.com\/avatar\/6a631991e4af344430e4f0c5fcc3a220482c78e6a883ad6b80a34c55d1ada357?s=96&d=mm&r=g\",\"caption\":\"Assessoria UNIFSA\"},\"url\":\"https:\/\/unifsa.com.br\/site\/author\/assessoria\/\"}]}<\/script>\n<!-- \/ Yoast SEO plugin. -->","yoast_head_json":{"title":"Aluna do UNIFSA \u00e9 aprovada em Curso de Inverno em Imunologia da USP - Centro Universit\u00e1rio Santo Agostinho - UNIFSA","robots":{"index":"index","follow":"follow","max-snippet":"max-snippet:-1","max-image-preview":"max-image-preview:large","max-video-preview":"max-video-preview:-1"},"canonical":"https:\/\/unifsa.com.br\/site\/aluna-do-unifsa-e-aprovada-em-curso-de-inverno-em-imunologia-da-usp\/","og_locale":"pt_BR","og_type":"article","og_title":"Aluna do UNIFSA \u00e9 aprovada em Curso de Inverno em Imunologia da USP - Centro Universit\u00e1rio Santo Agostinho - UNIFSA","og_description":"A aluna do 7\u00b0 per\u00edodo do Curso de bacharelado em Farm\u00e1cia do Centro Universit\u00e1rio Santo Agostinho, Francisca Suzana Carneiro de Andrade, foi aprovada no XIV Curso de Inverno em Imunologia realizado pelo Programa de P\u00f3s-Gradua\u00e7\u00e3o em Imunologia B\u00e1sica e Aplicada da Faculdade de Medicina de Ribeir\u00e3o Preto (IBA &#8211; FMRP-USP). Segundo Francisca Suzana, a sua","og_url":"https:\/\/unifsa.com.br\/site\/aluna-do-unifsa-e-aprovada-em-curso-de-inverno-em-imunologia-da-usp\/","og_site_name":"Centro Universit\u00e1rio Santo Agostinho - UNIFSA","article_publisher":"https:\/\/www.facebook.com\/unifsa\/","article_published_time":"2022-06-06T22:07:50+00:00","article_modified_time":"2022-06-06T22:07:52+00:00","og_image":[{"width":1920,"height":813,"url":"https:\/\/unifsa.com.br\/site\/wp-content\/uploads\/2022\/06\/05-e-06ABRIL-2.png","type":"image\/png"}],"author":"Assessoria UNIFSA","twitter_card":"summary_large_image","twitter_misc":{"Escrito por":"Assessoria UNIFSA","Est. tempo de leitura":"1 minuto"},"schema":{"@context":"https:\/\/schema.org","@graph":[{"@type":"Article","@id":"https:\/\/unifsa.com.br\/site\/aluna-do-unifsa-e-aprovada-em-curso-de-inverno-em-imunologia-da-usp\/#article","isPartOf":{"@id":"https:\/\/unifsa.com.br\/site\/aluna-do-unifsa-e-aprovada-em-curso-de-inverno-em-imunologia-da-usp\/"},"author":{"name":"Assessoria UNIFSA","@id":"https:\/\/unifsa.com.br\/site\/#\/schema\/person\/551d7d1f1cd3f288057c5028fc404a18"},"headline":"Aluna do UNIFSA \u00e9 aprovada em Curso de Inverno em Imunologia da USP","datePublished":"2022-06-06T22:07:50+00:00","dateModified":"2022-06-06T22:07:52+00:00","mainEntityOfPage":{"@id":"https:\/\/unifsa.com.br\/site\/aluna-do-unifsa-e-aprovada-em-curso-de-inverno-em-imunologia-da-usp\/"},"wordCount":289,"publisher":{"@id":"https:\/\/unifsa.com.br\/site\/#organization"},"image":{"@id":"https:\/\/unifsa.com.br\/site\/aluna-do-unifsa-e-aprovada-em-curso-de-inverno-em-imunologia-da-usp\/#primaryimage"},"thumbnailUrl":"https:\/\/unifsa.com.br\/site\/wp-content\/uploads\/2022\/06\/05-e-06ABRIL-2.png","keywords":["aprovada","Farm\u00e1cia","UNIFSA","USP"],"articleSection":["Acontece na UNIFSA","Farm\u00e1cia","PIBIC"],"inLanguage":"pt-BR"},{"@type":"WebPage","@id":"https:\/\/unifsa.com.br\/site\/aluna-do-unifsa-e-aprovada-em-curso-de-inverno-em-imunologia-da-usp\/","url":"https:\/\/unifsa.com.br\/site\/aluna-do-unifsa-e-aprovada-em-curso-de-inverno-em-imunologia-da-usp\/","name":"Aluna do UNIFSA \u00e9 aprovada em Curso de Inverno em Imunologia da USP - Centro Universit\u00e1rio Santo Agostinho - UNIFSA","isPartOf":{"@id":"https:\/\/unifsa.com.br\/site\/#website"},"primaryImageOfPage":{"@id":"https:\/\/unifsa.com.br\/site\/aluna-do-unifsa-e-aprovada-em-curso-de-inverno-em-imunologia-da-usp\/#primaryimage"},"image":{"@id":"https:\/\/unifsa.com.br\/site\/aluna-do-unifsa-e-aprovada-em-curso-de-inverno-em-imunologia-da-usp\/#primaryimage"},"thumbnailUrl":"https:\/\/unifsa.com.br\/site\/wp-content\/uploads\/2022\/06\/05-e-06ABRIL-2.png","datePublished":"2022-06-06T22:07:50+00:00","dateModified":"2022-06-06T22:07:52+00:00","breadcrumb":{"@id":"https:\/\/unifsa.com.br\/site\/aluna-do-unifsa-e-aprovada-em-curso-de-inverno-em-imunologia-da-usp\/#breadcrumb"},"inLanguage":"pt-BR","potentialAction":[{"@type":"ReadAction","target":["https:\/\/unifsa.com.br\/site\/aluna-do-unifsa-e-aprovada-em-curso-de-inverno-em-imunologia-da-usp\/"]}]},{"@type":"ImageObject","inLanguage":"pt-BR","@id":"https:\/\/unifsa.com.br\/site\/aluna-do-unifsa-e-aprovada-em-curso-de-inverno-em-imunologia-da-usp\/#primaryimage","url":"https:\/\/unifsa.com.br\/site\/wp-content\/uploads\/2022\/06\/05-e-06ABRIL-2.png","contentUrl":"https:\/\/unifsa.com.br\/site\/wp-content\/uploads\/2022\/06\/05-e-06ABRIL-2.png","width":1920,"height":813},{"@type":"BreadcrumbList","@id":"https:\/\/unifsa.com.br\/site\/aluna-do-unifsa-e-aprovada-em-curso-de-inverno-em-imunologia-da-usp\/#breadcrumb","itemListElement":[{"@type":"ListItem","position":1,"name":"In\u00edcio","item":"https:\/\/unifsa.com.br\/site\/"},{"@type":"ListItem","position":2,"name":"Aluna do UNIFSA \u00e9 aprovada em Curso de Inverno em Imunologia da USP"}]},{"@type":"WebSite","@id":"https:\/\/unifsa.com.br\/site\/#website","url":"https:\/\/unifsa.com.br\/site\/","name":"Centro Universit\u00e1rio Santo Agostinho - UNIFSA","description":"Conhecimento para toda a vida","publisher":{"@id":"https:\/\/unifsa.com.br\/site\/#organization"},"potentialAction":[{"@type":"SearchAction","target":{"@type":"EntryPoint","urlTemplate":"https:\/\/unifsa.com.br\/site\/?s={search_term_string}"},"query-input":{"@type":"PropertyValueSpecification","valueRequired":true,"valueName":"search_term_string"}}],"inLanguage":"pt-BR"},{"@type":"Organization","@id":"https:\/\/unifsa.com.br\/site\/#organization","name":"Centro Universit\u00e1rio Santo Agostinho - UNIFSA","url":"https:\/\/unifsa.com.br\/site\/","logo":{"@type":"ImageObject","inLanguage":"pt-BR","@id":"https:\/\/unifsa.com.br\/site\/#\/schema\/logo\/image\/","url":"https:\/\/unifsa.com.br\/site\/wp-content\/uploads\/2023\/03\/MARCA-UNIFSA-CIC23-q2apjs1mt975cf1wl25b044coj90fwoiee1kya6800.png","contentUrl":"https:\/\/unifsa.com.br\/site\/wp-content\/uploads\/2023\/03\/MARCA-UNIFSA-CIC23-q2apjs1mt975cf1wl25b044coj90fwoiee1kya6800.png","width":103,"height":100,"caption":"Centro Universit\u00e1rio Santo Agostinho - UNIFSA"},"image":{"@id":"https:\/\/unifsa.com.br\/site\/#\/schema\/logo\/image\/"},"sameAs":["https:\/\/www.facebook.com\/unifsa\/","https:\/\/www.instagram.com\/unifsa\/"]},{"@type":"Person","@id":"https:\/\/unifsa.com.br\/site\/#\/schema\/person\/551d7d1f1cd3f288057c5028fc404a18","name":"Assessoria UNIFSA","image":{"@type":"ImageObject","inLanguage":"pt-BR","@id":"https:\/\/unifsa.com.br\/site\/#\/schema\/person\/image\/","url":"https:\/\/secure.gravatar.com\/avatar\/6a631991e4af344430e4f0c5fcc3a220482c78e6a883ad6b80a34c55d1ada357?s=96&d=mm&r=g","contentUrl":"https:\/\/secure.gravatar.com\/avatar\/6a631991e4af344430e4f0c5fcc3a220482c78e6a883ad6b80a34c55d1ada357?s=96&d=mm&r=g","caption":"Assessoria UNIFSA"},"url":"https:\/\/unifsa.com.br\/site\/author\/assessoria\/"}]}},"_links":{"self":[{"href":"https:\/\/unifsa.com.br\/site\/wp-json\/wp\/v2\/posts\/14495","targetHints":{"allow":["GET"]}}],"collection":[{"href":"https:\/\/unifsa.com.br\/site\/wp-json\/wp\/v2\/posts"}],"about":[{"href":"https:\/\/unifsa.com.br\/site\/wp-json\/wp\/v2\/types\/post"}],"author":[{"embeddable":true,"href":"https:\/\/unifsa.com.br\/site\/wp-json\/wp\/v2\/users\/2"}],"replies":[{"embeddable":true,"href":"https:\/\/unifsa.com.br\/site\/wp-json\/wp\/v2\/comments?post=14495"}],"version-history":[{"count":2,"href":"https:\/\/unifsa.com.br\/site\/wp-json\/wp\/v2\/posts\/14495\/revisions"}],"predecessor-version":[{"id":14578,"href":"https:\/\/unifsa.com.br\/site\/wp-json\/wp\/v2\/posts\/14495\/revisions\/14578"}],"wp:featuredmedia":[{"embeddable":true,"href":"https:\/\/unifsa.com.br\/site\/wp-json\/wp\/v2\/media\/14575"}],"wp:attachment":[{"href":"https:\/\/unifsa.com.br\/site\/wp-json\/wp\/v2\/media?parent=14495"}],"wp:term":[{"taxonomy":"category","embeddable":true,"href":"https:\/\/unifsa.com.br\/site\/wp-json\/wp\/v2\/categories?post=14495"},{"taxonomy":"post_tag","embeddable":true,"href":"https:\/\/unifsa.com.br\/site\/wp-json\/wp\/v2\/tags?post=14495"}],"curies":[{"name":"wp","href":"https:\/\/api.w.org\/{rel}","templated":true}]}}