{"id":14117,"date":"2022-05-20T18:17:38","date_gmt":"2022-05-20T21:17:38","guid":{"rendered":"https:\/\/unifsa.com.br\/site\/?p=14117"},"modified":"2022-06-02T13:42:08","modified_gmt":"2022-06-02T16:42:08","slug":"inscricoes-abertas-para-o-evento-imersao-em-planejamento-estrategico","status":"publish","type":"post","link":"https:\/\/unifsa.com.br\/site\/inscricoes-abertas-para-o-evento-imersao-em-planejamento-estrategico\/","title":{"rendered":"Curso de Engenharia de Produ\u00e7\u00e3o promove evento &#8220;Imers\u00e3o em Planejamento Estrat\u00e9gico&#8221;"},"content":{"rendered":"\n<p class=\"has-drop-cap texto-justificado\">O Centro Universit\u00e1rio Santo Agostinho, por meio do curso de Engenharia de Produ\u00e7\u00e3o, realiza o <strong>Imers\u00e3o em Planejamento Estrat\u00e9gico<\/strong>, um evento da disciplina Planejamento Estrat\u00e9gico, do Prof. Me. Rhubens Ewald Moura Ribeiro, que acontecer\u00e1 nos dias 31 de maio e 01 de junho na Sala de Confer\u00eancia do Anexo II UNIFSA, com carga hor\u00e1ria de 5h, e inscri\u00e7\u00f5es gratuitas via Sympla.<\/p>\n\n\n\n<div class=\"wp-block-button aligncenter\"><a class=\"wp-block-button__link has-text-color has-very-light-gray-color has-background has-vivid-cyan-blue-background-color\" href=\"https:\/\/unifsa.com.br\/site\/wp-content\/uploads\/2022\/06\/Apresenta\u00e7\u00e3o-Estrat\u00e9gia-UNIFSA.pdf\">Material de Planejamento Estrat\u00e9gico na Pr\u00e1tica<\/a><\/div>\n\n\n\n<div class=\"wp-block-button aligncenter\"><a class=\"wp-block-button__link has-background has-vivid-cyan-blue-background-color\" href=\"https:\/\/unifsa.com.br\/site\/wp-content\/uploads\/2022\/06\/OKR-Gesta\u0303o-Ativa.pdf\">Material  OKR : do Zero \u00e0 Implanta\u00e7\u00e3o <\/a><\/div>\n\n\n\n<p class=\"texto-justificado\">O evento \u00e9 aberto para todos os p\u00fablicos, e ser\u00e1 dividido em duas importantes palestras, focadas em tend\u00eancias da \u00e1rea, sendo seu p\u00fablico alvo todos os interessados no tema. <\/p>\n\n\n\n<ol class=\"wp-block-list\"><li><strong> OKR: do Zero \u00e0 Implanta\u00e7\u00e3o &#8211; 31 de maio \u00e0s 20h30<\/strong><\/li><\/ol>\n\n\n\n<p class=\"texto-justificado\">A Metodologia OKR \u00e9 utilizada por empresas como Google, Facebook, Apple, Walmart e Intel para definir objetivos de equipes e colaboradores, com resultados chave que monitoram o alcance das suas metas.&nbsp;Aprenda os principais conceitos e como aplicar essa ferramenta em um neg\u00f3cio com quem j\u00e1 implantou OKR em diversas empresas.&nbsp;<\/p>\n\n\n\n<div class=\"wp-block-image\"><figure class=\"alignleft size-large is-resized\"><img decoding=\"async\" src=\"https:\/\/unifsa.com.br\/site\/wp-content\/uploads\/2022\/05\/palestrante-gerson-682x1024.jpeg\" alt=\"\" class=\"wp-image-14125\" width=\"129\" height=\"193\" srcset=\"https:\/\/unifsa.com.br\/site\/wp-content\/uploads\/2022\/05\/palestrante-gerson-682x1024.jpeg 682w, https:\/\/unifsa.com.br\/site\/wp-content\/uploads\/2022\/05\/palestrante-gerson-200x300.jpeg 200w, https:\/\/unifsa.com.br\/site\/wp-content\/uploads\/2022\/05\/palestrante-gerson-768x1153.jpeg 768w, https:\/\/unifsa.com.br\/site\/wp-content\/uploads\/2022\/05\/palestrante-gerson.jpeg 1008w\" sizes=\"(max-width: 129px) 100vw, 129px\" \/><\/figure><\/div>\n\n\n\n<p class=\"texto-justificado\">O palestrante da noite ser\u00e1 o Consultor de Estrat\u00e9gia <strong>Gerson Rios Araujo<\/strong>, que \u00e9 s\u00f3cio fundador da Gest\u00e3o Ativa Consultoria, Engenheiro de Produ\u00e7\u00e3o com Gradua\u00e7\u00e3o Sandu\u00edche (UNIFSA , University of Arkansas (USA) e UFRN), e&nbsp;Former Coop do Walmart International (USA).&nbsp;<br>Gerson possui uma carteira de projetos de consultoria com mais de 30 empresas atendidas no Estado (Grupo Rocha &amp; Rocha, Servfaz, Hospital Fl\u00e1vio Santos, Casa do Motor, Foco Integrado, Executiva Recupera\u00e7\u00e3o de Cr\u00e9dito, Profit Academia, Play Beach Tennis, entre outras.)&nbsp;<\/p>\n\n\n\n<p><strong>2. Planejamento Estrat\u00e9gico na Pr\u00e1tica: Ferramentas de Constru\u00e7\u00e3o e Monitoramento&nbsp;&#8211; 01 de junho \u00e0s 19h<\/strong><\/p>\n\n\n\n<p class=\"texto-justificado\">A segunda palestra busca conhecer o planejamento estrat\u00e9gico na pr\u00e1tica, aplicado em organiza\u00e7\u00f5es locais e com realidades planejadas e desenvolvidas por profissionais especialistas na \u00e1rea.&nbsp; Os convidados ser\u00e3o:<\/p>\n\n\n\n<div class=\"wp-block-image\"><figure class=\"alignleft size-large is-resized\"><img decoding=\"async\" src=\"https:\/\/unifsa.com.br\/site\/wp-content\/uploads\/2022\/05\/vanessa-palestrante-876x1024.jpeg\" alt=\"\" class=\"wp-image-14122\" width=\"174\" height=\"203\" srcset=\"https:\/\/unifsa.com.br\/site\/wp-content\/uploads\/2022\/05\/vanessa-palestrante-876x1024.jpeg 876w, https:\/\/unifsa.com.br\/site\/wp-content\/uploads\/2022\/05\/vanessa-palestrante-257x300.jpeg 257w, https:\/\/unifsa.com.br\/site\/wp-content\/uploads\/2022\/05\/vanessa-palestrante-768x898.jpeg 768w, https:\/\/unifsa.com.br\/site\/wp-content\/uploads\/2022\/05\/vanessa-palestrante.jpeg 1095w\" sizes=\"(max-width: 174px) 100vw, 174px\" \/><\/figure><\/div>\n\n\n\n<p class=\"texto-justificado\"><strong>Vannessa Monteiro Beserra da Silva<\/strong> <br>Possui MBA em Projetos e Processos e em Controladoria e Finan\u00e7as pelo IPOG; Especializa\u00e7\u00e3o em Auditoria Cont\u00e1bil (Uninassau); \u00c9 formada em Ci\u00eancias Cont\u00e1beis (UFPI), em Administra\u00e7\u00e3o de Empresas (UESPI), e possui t\u00e9cnico em Contabilidade (IFPI). Atualmente, Vannessa est\u00e1 se especializando em Forma\u00e7\u00e3o de Conselheiros de Cooperativas (UCS), e \u00e9 s\u00f3cia gestora da VM Consultoria em Gest\u00e3o.<\/p>\n\n\n\n<div class=\"wp-block-image\"><figure class=\"alignleft size-large is-resized\"><img decoding=\"async\" src=\"https:\/\/unifsa.com.br\/site\/wp-content\/uploads\/2022\/05\/adilson-silva.jpeg\" alt=\"\" class=\"wp-image-14123\" width=\"190\" height=\"239\" srcset=\"https:\/\/unifsa.com.br\/site\/wp-content\/uploads\/2022\/05\/adilson-silva.jpeg 439w, https:\/\/unifsa.com.br\/site\/wp-content\/uploads\/2022\/05\/adilson-silva-239x300.jpeg 239w\" sizes=\"(max-width: 190px) 100vw, 190px\" \/><\/figure><\/div>\n\n\n\n<p class=\"texto-justificado\"> <strong>Adilson Silva de Almeida J\u00fanior<\/strong> <br>Possui MBA em Gest\u00e3o de Projetos e Processos&nbsp;, e \u00e9 especialista Black Belt Lean Six Sigma. \u00c9 Bacharel em Engenharia de Produ\u00e7\u00e3o (UNIFSA), T\u00e9cnico em Eletromec\u00e2nica, e trabalha como Coordenador de Intelig\u00eancia de Neg\u00f3cios na Unimed Teresina.<\/p>\n","protected":false},"excerpt":{"rendered":"<p>O Centro Universit\u00e1rio Santo Agostinho, por meio do curso de Engenharia de Produ\u00e7\u00e3o, realiza o Imers\u00e3o em Planejamento Estrat\u00e9gico, um evento da disciplina Planejamento Estrat\u00e9gico, do Prof. Me. Rhubens Ewald Moura Ribeiro, que acontecer\u00e1 nos dias 31 de maio e 01 de junho na Sala de Confer\u00eancia do Anexo II UNIFSA, com carga hor\u00e1ria de 5h, e inscri\u00e7\u00f5es gratuitas via Sympla.<\/p>\n","protected":false},"author":11,"featured_media":14258,"comment_status":"closed","ping_status":"open","sticky":false,"template":"","format":"standard","meta":{"_acf_changed":false,"footnotes":""},"categories":[6,57],"tags":[594,112,89,805],"class_list":["post-14117","post","type-post","status-publish","format-standard","has-post-thumbnail","hentry","category-acontece-na-unifsa","category-engenharia-producao","tag-engenharia","tag-engenharia-de-producao","tag-palestra","tag-planejamento-estrategico"],"acf":[],"yoast_head":"<!-- This site is optimized with the Yoast SEO plugin v26.5 - https:\/\/yoast.com\/wordpress\/plugins\/seo\/ -->\n<title>Curso de Engenharia de Produ\u00e7\u00e3o promove evento &quot;Imers\u00e3o em Planejamento Estrat\u00e9gico&quot; - Centro Universit\u00e1rio Santo Agostinho - UNIFSA<\/title>\n<meta name=\"robots\" content=\"index, follow, max-snippet:-1, max-image-preview:large, max-video-preview:-1\" \/>\n<link rel=\"canonical\" href=\"https:\/\/unifsa.com.br\/site\/inscricoes-abertas-para-o-evento-imersao-em-planejamento-estrategico\/\" \/>\n<meta property=\"og:locale\" content=\"pt_BR\" \/>\n<meta property=\"og:type\" content=\"article\" \/>\n<meta property=\"og:title\" content=\"Curso de Engenharia de Produ\u00e7\u00e3o promove evento &quot;Imers\u00e3o em Planejamento Estrat\u00e9gico&quot; - Centro Universit\u00e1rio Santo Agostinho - UNIFSA\" \/>\n<meta property=\"og:description\" content=\"O Centro Universit\u00e1rio Santo Agostinho, por meio do curso de Engenharia de Produ\u00e7\u00e3o, realiza o Imers\u00e3o em Planejamento Estrat\u00e9gico, um evento da disciplina Planejamento Estrat\u00e9gico, do Prof. Me. Rhubens Ewald Moura Ribeiro, que acontecer\u00e1 nos dias 31 de maio e 01 de junho na Sala de Confer\u00eancia do Anexo II UNIFSA, com carga hor\u00e1ria de 5h, e inscri\u00e7\u00f5es gratuitas via Sympla.\" \/>\n<meta property=\"og:url\" content=\"https:\/\/unifsa.com.br\/site\/inscricoes-abertas-para-o-evento-imersao-em-planejamento-estrategico\/\" \/>\n<meta property=\"og:site_name\" content=\"Centro Universit\u00e1rio Santo Agostinho - UNIFSA\" \/>\n<meta property=\"article:publisher\" content=\"https:\/\/www.facebook.com\/unifsa\/\" \/>\n<meta property=\"article:published_time\" content=\"2022-05-20T21:17:38+00:00\" \/>\n<meta property=\"article:modified_time\" content=\"2022-06-02T16:42:08+00:00\" \/>\n<meta property=\"og:image\" content=\"https:\/\/unifsa.com.br\/site\/wp-content\/uploads\/2022\/05\/WhatsApp-Image-2022-05-20-at-18.14.44.jpeg\" \/>\n\t<meta property=\"og:image:width\" content=\"1009\" \/>\n\t<meta property=\"og:image:height\" content=\"427\" \/>\n\t<meta property=\"og:image:type\" content=\"image\/jpeg\" \/>\n<meta name=\"author\" content=\"Oceannyra Kelly da Cruz Silva\" \/>\n<meta name=\"twitter:card\" content=\"summary_large_image\" \/>\n<meta name=\"twitter:label1\" content=\"Escrito por\" \/>\n\t<meta name=\"twitter:data1\" content=\"Oceannyra Kelly da Cruz Silva\" \/>\n\t<meta name=\"twitter:label2\" content=\"Est. tempo de leitura\" \/>\n\t<meta name=\"twitter:data2\" content=\"2 minutos\" \/>\n<script type=\"application\/ld+json\" class=\"yoast-schema-graph\">{\"@context\":\"https:\/\/schema.org\",\"@graph\":[{\"@type\":\"Article\",\"@id\":\"https:\/\/unifsa.com.br\/site\/inscricoes-abertas-para-o-evento-imersao-em-planejamento-estrategico\/#article\",\"isPartOf\":{\"@id\":\"https:\/\/unifsa.com.br\/site\/inscricoes-abertas-para-o-evento-imersao-em-planejamento-estrategico\/\"},\"author\":{\"name\":\"Oceannyra Kelly da Cruz Silva\",\"@id\":\"https:\/\/unifsa.com.br\/site\/#\/schema\/person\/a4cec94bbc6ddf98f579162824de9bf2\"},\"headline\":\"Curso de Engenharia de Produ\u00e7\u00e3o promove evento &#8220;Imers\u00e3o em Planejamento Estrat\u00e9gico&#8221;\",\"datePublished\":\"2022-05-20T21:17:38+00:00\",\"dateModified\":\"2022-06-02T16:42:08+00:00\",\"mainEntityOfPage\":{\"@id\":\"https:\/\/unifsa.com.br\/site\/inscricoes-abertas-para-o-evento-imersao-em-planejamento-estrategico\/\"},\"wordCount\":447,\"publisher\":{\"@id\":\"https:\/\/unifsa.com.br\/site\/#organization\"},\"image\":{\"@id\":\"https:\/\/unifsa.com.br\/site\/inscricoes-abertas-para-o-evento-imersao-em-planejamento-estrategico\/#primaryimage\"},\"thumbnailUrl\":\"https:\/\/unifsa.com.br\/site\/wp-content\/uploads\/2022\/05\/WhatsApp-Image-2022-05-20-at-18.14.44.jpeg\",\"keywords\":[\"engenharia\",\"Engenharia de Produ\u00e7\u00e3o\",\"palestra\",\"planejamento estrat\u00e9gico\"],\"articleSection\":[\"Acontece na UNIFSA\",\"Engenharia de Produ\u00e7\u00e3o\"],\"inLanguage\":\"pt-BR\"},{\"@type\":\"WebPage\",\"@id\":\"https:\/\/unifsa.com.br\/site\/inscricoes-abertas-para-o-evento-imersao-em-planejamento-estrategico\/\",\"url\":\"https:\/\/unifsa.com.br\/site\/inscricoes-abertas-para-o-evento-imersao-em-planejamento-estrategico\/\",\"name\":\"Curso de Engenharia de Produ\u00e7\u00e3o promove evento \\\"Imers\u00e3o em Planejamento Estrat\u00e9gico\\\" - Centro Universit\u00e1rio Santo Agostinho - UNIFSA\",\"isPartOf\":{\"@id\":\"https:\/\/unifsa.com.br\/site\/#website\"},\"primaryImageOfPage\":{\"@id\":\"https:\/\/unifsa.com.br\/site\/inscricoes-abertas-para-o-evento-imersao-em-planejamento-estrategico\/#primaryimage\"},\"image\":{\"@id\":\"https:\/\/unifsa.com.br\/site\/inscricoes-abertas-para-o-evento-imersao-em-planejamento-estrategico\/#primaryimage\"},\"thumbnailUrl\":\"https:\/\/unifsa.com.br\/site\/wp-content\/uploads\/2022\/05\/WhatsApp-Image-2022-05-20-at-18.14.44.jpeg\",\"datePublished\":\"2022-05-20T21:17:38+00:00\",\"dateModified\":\"2022-06-02T16:42:08+00:00\",\"breadcrumb\":{\"@id\":\"https:\/\/unifsa.com.br\/site\/inscricoes-abertas-para-o-evento-imersao-em-planejamento-estrategico\/#breadcrumb\"},\"inLanguage\":\"pt-BR\",\"potentialAction\":[{\"@type\":\"ReadAction\",\"target\":[\"https:\/\/unifsa.com.br\/site\/inscricoes-abertas-para-o-evento-imersao-em-planejamento-estrategico\/\"]}]},{\"@type\":\"ImageObject\",\"inLanguage\":\"pt-BR\",\"@id\":\"https:\/\/unifsa.com.br\/site\/inscricoes-abertas-para-o-evento-imersao-em-planejamento-estrategico\/#primaryimage\",\"url\":\"https:\/\/unifsa.com.br\/site\/wp-content\/uploads\/2022\/05\/WhatsApp-Image-2022-05-20-at-18.14.44.jpeg\",\"contentUrl\":\"https:\/\/unifsa.com.br\/site\/wp-content\/uploads\/2022\/05\/WhatsApp-Image-2022-05-20-at-18.14.44.jpeg\",\"width\":1009,\"height\":427},{\"@type\":\"BreadcrumbList\",\"@id\":\"https:\/\/unifsa.com.br\/site\/inscricoes-abertas-para-o-evento-imersao-em-planejamento-estrategico\/#breadcrumb\",\"itemListElement\":[{\"@type\":\"ListItem\",\"position\":1,\"name\":\"In\u00edcio\",\"item\":\"https:\/\/unifsa.com.br\/site\/\"},{\"@type\":\"ListItem\",\"position\":2,\"name\":\"Curso de Engenharia de Produ\u00e7\u00e3o promove evento &#8220;Imers\u00e3o em Planejamento Estrat\u00e9gico&#8221;\"}]},{\"@type\":\"WebSite\",\"@id\":\"https:\/\/unifsa.com.br\/site\/#website\",\"url\":\"https:\/\/unifsa.com.br\/site\/\",\"name\":\"Centro Universit\u00e1rio Santo Agostinho - UNIFSA\",\"description\":\"Conhecimento para toda a vida\",\"publisher\":{\"@id\":\"https:\/\/unifsa.com.br\/site\/#organization\"},\"potentialAction\":[{\"@type\":\"SearchAction\",\"target\":{\"@type\":\"EntryPoint\",\"urlTemplate\":\"https:\/\/unifsa.com.br\/site\/?s={search_term_string}\"},\"query-input\":{\"@type\":\"PropertyValueSpecification\",\"valueRequired\":true,\"valueName\":\"search_term_string\"}}],\"inLanguage\":\"pt-BR\"},{\"@type\":\"Organization\",\"@id\":\"https:\/\/unifsa.com.br\/site\/#organization\",\"name\":\"Centro Universit\u00e1rio Santo Agostinho - UNIFSA\",\"url\":\"https:\/\/unifsa.com.br\/site\/\",\"logo\":{\"@type\":\"ImageObject\",\"inLanguage\":\"pt-BR\",\"@id\":\"https:\/\/unifsa.com.br\/site\/#\/schema\/logo\/image\/\",\"url\":\"https:\/\/unifsa.com.br\/site\/wp-content\/uploads\/2023\/03\/MARCA-UNIFSA-CIC23-q2apjs1mt975cf1wl25b044coj90fwoiee1kya6800.png\",\"contentUrl\":\"https:\/\/unifsa.com.br\/site\/wp-content\/uploads\/2023\/03\/MARCA-UNIFSA-CIC23-q2apjs1mt975cf1wl25b044coj90fwoiee1kya6800.png\",\"width\":103,\"height\":100,\"caption\":\"Centro Universit\u00e1rio Santo Agostinho - UNIFSA\"},\"image\":{\"@id\":\"https:\/\/unifsa.com.br\/site\/#\/schema\/logo\/image\/\"},\"sameAs\":[\"https:\/\/www.facebook.com\/unifsa\/\",\"https:\/\/www.instagram.com\/unifsa\/\"]},{\"@type\":\"Person\",\"@id\":\"https:\/\/unifsa.com.br\/site\/#\/schema\/person\/a4cec94bbc6ddf98f579162824de9bf2\",\"name\":\"Oceannyra Kelly da Cruz Silva\",\"image\":{\"@type\":\"ImageObject\",\"inLanguage\":\"pt-BR\",\"@id\":\"https:\/\/unifsa.com.br\/site\/#\/schema\/person\/image\/\",\"url\":\"https:\/\/secure.gravatar.com\/avatar\/05c87cd6fa2c3c73262055bd9341438a47e77a37053b409b3cf4f8df60ea8eb8?s=96&d=mm&r=g\",\"contentUrl\":\"https:\/\/secure.gravatar.com\/avatar\/05c87cd6fa2c3c73262055bd9341438a47e77a37053b409b3cf4f8df60ea8eb8?s=96&d=mm&r=g\",\"caption\":\"Oceannyra Kelly da Cruz Silva\"},\"url\":\"https:\/\/unifsa.com.br\/site\/author\/oceannyrakelly\/\"}]}<\/script>\n<!-- \/ Yoast SEO plugin. -->","yoast_head_json":{"title":"Curso de Engenharia de Produ\u00e7\u00e3o promove evento \"Imers\u00e3o em Planejamento Estrat\u00e9gico\" - Centro Universit\u00e1rio Santo Agostinho - UNIFSA","robots":{"index":"index","follow":"follow","max-snippet":"max-snippet:-1","max-image-preview":"max-image-preview:large","max-video-preview":"max-video-preview:-1"},"canonical":"https:\/\/unifsa.com.br\/site\/inscricoes-abertas-para-o-evento-imersao-em-planejamento-estrategico\/","og_locale":"pt_BR","og_type":"article","og_title":"Curso de Engenharia de Produ\u00e7\u00e3o promove evento \"Imers\u00e3o em Planejamento Estrat\u00e9gico\" - Centro Universit\u00e1rio Santo Agostinho - UNIFSA","og_description":"O Centro Universit\u00e1rio Santo Agostinho, por meio do curso de Engenharia de Produ\u00e7\u00e3o, realiza o Imers\u00e3o em Planejamento Estrat\u00e9gico, um evento da disciplina Planejamento Estrat\u00e9gico, do Prof. Me. Rhubens Ewald Moura Ribeiro, que acontecer\u00e1 nos dias 31 de maio e 01 de junho na Sala de Confer\u00eancia do Anexo II UNIFSA, com carga hor\u00e1ria de 5h, e inscri\u00e7\u00f5es gratuitas via Sympla.","og_url":"https:\/\/unifsa.com.br\/site\/inscricoes-abertas-para-o-evento-imersao-em-planejamento-estrategico\/","og_site_name":"Centro Universit\u00e1rio Santo Agostinho - UNIFSA","article_publisher":"https:\/\/www.facebook.com\/unifsa\/","article_published_time":"2022-05-20T21:17:38+00:00","article_modified_time":"2022-06-02T16:42:08+00:00","og_image":[{"width":1009,"height":427,"url":"https:\/\/unifsa.com.br\/site\/wp-content\/uploads\/2022\/05\/WhatsApp-Image-2022-05-20-at-18.14.44.jpeg","type":"image\/jpeg"}],"author":"Oceannyra Kelly da Cruz Silva","twitter_card":"summary_large_image","twitter_misc":{"Escrito por":"Oceannyra Kelly da Cruz Silva","Est. tempo de leitura":"2 minutos"},"schema":{"@context":"https:\/\/schema.org","@graph":[{"@type":"Article","@id":"https:\/\/unifsa.com.br\/site\/inscricoes-abertas-para-o-evento-imersao-em-planejamento-estrategico\/#article","isPartOf":{"@id":"https:\/\/unifsa.com.br\/site\/inscricoes-abertas-para-o-evento-imersao-em-planejamento-estrategico\/"},"author":{"name":"Oceannyra Kelly da Cruz Silva","@id":"https:\/\/unifsa.com.br\/site\/#\/schema\/person\/a4cec94bbc6ddf98f579162824de9bf2"},"headline":"Curso de Engenharia de Produ\u00e7\u00e3o promove evento &#8220;Imers\u00e3o em Planejamento Estrat\u00e9gico&#8221;","datePublished":"2022-05-20T21:17:38+00:00","dateModified":"2022-06-02T16:42:08+00:00","mainEntityOfPage":{"@id":"https:\/\/unifsa.com.br\/site\/inscricoes-abertas-para-o-evento-imersao-em-planejamento-estrategico\/"},"wordCount":447,"publisher":{"@id":"https:\/\/unifsa.com.br\/site\/#organization"},"image":{"@id":"https:\/\/unifsa.com.br\/site\/inscricoes-abertas-para-o-evento-imersao-em-planejamento-estrategico\/#primaryimage"},"thumbnailUrl":"https:\/\/unifsa.com.br\/site\/wp-content\/uploads\/2022\/05\/WhatsApp-Image-2022-05-20-at-18.14.44.jpeg","keywords":["engenharia","Engenharia de Produ\u00e7\u00e3o","palestra","planejamento estrat\u00e9gico"],"articleSection":["Acontece na UNIFSA","Engenharia de Produ\u00e7\u00e3o"],"inLanguage":"pt-BR"},{"@type":"WebPage","@id":"https:\/\/unifsa.com.br\/site\/inscricoes-abertas-para-o-evento-imersao-em-planejamento-estrategico\/","url":"https:\/\/unifsa.com.br\/site\/inscricoes-abertas-para-o-evento-imersao-em-planejamento-estrategico\/","name":"Curso de Engenharia de Produ\u00e7\u00e3o promove evento \"Imers\u00e3o em Planejamento Estrat\u00e9gico\" - Centro Universit\u00e1rio Santo Agostinho - UNIFSA","isPartOf":{"@id":"https:\/\/unifsa.com.br\/site\/#website"},"primaryImageOfPage":{"@id":"https:\/\/unifsa.com.br\/site\/inscricoes-abertas-para-o-evento-imersao-em-planejamento-estrategico\/#primaryimage"},"image":{"@id":"https:\/\/unifsa.com.br\/site\/inscricoes-abertas-para-o-evento-imersao-em-planejamento-estrategico\/#primaryimage"},"thumbnailUrl":"https:\/\/unifsa.com.br\/site\/wp-content\/uploads\/2022\/05\/WhatsApp-Image-2022-05-20-at-18.14.44.jpeg","datePublished":"2022-05-20T21:17:38+00:00","dateModified":"2022-06-02T16:42:08+00:00","breadcrumb":{"@id":"https:\/\/unifsa.com.br\/site\/inscricoes-abertas-para-o-evento-imersao-em-planejamento-estrategico\/#breadcrumb"},"inLanguage":"pt-BR","potentialAction":[{"@type":"ReadAction","target":["https:\/\/unifsa.com.br\/site\/inscricoes-abertas-para-o-evento-imersao-em-planejamento-estrategico\/"]}]},{"@type":"ImageObject","inLanguage":"pt-BR","@id":"https:\/\/unifsa.com.br\/site\/inscricoes-abertas-para-o-evento-imersao-em-planejamento-estrategico\/#primaryimage","url":"https:\/\/unifsa.com.br\/site\/wp-content\/uploads\/2022\/05\/WhatsApp-Image-2022-05-20-at-18.14.44.jpeg","contentUrl":"https:\/\/unifsa.com.br\/site\/wp-content\/uploads\/2022\/05\/WhatsApp-Image-2022-05-20-at-18.14.44.jpeg","width":1009,"height":427},{"@type":"BreadcrumbList","@id":"https:\/\/unifsa.com.br\/site\/inscricoes-abertas-para-o-evento-imersao-em-planejamento-estrategico\/#breadcrumb","itemListElement":[{"@type":"ListItem","position":1,"name":"In\u00edcio","item":"https:\/\/unifsa.com.br\/site\/"},{"@type":"ListItem","position":2,"name":"Curso de Engenharia de Produ\u00e7\u00e3o promove evento &#8220;Imers\u00e3o em Planejamento Estrat\u00e9gico&#8221;"}]},{"@type":"WebSite","@id":"https:\/\/unifsa.com.br\/site\/#website","url":"https:\/\/unifsa.com.br\/site\/","name":"Centro Universit\u00e1rio Santo Agostinho - UNIFSA","description":"Conhecimento para toda a vida","publisher":{"@id":"https:\/\/unifsa.com.br\/site\/#organization"},"potentialAction":[{"@type":"SearchAction","target":{"@type":"EntryPoint","urlTemplate":"https:\/\/unifsa.com.br\/site\/?s={search_term_string}"},"query-input":{"@type":"PropertyValueSpecification","valueRequired":true,"valueName":"search_term_string"}}],"inLanguage":"pt-BR"},{"@type":"Organization","@id":"https:\/\/unifsa.com.br\/site\/#organization","name":"Centro Universit\u00e1rio Santo Agostinho - UNIFSA","url":"https:\/\/unifsa.com.br\/site\/","logo":{"@type":"ImageObject","inLanguage":"pt-BR","@id":"https:\/\/unifsa.com.br\/site\/#\/schema\/logo\/image\/","url":"https:\/\/unifsa.com.br\/site\/wp-content\/uploads\/2023\/03\/MARCA-UNIFSA-CIC23-q2apjs1mt975cf1wl25b044coj90fwoiee1kya6800.png","contentUrl":"https:\/\/unifsa.com.br\/site\/wp-content\/uploads\/2023\/03\/MARCA-UNIFSA-CIC23-q2apjs1mt975cf1wl25b044coj90fwoiee1kya6800.png","width":103,"height":100,"caption":"Centro Universit\u00e1rio Santo Agostinho - UNIFSA"},"image":{"@id":"https:\/\/unifsa.com.br\/site\/#\/schema\/logo\/image\/"},"sameAs":["https:\/\/www.facebook.com\/unifsa\/","https:\/\/www.instagram.com\/unifsa\/"]},{"@type":"Person","@id":"https:\/\/unifsa.com.br\/site\/#\/schema\/person\/a4cec94bbc6ddf98f579162824de9bf2","name":"Oceannyra Kelly da Cruz Silva","image":{"@type":"ImageObject","inLanguage":"pt-BR","@id":"https:\/\/unifsa.com.br\/site\/#\/schema\/person\/image\/","url":"https:\/\/secure.gravatar.com\/avatar\/05c87cd6fa2c3c73262055bd9341438a47e77a37053b409b3cf4f8df60ea8eb8?s=96&d=mm&r=g","contentUrl":"https:\/\/secure.gravatar.com\/avatar\/05c87cd6fa2c3c73262055bd9341438a47e77a37053b409b3cf4f8df60ea8eb8?s=96&d=mm&r=g","caption":"Oceannyra Kelly da Cruz Silva"},"url":"https:\/\/unifsa.com.br\/site\/author\/oceannyrakelly\/"}]}},"_links":{"self":[{"href":"https:\/\/unifsa.com.br\/site\/wp-json\/wp\/v2\/posts\/14117","targetHints":{"allow":["GET"]}}],"collection":[{"href":"https:\/\/unifsa.com.br\/site\/wp-json\/wp\/v2\/posts"}],"about":[{"href":"https:\/\/unifsa.com.br\/site\/wp-json\/wp\/v2\/types\/post"}],"author":[{"embeddable":true,"href":"https:\/\/unifsa.com.br\/site\/wp-json\/wp\/v2\/users\/11"}],"replies":[{"embeddable":true,"href":"https:\/\/unifsa.com.br\/site\/wp-json\/wp\/v2\/comments?post=14117"}],"version-history":[{"count":14,"href":"https:\/\/unifsa.com.br\/site\/wp-json\/wp\/v2\/posts\/14117\/revisions"}],"predecessor-version":[{"id":14483,"href":"https:\/\/unifsa.com.br\/site\/wp-json\/wp\/v2\/posts\/14117\/revisions\/14483"}],"wp:featuredmedia":[{"embeddable":true,"href":"https:\/\/unifsa.com.br\/site\/wp-json\/wp\/v2\/media\/14258"}],"wp:attachment":[{"href":"https:\/\/unifsa.com.br\/site\/wp-json\/wp\/v2\/media?parent=14117"}],"wp:term":[{"taxonomy":"category","embeddable":true,"href":"https:\/\/unifsa.com.br\/site\/wp-json\/wp\/v2\/categories?post=14117"},{"taxonomy":"post_tag","embeddable":true,"href":"https:\/\/unifsa.com.br\/site\/wp-json\/wp\/v2\/tags?post=14117"}],"curies":[{"name":"wp","href":"https:\/\/api.w.org\/{rel}","templated":true}]}}