{"id":13866,"date":"2022-05-09T16:21:22","date_gmt":"2022-05-09T19:21:22","guid":{"rendered":"https:\/\/unifsa.com.br\/site\/?p=13866"},"modified":"2022-05-09T16:46:55","modified_gmt":"2022-05-09T19:46:55","slug":"unifsa-divulga-lista-de-selecionados-na-primeira-etapa-para-o-projeto-estudos-e-pesquisas-sobre-questoes-etnico-raciais","status":"publish","type":"post","link":"https:\/\/unifsa.com.br\/site\/unifsa-divulga-lista-de-selecionados-na-primeira-etapa-para-o-projeto-estudos-e-pesquisas-sobre-questoes-etnico-raciais\/","title":{"rendered":"UNIFSA divulga lista de selecionados na primeira etapa para o projeto \u201cEstudos e Pesquisas sobre quest\u00f5es \u00c9tnico-Raciais&#8221;"},"content":{"rendered":"\n<p class=\"has-drop-cap\"> A Pr\u00f3-Reitora do Centro Universit\u00e1rio Santo Agostinho \u2013 UNIFSA, no uso de suas atribui\u00e7\u00f5es legais, torna p\u00fablico aos interessados que a <strong>lista com os selecionados na primeira etapa<\/strong> para o projeto \u201cEstudos e Pesquisas sobre quest\u00f5es \u00c9tnico-Raciais: Africanas, Afrodescendentes e Ind\u00edgenas&#8221; e <strong>convoca\u00e7\u00e3o para segunda etapa<\/strong>, conforme preconiza o Edital de Extens\u00e3o 010\/2022.<\/p>\n\n\n\n<p>A pr\u00f3xima etapa ser\u00e1 a realiza\u00e7\u00e3o de entrevistas com os selecionados, no dia 11\/05, \u00e0s 18h na sala 208 &#8211; Sede.<\/p>\n\n\n\n<div class=\"wp-block-button aligncenter\"><a class=\"wp-block-button__link has-background has-vivid-red-background-color\" href=\"https:\/\/unifsa.com.br\/site\/wp-content\/uploads\/2022\/05\/lista-de-SELECIONADOS-NUAFRI.docx\"><strong>Confira o resultado<\/strong><\/a><\/div>\n\n\n\n<div class=\"wp-block-button aligncenter\"><a class=\"wp-block-button__link has-background has-vivid-cyan-blue-background-color\" href=\"https:\/\/unifsa.com.br\/site\/wp-content\/uploads\/2022\/04\/EDITAL-NUAFRI.pdf\">Edital<\/a><\/div>\n\n\n\n<p>\uffa0<\/p>\n","protected":false},"excerpt":{"rendered":"<p>A Pr\u00f3-Reitora do Centro Universit\u00e1rio Santo Agostinho \u2013 UNIFSA, no uso de suas atribui\u00e7\u00f5es legais, torna p\u00fablico aos interessados que a lista com os selecionados na primeira etapa para o projeto \u201cEstudos e Pesquisas sobre quest\u00f5es \u00c9tnico-Raciais: Africanas, Afrodescendentes e Ind\u00edgenas&#8221; e convoca\u00e7\u00e3o para segunda etapa, conforme preconiza o Edital de Extens\u00e3o 010\/2022. A pr\u00f3xima<\/p>\n","protected":false},"author":12,"featured_media":13871,"comment_status":"closed","ping_status":"open","sticky":false,"template":"","format":"standard","meta":{"_acf_changed":false,"footnotes":""},"categories":[6,72,385],"tags":[201,105,210,666,82],"class_list":["post-13866","post","type-post","status-publish","format-standard","has-post-thumbnail","hentry","category-acontece-na-unifsa","category-extensao","category-nuape","tag-edital","tag-nuafri","tag-processo-seletivo","tag-resultado-parcial","tag-unifsa"],"acf":[],"yoast_head":"<!-- This site is optimized with the Yoast SEO plugin v26.5 - https:\/\/yoast.com\/wordpress\/plugins\/seo\/ -->\n<title>UNIFSA divulga lista de selecionados na primeira etapa para o projeto \u201cEstudos e Pesquisas sobre quest\u00f5es \u00c9tnico-Raciais&quot; - Centro Universit\u00e1rio Santo Agostinho - UNIFSA<\/title>\n<meta name=\"robots\" content=\"index, follow, max-snippet:-1, max-image-preview:large, max-video-preview:-1\" \/>\n<link rel=\"canonical\" href=\"https:\/\/unifsa.com.br\/site\/unifsa-divulga-lista-de-selecionados-na-primeira-etapa-para-o-projeto-estudos-e-pesquisas-sobre-questoes-etnico-raciais\/\" \/>\n<meta property=\"og:locale\" content=\"pt_BR\" \/>\n<meta property=\"og:type\" content=\"article\" \/>\n<meta property=\"og:title\" content=\"UNIFSA divulga lista de selecionados na primeira etapa para o projeto \u201cEstudos e Pesquisas sobre quest\u00f5es \u00c9tnico-Raciais&quot; - Centro Universit\u00e1rio Santo Agostinho - UNIFSA\" \/>\n<meta property=\"og:description\" content=\"A Pr\u00f3-Reitora do Centro Universit\u00e1rio Santo Agostinho \u2013 UNIFSA, no uso de suas atribui\u00e7\u00f5es legais, torna p\u00fablico aos interessados que a lista com os selecionados na primeira etapa para o projeto \u201cEstudos e Pesquisas sobre quest\u00f5es \u00c9tnico-Raciais: Africanas, Afrodescendentes e Ind\u00edgenas&#8221; e convoca\u00e7\u00e3o para segunda etapa, conforme preconiza o Edital de Extens\u00e3o 010\/2022. A pr\u00f3xima\" \/>\n<meta property=\"og:url\" content=\"https:\/\/unifsa.com.br\/site\/unifsa-divulga-lista-de-selecionados-na-primeira-etapa-para-o-projeto-estudos-e-pesquisas-sobre-questoes-etnico-raciais\/\" \/>\n<meta property=\"og:site_name\" content=\"Centro Universit\u00e1rio Santo Agostinho - UNIFSA\" \/>\n<meta property=\"article:publisher\" content=\"https:\/\/www.facebook.com\/unifsa\/\" \/>\n<meta property=\"article:published_time\" content=\"2022-05-09T19:21:22+00:00\" \/>\n<meta property=\"article:modified_time\" content=\"2022-05-09T19:46:55+00:00\" \/>\n<meta property=\"og:image\" content=\"https:\/\/unifsa.com.br\/site\/wp-content\/uploads\/2022\/05\/Resultado-da-primeira-etapa.png\" \/>\n\t<meta property=\"og:image:width\" content=\"1920\" \/>\n\t<meta property=\"og:image:height\" content=\"805\" \/>\n\t<meta property=\"og:image:type\" content=\"image\/png\" \/>\n<meta name=\"author\" content=\"Estev\u00e3o Leite Cordeiro de Souza\" \/>\n<meta name=\"twitter:card\" content=\"summary_large_image\" \/>\n<meta name=\"twitter:label1\" content=\"Escrito por\" \/>\n\t<meta name=\"twitter:data1\" content=\"Estev\u00e3o Leite Cordeiro de Souza\" \/>\n<script type=\"application\/ld+json\" class=\"yoast-schema-graph\">{\"@context\":\"https:\/\/schema.org\",\"@graph\":[{\"@type\":\"Article\",\"@id\":\"https:\/\/unifsa.com.br\/site\/unifsa-divulga-lista-de-selecionados-na-primeira-etapa-para-o-projeto-estudos-e-pesquisas-sobre-questoes-etnico-raciais\/#article\",\"isPartOf\":{\"@id\":\"https:\/\/unifsa.com.br\/site\/unifsa-divulga-lista-de-selecionados-na-primeira-etapa-para-o-projeto-estudos-e-pesquisas-sobre-questoes-etnico-raciais\/\"},\"author\":{\"name\":\"Estev\u00e3o Leite Cordeiro de Souza\",\"@id\":\"https:\/\/unifsa.com.br\/site\/#\/schema\/person\/459d6944d25bd72102b031eb886c7cbf\"},\"headline\":\"UNIFSA divulga lista de selecionados na primeira etapa para o projeto \u201cEstudos e Pesquisas sobre quest\u00f5es \u00c9tnico-Raciais&#8221;\",\"datePublished\":\"2022-05-09T19:21:22+00:00\",\"dateModified\":\"2022-05-09T19:46:55+00:00\",\"mainEntityOfPage\":{\"@id\":\"https:\/\/unifsa.com.br\/site\/unifsa-divulga-lista-de-selecionados-na-primeira-etapa-para-o-projeto-estudos-e-pesquisas-sobre-questoes-etnico-raciais\/\"},\"wordCount\":102,\"publisher\":{\"@id\":\"https:\/\/unifsa.com.br\/site\/#organization\"},\"image\":{\"@id\":\"https:\/\/unifsa.com.br\/site\/unifsa-divulga-lista-de-selecionados-na-primeira-etapa-para-o-projeto-estudos-e-pesquisas-sobre-questoes-etnico-raciais\/#primaryimage\"},\"thumbnailUrl\":\"https:\/\/unifsa.com.br\/site\/wp-content\/uploads\/2022\/05\/Resultado-da-primeira-etapa.png\",\"keywords\":[\"Edital\",\"NUAFRI\",\"Processo seletivo\",\"Resultado Parcial\",\"UNIFSA\"],\"articleSection\":[\"Acontece na UNIFSA\",\"Extens\u00e3o\",\"NUAPE\"],\"inLanguage\":\"pt-BR\"},{\"@type\":\"WebPage\",\"@id\":\"https:\/\/unifsa.com.br\/site\/unifsa-divulga-lista-de-selecionados-na-primeira-etapa-para-o-projeto-estudos-e-pesquisas-sobre-questoes-etnico-raciais\/\",\"url\":\"https:\/\/unifsa.com.br\/site\/unifsa-divulga-lista-de-selecionados-na-primeira-etapa-para-o-projeto-estudos-e-pesquisas-sobre-questoes-etnico-raciais\/\",\"name\":\"UNIFSA divulga lista de selecionados na primeira etapa para o projeto \u201cEstudos e Pesquisas sobre quest\u00f5es \u00c9tnico-Raciais\\\" - Centro Universit\u00e1rio Santo Agostinho - UNIFSA\",\"isPartOf\":{\"@id\":\"https:\/\/unifsa.com.br\/site\/#website\"},\"primaryImageOfPage\":{\"@id\":\"https:\/\/unifsa.com.br\/site\/unifsa-divulga-lista-de-selecionados-na-primeira-etapa-para-o-projeto-estudos-e-pesquisas-sobre-questoes-etnico-raciais\/#primaryimage\"},\"image\":{\"@id\":\"https:\/\/unifsa.com.br\/site\/unifsa-divulga-lista-de-selecionados-na-primeira-etapa-para-o-projeto-estudos-e-pesquisas-sobre-questoes-etnico-raciais\/#primaryimage\"},\"thumbnailUrl\":\"https:\/\/unifsa.com.br\/site\/wp-content\/uploads\/2022\/05\/Resultado-da-primeira-etapa.png\",\"datePublished\":\"2022-05-09T19:21:22+00:00\",\"dateModified\":\"2022-05-09T19:46:55+00:00\",\"breadcrumb\":{\"@id\":\"https:\/\/unifsa.com.br\/site\/unifsa-divulga-lista-de-selecionados-na-primeira-etapa-para-o-projeto-estudos-e-pesquisas-sobre-questoes-etnico-raciais\/#breadcrumb\"},\"inLanguage\":\"pt-BR\",\"potentialAction\":[{\"@type\":\"ReadAction\",\"target\":[\"https:\/\/unifsa.com.br\/site\/unifsa-divulga-lista-de-selecionados-na-primeira-etapa-para-o-projeto-estudos-e-pesquisas-sobre-questoes-etnico-raciais\/\"]}]},{\"@type\":\"ImageObject\",\"inLanguage\":\"pt-BR\",\"@id\":\"https:\/\/unifsa.com.br\/site\/unifsa-divulga-lista-de-selecionados-na-primeira-etapa-para-o-projeto-estudos-e-pesquisas-sobre-questoes-etnico-raciais\/#primaryimage\",\"url\":\"https:\/\/unifsa.com.br\/site\/wp-content\/uploads\/2022\/05\/Resultado-da-primeira-etapa.png\",\"contentUrl\":\"https:\/\/unifsa.com.br\/site\/wp-content\/uploads\/2022\/05\/Resultado-da-primeira-etapa.png\",\"width\":1920,\"height\":805},{\"@type\":\"BreadcrumbList\",\"@id\":\"https:\/\/unifsa.com.br\/site\/unifsa-divulga-lista-de-selecionados-na-primeira-etapa-para-o-projeto-estudos-e-pesquisas-sobre-questoes-etnico-raciais\/#breadcrumb\",\"itemListElement\":[{\"@type\":\"ListItem\",\"position\":1,\"name\":\"In\u00edcio\",\"item\":\"https:\/\/unifsa.com.br\/site\/\"},{\"@type\":\"ListItem\",\"position\":2,\"name\":\"UNIFSA divulga lista de selecionados na primeira etapa para o projeto \u201cEstudos e Pesquisas sobre quest\u00f5es \u00c9tnico-Raciais&#8221;\"}]},{\"@type\":\"WebSite\",\"@id\":\"https:\/\/unifsa.com.br\/site\/#website\",\"url\":\"https:\/\/unifsa.com.br\/site\/\",\"name\":\"Centro Universit\u00e1rio Santo Agostinho - UNIFSA\",\"description\":\"Conhecimento para toda a vida\",\"publisher\":{\"@id\":\"https:\/\/unifsa.com.br\/site\/#organization\"},\"potentialAction\":[{\"@type\":\"SearchAction\",\"target\":{\"@type\":\"EntryPoint\",\"urlTemplate\":\"https:\/\/unifsa.com.br\/site\/?s={search_term_string}\"},\"query-input\":{\"@type\":\"PropertyValueSpecification\",\"valueRequired\":true,\"valueName\":\"search_term_string\"}}],\"inLanguage\":\"pt-BR\"},{\"@type\":\"Organization\",\"@id\":\"https:\/\/unifsa.com.br\/site\/#organization\",\"name\":\"Centro Universit\u00e1rio Santo Agostinho - UNIFSA\",\"url\":\"https:\/\/unifsa.com.br\/site\/\",\"logo\":{\"@type\":\"ImageObject\",\"inLanguage\":\"pt-BR\",\"@id\":\"https:\/\/unifsa.com.br\/site\/#\/schema\/logo\/image\/\",\"url\":\"https:\/\/unifsa.com.br\/site\/wp-content\/uploads\/2023\/03\/MARCA-UNIFSA-CIC23-q2apjs1mt975cf1wl25b044coj90fwoiee1kya6800.png\",\"contentUrl\":\"https:\/\/unifsa.com.br\/site\/wp-content\/uploads\/2023\/03\/MARCA-UNIFSA-CIC23-q2apjs1mt975cf1wl25b044coj90fwoiee1kya6800.png\",\"width\":103,\"height\":100,\"caption\":\"Centro Universit\u00e1rio Santo Agostinho - UNIFSA\"},\"image\":{\"@id\":\"https:\/\/unifsa.com.br\/site\/#\/schema\/logo\/image\/\"},\"sameAs\":[\"https:\/\/www.facebook.com\/unifsa\/\",\"https:\/\/www.instagram.com\/unifsa\/\"]},{\"@type\":\"Person\",\"@id\":\"https:\/\/unifsa.com.br\/site\/#\/schema\/person\/459d6944d25bd72102b031eb886c7cbf\",\"name\":\"Estev\u00e3o Leite Cordeiro de Souza\",\"image\":{\"@type\":\"ImageObject\",\"inLanguage\":\"pt-BR\",\"@id\":\"https:\/\/unifsa.com.br\/site\/#\/schema\/person\/image\/\",\"url\":\"https:\/\/secure.gravatar.com\/avatar\/b381626173a0b440e86662336f5d92704de1b8100a4cb5a34d6466804eb5c336?s=96&d=mm&r=g\",\"contentUrl\":\"https:\/\/secure.gravatar.com\/avatar\/b381626173a0b440e86662336f5d92704de1b8100a4cb5a34d6466804eb5c336?s=96&d=mm&r=g\",\"caption\":\"Estev\u00e3o Leite Cordeiro de Souza\"},\"url\":\"https:\/\/unifsa.com.br\/site\/author\/estevaocordeiro\/\"}]}<\/script>\n<!-- \/ Yoast SEO plugin. -->","yoast_head_json":{"title":"UNIFSA divulga lista de selecionados na primeira etapa para o projeto \u201cEstudos e Pesquisas sobre quest\u00f5es \u00c9tnico-Raciais\" - Centro Universit\u00e1rio Santo Agostinho - UNIFSA","robots":{"index":"index","follow":"follow","max-snippet":"max-snippet:-1","max-image-preview":"max-image-preview:large","max-video-preview":"max-video-preview:-1"},"canonical":"https:\/\/unifsa.com.br\/site\/unifsa-divulga-lista-de-selecionados-na-primeira-etapa-para-o-projeto-estudos-e-pesquisas-sobre-questoes-etnico-raciais\/","og_locale":"pt_BR","og_type":"article","og_title":"UNIFSA divulga lista de selecionados na primeira etapa para o projeto \u201cEstudos e Pesquisas sobre quest\u00f5es \u00c9tnico-Raciais\" - Centro Universit\u00e1rio Santo Agostinho - UNIFSA","og_description":"A Pr\u00f3-Reitora do Centro Universit\u00e1rio Santo Agostinho \u2013 UNIFSA, no uso de suas atribui\u00e7\u00f5es legais, torna p\u00fablico aos interessados que a lista com os selecionados na primeira etapa para o projeto \u201cEstudos e Pesquisas sobre quest\u00f5es \u00c9tnico-Raciais: Africanas, Afrodescendentes e Ind\u00edgenas&#8221; e convoca\u00e7\u00e3o para segunda etapa, conforme preconiza o Edital de Extens\u00e3o 010\/2022. A pr\u00f3xima","og_url":"https:\/\/unifsa.com.br\/site\/unifsa-divulga-lista-de-selecionados-na-primeira-etapa-para-o-projeto-estudos-e-pesquisas-sobre-questoes-etnico-raciais\/","og_site_name":"Centro Universit\u00e1rio Santo Agostinho - UNIFSA","article_publisher":"https:\/\/www.facebook.com\/unifsa\/","article_published_time":"2022-05-09T19:21:22+00:00","article_modified_time":"2022-05-09T19:46:55+00:00","og_image":[{"width":1920,"height":805,"url":"https:\/\/unifsa.com.br\/site\/wp-content\/uploads\/2022\/05\/Resultado-da-primeira-etapa.png","type":"image\/png"}],"author":"Estev\u00e3o Leite Cordeiro de Souza","twitter_card":"summary_large_image","twitter_misc":{"Escrito por":"Estev\u00e3o Leite Cordeiro de Souza"},"schema":{"@context":"https:\/\/schema.org","@graph":[{"@type":"Article","@id":"https:\/\/unifsa.com.br\/site\/unifsa-divulga-lista-de-selecionados-na-primeira-etapa-para-o-projeto-estudos-e-pesquisas-sobre-questoes-etnico-raciais\/#article","isPartOf":{"@id":"https:\/\/unifsa.com.br\/site\/unifsa-divulga-lista-de-selecionados-na-primeira-etapa-para-o-projeto-estudos-e-pesquisas-sobre-questoes-etnico-raciais\/"},"author":{"name":"Estev\u00e3o Leite Cordeiro de Souza","@id":"https:\/\/unifsa.com.br\/site\/#\/schema\/person\/459d6944d25bd72102b031eb886c7cbf"},"headline":"UNIFSA divulga lista de selecionados na primeira etapa para o projeto \u201cEstudos e Pesquisas sobre quest\u00f5es \u00c9tnico-Raciais&#8221;","datePublished":"2022-05-09T19:21:22+00:00","dateModified":"2022-05-09T19:46:55+00:00","mainEntityOfPage":{"@id":"https:\/\/unifsa.com.br\/site\/unifsa-divulga-lista-de-selecionados-na-primeira-etapa-para-o-projeto-estudos-e-pesquisas-sobre-questoes-etnico-raciais\/"},"wordCount":102,"publisher":{"@id":"https:\/\/unifsa.com.br\/site\/#organization"},"image":{"@id":"https:\/\/unifsa.com.br\/site\/unifsa-divulga-lista-de-selecionados-na-primeira-etapa-para-o-projeto-estudos-e-pesquisas-sobre-questoes-etnico-raciais\/#primaryimage"},"thumbnailUrl":"https:\/\/unifsa.com.br\/site\/wp-content\/uploads\/2022\/05\/Resultado-da-primeira-etapa.png","keywords":["Edital","NUAFRI","Processo seletivo","Resultado Parcial","UNIFSA"],"articleSection":["Acontece na UNIFSA","Extens\u00e3o","NUAPE"],"inLanguage":"pt-BR"},{"@type":"WebPage","@id":"https:\/\/unifsa.com.br\/site\/unifsa-divulga-lista-de-selecionados-na-primeira-etapa-para-o-projeto-estudos-e-pesquisas-sobre-questoes-etnico-raciais\/","url":"https:\/\/unifsa.com.br\/site\/unifsa-divulga-lista-de-selecionados-na-primeira-etapa-para-o-projeto-estudos-e-pesquisas-sobre-questoes-etnico-raciais\/","name":"UNIFSA divulga lista de selecionados na primeira etapa para o projeto \u201cEstudos e Pesquisas sobre quest\u00f5es \u00c9tnico-Raciais\" - Centro Universit\u00e1rio Santo Agostinho - UNIFSA","isPartOf":{"@id":"https:\/\/unifsa.com.br\/site\/#website"},"primaryImageOfPage":{"@id":"https:\/\/unifsa.com.br\/site\/unifsa-divulga-lista-de-selecionados-na-primeira-etapa-para-o-projeto-estudos-e-pesquisas-sobre-questoes-etnico-raciais\/#primaryimage"},"image":{"@id":"https:\/\/unifsa.com.br\/site\/unifsa-divulga-lista-de-selecionados-na-primeira-etapa-para-o-projeto-estudos-e-pesquisas-sobre-questoes-etnico-raciais\/#primaryimage"},"thumbnailUrl":"https:\/\/unifsa.com.br\/site\/wp-content\/uploads\/2022\/05\/Resultado-da-primeira-etapa.png","datePublished":"2022-05-09T19:21:22+00:00","dateModified":"2022-05-09T19:46:55+00:00","breadcrumb":{"@id":"https:\/\/unifsa.com.br\/site\/unifsa-divulga-lista-de-selecionados-na-primeira-etapa-para-o-projeto-estudos-e-pesquisas-sobre-questoes-etnico-raciais\/#breadcrumb"},"inLanguage":"pt-BR","potentialAction":[{"@type":"ReadAction","target":["https:\/\/unifsa.com.br\/site\/unifsa-divulga-lista-de-selecionados-na-primeira-etapa-para-o-projeto-estudos-e-pesquisas-sobre-questoes-etnico-raciais\/"]}]},{"@type":"ImageObject","inLanguage":"pt-BR","@id":"https:\/\/unifsa.com.br\/site\/unifsa-divulga-lista-de-selecionados-na-primeira-etapa-para-o-projeto-estudos-e-pesquisas-sobre-questoes-etnico-raciais\/#primaryimage","url":"https:\/\/unifsa.com.br\/site\/wp-content\/uploads\/2022\/05\/Resultado-da-primeira-etapa.png","contentUrl":"https:\/\/unifsa.com.br\/site\/wp-content\/uploads\/2022\/05\/Resultado-da-primeira-etapa.png","width":1920,"height":805},{"@type":"BreadcrumbList","@id":"https:\/\/unifsa.com.br\/site\/unifsa-divulga-lista-de-selecionados-na-primeira-etapa-para-o-projeto-estudos-e-pesquisas-sobre-questoes-etnico-raciais\/#breadcrumb","itemListElement":[{"@type":"ListItem","position":1,"name":"In\u00edcio","item":"https:\/\/unifsa.com.br\/site\/"},{"@type":"ListItem","position":2,"name":"UNIFSA divulga lista de selecionados na primeira etapa para o projeto \u201cEstudos e Pesquisas sobre quest\u00f5es \u00c9tnico-Raciais&#8221;"}]},{"@type":"WebSite","@id":"https:\/\/unifsa.com.br\/site\/#website","url":"https:\/\/unifsa.com.br\/site\/","name":"Centro Universit\u00e1rio Santo Agostinho - UNIFSA","description":"Conhecimento para toda a vida","publisher":{"@id":"https:\/\/unifsa.com.br\/site\/#organization"},"potentialAction":[{"@type":"SearchAction","target":{"@type":"EntryPoint","urlTemplate":"https:\/\/unifsa.com.br\/site\/?s={search_term_string}"},"query-input":{"@type":"PropertyValueSpecification","valueRequired":true,"valueName":"search_term_string"}}],"inLanguage":"pt-BR"},{"@type":"Organization","@id":"https:\/\/unifsa.com.br\/site\/#organization","name":"Centro Universit\u00e1rio Santo Agostinho - UNIFSA","url":"https:\/\/unifsa.com.br\/site\/","logo":{"@type":"ImageObject","inLanguage":"pt-BR","@id":"https:\/\/unifsa.com.br\/site\/#\/schema\/logo\/image\/","url":"https:\/\/unifsa.com.br\/site\/wp-content\/uploads\/2023\/03\/MARCA-UNIFSA-CIC23-q2apjs1mt975cf1wl25b044coj90fwoiee1kya6800.png","contentUrl":"https:\/\/unifsa.com.br\/site\/wp-content\/uploads\/2023\/03\/MARCA-UNIFSA-CIC23-q2apjs1mt975cf1wl25b044coj90fwoiee1kya6800.png","width":103,"height":100,"caption":"Centro Universit\u00e1rio Santo Agostinho - UNIFSA"},"image":{"@id":"https:\/\/unifsa.com.br\/site\/#\/schema\/logo\/image\/"},"sameAs":["https:\/\/www.facebook.com\/unifsa\/","https:\/\/www.instagram.com\/unifsa\/"]},{"@type":"Person","@id":"https:\/\/unifsa.com.br\/site\/#\/schema\/person\/459d6944d25bd72102b031eb886c7cbf","name":"Estev\u00e3o Leite Cordeiro de Souza","image":{"@type":"ImageObject","inLanguage":"pt-BR","@id":"https:\/\/unifsa.com.br\/site\/#\/schema\/person\/image\/","url":"https:\/\/secure.gravatar.com\/avatar\/b381626173a0b440e86662336f5d92704de1b8100a4cb5a34d6466804eb5c336?s=96&d=mm&r=g","contentUrl":"https:\/\/secure.gravatar.com\/avatar\/b381626173a0b440e86662336f5d92704de1b8100a4cb5a34d6466804eb5c336?s=96&d=mm&r=g","caption":"Estev\u00e3o Leite Cordeiro de Souza"},"url":"https:\/\/unifsa.com.br\/site\/author\/estevaocordeiro\/"}]}},"_links":{"self":[{"href":"https:\/\/unifsa.com.br\/site\/wp-json\/wp\/v2\/posts\/13866","targetHints":{"allow":["GET"]}}],"collection":[{"href":"https:\/\/unifsa.com.br\/site\/wp-json\/wp\/v2\/posts"}],"about":[{"href":"https:\/\/unifsa.com.br\/site\/wp-json\/wp\/v2\/types\/post"}],"author":[{"embeddable":true,"href":"https:\/\/unifsa.com.br\/site\/wp-json\/wp\/v2\/users\/12"}],"replies":[{"embeddable":true,"href":"https:\/\/unifsa.com.br\/site\/wp-json\/wp\/v2\/comments?post=13866"}],"version-history":[{"count":8,"href":"https:\/\/unifsa.com.br\/site\/wp-json\/wp\/v2\/posts\/13866\/revisions"}],"predecessor-version":[{"id":13879,"href":"https:\/\/unifsa.com.br\/site\/wp-json\/wp\/v2\/posts\/13866\/revisions\/13879"}],"wp:featuredmedia":[{"embeddable":true,"href":"https:\/\/unifsa.com.br\/site\/wp-json\/wp\/v2\/media\/13871"}],"wp:attachment":[{"href":"https:\/\/unifsa.com.br\/site\/wp-json\/wp\/v2\/media?parent=13866"}],"wp:term":[{"taxonomy":"category","embeddable":true,"href":"https:\/\/unifsa.com.br\/site\/wp-json\/wp\/v2\/categories?post=13866"},{"taxonomy":"post_tag","embeddable":true,"href":"https:\/\/unifsa.com.br\/site\/wp-json\/wp\/v2\/tags?post=13866"}],"curies":[{"name":"wp","href":"https:\/\/api.w.org\/{rel}","templated":true}]}}