{"id":13845,"date":"2022-05-23T17:00:07","date_gmt":"2022-05-23T20:00:07","guid":{"rendered":"https:\/\/unifsa.com.br\/site\/?p=13845"},"modified":"2022-05-23T17:02:42","modified_gmt":"2022-05-23T20:02:42","slug":"estudante-unifsa-e-aprovada-em-curso-de-inverno-na-usp","status":"publish","type":"post","link":"https:\/\/unifsa.com.br\/site\/estudante-unifsa-e-aprovada-em-curso-de-inverno-na-usp\/","title":{"rendered":"Estudante UNIFSA \u00e9 aprovada em Curso de Inverno na USP"},"content":{"rendered":"\n<p class=\"texto-justificado\">A estudante do 9\u00b0 per\u00edodo de Odontologia do Centro Universit\u00e1rio Santo Agostinho, <strong>Celena de Sousa Dias<\/strong>, foi aprovada para o <strong>5\u00b0<\/strong> <strong>Curso de Inverno em Biologia Oral 2022<\/strong> da Universidade de S\u00e3o Paulo &#8211; USP, um programa de p\u00f3s-gradua\u00e7\u00e3o oferecido para estudantes e profissionais da \u00e1rea de sa\u00fade que acontecer\u00e1 entre os dias 11 e 15 de julho. <\/p>\n\n\n\n<p class=\"texto-justificado\">Para ela, o curso \u00e9 uma oportunidade \u00fanica, pois permitir\u00e1 conhecer mais sobre o universo da p\u00f3s-gradua\u00e7\u00e3o, j\u00e1 que seu plano de carreira envolve especializa\u00e7\u00f5es na \u00e1rea em que estuda, visando mais portas abertas no  futuro profissional.<\/p>\n\n\n\n<blockquote class=\"wp-block-quote texto-justificado is-layout-flow wp-block-quote-is-layout-flow\"><p>O Curso de Inverno em Biologia Oral fala sobre o mundo da p\u00f3s-gradua\u00e7\u00e3o, linhas de pesquisas e professores da institui\u00e7\u00e3o. Ele ser\u00e1 importante pra mim, pois quero seguir a carreira acad\u00eamica. Espero aprender e trocar conhecimento com o corpo docente da USP e alunos de outras IES.<\/p><cite>Celena de Sousa Dias, estudante de odontologia UNIFSA<\/cite><\/blockquote>\n\n\n\n<p class=\"texto-justificado\">Para ser aprovada, Celena Dias apresentou, via formul\u00e1rio e hist\u00f3rico, seu sucesso acad\u00eamico. A estudante, que j\u00e1 realizou quatro monitorias de curso,  estagiou em Unidades B\u00e1sicas de sa\u00fade, e participou de diversos eventos de extens\u00e3o, conta que o ensino UNIFSA foi fundamental para ter seu nome na lista de convoca\u00e7\u00e3o da USP.<\/p>\n\n\n\n<blockquote class=\"wp-block-quote texto-justificado is-layout-flow wp-block-quote-is-layout-flow\"><p>Os professores do UNIFSA sempre me incentivaram e ensinaram a sair a procura de novos conhecimentos, s\u00f3 gratid\u00e3o a IES. Tenho muito trabalho apresentado, publicado em anais, tenho minhas quatro monitorias completas, tamb\u00e9m realizei monitoria do CBCS, Semana Cient\u00edfica UNIFSA, Jornada de outras IES. Isso contou muito.<\/p><cite> Celena de Sousa Dias, estudante de odontologia UNIFSA <\/cite><\/blockquote>\n\n\n\n<p class=\"texto-justificado\">O UNIFSA parabeniza a aluna Celena Dias pela conquista e deseja sucesso em sua carreira profissional.<\/p>\n","protected":false},"excerpt":{"rendered":"<p>A estudante do 9\u00b0 per\u00edodo de Odontologia do Centro Universit\u00e1rio Santo Agostinho, Celena de Sousa Dias, foi aprovada para o 5\u00b0 Curso de Inverno em Biologia Oral 2022 da Universidade de S\u00e3o Paulo &#8211; USP, um programa de p\u00f3s-gradua\u00e7\u00e3o oferecido para estudantes e profissionais da \u00e1rea de sa\u00fade. <\/p>\n","protected":false},"author":11,"featured_media":14278,"comment_status":"closed","ping_status":"open","sticky":false,"template":"","format":"standard","meta":{"_acf_changed":false,"footnotes":""},"categories":[6,63],"tags":[810,812,627,222,152,654],"class_list":["post-13845","post","type-post","status-publish","format-standard","has-post-thumbnail","hentry","category-acontece-na-unifsa","category-odontologia","tag-aluna","tag-curso-de-inverno","tag-estudantes","tag-odontologia","tag-pos-graduacao","tag-usp"],"acf":[],"yoast_head":"<!-- This site is optimized with the Yoast SEO plugin v26.5 - https:\/\/yoast.com\/wordpress\/plugins\/seo\/ -->\n<title>Estudante UNIFSA \u00e9 aprovada em Curso de Inverno na USP - Centro Universit\u00e1rio Santo Agostinho - UNIFSA<\/title>\n<meta name=\"robots\" content=\"index, follow, max-snippet:-1, max-image-preview:large, max-video-preview:-1\" \/>\n<link rel=\"canonical\" href=\"https:\/\/unifsa.com.br\/site\/estudante-unifsa-e-aprovada-em-curso-de-inverno-na-usp\/\" \/>\n<meta property=\"og:locale\" content=\"pt_BR\" \/>\n<meta property=\"og:type\" content=\"article\" \/>\n<meta property=\"og:title\" content=\"Estudante UNIFSA \u00e9 aprovada em Curso de Inverno na USP - Centro Universit\u00e1rio Santo Agostinho - UNIFSA\" \/>\n<meta property=\"og:description\" content=\"A estudante do 9\u00b0 per\u00edodo de Odontologia do Centro Universit\u00e1rio Santo Agostinho, Celena de Sousa Dias, foi aprovada para o 5\u00b0 Curso de Inverno em Biologia Oral 2022 da Universidade de S\u00e3o Paulo - USP, um programa de p\u00f3s-gradua\u00e7\u00e3o oferecido para estudantes e profissionais da \u00e1rea de sa\u00fade.\" \/>\n<meta property=\"og:url\" content=\"https:\/\/unifsa.com.br\/site\/estudante-unifsa-e-aprovada-em-curso-de-inverno-na-usp\/\" \/>\n<meta property=\"og:site_name\" content=\"Centro Universit\u00e1rio Santo Agostinho - UNIFSA\" \/>\n<meta property=\"article:publisher\" content=\"https:\/\/www.facebook.com\/unifsa\/\" \/>\n<meta property=\"article:published_time\" content=\"2022-05-23T20:00:07+00:00\" \/>\n<meta property=\"article:modified_time\" content=\"2022-05-23T20:02:42+00:00\" \/>\n<meta property=\"og:image\" content=\"https:\/\/unifsa.com.br\/site\/wp-content\/uploads\/2022\/05\/Celena_site.jpg\" \/>\n\t<meta property=\"og:image:width\" content=\"1007\" \/>\n\t<meta property=\"og:image:height\" content=\"422\" \/>\n\t<meta property=\"og:image:type\" content=\"image\/jpeg\" \/>\n<meta name=\"author\" content=\"Oceannyra Kelly da Cruz Silva\" \/>\n<meta name=\"twitter:card\" content=\"summary_large_image\" \/>\n<meta name=\"twitter:label1\" content=\"Escrito por\" \/>\n\t<meta name=\"twitter:data1\" content=\"Oceannyra Kelly da Cruz Silva\" \/>\n\t<meta name=\"twitter:label2\" content=\"Est. tempo de leitura\" \/>\n\t<meta name=\"twitter:data2\" content=\"1 minuto\" \/>\n<script type=\"application\/ld+json\" class=\"yoast-schema-graph\">{\"@context\":\"https:\/\/schema.org\",\"@graph\":[{\"@type\":\"Article\",\"@id\":\"https:\/\/unifsa.com.br\/site\/estudante-unifsa-e-aprovada-em-curso-de-inverno-na-usp\/#article\",\"isPartOf\":{\"@id\":\"https:\/\/unifsa.com.br\/site\/estudante-unifsa-e-aprovada-em-curso-de-inverno-na-usp\/\"},\"author\":{\"name\":\"Oceannyra Kelly da Cruz Silva\",\"@id\":\"https:\/\/unifsa.com.br\/site\/#\/schema\/person\/a4cec94bbc6ddf98f579162824de9bf2\"},\"headline\":\"Estudante UNIFSA \u00e9 aprovada em Curso de Inverno na USP\",\"datePublished\":\"2022-05-23T20:00:07+00:00\",\"dateModified\":\"2022-05-23T20:02:42+00:00\",\"mainEntityOfPage\":{\"@id\":\"https:\/\/unifsa.com.br\/site\/estudante-unifsa-e-aprovada-em-curso-de-inverno-na-usp\/\"},\"wordCount\":299,\"publisher\":{\"@id\":\"https:\/\/unifsa.com.br\/site\/#organization\"},\"image\":{\"@id\":\"https:\/\/unifsa.com.br\/site\/estudante-unifsa-e-aprovada-em-curso-de-inverno-na-usp\/#primaryimage\"},\"thumbnailUrl\":\"https:\/\/unifsa.com.br\/site\/wp-content\/uploads\/2022\/05\/Celena_site.jpg\",\"keywords\":[\"aluna\",\"curso de inverno\",\"estudantes\",\"Odontologia\",\"P\u00f3s-gradua\u00e7\u00e3o\",\"USP\"],\"articleSection\":[\"Acontece na UNIFSA\",\"Odontologia\"],\"inLanguage\":\"pt-BR\"},{\"@type\":\"WebPage\",\"@id\":\"https:\/\/unifsa.com.br\/site\/estudante-unifsa-e-aprovada-em-curso-de-inverno-na-usp\/\",\"url\":\"https:\/\/unifsa.com.br\/site\/estudante-unifsa-e-aprovada-em-curso-de-inverno-na-usp\/\",\"name\":\"Estudante UNIFSA \u00e9 aprovada em Curso de Inverno na USP - Centro Universit\u00e1rio Santo Agostinho - UNIFSA\",\"isPartOf\":{\"@id\":\"https:\/\/unifsa.com.br\/site\/#website\"},\"primaryImageOfPage\":{\"@id\":\"https:\/\/unifsa.com.br\/site\/estudante-unifsa-e-aprovada-em-curso-de-inverno-na-usp\/#primaryimage\"},\"image\":{\"@id\":\"https:\/\/unifsa.com.br\/site\/estudante-unifsa-e-aprovada-em-curso-de-inverno-na-usp\/#primaryimage\"},\"thumbnailUrl\":\"https:\/\/unifsa.com.br\/site\/wp-content\/uploads\/2022\/05\/Celena_site.jpg\",\"datePublished\":\"2022-05-23T20:00:07+00:00\",\"dateModified\":\"2022-05-23T20:02:42+00:00\",\"breadcrumb\":{\"@id\":\"https:\/\/unifsa.com.br\/site\/estudante-unifsa-e-aprovada-em-curso-de-inverno-na-usp\/#breadcrumb\"},\"inLanguage\":\"pt-BR\",\"potentialAction\":[{\"@type\":\"ReadAction\",\"target\":[\"https:\/\/unifsa.com.br\/site\/estudante-unifsa-e-aprovada-em-curso-de-inverno-na-usp\/\"]}]},{\"@type\":\"ImageObject\",\"inLanguage\":\"pt-BR\",\"@id\":\"https:\/\/unifsa.com.br\/site\/estudante-unifsa-e-aprovada-em-curso-de-inverno-na-usp\/#primaryimage\",\"url\":\"https:\/\/unifsa.com.br\/site\/wp-content\/uploads\/2022\/05\/Celena_site.jpg\",\"contentUrl\":\"https:\/\/unifsa.com.br\/site\/wp-content\/uploads\/2022\/05\/Celena_site.jpg\",\"width\":1007,\"height\":422},{\"@type\":\"BreadcrumbList\",\"@id\":\"https:\/\/unifsa.com.br\/site\/estudante-unifsa-e-aprovada-em-curso-de-inverno-na-usp\/#breadcrumb\",\"itemListElement\":[{\"@type\":\"ListItem\",\"position\":1,\"name\":\"In\u00edcio\",\"item\":\"https:\/\/unifsa.com.br\/site\/\"},{\"@type\":\"ListItem\",\"position\":2,\"name\":\"Estudante UNIFSA \u00e9 aprovada em Curso de Inverno na USP\"}]},{\"@type\":\"WebSite\",\"@id\":\"https:\/\/unifsa.com.br\/site\/#website\",\"url\":\"https:\/\/unifsa.com.br\/site\/\",\"name\":\"Centro Universit\u00e1rio Santo Agostinho - UNIFSA\",\"description\":\"Conhecimento para toda a vida\",\"publisher\":{\"@id\":\"https:\/\/unifsa.com.br\/site\/#organization\"},\"potentialAction\":[{\"@type\":\"SearchAction\",\"target\":{\"@type\":\"EntryPoint\",\"urlTemplate\":\"https:\/\/unifsa.com.br\/site\/?s={search_term_string}\"},\"query-input\":{\"@type\":\"PropertyValueSpecification\",\"valueRequired\":true,\"valueName\":\"search_term_string\"}}],\"inLanguage\":\"pt-BR\"},{\"@type\":\"Organization\",\"@id\":\"https:\/\/unifsa.com.br\/site\/#organization\",\"name\":\"Centro Universit\u00e1rio Santo Agostinho - UNIFSA\",\"url\":\"https:\/\/unifsa.com.br\/site\/\",\"logo\":{\"@type\":\"ImageObject\",\"inLanguage\":\"pt-BR\",\"@id\":\"https:\/\/unifsa.com.br\/site\/#\/schema\/logo\/image\/\",\"url\":\"https:\/\/unifsa.com.br\/site\/wp-content\/uploads\/2023\/03\/MARCA-UNIFSA-CIC23-q2apjs1mt975cf1wl25b044coj90fwoiee1kya6800.png\",\"contentUrl\":\"https:\/\/unifsa.com.br\/site\/wp-content\/uploads\/2023\/03\/MARCA-UNIFSA-CIC23-q2apjs1mt975cf1wl25b044coj90fwoiee1kya6800.png\",\"width\":103,\"height\":100,\"caption\":\"Centro Universit\u00e1rio Santo Agostinho - UNIFSA\"},\"image\":{\"@id\":\"https:\/\/unifsa.com.br\/site\/#\/schema\/logo\/image\/\"},\"sameAs\":[\"https:\/\/www.facebook.com\/unifsa\/\",\"https:\/\/www.instagram.com\/unifsa\/\"]},{\"@type\":\"Person\",\"@id\":\"https:\/\/unifsa.com.br\/site\/#\/schema\/person\/a4cec94bbc6ddf98f579162824de9bf2\",\"name\":\"Oceannyra Kelly da Cruz Silva\",\"image\":{\"@type\":\"ImageObject\",\"inLanguage\":\"pt-BR\",\"@id\":\"https:\/\/unifsa.com.br\/site\/#\/schema\/person\/image\/\",\"url\":\"https:\/\/secure.gravatar.com\/avatar\/05c87cd6fa2c3c73262055bd9341438a47e77a37053b409b3cf4f8df60ea8eb8?s=96&d=mm&r=g\",\"contentUrl\":\"https:\/\/secure.gravatar.com\/avatar\/05c87cd6fa2c3c73262055bd9341438a47e77a37053b409b3cf4f8df60ea8eb8?s=96&d=mm&r=g\",\"caption\":\"Oceannyra Kelly da Cruz Silva\"},\"url\":\"https:\/\/unifsa.com.br\/site\/author\/oceannyrakelly\/\"}]}<\/script>\n<!-- \/ Yoast SEO plugin. -->","yoast_head_json":{"title":"Estudante UNIFSA \u00e9 aprovada em Curso de Inverno na USP - Centro Universit\u00e1rio Santo Agostinho - UNIFSA","robots":{"index":"index","follow":"follow","max-snippet":"max-snippet:-1","max-image-preview":"max-image-preview:large","max-video-preview":"max-video-preview:-1"},"canonical":"https:\/\/unifsa.com.br\/site\/estudante-unifsa-e-aprovada-em-curso-de-inverno-na-usp\/","og_locale":"pt_BR","og_type":"article","og_title":"Estudante UNIFSA \u00e9 aprovada em Curso de Inverno na USP - Centro Universit\u00e1rio Santo Agostinho - UNIFSA","og_description":"A estudante do 9\u00b0 per\u00edodo de Odontologia do Centro Universit\u00e1rio Santo Agostinho, Celena de Sousa Dias, foi aprovada para o 5\u00b0 Curso de Inverno em Biologia Oral 2022 da Universidade de S\u00e3o Paulo - USP, um programa de p\u00f3s-gradua\u00e7\u00e3o oferecido para estudantes e profissionais da \u00e1rea de sa\u00fade.","og_url":"https:\/\/unifsa.com.br\/site\/estudante-unifsa-e-aprovada-em-curso-de-inverno-na-usp\/","og_site_name":"Centro Universit\u00e1rio Santo Agostinho - UNIFSA","article_publisher":"https:\/\/www.facebook.com\/unifsa\/","article_published_time":"2022-05-23T20:00:07+00:00","article_modified_time":"2022-05-23T20:02:42+00:00","og_image":[{"width":1007,"height":422,"url":"https:\/\/unifsa.com.br\/site\/wp-content\/uploads\/2022\/05\/Celena_site.jpg","type":"image\/jpeg"}],"author":"Oceannyra Kelly da Cruz Silva","twitter_card":"summary_large_image","twitter_misc":{"Escrito por":"Oceannyra Kelly da Cruz Silva","Est. tempo de leitura":"1 minuto"},"schema":{"@context":"https:\/\/schema.org","@graph":[{"@type":"Article","@id":"https:\/\/unifsa.com.br\/site\/estudante-unifsa-e-aprovada-em-curso-de-inverno-na-usp\/#article","isPartOf":{"@id":"https:\/\/unifsa.com.br\/site\/estudante-unifsa-e-aprovada-em-curso-de-inverno-na-usp\/"},"author":{"name":"Oceannyra Kelly da Cruz Silva","@id":"https:\/\/unifsa.com.br\/site\/#\/schema\/person\/a4cec94bbc6ddf98f579162824de9bf2"},"headline":"Estudante UNIFSA \u00e9 aprovada em Curso de Inverno na USP","datePublished":"2022-05-23T20:00:07+00:00","dateModified":"2022-05-23T20:02:42+00:00","mainEntityOfPage":{"@id":"https:\/\/unifsa.com.br\/site\/estudante-unifsa-e-aprovada-em-curso-de-inverno-na-usp\/"},"wordCount":299,"publisher":{"@id":"https:\/\/unifsa.com.br\/site\/#organization"},"image":{"@id":"https:\/\/unifsa.com.br\/site\/estudante-unifsa-e-aprovada-em-curso-de-inverno-na-usp\/#primaryimage"},"thumbnailUrl":"https:\/\/unifsa.com.br\/site\/wp-content\/uploads\/2022\/05\/Celena_site.jpg","keywords":["aluna","curso de inverno","estudantes","Odontologia","P\u00f3s-gradua\u00e7\u00e3o","USP"],"articleSection":["Acontece na UNIFSA","Odontologia"],"inLanguage":"pt-BR"},{"@type":"WebPage","@id":"https:\/\/unifsa.com.br\/site\/estudante-unifsa-e-aprovada-em-curso-de-inverno-na-usp\/","url":"https:\/\/unifsa.com.br\/site\/estudante-unifsa-e-aprovada-em-curso-de-inverno-na-usp\/","name":"Estudante UNIFSA \u00e9 aprovada em Curso de Inverno na USP - Centro Universit\u00e1rio Santo Agostinho - UNIFSA","isPartOf":{"@id":"https:\/\/unifsa.com.br\/site\/#website"},"primaryImageOfPage":{"@id":"https:\/\/unifsa.com.br\/site\/estudante-unifsa-e-aprovada-em-curso-de-inverno-na-usp\/#primaryimage"},"image":{"@id":"https:\/\/unifsa.com.br\/site\/estudante-unifsa-e-aprovada-em-curso-de-inverno-na-usp\/#primaryimage"},"thumbnailUrl":"https:\/\/unifsa.com.br\/site\/wp-content\/uploads\/2022\/05\/Celena_site.jpg","datePublished":"2022-05-23T20:00:07+00:00","dateModified":"2022-05-23T20:02:42+00:00","breadcrumb":{"@id":"https:\/\/unifsa.com.br\/site\/estudante-unifsa-e-aprovada-em-curso-de-inverno-na-usp\/#breadcrumb"},"inLanguage":"pt-BR","potentialAction":[{"@type":"ReadAction","target":["https:\/\/unifsa.com.br\/site\/estudante-unifsa-e-aprovada-em-curso-de-inverno-na-usp\/"]}]},{"@type":"ImageObject","inLanguage":"pt-BR","@id":"https:\/\/unifsa.com.br\/site\/estudante-unifsa-e-aprovada-em-curso-de-inverno-na-usp\/#primaryimage","url":"https:\/\/unifsa.com.br\/site\/wp-content\/uploads\/2022\/05\/Celena_site.jpg","contentUrl":"https:\/\/unifsa.com.br\/site\/wp-content\/uploads\/2022\/05\/Celena_site.jpg","width":1007,"height":422},{"@type":"BreadcrumbList","@id":"https:\/\/unifsa.com.br\/site\/estudante-unifsa-e-aprovada-em-curso-de-inverno-na-usp\/#breadcrumb","itemListElement":[{"@type":"ListItem","position":1,"name":"In\u00edcio","item":"https:\/\/unifsa.com.br\/site\/"},{"@type":"ListItem","position":2,"name":"Estudante UNIFSA \u00e9 aprovada em Curso de Inverno na USP"}]},{"@type":"WebSite","@id":"https:\/\/unifsa.com.br\/site\/#website","url":"https:\/\/unifsa.com.br\/site\/","name":"Centro Universit\u00e1rio Santo Agostinho - UNIFSA","description":"Conhecimento para toda a vida","publisher":{"@id":"https:\/\/unifsa.com.br\/site\/#organization"},"potentialAction":[{"@type":"SearchAction","target":{"@type":"EntryPoint","urlTemplate":"https:\/\/unifsa.com.br\/site\/?s={search_term_string}"},"query-input":{"@type":"PropertyValueSpecification","valueRequired":true,"valueName":"search_term_string"}}],"inLanguage":"pt-BR"},{"@type":"Organization","@id":"https:\/\/unifsa.com.br\/site\/#organization","name":"Centro Universit\u00e1rio Santo Agostinho - UNIFSA","url":"https:\/\/unifsa.com.br\/site\/","logo":{"@type":"ImageObject","inLanguage":"pt-BR","@id":"https:\/\/unifsa.com.br\/site\/#\/schema\/logo\/image\/","url":"https:\/\/unifsa.com.br\/site\/wp-content\/uploads\/2023\/03\/MARCA-UNIFSA-CIC23-q2apjs1mt975cf1wl25b044coj90fwoiee1kya6800.png","contentUrl":"https:\/\/unifsa.com.br\/site\/wp-content\/uploads\/2023\/03\/MARCA-UNIFSA-CIC23-q2apjs1mt975cf1wl25b044coj90fwoiee1kya6800.png","width":103,"height":100,"caption":"Centro Universit\u00e1rio Santo Agostinho - UNIFSA"},"image":{"@id":"https:\/\/unifsa.com.br\/site\/#\/schema\/logo\/image\/"},"sameAs":["https:\/\/www.facebook.com\/unifsa\/","https:\/\/www.instagram.com\/unifsa\/"]},{"@type":"Person","@id":"https:\/\/unifsa.com.br\/site\/#\/schema\/person\/a4cec94bbc6ddf98f579162824de9bf2","name":"Oceannyra Kelly da Cruz Silva","image":{"@type":"ImageObject","inLanguage":"pt-BR","@id":"https:\/\/unifsa.com.br\/site\/#\/schema\/person\/image\/","url":"https:\/\/secure.gravatar.com\/avatar\/05c87cd6fa2c3c73262055bd9341438a47e77a37053b409b3cf4f8df60ea8eb8?s=96&d=mm&r=g","contentUrl":"https:\/\/secure.gravatar.com\/avatar\/05c87cd6fa2c3c73262055bd9341438a47e77a37053b409b3cf4f8df60ea8eb8?s=96&d=mm&r=g","caption":"Oceannyra Kelly da Cruz Silva"},"url":"https:\/\/unifsa.com.br\/site\/author\/oceannyrakelly\/"}]}},"_links":{"self":[{"href":"https:\/\/unifsa.com.br\/site\/wp-json\/wp\/v2\/posts\/13845","targetHints":{"allow":["GET"]}}],"collection":[{"href":"https:\/\/unifsa.com.br\/site\/wp-json\/wp\/v2\/posts"}],"about":[{"href":"https:\/\/unifsa.com.br\/site\/wp-json\/wp\/v2\/types\/post"}],"author":[{"embeddable":true,"href":"https:\/\/unifsa.com.br\/site\/wp-json\/wp\/v2\/users\/11"}],"replies":[{"embeddable":true,"href":"https:\/\/unifsa.com.br\/site\/wp-json\/wp\/v2\/comments?post=13845"}],"version-history":[{"count":3,"href":"https:\/\/unifsa.com.br\/site\/wp-json\/wp\/v2\/posts\/13845\/revisions"}],"predecessor-version":[{"id":14280,"href":"https:\/\/unifsa.com.br\/site\/wp-json\/wp\/v2\/posts\/13845\/revisions\/14280"}],"wp:featuredmedia":[{"embeddable":true,"href":"https:\/\/unifsa.com.br\/site\/wp-json\/wp\/v2\/media\/14278"}],"wp:attachment":[{"href":"https:\/\/unifsa.com.br\/site\/wp-json\/wp\/v2\/media?parent=13845"}],"wp:term":[{"taxonomy":"category","embeddable":true,"href":"https:\/\/unifsa.com.br\/site\/wp-json\/wp\/v2\/categories?post=13845"},{"taxonomy":"post_tag","embeddable":true,"href":"https:\/\/unifsa.com.br\/site\/wp-json\/wp\/v2\/tags?post=13845"}],"curies":[{"name":"wp","href":"https:\/\/api.w.org\/{rel}","templated":true}]}}