{"id":12638,"date":"2022-04-05T12:28:31","date_gmt":"2022-04-05T15:28:31","guid":{"rendered":"https:\/\/unifsa.com.br\/site\/?p=12638"},"modified":"2022-04-27T15:03:05","modified_gmt":"2022-04-27T18:03:05","slug":"inscricoes-abertas-para-o-curso-de-extensao-interpretacao-radiografica-e-diagnostico-por-imagem","status":"publish","type":"post","link":"https:\/\/unifsa.com.br\/site\/inscricoes-abertas-para-o-curso-de-extensao-interpretacao-radiografica-e-diagnostico-por-imagem\/","title":{"rendered":"Inscri\u00e7\u00f5es abertas para o Curso de Extens\u00e3o &#8220;Interpreta\u00e7\u00e3o Radiogr\u00e1fica e Diagn\u00f3stico por Imagem&#8221;"},"content":{"rendered":"\n<p class=\"has-drop-cap texto-justificado\">A coordena\u00e7\u00e3o de Odontologia do Centro Universit\u00e1rio Santo Agostinho informa que as inscri\u00e7\u00f5es do <strong>Curso de Extens\u00e3o em Interpreta\u00e7\u00e3o Radiogr\u00e1fica e Diagn\u00f3stico por Imagem<\/strong> est\u00e3o abertas, com ingressos a R$ 50,00 para alunos UNIFSA (40 vagas), e R$ 60,00 para a comunidade externa (20 vagas). O evento acontece na Cl\u00ednica de Radiologia da institui\u00e7\u00e3o, dia 20 14h \u00e0s 18h e 21 8h \u00e0s 12h \/ 14h \u00e0s 18h, com carga hor\u00e1ria de 12h, e ter\u00e1 foco nos estudantes e profissionais da \u00e1rea.<\/p>\n\n\n\n<div class=\"wp-block-button aligncenter\"><a class=\"wp-block-button__link has-background has-vivid-cyan-blue-background-color\" href=\"http:\/\/www2.unifsa.com.br\/eventos\/Evento-Home\/Curso-Extensao-Interpretacao-Radiografica-e-Diagnostico-por-Imagem\/\">Inscreva-se<\/a><\/div>\n\n\n\n<p class=\"texto-justificado\">O curso tem objetivo de capacitar o aluno na interpreta\u00e7\u00e3o de radiografias odontol\u00f3gicas e na elabora\u00e7\u00e3o de diagn\u00f3sticos diferenciais, descrevendo os princ\u00edpios de Interpreta\u00e7\u00e3o Radiogr\u00e1fica, identificando as caracter\u00edsticas radiogr\u00e1ficas das principais altera\u00e7\u00f5es do \u00f3rg\u00e3o dent\u00e1rio, periodonto, perio\u00e1pice e ossos maxilares, e estabelecendo diagn\u00f3sticos diferencias das principais les\u00f5es \u00f3sseas dos maxilares. <\/p>\n\n\n\n<blockquote class=\"wp-block-quote texto-justificado is-layout-flow wp-block-quote-is-layout-flow\"><p>O presente curso visa capacitar estudantes matriculados a partir do 4\u00ba per\u00edodo do curso, al\u00e9m de profissionais de Odontologia, na interpreta\u00e7\u00e3o de imagens radiogr\u00e1ficas intrabucais e extrabucais e na elabora\u00e7\u00e3o de diagn\u00f3sticos por imagem. <\/p><cite>Prof. Dr.  Paulo de Tarso Silva de Macedo, docente de Odontologia UNIFSA<\/cite><\/blockquote>\n\n\n\n<p class=\"texto-justificado\">Os principais conte\u00fados a serem abordados ser\u00e3o: Aspectos radiogr\u00e1ficos da C\u00e1rie dent\u00e1ria; Aspectos radiogr\u00e1ficos das anomalias dent\u00e1rias; Aspectos radiogr\u00e1ficos das periapicopatias; Aspectos radiogr\u00e1ficos da periodontopatias; Aspectos radiogr\u00e1ficos dos cistos e tumores dos maxilares; Laudo radiogr\u00e1fico; Diagn\u00f3stico diferencial da les\u00f5es \u00f3sseas dos maxilares.<\/p>\n\n\n\n<p><\/p>\n","protected":false},"excerpt":{"rendered":"<p>A coordena\u00e7\u00e3o de Odontologia do Centro Universit\u00e1rio Santo Agostinho informa que as inscri\u00e7\u00f5es do Curso de Extens\u00e3o em Interpreta\u00e7\u00e3o Radiogr\u00e1fica e Diagn\u00f3stico por Imagem est\u00e3o abertas, com ingressos a R$ 50,00 para alunos UNIFSA (40 vagas), e R$ 60,00 para a comunidade externa (20 vagas). O evento acontece na Cl\u00ednica de Radiologia da institui\u00e7\u00e3o, dia<\/p>\n","protected":false},"author":11,"featured_media":12764,"comment_status":"closed","ping_status":"open","sticky":false,"template":"","format":"standard","meta":{"_acf_changed":false,"footnotes":""},"categories":[6],"tags":[],"class_list":["post-12638","post","type-post","status-publish","format-standard","has-post-thumbnail","hentry","category-acontece-na-unifsa"],"acf":[],"yoast_head":"<!-- This site is optimized with the Yoast SEO plugin v26.5 - https:\/\/yoast.com\/wordpress\/plugins\/seo\/ -->\n<title>Inscri\u00e7\u00f5es abertas para o Curso de Extens\u00e3o &quot;Interpreta\u00e7\u00e3o Radiogr\u00e1fica e Diagn\u00f3stico por Imagem&quot; - Centro Universit\u00e1rio Santo Agostinho - UNIFSA<\/title>\n<meta name=\"robots\" content=\"index, follow, max-snippet:-1, max-image-preview:large, max-video-preview:-1\" \/>\n<link rel=\"canonical\" href=\"https:\/\/unifsa.com.br\/site\/inscricoes-abertas-para-o-curso-de-extensao-interpretacao-radiografica-e-diagnostico-por-imagem\/\" \/>\n<meta property=\"og:locale\" content=\"pt_BR\" \/>\n<meta property=\"og:type\" content=\"article\" \/>\n<meta property=\"og:title\" content=\"Inscri\u00e7\u00f5es abertas para o Curso de Extens\u00e3o &quot;Interpreta\u00e7\u00e3o Radiogr\u00e1fica e Diagn\u00f3stico por Imagem&quot; - Centro Universit\u00e1rio Santo Agostinho - UNIFSA\" \/>\n<meta property=\"og:description\" content=\"A coordena\u00e7\u00e3o de Odontologia do Centro Universit\u00e1rio Santo Agostinho informa que as inscri\u00e7\u00f5es do Curso de Extens\u00e3o em Interpreta\u00e7\u00e3o Radiogr\u00e1fica e Diagn\u00f3stico por Imagem est\u00e3o abertas, com ingressos a R$ 50,00 para alunos UNIFSA (40 vagas), e R$ 60,00 para a comunidade externa (20 vagas). O evento acontece na Cl\u00ednica de Radiologia da institui\u00e7\u00e3o, dia\" \/>\n<meta property=\"og:url\" content=\"https:\/\/unifsa.com.br\/site\/inscricoes-abertas-para-o-curso-de-extensao-interpretacao-radiografica-e-diagnostico-por-imagem\/\" \/>\n<meta property=\"og:site_name\" content=\"Centro Universit\u00e1rio Santo Agostinho - UNIFSA\" \/>\n<meta property=\"article:publisher\" content=\"https:\/\/www.facebook.com\/unifsa\/\" \/>\n<meta property=\"article:published_time\" content=\"2022-04-05T15:28:31+00:00\" \/>\n<meta property=\"article:modified_time\" content=\"2022-04-27T18:03:05+00:00\" \/>\n<meta property=\"og:image\" content=\"https:\/\/unifsa.com.br\/site\/wp-content\/uploads\/2022\/03\/RADIO_site-1.jpg\" \/>\n\t<meta property=\"og:image:width\" content=\"1009\" \/>\n\t<meta property=\"og:image:height\" content=\"427\" \/>\n\t<meta property=\"og:image:type\" content=\"image\/jpeg\" \/>\n<meta name=\"author\" content=\"Oceannyra Kelly da Cruz Silva\" \/>\n<meta name=\"twitter:card\" content=\"summary_large_image\" \/>\n<meta name=\"twitter:label1\" content=\"Escrito por\" \/>\n\t<meta name=\"twitter:data1\" content=\"Oceannyra Kelly da Cruz Silva\" \/>\n\t<meta name=\"twitter:label2\" content=\"Est. tempo de leitura\" \/>\n\t<meta name=\"twitter:data2\" content=\"1 minuto\" \/>\n<script type=\"application\/ld+json\" class=\"yoast-schema-graph\">{\"@context\":\"https:\/\/schema.org\",\"@graph\":[{\"@type\":\"Article\",\"@id\":\"https:\/\/unifsa.com.br\/site\/inscricoes-abertas-para-o-curso-de-extensao-interpretacao-radiografica-e-diagnostico-por-imagem\/#article\",\"isPartOf\":{\"@id\":\"https:\/\/unifsa.com.br\/site\/inscricoes-abertas-para-o-curso-de-extensao-interpretacao-radiografica-e-diagnostico-por-imagem\/\"},\"author\":{\"name\":\"Oceannyra Kelly da Cruz Silva\",\"@id\":\"https:\/\/unifsa.com.br\/site\/#\/schema\/person\/a4cec94bbc6ddf98f579162824de9bf2\"},\"headline\":\"Inscri\u00e7\u00f5es abertas para o Curso de Extens\u00e3o &#8220;Interpreta\u00e7\u00e3o Radiogr\u00e1fica e Diagn\u00f3stico por Imagem&#8221;\",\"datePublished\":\"2022-04-05T15:28:31+00:00\",\"dateModified\":\"2022-04-27T18:03:05+00:00\",\"mainEntityOfPage\":{\"@id\":\"https:\/\/unifsa.com.br\/site\/inscricoes-abertas-para-o-curso-de-extensao-interpretacao-radiografica-e-diagnostico-por-imagem\/\"},\"wordCount\":276,\"publisher\":{\"@id\":\"https:\/\/unifsa.com.br\/site\/#organization\"},\"image\":{\"@id\":\"https:\/\/unifsa.com.br\/site\/inscricoes-abertas-para-o-curso-de-extensao-interpretacao-radiografica-e-diagnostico-por-imagem\/#primaryimage\"},\"thumbnailUrl\":\"https:\/\/unifsa.com.br\/site\/wp-content\/uploads\/2022\/03\/RADIO_site-1.jpg\",\"articleSection\":[\"Acontece na UNIFSA\"],\"inLanguage\":\"pt-BR\"},{\"@type\":\"WebPage\",\"@id\":\"https:\/\/unifsa.com.br\/site\/inscricoes-abertas-para-o-curso-de-extensao-interpretacao-radiografica-e-diagnostico-por-imagem\/\",\"url\":\"https:\/\/unifsa.com.br\/site\/inscricoes-abertas-para-o-curso-de-extensao-interpretacao-radiografica-e-diagnostico-por-imagem\/\",\"name\":\"Inscri\u00e7\u00f5es abertas para o Curso de Extens\u00e3o \\\"Interpreta\u00e7\u00e3o Radiogr\u00e1fica e Diagn\u00f3stico por Imagem\\\" - Centro Universit\u00e1rio Santo Agostinho - UNIFSA\",\"isPartOf\":{\"@id\":\"https:\/\/unifsa.com.br\/site\/#website\"},\"primaryImageOfPage\":{\"@id\":\"https:\/\/unifsa.com.br\/site\/inscricoes-abertas-para-o-curso-de-extensao-interpretacao-radiografica-e-diagnostico-por-imagem\/#primaryimage\"},\"image\":{\"@id\":\"https:\/\/unifsa.com.br\/site\/inscricoes-abertas-para-o-curso-de-extensao-interpretacao-radiografica-e-diagnostico-por-imagem\/#primaryimage\"},\"thumbnailUrl\":\"https:\/\/unifsa.com.br\/site\/wp-content\/uploads\/2022\/03\/RADIO_site-1.jpg\",\"datePublished\":\"2022-04-05T15:28:31+00:00\",\"dateModified\":\"2022-04-27T18:03:05+00:00\",\"breadcrumb\":{\"@id\":\"https:\/\/unifsa.com.br\/site\/inscricoes-abertas-para-o-curso-de-extensao-interpretacao-radiografica-e-diagnostico-por-imagem\/#breadcrumb\"},\"inLanguage\":\"pt-BR\",\"potentialAction\":[{\"@type\":\"ReadAction\",\"target\":[\"https:\/\/unifsa.com.br\/site\/inscricoes-abertas-para-o-curso-de-extensao-interpretacao-radiografica-e-diagnostico-por-imagem\/\"]}]},{\"@type\":\"ImageObject\",\"inLanguage\":\"pt-BR\",\"@id\":\"https:\/\/unifsa.com.br\/site\/inscricoes-abertas-para-o-curso-de-extensao-interpretacao-radiografica-e-diagnostico-por-imagem\/#primaryimage\",\"url\":\"https:\/\/unifsa.com.br\/site\/wp-content\/uploads\/2022\/03\/RADIO_site-1.jpg\",\"contentUrl\":\"https:\/\/unifsa.com.br\/site\/wp-content\/uploads\/2022\/03\/RADIO_site-1.jpg\",\"width\":1009,\"height\":427},{\"@type\":\"BreadcrumbList\",\"@id\":\"https:\/\/unifsa.com.br\/site\/inscricoes-abertas-para-o-curso-de-extensao-interpretacao-radiografica-e-diagnostico-por-imagem\/#breadcrumb\",\"itemListElement\":[{\"@type\":\"ListItem\",\"position\":1,\"name\":\"In\u00edcio\",\"item\":\"https:\/\/unifsa.com.br\/site\/\"},{\"@type\":\"ListItem\",\"position\":2,\"name\":\"Inscri\u00e7\u00f5es abertas para o Curso de Extens\u00e3o &#8220;Interpreta\u00e7\u00e3o Radiogr\u00e1fica e Diagn\u00f3stico por Imagem&#8221;\"}]},{\"@type\":\"WebSite\",\"@id\":\"https:\/\/unifsa.com.br\/site\/#website\",\"url\":\"https:\/\/unifsa.com.br\/site\/\",\"name\":\"Centro Universit\u00e1rio Santo Agostinho - UNIFSA\",\"description\":\"Conhecimento para toda a vida\",\"publisher\":{\"@id\":\"https:\/\/unifsa.com.br\/site\/#organization\"},\"potentialAction\":[{\"@type\":\"SearchAction\",\"target\":{\"@type\":\"EntryPoint\",\"urlTemplate\":\"https:\/\/unifsa.com.br\/site\/?s={search_term_string}\"},\"query-input\":{\"@type\":\"PropertyValueSpecification\",\"valueRequired\":true,\"valueName\":\"search_term_string\"}}],\"inLanguage\":\"pt-BR\"},{\"@type\":\"Organization\",\"@id\":\"https:\/\/unifsa.com.br\/site\/#organization\",\"name\":\"Centro Universit\u00e1rio Santo Agostinho - UNIFSA\",\"url\":\"https:\/\/unifsa.com.br\/site\/\",\"logo\":{\"@type\":\"ImageObject\",\"inLanguage\":\"pt-BR\",\"@id\":\"https:\/\/unifsa.com.br\/site\/#\/schema\/logo\/image\/\",\"url\":\"https:\/\/unifsa.com.br\/site\/wp-content\/uploads\/2023\/03\/MARCA-UNIFSA-CIC23-q2apjs1mt975cf1wl25b044coj90fwoiee1kya6800.png\",\"contentUrl\":\"https:\/\/unifsa.com.br\/site\/wp-content\/uploads\/2023\/03\/MARCA-UNIFSA-CIC23-q2apjs1mt975cf1wl25b044coj90fwoiee1kya6800.png\",\"width\":103,\"height\":100,\"caption\":\"Centro Universit\u00e1rio Santo Agostinho - UNIFSA\"},\"image\":{\"@id\":\"https:\/\/unifsa.com.br\/site\/#\/schema\/logo\/image\/\"},\"sameAs\":[\"https:\/\/www.facebook.com\/unifsa\/\",\"https:\/\/www.instagram.com\/unifsa\/\"]},{\"@type\":\"Person\",\"@id\":\"https:\/\/unifsa.com.br\/site\/#\/schema\/person\/a4cec94bbc6ddf98f579162824de9bf2\",\"name\":\"Oceannyra Kelly da Cruz Silva\",\"image\":{\"@type\":\"ImageObject\",\"inLanguage\":\"pt-BR\",\"@id\":\"https:\/\/unifsa.com.br\/site\/#\/schema\/person\/image\/\",\"url\":\"https:\/\/secure.gravatar.com\/avatar\/05c87cd6fa2c3c73262055bd9341438a47e77a37053b409b3cf4f8df60ea8eb8?s=96&d=mm&r=g\",\"contentUrl\":\"https:\/\/secure.gravatar.com\/avatar\/05c87cd6fa2c3c73262055bd9341438a47e77a37053b409b3cf4f8df60ea8eb8?s=96&d=mm&r=g\",\"caption\":\"Oceannyra Kelly da Cruz Silva\"},\"url\":\"https:\/\/unifsa.com.br\/site\/author\/oceannyrakelly\/\"}]}<\/script>\n<!-- \/ Yoast SEO plugin. -->","yoast_head_json":{"title":"Inscri\u00e7\u00f5es abertas para o Curso de Extens\u00e3o \"Interpreta\u00e7\u00e3o Radiogr\u00e1fica e Diagn\u00f3stico por Imagem\" - Centro Universit\u00e1rio Santo Agostinho - UNIFSA","robots":{"index":"index","follow":"follow","max-snippet":"max-snippet:-1","max-image-preview":"max-image-preview:large","max-video-preview":"max-video-preview:-1"},"canonical":"https:\/\/unifsa.com.br\/site\/inscricoes-abertas-para-o-curso-de-extensao-interpretacao-radiografica-e-diagnostico-por-imagem\/","og_locale":"pt_BR","og_type":"article","og_title":"Inscri\u00e7\u00f5es abertas para o Curso de Extens\u00e3o \"Interpreta\u00e7\u00e3o Radiogr\u00e1fica e Diagn\u00f3stico por Imagem\" - Centro Universit\u00e1rio Santo Agostinho - UNIFSA","og_description":"A coordena\u00e7\u00e3o de Odontologia do Centro Universit\u00e1rio Santo Agostinho informa que as inscri\u00e7\u00f5es do Curso de Extens\u00e3o em Interpreta\u00e7\u00e3o Radiogr\u00e1fica e Diagn\u00f3stico por Imagem est\u00e3o abertas, com ingressos a R$ 50,00 para alunos UNIFSA (40 vagas), e R$ 60,00 para a comunidade externa (20 vagas). O evento acontece na Cl\u00ednica de Radiologia da institui\u00e7\u00e3o, dia","og_url":"https:\/\/unifsa.com.br\/site\/inscricoes-abertas-para-o-curso-de-extensao-interpretacao-radiografica-e-diagnostico-por-imagem\/","og_site_name":"Centro Universit\u00e1rio Santo Agostinho - UNIFSA","article_publisher":"https:\/\/www.facebook.com\/unifsa\/","article_published_time":"2022-04-05T15:28:31+00:00","article_modified_time":"2022-04-27T18:03:05+00:00","og_image":[{"width":1009,"height":427,"url":"https:\/\/unifsa.com.br\/site\/wp-content\/uploads\/2022\/03\/RADIO_site-1.jpg","type":"image\/jpeg"}],"author":"Oceannyra Kelly da Cruz Silva","twitter_card":"summary_large_image","twitter_misc":{"Escrito por":"Oceannyra Kelly da Cruz Silva","Est. tempo de leitura":"1 minuto"},"schema":{"@context":"https:\/\/schema.org","@graph":[{"@type":"Article","@id":"https:\/\/unifsa.com.br\/site\/inscricoes-abertas-para-o-curso-de-extensao-interpretacao-radiografica-e-diagnostico-por-imagem\/#article","isPartOf":{"@id":"https:\/\/unifsa.com.br\/site\/inscricoes-abertas-para-o-curso-de-extensao-interpretacao-radiografica-e-diagnostico-por-imagem\/"},"author":{"name":"Oceannyra Kelly da Cruz Silva","@id":"https:\/\/unifsa.com.br\/site\/#\/schema\/person\/a4cec94bbc6ddf98f579162824de9bf2"},"headline":"Inscri\u00e7\u00f5es abertas para o Curso de Extens\u00e3o &#8220;Interpreta\u00e7\u00e3o Radiogr\u00e1fica e Diagn\u00f3stico por Imagem&#8221;","datePublished":"2022-04-05T15:28:31+00:00","dateModified":"2022-04-27T18:03:05+00:00","mainEntityOfPage":{"@id":"https:\/\/unifsa.com.br\/site\/inscricoes-abertas-para-o-curso-de-extensao-interpretacao-radiografica-e-diagnostico-por-imagem\/"},"wordCount":276,"publisher":{"@id":"https:\/\/unifsa.com.br\/site\/#organization"},"image":{"@id":"https:\/\/unifsa.com.br\/site\/inscricoes-abertas-para-o-curso-de-extensao-interpretacao-radiografica-e-diagnostico-por-imagem\/#primaryimage"},"thumbnailUrl":"https:\/\/unifsa.com.br\/site\/wp-content\/uploads\/2022\/03\/RADIO_site-1.jpg","articleSection":["Acontece na UNIFSA"],"inLanguage":"pt-BR"},{"@type":"WebPage","@id":"https:\/\/unifsa.com.br\/site\/inscricoes-abertas-para-o-curso-de-extensao-interpretacao-radiografica-e-diagnostico-por-imagem\/","url":"https:\/\/unifsa.com.br\/site\/inscricoes-abertas-para-o-curso-de-extensao-interpretacao-radiografica-e-diagnostico-por-imagem\/","name":"Inscri\u00e7\u00f5es abertas para o Curso de Extens\u00e3o \"Interpreta\u00e7\u00e3o Radiogr\u00e1fica e Diagn\u00f3stico por Imagem\" - Centro Universit\u00e1rio Santo Agostinho - UNIFSA","isPartOf":{"@id":"https:\/\/unifsa.com.br\/site\/#website"},"primaryImageOfPage":{"@id":"https:\/\/unifsa.com.br\/site\/inscricoes-abertas-para-o-curso-de-extensao-interpretacao-radiografica-e-diagnostico-por-imagem\/#primaryimage"},"image":{"@id":"https:\/\/unifsa.com.br\/site\/inscricoes-abertas-para-o-curso-de-extensao-interpretacao-radiografica-e-diagnostico-por-imagem\/#primaryimage"},"thumbnailUrl":"https:\/\/unifsa.com.br\/site\/wp-content\/uploads\/2022\/03\/RADIO_site-1.jpg","datePublished":"2022-04-05T15:28:31+00:00","dateModified":"2022-04-27T18:03:05+00:00","breadcrumb":{"@id":"https:\/\/unifsa.com.br\/site\/inscricoes-abertas-para-o-curso-de-extensao-interpretacao-radiografica-e-diagnostico-por-imagem\/#breadcrumb"},"inLanguage":"pt-BR","potentialAction":[{"@type":"ReadAction","target":["https:\/\/unifsa.com.br\/site\/inscricoes-abertas-para-o-curso-de-extensao-interpretacao-radiografica-e-diagnostico-por-imagem\/"]}]},{"@type":"ImageObject","inLanguage":"pt-BR","@id":"https:\/\/unifsa.com.br\/site\/inscricoes-abertas-para-o-curso-de-extensao-interpretacao-radiografica-e-diagnostico-por-imagem\/#primaryimage","url":"https:\/\/unifsa.com.br\/site\/wp-content\/uploads\/2022\/03\/RADIO_site-1.jpg","contentUrl":"https:\/\/unifsa.com.br\/site\/wp-content\/uploads\/2022\/03\/RADIO_site-1.jpg","width":1009,"height":427},{"@type":"BreadcrumbList","@id":"https:\/\/unifsa.com.br\/site\/inscricoes-abertas-para-o-curso-de-extensao-interpretacao-radiografica-e-diagnostico-por-imagem\/#breadcrumb","itemListElement":[{"@type":"ListItem","position":1,"name":"In\u00edcio","item":"https:\/\/unifsa.com.br\/site\/"},{"@type":"ListItem","position":2,"name":"Inscri\u00e7\u00f5es abertas para o Curso de Extens\u00e3o &#8220;Interpreta\u00e7\u00e3o Radiogr\u00e1fica e Diagn\u00f3stico por Imagem&#8221;"}]},{"@type":"WebSite","@id":"https:\/\/unifsa.com.br\/site\/#website","url":"https:\/\/unifsa.com.br\/site\/","name":"Centro Universit\u00e1rio Santo Agostinho - UNIFSA","description":"Conhecimento para toda a vida","publisher":{"@id":"https:\/\/unifsa.com.br\/site\/#organization"},"potentialAction":[{"@type":"SearchAction","target":{"@type":"EntryPoint","urlTemplate":"https:\/\/unifsa.com.br\/site\/?s={search_term_string}"},"query-input":{"@type":"PropertyValueSpecification","valueRequired":true,"valueName":"search_term_string"}}],"inLanguage":"pt-BR"},{"@type":"Organization","@id":"https:\/\/unifsa.com.br\/site\/#organization","name":"Centro Universit\u00e1rio Santo Agostinho - UNIFSA","url":"https:\/\/unifsa.com.br\/site\/","logo":{"@type":"ImageObject","inLanguage":"pt-BR","@id":"https:\/\/unifsa.com.br\/site\/#\/schema\/logo\/image\/","url":"https:\/\/unifsa.com.br\/site\/wp-content\/uploads\/2023\/03\/MARCA-UNIFSA-CIC23-q2apjs1mt975cf1wl25b044coj90fwoiee1kya6800.png","contentUrl":"https:\/\/unifsa.com.br\/site\/wp-content\/uploads\/2023\/03\/MARCA-UNIFSA-CIC23-q2apjs1mt975cf1wl25b044coj90fwoiee1kya6800.png","width":103,"height":100,"caption":"Centro Universit\u00e1rio Santo Agostinho - UNIFSA"},"image":{"@id":"https:\/\/unifsa.com.br\/site\/#\/schema\/logo\/image\/"},"sameAs":["https:\/\/www.facebook.com\/unifsa\/","https:\/\/www.instagram.com\/unifsa\/"]},{"@type":"Person","@id":"https:\/\/unifsa.com.br\/site\/#\/schema\/person\/a4cec94bbc6ddf98f579162824de9bf2","name":"Oceannyra Kelly da Cruz Silva","image":{"@type":"ImageObject","inLanguage":"pt-BR","@id":"https:\/\/unifsa.com.br\/site\/#\/schema\/person\/image\/","url":"https:\/\/secure.gravatar.com\/avatar\/05c87cd6fa2c3c73262055bd9341438a47e77a37053b409b3cf4f8df60ea8eb8?s=96&d=mm&r=g","contentUrl":"https:\/\/secure.gravatar.com\/avatar\/05c87cd6fa2c3c73262055bd9341438a47e77a37053b409b3cf4f8df60ea8eb8?s=96&d=mm&r=g","caption":"Oceannyra Kelly da Cruz Silva"},"url":"https:\/\/unifsa.com.br\/site\/author\/oceannyrakelly\/"}]}},"_links":{"self":[{"href":"https:\/\/unifsa.com.br\/site\/wp-json\/wp\/v2\/posts\/12638","targetHints":{"allow":["GET"]}}],"collection":[{"href":"https:\/\/unifsa.com.br\/site\/wp-json\/wp\/v2\/posts"}],"about":[{"href":"https:\/\/unifsa.com.br\/site\/wp-json\/wp\/v2\/types\/post"}],"author":[{"embeddable":true,"href":"https:\/\/unifsa.com.br\/site\/wp-json\/wp\/v2\/users\/11"}],"replies":[{"embeddable":true,"href":"https:\/\/unifsa.com.br\/site\/wp-json\/wp\/v2\/comments?post=12638"}],"version-history":[{"count":13,"href":"https:\/\/unifsa.com.br\/site\/wp-json\/wp\/v2\/posts\/12638\/revisions"}],"predecessor-version":[{"id":13540,"href":"https:\/\/unifsa.com.br\/site\/wp-json\/wp\/v2\/posts\/12638\/revisions\/13540"}],"wp:featuredmedia":[{"embeddable":true,"href":"https:\/\/unifsa.com.br\/site\/wp-json\/wp\/v2\/media\/12764"}],"wp:attachment":[{"href":"https:\/\/unifsa.com.br\/site\/wp-json\/wp\/v2\/media?parent=12638"}],"wp:term":[{"taxonomy":"category","embeddable":true,"href":"https:\/\/unifsa.com.br\/site\/wp-json\/wp\/v2\/categories?post=12638"},{"taxonomy":"post_tag","embeddable":true,"href":"https:\/\/unifsa.com.br\/site\/wp-json\/wp\/v2\/tags?post=12638"}],"curies":[{"name":"wp","href":"https:\/\/api.w.org\/{rel}","templated":true}]}}