{"id":12123,"date":"2022-03-08T10:10:43","date_gmt":"2022-03-08T13:10:43","guid":{"rendered":"https:\/\/unifsa.com.br\/site\/?p=12123"},"modified":"2022-04-04T14:45:27","modified_gmt":"2022-04-04T17:45:27","slug":"inscricoes-abertas-para-o-curso-de-extensao-de-aplicacoes-praticas-de-topografia","status":"publish","type":"post","link":"https:\/\/unifsa.com.br\/site\/inscricoes-abertas-para-o-curso-de-extensao-de-aplicacoes-praticas-de-topografia\/","title":{"rendered":"Inscri\u00e7\u00f5es abertas para o Curso de Extens\u00e3o de Aplica\u00e7\u00f5es Pr\u00e1ticas de Topografia"},"content":{"rendered":"\n<p class=\"has-drop-cap texto-justificado\">O Centro Universit\u00e1rio Santo Agostinho, atrav\u00e9s da coordena\u00e7\u00e3o de Engenharia Civil, realiza o Curso de Extens\u00e3o <strong>&#8220;Aplica\u00e7\u00f5es Pr\u00e1ticas de Topografia e Modelagem Digital de Terreno a Partir de Imagens de Sat\u00e9lite&#8221;<\/strong>, 09 de abril \u00e0s 16h, com carga hor\u00e1ria de 32h. As inscri\u00e7\u00f5es ficam abertas at\u00e9 dia 06 de abril.<\/p>\n\n\n\n<p class=\"texto-justificado\">O curso acontece de forma h\u00edbrida, com aulas no modo remoto, e presenciais no Laborat\u00f3rio de Topografia e Laborat\u00f3rio de Inform\u00e1tica da UNIFSA. O valor do ingresso est\u00e1 por R$25 (vinte e cinco reais) para alunos da institui\u00e7\u00e3o, e R$50 (cinquenta reais) para o p\u00fablico externo.<\/p>\n\n\n\n<p>Tendo como p\u00fablico alvo os graduandos e Graduados em Engenharia Civil, Arquitetura e \u00c1reas afins, al\u00e9m do p\u00fablico externo em geral, o curso de extens\u00e3o objetiva capacitar o p\u00fablico a representar, analisar e interpretar os dados coletados de uma por\u00e7\u00e3o da superf\u00edcie terrestre, atrav\u00e9s dos instrumentos e t\u00e9cnicas adequadas, compreendendo as divis\u00f5es da Topografia, conhecendo os m\u00e9todos de levantamento de campo, executando o levantamento planialtim\u00e9trico de uma por\u00e7\u00e3o da superf\u00edcie terrestre, sendo capaz de apresent\u00e1-lo cartograficamente e muito mais.<\/p>\n\n\n\n<blockquote class=\"wp-block-quote is-layout-flow wp-block-quote-is-layout-flow\"><p>Considerando que a topografia \u00e9 a base de qualquer projeto e de qualquer obra realizada por engenheiros e arquitetos, esse curso de extens\u00e3o tem como proposta uma complementa\u00e7\u00e3o te\u00f3rico-pr\u00e1tica, visando o aprimoramento de conceitos e desenvolvimento de novas habilidades, a partir do contato com uma diversidade de ferramentas tecnol\u00f3gicas de coleta de dados, softwares topogr\u00e1ficos e imagens de sat\u00e9lite, os quais, de forma integrada, permitir\u00e3o representar uma por\u00e7\u00e3o da superf\u00edcie terrestre, por meio de diversos produtos cartogr\u00e1ficos em formato digital. <\/p><cite>Profa. Ma. Acilayne Freitas de Aquino <\/cite><\/blockquote>\n\n\n\n<figure class=\"wp-block-image size-large is-resized\"><img fetchpriority=\"high\" decoding=\"async\" src=\"https:\/\/unifsa.com.br\/site\/wp-content\/uploads\/2022\/03\/tabela-2.png\" alt=\"\" class=\"wp-image-12125\" width=\"572\" height=\"152\" srcset=\"https:\/\/unifsa.com.br\/site\/wp-content\/uploads\/2022\/03\/tabela-2.png 750w, https:\/\/unifsa.com.br\/site\/wp-content\/uploads\/2022\/03\/tabela-2-300x80.png 300w\" sizes=\"(max-width: 572px) 100vw, 572px\" \/><\/figure>\n\n\n\n<figure class=\"wp-block-image size-large\"><img decoding=\"async\" width=\"763\" height=\"552\" src=\"https:\/\/unifsa.com.br\/site\/wp-content\/uploads\/2022\/03\/tabela-2-1.png\" alt=\"\" class=\"wp-image-12126\" srcset=\"https:\/\/unifsa.com.br\/site\/wp-content\/uploads\/2022\/03\/tabela-2-1.png 763w, https:\/\/unifsa.com.br\/site\/wp-content\/uploads\/2022\/03\/tabela-2-1-300x217.png 300w\" sizes=\"(max-width: 763px) 100vw, 763px\" \/><figcaption><strong>Cronograma &#8211; Curso de Extens\u00e3o<\/strong> <strong>Aplica\u00e7\u00f5es Pr\u00e1ticas de Topografia e Modelagem Digital de Terreno a Partir de Imagens de Sat\u00e9lite<\/strong> <\/figcaption><\/figure>\n\n\n\n<p><\/p>\n","protected":false},"excerpt":{"rendered":"<p>O Centro Universit\u00e1rio Santo Agostinho, atrav\u00e9s da coordena\u00e7\u00e3o de Engenharia Civil, realiza o Curso de Extens\u00e3o &#8220;Aplica\u00e7\u00f5es Pr\u00e1ticas de Topografia e Modelagem Digital de Terreno a Partir de Imagens de Sat\u00e9lite&#8221;, 09 de abril \u00e0s 16h, com carga hor\u00e1ria de 32h. As inscri\u00e7\u00f5es ficam abertas at\u00e9 dia 06 de abril. O curso acontece de forma<\/p>\n","protected":false},"author":11,"featured_media":12139,"comment_status":"closed","ping_status":"open","sticky":false,"template":"","format":"standard","meta":{"_acf_changed":false,"footnotes":""},"categories":[6,51,56],"tags":[],"class_list":["post-12123","post","type-post","status-publish","format-standard","has-post-thumbnail","hentry","category-acontece-na-unifsa","category-arquitetura-urbanismo","category-engenharia-civil"],"acf":[],"yoast_head":"<!-- This site is optimized with the Yoast SEO plugin v26.5 - https:\/\/yoast.com\/wordpress\/plugins\/seo\/ -->\n<title>Inscri\u00e7\u00f5es abertas para o Curso de Extens\u00e3o de Aplica\u00e7\u00f5es Pr\u00e1ticas de Topografia - Centro Universit\u00e1rio Santo Agostinho - UNIFSA<\/title>\n<meta name=\"robots\" content=\"index, follow, max-snippet:-1, max-image-preview:large, max-video-preview:-1\" \/>\n<link rel=\"canonical\" href=\"https:\/\/unifsa.com.br\/site\/inscricoes-abertas-para-o-curso-de-extensao-de-aplicacoes-praticas-de-topografia\/\" \/>\n<meta property=\"og:locale\" content=\"pt_BR\" \/>\n<meta property=\"og:type\" content=\"article\" \/>\n<meta property=\"og:title\" content=\"Inscri\u00e7\u00f5es abertas para o Curso de Extens\u00e3o de Aplica\u00e7\u00f5es Pr\u00e1ticas de Topografia - Centro Universit\u00e1rio Santo Agostinho - UNIFSA\" \/>\n<meta property=\"og:description\" content=\"O Centro Universit\u00e1rio Santo Agostinho, atrav\u00e9s da coordena\u00e7\u00e3o de Engenharia Civil, realiza o Curso de Extens\u00e3o &#8220;Aplica\u00e7\u00f5es Pr\u00e1ticas de Topografia e Modelagem Digital de Terreno a Partir de Imagens de Sat\u00e9lite&#8221;, 09 de abril \u00e0s 16h, com carga hor\u00e1ria de 32h. As inscri\u00e7\u00f5es ficam abertas at\u00e9 dia 06 de abril. O curso acontece de forma\" \/>\n<meta property=\"og:url\" content=\"https:\/\/unifsa.com.br\/site\/inscricoes-abertas-para-o-curso-de-extensao-de-aplicacoes-praticas-de-topografia\/\" \/>\n<meta property=\"og:site_name\" content=\"Centro Universit\u00e1rio Santo Agostinho - UNIFSA\" \/>\n<meta property=\"article:publisher\" content=\"https:\/\/www.facebook.com\/unifsa\/\" \/>\n<meta property=\"article:published_time\" content=\"2022-03-08T13:10:43+00:00\" \/>\n<meta property=\"article:modified_time\" content=\"2022-04-04T17:45:27+00:00\" \/>\n<meta property=\"og:image\" content=\"https:\/\/unifsa.com.br\/site\/wp-content\/uploads\/2022\/03\/EXTENSAO_SITE.jpg\" \/>\n\t<meta property=\"og:image:width\" content=\"1009\" \/>\n\t<meta property=\"og:image:height\" content=\"427\" \/>\n\t<meta property=\"og:image:type\" content=\"image\/jpeg\" \/>\n<meta name=\"author\" content=\"Oceannyra Kelly da Cruz Silva\" \/>\n<meta name=\"twitter:card\" content=\"summary_large_image\" \/>\n<meta name=\"twitter:label1\" content=\"Escrito por\" \/>\n\t<meta name=\"twitter:data1\" content=\"Oceannyra Kelly da Cruz Silva\" \/>\n\t<meta name=\"twitter:label2\" content=\"Est. tempo de leitura\" \/>\n\t<meta name=\"twitter:data2\" content=\"2 minutos\" \/>\n<script type=\"application\/ld+json\" class=\"yoast-schema-graph\">{\"@context\":\"https:\/\/schema.org\",\"@graph\":[{\"@type\":\"Article\",\"@id\":\"https:\/\/unifsa.com.br\/site\/inscricoes-abertas-para-o-curso-de-extensao-de-aplicacoes-praticas-de-topografia\/#article\",\"isPartOf\":{\"@id\":\"https:\/\/unifsa.com.br\/site\/inscricoes-abertas-para-o-curso-de-extensao-de-aplicacoes-praticas-de-topografia\/\"},\"author\":{\"name\":\"Oceannyra Kelly da Cruz Silva\",\"@id\":\"https:\/\/unifsa.com.br\/site\/#\/schema\/person\/a4cec94bbc6ddf98f579162824de9bf2\"},\"headline\":\"Inscri\u00e7\u00f5es abertas para o Curso de Extens\u00e3o de Aplica\u00e7\u00f5es Pr\u00e1ticas de Topografia\",\"datePublished\":\"2022-03-08T13:10:43+00:00\",\"dateModified\":\"2022-04-04T17:45:27+00:00\",\"mainEntityOfPage\":{\"@id\":\"https:\/\/unifsa.com.br\/site\/inscricoes-abertas-para-o-curso-de-extensao-de-aplicacoes-praticas-de-topografia\/\"},\"wordCount\":339,\"publisher\":{\"@id\":\"https:\/\/unifsa.com.br\/site\/#organization\"},\"image\":{\"@id\":\"https:\/\/unifsa.com.br\/site\/inscricoes-abertas-para-o-curso-de-extensao-de-aplicacoes-praticas-de-topografia\/#primaryimage\"},\"thumbnailUrl\":\"https:\/\/unifsa.com.br\/site\/wp-content\/uploads\/2022\/03\/EXTENSAO_SITE.jpg\",\"articleSection\":[\"Acontece na UNIFSA\",\"Arquitetura e Urbanismo\",\"Engenharia Civil\"],\"inLanguage\":\"pt-BR\"},{\"@type\":\"WebPage\",\"@id\":\"https:\/\/unifsa.com.br\/site\/inscricoes-abertas-para-o-curso-de-extensao-de-aplicacoes-praticas-de-topografia\/\",\"url\":\"https:\/\/unifsa.com.br\/site\/inscricoes-abertas-para-o-curso-de-extensao-de-aplicacoes-praticas-de-topografia\/\",\"name\":\"Inscri\u00e7\u00f5es abertas para o Curso de Extens\u00e3o de Aplica\u00e7\u00f5es Pr\u00e1ticas de Topografia - Centro Universit\u00e1rio Santo Agostinho - UNIFSA\",\"isPartOf\":{\"@id\":\"https:\/\/unifsa.com.br\/site\/#website\"},\"primaryImageOfPage\":{\"@id\":\"https:\/\/unifsa.com.br\/site\/inscricoes-abertas-para-o-curso-de-extensao-de-aplicacoes-praticas-de-topografia\/#primaryimage\"},\"image\":{\"@id\":\"https:\/\/unifsa.com.br\/site\/inscricoes-abertas-para-o-curso-de-extensao-de-aplicacoes-praticas-de-topografia\/#primaryimage\"},\"thumbnailUrl\":\"https:\/\/unifsa.com.br\/site\/wp-content\/uploads\/2022\/03\/EXTENSAO_SITE.jpg\",\"datePublished\":\"2022-03-08T13:10:43+00:00\",\"dateModified\":\"2022-04-04T17:45:27+00:00\",\"breadcrumb\":{\"@id\":\"https:\/\/unifsa.com.br\/site\/inscricoes-abertas-para-o-curso-de-extensao-de-aplicacoes-praticas-de-topografia\/#breadcrumb\"},\"inLanguage\":\"pt-BR\",\"potentialAction\":[{\"@type\":\"ReadAction\",\"target\":[\"https:\/\/unifsa.com.br\/site\/inscricoes-abertas-para-o-curso-de-extensao-de-aplicacoes-praticas-de-topografia\/\"]}]},{\"@type\":\"ImageObject\",\"inLanguage\":\"pt-BR\",\"@id\":\"https:\/\/unifsa.com.br\/site\/inscricoes-abertas-para-o-curso-de-extensao-de-aplicacoes-praticas-de-topografia\/#primaryimage\",\"url\":\"https:\/\/unifsa.com.br\/site\/wp-content\/uploads\/2022\/03\/EXTENSAO_SITE.jpg\",\"contentUrl\":\"https:\/\/unifsa.com.br\/site\/wp-content\/uploads\/2022\/03\/EXTENSAO_SITE.jpg\",\"width\":1009,\"height\":427},{\"@type\":\"BreadcrumbList\",\"@id\":\"https:\/\/unifsa.com.br\/site\/inscricoes-abertas-para-o-curso-de-extensao-de-aplicacoes-praticas-de-topografia\/#breadcrumb\",\"itemListElement\":[{\"@type\":\"ListItem\",\"position\":1,\"name\":\"In\u00edcio\",\"item\":\"https:\/\/unifsa.com.br\/site\/\"},{\"@type\":\"ListItem\",\"position\":2,\"name\":\"Inscri\u00e7\u00f5es abertas para o Curso de Extens\u00e3o de Aplica\u00e7\u00f5es Pr\u00e1ticas de Topografia\"}]},{\"@type\":\"WebSite\",\"@id\":\"https:\/\/unifsa.com.br\/site\/#website\",\"url\":\"https:\/\/unifsa.com.br\/site\/\",\"name\":\"Centro Universit\u00e1rio Santo Agostinho - UNIFSA\",\"description\":\"Conhecimento para toda a vida\",\"publisher\":{\"@id\":\"https:\/\/unifsa.com.br\/site\/#organization\"},\"potentialAction\":[{\"@type\":\"SearchAction\",\"target\":{\"@type\":\"EntryPoint\",\"urlTemplate\":\"https:\/\/unifsa.com.br\/site\/?s={search_term_string}\"},\"query-input\":{\"@type\":\"PropertyValueSpecification\",\"valueRequired\":true,\"valueName\":\"search_term_string\"}}],\"inLanguage\":\"pt-BR\"},{\"@type\":\"Organization\",\"@id\":\"https:\/\/unifsa.com.br\/site\/#organization\",\"name\":\"Centro Universit\u00e1rio Santo Agostinho - UNIFSA\",\"url\":\"https:\/\/unifsa.com.br\/site\/\",\"logo\":{\"@type\":\"ImageObject\",\"inLanguage\":\"pt-BR\",\"@id\":\"https:\/\/unifsa.com.br\/site\/#\/schema\/logo\/image\/\",\"url\":\"https:\/\/unifsa.com.br\/site\/wp-content\/uploads\/2023\/03\/MARCA-UNIFSA-CIC23-q2apjs1mt975cf1wl25b044coj90fwoiee1kya6800.png\",\"contentUrl\":\"https:\/\/unifsa.com.br\/site\/wp-content\/uploads\/2023\/03\/MARCA-UNIFSA-CIC23-q2apjs1mt975cf1wl25b044coj90fwoiee1kya6800.png\",\"width\":103,\"height\":100,\"caption\":\"Centro Universit\u00e1rio Santo Agostinho - UNIFSA\"},\"image\":{\"@id\":\"https:\/\/unifsa.com.br\/site\/#\/schema\/logo\/image\/\"},\"sameAs\":[\"https:\/\/www.facebook.com\/unifsa\/\",\"https:\/\/www.instagram.com\/unifsa\/\"]},{\"@type\":\"Person\",\"@id\":\"https:\/\/unifsa.com.br\/site\/#\/schema\/person\/a4cec94bbc6ddf98f579162824de9bf2\",\"name\":\"Oceannyra Kelly da Cruz Silva\",\"image\":{\"@type\":\"ImageObject\",\"inLanguage\":\"pt-BR\",\"@id\":\"https:\/\/unifsa.com.br\/site\/#\/schema\/person\/image\/\",\"url\":\"https:\/\/secure.gravatar.com\/avatar\/671b9403a3f629391fa303312f7d3867?s=96&d=mm&r=g\",\"contentUrl\":\"https:\/\/secure.gravatar.com\/avatar\/671b9403a3f629391fa303312f7d3867?s=96&d=mm&r=g\",\"caption\":\"Oceannyra Kelly da Cruz Silva\"},\"url\":\"https:\/\/unifsa.com.br\/site\/author\/oceannyrakelly\/\"}]}<\/script>\n<!-- \/ Yoast SEO plugin. -->","yoast_head_json":{"title":"Inscri\u00e7\u00f5es abertas para o Curso de Extens\u00e3o de Aplica\u00e7\u00f5es Pr\u00e1ticas de Topografia - Centro Universit\u00e1rio Santo Agostinho - UNIFSA","robots":{"index":"index","follow":"follow","max-snippet":"max-snippet:-1","max-image-preview":"max-image-preview:large","max-video-preview":"max-video-preview:-1"},"canonical":"https:\/\/unifsa.com.br\/site\/inscricoes-abertas-para-o-curso-de-extensao-de-aplicacoes-praticas-de-topografia\/","og_locale":"pt_BR","og_type":"article","og_title":"Inscri\u00e7\u00f5es abertas para o Curso de Extens\u00e3o de Aplica\u00e7\u00f5es Pr\u00e1ticas de Topografia - Centro Universit\u00e1rio Santo Agostinho - UNIFSA","og_description":"O Centro Universit\u00e1rio Santo Agostinho, atrav\u00e9s da coordena\u00e7\u00e3o de Engenharia Civil, realiza o Curso de Extens\u00e3o &#8220;Aplica\u00e7\u00f5es Pr\u00e1ticas de Topografia e Modelagem Digital de Terreno a Partir de Imagens de Sat\u00e9lite&#8221;, 09 de abril \u00e0s 16h, com carga hor\u00e1ria de 32h. As inscri\u00e7\u00f5es ficam abertas at\u00e9 dia 06 de abril. O curso acontece de forma","og_url":"https:\/\/unifsa.com.br\/site\/inscricoes-abertas-para-o-curso-de-extensao-de-aplicacoes-praticas-de-topografia\/","og_site_name":"Centro Universit\u00e1rio Santo Agostinho - UNIFSA","article_publisher":"https:\/\/www.facebook.com\/unifsa\/","article_published_time":"2022-03-08T13:10:43+00:00","article_modified_time":"2022-04-04T17:45:27+00:00","og_image":[{"width":1009,"height":427,"url":"https:\/\/unifsa.com.br\/site\/wp-content\/uploads\/2022\/03\/EXTENSAO_SITE.jpg","type":"image\/jpeg"}],"author":"Oceannyra Kelly da Cruz Silva","twitter_card":"summary_large_image","twitter_misc":{"Escrito por":"Oceannyra Kelly da Cruz Silva","Est. tempo de leitura":"2 minutos"},"schema":{"@context":"https:\/\/schema.org","@graph":[{"@type":"Article","@id":"https:\/\/unifsa.com.br\/site\/inscricoes-abertas-para-o-curso-de-extensao-de-aplicacoes-praticas-de-topografia\/#article","isPartOf":{"@id":"https:\/\/unifsa.com.br\/site\/inscricoes-abertas-para-o-curso-de-extensao-de-aplicacoes-praticas-de-topografia\/"},"author":{"name":"Oceannyra Kelly da Cruz Silva","@id":"https:\/\/unifsa.com.br\/site\/#\/schema\/person\/a4cec94bbc6ddf98f579162824de9bf2"},"headline":"Inscri\u00e7\u00f5es abertas para o Curso de Extens\u00e3o de Aplica\u00e7\u00f5es Pr\u00e1ticas de Topografia","datePublished":"2022-03-08T13:10:43+00:00","dateModified":"2022-04-04T17:45:27+00:00","mainEntityOfPage":{"@id":"https:\/\/unifsa.com.br\/site\/inscricoes-abertas-para-o-curso-de-extensao-de-aplicacoes-praticas-de-topografia\/"},"wordCount":339,"publisher":{"@id":"https:\/\/unifsa.com.br\/site\/#organization"},"image":{"@id":"https:\/\/unifsa.com.br\/site\/inscricoes-abertas-para-o-curso-de-extensao-de-aplicacoes-praticas-de-topografia\/#primaryimage"},"thumbnailUrl":"https:\/\/unifsa.com.br\/site\/wp-content\/uploads\/2022\/03\/EXTENSAO_SITE.jpg","articleSection":["Acontece na UNIFSA","Arquitetura e Urbanismo","Engenharia Civil"],"inLanguage":"pt-BR"},{"@type":"WebPage","@id":"https:\/\/unifsa.com.br\/site\/inscricoes-abertas-para-o-curso-de-extensao-de-aplicacoes-praticas-de-topografia\/","url":"https:\/\/unifsa.com.br\/site\/inscricoes-abertas-para-o-curso-de-extensao-de-aplicacoes-praticas-de-topografia\/","name":"Inscri\u00e7\u00f5es abertas para o Curso de Extens\u00e3o de Aplica\u00e7\u00f5es Pr\u00e1ticas de Topografia - Centro Universit\u00e1rio Santo Agostinho - UNIFSA","isPartOf":{"@id":"https:\/\/unifsa.com.br\/site\/#website"},"primaryImageOfPage":{"@id":"https:\/\/unifsa.com.br\/site\/inscricoes-abertas-para-o-curso-de-extensao-de-aplicacoes-praticas-de-topografia\/#primaryimage"},"image":{"@id":"https:\/\/unifsa.com.br\/site\/inscricoes-abertas-para-o-curso-de-extensao-de-aplicacoes-praticas-de-topografia\/#primaryimage"},"thumbnailUrl":"https:\/\/unifsa.com.br\/site\/wp-content\/uploads\/2022\/03\/EXTENSAO_SITE.jpg","datePublished":"2022-03-08T13:10:43+00:00","dateModified":"2022-04-04T17:45:27+00:00","breadcrumb":{"@id":"https:\/\/unifsa.com.br\/site\/inscricoes-abertas-para-o-curso-de-extensao-de-aplicacoes-praticas-de-topografia\/#breadcrumb"},"inLanguage":"pt-BR","potentialAction":[{"@type":"ReadAction","target":["https:\/\/unifsa.com.br\/site\/inscricoes-abertas-para-o-curso-de-extensao-de-aplicacoes-praticas-de-topografia\/"]}]},{"@type":"ImageObject","inLanguage":"pt-BR","@id":"https:\/\/unifsa.com.br\/site\/inscricoes-abertas-para-o-curso-de-extensao-de-aplicacoes-praticas-de-topografia\/#primaryimage","url":"https:\/\/unifsa.com.br\/site\/wp-content\/uploads\/2022\/03\/EXTENSAO_SITE.jpg","contentUrl":"https:\/\/unifsa.com.br\/site\/wp-content\/uploads\/2022\/03\/EXTENSAO_SITE.jpg","width":1009,"height":427},{"@type":"BreadcrumbList","@id":"https:\/\/unifsa.com.br\/site\/inscricoes-abertas-para-o-curso-de-extensao-de-aplicacoes-praticas-de-topografia\/#breadcrumb","itemListElement":[{"@type":"ListItem","position":1,"name":"In\u00edcio","item":"https:\/\/unifsa.com.br\/site\/"},{"@type":"ListItem","position":2,"name":"Inscri\u00e7\u00f5es abertas para o Curso de Extens\u00e3o de Aplica\u00e7\u00f5es Pr\u00e1ticas de Topografia"}]},{"@type":"WebSite","@id":"https:\/\/unifsa.com.br\/site\/#website","url":"https:\/\/unifsa.com.br\/site\/","name":"Centro Universit\u00e1rio Santo Agostinho - UNIFSA","description":"Conhecimento para toda a vida","publisher":{"@id":"https:\/\/unifsa.com.br\/site\/#organization"},"potentialAction":[{"@type":"SearchAction","target":{"@type":"EntryPoint","urlTemplate":"https:\/\/unifsa.com.br\/site\/?s={search_term_string}"},"query-input":{"@type":"PropertyValueSpecification","valueRequired":true,"valueName":"search_term_string"}}],"inLanguage":"pt-BR"},{"@type":"Organization","@id":"https:\/\/unifsa.com.br\/site\/#organization","name":"Centro Universit\u00e1rio Santo Agostinho - UNIFSA","url":"https:\/\/unifsa.com.br\/site\/","logo":{"@type":"ImageObject","inLanguage":"pt-BR","@id":"https:\/\/unifsa.com.br\/site\/#\/schema\/logo\/image\/","url":"https:\/\/unifsa.com.br\/site\/wp-content\/uploads\/2023\/03\/MARCA-UNIFSA-CIC23-q2apjs1mt975cf1wl25b044coj90fwoiee1kya6800.png","contentUrl":"https:\/\/unifsa.com.br\/site\/wp-content\/uploads\/2023\/03\/MARCA-UNIFSA-CIC23-q2apjs1mt975cf1wl25b044coj90fwoiee1kya6800.png","width":103,"height":100,"caption":"Centro Universit\u00e1rio Santo Agostinho - UNIFSA"},"image":{"@id":"https:\/\/unifsa.com.br\/site\/#\/schema\/logo\/image\/"},"sameAs":["https:\/\/www.facebook.com\/unifsa\/","https:\/\/www.instagram.com\/unifsa\/"]},{"@type":"Person","@id":"https:\/\/unifsa.com.br\/site\/#\/schema\/person\/a4cec94bbc6ddf98f579162824de9bf2","name":"Oceannyra Kelly da Cruz Silva","image":{"@type":"ImageObject","inLanguage":"pt-BR","@id":"https:\/\/unifsa.com.br\/site\/#\/schema\/person\/image\/","url":"https:\/\/secure.gravatar.com\/avatar\/671b9403a3f629391fa303312f7d3867?s=96&d=mm&r=g","contentUrl":"https:\/\/secure.gravatar.com\/avatar\/671b9403a3f629391fa303312f7d3867?s=96&d=mm&r=g","caption":"Oceannyra Kelly da Cruz Silva"},"url":"https:\/\/unifsa.com.br\/site\/author\/oceannyrakelly\/"}]}},"_links":{"self":[{"href":"https:\/\/unifsa.com.br\/site\/wp-json\/wp\/v2\/posts\/12123","targetHints":{"allow":["GET"]}}],"collection":[{"href":"https:\/\/unifsa.com.br\/site\/wp-json\/wp\/v2\/posts"}],"about":[{"href":"https:\/\/unifsa.com.br\/site\/wp-json\/wp\/v2\/types\/post"}],"author":[{"embeddable":true,"href":"https:\/\/unifsa.com.br\/site\/wp-json\/wp\/v2\/users\/11"}],"replies":[{"embeddable":true,"href":"https:\/\/unifsa.com.br\/site\/wp-json\/wp\/v2\/comments?post=12123"}],"version-history":[{"count":5,"href":"https:\/\/unifsa.com.br\/site\/wp-json\/wp\/v2\/posts\/12123\/revisions"}],"predecessor-version":[{"id":12814,"href":"https:\/\/unifsa.com.br\/site\/wp-json\/wp\/v2\/posts\/12123\/revisions\/12814"}],"wp:featuredmedia":[{"embeddable":true,"href":"https:\/\/unifsa.com.br\/site\/wp-json\/wp\/v2\/media\/12139"}],"wp:attachment":[{"href":"https:\/\/unifsa.com.br\/site\/wp-json\/wp\/v2\/media?parent=12123"}],"wp:term":[{"taxonomy":"category","embeddable":true,"href":"https:\/\/unifsa.com.br\/site\/wp-json\/wp\/v2\/categories?post=12123"},{"taxonomy":"post_tag","embeddable":true,"href":"https:\/\/unifsa.com.br\/site\/wp-json\/wp\/v2\/tags?post=12123"}],"curies":[{"name":"wp","href":"https:\/\/api.w.org\/{rel}","templated":true}]}}