{"id":12027,"date":"2022-03-08T09:00:00","date_gmt":"2022-03-08T12:00:00","guid":{"rendered":"https:\/\/unifsa.com.br\/site\/?p=12027"},"modified":"2022-03-08T09:48:05","modified_gmt":"2022-03-08T12:48:05","slug":"autocadunifsa","status":"publish","type":"post","link":"https:\/\/unifsa.com.br\/site\/autocadunifsa\/","title":{"rendered":"Inscri\u00e7\u00f5es abertas para o Curso de Extens\u00e3o &#8220;AutoCAD aplicado \u00e0 instala\u00e7\u00f5es el\u00e9tricas&#8221;"},"content":{"rendered":"\n<p class=\"texto-justificado\">O Centro Universit\u00e1rio Santo Agostinho, atrav\u00e9s da Coordena\u00e7\u00e3o de Engenharia El\u00e9trica, realiza o <strong>Curso de Extens\u00e3o &#8220;AutoCAD aplicado \u00e0 instala\u00e7\u00f5es el\u00e9tricas&#8221;<\/strong>, com carga hor\u00e1ria de 40 horas. O evento acontece no per\u00edodo de 19 de mar\u00e7o a 28 de maio.<\/p>\n\n\n\n<div class=\"wp-block-button aligncenter\"><a class=\"wp-block-button__link has-background has-vivid-cyan-blue-background-color\" href=\"http:\/\/www2.unifsa.com.br\/eventos\/Evento-Home\/Curso-Extensao-AutoCAD-Aplicado-a-Instalacoes-Eletricas\/\"><strong>Inscreva-se!<\/strong><\/a><\/div>\n\n\n\n<p class=\"texto-justificado\">As inscri\u00e7\u00f5es ficam abertas at\u00e9 17 de mar\u00e7o, pelo valor de R$200,00 (duzentos reais) para alunos UNIFSA, e R$300,00 (trezentos reais) para a comunidade externa. Ao todo, s\u00e3o 30 vagas dispon\u00edveis. <\/p>\n\n\n\n<p class=\"texto-justificado\">O curso tem o objetivo de capacitar os participantes a adquirirem o dom\u00ednio no uso do programa gr\u00e1fico AutoCAD, como forma de elaborar desenhos com precis\u00e3o, qualidade e rapidez, necess\u00e1rios para o planejamento, interpreta\u00e7\u00e3o, execu\u00e7\u00e3o e gerenciamento de diversos tipos de projetos t\u00e9cnicos. Al\u00e9m de capacitar o aluno a compreender os principais comandos e interface do programa, com foco nas aplica\u00e7\u00f5es em 2D;  Aplicar, com base em uma vis\u00e3o computacional, as habilidades adquiridas na disciplina de Desenho T\u00e9cnico e Geometria Descritiva, possibilitando o desenho, modelagem, visualiza\u00e7\u00e3o e interpreta\u00e7\u00e3o dos projetos de constru\u00e7\u00e3o civil e el\u00e9trico.<\/p>\n\n\n\n<p class=\"texto-justificado\">O professor Me. Patrese Veras Quelemes, organizador do Curso de Extens\u00e3o, conta como o curso contribuir\u00e1 para a carreiras dos alunos:<\/p>\n\n\n\n<blockquote class=\"wp-block-quote texto-justificado is-layout-flow wp-block-quote-is-layout-flow\"><p>O curso ir\u00e1 possibilitar aos participantes adquirirem o dom\u00ednio no uso do programa gr\u00e1fico AutoCAD, como forma de elaborar desenhos com precis\u00e3o, qualidade e rapidez, necess\u00e1rios para o planejamento, interpreta\u00e7\u00e3o, execu\u00e7\u00e3o e gerenciamento de diversos tipos de projetos t\u00e9cnicos. O conhecimento desse vers\u00e1til programa de modelagem de desenhos  possibilitar\u00e1 que o aluno obtenha<strong> mais oportunidades de est\u00e1gios curriculares e extracurriculares<\/strong>, uma vez que, o dom\u00ednio desta ferramenta, \u00e9 um pr\u00e9-requisito exigido pela grande maioria das sele\u00e7\u00f5es de est\u00e1gio. Al\u00e9m disto, estes conhecimentos tamb\u00e9m ser\u00e3o de fundamental import\u00e2ncia para o exerc\u00edcio profissional.<\/p><cite>Prof\u00b0. Mestre Patrese Veras Quelemes<\/cite><\/blockquote>\n\n\n\n<div class=\"wp-block-image\"><figure class=\"aligncenter size-large\"><img fetchpriority=\"high\" decoding=\"async\" width=\"543\" height=\"276\" src=\"https:\/\/unifsa.com.br\/site\/wp-content\/uploads\/2022\/02\/image-3.png\" alt=\"\" class=\"wp-image-12031\" srcset=\"https:\/\/unifsa.com.br\/site\/wp-content\/uploads\/2022\/02\/image-3.png 543w, https:\/\/unifsa.com.br\/site\/wp-content\/uploads\/2022\/02\/image-3-300x152.png 300w\" sizes=\"(max-width: 543px) 100vw, 543px\" \/><figcaption>Cronograma &#8211; Curso de Extens\u00e3o AutoCAD aplicado \u00e0 instala\u00e7\u00f5es el\u00e9tricas<\/figcaption><\/figure><\/div>\n\n\n\n<p class=\"texto-justificado\">Segundo ele, o curso surgiu por demanda dos pr\u00f3prios alunos da institui\u00e7\u00e3o e, por isso, espera um grande n\u00famero de inscritos.<\/p>\n\n\n\n<blockquote class=\"wp-block-quote texto-justificado is-layout-flow wp-block-quote-is-layout-flow\"><p>A expectativa \u00e9 que possa ter um bom n\u00famero de participantes inscritos, tendo em vista que a oferta deste curso vem de uma demanda de alunos que j\u00e1 vinham solicitando \u00e0 coordena\u00e7\u00e3o, visando o ingresso em est\u00e1gios, como j\u00e1 foi explanado. A infraestrutura da faculdade \u00e9 \u00f3tima, o que possibilitar\u00e1 uma excelente condu\u00e7\u00e3o do curso.<\/p><cite>Prof\u00b0. Mestre Patrese Veras Quelemes <\/cite><\/blockquote>\n\n\n\n<p><\/p>\n","protected":false},"excerpt":{"rendered":"<p>O Centro Universit\u00e1rio Santo Agostinho, atrav\u00e9s da Coordena\u00e7\u00e3o de Engenharia El\u00e9trica, realiza o Curso de Extens\u00e3o &#8220;AutoCAD aplicado \u00e0 instala\u00e7\u00f5es el\u00e9tricas&#8221;, com carga hor\u00e1ria de 40 horas. O evento acontece no per\u00edodo de 19 de mar\u00e7o a 28 de maio. As inscri\u00e7\u00f5es ficam abertas at\u00e9 17 de mar\u00e7o, pelo valor de R$200,00 (duzentos reais) para<\/p>\n","protected":false},"author":12,"featured_media":12048,"comment_status":"closed","ping_status":"open","sticky":false,"template":"","format":"standard","meta":{"_acf_changed":false,"footnotes":""},"categories":[6,51,56,57,58],"tags":[],"class_list":["post-12027","post","type-post","status-publish","format-standard","has-post-thumbnail","hentry","category-acontece-na-unifsa","category-arquitetura-urbanismo","category-engenharia-civil","category-engenharia-producao","category-engenharia-eletrica"],"acf":[],"yoast_head":"<!-- This site is optimized with the Yoast SEO plugin v26.5 - https:\/\/yoast.com\/wordpress\/plugins\/seo\/ -->\n<title>Inscri\u00e7\u00f5es abertas para o Curso de Extens\u00e3o &quot;AutoCAD aplicado \u00e0 instala\u00e7\u00f5es el\u00e9tricas&quot; - Centro Universit\u00e1rio Santo Agostinho - UNIFSA<\/title>\n<meta name=\"robots\" content=\"index, follow, max-snippet:-1, max-image-preview:large, max-video-preview:-1\" \/>\n<link rel=\"canonical\" href=\"https:\/\/unifsa.com.br\/site\/autocadunifsa\/\" \/>\n<meta property=\"og:locale\" content=\"pt_BR\" \/>\n<meta property=\"og:type\" content=\"article\" \/>\n<meta property=\"og:title\" content=\"Inscri\u00e7\u00f5es abertas para o Curso de Extens\u00e3o &quot;AutoCAD aplicado \u00e0 instala\u00e7\u00f5es el\u00e9tricas&quot; - Centro Universit\u00e1rio Santo Agostinho - UNIFSA\" \/>\n<meta property=\"og:description\" content=\"O Centro Universit\u00e1rio Santo Agostinho, atrav\u00e9s da Coordena\u00e7\u00e3o de Engenharia El\u00e9trica, realiza o Curso de Extens\u00e3o &#8220;AutoCAD aplicado \u00e0 instala\u00e7\u00f5es el\u00e9tricas&#8221;, com carga hor\u00e1ria de 40 horas. O evento acontece no per\u00edodo de 19 de mar\u00e7o a 28 de maio. As inscri\u00e7\u00f5es ficam abertas at\u00e9 17 de mar\u00e7o, pelo valor de R$200,00 (duzentos reais) para\" \/>\n<meta property=\"og:url\" content=\"https:\/\/unifsa.com.br\/site\/autocadunifsa\/\" \/>\n<meta property=\"og:site_name\" content=\"Centro Universit\u00e1rio Santo Agostinho - UNIFSA\" \/>\n<meta property=\"article:publisher\" content=\"https:\/\/www.facebook.com\/unifsa\/\" \/>\n<meta property=\"article:published_time\" content=\"2022-03-08T12:00:00+00:00\" \/>\n<meta property=\"article:modified_time\" content=\"2022-03-08T12:48:05+00:00\" \/>\n<meta property=\"og:image\" content=\"https:\/\/unifsa.com.br\/site\/wp-content\/uploads\/2022\/02\/cad_site.jpg\" \/>\n\t<meta property=\"og:image:width\" content=\"1009\" \/>\n\t<meta property=\"og:image:height\" content=\"427\" \/>\n\t<meta property=\"og:image:type\" content=\"image\/jpeg\" \/>\n<meta name=\"author\" content=\"Estev\u00e3o Leite Cordeiro de Souza\" \/>\n<meta name=\"twitter:card\" content=\"summary_large_image\" \/>\n<meta name=\"twitter:label1\" content=\"Escrito por\" \/>\n\t<meta name=\"twitter:data1\" content=\"Estev\u00e3o Leite Cordeiro de Souza\" \/>\n\t<meta name=\"twitter:label2\" content=\"Est. tempo de leitura\" \/>\n\t<meta name=\"twitter:data2\" content=\"2 minutos\" \/>\n<script type=\"application\/ld+json\" class=\"yoast-schema-graph\">{\"@context\":\"https:\/\/schema.org\",\"@graph\":[{\"@type\":\"Article\",\"@id\":\"https:\/\/unifsa.com.br\/site\/autocadunifsa\/#article\",\"isPartOf\":{\"@id\":\"https:\/\/unifsa.com.br\/site\/autocadunifsa\/\"},\"author\":{\"name\":\"Estev\u00e3o Leite Cordeiro de Souza\",\"@id\":\"https:\/\/unifsa.com.br\/site\/#\/schema\/person\/459d6944d25bd72102b031eb886c7cbf\"},\"headline\":\"Inscri\u00e7\u00f5es abertas para o Curso de Extens\u00e3o &#8220;AutoCAD aplicado \u00e0 instala\u00e7\u00f5es el\u00e9tricas&#8221;\",\"datePublished\":\"2022-03-08T12:00:00+00:00\",\"dateModified\":\"2022-03-08T12:48:05+00:00\",\"mainEntityOfPage\":{\"@id\":\"https:\/\/unifsa.com.br\/site\/autocadunifsa\/\"},\"wordCount\":437,\"publisher\":{\"@id\":\"https:\/\/unifsa.com.br\/site\/#organization\"},\"image\":{\"@id\":\"https:\/\/unifsa.com.br\/site\/autocadunifsa\/#primaryimage\"},\"thumbnailUrl\":\"https:\/\/unifsa.com.br\/site\/wp-content\/uploads\/2022\/02\/cad_site.jpg\",\"articleSection\":[\"Acontece na UNIFSA\",\"Arquitetura e Urbanismo\",\"Engenharia Civil\",\"Engenharia de Produ\u00e7\u00e3o\",\"Engenharia El\u00e9trica\"],\"inLanguage\":\"pt-BR\"},{\"@type\":\"WebPage\",\"@id\":\"https:\/\/unifsa.com.br\/site\/autocadunifsa\/\",\"url\":\"https:\/\/unifsa.com.br\/site\/autocadunifsa\/\",\"name\":\"Inscri\u00e7\u00f5es abertas para o Curso de Extens\u00e3o \\\"AutoCAD aplicado \u00e0 instala\u00e7\u00f5es el\u00e9tricas\\\" - Centro Universit\u00e1rio Santo Agostinho - UNIFSA\",\"isPartOf\":{\"@id\":\"https:\/\/unifsa.com.br\/site\/#website\"},\"primaryImageOfPage\":{\"@id\":\"https:\/\/unifsa.com.br\/site\/autocadunifsa\/#primaryimage\"},\"image\":{\"@id\":\"https:\/\/unifsa.com.br\/site\/autocadunifsa\/#primaryimage\"},\"thumbnailUrl\":\"https:\/\/unifsa.com.br\/site\/wp-content\/uploads\/2022\/02\/cad_site.jpg\",\"datePublished\":\"2022-03-08T12:00:00+00:00\",\"dateModified\":\"2022-03-08T12:48:05+00:00\",\"breadcrumb\":{\"@id\":\"https:\/\/unifsa.com.br\/site\/autocadunifsa\/#breadcrumb\"},\"inLanguage\":\"pt-BR\",\"potentialAction\":[{\"@type\":\"ReadAction\",\"target\":[\"https:\/\/unifsa.com.br\/site\/autocadunifsa\/\"]}]},{\"@type\":\"ImageObject\",\"inLanguage\":\"pt-BR\",\"@id\":\"https:\/\/unifsa.com.br\/site\/autocadunifsa\/#primaryimage\",\"url\":\"https:\/\/unifsa.com.br\/site\/wp-content\/uploads\/2022\/02\/cad_site.jpg\",\"contentUrl\":\"https:\/\/unifsa.com.br\/site\/wp-content\/uploads\/2022\/02\/cad_site.jpg\",\"width\":1009,\"height\":427},{\"@type\":\"BreadcrumbList\",\"@id\":\"https:\/\/unifsa.com.br\/site\/autocadunifsa\/#breadcrumb\",\"itemListElement\":[{\"@type\":\"ListItem\",\"position\":1,\"name\":\"In\u00edcio\",\"item\":\"https:\/\/unifsa.com.br\/site\/\"},{\"@type\":\"ListItem\",\"position\":2,\"name\":\"Inscri\u00e7\u00f5es abertas para o Curso de Extens\u00e3o &#8220;AutoCAD aplicado \u00e0 instala\u00e7\u00f5es el\u00e9tricas&#8221;\"}]},{\"@type\":\"WebSite\",\"@id\":\"https:\/\/unifsa.com.br\/site\/#website\",\"url\":\"https:\/\/unifsa.com.br\/site\/\",\"name\":\"Centro Universit\u00e1rio Santo Agostinho - UNIFSA\",\"description\":\"Conhecimento para toda a vida\",\"publisher\":{\"@id\":\"https:\/\/unifsa.com.br\/site\/#organization\"},\"potentialAction\":[{\"@type\":\"SearchAction\",\"target\":{\"@type\":\"EntryPoint\",\"urlTemplate\":\"https:\/\/unifsa.com.br\/site\/?s={search_term_string}\"},\"query-input\":{\"@type\":\"PropertyValueSpecification\",\"valueRequired\":true,\"valueName\":\"search_term_string\"}}],\"inLanguage\":\"pt-BR\"},{\"@type\":\"Organization\",\"@id\":\"https:\/\/unifsa.com.br\/site\/#organization\",\"name\":\"Centro Universit\u00e1rio Santo Agostinho - UNIFSA\",\"url\":\"https:\/\/unifsa.com.br\/site\/\",\"logo\":{\"@type\":\"ImageObject\",\"inLanguage\":\"pt-BR\",\"@id\":\"https:\/\/unifsa.com.br\/site\/#\/schema\/logo\/image\/\",\"url\":\"https:\/\/unifsa.com.br\/site\/wp-content\/uploads\/2023\/03\/MARCA-UNIFSA-CIC23-q2apjs1mt975cf1wl25b044coj90fwoiee1kya6800.png\",\"contentUrl\":\"https:\/\/unifsa.com.br\/site\/wp-content\/uploads\/2023\/03\/MARCA-UNIFSA-CIC23-q2apjs1mt975cf1wl25b044coj90fwoiee1kya6800.png\",\"width\":103,\"height\":100,\"caption\":\"Centro Universit\u00e1rio Santo Agostinho - UNIFSA\"},\"image\":{\"@id\":\"https:\/\/unifsa.com.br\/site\/#\/schema\/logo\/image\/\"},\"sameAs\":[\"https:\/\/www.facebook.com\/unifsa\/\",\"https:\/\/www.instagram.com\/unifsa\/\"]},{\"@type\":\"Person\",\"@id\":\"https:\/\/unifsa.com.br\/site\/#\/schema\/person\/459d6944d25bd72102b031eb886c7cbf\",\"name\":\"Estev\u00e3o Leite Cordeiro de Souza\",\"image\":{\"@type\":\"ImageObject\",\"inLanguage\":\"pt-BR\",\"@id\":\"https:\/\/unifsa.com.br\/site\/#\/schema\/person\/image\/\",\"url\":\"https:\/\/secure.gravatar.com\/avatar\/b381626173a0b440e86662336f5d92704de1b8100a4cb5a34d6466804eb5c336?s=96&d=mm&r=g\",\"contentUrl\":\"https:\/\/secure.gravatar.com\/avatar\/b381626173a0b440e86662336f5d92704de1b8100a4cb5a34d6466804eb5c336?s=96&d=mm&r=g\",\"caption\":\"Estev\u00e3o Leite Cordeiro de Souza\"},\"url\":\"https:\/\/unifsa.com.br\/site\/author\/estevaocordeiro\/\"}]}<\/script>\n<!-- \/ Yoast SEO plugin. -->","yoast_head_json":{"title":"Inscri\u00e7\u00f5es abertas para o Curso de Extens\u00e3o \"AutoCAD aplicado \u00e0 instala\u00e7\u00f5es el\u00e9tricas\" - Centro Universit\u00e1rio Santo Agostinho - UNIFSA","robots":{"index":"index","follow":"follow","max-snippet":"max-snippet:-1","max-image-preview":"max-image-preview:large","max-video-preview":"max-video-preview:-1"},"canonical":"https:\/\/unifsa.com.br\/site\/autocadunifsa\/","og_locale":"pt_BR","og_type":"article","og_title":"Inscri\u00e7\u00f5es abertas para o Curso de Extens\u00e3o \"AutoCAD aplicado \u00e0 instala\u00e7\u00f5es el\u00e9tricas\" - Centro Universit\u00e1rio Santo Agostinho - UNIFSA","og_description":"O Centro Universit\u00e1rio Santo Agostinho, atrav\u00e9s da Coordena\u00e7\u00e3o de Engenharia El\u00e9trica, realiza o Curso de Extens\u00e3o &#8220;AutoCAD aplicado \u00e0 instala\u00e7\u00f5es el\u00e9tricas&#8221;, com carga hor\u00e1ria de 40 horas. O evento acontece no per\u00edodo de 19 de mar\u00e7o a 28 de maio. As inscri\u00e7\u00f5es ficam abertas at\u00e9 17 de mar\u00e7o, pelo valor de R$200,00 (duzentos reais) para","og_url":"https:\/\/unifsa.com.br\/site\/autocadunifsa\/","og_site_name":"Centro Universit\u00e1rio Santo Agostinho - UNIFSA","article_publisher":"https:\/\/www.facebook.com\/unifsa\/","article_published_time":"2022-03-08T12:00:00+00:00","article_modified_time":"2022-03-08T12:48:05+00:00","og_image":[{"width":1009,"height":427,"url":"https:\/\/unifsa.com.br\/site\/wp-content\/uploads\/2022\/02\/cad_site.jpg","type":"image\/jpeg"}],"author":"Estev\u00e3o Leite Cordeiro de Souza","twitter_card":"summary_large_image","twitter_misc":{"Escrito por":"Estev\u00e3o Leite Cordeiro de Souza","Est. tempo de leitura":"2 minutos"},"schema":{"@context":"https:\/\/schema.org","@graph":[{"@type":"Article","@id":"https:\/\/unifsa.com.br\/site\/autocadunifsa\/#article","isPartOf":{"@id":"https:\/\/unifsa.com.br\/site\/autocadunifsa\/"},"author":{"name":"Estev\u00e3o Leite Cordeiro de Souza","@id":"https:\/\/unifsa.com.br\/site\/#\/schema\/person\/459d6944d25bd72102b031eb886c7cbf"},"headline":"Inscri\u00e7\u00f5es abertas para o Curso de Extens\u00e3o &#8220;AutoCAD aplicado \u00e0 instala\u00e7\u00f5es el\u00e9tricas&#8221;","datePublished":"2022-03-08T12:00:00+00:00","dateModified":"2022-03-08T12:48:05+00:00","mainEntityOfPage":{"@id":"https:\/\/unifsa.com.br\/site\/autocadunifsa\/"},"wordCount":437,"publisher":{"@id":"https:\/\/unifsa.com.br\/site\/#organization"},"image":{"@id":"https:\/\/unifsa.com.br\/site\/autocadunifsa\/#primaryimage"},"thumbnailUrl":"https:\/\/unifsa.com.br\/site\/wp-content\/uploads\/2022\/02\/cad_site.jpg","articleSection":["Acontece na UNIFSA","Arquitetura e Urbanismo","Engenharia Civil","Engenharia de Produ\u00e7\u00e3o","Engenharia El\u00e9trica"],"inLanguage":"pt-BR"},{"@type":"WebPage","@id":"https:\/\/unifsa.com.br\/site\/autocadunifsa\/","url":"https:\/\/unifsa.com.br\/site\/autocadunifsa\/","name":"Inscri\u00e7\u00f5es abertas para o Curso de Extens\u00e3o \"AutoCAD aplicado \u00e0 instala\u00e7\u00f5es el\u00e9tricas\" - Centro Universit\u00e1rio Santo Agostinho - UNIFSA","isPartOf":{"@id":"https:\/\/unifsa.com.br\/site\/#website"},"primaryImageOfPage":{"@id":"https:\/\/unifsa.com.br\/site\/autocadunifsa\/#primaryimage"},"image":{"@id":"https:\/\/unifsa.com.br\/site\/autocadunifsa\/#primaryimage"},"thumbnailUrl":"https:\/\/unifsa.com.br\/site\/wp-content\/uploads\/2022\/02\/cad_site.jpg","datePublished":"2022-03-08T12:00:00+00:00","dateModified":"2022-03-08T12:48:05+00:00","breadcrumb":{"@id":"https:\/\/unifsa.com.br\/site\/autocadunifsa\/#breadcrumb"},"inLanguage":"pt-BR","potentialAction":[{"@type":"ReadAction","target":["https:\/\/unifsa.com.br\/site\/autocadunifsa\/"]}]},{"@type":"ImageObject","inLanguage":"pt-BR","@id":"https:\/\/unifsa.com.br\/site\/autocadunifsa\/#primaryimage","url":"https:\/\/unifsa.com.br\/site\/wp-content\/uploads\/2022\/02\/cad_site.jpg","contentUrl":"https:\/\/unifsa.com.br\/site\/wp-content\/uploads\/2022\/02\/cad_site.jpg","width":1009,"height":427},{"@type":"BreadcrumbList","@id":"https:\/\/unifsa.com.br\/site\/autocadunifsa\/#breadcrumb","itemListElement":[{"@type":"ListItem","position":1,"name":"In\u00edcio","item":"https:\/\/unifsa.com.br\/site\/"},{"@type":"ListItem","position":2,"name":"Inscri\u00e7\u00f5es abertas para o Curso de Extens\u00e3o &#8220;AutoCAD aplicado \u00e0 instala\u00e7\u00f5es el\u00e9tricas&#8221;"}]},{"@type":"WebSite","@id":"https:\/\/unifsa.com.br\/site\/#website","url":"https:\/\/unifsa.com.br\/site\/","name":"Centro Universit\u00e1rio Santo Agostinho - UNIFSA","description":"Conhecimento para toda a vida","publisher":{"@id":"https:\/\/unifsa.com.br\/site\/#organization"},"potentialAction":[{"@type":"SearchAction","target":{"@type":"EntryPoint","urlTemplate":"https:\/\/unifsa.com.br\/site\/?s={search_term_string}"},"query-input":{"@type":"PropertyValueSpecification","valueRequired":true,"valueName":"search_term_string"}}],"inLanguage":"pt-BR"},{"@type":"Organization","@id":"https:\/\/unifsa.com.br\/site\/#organization","name":"Centro Universit\u00e1rio Santo Agostinho - UNIFSA","url":"https:\/\/unifsa.com.br\/site\/","logo":{"@type":"ImageObject","inLanguage":"pt-BR","@id":"https:\/\/unifsa.com.br\/site\/#\/schema\/logo\/image\/","url":"https:\/\/unifsa.com.br\/site\/wp-content\/uploads\/2023\/03\/MARCA-UNIFSA-CIC23-q2apjs1mt975cf1wl25b044coj90fwoiee1kya6800.png","contentUrl":"https:\/\/unifsa.com.br\/site\/wp-content\/uploads\/2023\/03\/MARCA-UNIFSA-CIC23-q2apjs1mt975cf1wl25b044coj90fwoiee1kya6800.png","width":103,"height":100,"caption":"Centro Universit\u00e1rio Santo Agostinho - UNIFSA"},"image":{"@id":"https:\/\/unifsa.com.br\/site\/#\/schema\/logo\/image\/"},"sameAs":["https:\/\/www.facebook.com\/unifsa\/","https:\/\/www.instagram.com\/unifsa\/"]},{"@type":"Person","@id":"https:\/\/unifsa.com.br\/site\/#\/schema\/person\/459d6944d25bd72102b031eb886c7cbf","name":"Estev\u00e3o Leite Cordeiro de Souza","image":{"@type":"ImageObject","inLanguage":"pt-BR","@id":"https:\/\/unifsa.com.br\/site\/#\/schema\/person\/image\/","url":"https:\/\/secure.gravatar.com\/avatar\/b381626173a0b440e86662336f5d92704de1b8100a4cb5a34d6466804eb5c336?s=96&d=mm&r=g","contentUrl":"https:\/\/secure.gravatar.com\/avatar\/b381626173a0b440e86662336f5d92704de1b8100a4cb5a34d6466804eb5c336?s=96&d=mm&r=g","caption":"Estev\u00e3o Leite Cordeiro de Souza"},"url":"https:\/\/unifsa.com.br\/site\/author\/estevaocordeiro\/"}]}},"_links":{"self":[{"href":"https:\/\/unifsa.com.br\/site\/wp-json\/wp\/v2\/posts\/12027","targetHints":{"allow":["GET"]}}],"collection":[{"href":"https:\/\/unifsa.com.br\/site\/wp-json\/wp\/v2\/posts"}],"about":[{"href":"https:\/\/unifsa.com.br\/site\/wp-json\/wp\/v2\/types\/post"}],"author":[{"embeddable":true,"href":"https:\/\/unifsa.com.br\/site\/wp-json\/wp\/v2\/users\/12"}],"replies":[{"embeddable":true,"href":"https:\/\/unifsa.com.br\/site\/wp-json\/wp\/v2\/comments?post=12027"}],"version-history":[{"count":8,"href":"https:\/\/unifsa.com.br\/site\/wp-json\/wp\/v2\/posts\/12027\/revisions"}],"predecessor-version":[{"id":12138,"href":"https:\/\/unifsa.com.br\/site\/wp-json\/wp\/v2\/posts\/12027\/revisions\/12138"}],"wp:featuredmedia":[{"embeddable":true,"href":"https:\/\/unifsa.com.br\/site\/wp-json\/wp\/v2\/media\/12048"}],"wp:attachment":[{"href":"https:\/\/unifsa.com.br\/site\/wp-json\/wp\/v2\/media?parent=12027"}],"wp:term":[{"taxonomy":"category","embeddable":true,"href":"https:\/\/unifsa.com.br\/site\/wp-json\/wp\/v2\/categories?post=12027"},{"taxonomy":"post_tag","embeddable":true,"href":"https:\/\/unifsa.com.br\/site\/wp-json\/wp\/v2\/tags?post=12027"}],"curies":[{"name":"wp","href":"https:\/\/api.w.org\/{rel}","templated":true}]}}