{"id":11983,"date":"2022-02-18T17:39:59","date_gmt":"2022-02-18T20:39:59","guid":{"rendered":"https:\/\/unifsa.com.br\/site\/?p=11983"},"modified":"2022-02-18T17:40:01","modified_gmt":"2022-02-18T20:40:01","slug":"graduacao-ead-aula-inaugural-online-acontece-nesta-sexta-feira-18","status":"publish","type":"post","link":"https:\/\/unifsa.com.br\/site\/graduacao-ead-aula-inaugural-online-acontece-nesta-sexta-feira-18\/","title":{"rendered":"Gradua\u00e7\u00e3o EAD: Aula inaugural online acontece nesta sexta-feira (18)"},"content":{"rendered":"\n<p>O Centro Universit\u00e1rio Santo Agostinho, atrav\u00e9s do N\u00facleo de Ensino \u00e0 Dist\u00e2ncia &#8211; NEAD, realiza, nesta sexta-feira (18), uma Aula Inaugural dos Cursos de Gradua\u00e7\u00e3o EaD. O encontro acontece via Plataforma Blackboard Collaborate a partir das 18h30, e \u00e9 v\u00e1lido para todos as novas turmas da modalidade.<\/p>\n\n\n\n<blockquote class=\"wp-block-quote is-layout-flow wp-block-quote-is-layout-flow\"><p>Esse evento \u00e9 muito importante porque \u00e9 um momento de boas-vindas, de abra\u00e7ar esse aluno que  est\u00e1 chegando.<\/p><cite>Profa. Dra. Izabel Herika Gomes Matias Cronemberger, coordenadora do N\u00facleo de P\u00f3s-Gradua\u00e7\u00e3o UNIFSA.<\/cite><\/blockquote>\n\n\n\n<hr class=\"wp-block-separator is-style-wide\" \/>\n\n\n\n<p class=\"has-text-align-center\"><strong>Programa\u00e7\u00e3o<\/strong><\/p>\n\n\n\n<ul class=\"wp-block-list\"><li><strong>18h30min<\/strong> &#8211; Boas Vindas &#8211; Reitoria UNIFSA<\/li><li><strong>18h50min<\/strong> &#8211; Palestra: Crescimento Profissional: Construindo Possibilidades no Ensino \u00e0 Dist\u00e2ncia&#8221; &#8211; Profa. Dra. Izabel Herika Gomes Matias Cronemberger;<\/li><li><strong>19h20min<\/strong> &#8211; Informes &#8220;Educa\u00e7\u00e3o \u00e0 Dist\u00e2ncia no UNIFSA&#8221; &#8211; Profa. Ma. Eldelita \u00c1guida Porf\u00edrio Franco;<\/li><li><strong>19h40min<\/strong> &#8211; Momento Tira-D\u00favidas<\/li><\/ul>\n\n\n\n<hr class=\"wp-block-separator is-style-wide\" \/>\n\n\n\n<p>A Professora Doutora Izabel Herika Gomes Matias Cronemberger, coordenadora do N\u00facleo de P\u00f3s-Gradua\u00e7\u00e3o, em seu momento, d\u00e1 foco \u00e0 fun\u00e7\u00e3o e \u00e0 import\u00e2ncia da gradua\u00e7\u00e3o na modalidade online.<\/p>\n\n\n\n<blockquote class=\"wp-block-quote is-layout-flow wp-block-quote-is-layout-flow\"><p>Impulsionar a carreira de um aluno que est\u00e1 entrando na gradua\u00e7\u00e3o \u00e9 uma miss\u00e3o nossa. Ent\u00e3o a gente vai abordar a import\u00e2ncia do ensino superior aliado a um institui\u00e7\u00e3o de qualidade, que preza pelo conhecimento, que uma hist\u00f3ria com o conhecimento e com a educa\u00e7\u00e3o formativa. Tamb\u00e9m vamos contar o crescimento do ensino \u00e0 dist\u00e2ncia nos \u00faltimo anos e como o aluno pode se valer desse estudo de forma forma aut\u00f4noma, tirando um proveito satisfat\u00f3rio e que alcance suas necessidades.<\/p><cite> Profa. Dra. Izabel Herika Gomes Matias Cronemberger, coordenadora do N\u00facleo de P\u00f3s-Gradua\u00e7\u00e3o UNIFSA. <\/cite><\/blockquote>\n\n\n\n<p>As aulas da modalidade EaD iniciaram nesta segunda-feira, 14 de fevereiro, e as aulas presenciais para os cursos mistos (semipresenciais), que ocorrem uma vez na semana, principalmente aos s\u00e1bados, retornam neste s\u00e1bado (19), seguindo medidas de seguran\u00e7a contra a Covid-19, como conta a Profa. Marta Freitas, tutora pedag\u00f3gica do N\u00facleo de Ensino a Dist\u00e2ncia &#8211; NEAD.<\/p>\n\n\n\n<blockquote class=\"wp-block-quote is-layout-flow wp-block-quote-is-layout-flow\"><p>Estamos felizes em receber os alunos dos cursos Semipresenciais para assistir as aulas a partir do pr\u00f3ximo s\u00e1bado, ap\u00f3s dois anos de aulas no formato online. E para essa recep\u00e7\u00e3o, o adotamos v\u00e1rias medidas a citar: redu\u00e7\u00e3o do quantitativo de alunos por sala, higieniza\u00e7\u00e3o rigorosa em todos os ambientes da Institui\u00e7\u00e3o, uso obrigat\u00f3rio de m\u00e1scara em todas as depend\u00eancias, dentre outras definidas pelo Protocolo de Biosseguran\u00e7a e Seguran\u00e7a Sanit\u00e1ria do UNIFSA, visando a manuten\u00e7\u00e3o de um espa\u00e7o de ensino seguro e tranquilo para toda a comunidade acad\u00eamica.<\/p><cite> Profa. Marta Freitas, tutora pedag\u00f3gica do N\u00facleo de Ensino a Dist\u00e2ncia &#8211; NEAD <\/cite><\/blockquote>\n\n\n\n<p>Os cursos semipresenciais oferecidos pelo UNIFSA s\u00e3o: <\/p>\n\n\n\n<ul class=\"wp-block-list\"><li>Bacharelados: Biomedicina, Nutri\u00e7\u00e3o, Educa\u00e7\u00e3o F\u00edsica, Engenharias (Civil, El\u00e9trica e Produ\u00e7\u00e3o).<\/li><li>Tecn\u00f3logos: Est\u00e9tica e Cosm\u00e9tica.<\/li><\/ul>\n\n\n\n<p>Mesmo h\u00e1 apenas dois anos no mercado de ensino, as gradua\u00e7\u00f5es EaD do UNIFSA vem trazendo muito resultado e ader\u00eancia, garantindo educa\u00e7\u00e3o de qualidade, t\u00e3o eficaz quanto os cursos presenciais.<\/p>\n\n\n\n<blockquote class=\"wp-block-quote is-layout-flow wp-block-quote-is-layout-flow\"><p>Essa aceita\u00e7\u00e3o se deve a principio a credibilidade do servi\u00e7o educacional de qualidade oferecido pelo UNIFSA&nbsp;h\u00e1 23 anos, e &nbsp;j\u00e1 reconhecido no Estado do Piau\u00ed e tamb\u00e9m nos estados vizinhos. Com isso, alguns fatores s\u00e3o preponderantes para excel\u00eancia dos cursos na modalidade EAD como: o quadro docente ser o mesmo do cursos presenciais, equipe multiprofissional qualificada na gest\u00e3o dos cursos EAD, plataforma e materiais did\u00e1ticos de qualidade, infraestrutura e servi\u00e7os de apoio ao discentes, dentre outros.<\/p><cite>  Profa. Marta Freitas, tutora pedag\u00f3gica do N\u00facleo de Ensino a Dist\u00e2ncia &#8211; NEAD  <\/cite><\/blockquote>\n\n\n\n<p><\/p>\n","protected":false},"excerpt":{"rendered":"<p>O Centro Universit\u00e1rio Santo Agostinho, atrav\u00e9s do N\u00facleo de Ensino \u00e0 Dist\u00e2ncia &#8211; NEAD, realiza, nesta sexta-feira (18), uma Aula Inaugural dos Cursos de Gradua\u00e7\u00e3o EaD. O encontro acontece via Plataforma Blackboard Collaborate a partir das 18h30, e \u00e9 v\u00e1lido para todos as novas turmas da modalidade.<\/p>\n","protected":false},"author":11,"featured_media":11995,"comment_status":"closed","ping_status":"open","sticky":false,"template":"","format":"standard","meta":{"_acf_changed":false,"footnotes":""},"categories":[6,476],"tags":[692,616,368,82],"class_list":["post-11983","post","type-post","status-publish","format-standard","has-post-thumbnail","hentry","category-acontece-na-unifsa","category-nead","tag-aula-inaugural","tag-ead","tag-nead","tag-unifsa"],"acf":[],"yoast_head":"<!-- This site is optimized with the Yoast SEO plugin v26.5 - https:\/\/yoast.com\/wordpress\/plugins\/seo\/ -->\n<title>Gradua\u00e7\u00e3o EAD: Aula inaugural online acontece nesta sexta-feira (18) - Centro Universit\u00e1rio Santo Agostinho - UNIFSA<\/title>\n<meta name=\"robots\" content=\"index, follow, max-snippet:-1, max-image-preview:large, max-video-preview:-1\" \/>\n<link rel=\"canonical\" href=\"https:\/\/unifsa.com.br\/site\/graduacao-ead-aula-inaugural-online-acontece-nesta-sexta-feira-18\/\" \/>\n<meta property=\"og:locale\" content=\"pt_BR\" \/>\n<meta property=\"og:type\" content=\"article\" \/>\n<meta property=\"og:title\" content=\"Gradua\u00e7\u00e3o EAD: Aula inaugural online acontece nesta sexta-feira (18) - Centro Universit\u00e1rio Santo Agostinho - UNIFSA\" \/>\n<meta property=\"og:description\" content=\"O Centro Universit\u00e1rio Santo Agostinho, atrav\u00e9s do N\u00facleo de Ensino \u00e0 Dist\u00e2ncia - NEAD, realiza, nesta sexta-feira (18), uma Aula Inaugural dos Cursos de Gradua\u00e7\u00e3o EaD. O encontro acontece via Plataforma Blackboard Collaborate a partir das 18h30, e \u00e9 v\u00e1lido para todos as novas turmas da modalidade.\" \/>\n<meta property=\"og:url\" content=\"https:\/\/unifsa.com.br\/site\/graduacao-ead-aula-inaugural-online-acontece-nesta-sexta-feira-18\/\" \/>\n<meta property=\"og:site_name\" content=\"Centro Universit\u00e1rio Santo Agostinho - UNIFSA\" \/>\n<meta property=\"article:publisher\" content=\"https:\/\/www.facebook.com\/unifsa\/\" \/>\n<meta property=\"article:published_time\" content=\"2022-02-18T20:39:59+00:00\" \/>\n<meta property=\"article:modified_time\" content=\"2022-02-18T20:40:01+00:00\" \/>\n<meta property=\"og:image\" content=\"https:\/\/unifsa.com.br\/site\/wp-content\/uploads\/2022\/02\/1_ead_site.jpg\" \/>\n\t<meta property=\"og:image:width\" content=\"1009\" \/>\n\t<meta property=\"og:image:height\" content=\"427\" \/>\n\t<meta property=\"og:image:type\" content=\"image\/jpeg\" \/>\n<meta name=\"author\" content=\"Oceannyra Kelly da Cruz Silva\" \/>\n<meta name=\"twitter:card\" content=\"summary_large_image\" \/>\n<meta name=\"twitter:label1\" content=\"Escrito por\" \/>\n\t<meta name=\"twitter:data1\" content=\"Oceannyra Kelly da Cruz Silva\" \/>\n\t<meta name=\"twitter:label2\" content=\"Est. tempo de leitura\" \/>\n\t<meta name=\"twitter:data2\" content=\"3 minutos\" \/>\n<script type=\"application\/ld+json\" class=\"yoast-schema-graph\">{\"@context\":\"https:\/\/schema.org\",\"@graph\":[{\"@type\":\"Article\",\"@id\":\"https:\/\/unifsa.com.br\/site\/graduacao-ead-aula-inaugural-online-acontece-nesta-sexta-feira-18\/#article\",\"isPartOf\":{\"@id\":\"https:\/\/unifsa.com.br\/site\/graduacao-ead-aula-inaugural-online-acontece-nesta-sexta-feira-18\/\"},\"author\":{\"name\":\"Oceannyra Kelly da Cruz Silva\",\"@id\":\"https:\/\/unifsa.com.br\/site\/#\/schema\/person\/a4cec94bbc6ddf98f579162824de9bf2\"},\"headline\":\"Gradua\u00e7\u00e3o EAD: Aula inaugural online acontece nesta sexta-feira (18)\",\"datePublished\":\"2022-02-18T20:39:59+00:00\",\"dateModified\":\"2022-02-18T20:40:01+00:00\",\"mainEntityOfPage\":{\"@id\":\"https:\/\/unifsa.com.br\/site\/graduacao-ead-aula-inaugural-online-acontece-nesta-sexta-feira-18\/\"},\"wordCount\":629,\"publisher\":{\"@id\":\"https:\/\/unifsa.com.br\/site\/#organization\"},\"image\":{\"@id\":\"https:\/\/unifsa.com.br\/site\/graduacao-ead-aula-inaugural-online-acontece-nesta-sexta-feira-18\/#primaryimage\"},\"thumbnailUrl\":\"https:\/\/unifsa.com.br\/site\/wp-content\/uploads\/2022\/02\/1_ead_site.jpg\",\"keywords\":[\"aula inaugural\",\"ead\",\"nead\",\"UNIFSA\"],\"articleSection\":[\"Acontece na UNIFSA\",\"NEAD\"],\"inLanguage\":\"pt-BR\"},{\"@type\":\"WebPage\",\"@id\":\"https:\/\/unifsa.com.br\/site\/graduacao-ead-aula-inaugural-online-acontece-nesta-sexta-feira-18\/\",\"url\":\"https:\/\/unifsa.com.br\/site\/graduacao-ead-aula-inaugural-online-acontece-nesta-sexta-feira-18\/\",\"name\":\"Gradua\u00e7\u00e3o EAD: Aula inaugural online acontece nesta sexta-feira (18) - Centro Universit\u00e1rio Santo Agostinho - UNIFSA\",\"isPartOf\":{\"@id\":\"https:\/\/unifsa.com.br\/site\/#website\"},\"primaryImageOfPage\":{\"@id\":\"https:\/\/unifsa.com.br\/site\/graduacao-ead-aula-inaugural-online-acontece-nesta-sexta-feira-18\/#primaryimage\"},\"image\":{\"@id\":\"https:\/\/unifsa.com.br\/site\/graduacao-ead-aula-inaugural-online-acontece-nesta-sexta-feira-18\/#primaryimage\"},\"thumbnailUrl\":\"https:\/\/unifsa.com.br\/site\/wp-content\/uploads\/2022\/02\/1_ead_site.jpg\",\"datePublished\":\"2022-02-18T20:39:59+00:00\",\"dateModified\":\"2022-02-18T20:40:01+00:00\",\"breadcrumb\":{\"@id\":\"https:\/\/unifsa.com.br\/site\/graduacao-ead-aula-inaugural-online-acontece-nesta-sexta-feira-18\/#breadcrumb\"},\"inLanguage\":\"pt-BR\",\"potentialAction\":[{\"@type\":\"ReadAction\",\"target\":[\"https:\/\/unifsa.com.br\/site\/graduacao-ead-aula-inaugural-online-acontece-nesta-sexta-feira-18\/\"]}]},{\"@type\":\"ImageObject\",\"inLanguage\":\"pt-BR\",\"@id\":\"https:\/\/unifsa.com.br\/site\/graduacao-ead-aula-inaugural-online-acontece-nesta-sexta-feira-18\/#primaryimage\",\"url\":\"https:\/\/unifsa.com.br\/site\/wp-content\/uploads\/2022\/02\/1_ead_site.jpg\",\"contentUrl\":\"https:\/\/unifsa.com.br\/site\/wp-content\/uploads\/2022\/02\/1_ead_site.jpg\",\"width\":1009,\"height\":427},{\"@type\":\"BreadcrumbList\",\"@id\":\"https:\/\/unifsa.com.br\/site\/graduacao-ead-aula-inaugural-online-acontece-nesta-sexta-feira-18\/#breadcrumb\",\"itemListElement\":[{\"@type\":\"ListItem\",\"position\":1,\"name\":\"In\u00edcio\",\"item\":\"https:\/\/unifsa.com.br\/site\/\"},{\"@type\":\"ListItem\",\"position\":2,\"name\":\"Gradua\u00e7\u00e3o EAD: Aula inaugural online acontece nesta sexta-feira (18)\"}]},{\"@type\":\"WebSite\",\"@id\":\"https:\/\/unifsa.com.br\/site\/#website\",\"url\":\"https:\/\/unifsa.com.br\/site\/\",\"name\":\"Centro Universit\u00e1rio Santo Agostinho - UNIFSA\",\"description\":\"Conhecimento para toda a vida\",\"publisher\":{\"@id\":\"https:\/\/unifsa.com.br\/site\/#organization\"},\"potentialAction\":[{\"@type\":\"SearchAction\",\"target\":{\"@type\":\"EntryPoint\",\"urlTemplate\":\"https:\/\/unifsa.com.br\/site\/?s={search_term_string}\"},\"query-input\":{\"@type\":\"PropertyValueSpecification\",\"valueRequired\":true,\"valueName\":\"search_term_string\"}}],\"inLanguage\":\"pt-BR\"},{\"@type\":\"Organization\",\"@id\":\"https:\/\/unifsa.com.br\/site\/#organization\",\"name\":\"Centro Universit\u00e1rio Santo Agostinho - UNIFSA\",\"url\":\"https:\/\/unifsa.com.br\/site\/\",\"logo\":{\"@type\":\"ImageObject\",\"inLanguage\":\"pt-BR\",\"@id\":\"https:\/\/unifsa.com.br\/site\/#\/schema\/logo\/image\/\",\"url\":\"https:\/\/unifsa.com.br\/site\/wp-content\/uploads\/2023\/03\/MARCA-UNIFSA-CIC23-q2apjs1mt975cf1wl25b044coj90fwoiee1kya6800.png\",\"contentUrl\":\"https:\/\/unifsa.com.br\/site\/wp-content\/uploads\/2023\/03\/MARCA-UNIFSA-CIC23-q2apjs1mt975cf1wl25b044coj90fwoiee1kya6800.png\",\"width\":103,\"height\":100,\"caption\":\"Centro Universit\u00e1rio Santo Agostinho - UNIFSA\"},\"image\":{\"@id\":\"https:\/\/unifsa.com.br\/site\/#\/schema\/logo\/image\/\"},\"sameAs\":[\"https:\/\/www.facebook.com\/unifsa\/\",\"https:\/\/www.instagram.com\/unifsa\/\"]},{\"@type\":\"Person\",\"@id\":\"https:\/\/unifsa.com.br\/site\/#\/schema\/person\/a4cec94bbc6ddf98f579162824de9bf2\",\"name\":\"Oceannyra Kelly da Cruz Silva\",\"image\":{\"@type\":\"ImageObject\",\"inLanguage\":\"pt-BR\",\"@id\":\"https:\/\/unifsa.com.br\/site\/#\/schema\/person\/image\/\",\"url\":\"https:\/\/secure.gravatar.com\/avatar\/05c87cd6fa2c3c73262055bd9341438a47e77a37053b409b3cf4f8df60ea8eb8?s=96&d=mm&r=g\",\"contentUrl\":\"https:\/\/secure.gravatar.com\/avatar\/05c87cd6fa2c3c73262055bd9341438a47e77a37053b409b3cf4f8df60ea8eb8?s=96&d=mm&r=g\",\"caption\":\"Oceannyra Kelly da Cruz Silva\"},\"url\":\"https:\/\/unifsa.com.br\/site\/author\/oceannyrakelly\/\"}]}<\/script>\n<!-- \/ Yoast SEO plugin. -->","yoast_head_json":{"title":"Gradua\u00e7\u00e3o EAD: Aula inaugural online acontece nesta sexta-feira (18) - Centro Universit\u00e1rio Santo Agostinho - UNIFSA","robots":{"index":"index","follow":"follow","max-snippet":"max-snippet:-1","max-image-preview":"max-image-preview:large","max-video-preview":"max-video-preview:-1"},"canonical":"https:\/\/unifsa.com.br\/site\/graduacao-ead-aula-inaugural-online-acontece-nesta-sexta-feira-18\/","og_locale":"pt_BR","og_type":"article","og_title":"Gradua\u00e7\u00e3o EAD: Aula inaugural online acontece nesta sexta-feira (18) - Centro Universit\u00e1rio Santo Agostinho - UNIFSA","og_description":"O Centro Universit\u00e1rio Santo Agostinho, atrav\u00e9s do N\u00facleo de Ensino \u00e0 Dist\u00e2ncia - NEAD, realiza, nesta sexta-feira (18), uma Aula Inaugural dos Cursos de Gradua\u00e7\u00e3o EaD. O encontro acontece via Plataforma Blackboard Collaborate a partir das 18h30, e \u00e9 v\u00e1lido para todos as novas turmas da modalidade.","og_url":"https:\/\/unifsa.com.br\/site\/graduacao-ead-aula-inaugural-online-acontece-nesta-sexta-feira-18\/","og_site_name":"Centro Universit\u00e1rio Santo Agostinho - UNIFSA","article_publisher":"https:\/\/www.facebook.com\/unifsa\/","article_published_time":"2022-02-18T20:39:59+00:00","article_modified_time":"2022-02-18T20:40:01+00:00","og_image":[{"width":1009,"height":427,"url":"https:\/\/unifsa.com.br\/site\/wp-content\/uploads\/2022\/02\/1_ead_site.jpg","type":"image\/jpeg"}],"author":"Oceannyra Kelly da Cruz Silva","twitter_card":"summary_large_image","twitter_misc":{"Escrito por":"Oceannyra Kelly da Cruz Silva","Est. tempo de leitura":"3 minutos"},"schema":{"@context":"https:\/\/schema.org","@graph":[{"@type":"Article","@id":"https:\/\/unifsa.com.br\/site\/graduacao-ead-aula-inaugural-online-acontece-nesta-sexta-feira-18\/#article","isPartOf":{"@id":"https:\/\/unifsa.com.br\/site\/graduacao-ead-aula-inaugural-online-acontece-nesta-sexta-feira-18\/"},"author":{"name":"Oceannyra Kelly da Cruz Silva","@id":"https:\/\/unifsa.com.br\/site\/#\/schema\/person\/a4cec94bbc6ddf98f579162824de9bf2"},"headline":"Gradua\u00e7\u00e3o EAD: Aula inaugural online acontece nesta sexta-feira (18)","datePublished":"2022-02-18T20:39:59+00:00","dateModified":"2022-02-18T20:40:01+00:00","mainEntityOfPage":{"@id":"https:\/\/unifsa.com.br\/site\/graduacao-ead-aula-inaugural-online-acontece-nesta-sexta-feira-18\/"},"wordCount":629,"publisher":{"@id":"https:\/\/unifsa.com.br\/site\/#organization"},"image":{"@id":"https:\/\/unifsa.com.br\/site\/graduacao-ead-aula-inaugural-online-acontece-nesta-sexta-feira-18\/#primaryimage"},"thumbnailUrl":"https:\/\/unifsa.com.br\/site\/wp-content\/uploads\/2022\/02\/1_ead_site.jpg","keywords":["aula inaugural","ead","nead","UNIFSA"],"articleSection":["Acontece na UNIFSA","NEAD"],"inLanguage":"pt-BR"},{"@type":"WebPage","@id":"https:\/\/unifsa.com.br\/site\/graduacao-ead-aula-inaugural-online-acontece-nesta-sexta-feira-18\/","url":"https:\/\/unifsa.com.br\/site\/graduacao-ead-aula-inaugural-online-acontece-nesta-sexta-feira-18\/","name":"Gradua\u00e7\u00e3o EAD: Aula inaugural online acontece nesta sexta-feira (18) - Centro Universit\u00e1rio Santo Agostinho - UNIFSA","isPartOf":{"@id":"https:\/\/unifsa.com.br\/site\/#website"},"primaryImageOfPage":{"@id":"https:\/\/unifsa.com.br\/site\/graduacao-ead-aula-inaugural-online-acontece-nesta-sexta-feira-18\/#primaryimage"},"image":{"@id":"https:\/\/unifsa.com.br\/site\/graduacao-ead-aula-inaugural-online-acontece-nesta-sexta-feira-18\/#primaryimage"},"thumbnailUrl":"https:\/\/unifsa.com.br\/site\/wp-content\/uploads\/2022\/02\/1_ead_site.jpg","datePublished":"2022-02-18T20:39:59+00:00","dateModified":"2022-02-18T20:40:01+00:00","breadcrumb":{"@id":"https:\/\/unifsa.com.br\/site\/graduacao-ead-aula-inaugural-online-acontece-nesta-sexta-feira-18\/#breadcrumb"},"inLanguage":"pt-BR","potentialAction":[{"@type":"ReadAction","target":["https:\/\/unifsa.com.br\/site\/graduacao-ead-aula-inaugural-online-acontece-nesta-sexta-feira-18\/"]}]},{"@type":"ImageObject","inLanguage":"pt-BR","@id":"https:\/\/unifsa.com.br\/site\/graduacao-ead-aula-inaugural-online-acontece-nesta-sexta-feira-18\/#primaryimage","url":"https:\/\/unifsa.com.br\/site\/wp-content\/uploads\/2022\/02\/1_ead_site.jpg","contentUrl":"https:\/\/unifsa.com.br\/site\/wp-content\/uploads\/2022\/02\/1_ead_site.jpg","width":1009,"height":427},{"@type":"BreadcrumbList","@id":"https:\/\/unifsa.com.br\/site\/graduacao-ead-aula-inaugural-online-acontece-nesta-sexta-feira-18\/#breadcrumb","itemListElement":[{"@type":"ListItem","position":1,"name":"In\u00edcio","item":"https:\/\/unifsa.com.br\/site\/"},{"@type":"ListItem","position":2,"name":"Gradua\u00e7\u00e3o EAD: Aula inaugural online acontece nesta sexta-feira (18)"}]},{"@type":"WebSite","@id":"https:\/\/unifsa.com.br\/site\/#website","url":"https:\/\/unifsa.com.br\/site\/","name":"Centro Universit\u00e1rio Santo Agostinho - UNIFSA","description":"Conhecimento para toda a vida","publisher":{"@id":"https:\/\/unifsa.com.br\/site\/#organization"},"potentialAction":[{"@type":"SearchAction","target":{"@type":"EntryPoint","urlTemplate":"https:\/\/unifsa.com.br\/site\/?s={search_term_string}"},"query-input":{"@type":"PropertyValueSpecification","valueRequired":true,"valueName":"search_term_string"}}],"inLanguage":"pt-BR"},{"@type":"Organization","@id":"https:\/\/unifsa.com.br\/site\/#organization","name":"Centro Universit\u00e1rio Santo Agostinho - UNIFSA","url":"https:\/\/unifsa.com.br\/site\/","logo":{"@type":"ImageObject","inLanguage":"pt-BR","@id":"https:\/\/unifsa.com.br\/site\/#\/schema\/logo\/image\/","url":"https:\/\/unifsa.com.br\/site\/wp-content\/uploads\/2023\/03\/MARCA-UNIFSA-CIC23-q2apjs1mt975cf1wl25b044coj90fwoiee1kya6800.png","contentUrl":"https:\/\/unifsa.com.br\/site\/wp-content\/uploads\/2023\/03\/MARCA-UNIFSA-CIC23-q2apjs1mt975cf1wl25b044coj90fwoiee1kya6800.png","width":103,"height":100,"caption":"Centro Universit\u00e1rio Santo Agostinho - UNIFSA"},"image":{"@id":"https:\/\/unifsa.com.br\/site\/#\/schema\/logo\/image\/"},"sameAs":["https:\/\/www.facebook.com\/unifsa\/","https:\/\/www.instagram.com\/unifsa\/"]},{"@type":"Person","@id":"https:\/\/unifsa.com.br\/site\/#\/schema\/person\/a4cec94bbc6ddf98f579162824de9bf2","name":"Oceannyra Kelly da Cruz Silva","image":{"@type":"ImageObject","inLanguage":"pt-BR","@id":"https:\/\/unifsa.com.br\/site\/#\/schema\/person\/image\/","url":"https:\/\/secure.gravatar.com\/avatar\/05c87cd6fa2c3c73262055bd9341438a47e77a37053b409b3cf4f8df60ea8eb8?s=96&d=mm&r=g","contentUrl":"https:\/\/secure.gravatar.com\/avatar\/05c87cd6fa2c3c73262055bd9341438a47e77a37053b409b3cf4f8df60ea8eb8?s=96&d=mm&r=g","caption":"Oceannyra Kelly da Cruz Silva"},"url":"https:\/\/unifsa.com.br\/site\/author\/oceannyrakelly\/"}]}},"_links":{"self":[{"href":"https:\/\/unifsa.com.br\/site\/wp-json\/wp\/v2\/posts\/11983","targetHints":{"allow":["GET"]}}],"collection":[{"href":"https:\/\/unifsa.com.br\/site\/wp-json\/wp\/v2\/posts"}],"about":[{"href":"https:\/\/unifsa.com.br\/site\/wp-json\/wp\/v2\/types\/post"}],"author":[{"embeddable":true,"href":"https:\/\/unifsa.com.br\/site\/wp-json\/wp\/v2\/users\/11"}],"replies":[{"embeddable":true,"href":"https:\/\/unifsa.com.br\/site\/wp-json\/wp\/v2\/comments?post=11983"}],"version-history":[{"count":3,"href":"https:\/\/unifsa.com.br\/site\/wp-json\/wp\/v2\/posts\/11983\/revisions"}],"predecessor-version":[{"id":11994,"href":"https:\/\/unifsa.com.br\/site\/wp-json\/wp\/v2\/posts\/11983\/revisions\/11994"}],"wp:featuredmedia":[{"embeddable":true,"href":"https:\/\/unifsa.com.br\/site\/wp-json\/wp\/v2\/media\/11995"}],"wp:attachment":[{"href":"https:\/\/unifsa.com.br\/site\/wp-json\/wp\/v2\/media?parent=11983"}],"wp:term":[{"taxonomy":"category","embeddable":true,"href":"https:\/\/unifsa.com.br\/site\/wp-json\/wp\/v2\/categories?post=11983"},{"taxonomy":"post_tag","embeddable":true,"href":"https:\/\/unifsa.com.br\/site\/wp-json\/wp\/v2\/tags?post=11983"}],"curies":[{"name":"wp","href":"https:\/\/api.w.org\/{rel}","templated":true}]}}