{"id":11903,"date":"2022-02-21T16:40:52","date_gmt":"2022-02-21T19:40:52","guid":{"rendered":"https:\/\/unifsa.com.br\/site\/?p=11903"},"modified":"2022-02-21T16:40:54","modified_gmt":"2022-02-21T19:40:54","slug":"gestao-por-competencias-e-desempenho-sao-temas-no-mba-gestao-estrategica-de-pessoas-e-lideranca","status":"publish","type":"post","link":"https:\/\/unifsa.com.br\/site\/gestao-por-competencias-e-desempenho-sao-temas-no-mba-gestao-estrategica-de-pessoas-e-lideranca\/","title":{"rendered":"Gest\u00e3o por Compet\u00eancias e Desempenho s\u00e3o temas no MBA &#8211; Gest\u00e3o Estrat\u00e9gica de Pessoas e Lideran\u00e7a"},"content":{"rendered":"\n<p class=\"has-drop-cap texto-justificado\">O Centro Universit\u00e1rio Santo Agostinho oferece, atrav\u00e9s do curso de P\u00f3s-Gradua\u00e7\u00e3o, MBA \u2013 Gest\u00e3o Estrat\u00e9gica de Pessoas e Lideran\u00e7a, a disciplina&nbsp;<strong>\u201cGest\u00e3o por Compet\u00eancias e Gest\u00e3o do Desempenho\u201d,<\/strong> ministrado pela Profa. Ma. Elizete Alves de Oliveira.<\/p>\n\n\n\n<p class=\"texto-justificado\">As aulas acontecem nos dias 11, 12 e 13 de mar\u00e7o e, logo em seguida, nos dias 25, 26 e 27 do mesmo m\u00eas, na modalidade presencial, e tem o objetivo de desenvolver profissionais que atuam ou pretendem atuar com Gest\u00e3o de Pessoas e Lideran\u00e7a de forma especializada, bem como formar executivos para as organiza\u00e7\u00f5es, al\u00e9m de desenvolver habilidades e compet\u00eancias necess\u00e1rias para otimizar o desempenho em gest\u00e3o de pessoas dentro das organiza\u00e7\u00f5es, tornando a fun\u00e7\u00e3o ainda mais estrat\u00e9gica dentro das institui\u00e7\u00f5es.<\/p>\n\n\n\n<p class=\"texto-justificado\">O MBA de Gest\u00e3o Estrat\u00e9gica de Pessoas e Lideran\u00e7a tem como p\u00fablico os portadores de diplomas de curso superior devidamente reconhecido das \u00e1reas de Administra\u00e7\u00e3o, Cont\u00e1beis, Engenharias e \u00e1reas afins, bem como executivos de organiza\u00e7\u00f5es que desejem aperfei\u00e7oar ou aprender a lidar gerencialmente com os profissionais de sua organiza\u00e7\u00e3o. <\/p>\n","protected":false},"excerpt":{"rendered":"<p>O Centro Universit\u00e1rio Santo Agostinho oferece, atrav\u00e9s do curso de P\u00f3s-Gradua\u00e7\u00e3o, MBA \u2013 Gest\u00e3o Estrat\u00e9gica de Pessoas e Lideran\u00e7a, a disciplina&nbsp;\u201cGest\u00e3o por Compet\u00eancias e Gest\u00e3o do Desempenho\u201d, ministrado pela Profa. Ma. Elizete Alves de Oliveira. As aulas acontecem nos dias 11, 12 e 13 de mar\u00e7o e, logo em seguida, nos dias 25, 26 e<\/p>\n","protected":false},"author":12,"featured_media":0,"comment_status":"closed","ping_status":"open","sticky":false,"template":"","format":"standard","meta":{"_acf_changed":false,"footnotes":""},"categories":[6,303],"tags":[694,693,313,152,82],"class_list":["post-11903","post","type-post","status-publish","format-standard","hentry","category-acontece-na-unifsa","category-pos-graduacao-unifsa","tag-gestao-de-pessoas-e-lideranca","tag-gestao-por-competencias","tag-mba","tag-pos-graduacao","tag-unifsa"],"acf":[],"yoast_head":"<!-- This site is optimized with the Yoast SEO plugin v26.5 - https:\/\/yoast.com\/wordpress\/plugins\/seo\/ -->\n<title>Gest\u00e3o por Compet\u00eancias e Desempenho s\u00e3o temas no MBA - Gest\u00e3o Estrat\u00e9gica de Pessoas e Lideran\u00e7a - Centro Universit\u00e1rio Santo Agostinho - UNIFSA<\/title>\n<meta name=\"robots\" content=\"index, follow, max-snippet:-1, max-image-preview:large, max-video-preview:-1\" \/>\n<link rel=\"canonical\" href=\"https:\/\/unifsa.com.br\/site\/gestao-por-competencias-e-desempenho-sao-temas-no-mba-gestao-estrategica-de-pessoas-e-lideranca\/\" \/>\n<meta property=\"og:locale\" content=\"pt_BR\" \/>\n<meta property=\"og:type\" content=\"article\" \/>\n<meta property=\"og:title\" content=\"Gest\u00e3o por Compet\u00eancias e Desempenho s\u00e3o temas no MBA - Gest\u00e3o Estrat\u00e9gica de Pessoas e Lideran\u00e7a - Centro Universit\u00e1rio Santo Agostinho - UNIFSA\" \/>\n<meta property=\"og:description\" content=\"O Centro Universit\u00e1rio Santo Agostinho oferece, atrav\u00e9s do curso de P\u00f3s-Gradua\u00e7\u00e3o, MBA \u2013 Gest\u00e3o Estrat\u00e9gica de Pessoas e Lideran\u00e7a, a disciplina&nbsp;\u201cGest\u00e3o por Compet\u00eancias e Gest\u00e3o do Desempenho\u201d, ministrado pela Profa. Ma. Elizete Alves de Oliveira. As aulas acontecem nos dias 11, 12 e 13 de mar\u00e7o e, logo em seguida, nos dias 25, 26 e\" \/>\n<meta property=\"og:url\" content=\"https:\/\/unifsa.com.br\/site\/gestao-por-competencias-e-desempenho-sao-temas-no-mba-gestao-estrategica-de-pessoas-e-lideranca\/\" \/>\n<meta property=\"og:site_name\" content=\"Centro Universit\u00e1rio Santo Agostinho - UNIFSA\" \/>\n<meta property=\"article:publisher\" content=\"https:\/\/www.facebook.com\/unifsa\/\" \/>\n<meta property=\"article:published_time\" content=\"2022-02-21T19:40:52+00:00\" \/>\n<meta property=\"article:modified_time\" content=\"2022-02-21T19:40:54+00:00\" \/>\n<meta name=\"author\" content=\"Estev\u00e3o Leite Cordeiro de Souza\" \/>\n<meta name=\"twitter:card\" content=\"summary_large_image\" \/>\n<meta name=\"twitter:label1\" content=\"Escrito por\" \/>\n\t<meta name=\"twitter:data1\" content=\"Estev\u00e3o Leite Cordeiro de Souza\" \/>\n\t<meta name=\"twitter:label2\" content=\"Est. tempo de leitura\" \/>\n\t<meta name=\"twitter:data2\" content=\"1 minuto\" \/>\n<script type=\"application\/ld+json\" class=\"yoast-schema-graph\">{\"@context\":\"https:\/\/schema.org\",\"@graph\":[{\"@type\":\"Article\",\"@id\":\"https:\/\/unifsa.com.br\/site\/gestao-por-competencias-e-desempenho-sao-temas-no-mba-gestao-estrategica-de-pessoas-e-lideranca\/#article\",\"isPartOf\":{\"@id\":\"https:\/\/unifsa.com.br\/site\/gestao-por-competencias-e-desempenho-sao-temas-no-mba-gestao-estrategica-de-pessoas-e-lideranca\/\"},\"author\":{\"name\":\"Estev\u00e3o Leite Cordeiro de Souza\",\"@id\":\"https:\/\/unifsa.com.br\/site\/#\/schema\/person\/459d6944d25bd72102b031eb886c7cbf\"},\"headline\":\"Gest\u00e3o por Compet\u00eancias e Desempenho s\u00e3o temas no MBA &#8211; Gest\u00e3o Estrat\u00e9gica de Pessoas e Lideran\u00e7a\",\"datePublished\":\"2022-02-21T19:40:52+00:00\",\"dateModified\":\"2022-02-21T19:40:54+00:00\",\"mainEntityOfPage\":{\"@id\":\"https:\/\/unifsa.com.br\/site\/gestao-por-competencias-e-desempenho-sao-temas-no-mba-gestao-estrategica-de-pessoas-e-lideranca\/\"},\"wordCount\":215,\"publisher\":{\"@id\":\"https:\/\/unifsa.com.br\/site\/#organization\"},\"keywords\":[\"Gest\u00e3o de Pessoas e Lideran\u00e7a\",\"Gest\u00e3o por Compet\u00eancias\",\"MBA\",\"P\u00f3s-gradua\u00e7\u00e3o\",\"UNIFSA\"],\"articleSection\":[\"Acontece na UNIFSA\",\"P\u00f3s-Gradua\u00e7\u00e3o UNIFSA\"],\"inLanguage\":\"pt-BR\"},{\"@type\":\"WebPage\",\"@id\":\"https:\/\/unifsa.com.br\/site\/gestao-por-competencias-e-desempenho-sao-temas-no-mba-gestao-estrategica-de-pessoas-e-lideranca\/\",\"url\":\"https:\/\/unifsa.com.br\/site\/gestao-por-competencias-e-desempenho-sao-temas-no-mba-gestao-estrategica-de-pessoas-e-lideranca\/\",\"name\":\"Gest\u00e3o por Compet\u00eancias e Desempenho s\u00e3o temas no MBA - Gest\u00e3o Estrat\u00e9gica de Pessoas e Lideran\u00e7a - Centro Universit\u00e1rio Santo Agostinho - UNIFSA\",\"isPartOf\":{\"@id\":\"https:\/\/unifsa.com.br\/site\/#website\"},\"datePublished\":\"2022-02-21T19:40:52+00:00\",\"dateModified\":\"2022-02-21T19:40:54+00:00\",\"breadcrumb\":{\"@id\":\"https:\/\/unifsa.com.br\/site\/gestao-por-competencias-e-desempenho-sao-temas-no-mba-gestao-estrategica-de-pessoas-e-lideranca\/#breadcrumb\"},\"inLanguage\":\"pt-BR\",\"potentialAction\":[{\"@type\":\"ReadAction\",\"target\":[\"https:\/\/unifsa.com.br\/site\/gestao-por-competencias-e-desempenho-sao-temas-no-mba-gestao-estrategica-de-pessoas-e-lideranca\/\"]}]},{\"@type\":\"BreadcrumbList\",\"@id\":\"https:\/\/unifsa.com.br\/site\/gestao-por-competencias-e-desempenho-sao-temas-no-mba-gestao-estrategica-de-pessoas-e-lideranca\/#breadcrumb\",\"itemListElement\":[{\"@type\":\"ListItem\",\"position\":1,\"name\":\"In\u00edcio\",\"item\":\"https:\/\/unifsa.com.br\/site\/\"},{\"@type\":\"ListItem\",\"position\":2,\"name\":\"Gest\u00e3o por Compet\u00eancias e Desempenho s\u00e3o temas no MBA &#8211; Gest\u00e3o Estrat\u00e9gica de Pessoas e Lideran\u00e7a\"}]},{\"@type\":\"WebSite\",\"@id\":\"https:\/\/unifsa.com.br\/site\/#website\",\"url\":\"https:\/\/unifsa.com.br\/site\/\",\"name\":\"Centro Universit\u00e1rio Santo Agostinho - UNIFSA\",\"description\":\"Conhecimento para toda a vida\",\"publisher\":{\"@id\":\"https:\/\/unifsa.com.br\/site\/#organization\"},\"potentialAction\":[{\"@type\":\"SearchAction\",\"target\":{\"@type\":\"EntryPoint\",\"urlTemplate\":\"https:\/\/unifsa.com.br\/site\/?s={search_term_string}\"},\"query-input\":{\"@type\":\"PropertyValueSpecification\",\"valueRequired\":true,\"valueName\":\"search_term_string\"}}],\"inLanguage\":\"pt-BR\"},{\"@type\":\"Organization\",\"@id\":\"https:\/\/unifsa.com.br\/site\/#organization\",\"name\":\"Centro Universit\u00e1rio Santo Agostinho - UNIFSA\",\"url\":\"https:\/\/unifsa.com.br\/site\/\",\"logo\":{\"@type\":\"ImageObject\",\"inLanguage\":\"pt-BR\",\"@id\":\"https:\/\/unifsa.com.br\/site\/#\/schema\/logo\/image\/\",\"url\":\"https:\/\/unifsa.com.br\/site\/wp-content\/uploads\/2023\/03\/MARCA-UNIFSA-CIC23-q2apjs1mt975cf1wl25b044coj90fwoiee1kya6800.png\",\"contentUrl\":\"https:\/\/unifsa.com.br\/site\/wp-content\/uploads\/2023\/03\/MARCA-UNIFSA-CIC23-q2apjs1mt975cf1wl25b044coj90fwoiee1kya6800.png\",\"width\":103,\"height\":100,\"caption\":\"Centro Universit\u00e1rio Santo Agostinho - UNIFSA\"},\"image\":{\"@id\":\"https:\/\/unifsa.com.br\/site\/#\/schema\/logo\/image\/\"},\"sameAs\":[\"https:\/\/www.facebook.com\/unifsa\/\",\"https:\/\/www.instagram.com\/unifsa\/\"]},{\"@type\":\"Person\",\"@id\":\"https:\/\/unifsa.com.br\/site\/#\/schema\/person\/459d6944d25bd72102b031eb886c7cbf\",\"name\":\"Estev\u00e3o Leite Cordeiro de Souza\",\"image\":{\"@type\":\"ImageObject\",\"inLanguage\":\"pt-BR\",\"@id\":\"https:\/\/unifsa.com.br\/site\/#\/schema\/person\/image\/\",\"url\":\"https:\/\/secure.gravatar.com\/avatar\/b381626173a0b440e86662336f5d92704de1b8100a4cb5a34d6466804eb5c336?s=96&d=mm&r=g\",\"contentUrl\":\"https:\/\/secure.gravatar.com\/avatar\/b381626173a0b440e86662336f5d92704de1b8100a4cb5a34d6466804eb5c336?s=96&d=mm&r=g\",\"caption\":\"Estev\u00e3o Leite Cordeiro de Souza\"},\"url\":\"https:\/\/unifsa.com.br\/site\/author\/estevaocordeiro\/\"}]}<\/script>\n<!-- \/ Yoast SEO plugin. -->","yoast_head_json":{"title":"Gest\u00e3o por Compet\u00eancias e Desempenho s\u00e3o temas no MBA - Gest\u00e3o Estrat\u00e9gica de Pessoas e Lideran\u00e7a - Centro Universit\u00e1rio Santo Agostinho - UNIFSA","robots":{"index":"index","follow":"follow","max-snippet":"max-snippet:-1","max-image-preview":"max-image-preview:large","max-video-preview":"max-video-preview:-1"},"canonical":"https:\/\/unifsa.com.br\/site\/gestao-por-competencias-e-desempenho-sao-temas-no-mba-gestao-estrategica-de-pessoas-e-lideranca\/","og_locale":"pt_BR","og_type":"article","og_title":"Gest\u00e3o por Compet\u00eancias e Desempenho s\u00e3o temas no MBA - Gest\u00e3o Estrat\u00e9gica de Pessoas e Lideran\u00e7a - Centro Universit\u00e1rio Santo Agostinho - UNIFSA","og_description":"O Centro Universit\u00e1rio Santo Agostinho oferece, atrav\u00e9s do curso de P\u00f3s-Gradua\u00e7\u00e3o, MBA \u2013 Gest\u00e3o Estrat\u00e9gica de Pessoas e Lideran\u00e7a, a disciplina&nbsp;\u201cGest\u00e3o por Compet\u00eancias e Gest\u00e3o do Desempenho\u201d, ministrado pela Profa. Ma. Elizete Alves de Oliveira. As aulas acontecem nos dias 11, 12 e 13 de mar\u00e7o e, logo em seguida, nos dias 25, 26 e","og_url":"https:\/\/unifsa.com.br\/site\/gestao-por-competencias-e-desempenho-sao-temas-no-mba-gestao-estrategica-de-pessoas-e-lideranca\/","og_site_name":"Centro Universit\u00e1rio Santo Agostinho - UNIFSA","article_publisher":"https:\/\/www.facebook.com\/unifsa\/","article_published_time":"2022-02-21T19:40:52+00:00","article_modified_time":"2022-02-21T19:40:54+00:00","author":"Estev\u00e3o Leite Cordeiro de Souza","twitter_card":"summary_large_image","twitter_misc":{"Escrito por":"Estev\u00e3o Leite Cordeiro de Souza","Est. tempo de leitura":"1 minuto"},"schema":{"@context":"https:\/\/schema.org","@graph":[{"@type":"Article","@id":"https:\/\/unifsa.com.br\/site\/gestao-por-competencias-e-desempenho-sao-temas-no-mba-gestao-estrategica-de-pessoas-e-lideranca\/#article","isPartOf":{"@id":"https:\/\/unifsa.com.br\/site\/gestao-por-competencias-e-desempenho-sao-temas-no-mba-gestao-estrategica-de-pessoas-e-lideranca\/"},"author":{"name":"Estev\u00e3o Leite Cordeiro de Souza","@id":"https:\/\/unifsa.com.br\/site\/#\/schema\/person\/459d6944d25bd72102b031eb886c7cbf"},"headline":"Gest\u00e3o por Compet\u00eancias e Desempenho s\u00e3o temas no MBA &#8211; Gest\u00e3o Estrat\u00e9gica de Pessoas e Lideran\u00e7a","datePublished":"2022-02-21T19:40:52+00:00","dateModified":"2022-02-21T19:40:54+00:00","mainEntityOfPage":{"@id":"https:\/\/unifsa.com.br\/site\/gestao-por-competencias-e-desempenho-sao-temas-no-mba-gestao-estrategica-de-pessoas-e-lideranca\/"},"wordCount":215,"publisher":{"@id":"https:\/\/unifsa.com.br\/site\/#organization"},"keywords":["Gest\u00e3o de Pessoas e Lideran\u00e7a","Gest\u00e3o por Compet\u00eancias","MBA","P\u00f3s-gradua\u00e7\u00e3o","UNIFSA"],"articleSection":["Acontece na UNIFSA","P\u00f3s-Gradua\u00e7\u00e3o UNIFSA"],"inLanguage":"pt-BR"},{"@type":"WebPage","@id":"https:\/\/unifsa.com.br\/site\/gestao-por-competencias-e-desempenho-sao-temas-no-mba-gestao-estrategica-de-pessoas-e-lideranca\/","url":"https:\/\/unifsa.com.br\/site\/gestao-por-competencias-e-desempenho-sao-temas-no-mba-gestao-estrategica-de-pessoas-e-lideranca\/","name":"Gest\u00e3o por Compet\u00eancias e Desempenho s\u00e3o temas no MBA - Gest\u00e3o Estrat\u00e9gica de Pessoas e Lideran\u00e7a - Centro Universit\u00e1rio Santo Agostinho - UNIFSA","isPartOf":{"@id":"https:\/\/unifsa.com.br\/site\/#website"},"datePublished":"2022-02-21T19:40:52+00:00","dateModified":"2022-02-21T19:40:54+00:00","breadcrumb":{"@id":"https:\/\/unifsa.com.br\/site\/gestao-por-competencias-e-desempenho-sao-temas-no-mba-gestao-estrategica-de-pessoas-e-lideranca\/#breadcrumb"},"inLanguage":"pt-BR","potentialAction":[{"@type":"ReadAction","target":["https:\/\/unifsa.com.br\/site\/gestao-por-competencias-e-desempenho-sao-temas-no-mba-gestao-estrategica-de-pessoas-e-lideranca\/"]}]},{"@type":"BreadcrumbList","@id":"https:\/\/unifsa.com.br\/site\/gestao-por-competencias-e-desempenho-sao-temas-no-mba-gestao-estrategica-de-pessoas-e-lideranca\/#breadcrumb","itemListElement":[{"@type":"ListItem","position":1,"name":"In\u00edcio","item":"https:\/\/unifsa.com.br\/site\/"},{"@type":"ListItem","position":2,"name":"Gest\u00e3o por Compet\u00eancias e Desempenho s\u00e3o temas no MBA &#8211; Gest\u00e3o Estrat\u00e9gica de Pessoas e Lideran\u00e7a"}]},{"@type":"WebSite","@id":"https:\/\/unifsa.com.br\/site\/#website","url":"https:\/\/unifsa.com.br\/site\/","name":"Centro Universit\u00e1rio Santo Agostinho - UNIFSA","description":"Conhecimento para toda a vida","publisher":{"@id":"https:\/\/unifsa.com.br\/site\/#organization"},"potentialAction":[{"@type":"SearchAction","target":{"@type":"EntryPoint","urlTemplate":"https:\/\/unifsa.com.br\/site\/?s={search_term_string}"},"query-input":{"@type":"PropertyValueSpecification","valueRequired":true,"valueName":"search_term_string"}}],"inLanguage":"pt-BR"},{"@type":"Organization","@id":"https:\/\/unifsa.com.br\/site\/#organization","name":"Centro Universit\u00e1rio Santo Agostinho - UNIFSA","url":"https:\/\/unifsa.com.br\/site\/","logo":{"@type":"ImageObject","inLanguage":"pt-BR","@id":"https:\/\/unifsa.com.br\/site\/#\/schema\/logo\/image\/","url":"https:\/\/unifsa.com.br\/site\/wp-content\/uploads\/2023\/03\/MARCA-UNIFSA-CIC23-q2apjs1mt975cf1wl25b044coj90fwoiee1kya6800.png","contentUrl":"https:\/\/unifsa.com.br\/site\/wp-content\/uploads\/2023\/03\/MARCA-UNIFSA-CIC23-q2apjs1mt975cf1wl25b044coj90fwoiee1kya6800.png","width":103,"height":100,"caption":"Centro Universit\u00e1rio Santo Agostinho - UNIFSA"},"image":{"@id":"https:\/\/unifsa.com.br\/site\/#\/schema\/logo\/image\/"},"sameAs":["https:\/\/www.facebook.com\/unifsa\/","https:\/\/www.instagram.com\/unifsa\/"]},{"@type":"Person","@id":"https:\/\/unifsa.com.br\/site\/#\/schema\/person\/459d6944d25bd72102b031eb886c7cbf","name":"Estev\u00e3o Leite Cordeiro de Souza","image":{"@type":"ImageObject","inLanguage":"pt-BR","@id":"https:\/\/unifsa.com.br\/site\/#\/schema\/person\/image\/","url":"https:\/\/secure.gravatar.com\/avatar\/b381626173a0b440e86662336f5d92704de1b8100a4cb5a34d6466804eb5c336?s=96&d=mm&r=g","contentUrl":"https:\/\/secure.gravatar.com\/avatar\/b381626173a0b440e86662336f5d92704de1b8100a4cb5a34d6466804eb5c336?s=96&d=mm&r=g","caption":"Estev\u00e3o Leite Cordeiro de Souza"},"url":"https:\/\/unifsa.com.br\/site\/author\/estevaocordeiro\/"}]}},"_links":{"self":[{"href":"https:\/\/unifsa.com.br\/site\/wp-json\/wp\/v2\/posts\/11903","targetHints":{"allow":["GET"]}}],"collection":[{"href":"https:\/\/unifsa.com.br\/site\/wp-json\/wp\/v2\/posts"}],"about":[{"href":"https:\/\/unifsa.com.br\/site\/wp-json\/wp\/v2\/types\/post"}],"author":[{"embeddable":true,"href":"https:\/\/unifsa.com.br\/site\/wp-json\/wp\/v2\/users\/12"}],"replies":[{"embeddable":true,"href":"https:\/\/unifsa.com.br\/site\/wp-json\/wp\/v2\/comments?post=11903"}],"version-history":[{"count":1,"href":"https:\/\/unifsa.com.br\/site\/wp-json\/wp\/v2\/posts\/11903\/revisions"}],"predecessor-version":[{"id":11929,"href":"https:\/\/unifsa.com.br\/site\/wp-json\/wp\/v2\/posts\/11903\/revisions\/11929"}],"wp:attachment":[{"href":"https:\/\/unifsa.com.br\/site\/wp-json\/wp\/v2\/media?parent=11903"}],"wp:term":[{"taxonomy":"category","embeddable":true,"href":"https:\/\/unifsa.com.br\/site\/wp-json\/wp\/v2\/categories?post=11903"},{"taxonomy":"post_tag","embeddable":true,"href":"https:\/\/unifsa.com.br\/site\/wp-json\/wp\/v2\/tags?post=11903"}],"curies":[{"name":"wp","href":"https:\/\/api.w.org\/{rel}","templated":true}]}}